{"id":389,"date":"2023-04-14T07:38:19","date_gmt":"2023-04-14T05:38:19","guid":{"rendered":"https:\/\/www.seragentegenerali.es\/?p=389"},"modified":"2023-04-24T10:10:07","modified_gmt":"2023-04-24T08:10:07","slug":"como-mejorar-conciliacion-laboral-y-personal","status":"publish","type":"post","link":"https:\/\/www.generali.es\/ser-agente\/como-mejorar-conciliacion-laboral-y-personal\/","title":{"rendered":"C\u00f3mo mejorar la conciliaci\u00f3n laboral y personal"},"content":{"rendered":"<div class=\"entradilla\">El teletrabajo es cada vez m\u00e1s com\u00fan, sobre todo desde que estall\u00f3 la pandemia de coronavirus en el a\u00f1o 2020. Como resultado de esta experiencia, muchas empresas se adaptaron a la situaci\u00f3n ofreciendo a sus empleados la posibilidad de trabajar en remoto.<\/div>\n<p>A primera vista, el teletrabajo ofrece la oportunidad de <strong>compaginar<\/strong> de manera m\u00e1s efectiva la <strong>vida familiar y laboral.<\/strong> Sin embargo, la realidad es m\u00e1s compleja y, conciliar mientras se trabaja en casa, se ha convertido en un aut\u00e9ntico desaf\u00edo para muchas personas. Por eso, en este art\u00edculo vamos a ense\u00f1arte a establecer prioridades, a hacer una gesti\u00f3n eficaz del tiempo y a decir &#8220;no&#8221; de manera efectiva para que <strong>conciliar trabajo y familia<\/strong> se convierta en una realidad dentro de tu rutina.<\/p>\n<h2>\u00bfPor qu\u00e9 es importante la conciliaci\u00f3n laboral y personal?<\/h2>\n<p><strong>La conciliaci\u00f3n familiar y laboral<\/strong> es la manera de conseguir una vida saludable. Nadie quiere estar ausente en su familia ni dejar de cumplir con sus obligaciones profesionales o incluso verse obligado a renunciar a su puesto de trabajo porque tener un hijo o cualquier otro aspecto personal, se convierta en una misi\u00f3n imposible en momentos puntuales.<\/p>\n<h3>Consecuencias de no lograr una buena conciliaci\u00f3n<\/h3>\n<p>No alcanzar la <strong>conciliaci\u00f3n familiar y laboral<\/strong> puede tener graves consecuencias tanto para el bienestar personal como profesional y dar lugar a:<\/p>\n<ul>\n<li><strong>Estr\u00e9s y ansiedad.<\/strong> Tratar de equilibrar las demandas del trabajo y las responsabilidades familiares, especialmente si no hay suficiente tiempo para hacer ambas cosas, puede jugarnos una mala pasada y disparar nuestros picos de ansiedad.<\/li>\n<li><strong>Fatiga y agotamiento.<\/strong> La falta de sue\u00f1o y de tiempo para practicar actividades de ocio pueden contribuir a que la fatiga y el agotamiento aparezcan.<\/li>\n<li><strong>Problemas de salud f\u00edsica y mental.<\/strong> No lograr un equilibrio adecuado entre ambas facetas de nuestra vida tendr\u00e1 un impacto negativo en la salud f\u00edsica y mental.<\/li>\n<li><strong>Problemas familiares.<\/strong> La falta de tiempo y atenci\u00f3n pueden hacer que los miembros de la familia se sientan ignorados y descuidados. Adem\u00e1s, el agotamiento y el estr\u00e9s provocan cambios de humor.<\/li>\n<\/ul>\n\n        <div class=\"banner--blog\">\n            <a href=\"https:\/\/www.generali.es\/ser-agente\/#formulario\"><img decoding=\"async\" class=\"banner__blog-desktop\" src=\" https:\/\/www.generali.es\/ser-agente\/wp-content\/uploads\/2023\/03\/quieres-trabajar-como-agente-generali-desktop.jpg \" alt=\"Ser Agente Generali\" \/><\/a>\n            <a href=\"https:\/\/www.generali.es\/ser-agente\/#formulario\"><img decoding=\"async\" class=\"banner__blog-mobile\" src=\" https:\/\/www.generali.es\/ser-agente\/wp-content\/uploads\/2023\/03\/quieres-trabajar-como-agente-generali-mobile-1.gif \" alt=\"Ser Agente Generali\" \/><\/a>\n        <\/div>\n    \n<h2>Consejos para mejorar la conciliaci\u00f3n laboral y personal<\/h2>\n<p>Debe existir un equilibrio real entre el trabajo y la familia, pero \u00bfc\u00f3mo lograrlo? En los siguientes puntos veremos, c\u00f3mo aprender a priorizar y encontrar el equilibrio en tu vida son pilares para alcanzar la armon\u00eda entre trabajo y familia.<\/p>\n<h3>Aprende a administrar tu tiempo de manera efectiva<\/h3>\n<p>Si quieres alcanzar la <strong>conciliaci\u00f3n familiar y laboral<\/strong> debes aprender a administrar tu tiempo de manera efectiva. Y puedes hacerlo con diferentes t\u00e9cnicas de <strong>gesti\u00f3n del tiempo,<\/strong> como:<\/p>\n<ul>\n<li><strong>Priorizar las tareas.<\/strong> Has de tener claro qu\u00e9 tareas son urgentes y cu\u00e1les no. De esta manera te resultar\u00e1 m\u00e1s f\u00e1cil priorizar y prestar menos atenci\u00f3n a las labores secundarias.<\/li>\n<li><strong>Utilizar herramientas de gesti\u00f3n del tiempo,<\/strong> como calendarios y aplicaciones de seguimiento del tiempo, que pueden ayudarte a planificar y organizarte de manera efectiva.<\/li>\n<li><strong>Aprender a delegar<\/strong> tanto en el trabajo como en la vida familiar. As\u00ed reducir\u00e1s la carga de trabajo y liberar\u00e1s tiempo para ocuparte de otras responsabilidades<\/li>\n<li><strong>Descansar de forma regular.<\/strong> Tomar descansos regulares puede ayudarte a reducir el estr\u00e9s y aumentar la productividad. Prueba a hacer pausas breves entre tareas, como ejercicio, meditar o simplemente tomarte unos minutos de descanso.<\/li>\n<\/ul>\n<h3>Consejos para decir &#8220;no&#8221; de manera efectiva<\/h3>\n<p>A muchas personas les cuesta decir \u201cno\u201d por considerarlo algo malo. Sin embargo, es una manera de marcar l\u00edmites y priorizar tus necesidades y responsabilidades. De ah\u00ed que a<strong>prender a decir &#8220;no&#8221; sea crucial para lograr una buena conciliaci\u00f3n familiar y laboral.<\/strong> Para lograrlo te animamos a:<\/p>\n<ul>\n<li><strong>Ser claro y directo al decir &#8220;no\u201d y hacerlo de manera respetuosa y cort\u00e9s.<\/strong> Por ejemplo, &#8220;Gracias por pensar en m\u00ed, pero en este momento no puedo aceptar tu solicitud&#8221;.<\/li>\n<li><strong>Ser asertivo.<\/strong> Ser asertivo significa defender tus necesidades y derechos sin ser agresivo ni pasivo. Al hacerlo, mant\u00e9n siempre tus l\u00edmites y no cedas a la presi\u00f3n o al chantaje emocional.<\/li>\n<li><strong>Ofrecer alternativas si no puedes hacer lo que te est\u00e1n pidiendo.<\/strong> Por ejemplo, si tienes que asistir a una reuni\u00f3n en un momento en el que tienes un compromiso personal, sugiere una nueva fecha y hora.<\/li>\n<\/ul>\n<h3>T\u00e9cnicas para manejar el estr\u00e9s en el d\u00eda a d\u00eda<\/h3>\n<p>Es probable que en ocasiones el estr\u00e9s por compatibilizar ambas facetas de tu vida haga acto de presencia. En estos casos lo mejor es aplicar <strong>t\u00e9cnicas para manejar el estr\u00e9s,<\/strong> como, por ejemplo:<\/p>\n<ul>\n<li><strong>Organiza tu tiempo.<\/strong> Establece un horario para el trabajo y otro para la vida personal y aseg\u00farate de que ambos est\u00e9n separados y equilibrados.<\/li>\n<li><strong>Haz ejercicio regularmente,<\/strong> ya sea caminar, correr, o cualquier otra actividad que te guste. No solo mejorar\u00e1s tu salud y forma f\u00edsica, sino que, adem\u00e1s, mantendr\u00e1s a raya el estr\u00e9s.<\/li>\n<li><strong>Duerme lo suficiente.<\/strong><\/li>\n<li><strong>No abandones tus hobbies.<\/strong> Dedica tiempo a hacer lo que te gusta y te haga sentir bien, como leer un libro, escuchar m\u00fasica, o estar en contacto con la naturaleza.<\/li>\n<li><strong>Desah\u00f3gate.<\/strong> Habla con tus amigos o familiares sobre tus preocupaciones. A veces, simplemente hablar con alguien puede ayudarte a sentirte mejor.<\/li>\n<\/ul>\n<p>Recuerda que alcanzar el equilibrio en la vida es un proceso continuo y puede requerir cambios constantes en tus h\u00e1bitos y prioridades. T\u00f3mate el tiempo que necesites para reflexionar sobre lo que es importante para ti.<\/p>\n<p>Desde <strong>GENERALI damos mucho valor a que las personas puedan lograr esta conciliaci\u00f3n<\/strong> y cada d\u00eda, adaptamos nuestros puestos de trabajo a un enfoque donde se obtenga esta relaci\u00f3n de conciliaci\u00f3n laboral y personal. Te invitamos a que <a title=\"Testimonios Agentes GENERALI\" href=\"https:\/\/www.generali.es\/ser-agente\/#ser-agente\">escuches los testimonios de algunas de las personas que forman parte de nuestro equipo.<\/a><\/p>\n\n        <div class=\"banner--blog\">\n            <a href=\"https:\/\/www.generali.es\/ser-agente\/#formulario\"><img decoding=\"async\" class=\"banner__blog-desktop\" src=\" https:\/\/www.generali.es\/ser-agente\/wp-content\/uploads\/2023\/02\/agente-seguros-generali-trabajo.gif \" alt=\"Ser Agente Generali\" \/><\/a>\n            <a href=\"https:\/\/www.generali.es\/ser-agente\/#formulario\"><img decoding=\"async\" class=\"banner__blog-mobile\" src=\" https:\/\/www.generali.es\/ser-agente\/wp-content\/uploads\/2023\/03\/quieres-trabajar-como-agente-generali-mobile.gif \" alt=\"Ser Agente Generali\" \/><\/a>\n        <\/div>\n    \n","protected":false},"excerpt":{"rendered":"<p>El teletrabajo es cada vez m\u00e1s com\u00fan, sobre todo desde que estall\u00f3 la pandemia de coronavirus. Pero, \u00bfqu\u00e9 m\u00e1s necesitamos para lograr la conciliaci\u00f3n familiar y laboral?<\/p>\n","protected":false},"author":2,"featured_media":392,"comment_status":"open","ping_status":"open","sticky":false,"template":"","format":"standard","meta":{"_acf_changed":false,"inline_featured_image":false,"footnotes":""},"categories":[14],"tags":[],"class_list":["post-389","post","type-post","status-publish","format-standard","has-post-thumbnail","hentry","category-conciliacion-vida-laboral-y-familiar"],"acf":[],"yoast_head":"<!-- This site is optimized with the Yoast SEO plugin v25.9 - https:\/\/yoast.com\/wordpress\/plugins\/seo\/ -->\n<title>Mejora la conciliaci\u00f3n entre la vida familiar y laboral<\/title>\n<meta name=\"description\" content=\"Descubre consejos para lograr un equilibrio entre tu vida laboral y personal. Aprende a establecer prioridades y a decir &quot;no&quot; de manera efectiva.\" \/>\n<meta name=\"robots\" content=\"index, follow, max-snippet:-1, max-image-preview:large, max-video-preview:-1\" \/>\n<link rel=\"canonical\" href=\"https:\/\/www.generali.es\/ser-agente\/como-mejorar-conciliacion-laboral-y-personal\/\" \/>\n<meta property=\"og:locale\" content=\"es_ES\" \/>\n<meta property=\"og:type\" content=\"article\" \/>\n<meta property=\"og:title\" content=\"Mejora la conciliaci\u00f3n entre la vida familiar y laboral\" \/>\n<meta property=\"og:description\" content=\"Descubre consejos para lograr un equilibrio entre tu vida laboral y personal. Aprende a establecer prioridades y a decir &quot;no&quot; de manera efectiva.\" \/>\n<meta property=\"og:url\" content=\"https:\/\/www.generali.es\/ser-agente\/como-mejorar-conciliacion-laboral-y-personal\/\" \/>\n<meta property=\"og:site_name\" content=\"Generali\" \/>\n<meta property=\"article:published_time\" content=\"2023-04-14T05:38:19+00:00\" \/>\n<meta property=\"article:modified_time\" content=\"2023-04-24T08:10:07+00:00\" \/>\n<meta property=\"og:image\" content=\"https:\/\/www.generali.es\/ser-agente\/wp-content\/uploads\/2023\/04\/como-mejorar-conciliacion-laboral-y-personal.jpg\" \/>\n\t<meta property=\"og:image:width\" content=\"1920\" \/>\n\t<meta property=\"og:image:height\" content=\"1080\" \/>\n\t<meta property=\"og:image:type\" content=\"image\/jpeg\" \/>\n<meta name=\"author\" content=\"GENERALI\" \/>\n<meta name=\"twitter:card\" content=\"summary_large_image\" \/>\n<meta name=\"twitter:creator\" content=\"@GENERALI_es\" \/>\n<meta name=\"twitter:site\" content=\"@GENERALI_es\" \/>\n<meta name=\"twitter:label1\" content=\"Escrito por\" \/>\n\t<meta name=\"twitter:data1\" content=\"GENERALI\" \/>\n\t<meta name=\"twitter:label2\" content=\"Tiempo de lectura\" \/>\n\t<meta name=\"twitter:data2\" content=\"5 minutos\" \/>\n<script type=\"application\/ld+json\" class=\"yoast-schema-graph\">{\"@context\":\"https:\/\/schema.org\",\"@graph\":[{\"@type\":\"WebPage\",\"@id\":\"https:\/\/www.generali.es\/ser-agente\/como-mejorar-conciliacion-laboral-y-personal\/\",\"url\":\"https:\/\/www.generali.es\/ser-agente\/como-mejorar-conciliacion-laboral-y-personal\/\",\"name\":\"Mejora la conciliaci\u00f3n entre la vida familiar y laboral\",\"isPartOf\":{\"@id\":\"https:\/\/www.generali.es\/ser-agente\/#website\"},\"primaryImageOfPage\":{\"@id\":\"https:\/\/www.generali.es\/ser-agente\/como-mejorar-conciliacion-laboral-y-personal\/#primaryimage\"},\"image\":{\"@id\":\"https:\/\/www.generali.es\/ser-agente\/como-mejorar-conciliacion-laboral-y-personal\/#primaryimage\"},\"thumbnailUrl\":\"https:\/\/www.generali.es\/ser-agente\/wp-content\/uploads\/2023\/04\/como-mejorar-conciliacion-laboral-y-personal.jpg\",\"datePublished\":\"2023-04-14T05:38:19+00:00\",\"dateModified\":\"2023-04-24T08:10:07+00:00\",\"author\":{\"@id\":\"https:\/\/www.generali.es\/ser-agente\/#\/schema\/person\/01f52f405a23dd14380db523229d576c\"},\"description\":\"Descubre consejos para lograr un equilibrio entre tu vida laboral y personal. Aprende a establecer prioridades y a decir \\\"no\\\" de manera efectiva.\",\"breadcrumb\":{\"@id\":\"https:\/\/www.generali.es\/ser-agente\/como-mejorar-conciliacion-laboral-y-personal\/#breadcrumb\"},\"inLanguage\":\"es\",\"potentialAction\":[{\"@type\":\"ReadAction\",\"target\":[\"https:\/\/www.generali.es\/ser-agente\/como-mejorar-conciliacion-laboral-y-personal\/\"]}]},{\"@type\":\"ImageObject\",\"inLanguage\":\"es\",\"@id\":\"https:\/\/www.generali.es\/ser-agente\/como-mejorar-conciliacion-laboral-y-personal\/#primaryimage\",\"url\":\"https:\/\/www.generali.es\/ser-agente\/wp-content\/uploads\/2023\/04\/como-mejorar-conciliacion-laboral-y-personal.jpg\",\"contentUrl\":\"https:\/\/www.generali.es\/ser-agente\/wp-content\/uploads\/2023\/04\/como-mejorar-conciliacion-laboral-y-personal.jpg\",\"width\":1920,\"height\":1080,\"caption\":\"C\u00f3mo mejorar la conciliaci\u00f3n laboral y personal\"},{\"@type\":\"BreadcrumbList\",\"@id\":\"https:\/\/www.generali.es\/ser-agente\/como-mejorar-conciliacion-laboral-y-personal\/#breadcrumb\",\"itemListElement\":[{\"@type\":\"ListItem\",\"position\":1,\"name\":\"Portada\",\"item\":\"https:\/\/www.generali.es\/ser-agente\/\"},{\"@type\":\"ListItem\",\"position\":2,\"name\":\"C\u00f3mo mejorar la conciliaci\u00f3n laboral y personal\"}]},{\"@type\":\"WebSite\",\"@id\":\"https:\/\/www.generali.es\/ser-agente\/#website\",\"url\":\"https:\/\/www.generali.es\/ser-agente\/\",\"name\":\"Agentes de seguros GENERALI\",\"description\":\"Generali Agentes de Seguros\",\"potentialAction\":[],\"inLanguage\":\"es\"},{\"@type\":\"Person\",\"@id\":\"https:\/\/www.generali.es\/ser-agente\/#\/schema\/person\/01f52f405a23dd14380db523229d576c\",\"name\":\"GENERALI\",\"image\":{\"@type\":\"ImageObject\",\"inLanguage\":\"es\",\"@id\":\"https:\/\/www.generali.es\/ser-agente\/#\/schema\/person\/image\/\",\"url\":\"https:\/\/secure.gravatar.com\/avatar\/6e756a64d7696eaea638ddc4198544b39bff9887c10992237ef01b792a276476?s=96&d=mm&r=g\",\"contentUrl\":\"https:\/\/secure.gravatar.com\/avatar\/6e756a64d7696eaea638ddc4198544b39bff9887c10992237ef01b792a276476?s=96&d=mm&r=g\",\"caption\":\"GENERALI\"}}]}<\/script>\n<!-- \/ Yoast SEO plugin. -->","yoast_head_json":{"title":"Mejora la conciliaci\u00f3n entre la vida familiar y laboral","description":"Descubre consejos para lograr un equilibrio entre tu vida laboral y personal. Aprende a establecer prioridades y a decir \"no\" de manera efectiva.","robots":{"index":"index","follow":"follow","max-snippet":"max-snippet:-1","max-image-preview":"max-image-preview:large","max-video-preview":"max-video-preview:-1"},"canonical":"https:\/\/www.generali.es\/ser-agente\/como-mejorar-conciliacion-laboral-y-personal\/","og_locale":"es_ES","og_type":"article","og_title":"Mejora la conciliaci\u00f3n entre la vida familiar y laboral","og_description":"Descubre consejos para lograr un equilibrio entre tu vida laboral y personal. Aprende a establecer prioridades y a decir \"no\" de manera efectiva.","og_url":"https:\/\/www.generali.es\/ser-agente\/como-mejorar-conciliacion-laboral-y-personal\/","og_site_name":"Generali","article_published_time":"2023-04-14T05:38:19+00:00","article_modified_time":"2023-04-24T08:10:07+00:00","og_image":[{"width":1920,"height":1080,"url":"https:\/\/www.generali.es\/ser-agente\/wp-content\/uploads\/2023\/04\/como-mejorar-conciliacion-laboral-y-personal.jpg","type":"image\/jpeg"}],"author":"GENERALI","twitter_card":"summary_large_image","twitter_creator":"@GENERALI_es","twitter_site":"@GENERALI_es","twitter_misc":{"Escrito por":"GENERALI","Tiempo de lectura":"5 minutos"},"schema":{"@context":"https:\/\/schema.org","@graph":[{"@type":"WebPage","@id":"https:\/\/www.generali.es\/ser-agente\/como-mejorar-conciliacion-laboral-y-personal\/","url":"https:\/\/www.generali.es\/ser-agente\/como-mejorar-conciliacion-laboral-y-personal\/","name":"Mejora la conciliaci\u00f3n entre la vida familiar y laboral","isPartOf":{"@id":"https:\/\/www.generali.es\/ser-agente\/#website"},"primaryImageOfPage":{"@id":"https:\/\/www.generali.es\/ser-agente\/como-mejorar-conciliacion-laboral-y-personal\/#primaryimage"},"image":{"@id":"https:\/\/www.generali.es\/ser-agente\/como-mejorar-conciliacion-laboral-y-personal\/#primaryimage"},"thumbnailUrl":"https:\/\/www.generali.es\/ser-agente\/wp-content\/uploads\/2023\/04\/como-mejorar-conciliacion-laboral-y-personal.jpg","datePublished":"2023-04-14T05:38:19+00:00","dateModified":"2023-04-24T08:10:07+00:00","author":{"@id":"https:\/\/www.generali.es\/ser-agente\/#\/schema\/person\/01f52f405a23dd14380db523229d576c"},"description":"Descubre consejos para lograr un equilibrio entre tu vida laboral y personal. Aprende a establecer prioridades y a decir \"no\" de manera efectiva.","breadcrumb":{"@id":"https:\/\/www.generali.es\/ser-agente\/como-mejorar-conciliacion-laboral-y-personal\/#breadcrumb"},"inLanguage":"es","potentialAction":[{"@type":"ReadAction","target":["https:\/\/www.generali.es\/ser-agente\/como-mejorar-conciliacion-laboral-y-personal\/"]}]},{"@type":"ImageObject","inLanguage":"es","@id":"https:\/\/www.generali.es\/ser-agente\/como-mejorar-conciliacion-laboral-y-personal\/#primaryimage","url":"https:\/\/www.generali.es\/ser-agente\/wp-content\/uploads\/2023\/04\/como-mejorar-conciliacion-laboral-y-personal.jpg","contentUrl":"https:\/\/www.generali.es\/ser-agente\/wp-content\/uploads\/2023\/04\/como-mejorar-conciliacion-laboral-y-personal.jpg","width":1920,"height":1080,"caption":"C\u00f3mo mejorar la conciliaci\u00f3n laboral y personal"},{"@type":"BreadcrumbList","@id":"https:\/\/www.generali.es\/ser-agente\/como-mejorar-conciliacion-laboral-y-personal\/#breadcrumb","itemListElement":[{"@type":"ListItem","position":1,"name":"Portada","item":"https:\/\/www.generali.es\/ser-agente\/"},{"@type":"ListItem","position":2,"name":"C\u00f3mo mejorar la conciliaci\u00f3n laboral y personal"}]},{"@type":"WebSite","@id":"https:\/\/www.generali.es\/ser-agente\/#website","url":"https:\/\/www.generali.es\/ser-agente\/","name":"Agentes de seguros GENERALI","description":"Generali Agentes de Seguros","potentialAction":[],"inLanguage":"es"},{"@type":"Person","@id":"https:\/\/www.generali.es\/ser-agente\/#\/schema\/person\/01f52f405a23dd14380db523229d576c","name":"GENERALI","image":{"@type":"ImageObject","inLanguage":"es","@id":"https:\/\/www.generali.es\/ser-agente\/#\/schema\/person\/image\/","url":"https:\/\/secure.gravatar.com\/avatar\/6e756a64d7696eaea638ddc4198544b39bff9887c10992237ef01b792a276476?s=96&d=mm&r=g","contentUrl":"https:\/\/secure.gravatar.com\/avatar\/6e756a64d7696eaea638ddc4198544b39bff9887c10992237ef01b792a276476?s=96&d=mm&r=g","caption":"GENERALI"}}]}},"_links":{"self":[{"href":"https:\/\/www.generali.es\/ser-agente\/wp-json\/wp\/v2\/posts\/389","targetHints":{"allow":["GET"]}}],"collection":[{"href":"https:\/\/www.generali.es\/ser-agente\/wp-json\/wp\/v2\/posts"}],"about":[{"href":"https:\/\/www.generali.es\/ser-agente\/wp-json\/wp\/v2\/types\/post"}],"author":[{"embeddable":true,"href":"https:\/\/www.generali.es\/ser-agente\/wp-json\/wp\/v2\/users\/2"}],"replies":[{"embeddable":true,"href":"https:\/\/www.generali.es\/ser-agente\/wp-json\/wp\/v2\/comments?post=389"}],"version-history":[{"count":3,"href":"https:\/\/www.generali.es\/ser-agente\/wp-json\/wp\/v2\/posts\/389\/revisions"}],"predecessor-version":[{"id":393,"href":"https:\/\/www.generali.es\/ser-agente\/wp-json\/wp\/v2\/posts\/389\/revisions\/393"}],"wp:featuredmedia":[{"embeddable":true,"href":"https:\/\/www.generali.es\/ser-agente\/wp-json\/wp\/v2\/media\/392"}],"wp:attachment":[{"href":"https:\/\/www.generali.es\/ser-agente\/wp-json\/wp\/v2\/media?parent=389"}],"wp:term":[{"taxonomy":"category","embeddable":true,"href":"https:\/\/www.generali.es\/ser-agente\/wp-json\/wp\/v2\/categories?post=389"},{"taxonomy":"post_tag","embeddable":true,"href":"https:\/\/www.generali.es\/ser-agente\/wp-json\/wp\/v2\/tags?post=389"}],"curies":[{"name":"wp","href":"https:\/\/api.w.org\/{rel}","templated":true}]}}