{"id":2965,"date":"2025-07-18T10:32:08","date_gmt":"2025-07-18T08:32:08","guid":{"rendered":"https:\/\/www.generali.es\/ser-agente\/?p=2965"},"modified":"2025-08-05T13:14:12","modified_gmt":"2025-08-05T11:14:12","slug":"ayudas-autonomos-vender-verano","status":"publish","type":"post","link":"https:\/\/www.generali.es\/ser-agente\/ayudas-autonomos-vender-verano\/","title":{"rendered":"\u00bfEres aut\u00f3nomo y quieres vender m\u00e1s este verano? Estas ayudas pueden marcar la diferencia"},"content":{"rendered":"<p><span style=\"font-weight: 400;\"><div class=\"entradilla\">Conseguir aumentar tus <\/span>ventas<span style=\"font-weight: 400;\"> en verano es posible. Aunque est\u00e9s deseando irte de vacaciones, a\u00fan tienes tiempo para prepararte. As\u00ed, sacar\u00e1s partido hasta de la poca actividad del periodo estival. Pero \u00bfc\u00f3mo puedes conseguirlo? Lo descubrir\u00e1s a continuaci\u00f3n.<\/div><\/span><\/p>\n<h2><span style=\"font-weight: 400;\">\u00daltima llamada: aprovecha el verano para preparar tu crecimiento\u00a0<\/span><\/h2>\n<p><span style=\"font-weight: 400;\">El verano ya est\u00e1 aqu\u00ed, lo que quiere decir que las vacaciones se acercan. De hecho, tan solo te queda <\/span><b>afrontar la \u00faltima mitad del a\u00f1o<\/b><span style=\"font-weight: 400;\">. As\u00ed que, toca enfrentarse a un <\/span><i><span style=\"font-weight: 400;\">sprint<\/span><\/i><span style=\"font-weight: 400;\"> final, algo que no puedes hacer de cualquier manera.<\/span><\/p>\n<h3><span style=\"font-weight: 400;\">Qu\u00e9 oportunidades puedes activar antes de irte de vacaciones\u00a0<\/span><\/h3>\n<p><span style=\"font-weight: 400;\">La tecnolog\u00eda te ofrece multitud de oportunidades. Por ejemplo, puedes <\/span><b>programar la publicaci\u00f3n de contenido<\/b><span style=\"font-weight: 400;\">, ya sea en redes sociales o a trav\u00e9s de una <\/span><i><span style=\"font-weight: 400;\">newsletter<\/span><\/i><span style=\"font-weight: 400;\">. Prueba con consejos, recomendaciones o casos de \u00e9xito sobre tu sector. Una vez listos, se ir\u00e1n desplegando, aunque est\u00e9s en la playa.<\/span><\/p>\n<p><span style=\"font-weight: 400;\">Tambi\u00e9n puedes <\/span><b>automatizar respuestas y ciertos procesos clave<\/b><span style=\"font-weight: 400;\">. Desde definir flujos de mensaje para nuevos clientes o resolver dudas frecuentes, no tienes por qu\u00e9 estar presente.<\/span><\/p>\n<h3><span style=\"font-weight: 400;\">Bloquea tus notificaciones fiscales y pon tu negocio al d\u00eda\u00a0<\/span><\/h3>\n<p><span style=\"font-weight: 400;\">Antes de irte, es fundamental que cierres todas tus responsabilidades fiscales para que no te molesten. Adem\u00e1s, ten en cuenta que la Agencia Tributaria permite elegir hasta <\/span><b>30 d\u00edas naturales en los que no enviar\u00e1 notificaciones<\/b><span style=\"font-weight: 400;\">. \u00bfCu\u00e1ndo escogerlos? Nada mejor que las semanas que pases descansando.<\/span><\/p>\n<p><span style=\"font-weight: 400;\">Por descontado, pon al d\u00eda tu negocio, <\/span><b>sobre todo en cuanto a su contabilidad<\/b><span style=\"font-weight: 400;\">. Al realizar estas tareas ahora, te las quitas de encima para la vuelta de las vacaciones. No sufrir\u00e1s depresi\u00f3n algo al volver.<\/span><\/p>\n<h2><span style=\"font-weight: 400;\">Ayudas activas para aut\u00f3nomos que quieren vender m\u00e1s\u00a0<\/span><\/h2>\n<p><span style=\"font-weight: 400;\">Otro aspecto que no debes perder de vista son las ayudas estatales destinadas a aut\u00f3nomos. Su finalidad es la de apoyar a este grupo de trabajadores, que est\u00e1n <\/span><b>sujetos a ciertas particularidades y dificultades<\/b><span style=\"font-weight: 400;\">. Gracias a ellas, podr\u00e1s mejorar tu negocio de forma sencilla.<\/span><\/p>\n<h3><span style=\"font-weight: 400;\">Qu\u00e9 est\u00e1n ofreciendo las comunidades aut\u00f3nomas\u00a0<\/span><\/h3>\n<p><span style=\"font-weight: 400;\">Las diferentes comunidades aut\u00f3nomas apoyan al colectivo de varias maneras. El objetivo que persiguen es <\/span><b>potenciar los negocios de los profesionales<\/b><span style=\"font-weight: 400;\"> en su territorio. De este modo, podr\u00e1n crecer y generar puestos de trabajo, algo que beneficia a toda la sociedad.<\/span><\/p>\n<h3><span style=\"font-weight: 400;\">Apoyo para exportar, digitalizar o abrir nuevos canales\u00a0<\/span><\/h3>\n<p><span style=\"font-weight: 400;\">Entre las diferentes opciones disponibles, destaca el caso de Cantabria. La comunidad cuenta con un servicio <\/span><b>destinado a aquellos aut\u00f3nomos que quieren exportar fuera de Espa\u00f1a<\/b><span style=\"font-weight: 400;\">. Se trata de un acompa\u00f1amiento que te dotar\u00e1 del asesoramiento y conocimiento necesario para dar tus primeros pasos.<\/span><\/p>\n<p><span style=\"font-weight: 400;\">Otras comunidades apuestan por la <\/span><b>digitalizaci\u00f3n de los negocios<\/b><span style=\"font-weight: 400;\">, como es el caso de Extremadura. Esta cuenta con programas para la contrataci\u00f3n y modernizaci\u00f3n, que incluyen ayudas de 1.000 euros para digitalizaci\u00f3n.<\/span><\/p>\n<h3><span style=\"font-weight: 400;\">C\u00f3mo solicitar estas ayudas sin complicarte la vida\u00a0<\/span><\/h3>\n<p><span style=\"font-weight: 400;\">A la hora de solicitar las ayudas, acude siempre al portal en l\u00ednea que se haya habilitado. Por ejemplo, en el caso de Cantabria, la <\/span><b>Sociedad para el Desarrollo de Cantabria<\/b><span style=\"font-weight: 400;\"> (SODERCAN) es la encargada de ofrecer los programas de acompa\u00f1amiento. Si vas a su p\u00e1gina web, encontrar\u00e1s el formulario y apoyo para cumplimentarlo.<\/span><\/p>\n<p><span style=\"font-weight: 400;\">\n        <div class=\"banner--blog\">\n            <a href=\"https:\/\/www.generali.es\/ser-agente\/transforma-tus-presentaciones-con-nuestras-infografias-de-elevator-pitch\/\"><img decoding=\"async\" class=\"banner__blog-desktop\" src=\" https:\/\/www.generali.es\/ser-agente\/wp-content\/uploads\/2024\/11\/800x100_B1.jpg \" alt=\"Ser Agente Generali\" \/><\/a>\n            <img decoding=\"async\" class=\"banner__blog-mobile\" src=\" https:\/\/www.generali.es\/ser-agente\/wp-content\/uploads\/2024\/11\/800x100_B1.jpg \" alt=\"Ser Agente Generali\" \/>\n        <\/div>\n    <\/span><\/p>\n<h2><span style=\"font-weight: 400;\">Estrategias de venta que funcionan en verano (aunque est\u00e9s fuera)\u00a0<\/span><\/h2>\n<p><span style=\"font-weight: 400;\">Existen varias estrategias que aplicar incluso cuando no est\u00e1s en casa. <\/span><b>Gracias a la digitalizaci\u00f3n<\/b><span style=\"font-weight: 400;\"> de tu negocio, conseguir\u00e1s gestionarlo pese a no estar presente. Eso s\u00ed, tendr\u00e1s que trabajar duro las \u00faltimas semanas antes de las vacaciones para que todo est\u00e9 listo.<\/span><\/p>\n<h3><span style=\"font-weight: 400;\">Automatiza el contacto con tus clientes con herramientas simples\u00a0<\/span><\/h3>\n<p><span style=\"font-weight: 400;\">Herramientas sencillas como <\/span><b>Mailchimp o MailerLite<\/b><span style=\"font-weight: 400;\"> te permiten programar mensajes. Tambi\u00e9n son \u00fatiles para realizar consultas frecuentes o enviar recordatorios. Por descontado, son sencillas de utilizar y puedes implementarlas en poco tiempo.<\/span><\/p>\n<p><span style=\"font-weight: 400;\">Y si necesitas expandir tus conocimientos, ten presente este contenido que tenemos para ti: <\/span><strong><a href=\"https:\/\/www.generali.es\/ser-agente\/formacion-autonomos\/\">&#8220;Formaci\u00f3n para aut\u00f3nomos: cursos imprescindibles para potenciar tu negocio&#8221;<\/a>.<\/strong><\/p>\n<h3><span style=\"font-weight: 400;\">Prepara campa\u00f1as de <\/span><i><span style=\"font-weight: 400;\">email<\/span><\/i><span style=\"font-weight: 400;\"> o redes y progr\u00e1malas ya\u00a0<\/span><\/h3>\n<p><span style=\"font-weight: 400;\">Si dejas programadas las campa\u00f1as, sobre todo las importantes, podr\u00e1n <\/span><b>ejecutarse sin que tengas que gestionarlas directamente<\/b><span style=\"font-weight: 400;\">. Basta con que hagas una supervisi\u00f3n de vez en cuando.\u00a0<\/span><\/p>\n<h3><span style=\"font-weight: 400;\">Dale visibilidad a tus productos con contenido \u00fatil\u00a0<\/span><\/h3>\n<p><span style=\"font-weight: 400;\">No olvides lo efectiva que es la creaci\u00f3n de contenido para dar visibilidad a tus productos. Pero procura que el que ofrezcas sea valioso, <\/span><b>persiga las palabras clave adecuadas<\/b><span style=\"font-weight: 400;\"> y est\u00e9 trabajado con detalle.<\/span><\/p>\n<h2><span style=\"font-weight: 400;\">C\u00f3mo mantener tu negocio activo sin estar 24\/7 conectado\u00a0<\/span><\/h2>\n<p><span style=\"font-weight: 400;\">M\u00e1s all\u00e1 de lo que acabas de leer, a\u00fan existe un amplio margen para que tu negocio est\u00e9 activo en vacaciones. Una vez m\u00e1s, las <\/span><b>herramientas digitales<\/b><span style=\"font-weight: 400;\"> son las que te ayudar\u00e1n a mantenerte presente.<\/span><\/p>\n<h3><span style=\"font-weight: 400;\">Usa WhatsApp Business para seguir vendiendo sin interrumpir tus vacaciones\u00a0<\/span><\/h3>\n<p><span style=\"font-weight: 400;\">Te ayuda a <\/span><b>mantener el contacto con tus clientes all\u00ed donde est\u00e9s<\/b><span style=\"font-weight: 400;\">. De hecho, hasta tiene opciones para automatizar mensajes, como los de bienvenida o respuestas comunes. Asimismo, en casos urgentes, podr\u00e1s atender cualquier consulta con pocos obst\u00e1culos en poco tiempo.<\/span><\/p>\n<p><span style=\"font-weight: 400;\">Otro punto a su favor es que te permite <\/span><b>dejar un cat\u00e1logo de productos o servicios<\/b><span style=\"font-weight: 400;\"> preparado y accesible. Los clientes solo tienen que revisarlo y seleccionar aquello que necesiten sin tu intervenci\u00f3n.<\/span><\/p>\n<h3><span style=\"font-weight: 400;\">Cierra tareas pendientes ahora y d\u00e9jalo todo listo\u00a0<\/span><\/h3>\n<p><span style=\"font-weight: 400;\">Para disfrutar de un buen descanso, no puedes irte con tareas pendientes. Haz una <\/span><b>lista con las gestiones cr\u00edticas<\/b><span style=\"font-weight: 400;\">, como la facturaci\u00f3n o renovaciones de pagos, y vete solucion\u00e1ndolas una a una. Cuando termines, revisa que no queda ninguna colgando. As\u00ed, podr\u00e1s despreocuparte y recuperar las energ\u00edas, que septiembre est\u00e1 a la vuelta de la esquina.<\/span><\/p>\n<p><span style=\"font-weight: 400;\">En definitiva, cuidar de tu negocio y mantenerlo en marcha en el verano es posible. Solo necesitas planificar lo que debes dejar terminado, apoyarte en la tecnolog\u00eda y actuar de manera diligente.<\/span><\/p>\n<p><span style=\"font-weight: 400;\">\u00a0Y si est\u00e1s pensando en cambiar de sector, en GENERALI estamos buscando agentes de seguros. \u00a1No dudes en enviarnos tu curr\u00edculum!<\/span><\/p>\n<p><span style=\"font-weight: 400;\">\n        <div class=\"banner--blog\">\n            <a href=\"https:\/\/www.generali.es\/ser-agente\/crea-tu-propio-pitch-deck\/\"><img decoding=\"async\" class=\"banner__blog-desktop\" src=\" https:\/\/www.generali.es\/ser-agente\/wp-content\/uploads\/2024\/11\/1918x898_2_REUNION.jpg \" alt=\"Ser Agente Generali\" \/><\/a>\n            <a href=\"https:\/\/www.generali.es\/ser-agente\/crea-tu-propio-pitch-deck\/\"><img decoding=\"async\" class=\"banner__blog-mobile\" src=\" https:\/\/www.seragentegenerali.es\/wp-content\/uploads\/2023\/10\/descargar_plantilla_pitch_deck_385_315.jpg \" alt=\"Ser Agente Generali\" \/><\/a>\n        <\/div>\n    <\/span><\/p>\n","protected":false},"excerpt":{"rendered":"<p>\u00daltima llamada: aprovecha el verano para preparar tu crecimiento\u00a0 El &#8230;<\/p>\n","protected":false},"author":14,"featured_media":2966,"comment_status":"open","ping_status":"open","sticky":false,"template":"","format":"standard","meta":{"_acf_changed":false,"inline_featured_image":false,"footnotes":""},"categories":[6],"tags":[],"class_list":["post-2965","post","type-post","status-publish","format-standard","has-post-thumbnail","hentry","category-ventas"],"acf":[],"yoast_head":"<!-- This site is optimized with the Yoast SEO plugin v25.9 - https:\/\/yoast.com\/wordpress\/plugins\/seo\/ -->\n<title>\u00bfEres aut\u00f3nomo? Aprovecha estas ayudas para vender m\u00e1s<\/title>\n<meta name=\"description\" content=\"Nuevos servicios y apoyos para aut\u00f3nomos que quieren impulsar sus ventas. El verano es clave: act\u00faa antes de irte\" \/>\n<meta name=\"robots\" content=\"index, follow, max-snippet:-1, max-image-preview:large, max-video-preview:-1\" \/>\n<link rel=\"canonical\" href=\"https:\/\/www.generali.es\/ser-agente\/ayudas-autonomos-vender-verano\/\" \/>\n<meta property=\"og:locale\" content=\"es_ES\" \/>\n<meta property=\"og:type\" content=\"article\" \/>\n<meta property=\"og:title\" content=\"\u00bfEres aut\u00f3nomo? Aprovecha estas ayudas para vender m\u00e1s\" \/>\n<meta property=\"og:description\" content=\"Nuevos servicios y apoyos para aut\u00f3nomos que quieren impulsar sus ventas. El verano es clave: act\u00faa antes de irte\" \/>\n<meta property=\"og:url\" content=\"https:\/\/www.generali.es\/ser-agente\/ayudas-autonomos-vender-verano\/\" \/>\n<meta property=\"og:site_name\" content=\"Generali\" \/>\n<meta property=\"article:published_time\" content=\"2025-07-18T08:32:08+00:00\" \/>\n<meta property=\"article:modified_time\" content=\"2025-08-05T11:14:12+00:00\" \/>\n<meta property=\"og:image\" content=\"https:\/\/www.generali.es\/ser-agente\/wp-content\/uploads\/2025\/07\/autonomo-ventas-digitales.jpg\" \/>\n\t<meta property=\"og:image:width\" content=\"1271\" \/>\n\t<meta property=\"og:image:height\" content=\"715\" \/>\n\t<meta property=\"og:image:type\" content=\"image\/jpeg\" \/>\n<meta name=\"author\" content=\"Eva Barjau\" \/>\n<meta name=\"twitter:card\" content=\"summary_large_image\" \/>\n<meta name=\"twitter:creator\" content=\"@GENERALI_es\" \/>\n<meta name=\"twitter:site\" content=\"@GENERALI_es\" \/>\n<meta name=\"twitter:label1\" content=\"Escrito por\" \/>\n\t<meta name=\"twitter:data1\" content=\"Eva Barjau\" \/>\n\t<meta name=\"twitter:label2\" content=\"Tiempo de lectura\" \/>\n\t<meta name=\"twitter:data2\" content=\"5 minutos\" \/>\n<script type=\"application\/ld+json\" class=\"yoast-schema-graph\">{\"@context\":\"https:\/\/schema.org\",\"@graph\":[{\"@type\":\"WebPage\",\"@id\":\"https:\/\/www.generali.es\/ser-agente\/ayudas-autonomos-vender-verano\/\",\"url\":\"https:\/\/www.generali.es\/ser-agente\/ayudas-autonomos-vender-verano\/\",\"name\":\"\u00bfEres aut\u00f3nomo? Aprovecha estas ayudas para vender m\u00e1s\",\"isPartOf\":{\"@id\":\"https:\/\/www.generali.es\/ser-agente\/#website\"},\"primaryImageOfPage\":{\"@id\":\"https:\/\/www.generali.es\/ser-agente\/ayudas-autonomos-vender-verano\/#primaryimage\"},\"image\":{\"@id\":\"https:\/\/www.generali.es\/ser-agente\/ayudas-autonomos-vender-verano\/#primaryimage\"},\"thumbnailUrl\":\"https:\/\/www.generali.es\/ser-agente\/wp-content\/uploads\/2025\/07\/autonomo-ventas-digitales.jpg\",\"datePublished\":\"2025-07-18T08:32:08+00:00\",\"dateModified\":\"2025-08-05T11:14:12+00:00\",\"author\":{\"@id\":\"https:\/\/www.generali.es\/ser-agente\/#\/schema\/person\/1772b90467e3b5d6986c70603ad34940\"},\"description\":\"Nuevos servicios y apoyos para aut\u00f3nomos que quieren impulsar sus ventas. El verano es clave: act\u00faa antes de irte\",\"breadcrumb\":{\"@id\":\"https:\/\/www.generali.es\/ser-agente\/ayudas-autonomos-vender-verano\/#breadcrumb\"},\"inLanguage\":\"es\",\"potentialAction\":[{\"@type\":\"ReadAction\",\"target\":[\"https:\/\/www.generali.es\/ser-agente\/ayudas-autonomos-vender-verano\/\"]}]},{\"@type\":\"ImageObject\",\"inLanguage\":\"es\",\"@id\":\"https:\/\/www.generali.es\/ser-agente\/ayudas-autonomos-vender-verano\/#primaryimage\",\"url\":\"https:\/\/www.generali.es\/ser-agente\/wp-content\/uploads\/2025\/07\/autonomo-ventas-digitales.jpg\",\"contentUrl\":\"https:\/\/www.generali.es\/ser-agente\/wp-content\/uploads\/2025\/07\/autonomo-ventas-digitales.jpg\",\"width\":1271,\"height\":715,\"caption\":\"Aut\u00f3nomo gestionando sus ventas digitales antes de irse de vacaciones\"},{\"@type\":\"BreadcrumbList\",\"@id\":\"https:\/\/www.generali.es\/ser-agente\/ayudas-autonomos-vender-verano\/#breadcrumb\",\"itemListElement\":[{\"@type\":\"ListItem\",\"position\":1,\"name\":\"Portada\",\"item\":\"https:\/\/www.generali.es\/ser-agente\/\"},{\"@type\":\"ListItem\",\"position\":2,\"name\":\"\u00bfEres aut\u00f3nomo y quieres vender m\u00e1s este verano? Estas ayudas pueden marcar la diferencia\"}]},{\"@type\":\"WebSite\",\"@id\":\"https:\/\/www.generali.es\/ser-agente\/#website\",\"url\":\"https:\/\/www.generali.es\/ser-agente\/\",\"name\":\"Agentes de seguros GENERALI\",\"description\":\"Generali Agentes de Seguros\",\"potentialAction\":[],\"inLanguage\":\"es\"},{\"@type\":\"Person\",\"@id\":\"https:\/\/www.generali.es\/ser-agente\/#\/schema\/person\/1772b90467e3b5d6986c70603ad34940\",\"name\":\"Eva Barjau\",\"image\":{\"@type\":\"ImageObject\",\"inLanguage\":\"es\",\"@id\":\"https:\/\/www.generali.es\/ser-agente\/#\/schema\/person\/image\/\",\"url\":\"https:\/\/secure.gravatar.com\/avatar\/947c3d70574feb6e3ca72590d118669908a5fc35864981900e5bc0046534fb2e?s=96&d=mm&r=g\",\"contentUrl\":\"https:\/\/secure.gravatar.com\/avatar\/947c3d70574feb6e3ca72590d118669908a5fc35864981900e5bc0046534fb2e?s=96&d=mm&r=g\",\"caption\":\"Eva Barjau\"}}]}<\/script>\n<!-- \/ Yoast SEO plugin. -->","yoast_head_json":{"title":"\u00bfEres aut\u00f3nomo? Aprovecha estas ayudas para vender m\u00e1s","description":"Nuevos servicios y apoyos para aut\u00f3nomos que quieren impulsar sus ventas. El verano es clave: act\u00faa antes de irte","robots":{"index":"index","follow":"follow","max-snippet":"max-snippet:-1","max-image-preview":"max-image-preview:large","max-video-preview":"max-video-preview:-1"},"canonical":"https:\/\/www.generali.es\/ser-agente\/ayudas-autonomos-vender-verano\/","og_locale":"es_ES","og_type":"article","og_title":"\u00bfEres aut\u00f3nomo? Aprovecha estas ayudas para vender m\u00e1s","og_description":"Nuevos servicios y apoyos para aut\u00f3nomos que quieren impulsar sus ventas. El verano es clave: act\u00faa antes de irte","og_url":"https:\/\/www.generali.es\/ser-agente\/ayudas-autonomos-vender-verano\/","og_site_name":"Generali","article_published_time":"2025-07-18T08:32:08+00:00","article_modified_time":"2025-08-05T11:14:12+00:00","og_image":[{"width":1271,"height":715,"url":"https:\/\/www.generali.es\/ser-agente\/wp-content\/uploads\/2025\/07\/autonomo-ventas-digitales.jpg","type":"image\/jpeg"}],"author":"Eva Barjau","twitter_card":"summary_large_image","twitter_creator":"@GENERALI_es","twitter_site":"@GENERALI_es","twitter_misc":{"Escrito por":"Eva Barjau","Tiempo de lectura":"5 minutos"},"schema":{"@context":"https:\/\/schema.org","@graph":[{"@type":"WebPage","@id":"https:\/\/www.generali.es\/ser-agente\/ayudas-autonomos-vender-verano\/","url":"https:\/\/www.generali.es\/ser-agente\/ayudas-autonomos-vender-verano\/","name":"\u00bfEres aut\u00f3nomo? Aprovecha estas ayudas para vender m\u00e1s","isPartOf":{"@id":"https:\/\/www.generali.es\/ser-agente\/#website"},"primaryImageOfPage":{"@id":"https:\/\/www.generali.es\/ser-agente\/ayudas-autonomos-vender-verano\/#primaryimage"},"image":{"@id":"https:\/\/www.generali.es\/ser-agente\/ayudas-autonomos-vender-verano\/#primaryimage"},"thumbnailUrl":"https:\/\/www.generali.es\/ser-agente\/wp-content\/uploads\/2025\/07\/autonomo-ventas-digitales.jpg","datePublished":"2025-07-18T08:32:08+00:00","dateModified":"2025-08-05T11:14:12+00:00","author":{"@id":"https:\/\/www.generali.es\/ser-agente\/#\/schema\/person\/1772b90467e3b5d6986c70603ad34940"},"description":"Nuevos servicios y apoyos para aut\u00f3nomos que quieren impulsar sus ventas. El verano es clave: act\u00faa antes de irte","breadcrumb":{"@id":"https:\/\/www.generali.es\/ser-agente\/ayudas-autonomos-vender-verano\/#breadcrumb"},"inLanguage":"es","potentialAction":[{"@type":"ReadAction","target":["https:\/\/www.generali.es\/ser-agente\/ayudas-autonomos-vender-verano\/"]}]},{"@type":"ImageObject","inLanguage":"es","@id":"https:\/\/www.generali.es\/ser-agente\/ayudas-autonomos-vender-verano\/#primaryimage","url":"https:\/\/www.generali.es\/ser-agente\/wp-content\/uploads\/2025\/07\/autonomo-ventas-digitales.jpg","contentUrl":"https:\/\/www.generali.es\/ser-agente\/wp-content\/uploads\/2025\/07\/autonomo-ventas-digitales.jpg","width":1271,"height":715,"caption":"Aut\u00f3nomo gestionando sus ventas digitales antes de irse de vacaciones"},{"@type":"BreadcrumbList","@id":"https:\/\/www.generali.es\/ser-agente\/ayudas-autonomos-vender-verano\/#breadcrumb","itemListElement":[{"@type":"ListItem","position":1,"name":"Portada","item":"https:\/\/www.generali.es\/ser-agente\/"},{"@type":"ListItem","position":2,"name":"\u00bfEres aut\u00f3nomo y quieres vender m\u00e1s este verano? Estas ayudas pueden marcar la diferencia"}]},{"@type":"WebSite","@id":"https:\/\/www.generali.es\/ser-agente\/#website","url":"https:\/\/www.generali.es\/ser-agente\/","name":"Agentes de seguros GENERALI","description":"Generali Agentes de Seguros","potentialAction":[],"inLanguage":"es"},{"@type":"Person","@id":"https:\/\/www.generali.es\/ser-agente\/#\/schema\/person\/1772b90467e3b5d6986c70603ad34940","name":"Eva Barjau","image":{"@type":"ImageObject","inLanguage":"es","@id":"https:\/\/www.generali.es\/ser-agente\/#\/schema\/person\/image\/","url":"https:\/\/secure.gravatar.com\/avatar\/947c3d70574feb6e3ca72590d118669908a5fc35864981900e5bc0046534fb2e?s=96&d=mm&r=g","contentUrl":"https:\/\/secure.gravatar.com\/avatar\/947c3d70574feb6e3ca72590d118669908a5fc35864981900e5bc0046534fb2e?s=96&d=mm&r=g","caption":"Eva Barjau"}}]}},"_links":{"self":[{"href":"https:\/\/www.generali.es\/ser-agente\/wp-json\/wp\/v2\/posts\/2965","targetHints":{"allow":["GET"]}}],"collection":[{"href":"https:\/\/www.generali.es\/ser-agente\/wp-json\/wp\/v2\/posts"}],"about":[{"href":"https:\/\/www.generali.es\/ser-agente\/wp-json\/wp\/v2\/types\/post"}],"author":[{"embeddable":true,"href":"https:\/\/www.generali.es\/ser-agente\/wp-json\/wp\/v2\/users\/14"}],"replies":[{"embeddable":true,"href":"https:\/\/www.generali.es\/ser-agente\/wp-json\/wp\/v2\/comments?post=2965"}],"version-history":[{"count":1,"href":"https:\/\/www.generali.es\/ser-agente\/wp-json\/wp\/v2\/posts\/2965\/revisions"}],"predecessor-version":[{"id":2967,"href":"https:\/\/www.generali.es\/ser-agente\/wp-json\/wp\/v2\/posts\/2965\/revisions\/2967"}],"wp:featuredmedia":[{"embeddable":true,"href":"https:\/\/www.generali.es\/ser-agente\/wp-json\/wp\/v2\/media\/2966"}],"wp:attachment":[{"href":"https:\/\/www.generali.es\/ser-agente\/wp-json\/wp\/v2\/media?parent=2965"}],"wp:term":[{"taxonomy":"category","embeddable":true,"href":"https:\/\/www.generali.es\/ser-agente\/wp-json\/wp\/v2\/categories?post=2965"},{"taxonomy":"post_tag","embeddable":true,"href":"https:\/\/www.generali.es\/ser-agente\/wp-json\/wp\/v2\/tags?post=2965"}],"curies":[{"name":"wp","href":"https:\/\/api.w.org\/{rel}","templated":true}]}}