{"id":2275,"date":"2024-08-20T14:56:28","date_gmt":"2024-08-20T12:56:28","guid":{"rendered":"https:\/\/www.generali.es\/ser-agente\/?p=2275"},"modified":"2024-09-03T10:21:10","modified_gmt":"2024-09-03T08:21:10","slug":"como-crear-elevator-pitch","status":"publish","type":"post","link":"https:\/\/www.generali.es\/ser-agente\/como-crear-elevator-pitch\/","title":{"rendered":"C\u00f3mo crear un elevator pitch para destacar tu marca personal"},"content":{"rendered":"<p><span style=\"font-weight: 400;\"><div class=\"entradilla\">\u00bfHas pensado alguna vez en la importancia que tiene saber presentarse de forma convincente y concisa dentro del entorno laboral? Por medio de un <\/span>elevator pitch<span style=\"font-weight: 400;\"> marcar\u00e1s la diferencia y ofrecer\u00e1s una imagen profesional.<\/div> <\/span><\/p>\n<p><span style=\"font-weight: 400;\">Este art\u00edculo es una gu\u00eda completa para que sepas <\/span><b>crear un elevator pitch<\/b><span style=\"font-weight: 400;\"> efectivo, una herramienta indispensable para que tu <\/span><b>marca personal<\/b><span style=\"font-weight: 400;\"> destaque. Te explicaremos <\/span><b>qu\u00e9 es,<\/b><span style=\"font-weight: 400;\"> cu\u00e1l es su <\/span><b>prop\u00f3sito<\/b><span style=\"font-weight: 400;\"> y las <\/span><b>claves<\/b><span style=\"font-weight: 400;\"> para hacer que tu presentaci\u00f3n sea cre\u00edble y apasionada. Adem\u00e1s, te ofreceremos <\/span><b>estrategias para desarrollar tu pitch<\/b><span style=\"font-weight: 400;\"> y c\u00f3mo incorporar habilidades como la <\/span><b>inteligencia emocional<\/b><span style=\"font-weight: 400;\"> y la <\/span><b>comunicaci\u00f3n asertiva<\/b><span style=\"font-weight: 400;\">. \u00a1El futuro laboral est\u00e1 en tus manos!<\/span><\/p>\n<h2><span style=\"font-weight: 400;\">La importancia del elevator pitch en la comunicaci\u00f3n profesional<\/span><\/h2>\n<p><span style=\"font-weight: 400;\">No nos enga\u00f1emos: la primera impresi\u00f3n es tu carta de presentaci\u00f3n. Por eso un buen <\/span><b>elevator pitch<\/b><span style=\"font-weight: 400;\"> te puede ayudar a abrir puertas laborales. Se trata de una herramienta esencial dentro del mundo de la comunicaci\u00f3n con la que <\/span><b>transmitir con claridad qui\u00e9n eres, qu\u00e9 haces y por qu\u00e9 han de tenerte en cuenta.<\/b><span style=\"font-weight: 400;\">\u00a0<\/span><\/p>\n<h2><span style=\"font-weight: 400;\">\u00bfQu\u00e9 es un elevator pitch?<\/span><\/h2>\n<p><span style=\"font-weight: 400;\">El <\/span><b>elevator pitch es una presentaci\u00f3n breve<\/b><span style=\"font-weight: 400;\"> cuyo objetivo es <\/span><b>comunicar de manera concisa y directa los aspectos clave de tu negocio o perfil profesional<\/b><span style=\"font-weight: 400;\">. Seg\u00fan los expertos, su duraci\u00f3n debe oscilar entre los <\/span><b>30 segundos y los 2 minutos<\/b><span style=\"font-weight: 400;\">. Por medio de un buen elevator pitch ser\u00e1s capaz de captar la atenci\u00f3n y despertar el inter\u00e9s del oyente.\u00a0<\/span><\/p>\n<h3><span style=\"font-weight: 400;\">Situaciones en las que se utiliza<\/span><\/h3>\n<p><span style=\"font-weight: 400;\">Hay muchas situaciones en las que se puede utilizar el elevator pitch, por ejemplo:<\/span><\/p>\n<ul>\n<li style=\"font-weight: 400;\" aria-level=\"1\"><span style=\"font-weight: 400;\">En eventos de <\/span><i><span style=\"font-weight: 400;\">networking<\/span><\/i><\/li>\n<li style=\"font-weight: 400;\" aria-level=\"1\"><span style=\"font-weight: 400;\">Al afrontar una entrevista de trabajo.<\/span><\/li>\n<li style=\"font-weight: 400;\" aria-level=\"1\"><span style=\"font-weight: 400;\">En reuniones con potenciales inversores.\u00a0<\/span><\/li>\n<li style=\"font-weight: 400;\" aria-level=\"1\"><span style=\"font-weight: 400;\">En la presentaci\u00f3n de nuestros productos o servicios\u2026<\/span><\/li>\n<\/ul>\n<h2><span style=\"font-weight: 400;\">Claves para un elevator pitch efectivo<\/span><\/h2>\n<p><span style=\"font-weight: 400;\">Si quieres sacar el m\u00e1ximo partido a un elevator pitch, estas son las claves:<\/span><\/p>\n<h3><span style=\"font-weight: 400;\">Credibilidad y pasi\u00f3n<\/span><\/h3>\n<p><b>S\u00e9 apasionad@, exp\u00f3n la informaci\u00f3n con seguridad y credibilidad<\/b><span style=\"font-weight: 400;\">. Piensa que captar la atenci\u00f3n del otro depende en gran medida de c\u00f3mo presentes tus experiencias y logros. Si lo haces con entusiasmo, demostrar\u00e1s que crees en ti y en tu proyecto y generar confianza en los dem\u00e1s.\u00a0<\/span><\/p>\n<h3><span style=\"font-weight: 400;\">Conocer tu mercado<\/span><\/h3>\n<p><span style=\"font-weight: 400;\">Una manera de no fallar es demostrar que tienes un <\/span><b>conocimiento profundo del mercado en el que trabajas<\/b><span style=\"font-weight: 400;\">. Conocer el p\u00fablico objetivo y adaptar tu pitch a sus necesidades e intereses, es una de las principales claves de esta herramienta. Cuanto m\u00e1s espec\u00edfico seas, m\u00e1s relevante ser\u00e1 tu mensaje<\/span><\/p>\n<h3><span style=\"font-weight: 400;\">Resaltar tu equipo<\/span><\/h3>\n<p><span style=\"font-weight: 400;\">Si trabajas con un <\/span><b>equipo<\/b><span style=\"font-weight: 400;\">, ellos deben formar parte de tu elevator pitch. Debes <\/span><b>destacar las habilidades y logros del conjunto<\/b><span style=\"font-weight: 400;\"> para que el interlocutor sienta que se encuentra ante un grupo s\u00f3lido que se complementa a la perfecci\u00f3n y funciona como una m\u00e1quina bien engrasada.\u00a0<\/span><\/p>\n<h3><span style=\"font-weight: 400;\">Proponer una soluci\u00f3n<\/span><\/h3>\n<p><span style=\"font-weight: 400;\">Una buena manera de captar la atenci\u00f3n es <\/span><b>ofrecer soluciones por medio de tu producto, servicios o habilidades.<\/b><span style=\"font-weight: 400;\"> Identifica el problema o carencia que tiene el interlocutor y demu\u00e9strale que tus servicios pueden ser la soluci\u00f3n.\u00a0<\/span><\/p>\n<h3><span style=\"font-weight: 400;\">Ventaja competitiva<\/span><\/h3>\n<p><b>No olvides diferenciarte de los dem\u00e1s<\/b><span style=\"font-weight: 400;\">. Recuerda ofrecer una <\/span><b>propuesta \u00fanica de valor<\/b><span style=\"font-weight: 400;\">, aquella que te hace especial y te otorga ventaja frente a la competencia. Pueden ser los a\u00f1os de dedicaci\u00f3n, tus conocimientos, tu equipo\u2026 Saca el m\u00e1ximo partido a todos tus activos.\u00a0<\/span><\/p>\n<h3><span style=\"font-weight: 400;\">Llamada a la acci\u00f3n (<\/span><i><span style=\"font-weight: 400;\">Call to action<\/span><\/i><span style=\"font-weight: 400;\">)<\/span><\/h3>\n<p><span style=\"font-weight: 400;\">Si quieres que tu pitch funcione, <\/span><b>final\u00edzalo con una llamada a la acci\u00f3n<\/b><span style=\"font-weight: 400;\">. Por ejemplo, invitando al cliente a una reuni\u00f3n o cerrando una posible entrevista de trabajo para conseguir un empleo.\u00a0<\/span><\/p>\n<p><span style=\"font-weight: 400;\">\n        <div class=\"banner--blog\">\n            <a href=\"https:\/\/www.generali.es\/ser-agente\/descargar-plantilla-editable-dafo-personal\/\"><img decoding=\"async\" class=\"banner__blog-desktop\" src=\" https:\/\/www.generali.es\/ser-agente\/wp-content\/uploads\/2023\/12\/descargar-plantilla-dafo-personal-desktop.jpg \" alt=\"Ser Agente Generali\" \/><\/a>\n            <a href=\"https:\/\/www.generali.es\/ser-agente\/descargar-plantilla-editable-dafo-personal\/\"><img decoding=\"async\" class=\"banner__blog-mobile\" src=\" https:\/\/www.generali.es\/ser-agente\/wp-content\/uploads\/2023\/12\/descargar-plantilla-dafo-personal-mobile.jpg \" alt=\"Ser Agente Generali\" \/><\/a>\n        <\/div>\n    <\/span><\/p>\n<h2><span style=\"font-weight: 400;\">Estrategias para desarrollar tu elevator pitch<\/span><\/h2>\n<h3><span style=\"font-weight: 400;\">Estructura b\u00e1sica<\/span><\/h3>\n<p><span style=\"font-weight: 400;\">Hacer un buen elevator pitch es como crear una historia, debe tener una estructura clara:\u00a0<\/span><\/p>\n<ul>\n<li style=\"font-weight: 400;\" aria-level=\"1\"><b>Inicio<\/b><span style=\"font-weight: 400;\">. Comienza por el principio. Explica con claridad qui\u00e9n eres y qu\u00e9 haces.\u00a0\u00a0<\/span><\/li>\n<li style=\"font-weight: 400;\" aria-level=\"1\"><b>Nudo\/desarrollo<\/b><span style=\"font-weight: 400;\">. Exp\u00f3n brevemente aquello que te hace \u00fanico, es decir, tus logros.\u00a0<\/span><\/li>\n<li style=\"font-weight: 400;\" aria-level=\"1\"><span style=\"font-weight: 400;\">Para <\/span><b>concluir<\/b><span style=\"font-weight: 400;\">, incluye una llamada a la acci\u00f3n.\u00a0<\/span><\/li>\n<\/ul>\n<h3><span style=\"font-weight: 400;\">Ejemplos de preguntas a responder<\/span><\/h3>\n<p><span style=\"font-weight: 400;\">Si no sabes c\u00f3mo estructurar correctamente tu elevator pitch, prueba a responder estas preguntas cuando lo desarrolles:<\/span><\/p>\n<ul>\n<li style=\"font-weight: 400;\" aria-level=\"1\"><span style=\"font-weight: 400;\">\u00bfQu\u00e9 has hecho?<\/span><\/li>\n<li style=\"font-weight: 400;\" aria-level=\"1\"><span style=\"font-weight: 400;\">\u00bfCu\u00e1les son tus fortalezas?\u00a0<\/span><\/li>\n<li style=\"font-weight: 400;\" aria-level=\"1\"><span style=\"font-weight: 400;\">\u00bfC\u00f3mo puedes contribuir?\u00a0<\/span><\/li>\n<\/ul>\n<p><span style=\"font-weight: 400;\">Destacar los logros y fortalezas te ayudar\u00e1 a aportar valor a quien te escucha.\u00a0<\/span><\/p>\n<h3><span style=\"font-weight: 400;\">Incorporar habilidades como la inteligencia emocional y la comunicaci\u00f3n asertiva<\/span><\/h3>\n<p><span style=\"font-weight: 400;\">\u00bfSabes que las <\/span><b>habilidades sociales<\/b><span style=\"font-weight: 400;\"> y la <\/span><b>inteligencia emocional<\/b><span style=\"font-weight: 400;\"> se han convertido en activos de gran valor en el entorno laboral? El psic\u00f3logo <\/span><a href=\"https:\/\/es.wikipedia.org\/wiki\/Daniel_Goleman\"><b>Daniel Goleman<\/b><\/a><span style=\"font-weight: 400;\">, famoso por haber acu\u00f1ado el t\u00e9rmino inteligencia emocional en su libro <\/span><i><span style=\"font-weight: 400;\">Emotional Intelligence<\/span><\/i><span style=\"font-weight: 400;\">, ha demostrado a lo largo de los a\u00f1os la importancia de saber aplicar la inteligencia emocional para lograr una comunicaci\u00f3n asertiva. Gracias a ella podr\u00e1s conectar mejor con tu audiencia y transmitir tu mensaje de forma m\u00e1s efectiva. Aprende a <a title=\"Descubre c\u00f3mo mejorar tus habilidades de comunicaci\u00f3n con estos consejos pr\u00e1cticos\" href=\"https:\/\/generali.es\/ser-agente\/mejora-tus-habilidades-de-comunicacion-con-estos-5-consejos\/\"><b><i>&#8220;Mejorar tus habilidades de comunicaci\u00f3n con estos 5 consejos&#8221;<\/i><\/b><\/a><span style=\"font-weight: 400;\">.<\/span><br \/>\n<\/span><\/p>\n<h2><span style=\"font-weight: 400;\">Consejos para practicar y perfeccionar tu elevator pitch<\/span><\/h2>\n<p><span style=\"font-weight: 400;\">Como en todos los campos, practicar es la clave para perfeccionar tu elevator pitch. Para practicar puedes:<\/span><\/p>\n<h3><span style=\"font-weight: 400;\">Ensayar con amigos o compa\u00f1eros<\/span><\/h3>\n<p><span style=\"font-weight: 400;\">Utiliza a tus <\/span><b>amigos o compa\u00f1eros para ensayar tu elevator pitch <\/b><span style=\"font-weight: 400;\">y obtener un punto de vista externo.<\/span><\/p>\n<h3><span style=\"font-weight: 400;\">Pedir <\/span><i><span style=\"font-weight: 400;\">feedback<\/span><\/i><span style=\"font-weight: 400;\"> y ajustarlo<\/span><\/h3>\n<p><span style=\"font-weight: 400;\">Por medio de sus <\/span><b>sugerencias y opiniones<\/b><span style=\"font-weight: 400;\"> podr\u00e1s refinar tu pitch para que sea m\u00e1s efectivo. La retroalimentaci\u00f3n constructiva es ideal para identificar las \u00e1reas de mejora. \u00a1No la pierdas de vista!<\/span><\/p>\n<h3><span style=\"font-weight: 400;\">Mantener la naturalidad y la autenticidad<\/span><\/h3>\n<p><span style=\"font-weight: 400;\">A pesar de ensayar una y mil veces, de pulirlo hasta que sea perfecto, <\/span><b>tu pitch debe sonar natural.<\/b><span style=\"font-weight: 400;\"> Nuestro consejo es que te centres en los puntos clave y no lo memorices palabra por palabra, as\u00ed no perder\u00e1s la autenticidad.\u00a0<\/span><\/p>\n<h2><span style=\"font-weight: 400;\">Recursos adicionales<\/span><\/h2>\n<p><span style=\"font-weight: 400;\">Puedes <\/span><b>seguir mejorando tu elevator pitch con recursos adicionales<\/b><span style=\"font-weight: 400;\">, como <\/span><b>cursos sobre oratoria o presentaciones<\/b><span style=\"font-weight: 400;\">, <\/span><b>talleres de <\/b><b><i>networking<\/i><\/b><span style=\"font-weight: 400;\">, leyendo <\/span><b>libros sobre comunicaci\u00f3n efectiva<\/b><span style=\"font-weight: 400;\"> o <\/span><b>buscando ejemplos de elevator pitch<\/b><span style=\"font-weight: 400;\"> que te inspiren en YouTube. Tambi\u00e9n puedes descargarte nuestra <\/span><a href=\"https:\/\/www.generali.es\/ser-agente\/crea-tu-propio-pitch-deck\/\"><b>plantilla completamente gratuita para crear tu propio pitch deck<\/b><\/a><span style=\"font-weight: 400;\">.\u00a0<\/span><\/p>\n<p><span style=\"font-weight: 400;\">Adem\u00e1s de ser una herramienta clave para la presentaci\u00f3n personal, el elevator pitch tambi\u00e9n es extremadamente \u00fatil en otras \u00e1reas profesionales. Por ejemplo, nuestros agentes de seguros de GENERALI pueden utilizar un elevator pitch bien estructurado para captar leads de manera efectiva. Al adaptar su pitch para destacar los beneficios y soluciones que ofrecen a sus clientes potenciales, pueden aumentar las posibilidades de conversi\u00f3n y fortalecer las relaciones comerciales. Esta t\u00e9cnica no solo te ayudar\u00e1 a vender tu marca personal, sino tambi\u00e9n a comunicar de forma clara y concisa c\u00f3mo tus servicios pueden satisfacer las necesidades de tus clientes.<\/span><\/p>\n<p><span style=\"font-weight: 400;\">Como ves, dedicar un tiempo a <\/span><b>elaborar un buen elevator pitch<\/b><span style=\"font-weight: 400;\"> es una t\u00e9cnica muy eficiente para destacar tu <\/span><b>marca personal<\/b><span style=\"font-weight: 400;\"> y avanzar profesionalmente. As\u00ed podr\u00e1s aprovechar cualquier oportunidad que se presente. Y, por supuesto, si quieres unirte al Equipo rojo de GENERALI, \u00a1no esperes m\u00e1s para enviarnos tu CV!\u00a0<\/span><\/p>\n<p><span style=\"font-weight: 400;\">\n        <div class=\"banner--blog\">\n            <a href=\"https:\/\/www.generali.es\/ser-agente\/ofertas-de-empleo\/\"><img decoding=\"async\" class=\"banner__blog-desktop\" src=\" https:\/\/www.generali.es\/ser-agente\/wp-content\/uploads\/2023\/12\/envia-cv-agente-seguros-generali-1919-898.gif \" alt=\"Ser Agente Generali\" \/><\/a>\n            <img decoding=\"async\" class=\"banner__blog-mobile\" src=\" https:\/\/www.generali.es\/ser-agente\/wp-content\/uploads\/2023\/12\/envia-cv-agente-seguros-generali-1919-898.gif \" alt=\"Ser Agente Generali\" \/>\n        <\/div>\n    <\/span><\/p>\n","protected":false},"excerpt":{"rendered":"<p>Descubre c\u00f3mo preparar un elevator pitch de 1 minuto para vender tu marca personal y destacar en cualquier situaci\u00f3n profesional.<\/p>\n","protected":false},"author":8,"featured_media":2278,"comment_status":"open","ping_status":"open","sticky":false,"template":"","format":"standard","meta":{"_acf_changed":false,"inline_featured_image":false,"footnotes":""},"categories":[54,6],"tags":[],"class_list":["post-2275","post","type-post","status-publish","format-standard","has-post-thumbnail","hentry","category-desarrollo-profesional","category-ventas"],"acf":[],"yoast_head":"<!-- This site is optimized with the Yoast SEO plugin v25.9 - https:\/\/yoast.com\/wordpress\/plugins\/seo\/ -->\n<title>Gu\u00eda para crear un elevator pitch efectivo<\/title>\n<meta name=\"description\" content=\"Descubre c\u00f3mo preparar un elevator pitch de 1 minuto para vender tu marca personal y destacar en cualquier situaci\u00f3n profesional.\" \/>\n<meta name=\"robots\" content=\"index, follow, max-snippet:-1, max-image-preview:large, max-video-preview:-1\" \/>\n<link rel=\"canonical\" href=\"https:\/\/www.generali.es\/ser-agente\/como-crear-elevator-pitch\/\" \/>\n<meta property=\"og:locale\" content=\"es_ES\" \/>\n<meta property=\"og:type\" content=\"article\" \/>\n<meta property=\"og:title\" content=\"Gu\u00eda para crear un elevator pitch efectivo\" \/>\n<meta property=\"og:description\" content=\"Descubre c\u00f3mo preparar un elevator pitch de 1 minuto para vender tu marca personal y destacar en cualquier situaci\u00f3n profesional.\" \/>\n<meta property=\"og:url\" content=\"https:\/\/www.generali.es\/ser-agente\/como-crear-elevator-pitch\/\" \/>\n<meta property=\"og:site_name\" content=\"Generali\" \/>\n<meta property=\"article:published_time\" content=\"2024-08-20T12:56:28+00:00\" \/>\n<meta property=\"article:modified_time\" content=\"2024-09-03T08:21:10+00:00\" \/>\n<meta property=\"og:image\" content=\"https:\/\/www.generali.es\/ser-agente\/wp-content\/uploads\/2024\/08\/Persona-presentando-elevator-pitch.jpg\" \/>\n\t<meta property=\"og:image:width\" content=\"1920\" \/>\n\t<meta property=\"og:image:height\" content=\"1080\" \/>\n\t<meta property=\"og:image:type\" content=\"image\/jpeg\" \/>\n<meta name=\"author\" content=\"GENERALI\" \/>\n<meta name=\"twitter:card\" content=\"summary_large_image\" \/>\n<meta name=\"twitter:creator\" content=\"@GENERALI_es\" \/>\n<meta name=\"twitter:site\" content=\"@GENERALI_es\" \/>\n<meta name=\"twitter:label1\" content=\"Escrito por\" \/>\n\t<meta name=\"twitter:data1\" content=\"GENERALI\" \/>\n\t<meta name=\"twitter:label2\" content=\"Tiempo de lectura\" \/>\n\t<meta name=\"twitter:data2\" content=\"6 minutos\" \/>\n<script type=\"application\/ld+json\" class=\"yoast-schema-graph\">{\"@context\":\"https:\/\/schema.org\",\"@graph\":[{\"@type\":\"WebPage\",\"@id\":\"https:\/\/www.generali.es\/ser-agente\/como-crear-elevator-pitch\/\",\"url\":\"https:\/\/www.generali.es\/ser-agente\/como-crear-elevator-pitch\/\",\"name\":\"Gu\u00eda para crear un elevator pitch efectivo\",\"isPartOf\":{\"@id\":\"https:\/\/www.generali.es\/ser-agente\/#website\"},\"primaryImageOfPage\":{\"@id\":\"https:\/\/www.generali.es\/ser-agente\/como-crear-elevator-pitch\/#primaryimage\"},\"image\":{\"@id\":\"https:\/\/www.generali.es\/ser-agente\/como-crear-elevator-pitch\/#primaryimage\"},\"thumbnailUrl\":\"https:\/\/www.generali.es\/ser-agente\/wp-content\/uploads\/2024\/08\/Persona-presentando-elevator-pitch.jpg\",\"datePublished\":\"2024-08-20T12:56:28+00:00\",\"dateModified\":\"2024-09-03T08:21:10+00:00\",\"author\":{\"@id\":\"https:\/\/www.generali.es\/ser-agente\/#\/schema\/person\/aee2ec29b1f1b71f4502dcee31959f04\"},\"description\":\"Descubre c\u00f3mo preparar un elevator pitch de 1 minuto para vender tu marca personal y destacar en cualquier situaci\u00f3n profesional.\",\"breadcrumb\":{\"@id\":\"https:\/\/www.generali.es\/ser-agente\/como-crear-elevator-pitch\/#breadcrumb\"},\"inLanguage\":\"es\",\"potentialAction\":[{\"@type\":\"ReadAction\",\"target\":[\"https:\/\/www.generali.es\/ser-agente\/como-crear-elevator-pitch\/\"]}]},{\"@type\":\"ImageObject\",\"inLanguage\":\"es\",\"@id\":\"https:\/\/www.generali.es\/ser-agente\/como-crear-elevator-pitch\/#primaryimage\",\"url\":\"https:\/\/www.generali.es\/ser-agente\/wp-content\/uploads\/2024\/08\/Persona-presentando-elevator-pitch.jpg\",\"contentUrl\":\"https:\/\/www.generali.es\/ser-agente\/wp-content\/uploads\/2024\/08\/Persona-presentando-elevator-pitch.jpg\",\"width\":1920,\"height\":1080,\"caption\":\"Persona presentando su elevator pitch.\"},{\"@type\":\"BreadcrumbList\",\"@id\":\"https:\/\/www.generali.es\/ser-agente\/como-crear-elevator-pitch\/#breadcrumb\",\"itemListElement\":[{\"@type\":\"ListItem\",\"position\":1,\"name\":\"Portada\",\"item\":\"https:\/\/www.generali.es\/ser-agente\/\"},{\"@type\":\"ListItem\",\"position\":2,\"name\":\"C\u00f3mo crear un elevator pitch para destacar tu marca personal\"}]},{\"@type\":\"WebSite\",\"@id\":\"https:\/\/www.generali.es\/ser-agente\/#website\",\"url\":\"https:\/\/www.generali.es\/ser-agente\/\",\"name\":\"Agentes de seguros GENERALI\",\"description\":\"Generali Agentes de Seguros\",\"potentialAction\":[],\"inLanguage\":\"es\"},{\"@type\":\"Person\",\"@id\":\"https:\/\/www.generali.es\/ser-agente\/#\/schema\/person\/aee2ec29b1f1b71f4502dcee31959f04\",\"name\":\"GENERALI\",\"image\":{\"@type\":\"ImageObject\",\"inLanguage\":\"es\",\"@id\":\"https:\/\/www.generali.es\/ser-agente\/#\/schema\/person\/image\/\",\"url\":\"https:\/\/secure.gravatar.com\/avatar\/e09e7fcf77927e3a30258467943f610ec9a6845f42678e1628d01ce00176e195?s=96&d=mm&r=g\",\"contentUrl\":\"https:\/\/secure.gravatar.com\/avatar\/e09e7fcf77927e3a30258467943f610ec9a6845f42678e1628d01ce00176e195?s=96&d=mm&r=g\",\"caption\":\"GENERALI\"}}]}<\/script>\n<!-- \/ Yoast SEO plugin. -->","yoast_head_json":{"title":"Gu\u00eda para crear un elevator pitch efectivo","description":"Descubre c\u00f3mo preparar un elevator pitch de 1 minuto para vender tu marca personal y destacar en cualquier situaci\u00f3n profesional.","robots":{"index":"index","follow":"follow","max-snippet":"max-snippet:-1","max-image-preview":"max-image-preview:large","max-video-preview":"max-video-preview:-1"},"canonical":"https:\/\/www.generali.es\/ser-agente\/como-crear-elevator-pitch\/","og_locale":"es_ES","og_type":"article","og_title":"Gu\u00eda para crear un elevator pitch efectivo","og_description":"Descubre c\u00f3mo preparar un elevator pitch de 1 minuto para vender tu marca personal y destacar en cualquier situaci\u00f3n profesional.","og_url":"https:\/\/www.generali.es\/ser-agente\/como-crear-elevator-pitch\/","og_site_name":"Generali","article_published_time":"2024-08-20T12:56:28+00:00","article_modified_time":"2024-09-03T08:21:10+00:00","og_image":[{"width":1920,"height":1080,"url":"https:\/\/www.generali.es\/ser-agente\/wp-content\/uploads\/2024\/08\/Persona-presentando-elevator-pitch.jpg","type":"image\/jpeg"}],"author":"GENERALI","twitter_card":"summary_large_image","twitter_creator":"@GENERALI_es","twitter_site":"@GENERALI_es","twitter_misc":{"Escrito por":"GENERALI","Tiempo de lectura":"6 minutos"},"schema":{"@context":"https:\/\/schema.org","@graph":[{"@type":"WebPage","@id":"https:\/\/www.generali.es\/ser-agente\/como-crear-elevator-pitch\/","url":"https:\/\/www.generali.es\/ser-agente\/como-crear-elevator-pitch\/","name":"Gu\u00eda para crear un elevator pitch efectivo","isPartOf":{"@id":"https:\/\/www.generali.es\/ser-agente\/#website"},"primaryImageOfPage":{"@id":"https:\/\/www.generali.es\/ser-agente\/como-crear-elevator-pitch\/#primaryimage"},"image":{"@id":"https:\/\/www.generali.es\/ser-agente\/como-crear-elevator-pitch\/#primaryimage"},"thumbnailUrl":"https:\/\/www.generali.es\/ser-agente\/wp-content\/uploads\/2024\/08\/Persona-presentando-elevator-pitch.jpg","datePublished":"2024-08-20T12:56:28+00:00","dateModified":"2024-09-03T08:21:10+00:00","author":{"@id":"https:\/\/www.generali.es\/ser-agente\/#\/schema\/person\/aee2ec29b1f1b71f4502dcee31959f04"},"description":"Descubre c\u00f3mo preparar un elevator pitch de 1 minuto para vender tu marca personal y destacar en cualquier situaci\u00f3n profesional.","breadcrumb":{"@id":"https:\/\/www.generali.es\/ser-agente\/como-crear-elevator-pitch\/#breadcrumb"},"inLanguage":"es","potentialAction":[{"@type":"ReadAction","target":["https:\/\/www.generali.es\/ser-agente\/como-crear-elevator-pitch\/"]}]},{"@type":"ImageObject","inLanguage":"es","@id":"https:\/\/www.generali.es\/ser-agente\/como-crear-elevator-pitch\/#primaryimage","url":"https:\/\/www.generali.es\/ser-agente\/wp-content\/uploads\/2024\/08\/Persona-presentando-elevator-pitch.jpg","contentUrl":"https:\/\/www.generali.es\/ser-agente\/wp-content\/uploads\/2024\/08\/Persona-presentando-elevator-pitch.jpg","width":1920,"height":1080,"caption":"Persona presentando su elevator pitch."},{"@type":"BreadcrumbList","@id":"https:\/\/www.generali.es\/ser-agente\/como-crear-elevator-pitch\/#breadcrumb","itemListElement":[{"@type":"ListItem","position":1,"name":"Portada","item":"https:\/\/www.generali.es\/ser-agente\/"},{"@type":"ListItem","position":2,"name":"C\u00f3mo crear un elevator pitch para destacar tu marca personal"}]},{"@type":"WebSite","@id":"https:\/\/www.generali.es\/ser-agente\/#website","url":"https:\/\/www.generali.es\/ser-agente\/","name":"Agentes de seguros GENERALI","description":"Generali Agentes de Seguros","potentialAction":[],"inLanguage":"es"},{"@type":"Person","@id":"https:\/\/www.generali.es\/ser-agente\/#\/schema\/person\/aee2ec29b1f1b71f4502dcee31959f04","name":"GENERALI","image":{"@type":"ImageObject","inLanguage":"es","@id":"https:\/\/www.generali.es\/ser-agente\/#\/schema\/person\/image\/","url":"https:\/\/secure.gravatar.com\/avatar\/e09e7fcf77927e3a30258467943f610ec9a6845f42678e1628d01ce00176e195?s=96&d=mm&r=g","contentUrl":"https:\/\/secure.gravatar.com\/avatar\/e09e7fcf77927e3a30258467943f610ec9a6845f42678e1628d01ce00176e195?s=96&d=mm&r=g","caption":"GENERALI"}}]}},"_links":{"self":[{"href":"https:\/\/www.generali.es\/ser-agente\/wp-json\/wp\/v2\/posts\/2275","targetHints":{"allow":["GET"]}}],"collection":[{"href":"https:\/\/www.generali.es\/ser-agente\/wp-json\/wp\/v2\/posts"}],"about":[{"href":"https:\/\/www.generali.es\/ser-agente\/wp-json\/wp\/v2\/types\/post"}],"author":[{"embeddable":true,"href":"https:\/\/www.generali.es\/ser-agente\/wp-json\/wp\/v2\/users\/8"}],"replies":[{"embeddable":true,"href":"https:\/\/www.generali.es\/ser-agente\/wp-json\/wp\/v2\/comments?post=2275"}],"version-history":[{"count":3,"href":"https:\/\/www.generali.es\/ser-agente\/wp-json\/wp\/v2\/posts\/2275\/revisions"}],"predecessor-version":[{"id":2279,"href":"https:\/\/www.generali.es\/ser-agente\/wp-json\/wp\/v2\/posts\/2275\/revisions\/2279"}],"wp:featuredmedia":[{"embeddable":true,"href":"https:\/\/www.generali.es\/ser-agente\/wp-json\/wp\/v2\/media\/2278"}],"wp:attachment":[{"href":"https:\/\/www.generali.es\/ser-agente\/wp-json\/wp\/v2\/media?parent=2275"}],"wp:term":[{"taxonomy":"category","embeddable":true,"href":"https:\/\/www.generali.es\/ser-agente\/wp-json\/wp\/v2\/categories?post=2275"},{"taxonomy":"post_tag","embeddable":true,"href":"https:\/\/www.generali.es\/ser-agente\/wp-json\/wp\/v2\/tags?post=2275"}],"curies":[{"name":"wp","href":"https:\/\/api.w.org\/{rel}","templated":true}]}}