{"id":7581,"date":"2026-03-10T19:04:09","date_gmt":"2026-03-10T18:04:09","guid":{"rendered":"https:\/\/www.generali.es\/blog\/tuasesorsalud\/?p=7581"},"modified":"2026-03-10T19:04:10","modified_gmt":"2026-03-10T18:04:10","slug":"adicion-redes-sociales-adolescentes","status":"publish","type":"post","link":"https:\/\/www.generali.es\/blog\/tuasesorsalud\/adicion-redes-sociales-adolescentes\/","title":{"rendered":"Adicci\u00f3n a las redes sociales en adolescentes: se\u00f1ales de alerta y c\u00f3mo ayudar"},"content":{"rendered":"\n<p>La adolescencia es una etapa de profundos cambios emocionales, sociales y cognitivos. En pleno desarrollo, <strong>el cerebro adolescente es altamente sensible a los est\u00edmulos externos<\/strong>, especialmente aquellos que proceden de entornos digitales como las redes sociales.<\/p>\n\n\n\n<p>Hoy en d\u00eda, plataformas como TikTok, Instagram, Snapchat y YouTube forman parte esencial del d\u00eda a d\u00eda de los j\u00f3venes, influyendo en su forma de relacionarse, divertirse, aprender e incluso construir su identidad personal. Sin embargo,<strong> cuando el uso deja de ser equilibrado y pasa a ocupar la mayor parte del tiempo, aparecen riesgos evidentes<\/strong>.<\/p>\n\n\n\n<p>Cada vez m\u00e1s estudios muestran una relaci\u00f3n entre el uso excesivo de redes sociales y s\u00edntomas de ansiedad, depresi\u00f3n, insatisfacci\u00f3n corporal, falta de concentraci\u00f3n, problemas de sue\u00f1o y alteraciones en la autoestima.<\/p>\n\n\n\n<p><strong>Muchos adolescentes recurren a las redes como v\u00eda de escape, como herramienta para sentirse validados o como reemplazo de interacciones presenciales<\/strong>. Cuando este patr\u00f3n se convierte en una necesidad constante, hablamos de adicci\u00f3n a las redes sociales.<\/p>\n\n\n\n<p>Entender qu\u00e9 es esta adicci\u00f3n, c\u00f3mo detectarla y qu\u00e9 podemos hacer desde casa es fundamental para acompa\u00f1ar a los adolescentes hacia un uso digital m\u00e1s saludable.<\/p>\n\n\n\n<p>\u25b7 Te interesa: <a href=\"https:\/\/www.generali.es\/blog\/tuasesorsalud\/preadolescencia\/\">Preadolescencia: cu\u00e1ndo empieza y qu\u00e9 cambios deben afrontar los padres<\/a><\/p>\n\n\n\n<div id=\"ez-toc-container\" class=\"ez-toc-v2_0_22 counter-hierarchy counter-decimal\">\n<div class=\"ez-toc-title-container\">\n<p class=\"ez-toc-title\">&Iacute;ndice<\/p>\n<span class=\"ez-toc-title-toggle\"><a class=\"ez-toc-pull-right ez-toc-btn ez-toc-btn-xs ez-toc-btn-default ez-toc-toggle\" style=\"display: none;\"><i class=\"ez-toc-glyphicon ez-toc-icon-toggle\"><\/i><\/a><\/span><\/div>\n<nav><ul class=\"ez-toc-list ez-toc-list-level-1\"><li class=\"ez-toc-page-1 ez-toc-heading-level-2\"><a class=\"ez-toc-link ez-toc-heading-1\" href=\"https:\/\/www.generali.es\/blog\/tuasesorsalud\/adicion-redes-sociales-adolescentes\/#%C2%BFQue_es_la_adiccion_a_las_redes_sociales_en_adolescentes\" title=\"\u00bfQu\u00e9 es la adicci\u00f3n a las redes sociales en adolescentes?\">\u00bfQu\u00e9 es la adicci\u00f3n a las redes sociales en adolescentes?<\/a><ul class=\"ez-toc-list-level-3\"><li class=\"ez-toc-heading-level-3\"><a class=\"ez-toc-link ez-toc-heading-2\" href=\"https:\/\/www.generali.es\/blog\/tuasesorsalud\/adicion-redes-sociales-adolescentes\/#Como_afecta_la_adiccion_a_las_redes_sociales_en_el_desarrollo_adolescente\" title=\"C\u00f3mo afecta la adicci\u00f3n a las redes sociales en el desarrollo adolescente\">C\u00f3mo afecta la adicci\u00f3n a las redes sociales en el desarrollo adolescente<\/a><\/li><\/ul><\/li><li class=\"ez-toc-page-1 ez-toc-heading-level-2\"><a class=\"ez-toc-link ez-toc-heading-3\" href=\"https:\/\/www.generali.es\/blog\/tuasesorsalud\/adicion-redes-sociales-adolescentes\/#Senales_de_alerta_de_la_adiccion_a_las_redes_sociales_en_adolescentes\" title=\"Se\u00f1ales de alerta de la adicci\u00f3n a las redes sociales en adolescentes\">Se\u00f1ales de alerta de la adicci\u00f3n a las redes sociales en adolescentes<\/a><\/li><li class=\"ez-toc-page-1 ez-toc-heading-level-2\"><a class=\"ez-toc-link ez-toc-heading-4\" href=\"https:\/\/www.generali.es\/blog\/tuasesorsalud\/adicion-redes-sociales-adolescentes\/#Consecuencias_de_la_adiccion_a_las_redes_sociales_en_adolescentes\" title=\"Consecuencias de la adicci\u00f3n a las redes sociales en adolescentes\">Consecuencias de la adicci\u00f3n a las redes sociales en adolescentes<\/a><ul class=\"ez-toc-list-level-3\"><li class=\"ez-toc-heading-level-3\"><a class=\"ez-toc-link ez-toc-heading-5\" href=\"https:\/\/www.generali.es\/blog\/tuasesorsalud\/adicion-redes-sociales-adolescentes\/#Impacto_en_la_salud_mental_ansiedad_y_depresion\" title=\"Impacto en la salud mental: ansiedad y depresi\u00f3n\">Impacto en la salud mental: ansiedad y depresi\u00f3n<\/a><\/li><\/ul><\/li><li class=\"ez-toc-page-1 ez-toc-heading-level-2\"><a class=\"ez-toc-link ez-toc-heading-6\" href=\"https:\/\/www.generali.es\/blog\/tuasesorsalud\/adicion-redes-sociales-adolescentes\/#%C2%BFComo_ayudar_a_un_adolescente_con_una_adiccion_a_las_redes\" title=\"\u00bfC\u00f3mo ayudar a un adolescente con una adicci\u00f3n a las redes?\">\u00bfC\u00f3mo ayudar a un adolescente con una adicci\u00f3n a las redes?<\/a><ul class=\"ez-toc-list-level-3\"><li class=\"ez-toc-heading-level-3\"><a class=\"ez-toc-link ez-toc-heading-7\" href=\"https:\/\/www.generali.es\/blog\/tuasesorsalud\/adicion-redes-sociales-adolescentes\/#Establecer_limites_y_horarios_de_uso\" title=\"Establecer l\u00edmites y horarios de uso\">Establecer l\u00edmites y horarios de uso<\/a><\/li><li class=\"ez-toc-page-1 ez-toc-heading-level-3\"><a class=\"ez-toc-link ez-toc-heading-8\" href=\"https:\/\/www.generali.es\/blog\/tuasesorsalud\/adicion-redes-sociales-adolescentes\/#Fomentar_actividades_alternativas_deportes_hobbies_y_tiempo_en_familia\" title=\"Fomentar actividades alternativas: deportes, hobbies y tiempo en familia\">Fomentar actividades alternativas: deportes, hobbies y tiempo en familia<\/a><\/li><li class=\"ez-toc-page-1 ez-toc-heading-level-3\"><a class=\"ez-toc-link ez-toc-heading-9\" href=\"https:\/\/www.generali.es\/blog\/tuasesorsalud\/adicion-redes-sociales-adolescentes\/#Comunicacion_abierta_y_apoyo_emocional\" title=\"Comunicaci\u00f3n abierta y apoyo emocional\">Comunicaci\u00f3n abierta y apoyo emocional<\/a><\/li><\/ul><\/li><li class=\"ez-toc-page-1 ez-toc-heading-level-2\"><a class=\"ez-toc-link ez-toc-heading-10\" href=\"https:\/\/www.generali.es\/blog\/tuasesorsalud\/adicion-redes-sociales-adolescentes\/#Estrategias_para_prevenir_la_adiccion_a_las_redes_sociales_en_adolescentes\" title=\"Estrategias para prevenir la adicci\u00f3n a las redes sociales en adolescentes\">Estrategias para prevenir la adicci\u00f3n a las redes sociales en adolescentes<\/a><\/li><li class=\"ez-toc-page-1 ez-toc-heading-level-2\"><a class=\"ez-toc-link ez-toc-heading-11\" href=\"https:\/\/www.generali.es\/blog\/tuasesorsalud\/adicion-redes-sociales-adolescentes\/#i\" title=\"&nbsp;&nbsp;&nbsp;&nbsp;\">&nbsp;&nbsp;&nbsp;&nbsp;<\/a><ul class=\"ez-toc-list-level-3\"><li class=\"ez-toc-heading-level-3\"><a class=\"ez-toc-link ez-toc-heading-12\" href=\"https:\/\/www.generali.es\/blog\/tuasesorsalud\/adicion-redes-sociales-adolescentes\/#Educar_sobre_el_uso_responsable_de_la_tecnologia\" title=\"Educar sobre el uso responsable de la tecnolog\u00eda \">Educar sobre el uso responsable de la tecnolog\u00eda <\/a><\/li><li class=\"ez-toc-page-1 ez-toc-heading-level-3\"><a class=\"ez-toc-link ez-toc-heading-13\" href=\"https:\/\/www.generali.es\/blog\/tuasesorsalud\/adicion-redes-sociales-adolescentes\/#Establecer_reglas_familiares_para_el_uso_de_las_redes_sociales\" title=\"Establecer reglas familiares para el uso de las redes sociales\">Establecer reglas familiares para el uso de las redes sociales<\/a><\/li><li class=\"ez-toc-page-1 ez-toc-heading-level-3\"><a class=\"ez-toc-link ez-toc-heading-14\" href=\"https:\/\/www.generali.es\/blog\/tuasesorsalud\/adicion-redes-sociales-adolescentes\/#Promover_el_equilibrio_digital_y_fisico\" title=\"Promover el equilibrio digital y f\u00edsico\">Promover el equilibrio digital y f\u00edsico<\/a><\/li><\/ul><\/li><li class=\"ez-toc-page-1 ez-toc-heading-level-2\"><a class=\"ez-toc-link ez-toc-heading-15\" href=\"https:\/\/www.generali.es\/blog\/tuasesorsalud\/adicion-redes-sociales-adolescentes\/#Consejos_para_padres_%C2%BFComo_detectar_los_primeros_signos_de_adiccion\" title=\"Consejos para padres: \u00bfC\u00f3mo detectar los primeros signos de adicci\u00f3n?\">Consejos para padres: \u00bfC\u00f3mo detectar los primeros signos de adicci\u00f3n?<\/a><ul class=\"ez-toc-list-level-3\"><li class=\"ez-toc-heading-level-3\"><a class=\"ez-toc-link ez-toc-heading-16\" href=\"https:\/\/www.generali.es\/blog\/tuasesorsalud\/adicion-redes-sociales-adolescentes\/#Hablar_con_el_adolescente_sin_generar_conflicto\" title=\"Hablar con el adolescente sin generar conflicto\">Hablar con el adolescente sin generar conflicto<\/a><\/li><li class=\"ez-toc-page-1 ez-toc-heading-level-3\"><a class=\"ez-toc-link ez-toc-heading-17\" href=\"https:\/\/www.generali.es\/blog\/tuasesorsalud\/adicion-redes-sociales-adolescentes\/#Buscar_ayuda_profesional_si_es_necesario\" title=\"Buscar ayuda profesional si es necesario\">Buscar ayuda profesional si es necesario<\/a><\/li><\/ul><\/li><li class=\"ez-toc-page-1 ez-toc-heading-level-2\"><a class=\"ez-toc-link ez-toc-heading-18\" href=\"https:\/\/www.generali.es\/blog\/tuasesorsalud\/adicion-redes-sociales-adolescentes\/#Preguntas_frecuentes\" title=\"Preguntas frecuentes\">Preguntas frecuentes<\/a><ul class=\"ez-toc-list-level-3\"><li class=\"ez-toc-heading-level-3\"><a class=\"ez-toc-link ez-toc-heading-19\" href=\"https:\/\/www.generali.es\/blog\/tuasesorsalud\/adicion-redes-sociales-adolescentes\/#%C2%BFComo_saber_si_mi_hijo_tiene_adiccion\" title=\"\u00bfC\u00f3mo saber si mi hijo tiene adicci\u00f3n?\">\u00bfC\u00f3mo saber si mi hijo tiene adicci\u00f3n?<\/a><\/li><li class=\"ez-toc-page-1 ez-toc-heading-level-3\"><a class=\"ez-toc-link ez-toc-heading-20\" href=\"https:\/\/www.generali.es\/blog\/tuasesorsalud\/adicion-redes-sociales-adolescentes\/#%C2%BFCuanto_tiempo_es_seguro\" title=\" \u00bfCu\u00e1nto tiempo es seguro?\"> \u00bfCu\u00e1nto tiempo es seguro?<\/a><\/li><li class=\"ez-toc-page-1 ez-toc-heading-level-3\"><a class=\"ez-toc-link ez-toc-heading-21\" href=\"https:\/\/www.generali.es\/blog\/tuasesorsalud\/adicion-redes-sociales-adolescentes\/#%C2%BFPuede_afectar_la_salud_mental\" title=\" \u00bfPuede afectar la salud mental?\"> \u00bfPuede afectar la salud mental?<\/a><\/li><li class=\"ez-toc-page-1 ez-toc-heading-level-3\"><a class=\"ez-toc-link ez-toc-heading-22\" href=\"https:\/\/www.generali.es\/blog\/tuasesorsalud\/adicion-redes-sociales-adolescentes\/#Mi_hijo_no_quiere_dejar_las_redes_%C2%BFque_hago\" title=\" Mi hijo no quiere dejar las redes, \u00bfqu\u00e9 hago?\"> Mi hijo no quiere dejar las redes, \u00bfqu\u00e9 hago?<\/a><\/li><li class=\"ez-toc-page-1 ez-toc-heading-level-3\"><a class=\"ez-toc-link ez-toc-heading-23\" href=\"https:\/\/www.generali.es\/blog\/tuasesorsalud\/adicion-redes-sociales-adolescentes\/#%C2%BFExisten_tratamientos\" title=\" \u00bfExisten tratamientos?\"> \u00bfExisten tratamientos?<\/a><\/li><\/ul><\/li><\/ul><\/nav><\/div>\n<h2 class=\"wp-block-heading\"><span class=\"ez-toc-section\" id=\"%C2%BFQue_es_la_adiccion_a_las_redes_sociales_en_adolescentes\"><\/span>\u00bfQu\u00e9 es la adicci\u00f3n a las redes sociales en adolescentes?<a><\/a><span class=\"ez-toc-section-end\"><\/span><\/h2>\n\n\n\n<p><br>La adicci\u00f3n a las redes sociales se define como un uso compulsivo, repetitivo y dif\u00edcil de controlar de las plataformas digitales. No se trata simplemente de pasar mucho tiempo frente a la pantalla, sino de una dependencia psicol\u00f3gica que interfiere en la vida diaria del adolescente.<\/p>\n\n\n\n<p><strong>Este tipo de adicci\u00f3n comparte caracter\u00edsticas con otras adicciones conductuales: necesidad creciente, p\u00e9rdida de control, malestar cuando no se pueden usar las redes y abandono de actividades importantes<\/strong>.<\/p>\n\n\n\n<p>Las redes sociales est\u00e1n dise\u00f1adas para ser altamente adictivas: algoritmos que muestran contenido personalizado, notificaciones constantes, recompensas inmediatas en forma de likes y comentarios, v\u00eddeos cortos que estimulan el sistema de recompensa del cerebro. Para un adolescente cuya corteza prefrontal \u2014la regi\u00f3n que regula el autocontrol\u2014 est\u00e1 a\u00fan en desarrollo, es f\u00e1cil caer en un patr\u00f3n de uso excesivo.<\/p>\n\n\n\n<h3 class=\"wp-block-heading\"><span class=\"ez-toc-section\" id=\"Como_afecta_la_adiccion_a_las_redes_sociales_en_el_desarrollo_adolescente\"><\/span>C\u00f3mo afecta la adicci\u00f3n a las redes sociales en el desarrollo adolescente<a><\/a><span class=\"ez-toc-section-end\"><\/span><\/h3>\n\n\n\n<p><br>El cerebro adolescente es especialmente vulnerable a est\u00edmulos que generan recompensa inmediata. <strong>Las redes sociales producen descargas frecuentes de dopamina, un neurotransmisor relacionado con el placer<\/strong>. A largo plazo, esta exposici\u00f3n continua puede influir en:<\/p>\n\n\n\n<p>&#8211; La manera en que gestionan la frustraci\u00f3n.<br>&#8211; Su capacidad de concentraci\u00f3n.<br>&#8211; Su autoestima y percepci\u00f3n corporal.<br>&#8211; Sus habilidades sociales fuera del entorno digital.<br>&#8211; Su seguridad emocional, especialmente cuando su identidad se vincula al reconocimiento externo.<\/p>\n\n\n\n<p>Los adolescentes est\u00e1n desarrollando su identidad personal, y las redes pueden convertirse en una fuente constante de comparaci\u00f3n social, cr\u00edticas, presi\u00f3n est\u00e9tica y necesidad de aceptaci\u00f3n, factores que afectan profundamente su salud mental.<\/p>\n\n\n\n<p>\u25b7 \u00datil para ti: <a href=\"https:\/\/www.generali.es\/blog\/tuasesorsalud\/enfermedades-pubertad\/\">Enfermedades de la pubertad m\u00e1s comunes en Espa\u00f1a<\/a><\/p>\n\n\n\n<h2 class=\"wp-block-heading\"><span class=\"ez-toc-section\" id=\"Senales_de_alerta_de_la_adiccion_a_las_redes_sociales_en_adolescentes\"><\/span>Se\u00f1ales de alerta de la adicci\u00f3n a las redes sociales en adolescentes<span class=\"ez-toc-section-end\"><\/span><\/h2>\n\n\n\n<p>Los padres, tutores y educadores deben estar atentos a se\u00f1ales conductuales y emocionales que podr\u00edan indicar un uso problem\u00e1tico.<\/p>\n\n\n\n<p><strong>Cambios en el comportamiento y las emociones<\/strong><\/p>\n\n\n\n<p>La irritabilidad, la ansiedad, la tristeza y los cambios bruscos de humor pueden ser s\u00edntomas relacionados con la desconexi\u00f3n digital. <strong>Los adolescentes pueden mostrar frustraci\u00f3n intensa si se les limita el uso del m\u00f3vil o si experimentan periodos sin conexi\u00f3n<\/strong>.<strong><\/strong><\/p>\n\n\n\n<p><strong>Uso excesivo de dispositivos y redes sociales<\/strong><br>Pasar horas navegando sin prop\u00f3sito claro, revisar el tel\u00e9fono constantemente o despertarse por la noche para comprobar notificaciones son se\u00f1ales evidentes. Cuando <strong>el adolescente pierde la noci\u00f3n del tiempo en redes sociales o descuida actividades esenciales como estudiar, comer o dormir, es un indicio de dependencia<\/strong>.<strong><\/strong><\/p>\n\n\n\n<p><strong>Aislamiento social y bajo rendimiento acad\u00e9mico<\/strong><\/p>\n\n\n\n<p>Muchos adolescentes sustituyen las interacciones presenciales por contactos virtuales, lo que puede derivar en aislamiento social. Adem\u00e1s, <strong>el uso excesivo afecta la atenci\u00f3n y la memoria a corto plazo, repercutiendo directamente en el rendimiento escolar<\/strong>.<\/p>\n\n\n\n<h2 class=\"wp-block-heading\"><span class=\"ez-toc-section\" id=\"Consecuencias_de_la_adiccion_a_las_redes_sociales_en_adolescentes\"><\/span>Consecuencias de la adicci\u00f3n a las redes sociales en adolescentes<span class=\"ez-toc-section-end\"><\/span><\/h2>\n\n\n\n<p>La adicci\u00f3n a las redes sociales puede tener <strong>repercusiones tanto emocionales como f\u00edsicas y sociales<\/strong>.<\/p>\n\n\n\n<h3 class=\"wp-block-heading\"><span class=\"ez-toc-section\" id=\"Impacto_en_la_salud_mental_ansiedad_y_depresion\"><\/span>Impacto en la salud mental: ansiedad y depresi\u00f3n<span class=\"ez-toc-section-end\"><\/span><\/h3>\n\n\n\n<p><br>Numerosos estudios muestran que el uso excesivo de las redes se asocia con mayores niveles de ansiedad, depresi\u00f3n e insatisfacci\u00f3n corporal. <strong>La comparaci\u00f3n constante con vidas idealizadas genera sensaci\u00f3n de inferioridad y frustraci\u00f3n<\/strong>.<\/p>\n\n\n\n<p>\u25b7 Descubre aqu\u00ed: <a href=\"https:\/\/www.generali.es\/blog\/tuasesorsalud\/enfermedades-mentales-comunes\/\">C\u00f3mo identificar y tratar las enfermedades mentales comunes<\/a><\/p>\n\n\n\n<p><strong>Efectos en las relaciones familiares y sociales<\/strong><\/p>\n\n\n\n<p><br>La adicci\u00f3n genera conflictos familiares por discusiones en torno a los l\u00edmites. Tambi\u00e9n puede crear distancia emocional, ya que <strong>el adolescente prioriza el m\u00f3vil sobre la interacci\u00f3n presencial<\/strong>.<\/p>\n\n\n\n<p><strong>Consecuencias f\u00edsicas: problemas de sue\u00f1o y vista<\/strong><\/p>\n\n\n\n<p><br><strong>Problemas de sue\u00f1o, dolor de cuello, sedentarismo, fatiga visual y dolores de cabeza <\/strong>son frecuentes cuando se pasa demasiado tiempo con el m\u00f3vil.<\/p>\n\n\n\n<h2 class=\"wp-block-heading\"><span class=\"ez-toc-section\" id=\"%C2%BFComo_ayudar_a_un_adolescente_con_una_adiccion_a_las_redes\"><\/span>\u00bfC\u00f3mo ayudar a un adolescente con una adicci\u00f3n a las redes?<span class=\"ez-toc-section-end\"><\/span><\/h2>\n\n\n\n<p><strong><br><\/strong>Acompa\u00f1ar a un adolescente con dependencia digital<strong> requiere paciencia, empat\u00eda y estrategias claras<\/strong>.<\/p>\n\n\n\n<h3 class=\"wp-block-heading\"><span class=\"ez-toc-section\" id=\"Establecer_limites_y_horarios_de_uso\"><\/span>Establecer l\u00edmites y horarios de uso<a><\/a><span class=\"ez-toc-section-end\"><\/span><\/h3>\n\n\n\n<p><br>Es recomendable establecer horarios espec\u00edficos para el uso del m\u00f3vil y zonas libres de dispositivos, como el comedor o la habitaci\u00f3n antes de dormir.<strong> Las normas deben ser claras, coherentes y consensuadas<\/strong>.<\/p>\n\n\n\n<h3 class=\"wp-block-heading\"><span class=\"ez-toc-section\" id=\"Fomentar_actividades_alternativas_deportes_hobbies_y_tiempo_en_familia\"><\/span>Fomentar actividades alternativas: deportes, hobbies y tiempo en familia<a><\/a><span class=\"ez-toc-section-end\"><\/span><\/h3>\n\n\n\n<p><br>El objetivo es equilibrar su rutina con actividades offline que les resulten gratificantes: <strong>deportes, m\u00fasica, arte, lectura, actividades al aire libre, voluntariado o tiempo en familia.<\/strong><\/p>\n\n\n\n<h3 class=\"wp-block-heading\"><span class=\"ez-toc-section\" id=\"Comunicacion_abierta_y_apoyo_emocional\"><\/span>Comunicaci\u00f3n abierta y apoyo emocional<a><\/a><span class=\"ez-toc-section-end\"><\/span><\/h3>\n\n\n\n<p><br>Escuchar sin juzgar es fundamental. Preguntar c\u00f3mo se sienten, qu\u00e9 consumen en redes y c\u00f3mo influyen esos contenidos en su estado emocional <strong>ayuda a fortalecer el v\u00ednculo y generar confianza<\/strong>.<\/p>\n\n\n\n<h2 class=\"wp-block-heading\"><span class=\"ez-toc-section\" id=\"Estrategias_para_prevenir_la_adiccion_a_las_redes_sociales_en_adolescentes\"><\/span>Estrategias para prevenir la adicci\u00f3n a las redes sociales en adolescentes<span class=\"ez-toc-section-end\"><\/span><\/h2>\n\n\n\n<h2 class=\"wp-block-heading\"><span class=\"ez-toc-section\" id=\"i\"><\/span>&nbsp;&nbsp;&nbsp;&nbsp;<span class=\"ez-toc-section-end\"><\/span><\/h2>\n\n\n\n<p>La prevenci\u00f3n comienza mucho antes de detectar un problema.<\/p>\n\n\n\n<h3 class=\"wp-block-heading\"><span class=\"ez-toc-section\" id=\"Educar_sobre_el_uso_responsable_de_la_tecnologia\"><\/span>Educar sobre el uso responsable de la tecnolog\u00eda <a><\/a><span class=\"ez-toc-section-end\"><\/span><\/h3>\n\n\n\n<p>Es clave que los adolescentes entiendan c\u00f3mo funcionan los algoritmos, qu\u00e9 es la adicci\u00f3n digital y c\u00f3mo proteger su bienestar emocional.<strong><\/strong><\/p>\n\n\n\n<h3 class=\"wp-block-heading\"><span class=\"ez-toc-section\" id=\"Establecer_reglas_familiares_para_el_uso_de_las_redes_sociales\"><\/span>Establecer reglas familiares para el uso de las redes sociales<a><\/a><span class=\"ez-toc-section-end\"><\/span><\/h3>\n\n\n\n<p><br>Crear normas de uso digital para toda la familia normaliza los l\u00edmites y reduce la confrontaci\u00f3n.<\/p>\n\n\n\n<h3 class=\"wp-block-heading\"><span class=\"ez-toc-section\" id=\"Promover_el_equilibrio_digital_y_fisico\"><\/span>Promover el equilibrio digital y f\u00edsico<a><\/a><span class=\"ez-toc-section-end\"><\/span><\/h3>\n\n\n\n<p><strong><br><\/strong>Un estilo de vida equilibrado, con suficientes horas de sue\u00f1o, ejercicio f\u00edsico y relaciones cara a cara, reduce la probabilidad de dependencia.<\/p>\n\n\n\n<h2 class=\"wp-block-heading\"><span class=\"ez-toc-section\" id=\"Consejos_para_padres_%C2%BFComo_detectar_los_primeros_signos_de_adiccion\"><\/span>Consejos para padres: \u00bfC\u00f3mo detectar los primeros signos de adicci\u00f3n?<a><\/a><span class=\"ez-toc-section-end\"><\/span><\/h2>\n\n\n\n<p><strong><br><\/strong>Observar comportamientos, cambios de humor, dificultades en el sue\u00f1o, falta de atenci\u00f3n, aislamiento y p\u00e9rdida de inter\u00e9s por actividades que antes disfrutaban.<\/p>\n\n\n\n<h3 class=\"wp-block-heading\"><span class=\"ez-toc-section\" id=\"Hablar_con_el_adolescente_sin_generar_conflicto\"><\/span>Hablar con el adolescente sin generar conflicto<a><\/a><span class=\"ez-toc-section-end\"><\/span><\/h3>\n\n\n\n<p>&nbsp;&nbsp;&nbsp;&nbsp; En lugar de prohibir, es preferible mostrar inter\u00e9s genuino por lo que hacen en redes, comentar contenidos juntos y construir confianza.<\/p>\n\n\n\n<h3 class=\"wp-block-heading\"><span class=\"ez-toc-section\" id=\"Buscar_ayuda_profesional_si_es_necesario\"><\/span>Buscar ayuda profesional si es necesario<a><\/a><span class=\"ez-toc-section-end\"><\/span><\/h3>\n\n\n\n<p>&nbsp;&nbsp;&nbsp;&nbsp; Cuando la adicci\u00f3n afecta gravemente la salud mental, el rendimiento acad\u00e9mico o las relaciones familiares, es aconsejable acudir a psic\u00f3logos especializados en adicci\u00f3n digital.<\/p>\n\n\n\n<p>\u25b7 \u00bfLo sab\u00edas? <a href=\"https:\/\/www.generali.es\/blog\/tuasesorsalud\/revisiones-pediatricas\/\">Gu\u00eda de revisiones pedi\u00e1tricas hasta los 14 a\u00f1os<\/a><\/p>\n\n\n\n<h2 class=\"wp-block-heading\"><span class=\"ez-toc-section\" id=\"Preguntas_frecuentes\"><\/span>Preguntas frecuentes<span class=\"ez-toc-section-end\"><\/span><\/h2>\n\n\n\n<h3 class=\"wp-block-heading\"><span class=\"ez-toc-section\" id=\"%C2%BFComo_saber_si_mi_hijo_tiene_adiccion\"><\/span>\u00bfC\u00f3mo saber si mi hijo tiene adicci\u00f3n?<span class=\"ez-toc-section-end\"><\/span><\/h3>\n\n\n\n<p>Si prioriza redes frente a actividades, muestra dependencia o malestar al desconectarse.<\/p>\n\n\n\n<h3 class=\"wp-block-heading\"><span class=\"ez-toc-section\" id=\"%C2%BFCuanto_tiempo_es_seguro\"><\/span><br>\u00bfCu\u00e1nto tiempo es seguro?<span class=\"ez-toc-section-end\"><\/span><\/h3>\n\n\n\n<p>Los expertos recomiendan un m\u00e1ximo de 1-2 horas diarias controladas.<\/p>\n\n\n\n<h3 class=\"wp-block-heading\"><span class=\"ez-toc-section\" id=\"%C2%BFPuede_afectar_la_salud_mental\"><\/span><br>\u00bfPuede afectar la salud mental?<span class=\"ez-toc-section-end\"><\/span><\/h3>\n\n\n\n<p>S\u00ed, existe relaci\u00f3n directa con ansiedad, depresi\u00f3n y baja autoestima.<\/p>\n\n\n\n<h3 class=\"wp-block-heading\"><span class=\"ez-toc-section\" id=\"Mi_hijo_no_quiere_dejar_las_redes_%C2%BFque_hago\"><\/span><br>Mi hijo no quiere dejar las redes, \u00bfqu\u00e9 hago?<span class=\"ez-toc-section-end\"><\/span><\/h3>\n\n\n\n<p>Pactar l\u00edmites, hablar con \u00e9l y buscar ayuda profesional.<\/p>\n\n\n\n<h3 class=\"wp-block-heading\"><span class=\"ez-toc-section\" id=\"%C2%BFExisten_tratamientos\"><\/span><br>\u00bfExisten tratamientos?<span class=\"ez-toc-section-end\"><\/span><\/h3>\n\n\n\n<p>S\u00ed, la terapia cognitivo-conductual es muy efectiva.<\/p>\n\n\n\n<p>Tu familia y su salud, es lo m\u00e1s importante, por eso la cuidas en todo momento.&nbsp;<strong>Los&nbsp;<\/strong><a href=\"https:\/\/www.generali.es\/seguros-particulares\/salud\"><strong>seguros de Salud de GENERALI<\/strong><\/a><strong>&nbsp;ponen a tu alcance la mayor red m\u00e9dica privada del pa\u00eds, con m\u00e1s de 51.000 especialistas y la mejor calidad de servicios sanitarios.<\/strong><\/p>\n\n\n\n<p>Adem\u00e1s, con nuestros seguros de Salud te damos acceso al servicio doctor 24 horas, para que puedas resolver todas tus dudas a trav\u00e9s de una llamada o videoconferencia.\u00a0<a href=\"https:\/\/www.generali.es\/landings\/seguro-salud\">\u00a1Cons\u00faltanos sin compromiso!<\/a><\/p>\n\n\n\n<script type=\"application\/ld+json\">{\"@context\":\"https:\/\/schema.org\",\"@type\":\"FAQPage\",\"mainEntity\":[{\"@type\":\"Question\",\"name\":\"\u00bfC\u00f3mo saber si mi hijo tiene adicci\u00f3n? \",\"acceptedAnswer\":{\"@type\":\"Answer\",\"text\":\"Si prioriza redes frente a actividades, muestra dependencia o malestar al desconectarse.\"}},{\"@type\":\"Question\",\"name\":\"\u00bfCu\u00e1nto tiempo es seguro?\",\"acceptedAnswer\":{\"@type\":\"Answer\",\"text\":\"Los expertos recomiendan un m\u00e1ximo de 1-2 horas diarias controladas.\"}},{\"@type\":\"Question\",\"name\":\"\u00bfPuede afectar la salud mental?\",\"acceptedAnswer\":{\"@type\":\"Answer\",\"text\":\"S\u00ed, existe relaci\u00f3n directa con ansiedad, depresi\u00f3n y baja autoestima.\"}},{\"@type\":\"Question\",\"name\":\"Mi hijo no quiere dejar las redes, \u00bfqu\u00e9 hago?\",\"acceptedAnswer\":{\"@type\":\"Answer\",\"text\":\"Pactar l\u00edmites, hablar con \u00e9l y buscar ayuda profesional.\"}},{\"@type\":\"Question\",\"name\":\"\u00bfExisten tratamientos?\",\"acceptedAnswer\":{\"@type\":\"Answer\",\"text\":\"S\u00ed, la terapia cognitivo-conductual es muy efectiva.\"}}]}<\/script>\n","protected":false},"excerpt":{"rendered":"<p>La adolescencia es una etapa de profundos cambios emocionales, sociales y cognitivos. En pleno desarrollo, el cerebro adolescente es altamente sensible a los est\u00edmulos externos, especialmente aquellos que proceden de entornos digitales como las redes sociales. Hoy en d\u00eda, plataformas como TikTok, Instagram, Snapchat y YouTube forman parte esencial del d\u00eda a d\u00eda de los [&hellip;]<\/p>\n","protected":false},"author":1,"featured_media":7584,"comment_status":"open","ping_status":"open","sticky":false,"template":"","format":"standard","meta":{"footnotes":""},"categories":[3],"tags":[],"yoast_head":"<!-- This site is optimized with the Yoast SEO plugin v21.6 - https:\/\/yoast.com\/wordpress\/plugins\/seo\/ -->\n<title>\u25b7 La adicci\u00f3n a las redes sociales en adolescentes<\/title>\n<meta name=\"description\" content=\"\u00bfPreocupado por la adicci\u00f3n a las redes sociales en tu hijo adolescente? \u25b7 Te explicamos c\u00f3mo identificar las se\u00f1ales de alerta y qu\u00e9 hacer para ayudarles\" \/>\n<meta name=\"robots\" content=\"index, follow, max-snippet:-1, max-image-preview:large, max-video-preview:-1\" \/>\n<link rel=\"canonical\" href=\"https:\/\/www.generali.es\/blog\/tuasesorsalud\/adicion-redes-sociales-adolescentes\/\" \/>\n<meta name=\"twitter:label1\" content=\"Escrito por\" \/>\n\t<meta name=\"twitter:data1\" content=\"Equipo GENERALI\" \/>\n\t<meta name=\"twitter:label2\" content=\"Tiempo de lectura\" \/>\n\t<meta name=\"twitter:data2\" content=\"6 minutos\" \/>\n<script type=\"application\/ld+json\" class=\"yoast-schema-graph\">{\"@context\":\"https:\/\/schema.org\",\"@graph\":[{\"@type\":\"Article\",\"@id\":\"https:\/\/www.generali.es\/blog\/tuasesorsalud\/adicion-redes-sociales-adolescentes\/#article\",\"isPartOf\":{\"@id\":\"https:\/\/www.generali.es\/blog\/tuasesorsalud\/adicion-redes-sociales-adolescentes\/\"},\"author\":{\"name\":\"Equipo GENERALI\",\"@id\":\"https:\/\/www.generali.es\/blog\/tuasesorsalud\/#\/schema\/person\/b3e3621e80b273ef3366c6dc945ab47e\"},\"headline\":\"Adicci\u00f3n a las redes sociales en adolescentes: se\u00f1ales de alerta y c\u00f3mo ayudar\",\"datePublished\":\"2026-03-10T18:04:09+00:00\",\"dateModified\":\"2026-03-10T18:04:10+00:00\",\"mainEntityOfPage\":{\"@id\":\"https:\/\/www.generali.es\/blog\/tuasesorsalud\/adicion-redes-sociales-adolescentes\/\"},\"wordCount\":1439,\"commentCount\":0,\"publisher\":{\"@id\":\"https:\/\/www.generali.es\/blog\/tuasesorsalud\/#organization\"},\"articleSection\":[\"Salud\"],\"inLanguage\":\"es\",\"potentialAction\":[{\"@type\":\"CommentAction\",\"name\":\"Comment\",\"target\":[\"https:\/\/www.generali.es\/blog\/tuasesorsalud\/adicion-redes-sociales-adolescentes\/#respond\"]}]},{\"@type\":\"WebPage\",\"@id\":\"https:\/\/www.generali.es\/blog\/tuasesorsalud\/adicion-redes-sociales-adolescentes\/\",\"url\":\"https:\/\/www.generali.es\/blog\/tuasesorsalud\/adicion-redes-sociales-adolescentes\/\",\"name\":\"\u25b7 La adicci\u00f3n a las redes sociales en adolescentes\",\"isPartOf\":{\"@id\":\"https:\/\/www.generali.es\/blog\/tuasesorsalud\/#website\"},\"datePublished\":\"2026-03-10T18:04:09+00:00\",\"dateModified\":\"2026-03-10T18:04:10+00:00\",\"description\":\"\u00bfPreocupado por la adicci\u00f3n a las redes sociales en tu hijo adolescente? \u25b7 Te explicamos c\u00f3mo identificar las se\u00f1ales de alerta y qu\u00e9 hacer para ayudarles\",\"breadcrumb\":{\"@id\":\"https:\/\/www.generali.es\/blog\/tuasesorsalud\/adicion-redes-sociales-adolescentes\/#breadcrumb\"},\"inLanguage\":\"es\",\"potentialAction\":[{\"@type\":\"ReadAction\",\"target\":[\"https:\/\/www.generali.es\/blog\/tuasesorsalud\/adicion-redes-sociales-adolescentes\/\"]}]},{\"@type\":\"BreadcrumbList\",\"@id\":\"https:\/\/www.generali.es\/blog\/tuasesorsalud\/adicion-redes-sociales-adolescentes\/#breadcrumb\",\"itemListElement\":[{\"@type\":\"ListItem\",\"position\":1,\"name\":\"Home\",\"item\":\"https:\/\/www.generali.es\/blog\/tuasesorsalud\/\"},{\"@type\":\"ListItem\",\"position\":2,\"name\":\"Salud\",\"item\":\"https:\/\/www.generali.es\/blog\/tuasesorsalud\/salud\/\"},{\"@type\":\"ListItem\",\"position\":3,\"name\":\"Adicci\u00f3n a las redes sociales en adolescentes: se\u00f1ales de alerta y c\u00f3mo ayudar\"}]},{\"@type\":\"WebSite\",\"@id\":\"https:\/\/www.generali.es\/blog\/tuasesorsalud\/#website\",\"url\":\"https:\/\/www.generali.es\/blog\/tuasesorsalud\/\",\"name\":\"Tu Asesor de Salud\",\"description\":\"Blog de Salud de GENERALI\",\"publisher\":{\"@id\":\"https:\/\/www.generali.es\/blog\/tuasesorsalud\/#organization\"},\"potentialAction\":[{\"@type\":\"SearchAction\",\"target\":{\"@type\":\"EntryPoint\",\"urlTemplate\":\"https:\/\/www.generali.es\/blog\/tuasesorsalud\/?s={search_term_string}\"},\"query-input\":\"required name=search_term_string\"}],\"inLanguage\":\"es\"},{\"@type\":\"Organization\",\"@id\":\"https:\/\/www.generali.es\/blog\/tuasesorsalud\/#organization\",\"name\":\"Tu Asesor de Salud\",\"url\":\"https:\/\/www.generali.es\/blog\/tuasesorsalud\/\",\"logo\":{\"@type\":\"ImageObject\",\"inLanguage\":\"es\",\"@id\":\"https:\/\/www.generali.es\/blog\/tuasesorsalud\/#\/schema\/logo\/image\/\",\"url\":\"https:\/\/www.generali.es\/blog\/tuasesorsalud\/wp-content\/uploads\/2021\/04\/generali.png\",\"contentUrl\":\"https:\/\/www.generali.es\/blog\/tuasesorsalud\/wp-content\/uploads\/2021\/04\/generali.png\",\"width\":100,\"height\":81,\"caption\":\"Tu Asesor de Salud\"},\"image\":{\"@id\":\"https:\/\/www.generali.es\/blog\/tuasesorsalud\/#\/schema\/logo\/image\/\"}},{\"@type\":\"Person\",\"@id\":\"https:\/\/www.generali.es\/blog\/tuasesorsalud\/#\/schema\/person\/b3e3621e80b273ef3366c6dc945ab47e\",\"name\":\"Equipo GENERALI\",\"image\":{\"@type\":\"ImageObject\",\"inLanguage\":\"es\",\"@id\":\"https:\/\/www.generali.es\/blog\/tuasesorsalud\/#\/schema\/person\/image\/\",\"url\":\"https:\/\/www.generali.es\/blog\/tuasesorsalud\/wp-content\/uploads\/2020\/11\/equipo_generali-150x150.jpg\",\"contentUrl\":\"https:\/\/www.generali.es\/blog\/tuasesorsalud\/wp-content\/uploads\/2020\/11\/equipo_generali-150x150.jpg\",\"caption\":\"Equipo GENERALI\"},\"description\":\"El equipo de Tu Asesor Salud est\u00e1 compuesto por periodistas y especialistas en la salud, la nutrici\u00f3n, el deporte, la familia as\u00ed como profesionales t\u00e9cnicos de los seguros de salud. Te ayudamos a que tengas una vida m\u00e1s saludable y te ofrecemos contenido \u00fatil para tu d\u00eda a d\u00eda.\",\"sameAs\":[\"https:\/\/www.generali.es\/blog\/tuasesorsalud\/\"],\"url\":\"https:\/\/www.generali.es\/blog\/tuasesorsalud\/author\/generali_asesor\/\"}]}<\/script>\n<!-- \/ Yoast SEO plugin. -->","yoast_head_json":{"title":"\u25b7 La adicci\u00f3n a las redes sociales en adolescentes","description":"\u00bfPreocupado por la adicci\u00f3n a las redes sociales en tu hijo adolescente? \u25b7 Te explicamos c\u00f3mo identificar las se\u00f1ales de alerta y qu\u00e9 hacer para ayudarles","robots":{"index":"index","follow":"follow","max-snippet":"max-snippet:-1","max-image-preview":"max-image-preview:large","max-video-preview":"max-video-preview:-1"},"canonical":"https:\/\/www.generali.es\/blog\/tuasesorsalud\/adicion-redes-sociales-adolescentes\/","twitter_misc":{"Escrito por":"Equipo GENERALI","Tiempo de lectura":"6 minutos"},"schema":{"@context":"https:\/\/schema.org","@graph":[{"@type":"Article","@id":"https:\/\/www.generali.es\/blog\/tuasesorsalud\/adicion-redes-sociales-adolescentes\/#article","isPartOf":{"@id":"https:\/\/www.generali.es\/blog\/tuasesorsalud\/adicion-redes-sociales-adolescentes\/"},"author":{"name":"Equipo GENERALI","@id":"https:\/\/www.generali.es\/blog\/tuasesorsalud\/#\/schema\/person\/b3e3621e80b273ef3366c6dc945ab47e"},"headline":"Adicci\u00f3n a las redes sociales en adolescentes: se\u00f1ales de alerta y c\u00f3mo ayudar","datePublished":"2026-03-10T18:04:09+00:00","dateModified":"2026-03-10T18:04:10+00:00","mainEntityOfPage":{"@id":"https:\/\/www.generali.es\/blog\/tuasesorsalud\/adicion-redes-sociales-adolescentes\/"},"wordCount":1439,"commentCount":0,"publisher":{"@id":"https:\/\/www.generali.es\/blog\/tuasesorsalud\/#organization"},"articleSection":["Salud"],"inLanguage":"es","potentialAction":[{"@type":"CommentAction","name":"Comment","target":["https:\/\/www.generali.es\/blog\/tuasesorsalud\/adicion-redes-sociales-adolescentes\/#respond"]}]},{"@type":"WebPage","@id":"https:\/\/www.generali.es\/blog\/tuasesorsalud\/adicion-redes-sociales-adolescentes\/","url":"https:\/\/www.generali.es\/blog\/tuasesorsalud\/adicion-redes-sociales-adolescentes\/","name":"\u25b7 La adicci\u00f3n a las redes sociales en adolescentes","isPartOf":{"@id":"https:\/\/www.generali.es\/blog\/tuasesorsalud\/#website"},"datePublished":"2026-03-10T18:04:09+00:00","dateModified":"2026-03-10T18:04:10+00:00","description":"\u00bfPreocupado por la adicci\u00f3n a las redes sociales en tu hijo adolescente? \u25b7 Te explicamos c\u00f3mo identificar las se\u00f1ales de alerta y qu\u00e9 hacer para ayudarles","breadcrumb":{"@id":"https:\/\/www.generali.es\/blog\/tuasesorsalud\/adicion-redes-sociales-adolescentes\/#breadcrumb"},"inLanguage":"es","potentialAction":[{"@type":"ReadAction","target":["https:\/\/www.generali.es\/blog\/tuasesorsalud\/adicion-redes-sociales-adolescentes\/"]}]},{"@type":"BreadcrumbList","@id":"https:\/\/www.generali.es\/blog\/tuasesorsalud\/adicion-redes-sociales-adolescentes\/#breadcrumb","itemListElement":[{"@type":"ListItem","position":1,"name":"Home","item":"https:\/\/www.generali.es\/blog\/tuasesorsalud\/"},{"@type":"ListItem","position":2,"name":"Salud","item":"https:\/\/www.generali.es\/blog\/tuasesorsalud\/salud\/"},{"@type":"ListItem","position":3,"name":"Adicci\u00f3n a las redes sociales en adolescentes: se\u00f1ales de alerta y c\u00f3mo ayudar"}]},{"@type":"WebSite","@id":"https:\/\/www.generali.es\/blog\/tuasesorsalud\/#website","url":"https:\/\/www.generali.es\/blog\/tuasesorsalud\/","name":"Tu Asesor de Salud","description":"Blog de Salud de GENERALI","publisher":{"@id":"https:\/\/www.generali.es\/blog\/tuasesorsalud\/#organization"},"potentialAction":[{"@type":"SearchAction","target":{"@type":"EntryPoint","urlTemplate":"https:\/\/www.generali.es\/blog\/tuasesorsalud\/?s={search_term_string}"},"query-input":"required name=search_term_string"}],"inLanguage":"es"},{"@type":"Organization","@id":"https:\/\/www.generali.es\/blog\/tuasesorsalud\/#organization","name":"Tu Asesor de Salud","url":"https:\/\/www.generali.es\/blog\/tuasesorsalud\/","logo":{"@type":"ImageObject","inLanguage":"es","@id":"https:\/\/www.generali.es\/blog\/tuasesorsalud\/#\/schema\/logo\/image\/","url":"https:\/\/www.generali.es\/blog\/tuasesorsalud\/wp-content\/uploads\/2021\/04\/generali.png","contentUrl":"https:\/\/www.generali.es\/blog\/tuasesorsalud\/wp-content\/uploads\/2021\/04\/generali.png","width":100,"height":81,"caption":"Tu Asesor de Salud"},"image":{"@id":"https:\/\/www.generali.es\/blog\/tuasesorsalud\/#\/schema\/logo\/image\/"}},{"@type":"Person","@id":"https:\/\/www.generali.es\/blog\/tuasesorsalud\/#\/schema\/person\/b3e3621e80b273ef3366c6dc945ab47e","name":"Equipo GENERALI","image":{"@type":"ImageObject","inLanguage":"es","@id":"https:\/\/www.generali.es\/blog\/tuasesorsalud\/#\/schema\/person\/image\/","url":"https:\/\/www.generali.es\/blog\/tuasesorsalud\/wp-content\/uploads\/2020\/11\/equipo_generali-150x150.jpg","contentUrl":"https:\/\/www.generali.es\/blog\/tuasesorsalud\/wp-content\/uploads\/2020\/11\/equipo_generali-150x150.jpg","caption":"Equipo GENERALI"},"description":"El equipo de Tu Asesor Salud est\u00e1 compuesto por periodistas y especialistas en la salud, la nutrici\u00f3n, el deporte, la familia as\u00ed como profesionales t\u00e9cnicos de los seguros de salud. Te ayudamos a que tengas una vida m\u00e1s saludable y te ofrecemos contenido \u00fatil para tu d\u00eda a d\u00eda.","sameAs":["https:\/\/www.generali.es\/blog\/tuasesorsalud\/"],"url":"https:\/\/www.generali.es\/blog\/tuasesorsalud\/author\/generali_asesor\/"}]}},"_links":{"self":[{"href":"https:\/\/www.generali.es\/blog\/tuasesorsalud\/wp-json\/wp\/v2\/posts\/7581"}],"collection":[{"href":"https:\/\/www.generali.es\/blog\/tuasesorsalud\/wp-json\/wp\/v2\/posts"}],"about":[{"href":"https:\/\/www.generali.es\/blog\/tuasesorsalud\/wp-json\/wp\/v2\/types\/post"}],"author":[{"embeddable":true,"href":"https:\/\/www.generali.es\/blog\/tuasesorsalud\/wp-json\/wp\/v2\/users\/1"}],"replies":[{"embeddable":true,"href":"https:\/\/www.generali.es\/blog\/tuasesorsalud\/wp-json\/wp\/v2\/comments?post=7581"}],"version-history":[{"count":5,"href":"https:\/\/www.generali.es\/blog\/tuasesorsalud\/wp-json\/wp\/v2\/posts\/7581\/revisions"}],"predecessor-version":[{"id":7587,"href":"https:\/\/www.generali.es\/blog\/tuasesorsalud\/wp-json\/wp\/v2\/posts\/7581\/revisions\/7587"}],"wp:featuredmedia":[{"embeddable":true,"href":"https:\/\/www.generali.es\/blog\/tuasesorsalud\/wp-json\/wp\/v2\/media\/7584"}],"wp:attachment":[{"href":"https:\/\/www.generali.es\/blog\/tuasesorsalud\/wp-json\/wp\/v2\/media?parent=7581"}],"wp:term":[{"taxonomy":"category","embeddable":true,"href":"https:\/\/www.generali.es\/blog\/tuasesorsalud\/wp-json\/wp\/v2\/categories?post=7581"},{"taxonomy":"post_tag","embeddable":true,"href":"https:\/\/www.generali.es\/blog\/tuasesorsalud\/wp-json\/wp\/v2\/tags?post=7581"}],"curies":[{"name":"wp","href":"https:\/\/api.w.org\/{rel}","templated":true}]}}