{"id":7372,"date":"2025-10-23T17:10:00","date_gmt":"2025-10-23T15:10:00","guid":{"rendered":"https:\/\/www.generali.es\/blog\/tuasesorsalud\/?p=7372"},"modified":"2025-10-23T17:10:02","modified_gmt":"2025-10-23T15:10:02","slug":"dermatitis-alimentacion","status":"publish","type":"post","link":"https:\/\/www.generali.es\/blog\/tuasesorsalud\/dermatitis-alimentacion\/","title":{"rendered":"Alimentaci\u00f3n y dermatitis at\u00f3pica: \u00bfQu\u00e9 alimentos puedo comer y cu\u00e1les no?\u00a0\u00a0\u00a0\u00a0"},"content":{"rendered":"\n<p><strong>Gu\u00eda clara de alimentaci\u00f3n para la dermatitis at\u00f3pica. <\/strong>Descubre qu\u00e9 alimentos pueden ayudarte a reducir los brotes, cu\u00e1les evitar y c\u00f3mo cuidar tu piel desde dentro.<\/p>\n\n\n\n<p>Este art\u00edculo est\u00e1 dise\u00f1ado para ofrecer informaci\u00f3n \u00fatil y pr\u00e1ctica, basada en la evidencia cient\u00edfica y la experiencia cl\u00ednica, sobre <strong>la relaci\u00f3n entre la alimentaci\u00f3n y la piel at\u00f3pica<\/strong>.<\/p>\n\n\n\n<div id=\"ez-toc-container\" class=\"ez-toc-v2_0_22 counter-hierarchy counter-decimal\">\n<div class=\"ez-toc-title-container\">\n<p class=\"ez-toc-title\">&Iacute;ndice<\/p>\n<span class=\"ez-toc-title-toggle\"><a class=\"ez-toc-pull-right ez-toc-btn ez-toc-btn-xs ez-toc-btn-default ez-toc-toggle\" style=\"display: none;\"><i class=\"ez-toc-glyphicon ez-toc-icon-toggle\"><\/i><\/a><\/span><\/div>\n<nav><ul class=\"ez-toc-list ez-toc-list-level-1\"><li class=\"ez-toc-page-1 ez-toc-heading-level-2\"><a class=\"ez-toc-link ez-toc-heading-1\" href=\"https:\/\/www.generali.es\/blog\/tuasesorsalud\/dermatitis-alimentacion\/#Alimentacion_y_piel_atopica_como_influye_la_dieta_en_los_brotes\" title=\"Alimentaci\u00f3n y piel at\u00f3pica: c\u00f3mo influye la dieta en los brotes\">Alimentaci\u00f3n y piel at\u00f3pica: c\u00f3mo influye la dieta en los brotes<\/a><\/li><li class=\"ez-toc-page-1 ez-toc-heading-level-2\"><a class=\"ez-toc-link ez-toc-heading-2\" href=\"https:\/\/www.generali.es\/blog\/tuasesorsalud\/dermatitis-alimentacion\/#Que_debes_comer_si_tienes_dermatitis_atopica\" title=\"Qu\u00e9 debes comer si tienes dermatitis at\u00f3pica\">Qu\u00e9 debes comer si tienes dermatitis at\u00f3pica<\/a><ul class=\"ez-toc-list-level-3\"><li class=\"ez-toc-heading-level-3\"><a class=\"ez-toc-link ez-toc-heading-3\" href=\"https:\/\/www.generali.es\/blog\/tuasesorsalud\/dermatitis-alimentacion\/#Fuentes_antiinflamatorias_omega-3_fruta_y_verdura\" title=\"Fuentes antiinflamatorias (omega-3, fruta y verdura)\">Fuentes antiinflamatorias (omega-3, fruta y verdura)<\/a><\/li><li class=\"ez-toc-page-1 ez-toc-heading-level-3\"><a class=\"ez-toc-link ez-toc-heading-4\" href=\"https:\/\/www.generali.es\/blog\/tuasesorsalud\/dermatitis-alimentacion\/#Probioticos_y_prebioticos\" title=\"Probi\u00f3ticos y prebi\u00f3ticos\">Probi\u00f3ticos y prebi\u00f3ticos<\/a><\/li><li class=\"ez-toc-page-1 ez-toc-heading-level-3\"><a class=\"ez-toc-link ez-toc-heading-5\" href=\"https:\/\/www.generali.es\/blog\/tuasesorsalud\/dermatitis-alimentacion\/#Hidratacion_y_micronutrientes_vitamina_D_zinc_selenio\" title=\"Hidrataci\u00f3n y micronutrientes (vitamina D, zinc, selenio)\">Hidrataci\u00f3n y micronutrientes (vitamina D, zinc, selenio)<\/a><\/li><\/ul><\/li><li class=\"ez-toc-page-1 ez-toc-heading-level-2\"><a class=\"ez-toc-link ez-toc-heading-6\" href=\"https:\/\/www.generali.es\/blog\/tuasesorsalud\/dermatitis-alimentacion\/#Que_limitar_o_evitar_Alimentos_que_pueden_empeorar_los_sintomas\" title=\"Qu\u00e9 limitar o evitar: Alimentos que pueden empeorar los s\u00edntomas\">Qu\u00e9 limitar o evitar: Alimentos que pueden empeorar los s\u00edntomas<\/a><ul class=\"ez-toc-list-level-3\"><li class=\"ez-toc-heading-level-3\"><a class=\"ez-toc-link ez-toc-heading-7\" href=\"https:\/\/www.generali.es\/blog\/tuasesorsalud\/dermatitis-alimentacion\/#Ultraprocesados_azucares_libres_y_grasas_trans\" title=\"Ultraprocesados, az\u00facares libres y grasas trans\">Ultraprocesados, az\u00facares libres y grasas trans<\/a><\/li><li class=\"ez-toc-page-1 ez-toc-heading-level-3\"><a class=\"ez-toc-link ez-toc-heading-8\" href=\"https:\/\/www.generali.es\/blog\/tuasesorsalud\/dermatitis-alimentacion\/#Desencadenantes_personales_lacteos_gluten_frutos_secos_histamina\" title=\"Desencadenantes personales (l\u00e1cteos, gluten, frutos secos, histamina)\">Desencadenantes personales (l\u00e1cteos, gluten, frutos secos, histamina)<\/a><\/li><li class=\"ez-toc-page-1 ez-toc-heading-level-3\"><a class=\"ez-toc-link ez-toc-heading-9\" href=\"https:\/\/www.generali.es\/blog\/tuasesorsalud\/dermatitis-alimentacion\/#Alcohol_picante_y_bebidas_energeticas_consumo_con_cautela\" title=\"Alcohol, picante y bebidas energ\u00e9ticas: consumo con cautela\">Alcohol, picante y bebidas energ\u00e9ticas: consumo con cautela<\/a><\/li><\/ul><\/li><li class=\"ez-toc-page-1 ez-toc-heading-level-2\"><a class=\"ez-toc-link ez-toc-heading-10\" href=\"https:\/\/www.generali.es\/blog\/tuasesorsalud\/dermatitis-alimentacion\/#Dermatitis_atopica_en_adultos_y_alimentacion_pautas_practicas\" title=\"Dermatitis at\u00f3pica en adultos y alimentaci\u00f3n: pautas pr\u00e1cticas\">Dermatitis at\u00f3pica en adultos y alimentaci\u00f3n: pautas pr\u00e1cticas<\/a><\/li><li class=\"ez-toc-page-1 ez-toc-heading-level-2\"><a class=\"ez-toc-link ez-toc-heading-11\" href=\"https:\/\/www.generali.es\/blog\/tuasesorsalud\/dermatitis-alimentacion\/#Cuando_consultar_con_dermatologia_y_nutricion_clinica\" title=\"Cu\u00e1ndo consultar con dermatolog\u00eda y nutrici\u00f3n cl\u00ednica\">Cu\u00e1ndo consultar con dermatolog\u00eda y nutrici\u00f3n cl\u00ednica<\/a><\/li><li class=\"ez-toc-page-1 ez-toc-heading-level-2\"><a class=\"ez-toc-link ez-toc-heading-12\" href=\"https:\/\/www.generali.es\/blog\/tuasesorsalud\/dermatitis-alimentacion\/#Preguntas_frecuentes\" title=\"Preguntas frecuentes\">Preguntas frecuentes<\/a><ul class=\"ez-toc-list-level-3\"><li class=\"ez-toc-heading-level-3\"><a class=\"ez-toc-link ez-toc-heading-13\" href=\"https:\/\/www.generali.es\/blog\/tuasesorsalud\/dermatitis-alimentacion\/#%C2%BFQue_dieta_es_mejor_para_la_dermatitis_atopica\" title=\"\u00bfQu\u00e9 dieta es mejor para la dermatitis at\u00f3pica?\">\u00bfQu\u00e9 dieta es mejor para la dermatitis at\u00f3pica?<\/a><\/li><li class=\"ez-toc-page-1 ez-toc-heading-level-3\"><a class=\"ez-toc-link ez-toc-heading-14\" href=\"https:\/\/www.generali.es\/blog\/tuasesorsalud\/dermatitis-alimentacion\/#%C2%BFQue_comer_durante_un_brote_para_calmar_el_picor\" title=\"\u00bfQu\u00e9 comer durante un brote para calmar el picor?\">\u00bfQu\u00e9 comer durante un brote para calmar el picor?<\/a><\/li><li class=\"ez-toc-page-1 ez-toc-heading-level-3\"><a class=\"ez-toc-link ez-toc-heading-15\" href=\"https:\/\/www.generali.es\/blog\/tuasesorsalud\/dermatitis-alimentacion\/#%C2%BFEs_igual_la_pauta_dietetica_en_dermatitis_seborreica_y_atopica\" title=\"\u00bfEs igual la pauta diet\u00e9tica en dermatitis seborreica y at\u00f3pica?\">\u00bfEs igual la pauta diet\u00e9tica en dermatitis seborreica y at\u00f3pica?<\/a><\/li><li class=\"ez-toc-page-1 ez-toc-heading-level-3\"><a class=\"ez-toc-link ez-toc-heading-16\" href=\"https:\/\/www.generali.es\/blog\/tuasesorsalud\/dermatitis-alimentacion\/#%C2%BFPuedo_tomar_lacteos_si_tengo_piel_atopica\" title=\"\u00bfPuedo tomar l\u00e1cteos si tengo piel at\u00f3pica?\">\u00bfPuedo tomar l\u00e1cteos si tengo piel at\u00f3pica?<\/a><\/li><\/ul><\/li><\/ul><\/nav><\/div>\n<h2 class=\"wp-block-heading\"><span class=\"ez-toc-section\" id=\"Alimentacion_y_piel_atopica_como_influye_la_dieta_en_los_brotes\"><\/span>Alimentaci\u00f3n y piel at\u00f3pica: c\u00f3mo influye la dieta en los brotes<span class=\"ez-toc-section-end\"><\/span><\/h2>\n\n\n\n<p>La dermatitis at\u00f3pica es una<strong> enfermedad inflamatoria cr\u00f3nica de la piel que puede verse influida por m\u00faltiples factores, entre ellos la alimentaci\u00f3n<\/strong>. Aunque no existe una dieta \u00fanica que cure la dermatitis, s\u00ed se ha observado que ciertos alimentos pueden modular la respuesta inflamatoria del organismo, afectando la frecuencia e intensidad de los brotes.<\/p>\n\n\n\n<p>Una <strong>dieta equilibrada, rica en nutrientes antiinflamatorios<\/strong>, puede ayudar a mantener la piel m\u00e1s estable y menos reactiva. Adem\u00e1s, evitar ciertos alimentos desencadenantes puede reducir el riesgo de exacerbaciones.<\/p>\n\n\n\n<p>\u25b7&nbsp;Te interesa: &nbsp;&nbsp;&nbsp;&nbsp;&nbsp;<a href=\"https:\/\/www.generali.es\/blog\/tuasesorsalud\/enfermedades-piel-primavera-verano\/\">\u00bfQu\u00e9 enfermedades y afecciones de la piel pueden aparecer en primavera y verano?<\/a><\/p>\n\n\n\n<h2 class=\"wp-block-heading\"><span class=\"ez-toc-section\" id=\"Que_debes_comer_si_tienes_dermatitis_atopica\"><\/span>Qu\u00e9 debes comer si tienes dermatitis at\u00f3pica<span class=\"ez-toc-section-end\"><\/span><\/h2>\n\n\n\n<h3 class=\"wp-block-heading\"><span class=\"ez-toc-section\" id=\"Fuentes_antiinflamatorias_omega-3_fruta_y_verdura\"><\/span>Fuentes antiinflamatorias (omega-3, fruta y verdura)<span class=\"ez-toc-section-end\"><\/span><\/h3>\n\n\n\n<p>Los \u00e1cidos grasos omega-3 presentes en pescados como <strong>el salm\u00f3n, la caballa y las sardinas tienen propiedades antiinflamatorias <\/strong>que pueden beneficiar a personas con dermatitis at\u00f3pica.<\/p>\n\n\n\n<p>Las <strong>frutas y verduras ricas en antioxidantes como la vitamina C, E y betacarotenos <\/strong>tambi\u00e9n ayudan a proteger la piel del da\u00f1o oxidativo.<\/p>\n\n\n\n<p>\u25b7&nbsp;\u00datil para ti:&nbsp; <a href=\"https:\/\/www.generali.es\/blog\/tuasesorsalud\/manchas-blancas-piel-ninos\/\">Manchas blancas en la piel en ni\u00f1os: \u00bfqu\u00e9 puede ser?<\/a><\/p>\n\n\n\n<h3 class=\"wp-block-heading\"><span class=\"ez-toc-section\" id=\"Probioticos_y_prebioticos\"><\/span>Probi\u00f3ticos y prebi\u00f3ticos<span class=\"ez-toc-section-end\"><\/span><\/h3>\n\n\n\n<p>Los probi\u00f3ticos (como los que se encuentran en el yogur natural, k\u00e9fir o chucrut) y los prebi\u00f3ticos (como la fibra de pl\u00e1tanos, cebolla y ajo)<strong> favorecen <\/strong><strong>una microbiota<\/strong>&nbsp;&nbsp;&nbsp;&nbsp; <strong>&nbsp;intestinal saludable<\/strong>.<\/p>\n\n\n\n<p>Una microbiota equilibrada puede mejorar la respuesta inmunol\u00f3gica y reducir la inflamaci\u00f3n sist\u00e9mica, lo que se traduce en una piel m\u00e1s estable.<\/p>\n\n\n\n<h3 class=\"wp-block-heading\"><span class=\"ez-toc-section\" id=\"Hidratacion_y_micronutrientes_vitamina_D_zinc_selenio\"><\/span>Hidrataci\u00f3n y micronutrientes (vitamina D, zinc, selenio)<span class=\"ez-toc-section-end\"><\/span><\/h3>\n\n\n\n<p>Mantener una buena hidrataci\u00f3n es clave para la salud cut\u00e1nea. Adem\u00e1s, <strong>micronutrientes como la vitamina D, el zinc y el selenio participan en procesos inmunol\u00f3gicos y de regeneraci\u00f3n celular<\/strong>.<\/p>\n\n\n\n<p>La vitamina D puede obtenerse mediante exposici\u00f3n solar moderada y alimentos como pescados grasos o suplementos.<\/p>\n\n\n\n<p>\u25b7&nbsp;\u00bfLo sab\u00edas? <a href=\"https:\/\/www.generali.es\/blog\/tuasesorsalud\/tratar-dermatitis-atopica-bebes\/\">C\u00f3mo detectar y tratar la dermatitis at\u00f3pica en beb\u00e9s<\/a><\/p>\n\n\n\n<h2 class=\"wp-block-heading\"><span class=\"ez-toc-section\" id=\"Que_limitar_o_evitar_Alimentos_que_pueden_empeorar_los_sintomas\"><\/span>Qu\u00e9 limitar o evitar: Alimentos que pueden empeorar los s\u00edntomas<span class=\"ez-toc-section-end\"><\/span><\/h2>\n\n\n\n<h3 class=\"wp-block-heading\"><span class=\"ez-toc-section\" id=\"Ultraprocesados_azucares_libres_y_grasas_trans\"><\/span>Ultraprocesados, az\u00facares libres y grasas trans<span class=\"ez-toc-section-end\"><\/span><\/h3>\n\n\n\n<p>Estos alimentos <strong>promueven la inflamaci\u00f3n sist\u00e9mica y pueden agravar los s\u00edntomas de la dermatitis<\/strong>. Evita boller\u00eda industrial, snacks procesados, refrescos azucarados y frituras.<\/p>\n\n\n\n<h3 class=\"wp-block-heading\"><span class=\"ez-toc-section\" id=\"Desencadenantes_personales_lacteos_gluten_frutos_secos_histamina\"><\/span>Desencadenantes personales (l\u00e1cteos, gluten, frutos secos, histamina)<span class=\"ez-toc-section-end\"><\/span><\/h3>\n\n\n\n<p>Algunas personas con dermatitis at\u00f3pica presentan sensibilidad a ciertos alimentos como<strong> los l\u00e1cteos, el gluten, los frutos secos o alimentos ricos en histamina<\/strong> como el tomate, el vino o el marisco.<\/p>\n\n\n\n<p>Es importante identificar estos desencadenantes de forma individual, preferiblemente con ayuda de un profesional.<\/p>\n\n\n\n<p>\u25b7 Esto te interesa: <a href=\"https:\/\/www.generali.es\/blog\/tuasesorsalud\/dermatitis-panal\/\">Dermatitis del pa\u00f1al: \u00bfc\u00f3mo tratarla correctamente?<\/a><\/p>\n\n\n\n<h3 class=\"wp-block-heading\"><span class=\"ez-toc-section\" id=\"Alcohol_picante_y_bebidas_energeticas_consumo_con_cautela\"><\/span>Alcohol, picante y bebidas energ\u00e9ticas: consumo con cautela<span class=\"ez-toc-section-end\"><\/span><\/h3>\n\n\n\n<p>Estas sustancias pueden <strong>alterar la barrera cut\u00e1nea y aumentar la vasodilataci\u00f3n,<\/strong> lo que favorece el picor y la inflamaci\u00f3n. Se recomienda limitar su consumo, especialmente durante los brotes.<\/p>\n\n\n\n<h2 class=\"wp-block-heading\"><span class=\"ez-toc-section\" id=\"Dermatitis_atopica_en_adultos_y_alimentacion_pautas_practicas\"><\/span>Dermatitis at\u00f3pica en adultos y alimentaci\u00f3n: pautas pr\u00e1cticas<span class=\"ez-toc-section-end\"><\/span><\/h2>\n\n\n\n<p>En adultos, la dermatitis at\u00f3pica puede <strong>presentar brotes m\u00e1s persistentes y localizados<\/strong>. La alimentaci\u00f3n debe adaptarse al estilo de vida, considerando factores como el estr\u00e9s, el sue\u00f1o y la actividad f\u00edsica.<\/p>\n\n\n\n<p>Se recomienda llevar un diario alimentario para <strong>identificar posibles desencadenantes, planificar men\u00fas semanales con alimentos antiinflamatorios y evitar ayunos prolongados <\/strong>que puedan alterar el equilibrio inmunol\u00f3gico.<\/p>\n\n\n\n<h2 class=\"wp-block-heading\"><span class=\"ez-toc-section\" id=\"Cuando_consultar_con_dermatologia_y_nutricion_clinica\"><\/span>Cu\u00e1ndo consultar con dermatolog\u00eda y nutrici\u00f3n cl\u00ednica<span class=\"ez-toc-section-end\"><\/span><\/h2>\n\n\n\n<p>Es fundamental <strong>acudir a un dermat\u00f3logo cuando los brotes son frecuentes, intensos o afectan la calidad de vida<\/strong>. Asimismo, un nutricionista cl\u00ednico puede ayudar a dise\u00f1ar una pauta alimentaria personalizada, identificar intolerancias y asegurar una nutrici\u00f3n adecuada.<\/p>\n\n\n\n<p>La colaboraci\u00f3n entre ambos profesionales permite un abordaje integral de la dermatitis at\u00f3pica, mejorando los resultados a largo plazo.<\/p>\n\n\n\n<p>\u25b7 \u00a1Te resultar\u00e1 muy \u00fatil!: <a href=\"https:\/\/www.generali.es\/blog\/tuasesorsalud\/alergias-infantiles-piel\/\">Alergias infantiles en la piel: tipos, causas y tratamientos<\/a><\/p>\n\n\n\n<h2 class=\"wp-block-heading\"><span class=\"ez-toc-section\" id=\"Preguntas_frecuentes\"><\/span>Preguntas frecuentes<span class=\"ez-toc-section-end\"><\/span><\/h2>\n\n\n\n<h3 class=\"wp-block-heading\"><span class=\"ez-toc-section\" id=\"%C2%BFQue_dieta_es_mejor_para_la_dermatitis_atopica\"><\/span>\u00bfQu\u00e9 dieta es mejor para la dermatitis at\u00f3pica?<span class=\"ez-toc-section-end\"><\/span><\/h3>\n\n\n\n<p>Una dieta antiinflamatoria <strong>rica en frutas, verduras, pescados grasos, cereales integrales y baja en ultraprocesados<\/strong>.<\/p>\n\n\n\n<h3 class=\"wp-block-heading\"><span class=\"ez-toc-section\" id=\"%C2%BFQue_comer_durante_un_brote_para_calmar_el_picor\"><\/span>\u00bfQu\u00e9 comer durante un brote para calmar el picor?<span class=\"ez-toc-section-end\"><\/span><\/h3>\n\n\n\n<p><strong>Alimentos ricos en omega-3, agua, infusiones calmantes como la manzanilla<\/strong>, y evitar los irritantes como el picante o el alcohol.<\/p>\n\n\n\n<h3 class=\"wp-block-heading\"><span class=\"ez-toc-section\" id=\"%C2%BFEs_igual_la_pauta_dietetica_en_dermatitis_seborreica_y_atopica\"><\/span>\u00bfEs igual la pauta diet\u00e9tica en dermatitis seborreica y at\u00f3pica?<span class=\"ez-toc-section-end\"><\/span><\/h3>\n\n\n\n<p>No. Aunque comparten algunos principios, la dermatitis seborreica responde <strong>mejor a la reducci\u00f3n de az\u00facares y levaduras,<\/strong> mientras que la at\u00f3pica requiere un enfoque m\u00e1s antiinflamatorio.<\/p>\n\n\n\n<h3 class=\"wp-block-heading\"><span class=\"ez-toc-section\" id=\"%C2%BFPuedo_tomar_lacteos_si_tengo_piel_atopica\"><\/span>\u00bfPuedo tomar l\u00e1cteos si tengo piel at\u00f3pica?<span class=\"ez-toc-section-end\"><\/span><\/h3>\n\n\n\n<p>Depende de cada persona. Si no hay intolerancia o reacci\u00f3n evidente, pueden <strong>consumirse con moderaci\u00f3n<\/strong>. En caso de duda, es mejor consultar con un especialista.<\/p>\n\n\n\n<p>Tu familia y su salud, es lo m\u00e1s importante, por eso la cuidas en todo momento. <strong>Los&nbsp;<\/strong><a href=\"https:\/\/www.generali.es\/seguros-particulares\/salud\"><strong><u>seguros de Salud de GENERALI<\/u><\/strong><\/a><strong>&nbsp;ponen a tu alcance la mayor red m\u00e9dica privada del pa\u00eds, con m\u00e1s de 51.000 especialistas y la mejor calidad de servicios sanitarios.<\/strong><strong><\/strong><\/p>\n\n\n\n<p>Adem\u00e1s, con nuestros seguros de Salud te damos acceso al servicio doctor 24 horas, para que puedas resolver todas tus dudas a trav\u00e9s de una llamada o videoconferencia.&nbsp;<a href=\"https:\/\/www.generali.es\/landings\/seguro-salud\">\u00a1Cons\u00faltanos sin compromiso!<\/a><\/p>\n\n\n\n<script type=\"application\/ld+json\">{\"@context\":\"https:\/\/schema.org\",\"@type\":\"FAQPage\",\"mainEntity\":[{\"@type\":\"Question\",\"name\":\"\u00bfQu\u00e9 dieta es mejor para la dermatitis at\u00f3pica?\",\"acceptedAnswer\":{\"@type\":\"Answer\",\"text\":\"Una dieta antiinflamatoria rica en frutas, verduras, pescados grasos, cereales integrales y baja en ultraprocesados.\"}},{\"@type\":\"Question\",\"name\":\"\u00bfQu\u00e9 comer durante un brote para calmar el picor?\",\"acceptedAnswer\":{\"@type\":\"Answer\",\"text\":\"Alimentos ricos en omega-3, agua, infusiones calmantes como la manzanilla, y evitar los irritantes como el picante o el alcohol.\"}},{\"@type\":\"Question\",\"name\":\"\u00bfEs igual la pauta diet\u00e9tica en dermatitis seborreica y at\u00f3pica?\",\"acceptedAnswer\":{\"@type\":\"Answer\",\"text\":\"No. Aunque comparten algunos principios, la dermatitis seborreica responde mejor a la reducci\u00f3n de az\u00facares y levaduras, mientras que la at\u00f3pica requiere un enfoque m\u00e1s antiinflamatorio.\"}},{\"@type\":\"Question\",\"name\":\"\u00bfPuedo tomar l\u00e1cteos si tengo piel at\u00f3pica?\",\"acceptedAnswer\":{\"@type\":\"Answer\",\"text\":\"Depende de cada persona. Si no hay intolerancia o reacci\u00f3n evidente, pueden consumirse con moderaci\u00f3n. En caso de duda, es mejor consultar con un especialista.\"}}]}<\/script>\n","protected":false},"excerpt":{"rendered":"<p>Gu\u00eda clara de alimentaci\u00f3n para la dermatitis at\u00f3pica. Descubre qu\u00e9 alimentos pueden ayudarte a reducir los brotes, cu\u00e1les evitar y c\u00f3mo cuidar tu piel desde dentro. Este art\u00edculo est\u00e1 dise\u00f1ado para ofrecer informaci\u00f3n \u00fatil y pr\u00e1ctica, basada en la evidencia cient\u00edfica y la experiencia cl\u00ednica, sobre la relaci\u00f3n entre la alimentaci\u00f3n y la piel at\u00f3pica. [&hellip;]<\/p>\n","protected":false},"author":1,"featured_media":7373,"comment_status":"open","ping_status":"open","sticky":false,"template":"","format":"standard","meta":{"footnotes":""},"categories":[5],"tags":[],"yoast_head":"<!-- This site is optimized with the Yoast SEO plugin v21.6 - https:\/\/yoast.com\/wordpress\/plugins\/seo\/ -->\n<title>Alimentaci\u00f3n y Dermatitis At\u00f3pica \u2192 Qu\u00e9 Comer y Qu\u00e9 Evitar<\/title>\n<meta name=\"description\" content=\"Gu\u00eda clara de alimentaci\u00f3n para la dermatitis at\u00f3pica \u27a4 Qu\u00e9 comer, qu\u00e9 evitar y trucos para reducir brotes \u261d Consulta nuestro post y cuida tu piel\" \/>\n<meta name=\"robots\" content=\"index, follow, max-snippet:-1, max-image-preview:large, max-video-preview:-1\" \/>\n<link rel=\"canonical\" href=\"https:\/\/www.generali.es\/blog\/tuasesorsalud\/dermatitis-alimentacion\/\" \/>\n<meta name=\"twitter:label1\" content=\"Escrito por\" \/>\n\t<meta name=\"twitter:data1\" content=\"Equipo GENERALI\" \/>\n\t<meta name=\"twitter:label2\" content=\"Tiempo de lectura\" \/>\n\t<meta name=\"twitter:data2\" content=\"4 minutos\" \/>\n<script type=\"application\/ld+json\" class=\"yoast-schema-graph\">{\"@context\":\"https:\/\/schema.org\",\"@graph\":[{\"@type\":\"Article\",\"@id\":\"https:\/\/www.generali.es\/blog\/tuasesorsalud\/dermatitis-alimentacion\/#article\",\"isPartOf\":{\"@id\":\"https:\/\/www.generali.es\/blog\/tuasesorsalud\/dermatitis-alimentacion\/\"},\"author\":{\"name\":\"Equipo GENERALI\",\"@id\":\"https:\/\/www.generali.es\/blog\/tuasesorsalud\/#\/schema\/person\/b3e3621e80b273ef3366c6dc945ab47e\"},\"headline\":\"Alimentaci\u00f3n y dermatitis at\u00f3pica: \u00bfQu\u00e9 alimentos puedo comer y cu\u00e1les no?\u00a0\u00a0\u00a0\u00a0\",\"datePublished\":\"2025-10-23T15:10:00+00:00\",\"dateModified\":\"2025-10-23T15:10:02+00:00\",\"mainEntityOfPage\":{\"@id\":\"https:\/\/www.generali.es\/blog\/tuasesorsalud\/dermatitis-alimentacion\/\"},\"wordCount\":965,\"commentCount\":0,\"publisher\":{\"@id\":\"https:\/\/www.generali.es\/blog\/tuasesorsalud\/#organization\"},\"articleSection\":[\"Alimentaci\u00f3n\"],\"inLanguage\":\"es\",\"potentialAction\":[{\"@type\":\"CommentAction\",\"name\":\"Comment\",\"target\":[\"https:\/\/www.generali.es\/blog\/tuasesorsalud\/dermatitis-alimentacion\/#respond\"]}]},{\"@type\":\"WebPage\",\"@id\":\"https:\/\/www.generali.es\/blog\/tuasesorsalud\/dermatitis-alimentacion\/\",\"url\":\"https:\/\/www.generali.es\/blog\/tuasesorsalud\/dermatitis-alimentacion\/\",\"name\":\"Alimentaci\u00f3n y Dermatitis At\u00f3pica \u2192 Qu\u00e9 Comer y Qu\u00e9 Evitar\",\"isPartOf\":{\"@id\":\"https:\/\/www.generali.es\/blog\/tuasesorsalud\/#website\"},\"datePublished\":\"2025-10-23T15:10:00+00:00\",\"dateModified\":\"2025-10-23T15:10:02+00:00\",\"description\":\"Gu\u00eda clara de alimentaci\u00f3n para la dermatitis at\u00f3pica \u27a4 Qu\u00e9 comer, qu\u00e9 evitar y trucos para reducir brotes \u261d Consulta nuestro post y cuida tu piel\",\"breadcrumb\":{\"@id\":\"https:\/\/www.generali.es\/blog\/tuasesorsalud\/dermatitis-alimentacion\/#breadcrumb\"},\"inLanguage\":\"es\",\"potentialAction\":[{\"@type\":\"ReadAction\",\"target\":[\"https:\/\/www.generali.es\/blog\/tuasesorsalud\/dermatitis-alimentacion\/\"]}]},{\"@type\":\"BreadcrumbList\",\"@id\":\"https:\/\/www.generali.es\/blog\/tuasesorsalud\/dermatitis-alimentacion\/#breadcrumb\",\"itemListElement\":[{\"@type\":\"ListItem\",\"position\":1,\"name\":\"Home\",\"item\":\"https:\/\/www.generali.es\/blog\/tuasesorsalud\/\"},{\"@type\":\"ListItem\",\"position\":2,\"name\":\"Alimentaci\u00f3n\",\"item\":\"https:\/\/www.generali.es\/blog\/tuasesorsalud\/alimentacion\/\"},{\"@type\":\"ListItem\",\"position\":3,\"name\":\"Alimentaci\u00f3n y dermatitis at\u00f3pica: \u00bfQu\u00e9 alimentos puedo comer y cu\u00e1les no?\u00a0\u00a0\u00a0\u00a0\"}]},{\"@type\":\"WebSite\",\"@id\":\"https:\/\/www.generali.es\/blog\/tuasesorsalud\/#website\",\"url\":\"https:\/\/www.generali.es\/blog\/tuasesorsalud\/\",\"name\":\"Tu Asesor de Salud\",\"description\":\"Blog de Salud de GENERALI\",\"publisher\":{\"@id\":\"https:\/\/www.generali.es\/blog\/tuasesorsalud\/#organization\"},\"potentialAction\":[{\"@type\":\"SearchAction\",\"target\":{\"@type\":\"EntryPoint\",\"urlTemplate\":\"https:\/\/www.generali.es\/blog\/tuasesorsalud\/?s={search_term_string}\"},\"query-input\":\"required name=search_term_string\"}],\"inLanguage\":\"es\"},{\"@type\":\"Organization\",\"@id\":\"https:\/\/www.generali.es\/blog\/tuasesorsalud\/#organization\",\"name\":\"Tu Asesor de Salud\",\"url\":\"https:\/\/www.generali.es\/blog\/tuasesorsalud\/\",\"logo\":{\"@type\":\"ImageObject\",\"inLanguage\":\"es\",\"@id\":\"https:\/\/www.generali.es\/blog\/tuasesorsalud\/#\/schema\/logo\/image\/\",\"url\":\"https:\/\/www.generali.es\/blog\/tuasesorsalud\/wp-content\/uploads\/2021\/04\/generali.png\",\"contentUrl\":\"https:\/\/www.generali.es\/blog\/tuasesorsalud\/wp-content\/uploads\/2021\/04\/generali.png\",\"width\":100,\"height\":81,\"caption\":\"Tu Asesor de Salud\"},\"image\":{\"@id\":\"https:\/\/www.generali.es\/blog\/tuasesorsalud\/#\/schema\/logo\/image\/\"}},{\"@type\":\"Person\",\"@id\":\"https:\/\/www.generali.es\/blog\/tuasesorsalud\/#\/schema\/person\/b3e3621e80b273ef3366c6dc945ab47e\",\"name\":\"Equipo GENERALI\",\"image\":{\"@type\":\"ImageObject\",\"inLanguage\":\"es\",\"@id\":\"https:\/\/www.generali.es\/blog\/tuasesorsalud\/#\/schema\/person\/image\/\",\"url\":\"https:\/\/www.generali.es\/blog\/tuasesorsalud\/wp-content\/uploads\/2020\/11\/equipo_generali-150x150.jpg\",\"contentUrl\":\"https:\/\/www.generali.es\/blog\/tuasesorsalud\/wp-content\/uploads\/2020\/11\/equipo_generali-150x150.jpg\",\"caption\":\"Equipo GENERALI\"},\"description\":\"El equipo de Tu Asesor Salud est\u00e1 compuesto por periodistas y especialistas en la salud, la nutrici\u00f3n, el deporte, la familia as\u00ed como profesionales t\u00e9cnicos de los seguros de salud. Te ayudamos a que tengas una vida m\u00e1s saludable y te ofrecemos contenido \u00fatil para tu d\u00eda a d\u00eda.\",\"sameAs\":[\"https:\/\/www.generali.es\/blog\/tuasesorsalud\/\"],\"url\":\"https:\/\/www.generali.es\/blog\/tuasesorsalud\/author\/generali_asesor\/\"}]}<\/script>\n<!-- \/ Yoast SEO plugin. -->","yoast_head_json":{"title":"Alimentaci\u00f3n y Dermatitis At\u00f3pica \u2192 Qu\u00e9 Comer y Qu\u00e9 Evitar","description":"Gu\u00eda clara de alimentaci\u00f3n para la dermatitis at\u00f3pica \u27a4 Qu\u00e9 comer, qu\u00e9 evitar y trucos para reducir brotes \u261d Consulta nuestro post y cuida tu piel","robots":{"index":"index","follow":"follow","max-snippet":"max-snippet:-1","max-image-preview":"max-image-preview:large","max-video-preview":"max-video-preview:-1"},"canonical":"https:\/\/www.generali.es\/blog\/tuasesorsalud\/dermatitis-alimentacion\/","twitter_misc":{"Escrito por":"Equipo GENERALI","Tiempo de lectura":"4 minutos"},"schema":{"@context":"https:\/\/schema.org","@graph":[{"@type":"Article","@id":"https:\/\/www.generali.es\/blog\/tuasesorsalud\/dermatitis-alimentacion\/#article","isPartOf":{"@id":"https:\/\/www.generali.es\/blog\/tuasesorsalud\/dermatitis-alimentacion\/"},"author":{"name":"Equipo GENERALI","@id":"https:\/\/www.generali.es\/blog\/tuasesorsalud\/#\/schema\/person\/b3e3621e80b273ef3366c6dc945ab47e"},"headline":"Alimentaci\u00f3n y dermatitis at\u00f3pica: \u00bfQu\u00e9 alimentos puedo comer y cu\u00e1les no?\u00a0\u00a0\u00a0\u00a0","datePublished":"2025-10-23T15:10:00+00:00","dateModified":"2025-10-23T15:10:02+00:00","mainEntityOfPage":{"@id":"https:\/\/www.generali.es\/blog\/tuasesorsalud\/dermatitis-alimentacion\/"},"wordCount":965,"commentCount":0,"publisher":{"@id":"https:\/\/www.generali.es\/blog\/tuasesorsalud\/#organization"},"articleSection":["Alimentaci\u00f3n"],"inLanguage":"es","potentialAction":[{"@type":"CommentAction","name":"Comment","target":["https:\/\/www.generali.es\/blog\/tuasesorsalud\/dermatitis-alimentacion\/#respond"]}]},{"@type":"WebPage","@id":"https:\/\/www.generali.es\/blog\/tuasesorsalud\/dermatitis-alimentacion\/","url":"https:\/\/www.generali.es\/blog\/tuasesorsalud\/dermatitis-alimentacion\/","name":"Alimentaci\u00f3n y Dermatitis At\u00f3pica \u2192 Qu\u00e9 Comer y Qu\u00e9 Evitar","isPartOf":{"@id":"https:\/\/www.generali.es\/blog\/tuasesorsalud\/#website"},"datePublished":"2025-10-23T15:10:00+00:00","dateModified":"2025-10-23T15:10:02+00:00","description":"Gu\u00eda clara de alimentaci\u00f3n para la dermatitis at\u00f3pica \u27a4 Qu\u00e9 comer, qu\u00e9 evitar y trucos para reducir brotes \u261d Consulta nuestro post y cuida tu piel","breadcrumb":{"@id":"https:\/\/www.generali.es\/blog\/tuasesorsalud\/dermatitis-alimentacion\/#breadcrumb"},"inLanguage":"es","potentialAction":[{"@type":"ReadAction","target":["https:\/\/www.generali.es\/blog\/tuasesorsalud\/dermatitis-alimentacion\/"]}]},{"@type":"BreadcrumbList","@id":"https:\/\/www.generali.es\/blog\/tuasesorsalud\/dermatitis-alimentacion\/#breadcrumb","itemListElement":[{"@type":"ListItem","position":1,"name":"Home","item":"https:\/\/www.generali.es\/blog\/tuasesorsalud\/"},{"@type":"ListItem","position":2,"name":"Alimentaci\u00f3n","item":"https:\/\/www.generali.es\/blog\/tuasesorsalud\/alimentacion\/"},{"@type":"ListItem","position":3,"name":"Alimentaci\u00f3n y dermatitis at\u00f3pica: \u00bfQu\u00e9 alimentos puedo comer y cu\u00e1les no?\u00a0\u00a0\u00a0\u00a0"}]},{"@type":"WebSite","@id":"https:\/\/www.generali.es\/blog\/tuasesorsalud\/#website","url":"https:\/\/www.generali.es\/blog\/tuasesorsalud\/","name":"Tu Asesor de Salud","description":"Blog de Salud de GENERALI","publisher":{"@id":"https:\/\/www.generali.es\/blog\/tuasesorsalud\/#organization"},"potentialAction":[{"@type":"SearchAction","target":{"@type":"EntryPoint","urlTemplate":"https:\/\/www.generali.es\/blog\/tuasesorsalud\/?s={search_term_string}"},"query-input":"required name=search_term_string"}],"inLanguage":"es"},{"@type":"Organization","@id":"https:\/\/www.generali.es\/blog\/tuasesorsalud\/#organization","name":"Tu Asesor de Salud","url":"https:\/\/www.generali.es\/blog\/tuasesorsalud\/","logo":{"@type":"ImageObject","inLanguage":"es","@id":"https:\/\/www.generali.es\/blog\/tuasesorsalud\/#\/schema\/logo\/image\/","url":"https:\/\/www.generali.es\/blog\/tuasesorsalud\/wp-content\/uploads\/2021\/04\/generali.png","contentUrl":"https:\/\/www.generali.es\/blog\/tuasesorsalud\/wp-content\/uploads\/2021\/04\/generali.png","width":100,"height":81,"caption":"Tu Asesor de Salud"},"image":{"@id":"https:\/\/www.generali.es\/blog\/tuasesorsalud\/#\/schema\/logo\/image\/"}},{"@type":"Person","@id":"https:\/\/www.generali.es\/blog\/tuasesorsalud\/#\/schema\/person\/b3e3621e80b273ef3366c6dc945ab47e","name":"Equipo GENERALI","image":{"@type":"ImageObject","inLanguage":"es","@id":"https:\/\/www.generali.es\/blog\/tuasesorsalud\/#\/schema\/person\/image\/","url":"https:\/\/www.generali.es\/blog\/tuasesorsalud\/wp-content\/uploads\/2020\/11\/equipo_generali-150x150.jpg","contentUrl":"https:\/\/www.generali.es\/blog\/tuasesorsalud\/wp-content\/uploads\/2020\/11\/equipo_generali-150x150.jpg","caption":"Equipo GENERALI"},"description":"El equipo de Tu Asesor Salud est\u00e1 compuesto por periodistas y especialistas en la salud, la nutrici\u00f3n, el deporte, la familia as\u00ed como profesionales t\u00e9cnicos de los seguros de salud. Te ayudamos a que tengas una vida m\u00e1s saludable y te ofrecemos contenido \u00fatil para tu d\u00eda a d\u00eda.","sameAs":["https:\/\/www.generali.es\/blog\/tuasesorsalud\/"],"url":"https:\/\/www.generali.es\/blog\/tuasesorsalud\/author\/generali_asesor\/"}]}},"_links":{"self":[{"href":"https:\/\/www.generali.es\/blog\/tuasesorsalud\/wp-json\/wp\/v2\/posts\/7372"}],"collection":[{"href":"https:\/\/www.generali.es\/blog\/tuasesorsalud\/wp-json\/wp\/v2\/posts"}],"about":[{"href":"https:\/\/www.generali.es\/blog\/tuasesorsalud\/wp-json\/wp\/v2\/types\/post"}],"author":[{"embeddable":true,"href":"https:\/\/www.generali.es\/blog\/tuasesorsalud\/wp-json\/wp\/v2\/users\/1"}],"replies":[{"embeddable":true,"href":"https:\/\/www.generali.es\/blog\/tuasesorsalud\/wp-json\/wp\/v2\/comments?post=7372"}],"version-history":[{"count":3,"href":"https:\/\/www.generali.es\/blog\/tuasesorsalud\/wp-json\/wp\/v2\/posts\/7372\/revisions"}],"predecessor-version":[{"id":7376,"href":"https:\/\/www.generali.es\/blog\/tuasesorsalud\/wp-json\/wp\/v2\/posts\/7372\/revisions\/7376"}],"wp:featuredmedia":[{"embeddable":true,"href":"https:\/\/www.generali.es\/blog\/tuasesorsalud\/wp-json\/wp\/v2\/media\/7373"}],"wp:attachment":[{"href":"https:\/\/www.generali.es\/blog\/tuasesorsalud\/wp-json\/wp\/v2\/media?parent=7372"}],"wp:term":[{"taxonomy":"category","embeddable":true,"href":"https:\/\/www.generali.es\/blog\/tuasesorsalud\/wp-json\/wp\/v2\/categories?post=7372"},{"taxonomy":"post_tag","embeddable":true,"href":"https:\/\/www.generali.es\/blog\/tuasesorsalud\/wp-json\/wp\/v2\/tags?post=7372"}],"curies":[{"name":"wp","href":"https:\/\/api.w.org\/{rel}","templated":true}]}}