{"id":7110,"date":"2025-06-04T18:58:00","date_gmt":"2025-06-04T16:58:00","guid":{"rendered":"https:\/\/www.generali.es\/blog\/tuasesorsalud\/?p=7110"},"modified":"2025-06-16T13:39:55","modified_gmt":"2025-06-16T11:39:55","slug":"dermatitis-panal","status":"publish","type":"post","link":"https:\/\/www.generali.es\/blog\/tuasesorsalud\/dermatitis-panal\/","title":{"rendered":"Dermatitis del pa\u00f1al: \u00bfc\u00f3mo tratarla correctamente?"},"content":{"rendered":"<p>La <strong>dermatitis del pa\u00f1al<\/strong> es una afecci\u00f3n muy com\u00fan en <strong>beb\u00e9s de 4 a 15 meses de edad<\/strong>. Se trata de unas erupciones que aparecen en la zona del pa\u00f1al afectando especialmente al abdomen, las nalgas o los genitales. Algunas personas conocen esta inflamaci\u00f3n de la piel como <strong>pa\u00f1alitis<\/strong>, y puede tener distintos or\u00edgenes.<\/p>\n<div id=\"ez-toc-container\" class=\"ez-toc-v2_0_22 counter-hierarchy counter-decimal\">\n<div class=\"ez-toc-title-container\">\n<p class=\"ez-toc-title\">&Iacute;ndice<\/p>\n<span class=\"ez-toc-title-toggle\"><a class=\"ez-toc-pull-right ez-toc-btn ez-toc-btn-xs ez-toc-btn-default ez-toc-toggle\" style=\"display: none;\"><i class=\"ez-toc-glyphicon ez-toc-icon-toggle\"><\/i><\/a><\/span><\/div>\n<nav><ul class=\"ez-toc-list ez-toc-list-level-1\"><li class=\"ez-toc-page-1 ez-toc-heading-level-2\"><a class=\"ez-toc-link ez-toc-heading-1\" href=\"https:\/\/www.generali.es\/blog\/tuasesorsalud\/dermatitis-panal\/#%C2%BFQue_es_la_dermatitis_del_panal\" title=\"\u00bfQu\u00e9 es la dermatitis del pa\u00f1al?\">\u00bfQu\u00e9 es la dermatitis del pa\u00f1al?<\/a><\/li><li class=\"ez-toc-page-1 ez-toc-heading-level-2\"><a class=\"ez-toc-link ez-toc-heading-2\" href=\"https:\/\/www.generali.es\/blog\/tuasesorsalud\/dermatitis-panal\/#Principales_causas_de_la_dermatitis_del_panal\" title=\"Principales causas de la dermatitis del pa\u00f1al\">Principales causas de la dermatitis del pa\u00f1al<\/a><ul class=\"ez-toc-list-level-3\"><li class=\"ez-toc-heading-level-3\"><a class=\"ez-toc-link ez-toc-heading-3\" href=\"https:\/\/www.generali.es\/blog\/tuasesorsalud\/dermatitis-panal\/#Humedad\" title=\"Humedad\">Humedad<\/a><\/li><li class=\"ez-toc-page-1 ez-toc-heading-level-3\"><a class=\"ez-toc-link ez-toc-heading-4\" href=\"https:\/\/www.generali.es\/blog\/tuasesorsalud\/dermatitis-panal\/#Rozaduras\" title=\"Rozaduras\">Rozaduras<\/a><\/li><li class=\"ez-toc-page-1 ez-toc-heading-level-3\"><a class=\"ez-toc-link ez-toc-heading-5\" href=\"https:\/\/www.generali.es\/blog\/tuasesorsalud\/dermatitis-panal\/#Infecciones\" title=\"Infecciones\">Infecciones<\/a><\/li><li class=\"ez-toc-page-1 ez-toc-heading-level-3\"><a class=\"ez-toc-link ez-toc-heading-6\" href=\"https:\/\/www.generali.es\/blog\/tuasesorsalud\/dermatitis-panal\/#Reaccion_alergica\" title=\"Reacci\u00f3n al\u00e9rgica\">Reacci\u00f3n al\u00e9rgica<\/a><\/li><li class=\"ez-toc-page-1 ez-toc-heading-level-3\"><a class=\"ez-toc-link ez-toc-heading-7\" href=\"https:\/\/www.generali.es\/blog\/tuasesorsalud\/dermatitis-panal\/#Cambios_en_la_alimentacion\" title=\"Cambios en la alimentaci\u00f3n\">Cambios en la alimentaci\u00f3n<\/a><\/li><\/ul><\/li><li class=\"ez-toc-page-1 ez-toc-heading-level-2\"><a class=\"ez-toc-link ez-toc-heading-8\" href=\"https:\/\/www.generali.es\/blog\/tuasesorsalud\/dermatitis-panal\/#%C2%BFCuales_son_los_sintomas_de_la_dermatitis_del_panal\" title=\"\u00bfCu\u00e1les son los s\u00edntomas de la dermatitis del pa\u00f1al?\">\u00bfCu\u00e1les son los s\u00edntomas de la dermatitis del pa\u00f1al?<\/a><\/li><li class=\"ez-toc-page-1 ez-toc-heading-level-2\"><a class=\"ez-toc-link ez-toc-heading-9\" href=\"https:\/\/www.generali.es\/blog\/tuasesorsalud\/dermatitis-panal\/#%C2%BFComo_identificar_si_tu_bebe_tiene_dermatitis_del_panal\" title=\"\u00bfC\u00f3mo identificar si tu beb\u00e9 tiene dermatitis del pa\u00f1al?\">\u00bfC\u00f3mo identificar si tu beb\u00e9 tiene dermatitis del pa\u00f1al?<\/a><\/li><li class=\"ez-toc-page-1 ez-toc-heading-level-2\"><a class=\"ez-toc-link ez-toc-heading-10\" href=\"https:\/\/www.generali.es\/blog\/tuasesorsalud\/dermatitis-panal\/#%C2%BFQue_hacer_si_aparecen_hongos_en_el_panal_del_bebe\" title=\"\u00bfQu\u00e9 hacer si aparecen hongos en el pa\u00f1al del beb\u00e9?\">\u00bfQu\u00e9 hacer si aparecen hongos en el pa\u00f1al del beb\u00e9?<\/a><\/li><li class=\"ez-toc-page-1 ez-toc-heading-level-2\"><a class=\"ez-toc-link ez-toc-heading-11\" href=\"https:\/\/www.generali.es\/blog\/tuasesorsalud\/dermatitis-panal\/#Tratamiento_de_la_dermatitis_del_panal\" title=\"Tratamiento de la dermatitis del pa\u00f1al\">Tratamiento de la dermatitis del pa\u00f1al<\/a><\/li><li class=\"ez-toc-page-1 ez-toc-heading-level-2\"><a class=\"ez-toc-link ez-toc-heading-12\" href=\"https:\/\/www.generali.es\/blog\/tuasesorsalud\/dermatitis-panal\/#Como_prevenir_la_dermatitis_del_panal_en_bebes\" title=\"C\u00f3mo prevenir la dermatitis del pa\u00f1al en beb\u00e9s\">C\u00f3mo prevenir la dermatitis del pa\u00f1al en beb\u00e9s<\/a><\/li><li class=\"ez-toc-page-1 ez-toc-heading-level-2\"><a class=\"ez-toc-link ez-toc-heading-13\" href=\"https:\/\/www.generali.es\/blog\/tuasesorsalud\/dermatitis-panal\/#Preguntas_frecuentes\" title=\"Preguntas frecuentes\">Preguntas frecuentes<\/a><ul class=\"ez-toc-list-level-3\"><li class=\"ez-toc-heading-level-3\"><a class=\"ez-toc-link ez-toc-heading-14\" href=\"https:\/\/www.generali.es\/blog\/tuasesorsalud\/dermatitis-panal\/#%C2%BFCual_es_la_mejor_crema_para_la_dermatitis_del_panal\" title=\"\u00bfCu\u00e1l es la mejor crema para la dermatitis del pa\u00f1al?\">\u00bfCu\u00e1l es la mejor crema para la dermatitis del pa\u00f1al?<\/a><\/li><li class=\"ez-toc-page-1 ez-toc-heading-level-3\"><a class=\"ez-toc-link ez-toc-heading-15\" href=\"https:\/\/www.generali.es\/blog\/tuasesorsalud\/dermatitis-panal\/#%C2%BFComo_saber_si_la_irritacion_del_panal_en_bebes_es_por_hongos\" title=\"\u00bfC\u00f3mo saber si la irritaci\u00f3n del pa\u00f1al en beb\u00e9s es por hongos?\">\u00bfC\u00f3mo saber si la irritaci\u00f3n del pa\u00f1al en beb\u00e9s es por hongos?<\/a><\/li><li class=\"ez-toc-page-1 ez-toc-heading-level-3\"><a class=\"ez-toc-link ez-toc-heading-16\" href=\"https:\/\/www.generali.es\/blog\/tuasesorsalud\/dermatitis-panal\/#%C2%BFCada_cuanto_debo_cambiar_el_panal_para_evitar_la_dermatitis\" title=\"\u00bfCada cu\u00e1nto debo cambiar el pa\u00f1al para evitar la dermatitis?\">\u00bfCada cu\u00e1nto debo cambiar el pa\u00f1al para evitar la dermatitis?<\/a><\/li><li class=\"ez-toc-page-1 ez-toc-heading-level-3\"><a class=\"ez-toc-link ez-toc-heading-17\" href=\"https:\/\/www.generali.es\/blog\/tuasesorsalud\/dermatitis-panal\/#%C2%BFLa_candida_en_bebes_requiere_un_tratamiento_especial\" title=\"\u00bfLa c\u00e1ndida en beb\u00e9s requiere un tratamiento especial?\">\u00bfLa c\u00e1ndida en beb\u00e9s requiere un tratamiento especial?<\/a><\/li><li class=\"ez-toc-page-1 ez-toc-heading-level-3\"><a class=\"ez-toc-link ez-toc-heading-18\" href=\"https:\/\/www.generali.es\/blog\/tuasesorsalud\/dermatitis-panal\/#%C2%BFDebo_banar_a_mi_bebe_si_tiene_dermatitis_del_panal\" title=\"\u00bfDebo ba\u00f1ar a mi beb\u00e9 si tiene dermatitis del pa\u00f1al?\">\u00bfDebo ba\u00f1ar a mi beb\u00e9 si tiene dermatitis del pa\u00f1al?<\/a><\/li><\/ul><\/li><\/ul><\/nav><\/div>\n<h2><span class=\"ez-toc-section\" id=\"%C2%BFQue_es_la_dermatitis_del_panal\"><\/span><strong>\u00bfQu\u00e9 es la dermatitis del pa\u00f1al?<\/strong><span class=\"ez-toc-section-end\"><\/span><\/h2>\n<p>La <strong>dermatitis del pa\u00f1al es un sarpullido de la piel<\/strong> que suele relacionarse con el contacto de la piel con <strong>pa\u00f1ales sucios o mojados<\/strong>. En ocasiones tambi\u00e9n aparece por la fricci\u00f3n del tejido con la piel.<\/p>\n<p>La combinaci\u00f3n de algunos factores termina provocando que la barrera cut\u00e1nea de la piel se altere, dando lugar a la <strong>aparici\u00f3n de rojeces<\/strong>. Es habitual que estas zonas terminen por infectarse por bacterias y den lugar a la aparici\u00f3n de un hongo llamado <strong><em>candida albicans<\/em><\/strong>.<\/p>\n<p>Esta dermatitis del beb\u00e9 de pa\u00f1al <strong>suele afectar al abdomen, los gl\u00fateos y los genitales<\/strong>. En algunas ocasiones las rojeces pueden llevar a descender hasta la mitad de los muslos.<\/p>\n<p><strong>\u25b7<\/strong><strong> Te interesa<\/strong>: C\u00f3mo detectar y tratar la <a href=\"https:\/\/www.generali.es\/blog\/tuasesorsalud\/tratar-dermatitis-atopica-bebes\/\" rel=\"noopener\" target=\"_blank\" title=\"dermatitis at\u00f3pica en beb\u00e9s\">dermatitis at\u00f3pica en beb\u00e9s<\/a><\/p>\n<h2><span class=\"ez-toc-section\" id=\"Principales_causas_de_la_dermatitis_del_panal\"><\/span><strong>Principales causas de la dermatitis del pa\u00f1al<\/strong><span class=\"ez-toc-section-end\"><\/span><\/h2>\n<p>Existen distintas causas que originan la dermatitis del pa\u00f1al. Estas son las m\u00e1s comunes.<\/p>\n<h3><span class=\"ez-toc-section\" id=\"Humedad\"><\/span>Humedad<span class=\"ez-toc-section-end\"><\/span><\/h3>\n<p>El exceso de humedad cuando el <strong>pa\u00f1al est\u00e1 mojado<\/strong> o <strong>lleva mucho tiempo sin cambiarse<\/strong> es un caldo de cultivo perfecto para la aparici\u00f3n de sarpullido en la zona. Esto se debe a que la piel de los beb\u00e9s todav\u00eda no cuenta con una protecci\u00f3n \u00f3ptima y tiende a irritarse con m\u00e1s facilidad.<\/p>\n<h3><span class=\"ez-toc-section\" id=\"Rozaduras\"><\/span>Rozaduras<span class=\"ez-toc-section-end\"><\/span><\/h3>\n<p>La fricci\u00f3n de los tejidos del pa\u00f1al cuando el beb\u00e9 realiza movimientos o <strong>si el pa\u00f1al est\u00e1 muy ajustado<\/strong> tambi\u00e9n puede ser el origen de estos sarpullidos. Conviene siempre revisar la talla del pa\u00f1al y evitar apretarlo en exceso. Se le conoce como <strong>dermatitis irritativa<\/strong>.<\/p>\n<p><strong>\u25b7<\/strong><strong> \u00bfLo sab\u00edas?<\/strong> <a href=\"https:\/\/www.generali.es\/blog\/tuasesorsalud\/enfermedades-comunes-bebes-primer-ano\/\" rel=\"noopener\" target=\"_blank\">Gu\u00eda de enfermedades comunes en beb\u00e9s y ni\u00f1os<\/a><\/p>\n<h3><span class=\"ez-toc-section\" id=\"Infecciones\"><\/span>Infecciones<span class=\"ez-toc-section-end\"><\/span><\/h3>\n<p>Otra causa de esta patolog\u00eda tiene que ver con el crecimiento excesivo de un tipo de hongo que se encuentra de forma natural en el tubo digestivo. Puede dar lugar a una infecci\u00f3n causada por una <strong>c\u00e1ndida en beb\u00e9s por el pa\u00f1al<\/strong>.<\/p>\n<p>Se caracteriza por presentar un <strong>color de piel rojizo brillante<\/strong> con los bordes de la erupci\u00f3n bien delimitados. En ocasiones tambi\u00e9n pueden aparecer <strong>bultos o granitos en la zona<\/strong> afectada.<\/p>\n<p>\u2705<strong> Recuerda<\/strong>: la candidiasis del pa\u00f1al puede desarrollarse tras el tratamiento de tu beb\u00e9 con alg\u00fan antibi\u00f3tico.<\/p>\n<h3><span class=\"ez-toc-section\" id=\"Reaccion_alergica\"><\/span>Reacci\u00f3n al\u00e9rgica<span class=\"ez-toc-section-end\"><\/span><\/h3>\n<p>En ocasiones los beb\u00e9s pueden presentar alguna <strong>reacci\u00f3n al\u00e9rgica<\/strong> a un producto como <strong>crema, tejidos de los pa\u00f1ales el\u00e1sticos o toallitas<\/strong>. Por ejemplo, si contienen alguna fragancia irritativa. Es com\u00fan que el sarpullido aparezca tras el contacto con el producto en cuesti\u00f3n.<\/p>\n<h3><span class=\"ez-toc-section\" id=\"Cambios_en_la_alimentacion\"><\/span>Cambios en la alimentaci\u00f3n<span class=\"ez-toc-section-end\"><\/span><\/h3>\n<p>Otro factor que puede influir en la aparici\u00f3n de la dermatitis del pa\u00f1al son los <strong>cambios de alimentaci\u00f3n<\/strong>, especialmente cuando se introducen alimentos s\u00f3lidos en la dieta. Esto cambia el contenido de las heces o incluso la frecuencia de estas.<\/p>\n<h2><span class=\"ez-toc-section\" id=\"%C2%BFCuales_son_los_sintomas_de_la_dermatitis_del_panal\"><\/span><strong>\u00bfCu\u00e1les son los s\u00edntomas de la dermatitis del pa\u00f1al?<\/strong><span class=\"ez-toc-section-end\"><\/span><\/h2>\n<p>Repasamos los principales s\u00edntomas de la dermatitis del pa\u00f1al:<\/p>\n<ul>\n<li><strong>Piel inflamada<\/strong> en las zonas de la piel que tienen contacto con el pa\u00f1al.<\/li>\n<li><strong>Picores<\/strong> en la piel.<\/li>\n<li><strong>Irritabilidad y malestar<\/strong>, especialmente durante el cambio de pa\u00f1ales.<\/li>\n<li>Aparici\u00f3n de <a href=\"https:\/\/www.generali.es\/blog\/tuasesorsalud\/infecciones-bacterianas-piel-ninos-y-bebes\/\" rel=\"noopener\" target=\"_blank\" title=\"infecciones en la piel\"><strong>infecciones en la piel<\/strong><\/a>.<\/li>\n<li><strong>Enrojecimiento<\/strong>, tanto en la superficie como en los pliegues de la piel.<\/li>\n<li>Aparici\u00f3n de <strong>hongos en el pa\u00f1al del beb\u00e9<\/strong>.<\/li>\n<\/ul>\n<h2><span class=\"ez-toc-section\" id=\"%C2%BFComo_identificar_si_tu_bebe_tiene_dermatitis_del_panal\"><\/span><strong>\u00bfC\u00f3mo identificar si tu beb\u00e9 tiene dermatitis del pa\u00f1al?<\/strong><span class=\"ez-toc-section-end\"><\/span><\/h2>\n<p>Las se\u00f1ales m\u00e1s evidentes para identificar un principio de dermatitis del pa\u00f1al son las <strong>marcas en la piel en forma de rojeces<\/strong>. En ocasiones pueden surgir a partir de un sutil sarpullido. Conviene <strong>revisar tambi\u00e9n los pliegues<\/strong> que no tienen un contacto directo con el pa\u00f1al.<\/p>\n<p>Otras se\u00f1ales que podr\u00edan alertarnos de esta patolog\u00eda es el <strong>cambio de conducta de tu beb\u00e9<\/strong> cuando le cambias el pa\u00f1al. Podr\u00eda mostrarse m\u00e1s inquieto o llora durante el proceso.<\/p>\n<p>Adem\u00e1s, comprueba si tu hijo est\u00e1 m\u00e1s irascible de lo normal cuando lleva puesto el pa\u00f1al o presenta problemas para conciliar el sue\u00f1o.<\/p>\n<p><strong>\u25b7<\/strong><strong> \u00datil para ti<\/strong>: <a href=\"https:\/\/www.generali.es\/blog\/tuasesorsalud\/alergias-infantiles-piel\/\" rel=\"noopener\" target=\"_blank\" title=\"Alergias infantiles en la piel\">Alergias infantiles en la piel<\/a>: tipos, causas y tratamientos<\/p>\n<h2><span class=\"ez-toc-section\" id=\"%C2%BFQue_hacer_si_aparecen_hongos_en_el_panal_del_bebe\"><\/span><strong>\u00bfQu\u00e9 hacer si aparecen hongos en el pa\u00f1al del beb\u00e9?<\/strong><span class=\"ez-toc-section-end\"><\/span><\/h2>\n<p>Existen tratamientos espec\u00edficos para la aparici\u00f3n del hongo en el pa\u00f1al del beb\u00e9. Aun as\u00ed, te recomendamos que <strong>consultes con el pediatra<\/strong> si tu beb\u00e9 sufre la infecci\u00f3n de alg\u00fan tipo de hongo en la piel.<\/p>\n<h2><span class=\"ez-toc-section\" id=\"Tratamiento_de_la_dermatitis_del_panal\"><\/span><strong>Tratamiento de la dermatitis del pa\u00f1al<\/strong><span class=\"ez-toc-section-end\"><\/span><\/h2>\n<p>La dermatitis del pa\u00f1al puede desaparecer con el paso de los d\u00edas si se toman las medidas adecuadas. En primer lugar, conviene <strong>mantener la piel lo m\u00e1s seca y aireada <\/strong>posible. Para ello, acuesta a tu beb\u00e9 sobre una toalla sin pa\u00f1al siempre que sea posible.<\/p>\n<p>Adem\u00e1s, recuerda mantener una <strong>buena higiene de la zona<\/strong> aplicando un poco de agua tibia y jab\u00f3n neutro para lavar la piel.<\/p>\n<p><strong>Usa pa\u00f1ales desechables<\/strong> y c\u00e1mbialos cada vez que orine o defeque en ellos. La zona debe estar siempre desinfectada y evitar el contacto con heces u orina durante largos periodos de tiempo.<\/p>\n<p>Consulta a tu pediatra por alguna <strong>crema para la dermatitis del pa\u00f1al<\/strong> que contribuya a reducir la inflamaci\u00f3n de la zona. Determinados ung\u00fcentos o <strong>cremas para la pa\u00f1alitis a base de \u00f3xido de zinc<\/strong> o vaselina ayudan a repeler la humedad y mantener la zona seca.<\/p>\n<h2><span class=\"ez-toc-section\" id=\"Como_prevenir_la_dermatitis_del_panal_en_bebes\"><\/span><strong>C\u00f3mo prevenir la dermatitis del pa\u00f1al en beb\u00e9s<\/strong><span class=\"ez-toc-section-end\"><\/span><\/h2>\n<p>La mejor forma de combatir la dermatitis en el pa\u00f1al de los beb\u00e9s es mantener unos buenos h\u00e1bitos de higiene. Aqu\u00ed van algunos consejos:<\/p>\n<ul>\n<li><strong>L\u00e1vate bien las manos<\/strong> antes y despu\u00e9s de cambiar el pa\u00f1al.<\/li>\n<li><strong>Cambia los pa\u00f1ales con frecuencia<\/strong>. En la medida de lo posible, cada vez que tu beb\u00e9 los manche.<\/li>\n<li><strong>Enjuaga los gl\u00fateos<\/strong> con agua tibia y jab\u00f3n neutro.<\/li>\n<li><strong>Seca la piel<\/strong> de tu beb\u00e9 con una toalla aplicando golpecitos suaves.<\/li>\n<li>Favorece que <strong>el aire pueda circular bien<\/strong> por el interior del pa\u00f1al.<\/li>\n<li><strong>Deja que tu beb\u00e9 pase tiempo sin pa\u00f1al<\/strong>. Exponer su piel a las condiciones ambientales evitar\u00e1 la aparici\u00f3n de rojeces e infecciones.<\/li>\n<\/ul>\n<p><strong>\u25b7<\/strong><strong> Podr\u00eda interesarte: <\/strong><a href=\"https:\/\/www.generali.es\/blog\/tuasesorsalud\/virus-boca-mano-pies\/\" rel=\"noopener\" target=\"_blank\" title=\"Virus boca manos pies en ni\u00f1os\">Virus boca manos pies en ni\u00f1os<\/a>, s\u00edntomas y tratamientos<\/p>\n<h2><span class=\"ez-toc-section\" id=\"Preguntas_frecuentes\"><\/span><strong>Preguntas frecuentes<\/strong><span class=\"ez-toc-section-end\"><\/span><\/h2>\n<h3><span class=\"ez-toc-section\" id=\"%C2%BFCual_es_la_mejor_crema_para_la_dermatitis_del_panal\"><\/span>\u00bfCu\u00e1l es la mejor crema para la dermatitis del pa\u00f1al?<span class=\"ez-toc-section-end\"><\/span><\/h3>\n<p>La <strong>crema para la pa\u00f1alitis<\/strong> que contiene <strong>vaselina u \u00f3xido de zinc<\/strong> ayuda a mantener la piel seca y est\u00e1 recomendada para la dermatitis del pa\u00f1al.<\/p>\n<h3><span class=\"ez-toc-section\" id=\"%C2%BFComo_saber_si_la_irritacion_del_panal_en_bebes_es_por_hongos\"><\/span>\u00bfC\u00f3mo saber si la irritaci\u00f3n del pa\u00f1al en beb\u00e9s es por hongos?<span class=\"ez-toc-section-end\"><\/span><\/h3>\n<p>Las irritaciones en la piel causadas por hongos suelen presentar un <strong>color rojizo brillante<\/strong> y estar bien delimitadas con el resto de la piel. Adem\u00e1s, suele ser <strong>m\u00e1s evidente en los pliegues<\/strong> de la piel. En los casos m\u00e1s graves la piel podr\u00eda supurar.<\/p>\n<h3><span class=\"ez-toc-section\" id=\"%C2%BFCada_cuanto_debo_cambiar_el_panal_para_evitar_la_dermatitis\"><\/span>\u00bfCada cu\u00e1nto debo cambiar el pa\u00f1al para evitar la dermatitis?<span class=\"ez-toc-section-end\"><\/span><\/h3>\n<p>Se recomienda cambiar el pa\u00f1al por uno limpio <strong>cada vez que tu beb\u00e9 lo manche <\/strong>para evitar la irritaci\u00f3n en el pa\u00f1al del beb\u00e9.<\/p>\n<h3><span class=\"ez-toc-section\" id=\"%C2%BFLa_candida_en_bebes_requiere_un_tratamiento_especial\"><\/span>\u00bfLa c\u00e1ndida en beb\u00e9s requiere un tratamiento especial?<span class=\"ez-toc-section-end\"><\/span><\/h3>\n<p>En ocasiones el pediatra podr\u00eda recomendar el uso de <strong>crema antif\u00fangica de aplicaci\u00f3n t\u00f3pica<\/strong> para la c\u00e1ndida en beb\u00e9s por el pa\u00f1al.<\/p>\n<h3><span class=\"ez-toc-section\" id=\"%C2%BFDebo_banar_a_mi_bebe_si_tiene_dermatitis_del_panal\"><\/span>\u00bfDebo ba\u00f1ar a mi beb\u00e9 si tiene dermatitis del pa\u00f1al?<span class=\"ez-toc-section-end\"><\/span><\/h3>\n<p>Se recomienda mantener una buena higiene en la piel usando jab\u00f3n neutro y secando la piel con una toalla tras cada ba\u00f1o.<\/p>\n<p>Tu familia y su salud, es lo m\u00e1s importante, por eso la cuidas en todo momento. Los <a href=\"https:\/\/www.generali.es\/seguros-particulares\/salud\" rel=\"noopener\" target=\"_blank\" title=\"seguros de Salud de GENERALI\">seguros de Salud de GENERALI<\/a> ponen a tu alcance la mayor red m\u00e9dica privada del pa\u00eds, con m\u00e1s de 51.000 especialistas y la mejor calidad de servicios sanitarios.<\/p>\n<p>Adem\u00e1s, con nuestros seguros de Salud te damos acceso al servicio doctor 24 horas, para que puedas resolver todas tus dudas a trav\u00e9s de una llamada o videoconferencia. <a href=\"https:\/\/www.generali.es\/landings\/seguro-salud\" rel=\"noopener\" target=\"_blank\" title=\"\u00a1Cons\u00faltanos sin compromiso!\">\u00a1Cons\u00faltanos sin compromiso!<\/a><\/p>\n<p><img loading=\"lazy\" decoding=\"async\" alt=\"\" class=\"nc_pixel\" height=\"1\" src=\"https:\/\/pixel.welcomesoftware.com\/px.gif?key=YXJ0aWNsZT02YTVlNmYxYzMwYzUxMWYwYjg3YTkyZTAxZjJjMjJkMQ==\" width=\"1\"\/><\/p>\n","protected":false},"excerpt":{"rendered":"<p>La dermatitis del pa\u00f1al es una afecci\u00f3n muy com\u00fan en beb\u00e9s de 4 a 15 meses de edad. Se trata de unas erupciones que aparecen en la zona del pa\u00f1al afectando especialmente al abdomen, las nalgas o los genitales. Algunas personas conocen esta inflamaci\u00f3n de la piel como pa\u00f1alitis, y puede tener distintos or\u00edgenes. &Iacute;ndice [&hellip;]<\/p>\n","protected":false},"author":1,"featured_media":7109,"comment_status":"closed","ping_status":"open","sticky":false,"template":"","format":"standard","meta":{"footnotes":""},"categories":[3],"tags":[],"yoast_head":"<!-- This site is optimized with the Yoast SEO plugin v21.6 - https:\/\/yoast.com\/wordpress\/plugins\/seo\/ -->\n<title>Dermatitis del Pa\u00f1al \u25b7 C\u00f3mo Tratarla y Prevenirla<\/title>\n<meta name=\"description\" content=\"\u00bfTu beb\u00e9 sufre irritaci\u00f3n o pa\u00f1alitis? \u261d Descubre c\u00f3mo tratar correctamente la dermatitis del pa\u00f1al y c\u00f3mo prevenir hongos y erupciones en su piel\" \/>\n<meta name=\"robots\" content=\"index, follow, max-snippet:-1, max-image-preview:large, max-video-preview:-1\" \/>\n<link rel=\"canonical\" href=\"https:\/\/www.generali.es\/blog\/tuasesorsalud\/dermatitis-panal\/\" \/>\n<meta name=\"twitter:label1\" content=\"Escrito por\" \/>\n\t<meta name=\"twitter:data1\" content=\"Equipo GENERALI\" \/>\n\t<meta name=\"twitter:label2\" content=\"Tiempo de lectura\" \/>\n\t<meta name=\"twitter:data2\" content=\"7 minutos\" \/>\n<script type=\"application\/ld+json\" class=\"yoast-schema-graph\">{\"@context\":\"https:\/\/schema.org\",\"@graph\":[{\"@type\":\"Article\",\"@id\":\"https:\/\/www.generali.es\/blog\/tuasesorsalud\/dermatitis-panal\/#article\",\"isPartOf\":{\"@id\":\"https:\/\/www.generali.es\/blog\/tuasesorsalud\/dermatitis-panal\/\"},\"author\":{\"name\":\"Equipo GENERALI\",\"@id\":\"https:\/\/www.generali.es\/blog\/tuasesorsalud\/#\/schema\/person\/b3e3621e80b273ef3366c6dc945ab47e\"},\"headline\":\"Dermatitis del pa\u00f1al: \u00bfc\u00f3mo tratarla correctamente?\",\"datePublished\":\"2025-06-04T16:58:00+00:00\",\"dateModified\":\"2025-06-16T11:39:55+00:00\",\"mainEntityOfPage\":{\"@id\":\"https:\/\/www.generali.es\/blog\/tuasesorsalud\/dermatitis-panal\/\"},\"wordCount\":1441,\"publisher\":{\"@id\":\"https:\/\/www.generali.es\/blog\/tuasesorsalud\/#organization\"},\"articleSection\":[\"Salud\"],\"inLanguage\":\"es\"},{\"@type\":\"WebPage\",\"@id\":\"https:\/\/www.generali.es\/blog\/tuasesorsalud\/dermatitis-panal\/\",\"url\":\"https:\/\/www.generali.es\/blog\/tuasesorsalud\/dermatitis-panal\/\",\"name\":\"Dermatitis del Pa\u00f1al \u25b7 C\u00f3mo Tratarla y Prevenirla\",\"isPartOf\":{\"@id\":\"https:\/\/www.generali.es\/blog\/tuasesorsalud\/#website\"},\"datePublished\":\"2025-06-04T16:58:00+00:00\",\"dateModified\":\"2025-06-16T11:39:55+00:00\",\"description\":\"\u00bfTu beb\u00e9 sufre irritaci\u00f3n o pa\u00f1alitis? \u261d Descubre c\u00f3mo tratar correctamente la dermatitis del pa\u00f1al y c\u00f3mo prevenir hongos y erupciones en su piel\",\"breadcrumb\":{\"@id\":\"https:\/\/www.generali.es\/blog\/tuasesorsalud\/dermatitis-panal\/#breadcrumb\"},\"inLanguage\":\"es\",\"potentialAction\":[{\"@type\":\"ReadAction\",\"target\":[\"https:\/\/www.generali.es\/blog\/tuasesorsalud\/dermatitis-panal\/\"]}]},{\"@type\":\"BreadcrumbList\",\"@id\":\"https:\/\/www.generali.es\/blog\/tuasesorsalud\/dermatitis-panal\/#breadcrumb\",\"itemListElement\":[{\"@type\":\"ListItem\",\"position\":1,\"name\":\"Home\",\"item\":\"https:\/\/www.generali.es\/blog\/tuasesorsalud\/\"},{\"@type\":\"ListItem\",\"position\":2,\"name\":\"Salud\",\"item\":\"https:\/\/www.generali.es\/blog\/tuasesorsalud\/salud\/\"},{\"@type\":\"ListItem\",\"position\":3,\"name\":\"Dermatitis del pa\u00f1al: \u00bfc\u00f3mo tratarla correctamente?\"}]},{\"@type\":\"WebSite\",\"@id\":\"https:\/\/www.generali.es\/blog\/tuasesorsalud\/#website\",\"url\":\"https:\/\/www.generali.es\/blog\/tuasesorsalud\/\",\"name\":\"Tu Asesor de Salud\",\"description\":\"Blog de Salud de GENERALI\",\"publisher\":{\"@id\":\"https:\/\/www.generali.es\/blog\/tuasesorsalud\/#organization\"},\"potentialAction\":[{\"@type\":\"SearchAction\",\"target\":{\"@type\":\"EntryPoint\",\"urlTemplate\":\"https:\/\/www.generali.es\/blog\/tuasesorsalud\/?s={search_term_string}\"},\"query-input\":\"required name=search_term_string\"}],\"inLanguage\":\"es\"},{\"@type\":\"Organization\",\"@id\":\"https:\/\/www.generali.es\/blog\/tuasesorsalud\/#organization\",\"name\":\"Tu Asesor de Salud\",\"url\":\"https:\/\/www.generali.es\/blog\/tuasesorsalud\/\",\"logo\":{\"@type\":\"ImageObject\",\"inLanguage\":\"es\",\"@id\":\"https:\/\/www.generali.es\/blog\/tuasesorsalud\/#\/schema\/logo\/image\/\",\"url\":\"https:\/\/www.generali.es\/blog\/tuasesorsalud\/wp-content\/uploads\/2021\/04\/generali.png\",\"contentUrl\":\"https:\/\/www.generali.es\/blog\/tuasesorsalud\/wp-content\/uploads\/2021\/04\/generali.png\",\"width\":100,\"height\":81,\"caption\":\"Tu Asesor de Salud\"},\"image\":{\"@id\":\"https:\/\/www.generali.es\/blog\/tuasesorsalud\/#\/schema\/logo\/image\/\"}},{\"@type\":\"Person\",\"@id\":\"https:\/\/www.generali.es\/blog\/tuasesorsalud\/#\/schema\/person\/b3e3621e80b273ef3366c6dc945ab47e\",\"name\":\"Equipo GENERALI\",\"image\":{\"@type\":\"ImageObject\",\"inLanguage\":\"es\",\"@id\":\"https:\/\/www.generali.es\/blog\/tuasesorsalud\/#\/schema\/person\/image\/\",\"url\":\"https:\/\/www.generali.es\/blog\/tuasesorsalud\/wp-content\/uploads\/2020\/11\/equipo_generali-150x150.jpg\",\"contentUrl\":\"https:\/\/www.generali.es\/blog\/tuasesorsalud\/wp-content\/uploads\/2020\/11\/equipo_generali-150x150.jpg\",\"caption\":\"Equipo GENERALI\"},\"description\":\"El equipo de Tu Asesor Salud est\u00e1 compuesto por periodistas y especialistas en la salud, la nutrici\u00f3n, el deporte, la familia as\u00ed como profesionales t\u00e9cnicos de los seguros de salud. Te ayudamos a que tengas una vida m\u00e1s saludable y te ofrecemos contenido \u00fatil para tu d\u00eda a d\u00eda.\",\"sameAs\":[\"https:\/\/www.generali.es\/blog\/tuasesorsalud\/\"],\"url\":\"https:\/\/www.generali.es\/blog\/tuasesorsalud\/author\/generali_asesor\/\"}]}<\/script>\n<!-- \/ Yoast SEO plugin. -->","yoast_head_json":{"title":"Dermatitis del Pa\u00f1al \u25b7 C\u00f3mo Tratarla y Prevenirla","description":"\u00bfTu beb\u00e9 sufre irritaci\u00f3n o pa\u00f1alitis? \u261d Descubre c\u00f3mo tratar correctamente la dermatitis del pa\u00f1al y c\u00f3mo prevenir hongos y erupciones en su piel","robots":{"index":"index","follow":"follow","max-snippet":"max-snippet:-1","max-image-preview":"max-image-preview:large","max-video-preview":"max-video-preview:-1"},"canonical":"https:\/\/www.generali.es\/blog\/tuasesorsalud\/dermatitis-panal\/","twitter_misc":{"Escrito por":"Equipo GENERALI","Tiempo de lectura":"7 minutos"},"schema":{"@context":"https:\/\/schema.org","@graph":[{"@type":"Article","@id":"https:\/\/www.generali.es\/blog\/tuasesorsalud\/dermatitis-panal\/#article","isPartOf":{"@id":"https:\/\/www.generali.es\/blog\/tuasesorsalud\/dermatitis-panal\/"},"author":{"name":"Equipo GENERALI","@id":"https:\/\/www.generali.es\/blog\/tuasesorsalud\/#\/schema\/person\/b3e3621e80b273ef3366c6dc945ab47e"},"headline":"Dermatitis del pa\u00f1al: \u00bfc\u00f3mo tratarla correctamente?","datePublished":"2025-06-04T16:58:00+00:00","dateModified":"2025-06-16T11:39:55+00:00","mainEntityOfPage":{"@id":"https:\/\/www.generali.es\/blog\/tuasesorsalud\/dermatitis-panal\/"},"wordCount":1441,"publisher":{"@id":"https:\/\/www.generali.es\/blog\/tuasesorsalud\/#organization"},"articleSection":["Salud"],"inLanguage":"es"},{"@type":"WebPage","@id":"https:\/\/www.generali.es\/blog\/tuasesorsalud\/dermatitis-panal\/","url":"https:\/\/www.generali.es\/blog\/tuasesorsalud\/dermatitis-panal\/","name":"Dermatitis del Pa\u00f1al \u25b7 C\u00f3mo Tratarla y Prevenirla","isPartOf":{"@id":"https:\/\/www.generali.es\/blog\/tuasesorsalud\/#website"},"datePublished":"2025-06-04T16:58:00+00:00","dateModified":"2025-06-16T11:39:55+00:00","description":"\u00bfTu beb\u00e9 sufre irritaci\u00f3n o pa\u00f1alitis? \u261d Descubre c\u00f3mo tratar correctamente la dermatitis del pa\u00f1al y c\u00f3mo prevenir hongos y erupciones en su piel","breadcrumb":{"@id":"https:\/\/www.generali.es\/blog\/tuasesorsalud\/dermatitis-panal\/#breadcrumb"},"inLanguage":"es","potentialAction":[{"@type":"ReadAction","target":["https:\/\/www.generali.es\/blog\/tuasesorsalud\/dermatitis-panal\/"]}]},{"@type":"BreadcrumbList","@id":"https:\/\/www.generali.es\/blog\/tuasesorsalud\/dermatitis-panal\/#breadcrumb","itemListElement":[{"@type":"ListItem","position":1,"name":"Home","item":"https:\/\/www.generali.es\/blog\/tuasesorsalud\/"},{"@type":"ListItem","position":2,"name":"Salud","item":"https:\/\/www.generali.es\/blog\/tuasesorsalud\/salud\/"},{"@type":"ListItem","position":3,"name":"Dermatitis del pa\u00f1al: \u00bfc\u00f3mo tratarla correctamente?"}]},{"@type":"WebSite","@id":"https:\/\/www.generali.es\/blog\/tuasesorsalud\/#website","url":"https:\/\/www.generali.es\/blog\/tuasesorsalud\/","name":"Tu Asesor de Salud","description":"Blog de Salud de GENERALI","publisher":{"@id":"https:\/\/www.generali.es\/blog\/tuasesorsalud\/#organization"},"potentialAction":[{"@type":"SearchAction","target":{"@type":"EntryPoint","urlTemplate":"https:\/\/www.generali.es\/blog\/tuasesorsalud\/?s={search_term_string}"},"query-input":"required name=search_term_string"}],"inLanguage":"es"},{"@type":"Organization","@id":"https:\/\/www.generali.es\/blog\/tuasesorsalud\/#organization","name":"Tu Asesor de Salud","url":"https:\/\/www.generali.es\/blog\/tuasesorsalud\/","logo":{"@type":"ImageObject","inLanguage":"es","@id":"https:\/\/www.generali.es\/blog\/tuasesorsalud\/#\/schema\/logo\/image\/","url":"https:\/\/www.generali.es\/blog\/tuasesorsalud\/wp-content\/uploads\/2021\/04\/generali.png","contentUrl":"https:\/\/www.generali.es\/blog\/tuasesorsalud\/wp-content\/uploads\/2021\/04\/generali.png","width":100,"height":81,"caption":"Tu Asesor de Salud"},"image":{"@id":"https:\/\/www.generali.es\/blog\/tuasesorsalud\/#\/schema\/logo\/image\/"}},{"@type":"Person","@id":"https:\/\/www.generali.es\/blog\/tuasesorsalud\/#\/schema\/person\/b3e3621e80b273ef3366c6dc945ab47e","name":"Equipo GENERALI","image":{"@type":"ImageObject","inLanguage":"es","@id":"https:\/\/www.generali.es\/blog\/tuasesorsalud\/#\/schema\/person\/image\/","url":"https:\/\/www.generali.es\/blog\/tuasesorsalud\/wp-content\/uploads\/2020\/11\/equipo_generali-150x150.jpg","contentUrl":"https:\/\/www.generali.es\/blog\/tuasesorsalud\/wp-content\/uploads\/2020\/11\/equipo_generali-150x150.jpg","caption":"Equipo GENERALI"},"description":"El equipo de Tu Asesor Salud est\u00e1 compuesto por periodistas y especialistas en la salud, la nutrici\u00f3n, el deporte, la familia as\u00ed como profesionales t\u00e9cnicos de los seguros de salud. Te ayudamos a que tengas una vida m\u00e1s saludable y te ofrecemos contenido \u00fatil para tu d\u00eda a d\u00eda.","sameAs":["https:\/\/www.generali.es\/blog\/tuasesorsalud\/"],"url":"https:\/\/www.generali.es\/blog\/tuasesorsalud\/author\/generali_asesor\/"}]}},"_links":{"self":[{"href":"https:\/\/www.generali.es\/blog\/tuasesorsalud\/wp-json\/wp\/v2\/posts\/7110"}],"collection":[{"href":"https:\/\/www.generali.es\/blog\/tuasesorsalud\/wp-json\/wp\/v2\/posts"}],"about":[{"href":"https:\/\/www.generali.es\/blog\/tuasesorsalud\/wp-json\/wp\/v2\/types\/post"}],"author":[{"embeddable":true,"href":"https:\/\/www.generali.es\/blog\/tuasesorsalud\/wp-json\/wp\/v2\/users\/1"}],"replies":[{"embeddable":true,"href":"https:\/\/www.generali.es\/blog\/tuasesorsalud\/wp-json\/wp\/v2\/comments?post=7110"}],"version-history":[{"count":6,"href":"https:\/\/www.generali.es\/blog\/tuasesorsalud\/wp-json\/wp\/v2\/posts\/7110\/revisions"}],"predecessor-version":[{"id":7120,"href":"https:\/\/www.generali.es\/blog\/tuasesorsalud\/wp-json\/wp\/v2\/posts\/7110\/revisions\/7120"}],"wp:featuredmedia":[{"embeddable":true,"href":"https:\/\/www.generali.es\/blog\/tuasesorsalud\/wp-json\/wp\/v2\/media\/7109"}],"wp:attachment":[{"href":"https:\/\/www.generali.es\/blog\/tuasesorsalud\/wp-json\/wp\/v2\/media?parent=7110"}],"wp:term":[{"taxonomy":"category","embeddable":true,"href":"https:\/\/www.generali.es\/blog\/tuasesorsalud\/wp-json\/wp\/v2\/categories?post=7110"},{"taxonomy":"post_tag","embeddable":true,"href":"https:\/\/www.generali.es\/blog\/tuasesorsalud\/wp-json\/wp\/v2\/tags?post=7110"}],"curies":[{"name":"wp","href":"https:\/\/api.w.org\/{rel}","templated":true}]}}