{"id":5926,"date":"2023-10-17T20:33:00","date_gmt":"2023-10-17T18:33:00","guid":{"rendered":"https:\/\/www.generali.es\/blog\/tuasesorsalud\/?p=5926"},"modified":"2024-05-07T12:11:07","modified_gmt":"2024-05-07T10:11:07","slug":"cuidados-ombligo-recien-nacido","status":"publish","type":"post","link":"https:\/\/www.generali.es\/blog\/tuasesorsalud\/cuidados-ombligo-recien-nacido\/","title":{"rendered":"Cuidados del ombligo del reci\u00e9n nacido para evitar infecci\u00f3n"},"content":{"rendered":"\n<p>Tras el parto, la matrona o el ginec\u00f3logo cortan el cord\u00f3n umbilical sujet\u00e1ndolo con una pinza. <strong>Durante varias semanas se debe desinfectar bien la zona<\/strong> hasta que, de forma natural, se produzca la <strong>ca\u00edda del cord\u00f3n umbilical <\/strong>dando lugar al ombligo. Para evitar infecciones, es esencial llevar a cabo algunos <strong>cuidados del ombligo reci\u00e9n nacido<\/strong>.<\/p>\n\n\n\n<p><strong>\u00bfC\u00f3mo saber si el ombligo de mi beb\u00e9 est\u00e1 bien?<\/strong> <strong>\u00bfC\u00f3mo limpiar el ombligo de un reci\u00e9n nacido?<\/strong> Te contamos posibles complicaciones que pueden surgir como una hernia umbilical y c\u00f3mo evitarlas con estos cuidados.<\/p>\n\n\n\n<div id=\"ez-toc-container\" class=\"ez-toc-v2_0_22 counter-hierarchy counter-decimal\">\n<div class=\"ez-toc-title-container\">\n<p class=\"ez-toc-title\">&Iacute;ndice<\/p>\n<span class=\"ez-toc-title-toggle\"><a class=\"ez-toc-pull-right ez-toc-btn ez-toc-btn-xs ez-toc-btn-default ez-toc-toggle\" style=\"display: none;\"><i class=\"ez-toc-glyphicon ez-toc-icon-toggle\"><\/i><\/a><\/span><\/div>\n<nav><ul class=\"ez-toc-list ez-toc-list-level-1\"><li class=\"ez-toc-page-1 ez-toc-heading-level-2\"><a class=\"ez-toc-link ez-toc-heading-1\" href=\"https:\/\/www.generali.es\/blog\/tuasesorsalud\/cuidados-ombligo-recien-nacido\/#Importancia_del_cuidado_del_ombligo_en_recien_nacidos\" title=\"Importancia del cuidado del ombligo en reci\u00e9n nacidos\">Importancia del cuidado del ombligo en reci\u00e9n nacidos<\/a><\/li><li class=\"ez-toc-page-1 ez-toc-heading-level-2\"><a class=\"ez-toc-link ez-toc-heading-2\" href=\"https:\/\/www.generali.es\/blog\/tuasesorsalud\/cuidados-ombligo-recien-nacido\/#Como_limpiar_el_ombligo_de_recien_nacido\" title=\"C\u00f3mo limpiar el ombligo de reci\u00e9n nacido\">C\u00f3mo limpiar el ombligo de reci\u00e9n nacido<\/a><ul class=\"ez-toc-list-level-3\"><li class=\"ez-toc-heading-level-3\"><a class=\"ez-toc-link ez-toc-heading-3\" href=\"https:\/\/www.generali.es\/blog\/tuasesorsalud\/cuidados-ombligo-recien-nacido\/#Limpieza\" title=\"Limpieza\">Limpieza<\/a><\/li><li class=\"ez-toc-page-1 ez-toc-heading-level-3\"><a class=\"ez-toc-link ez-toc-heading-4\" href=\"https:\/\/www.generali.es\/blog\/tuasesorsalud\/cuidados-ombligo-recien-nacido\/#Otros_cuidados\" title=\"Otros cuidados\">Otros cuidados<\/a><\/li><\/ul><\/li><li class=\"ez-toc-page-1 ez-toc-heading-level-2\"><a class=\"ez-toc-link ez-toc-heading-5\" href=\"https:\/\/www.generali.es\/blog\/tuasesorsalud\/cuidados-ombligo-recien-nacido\/#Posibles_complicaciones_del_cuidado_del_ombligo_inadecuado_en_recien_nacidos\" title=\"Posibles complicaciones del cuidado del ombligo inadecuado en reci\u00e9n nacidos\">Posibles complicaciones del cuidado del ombligo inadecuado en reci\u00e9n nacidos<\/a><ul class=\"ez-toc-list-level-3\"><li class=\"ez-toc-heading-level-3\"><a class=\"ez-toc-link ez-toc-heading-6\" href=\"https:\/\/www.generali.es\/blog\/tuasesorsalud\/cuidados-ombligo-recien-nacido\/#Infecciones\" title=\"Infecciones\">Infecciones<\/a><\/li><li class=\"ez-toc-page-1 ez-toc-heading-level-3\"><a class=\"ez-toc-link ez-toc-heading-7\" href=\"https:\/\/www.generali.es\/blog\/tuasesorsalud\/cuidados-ombligo-recien-nacido\/#Hernia\" title=\"Hernia\">Hernia<\/a><\/li><\/ul><\/li><li class=\"ez-toc-page-1 ez-toc-heading-level-2\"><a class=\"ez-toc-link ez-toc-heading-8\" href=\"https:\/\/www.generali.es\/blog\/tuasesorsalud\/cuidados-ombligo-recien-nacido\/#Que_no_debes_hacer\" title=\"Qu\u00e9 no debes hacer\">Qu\u00e9 no debes hacer<\/a><\/li><li class=\"ez-toc-page-1 ez-toc-heading-level-2\"><a class=\"ez-toc-link ez-toc-heading-9\" href=\"https:\/\/www.generali.es\/blog\/tuasesorsalud\/cuidados-ombligo-recien-nacido\/#%C2%BFComo_saber_si_esta_bien_el_ombligo_de_mi_bebe\" title=\"\u00bfC\u00f3mo saber si est\u00e1 bien el ombligo de mi beb\u00e9?\">\u00bfC\u00f3mo saber si est\u00e1 bien el ombligo de mi beb\u00e9?<\/a><\/li><li class=\"ez-toc-page-1 ez-toc-heading-level-2\"><a class=\"ez-toc-link ez-toc-heading-10\" href=\"https:\/\/www.generali.es\/blog\/tuasesorsalud\/cuidados-ombligo-recien-nacido\/#%C2%BFCuando_se_cae_el_cordon_umbilical\" title=\"\u00bfCu\u00e1ndo se cae el cord\u00f3n umbilical?\">\u00bfCu\u00e1ndo se cae el cord\u00f3n umbilical?<\/a><\/li><\/ul><\/nav><\/div>\n<h2 class=\"wp-block-heading\"><span class=\"ez-toc-section\" id=\"Importancia_del_cuidado_del_ombligo_en_recien_nacidos\"><\/span><strong>Importancia del cuidado del ombligo en reci\u00e9n nacidos<\/strong><span class=\"ez-toc-section-end\"><\/span><\/h2>\n\n\n\n<p>El cord\u00f3n umbilical debe cortarse dejando unos 4 cent\u00edmetros en el abdomen. De esto se encargar\u00e1 el profesional que asista al parto. Sin embargo, ser\u00e1n los padres quienes lleven a cabo una serie de <strong>cuidados en el ombligo del reci\u00e9n nacido<\/strong>.<\/p>\n\n\n\n<p>Ese trozo de cord\u00f3n sobrante deber\u00e1 <strong>desprenderse por s\u00ed solo pasados 8 o 10 d\u00edas<\/strong> si ha nacido a trav\u00e9s de un parto natural, o entre 12 y 15 si el parto se ha realizado por ces\u00e1rea.<\/p>\n\n\n\n<p>Ahora bien, hasta que este mu\u00f1\u00f3n no se caiga, es importante que la zona se mantenga <strong>seca y bien limpia para evitar infecci\u00f3n en el ombligo del reci\u00e9n nacido<\/strong>. De lo contrario, podr\u00edan acumular bacterias.<\/p>\n\n\n\n<p>Adem\u00e1s, conviene tomarse estos cuidados con seriedad. La correcta cicatrizaci\u00f3n del ombligo depende del esmero que ponga. Complicaciones como hernias o el denominado ombligo prob\u00f3scide son algunas complicaciones que podr\u00edan aparecer.<\/p>\n\n\n\n<p>Para las madres y padres de reci\u00e9n nacidos, cualquier peque\u00f1a anomal\u00eda es motivo de preocupaci\u00f3n. El <strong>Servicio de Teleconsulta M\u00e9dica 24h te evitar\u00e1 desplazamientos en vano<\/strong>. Esta es una de las ventajas de nuestro <a title=\"Seguro de Salud Total\" href=\"https:\/\/www.generali.es\/seguros-particulares\/producto-salud-total\" target=\"_blank\" rel=\"noopener\">Seguro de Salud Total<\/a> dise\u00f1ado para cuidar de toda la familia. <a title=\"Cont\u00e1ctanos\" href=\"https:\/\/www.generali.es\/static\/MKT\/seguro-salud\/\" target=\"_blank\" rel=\"noopener\">Cont\u00e1ctanos<\/a> y buscaremos la cobertura que mejor se adapta a tus necesidades.<\/p>\n\n\n\n<h2 class=\"wp-block-heading\"><span class=\"ez-toc-section\" id=\"Como_limpiar_el_ombligo_de_recien_nacido\"><\/span><strong>C\u00f3mo limpiar el ombligo de reci\u00e9n nacido<\/strong><span class=\"ez-toc-section-end\"><\/span><\/h2>\n\n\n\n<p>El corte del cord\u00f3n umbilical del reci\u00e9n nacido produce una <strong>herida que debes limpiar una vez al d\u00eda<\/strong>. Te mostramos c\u00f3mo limpiar el ombligo de un bebe reci\u00e9n nacido.<\/p>\n\n\n\n<h3 class=\"wp-block-heading\"><span class=\"ez-toc-section\" id=\"Limpieza\"><\/span>Limpieza<span class=\"ez-toc-section-end\"><\/span><\/h3>\n\n\n\n<p>Mantener una buena higiene es una garant\u00eda contra posibles infecciones. Para ello, <strong>l\u00e1vate bien las manos<\/strong> antes de ponerte manos a la obra con los cuidados del ombligo reci\u00e9n nacido.<\/p>\n\n\n\n<p>Opta por usar <strong>gasas est\u00e9riles<\/strong> y un poco de <strong>agua o suero fisiol\u00f3gico<\/strong> para limpiar la zona. Para ello, m\u00f3jala y <strong>aplica peque\u00f1os toquecitos suaves alrededor de la herida<\/strong>. Si decides emplear jab\u00f3n, aseg\u00farate de hacerte con una f\u00f3rmula neutra sin aditivos.<\/p>\n\n\n\n<p>Una vez limpia la superficie del mu\u00f1\u00f3n, <strong>levanta ligeramente la pinza <\/strong>del cord\u00f3n umbilical para <strong>limpiar la zona por debajo<\/strong>. No debes preocuparte por este gesto. A tu beb\u00e9 no le doler\u00e1, pues se trata de piel muerta.<\/p>\n\n\n\n<p>Por \u00faltimo tapa la zona, pero no sin antes dejar que se seque al aire. De lo contrario, <strong>la humedad podr\u00eda acelerar la proliferaci\u00f3n de bacterias<\/strong> provocando una infecci\u00f3n en el ombligo del reci\u00e9n nacido.<\/p>\n\n\n\n<p>Una vez terminada la cura, puedes tomar otra gasa limpia y <strong>enrollarla alrededor del extremo sobresaliente para cubrir el cord\u00f3n<\/strong>. El pa\u00f1al de tu beb\u00e9 debe quedar siempre por debajo de la pinza para que se airee.<\/p>\n\n\n\n<p>\u25b7 <strong>\u00a1Te interesa! <\/strong><a title=\"Cu\u00e1nta leche toma un reci\u00e9n nacido (beb\u00e9s de 0 a 12 meses)\" href=\"https:\/\/www.generali.es\/blog\/tuasesorsalud\/cuanta-leche-toma-bebe-recien-nacido\/\" target=\"_blank\" rel=\"noopener\">Cu\u00e1nta leche toma un reci\u00e9n nacido (beb\u00e9s de 0 a 12 meses)<\/a><\/p>\n\n\n\n<h3 class=\"wp-block-heading\"><span class=\"ez-toc-section\" id=\"Otros_cuidados\"><\/span>Otros cuidados<span class=\"ez-toc-section-end\"><\/span><\/h3>\n\n\n\n<p>Si lo deseas, tambi\u00e9n puedes higienizar el ombligo de un bebe reci\u00e9n nacido con una <strong>soluci\u00f3n de alcohol de 70\u00ba y clorhexidina<\/strong>. Este \u00faltimo producto transparente <strong>actuar\u00e1 como desinfectante<\/strong> para prevenir posibles complicaciones.<\/p>\n\n\n\n<h2 class=\"wp-block-heading\"><span class=\"ez-toc-section\" id=\"Posibles_complicaciones_del_cuidado_del_ombligo_inadecuado_en_recien_nacidos\"><\/span><strong>Posibles complicaciones del cuidado del ombligo inadecuado en reci\u00e9n nacidos<\/strong><span class=\"ez-toc-section-end\"><\/span><\/h2>\n\n\n\n<p>Un ombligo infectado de un reci\u00e9n nacido puede derivar en complicaciones graves para su salud. Estas son algunas de ellas.<\/p>\n\n\n\n<h3 class=\"wp-block-heading\"><span class=\"ez-toc-section\" id=\"Infecciones\"><\/span>Infecciones<span class=\"ez-toc-section-end\"><\/span><\/h3>\n\n\n\n<p>La <strong>infecci\u00f3n en el ombligo del reci\u00e9n nacido o onfalitis<\/strong> se produce por la <strong>aparici\u00f3n de bacterias<\/strong> en la zona. Pero, \u00bfc\u00f3mo saber si el ombligo de mi beb\u00e9 est\u00e1 bien? Estos son los signos de una posible infecci\u00f3n en la herida.<\/p>\n\n\n\n<ul>\n<li><strong>Ombligo con pus <\/strong>que supura.<\/li>\n\n\n\n<li>Enrojecimiento.<\/li>\n\n\n\n<li><strong>Ampollas<\/strong> alrededor de la herida.<\/li>\n\n\n\n<li><strong>Olor<\/strong> p\u00fatrido.<\/li>\n<\/ul>\n\n\n\n<p>Aunque resulte sorprendente, un ligero sangrado en el momento de la ca\u00edda del cord\u00f3n umbilical se considera normal y no es un s\u00edntoma de onfalitis.<\/p>\n\n\n\n<p>\u25b7<strong>\u00bfTu beb\u00e9 tiene problemas para descansar? <\/strong>\u00a1Aqu\u00ed van <a title=\"5 claves para que tu beb\u00e9 empiece a dormir del tir\u00f3n\" href=\"https:\/\/www.generali.es\/blog\/tuasesorsalud\/consejos-bebe-dormir-del-tiron\/\" target=\"_blank\" rel=\"noopener\">5 claves para que tu beb\u00e9 empiece a dormir del tir\u00f3n<\/a>!<\/p>\n\n\n\n<h3 class=\"wp-block-heading\"><span class=\"ez-toc-section\" id=\"Hernia\"><\/span>Hernia<span class=\"ez-toc-section-end\"><\/span><\/h3>\n\n\n\n<p>Es frecuente la <strong>aparici\u00f3n de una hernia en el ombligo reci\u00e9n nacido<\/strong>, especialmente en los beb\u00e9s prematuros. Se trata de un <strong>peque\u00f1o bulto blanco<\/strong> en el \u00e1rea umbilical. No supone un riesgo para tu beb\u00e9 y a los dos o tres a\u00f1os suelen desaparecer.<\/p>\n\n\n\n<p>Pero, \u00bfa qu\u00e9 se deben? La hernia umbilical se produce por <strong>peque\u00f1os defectos en las paredes del m\u00fasculo del abdomen<\/strong>. Rara vez se operan, aunque es aconsejable que su pediatra pueda valorar esta hernia en el ombligo para descartar una intervenci\u00f3n.<\/p>\n\n\n\n<h2 class=\"wp-block-heading\"><span class=\"ez-toc-section\" id=\"Que_no_debes_hacer\"><\/span><strong>Qu\u00e9 no debes hacer<\/strong><span class=\"ez-toc-section-end\"><\/span><\/h2>\n\n\n\n<p>Existen algunos mitos sobre el cuidado del ombligo de un reci\u00e9n nacido. Evita llevar a cabo este tipo de pr\u00e1cticas:<\/p>\n\n\n\n<ul>\n<li><strong>No uses fajas<\/strong> ya que no facilitan la desaparici\u00f3n de las hernias. Adem\u00e1s, pueden dificultar la respiraci\u00f3n de tu beb\u00e9 o resultar molesta.<\/li>\n\n\n\n<li><strong>Jam\u00e1s debes tirar el cord\u00f3n umbilical <\/strong>para retirarlo. El mu\u00f1\u00f3n debe siempre desprenderse de forma natural.<\/li>\n\n\n\n<li><strong>Evita emplear ombligueros<\/strong>. Son unas vendas de papel o tela que se usaban antiguamente para cubrir el ombligo hasta que se secaba el cord\u00f3n. Podr\u00edan producirle lesiones en la piel.<\/li>\n\n\n\n<li><strong>Sustituye las soluciones de limpieza a base de yodo<\/strong>. En beb\u00e9s tan peque\u00f1os este componente podr\u00eda absorberse a trav\u00e9s de la piel y alterar la tiroides. Tampoco se recomienda usar mercurocromo y mercurobromo, ambos desinfectantes de uso dom\u00e9stico muy comunes.<\/li>\n<\/ul>\n\n\n\n<p>&nbsp;\u25b7<strong>\u00a1Debes conocerlo! <\/strong><a title=\"Espasmos infantiles: qu\u00e9 hacer si le ocurre a tu beb\u00e9\" href=\"https:\/\/www.generali.es\/blog\/tuasesorsalud\/espasmos-infantiles\" target=\"_blank\" rel=\"noopener\">Espasmos infantiles: qu\u00e9 hacer si le ocurre a tu beb\u00e9<\/a><\/p>\n\n\n\n<h2 class=\"wp-block-heading\"><span class=\"ez-toc-section\" id=\"%C2%BFComo_saber_si_esta_bien_el_ombligo_de_mi_bebe\"><\/span><strong>\u00bfC\u00f3mo saber si est\u00e1 bien el ombligo de mi beb\u00e9?<\/strong><span class=\"ez-toc-section-end\"><\/span><\/h2>\n\n\n\n<p><strong>Lo normal es que la piel que aparezca debajo del mu\u00f1\u00f3n<\/strong>, tras la ca\u00edda del cord\u00f3n umbilical, <strong>est\u00e9 curada<\/strong>. Aun as\u00ed, en ocasiones puede estar en carne viva e incluso sangrar. Es normal y solo tendr\u00e1s que limpiar el ombligo con gasas y un poco de suero durante unos d\u00edas.<\/p>\n\n\n\n<p>&nbsp;\u25b7<strong>\u00bfLo sab\u00edas? <\/strong><a title=\"C\u00f3mo cortar la diarrea en beb\u00e9s\" href=\"https:\/\/www.generali.es\/blog\/tuasesorsalud\/como-cortar-diarrea-en-ninos\/\" target=\"_blank\" rel=\"noopener\">C\u00f3mo cortar la diarrea en beb\u00e9s<\/a><\/p>\n\n\n\n<h2 class=\"wp-block-heading\"><span class=\"ez-toc-section\" id=\"%C2%BFCuando_se_cae_el_cordon_umbilical\"><\/span><strong>\u00bfCu\u00e1ndo se cae el cord\u00f3n umbilical?<\/strong><span class=\"ez-toc-section-end\"><\/span><\/h2>\n\n\n\n<p>Se suele <strong>caer el cord\u00f3n umbilical a los 8 o 10 d\u00edas del parto<\/strong> de forma natural. En el caso de los <strong>beb\u00e9s nacidos por ces\u00e1rea<\/strong> puede producirse entre el <strong>d\u00eda 12 y 15<\/strong>.<\/p>\n\n\n\n<p>Cuando son tan peque\u00f1os, conviene contar con una cobertura completa y eficaz. Los <a title=\"Seguros de Salud de Embarazo\" href=\"https:\/\/www.generali.es\/seguros-particulares\/salud-embarazo\" target=\"_blank\" rel=\"noopener\">Seguros de Salud de Embarazo<\/a> velar\u00e1n por tu <strong>bienestar durante los meses de gestaci\u00f3n<\/strong> y <strong>cuidar\u00e1n de ti y tu beb\u00e9 tras el parto<\/strong>. En <strong>GENERALI<\/strong> estamos especializados en el cuidado de las familias. \u00a1<a title=\"Cons\u00faltanos\" href=\"https:\/\/www.generali.es\/static\/MKT\/seguro-vida\/\" target=\"_blank\" rel=\"noopener\">Cons\u00faltanos<\/a> sin compromiso!<\/p>\n\n\n\n<figure class=\"wp-block-image\"><img decoding=\"async\" src=\"https:\/\/pixel.welcomesoftware.com\/px.gif?key=YXJ0aWNsZT1iZTcwYjMwMjVkMjMxMWVlYWJjYjJhMGU1ZmFhYTI5OA==\" alt=\"\"\/><\/figure>\n","protected":false},"excerpt":{"rendered":"<p>Tras el parto, la matrona o el ginec\u00f3logo cortan el cord\u00f3n umbilical sujet\u00e1ndolo con una pinza. Durante varias semanas se debe desinfectar bien la zona hasta que, de forma natural, se produzca la ca\u00edda del cord\u00f3n umbilical dando lugar al ombligo. Para evitar infecciones, es esencial llevar a cabo algunos cuidados del ombligo reci\u00e9n nacido. [&hellip;]<\/p>\n","protected":false},"author":1,"featured_media":5925,"comment_status":"closed","ping_status":"open","sticky":false,"template":"","format":"standard","meta":{"footnotes":""},"categories":[3],"tags":[],"yoast_head":"<!-- This site is optimized with the Yoast SEO plugin v21.6 - https:\/\/yoast.com\/wordpress\/plugins\/seo\/ -->\n<title>\u25b7 Cuidados del Ombligo Reci\u00e9n nacido [Gu\u00eda F\u00e1cil]<\/title>\n<meta name=\"description\" content=\"Descubre Cu\u00e1les son los Cuidados del Ombligo Reci\u00e9n Nacido que debes Llevar a cabo \u261d y Qu\u00e9 NO Debes Hacer \u00a1Te lo contamos \u2714\ufe0f AQU\u00cd!\" \/>\n<meta name=\"robots\" content=\"index, follow, max-snippet:-1, max-image-preview:large, max-video-preview:-1\" \/>\n<link rel=\"canonical\" href=\"https:\/\/www.generali.es\/blog\/tuasesorsalud\/cuidados-ombligo-recien-nacido\/\" \/>\n<meta name=\"twitter:label1\" content=\"Escrito por\" \/>\n\t<meta name=\"twitter:data1\" content=\"Equipo GENERALI\" \/>\n\t<meta name=\"twitter:label2\" content=\"Tiempo de lectura\" \/>\n\t<meta name=\"twitter:data2\" content=\"6 minutos\" \/>\n<script type=\"application\/ld+json\" class=\"yoast-schema-graph\">{\"@context\":\"https:\/\/schema.org\",\"@graph\":[{\"@type\":\"Article\",\"@id\":\"https:\/\/www.generali.es\/blog\/tuasesorsalud\/cuidados-ombligo-recien-nacido\/#article\",\"isPartOf\":{\"@id\":\"https:\/\/www.generali.es\/blog\/tuasesorsalud\/cuidados-ombligo-recien-nacido\/\"},\"author\":{\"name\":\"Equipo GENERALI\",\"@id\":\"https:\/\/www.generali.es\/blog\/tuasesorsalud\/#\/schema\/person\/b3e3621e80b273ef3366c6dc945ab47e\"},\"headline\":\"Cuidados del ombligo del reci\u00e9n nacido para evitar infecci\u00f3n\",\"datePublished\":\"2023-10-17T18:33:00+00:00\",\"dateModified\":\"2024-05-07T10:11:07+00:00\",\"mainEntityOfPage\":{\"@id\":\"https:\/\/www.generali.es\/blog\/tuasesorsalud\/cuidados-ombligo-recien-nacido\/\"},\"wordCount\":1207,\"publisher\":{\"@id\":\"https:\/\/www.generali.es\/blog\/tuasesorsalud\/#organization\"},\"articleSection\":[\"Salud\"],\"inLanguage\":\"es\"},{\"@type\":\"WebPage\",\"@id\":\"https:\/\/www.generali.es\/blog\/tuasesorsalud\/cuidados-ombligo-recien-nacido\/\",\"url\":\"https:\/\/www.generali.es\/blog\/tuasesorsalud\/cuidados-ombligo-recien-nacido\/\",\"name\":\"\u25b7 Cuidados del Ombligo Reci\u00e9n nacido [Gu\u00eda F\u00e1cil]\",\"isPartOf\":{\"@id\":\"https:\/\/www.generali.es\/blog\/tuasesorsalud\/#website\"},\"datePublished\":\"2023-10-17T18:33:00+00:00\",\"dateModified\":\"2024-05-07T10:11:07+00:00\",\"description\":\"Descubre Cu\u00e1les son los Cuidados del Ombligo Reci\u00e9n Nacido que debes Llevar a cabo \u261d y Qu\u00e9 NO Debes Hacer \u00a1Te lo contamos \u2714\ufe0f AQU\u00cd!\",\"breadcrumb\":{\"@id\":\"https:\/\/www.generali.es\/blog\/tuasesorsalud\/cuidados-ombligo-recien-nacido\/#breadcrumb\"},\"inLanguage\":\"es\",\"potentialAction\":[{\"@type\":\"ReadAction\",\"target\":[\"https:\/\/www.generali.es\/blog\/tuasesorsalud\/cuidados-ombligo-recien-nacido\/\"]}]},{\"@type\":\"BreadcrumbList\",\"@id\":\"https:\/\/www.generali.es\/blog\/tuasesorsalud\/cuidados-ombligo-recien-nacido\/#breadcrumb\",\"itemListElement\":[{\"@type\":\"ListItem\",\"position\":1,\"name\":\"Home\",\"item\":\"https:\/\/www.generali.es\/blog\/tuasesorsalud\/\"},{\"@type\":\"ListItem\",\"position\":2,\"name\":\"Salud\",\"item\":\"https:\/\/www.generali.es\/blog\/tuasesorsalud\/salud\/\"},{\"@type\":\"ListItem\",\"position\":3,\"name\":\"Cuidados del ombligo del reci\u00e9n nacido para evitar infecci\u00f3n\"}]},{\"@type\":\"WebSite\",\"@id\":\"https:\/\/www.generali.es\/blog\/tuasesorsalud\/#website\",\"url\":\"https:\/\/www.generali.es\/blog\/tuasesorsalud\/\",\"name\":\"Tu Asesor de Salud\",\"description\":\"Blog de Salud de GENERALI\",\"publisher\":{\"@id\":\"https:\/\/www.generali.es\/blog\/tuasesorsalud\/#organization\"},\"potentialAction\":[{\"@type\":\"SearchAction\",\"target\":{\"@type\":\"EntryPoint\",\"urlTemplate\":\"https:\/\/www.generali.es\/blog\/tuasesorsalud\/?s={search_term_string}\"},\"query-input\":\"required name=search_term_string\"}],\"inLanguage\":\"es\"},{\"@type\":\"Organization\",\"@id\":\"https:\/\/www.generali.es\/blog\/tuasesorsalud\/#organization\",\"name\":\"Tu Asesor de Salud\",\"url\":\"https:\/\/www.generali.es\/blog\/tuasesorsalud\/\",\"logo\":{\"@type\":\"ImageObject\",\"inLanguage\":\"es\",\"@id\":\"https:\/\/www.generali.es\/blog\/tuasesorsalud\/#\/schema\/logo\/image\/\",\"url\":\"https:\/\/www.generali.es\/blog\/tuasesorsalud\/wp-content\/uploads\/2021\/04\/generali.png\",\"contentUrl\":\"https:\/\/www.generali.es\/blog\/tuasesorsalud\/wp-content\/uploads\/2021\/04\/generali.png\",\"width\":100,\"height\":81,\"caption\":\"Tu Asesor de Salud\"},\"image\":{\"@id\":\"https:\/\/www.generali.es\/blog\/tuasesorsalud\/#\/schema\/logo\/image\/\"}},{\"@type\":\"Person\",\"@id\":\"https:\/\/www.generali.es\/blog\/tuasesorsalud\/#\/schema\/person\/b3e3621e80b273ef3366c6dc945ab47e\",\"name\":\"Equipo GENERALI\",\"image\":{\"@type\":\"ImageObject\",\"inLanguage\":\"es\",\"@id\":\"https:\/\/www.generali.es\/blog\/tuasesorsalud\/#\/schema\/person\/image\/\",\"url\":\"https:\/\/www.generali.es\/blog\/tuasesorsalud\/wp-content\/uploads\/2020\/11\/equipo_generali-150x150.jpg\",\"contentUrl\":\"https:\/\/www.generali.es\/blog\/tuasesorsalud\/wp-content\/uploads\/2020\/11\/equipo_generali-150x150.jpg\",\"caption\":\"Equipo GENERALI\"},\"description\":\"El equipo de Tu Asesor Salud est\u00e1 compuesto por periodistas y especialistas en la salud, la nutrici\u00f3n, el deporte, la familia as\u00ed como profesionales t\u00e9cnicos de los seguros de salud. Te ayudamos a que tengas una vida m\u00e1s saludable y te ofrecemos contenido \u00fatil para tu d\u00eda a d\u00eda.\",\"sameAs\":[\"https:\/\/www.generali.es\/blog\/tuasesorsalud\/\"],\"url\":\"https:\/\/www.generali.es\/blog\/tuasesorsalud\/author\/generali_asesor\/\"}]}<\/script>\n<!-- \/ Yoast SEO plugin. -->","yoast_head_json":{"title":"\u25b7 Cuidados del Ombligo Reci\u00e9n nacido [Gu\u00eda F\u00e1cil]","description":"Descubre Cu\u00e1les son los Cuidados del Ombligo Reci\u00e9n Nacido que debes Llevar a cabo \u261d y Qu\u00e9 NO Debes Hacer \u00a1Te lo contamos \u2714\ufe0f AQU\u00cd!","robots":{"index":"index","follow":"follow","max-snippet":"max-snippet:-1","max-image-preview":"max-image-preview:large","max-video-preview":"max-video-preview:-1"},"canonical":"https:\/\/www.generali.es\/blog\/tuasesorsalud\/cuidados-ombligo-recien-nacido\/","twitter_misc":{"Escrito por":"Equipo GENERALI","Tiempo de lectura":"6 minutos"},"schema":{"@context":"https:\/\/schema.org","@graph":[{"@type":"Article","@id":"https:\/\/www.generali.es\/blog\/tuasesorsalud\/cuidados-ombligo-recien-nacido\/#article","isPartOf":{"@id":"https:\/\/www.generali.es\/blog\/tuasesorsalud\/cuidados-ombligo-recien-nacido\/"},"author":{"name":"Equipo GENERALI","@id":"https:\/\/www.generali.es\/blog\/tuasesorsalud\/#\/schema\/person\/b3e3621e80b273ef3366c6dc945ab47e"},"headline":"Cuidados del ombligo del reci\u00e9n nacido para evitar infecci\u00f3n","datePublished":"2023-10-17T18:33:00+00:00","dateModified":"2024-05-07T10:11:07+00:00","mainEntityOfPage":{"@id":"https:\/\/www.generali.es\/blog\/tuasesorsalud\/cuidados-ombligo-recien-nacido\/"},"wordCount":1207,"publisher":{"@id":"https:\/\/www.generali.es\/blog\/tuasesorsalud\/#organization"},"articleSection":["Salud"],"inLanguage":"es"},{"@type":"WebPage","@id":"https:\/\/www.generali.es\/blog\/tuasesorsalud\/cuidados-ombligo-recien-nacido\/","url":"https:\/\/www.generali.es\/blog\/tuasesorsalud\/cuidados-ombligo-recien-nacido\/","name":"\u25b7 Cuidados del Ombligo Reci\u00e9n nacido [Gu\u00eda F\u00e1cil]","isPartOf":{"@id":"https:\/\/www.generali.es\/blog\/tuasesorsalud\/#website"},"datePublished":"2023-10-17T18:33:00+00:00","dateModified":"2024-05-07T10:11:07+00:00","description":"Descubre Cu\u00e1les son los Cuidados del Ombligo Reci\u00e9n Nacido que debes Llevar a cabo \u261d y Qu\u00e9 NO Debes Hacer \u00a1Te lo contamos \u2714\ufe0f AQU\u00cd!","breadcrumb":{"@id":"https:\/\/www.generali.es\/blog\/tuasesorsalud\/cuidados-ombligo-recien-nacido\/#breadcrumb"},"inLanguage":"es","potentialAction":[{"@type":"ReadAction","target":["https:\/\/www.generali.es\/blog\/tuasesorsalud\/cuidados-ombligo-recien-nacido\/"]}]},{"@type":"BreadcrumbList","@id":"https:\/\/www.generali.es\/blog\/tuasesorsalud\/cuidados-ombligo-recien-nacido\/#breadcrumb","itemListElement":[{"@type":"ListItem","position":1,"name":"Home","item":"https:\/\/www.generali.es\/blog\/tuasesorsalud\/"},{"@type":"ListItem","position":2,"name":"Salud","item":"https:\/\/www.generali.es\/blog\/tuasesorsalud\/salud\/"},{"@type":"ListItem","position":3,"name":"Cuidados del ombligo del reci\u00e9n nacido para evitar infecci\u00f3n"}]},{"@type":"WebSite","@id":"https:\/\/www.generali.es\/blog\/tuasesorsalud\/#website","url":"https:\/\/www.generali.es\/blog\/tuasesorsalud\/","name":"Tu Asesor de Salud","description":"Blog de Salud de GENERALI","publisher":{"@id":"https:\/\/www.generali.es\/blog\/tuasesorsalud\/#organization"},"potentialAction":[{"@type":"SearchAction","target":{"@type":"EntryPoint","urlTemplate":"https:\/\/www.generali.es\/blog\/tuasesorsalud\/?s={search_term_string}"},"query-input":"required name=search_term_string"}],"inLanguage":"es"},{"@type":"Organization","@id":"https:\/\/www.generali.es\/blog\/tuasesorsalud\/#organization","name":"Tu Asesor de Salud","url":"https:\/\/www.generali.es\/blog\/tuasesorsalud\/","logo":{"@type":"ImageObject","inLanguage":"es","@id":"https:\/\/www.generali.es\/blog\/tuasesorsalud\/#\/schema\/logo\/image\/","url":"https:\/\/www.generali.es\/blog\/tuasesorsalud\/wp-content\/uploads\/2021\/04\/generali.png","contentUrl":"https:\/\/www.generali.es\/blog\/tuasesorsalud\/wp-content\/uploads\/2021\/04\/generali.png","width":100,"height":81,"caption":"Tu Asesor de Salud"},"image":{"@id":"https:\/\/www.generali.es\/blog\/tuasesorsalud\/#\/schema\/logo\/image\/"}},{"@type":"Person","@id":"https:\/\/www.generali.es\/blog\/tuasesorsalud\/#\/schema\/person\/b3e3621e80b273ef3366c6dc945ab47e","name":"Equipo GENERALI","image":{"@type":"ImageObject","inLanguage":"es","@id":"https:\/\/www.generali.es\/blog\/tuasesorsalud\/#\/schema\/person\/image\/","url":"https:\/\/www.generali.es\/blog\/tuasesorsalud\/wp-content\/uploads\/2020\/11\/equipo_generali-150x150.jpg","contentUrl":"https:\/\/www.generali.es\/blog\/tuasesorsalud\/wp-content\/uploads\/2020\/11\/equipo_generali-150x150.jpg","caption":"Equipo GENERALI"},"description":"El equipo de Tu Asesor Salud est\u00e1 compuesto por periodistas y especialistas en la salud, la nutrici\u00f3n, el deporte, la familia as\u00ed como profesionales t\u00e9cnicos de los seguros de salud. Te ayudamos a que tengas una vida m\u00e1s saludable y te ofrecemos contenido \u00fatil para tu d\u00eda a d\u00eda.","sameAs":["https:\/\/www.generali.es\/blog\/tuasesorsalud\/"],"url":"https:\/\/www.generali.es\/blog\/tuasesorsalud\/author\/generali_asesor\/"}]}},"_links":{"self":[{"href":"https:\/\/www.generali.es\/blog\/tuasesorsalud\/wp-json\/wp\/v2\/posts\/5926"}],"collection":[{"href":"https:\/\/www.generali.es\/blog\/tuasesorsalud\/wp-json\/wp\/v2\/posts"}],"about":[{"href":"https:\/\/www.generali.es\/blog\/tuasesorsalud\/wp-json\/wp\/v2\/types\/post"}],"author":[{"embeddable":true,"href":"https:\/\/www.generali.es\/blog\/tuasesorsalud\/wp-json\/wp\/v2\/users\/1"}],"replies":[{"embeddable":true,"href":"https:\/\/www.generali.es\/blog\/tuasesorsalud\/wp-json\/wp\/v2\/comments?post=5926"}],"version-history":[{"count":6,"href":"https:\/\/www.generali.es\/blog\/tuasesorsalud\/wp-json\/wp\/v2\/posts\/5926\/revisions"}],"predecessor-version":[{"id":6398,"href":"https:\/\/www.generali.es\/blog\/tuasesorsalud\/wp-json\/wp\/v2\/posts\/5926\/revisions\/6398"}],"wp:featuredmedia":[{"embeddable":true,"href":"https:\/\/www.generali.es\/blog\/tuasesorsalud\/wp-json\/wp\/v2\/media\/5925"}],"wp:attachment":[{"href":"https:\/\/www.generali.es\/blog\/tuasesorsalud\/wp-json\/wp\/v2\/media?parent=5926"}],"wp:term":[{"taxonomy":"category","embeddable":true,"href":"https:\/\/www.generali.es\/blog\/tuasesorsalud\/wp-json\/wp\/v2\/categories?post=5926"},{"taxonomy":"post_tag","embeddable":true,"href":"https:\/\/www.generali.es\/blog\/tuasesorsalud\/wp-json\/wp\/v2\/tags?post=5926"}],"curies":[{"name":"wp","href":"https:\/\/api.w.org\/{rel}","templated":true}]}}