{"id":5884,"date":"2023-09-27T16:20:00","date_gmt":"2023-09-27T14:20:00","guid":{"rendered":"https:\/\/www.generali.es\/blog\/tuasesorsalud\/?p=5884"},"modified":"2024-05-07T12:12:27","modified_gmt":"2024-05-07T10:12:27","slug":"laringitis-ninos","status":"publish","type":"post","link":"https:\/\/www.generali.es\/blog\/tuasesorsalud\/laringitis-ninos\/","title":{"rendered":"Laringitis en ni\u00f1os, causas y tratamientos recomendables"},"content":{"rendered":"\n<p>La <strong>laringitis es una enfermedad com\u00fan que afecta especialmente a los ni\u00f1os<\/strong>. Se caracteriza por la afon\u00eda de los m\u00e1s peque\u00f1os y su incidencia es mayor en temporada de bajas temperaturas. Aunque no suele conllevar consecuencias graves, como madres y padres debemos <strong>prestar atenci\u00f3n a los s\u00edntomas de laringitis en ni\u00f1os<\/strong> y saber c\u00f3mo aliviarlos.<\/p>\n\n\n\n<div id=\"ez-toc-container\" class=\"ez-toc-v2_0_22 counter-hierarchy counter-decimal\">\n<div class=\"ez-toc-title-container\">\n<p class=\"ez-toc-title\">&Iacute;ndice<\/p>\n<span class=\"ez-toc-title-toggle\"><a class=\"ez-toc-pull-right ez-toc-btn ez-toc-btn-xs ez-toc-btn-default ez-toc-toggle\" style=\"display: none;\"><i class=\"ez-toc-glyphicon ez-toc-icon-toggle\"><\/i><\/a><\/span><\/div>\n<nav><ul class=\"ez-toc-list ez-toc-list-level-1\"><li class=\"ez-toc-page-1 ez-toc-heading-level-2\"><a class=\"ez-toc-link ez-toc-heading-1\" href=\"https:\/\/www.generali.es\/blog\/tuasesorsalud\/laringitis-ninos\/#%C2%BFQue_es_la_laringitis\" title=\"\u00bfQu\u00e9 es la laringitis?\">\u00bfQu\u00e9 es la laringitis?<\/a><\/li><li class=\"ez-toc-page-1 ez-toc-heading-level-2\"><a class=\"ez-toc-link ez-toc-heading-2\" href=\"https:\/\/www.generali.es\/blog\/tuasesorsalud\/laringitis-ninos\/#Tipos_de_laringitis_en_ninos\" title=\"Tipos de laringitis en ni\u00f1os\">Tipos de laringitis en ni\u00f1os<\/a><ul class=\"ez-toc-list-level-3\"><li class=\"ez-toc-heading-level-3\"><a class=\"ez-toc-link ez-toc-heading-3\" href=\"https:\/\/www.generali.es\/blog\/tuasesorsalud\/laringitis-ninos\/#Leve\" title=\"Leve\">Leve<\/a><\/li><li class=\"ez-toc-page-1 ez-toc-heading-level-3\"><a class=\"ez-toc-link ez-toc-heading-4\" href=\"https:\/\/www.generali.es\/blog\/tuasesorsalud\/laringitis-ninos\/#Moderada\" title=\"Moderada\">Moderada<\/a><\/li><li class=\"ez-toc-page-1 ez-toc-heading-level-3\"><a class=\"ez-toc-link ez-toc-heading-5\" href=\"https:\/\/www.generali.es\/blog\/tuasesorsalud\/laringitis-ninos\/#Grave\" title=\"Grave\">Grave<\/a><\/li><\/ul><\/li><li class=\"ez-toc-page-1 ez-toc-heading-level-2\"><a class=\"ez-toc-link ez-toc-heading-6\" href=\"https:\/\/www.generali.es\/blog\/tuasesorsalud\/laringitis-ninos\/#Cuales_son_los_sintomas_de_la_laringitis_en_ninos\" title=\"Cu\u00e1les son los s\u00edntomas de la laringitis en ni\u00f1os\">Cu\u00e1les son los s\u00edntomas de la laringitis en ni\u00f1os<\/a><ul class=\"ez-toc-list-level-3\"><li class=\"ez-toc-heading-level-3\"><a class=\"ez-toc-link ez-toc-heading-7\" href=\"https:\/\/www.generali.es\/blog\/tuasesorsalud\/laringitis-ninos\/#Tos_seca_o_tos_perruna\" title=\"Tos seca o tos \u201cperruna\u201d\">Tos seca o tos \u201cperruna\u201d<\/a><\/li><li class=\"ez-toc-page-1 ez-toc-heading-level-3\"><a class=\"ez-toc-link ez-toc-heading-8\" href=\"https:\/\/www.generali.es\/blog\/tuasesorsalud\/laringitis-ninos\/#Afonia\" title=\"Afon\u00eda\">Afon\u00eda<\/a><\/li><li class=\"ez-toc-page-1 ez-toc-heading-level-3\"><a class=\"ez-toc-link ez-toc-heading-9\" href=\"https:\/\/www.generali.es\/blog\/tuasesorsalud\/laringitis-ninos\/#Sintomas_catarrales_previos\" title=\"S\u00edntomas catarrales previos\">S\u00edntomas catarrales previos<\/a><\/li><li class=\"ez-toc-page-1 ez-toc-heading-level-3\"><a class=\"ez-toc-link ez-toc-heading-10\" href=\"https:\/\/www.generali.es\/blog\/tuasesorsalud\/laringitis-ninos\/#Estridor_o_ruido_al_respirar\" title=\"Estridor o ruido al respirar\">Estridor o ruido al respirar<\/a><\/li><li class=\"ez-toc-page-1 ez-toc-heading-level-3\"><a class=\"ez-toc-link ez-toc-heading-11\" href=\"https:\/\/www.generali.es\/blog\/tuasesorsalud\/laringitis-ninos\/#Dificultad_al_respirar\" title=\"Dificultad al respirar\">Dificultad al respirar<\/a><\/li><\/ul><\/li><li class=\"ez-toc-page-1 ez-toc-heading-level-2\"><a class=\"ez-toc-link ez-toc-heading-12\" href=\"https:\/\/www.generali.es\/blog\/tuasesorsalud\/laringitis-ninos\/#Laringitis_en_ninos_%C2%BFse_contagia_Tipos_de_contagio\" title=\"Laringitis en ni\u00f1os: \u00bfse contagia? Tipos de contagio\">Laringitis en ni\u00f1os: \u00bfse contagia? Tipos de contagio<\/a><\/li><li class=\"ez-toc-page-1 ez-toc-heading-level-2\"><a class=\"ez-toc-link ez-toc-heading-13\" href=\"https:\/\/www.generali.es\/blog\/tuasesorsalud\/laringitis-ninos\/#%C2%BFComo_se_contagia_la_laringitis_en_ninos\" title=\"\u00bfC\u00f3mo se contagia la laringitis en ni\u00f1os?\">\u00bfC\u00f3mo se contagia la laringitis en ni\u00f1os?<\/a><ul class=\"ez-toc-list-level-3\"><li class=\"ez-toc-heading-level-3\"><a class=\"ez-toc-link ez-toc-heading-14\" href=\"https:\/\/www.generali.es\/blog\/tuasesorsalud\/laringitis-ninos\/#%C2%BFComo_evitar_el_contagio\" title=\"\u00bfC\u00f3mo evitar el contagio?\">\u00bfC\u00f3mo evitar el contagio?<\/a><\/li><\/ul><\/li><li class=\"ez-toc-page-1 ez-toc-heading-level-2\"><a class=\"ez-toc-link ez-toc-heading-15\" href=\"https:\/\/www.generali.es\/blog\/tuasesorsalud\/laringitis-ninos\/#%C2%BFComo_evoluciona_la_laringitis_en_ninos\" title=\"\u00bfC\u00f3mo evoluciona la laringitis en ni\u00f1os?\">\u00bfC\u00f3mo evoluciona la laringitis en ni\u00f1os?<\/a><\/li><li class=\"ez-toc-page-1 ez-toc-heading-level-2\"><a class=\"ez-toc-link ez-toc-heading-16\" href=\"https:\/\/www.generali.es\/blog\/tuasesorsalud\/laringitis-ninos\/#Tratamiento_para_la_laringitis_en_ninos\" title=\"Tratamiento para la laringitis en ni\u00f1os\">Tratamiento para la laringitis en ni\u00f1os<\/a><ul class=\"ez-toc-list-level-3\"><li class=\"ez-toc-heading-level-3\"><a class=\"ez-toc-link ez-toc-heading-17\" href=\"https:\/\/www.generali.es\/blog\/tuasesorsalud\/laringitis-ninos\/#%C2%BFComo_aliviar_la_tos_de_laringitis_en_ninos\" title=\"\u00bfC\u00f3mo aliviar la tos de laringitis en ni\u00f1os?\">\u00bfC\u00f3mo aliviar la tos de laringitis en ni\u00f1os?<\/a><\/li><li class=\"ez-toc-page-1 ez-toc-heading-level-3\"><a class=\"ez-toc-link ez-toc-heading-18\" href=\"https:\/\/www.generali.es\/blog\/tuasesorsalud\/laringitis-ninos\/#Otros_remedios_caseros_para_combatir_la_laringitis\" title=\"Otros remedios caseros para combatir la laringitis\">Otros remedios caseros para combatir la laringitis<\/a><\/li><\/ul><\/li><li class=\"ez-toc-page-1 ez-toc-heading-level-2\"><a class=\"ez-toc-link ez-toc-heading-19\" href=\"https:\/\/www.generali.es\/blog\/tuasesorsalud\/laringitis-ninos\/#%C2%BFCuanto_dura_la_laringitis_en_ninos\" title=\"\u00bfCu\u00e1nto dura la laringitis en ni\u00f1os?\">\u00bfCu\u00e1nto dura la laringitis en ni\u00f1os?<\/a><\/li><\/ul><\/nav><\/div>\n<h2 class=\"wp-block-heading\"><span class=\"ez-toc-section\" id=\"%C2%BFQue_es_la_laringitis\"><\/span><strong>\u00bfQu\u00e9 es la laringitis?<\/strong><span class=\"ez-toc-section-end\"><\/span><\/h2>\n\n\n\n<p>La <strong>laringitis es una afecci\u00f3n del sistema respiratorio <\/strong>provocada por la <strong>infecci\u00f3n de las cuerdas vocales<\/strong>, las cuales se encuentran en la laringe. Normalmente esta inflamaci\u00f3n aparece por la infecci\u00f3n de los virus respiratorios.&nbsp;<\/p>\n\n\n\n<p>La incidencia de la laringitis en ni\u00f1os tiene una especial presencia <strong>entre los 6 meses y los 6 a\u00f1os de edad<\/strong>. Adem\u00e1s, la mayor\u00eda de casos se concentran <strong>durante los meses de oto\u00f1o e invierno <\/strong>debido a las bajas temperaturas. Algunos expertos se refieren a la laringitis como <em>croup<\/em> o laringitis estridulosa.<\/p>\n\n\n\n<h2 class=\"wp-block-heading\"><span class=\"ez-toc-section\" id=\"Tipos_de_laringitis_en_ninos\"><\/span><strong>Tipos de laringitis en ni\u00f1os<\/strong><span class=\"ez-toc-section-end\"><\/span><\/h2>\n\n\n\n<p>Seg\u00fan el tipo de infecci\u00f3n que presente el ni\u00f1o, podemos diferenciar varios tipos de laringitis.<\/p>\n\n\n\n<h3 class=\"wp-block-heading\"><span class=\"ez-toc-section\" id=\"Leve\"><\/span>Leve<span class=\"ez-toc-section-end\"><\/span><\/h3>\n\n\n\n<p>Es aquella que menor gravedad reviste. Presenta <strong>sintomatolog\u00eda muy leve<\/strong> como <strong>tos<\/strong>, <strong>ronquera<\/strong> y, en algunos ni\u00f1os, cuadros de <strong>afon\u00eda<\/strong>.<\/p>\n\n\n\n<h3 class=\"wp-block-heading\"><span class=\"ez-toc-section\" id=\"Moderada\"><\/span>Moderada<span class=\"ez-toc-section-end\"><\/span><\/h3>\n\n\n\n<p>Los s\u00edntomas de la laringitis moderada son m\u00e1s intensos: adem\u00e1s de la tos y la roquera, pueden <strong>aparecer problemas para respirar<\/strong>.<\/p>\n\n\n\n<h3 class=\"wp-block-heading\"><span class=\"ez-toc-section\" id=\"Grave\"><\/span>Grave<span class=\"ez-toc-section-end\"><\/span><\/h3>\n\n\n\n<p>La laringitis grave se caracteriza por la <strong>gran dificultad para respirar<\/strong>. Algunas personas tambi\u00e9n presentan coloraci\u00f3n azulada alrededor de la boca.<\/p>\n\n\n\n<p>\u25b7 <strong>\u00a1Te vendr\u00e1n bien! <\/strong><a title=\"C\u00f3mo aliviar el dolor de barriga en ni\u00f1os\" href=\"https:\/\/www.generali.es\/blog\/tuasesorsalud\/dolor-barriga-ninos\/\" target=\"_blank\" rel=\"noopener\">C\u00f3mo aliviar el dolor de barriga en ni\u00f1os<\/a><\/p>\n\n\n\n<h2 class=\"wp-block-heading\"><span class=\"ez-toc-section\" id=\"Cuales_son_los_sintomas_de_la_laringitis_en_ninos\"><\/span><strong>Cu\u00e1les son los s\u00edntomas de la laringitis en ni\u00f1os<\/strong><span class=\"ez-toc-section-end\"><\/span><\/h2>\n\n\n\n<p>\u00bfConoces los s\u00edntomas de la laringitis en ni\u00f1os? Aprende a identificarla precozmente.<\/p>\n\n\n\n<h3 class=\"wp-block-heading\"><span class=\"ez-toc-section\" id=\"Tos_seca_o_tos_perruna\"><\/span>Tos seca o tos \u201cperruna\u201d<span class=\"ez-toc-section-end\"><\/span><\/h3>\n\n\n\n<p>Debido a la inflamaci\u00f3n que produce la laringitis en la v\u00eda a\u00e9rea superior surge uno de sus s\u00edntomas m\u00e1s caracter\u00edsticos es la tos seca, tambi\u00e9n conocida como tos \u201cperruna\u201d. <strong>Se llama as\u00ed porque recuerda al ladrido de un animal<\/strong>.<\/p>\n\n\n\n<h3 class=\"wp-block-heading\"><span class=\"ez-toc-section\" id=\"Afonia\"><\/span>Afon\u00eda<span class=\"ez-toc-section-end\"><\/span><\/h3>\n\n\n\n<p>Aunque no en todos los casos, la infecci\u00f3n en las cuerdas vocales puede conllevar la <strong>p\u00e9rdida de la voz<\/strong>.<\/p>\n\n\n\n<h3 class=\"wp-block-heading\"><span class=\"ez-toc-section\" id=\"Sintomas_catarrales_previos\"><\/span>S\u00edntomas catarrales previos<span class=\"ez-toc-section-end\"><\/span><\/h3>\n\n\n\n<p>Es com\u00fan que la laringitis como tal vaya <strong>precedida de ciertos s\u00edntomas comunes en los catarros<\/strong> como <strong>fiebre<\/strong>, <strong>congesti\u00f3n nasal<\/strong> o <strong>apat\u00eda<\/strong>. \u00bfTu hijo tiene un resfriado? Te contamos c\u00f3mo combatirlo con <a title=\"remedios caseros eficaces\" href=\"https:\/\/www.generali.es\/blog\/tuasesorsalud\/como-curar-resfriado\/\" target=\"_blank\" rel=\"noopener\">remedios caseros eficaces<\/a> para curarlo.<\/p>\n\n\n\n<h3 class=\"wp-block-heading\"><span class=\"ez-toc-section\" id=\"Estridor_o_ruido_al_respirar\"><\/span>Estridor o ruido al respirar<span class=\"ez-toc-section-end\"><\/span><\/h3>\n\n\n\n<p>Otro s\u00edntoma de la laringitis es un caracter\u00edstico <strong>ruido al respirar que se conoce como estridor<\/strong>. Aparece cuando las v\u00edas se han estrechado debido a la inflamaci\u00f3n de las mismas. Cuando el ni\u00f1o se agita o llora es incluso m\u00e1s perceptible.<\/p>\n\n\n\n<p>\u25b7 <strong>\u00a1Te interesa! <\/strong><a title=\"C\u00f3mo tratar y aliviar el estre\u00f1imiento en beb\u00e9s\" href=\"https:\/\/www.generali.es\/blog\/tuasesorsalud\/estrenimiento-bebes\/\" target=\"_blank\" rel=\"noopener\">C\u00f3mo tratar y aliviar el estre\u00f1imiento en beb\u00e9s<\/a><\/p>\n\n\n\n<h3 class=\"wp-block-heading\"><span class=\"ez-toc-section\" id=\"Dificultad_al_respirar\"><\/span>Dificultad al respirar<span class=\"ez-toc-section-end\"><\/span><\/h3>\n\n\n\n<p>Solo aparece en los casos m\u00e1s graves. La inflamaci\u00f3n de las v\u00edas respiratorias tambi\u00e9n puede <strong>impedir que el caudal de aire entre en los pulmones<\/strong> dando lugar a problemas para poder respirar.<\/p>\n\n\n\n<p>Un truco para identificar la dificultad para respirar es <strong>fijarse en el pecho del ni\u00f1o<\/strong>. Si se le marcan las costillas y se le hunde el pecho significa que est\u00e1 esforz\u00e1ndose por tomar m\u00e1s aire. Adem\u00e1s, es com\u00fan la <strong>respiraci\u00f3n r\u00e1pida en los cuadros de laringitis aguda en ni\u00f1os<\/strong>.<\/p>\n\n\n\n<p>Si los problemas para respirar en tu hijo persisten, debes acudir a urgencias o visitar a su pediatra. Para estos casos un <a title=\"Seguro de Salud Familiar\" href=\"https:\/\/www.generali.es\/seguros-particulares\/salud\" target=\"_blank\" rel=\"noopener\">seguro de salud familiar<\/a> te resultar\u00e1 de gran utilidad: <strong>accede a especialistas<\/strong>, <strong>obt\u00e9n un seguimiento pedi\u00e1trico personalizado<\/strong>, \u00a1y todo sin esperas! <a title=\"Cons\u00faltanos\" href=\"https:\/\/www.generali.es\/blog\/tuasesorsalud\/solicitar-informacion\/\" target=\"_blank\" rel=\"noopener\">Cons\u00faltanos<\/a> qu\u00e9 coberturas se adaptan mejor a tu familia.<\/p>\n\n\n\n<h2 class=\"wp-block-heading\"><span class=\"ez-toc-section\" id=\"Laringitis_en_ninos_%C2%BFse_contagia_Tipos_de_contagio\"><\/span><strong>Laringitis en ni\u00f1os: \u00bfse contagia? Tipos de contagio<\/strong><span class=\"ez-toc-section-end\"><\/span><\/h2>\n\n\n\n<p>Es una pregunta muy com\u00fan entre madres y padres.<strong> \u00bfLa laringitis en ni\u00f1os se contagia?<\/strong> <strong>La respuesta es afirmativa<\/strong>. Es una infecci\u00f3n muy contagiosa dado su origen v\u00edrico en la mayor\u00eda de casos.<\/p>\n\n\n\n<h2 class=\"wp-block-heading\"><span class=\"ez-toc-section\" id=\"%C2%BFComo_se_contagia_la_laringitis_en_ninos\"><\/span>\u00bfC\u00f3mo se contagia la laringitis en ni\u00f1os?<span class=\"ez-toc-section-end\"><\/span><\/h2>\n\n\n\n<ul>\n<li>A trav\u00e9s de las <strong>got\u00edculas respiratorias<\/strong>. Son unas peque\u00f1as part\u00edculas diminutas e imperceptibles a la vista que quedan suspendidas en el ambiente. Se producen al hablar, toser o estornudar.<\/li>\n\n\n\n<li>A trav\u00e9s del <strong>contacto f\u00edsico<\/strong>, bes\u00e1ndose o estando en la misma habitaci\u00f3n.<\/li>\n\n\n\n<li>Al <strong>compartir objetos<\/strong> como juguetes, cubiertos, vasos o chupetes.<\/li>\n<\/ul>\n\n\n\n<p>\u25b7 <strong>\u00a1Te resultar\u00e1 \u00fatil! <\/strong><a title=\"Gu\u00eda de revisiones pedi\u00e1tricas hasta los 14 a\u00f1os\" href=\"https:\/\/www.generali.es\/blog\/tuasesorsalud\/revisiones-pediatricas\/\" target=\"_blank\" rel=\"noopener\">Gu\u00eda de revisiones pedi\u00e1tricas hasta los 14 a\u00f1os<\/a><\/p>\n\n\n\n<h3 class=\"wp-block-heading\"><span class=\"ez-toc-section\" id=\"%C2%BFComo_evitar_el_contagio\"><\/span>\u00bfC\u00f3mo evitar el contagio?<span class=\"ez-toc-section-end\"><\/span><\/h3>\n\n\n\n<p>La mejor forma de prevenir el contagio de laringitis en ni\u00f1os es <strong>mantener una buena higiene personal<\/strong>. Aseg\u00farate de que tu hijo se lave las manos de forma frecuente y antes de cada comida.<\/p>\n\n\n\n<p>Conviene que no comparta objetos como juguetes o material escolar con otros compa\u00f1eros que pudieran estar contagiados. Adem\u00e1s, <strong>se recomienda que no acuda al colegio si presenta s\u00edntomas de laringitis <\/strong>para evitar el contagio entre sus compa\u00f1eros.<\/p>\n\n\n\n<h2 class=\"wp-block-heading\"><span class=\"ez-toc-section\" id=\"%C2%BFComo_evoluciona_la_laringitis_en_ninos\"><\/span><strong>\u00bfC\u00f3mo evoluciona la laringitis en ni\u00f1os?<\/strong><span class=\"ez-toc-section-end\"><\/span><\/h2>\n\n\n\n<p>Afortunadamente, la mayor\u00eda de faringitis en ni\u00f1os son leves y se curan solas. En estos casos, tampoco se recomienda un tratamiento espec\u00edfico pues los s\u00edntomas ir\u00e1n remitiendo con el paso de los d\u00edas.<\/p>\n\n\n\n<p>Solo en aquellos casos donde el ni\u00f1o tiene problemas para respirar o presenta estridor se aplica un tratamiento para reducir la inflamaci\u00f3n. Aun as\u00ed, la evoluci\u00f3n de la enfermedad deber\u00eda ser favorable, reduci\u00e9ndose la sintomatolog\u00eda poco a poco.<\/p>\n\n\n\n<h2 class=\"wp-block-heading\"><span class=\"ez-toc-section\" id=\"Tratamiento_para_la_laringitis_en_ninos\"><\/span><strong>Tratamiento para la laringitis en ni\u00f1os<\/strong><span class=\"ez-toc-section-end\"><\/span><\/h2>\n\n\n\n<p>Si tu hijo presenta s\u00edntomas m\u00e1s graves, puedes recurrir a ciertos<strong> tratamientos para la laringitis que ayudar\u00e1n a aliviar las molestias<\/strong>. Eso s\u00ed, recuerda que siempre conviene aplicarlos bajo la supervisi\u00f3n de un profesional.<\/p>\n\n\n\n<p>Si presenta malestar, algunos profesionales optan por recetar <strong>ibuprofeno seg\u00fan la edad y peso del ni\u00f1o<\/strong>. No obstante, existen otras formas de aliviar los s\u00edntomas.<\/p>\n\n\n\n<h3 class=\"wp-block-heading\"><span class=\"ez-toc-section\" id=\"%C2%BFComo_aliviar_la_tos_de_laringitis_en_ninos\"><\/span><strong>\u00bfC\u00f3mo aliviar la tos de laringitis en ni\u00f1os?<\/strong><span class=\"ez-toc-section-end\"><\/span><\/h3>\n\n\n\n<p>Una manera eficaz de aliviar la tos seca de laringitis es tratando de <strong>humedecer el ambiente<\/strong>. Para ello, pon dep\u00f3sitos de agua en los radiadores. Los <strong>humidificadores tambi\u00e9n ser\u00e1n \u00fatiles<\/strong> aunque una alternativa si no cuentas con uno es abrir el grifo de la ducha con agua caliente y quedarse en el ba\u00f1o 20 minutos.<\/p>\n\n\n\n<p>Otra forma de aliviar la tos es <strong>favorecer la ventilaci\u00f3n en las habitaciones<\/strong>. Si tu hijo se despierta tosiendo por la noche, opta por abrir la ventana y ventilar la estancia.<\/p>\n\n\n\n<p>\u25b7 <strong>\u00a1Recuerda! <\/strong><a title=\"Neumon\u00eda en ni\u00f1os c\u00f3mo detectarla y tratarla a tiempo\" href=\"https:\/\/www.generali.es\/blog\/tuasesorsalud\/neumonia-ninos\/\" target=\"_blank\" rel=\"noopener\">Neumon\u00eda en ni\u00f1os c\u00f3mo detectarla y tratarla a tiempo<\/a><\/p>\n\n\n\n<h3 class=\"wp-block-heading\"><span class=\"ez-toc-section\" id=\"Otros_remedios_caseros_para_combatir_la_laringitis\"><\/span>Otros remedios caseros para combatir la laringitis<span class=\"ez-toc-section-end\"><\/span><\/h3>\n\n\n\n<p>\u00bfQu\u00e9 es bueno para la laringitis en ni\u00f1os? Estos son algunos remedios caseros que funcionan:<\/p>\n\n\n\n<ul>\n<li>El <strong>aire fr\u00edo tiene la capacidad de desinflamar <\/strong>los tejidos de las v\u00edas respiratorias. Durante los meses de invierno, opta por abrigar bien a tu hijo y asomarte a la ventana con \u00e9l.<\/li>\n\n\n\n<li>Adem\u00e1s, <strong>recuerda darle abundante l\u00edquido a tu hijo<\/strong>. Si se muestra sin apetito, no se recomienda que le fuerces a comer. Opta por alimentos l\u00edquidos como el zumo o el agua.<\/li>\n\n\n\n<li><strong>Evita los ambientes secos<\/strong>.<\/li>\n\n\n\n<li>Mant\u00e9n a tu hijo sentado, con la cabeza alta, para favorecer el paso de aire por sus v\u00edas respiratorias.<\/li>\n<\/ul>\n\n\n\n<h2 class=\"wp-block-heading\"><span class=\"ez-toc-section\" id=\"%C2%BFCuanto_dura_la_laringitis_en_ninos\"><\/span><strong>\u00bfCu\u00e1nto dura la laringitis en ni\u00f1os?<\/strong><span class=\"ez-toc-section-end\"><\/span><\/h2>\n\n\n\n<p>La <strong>laringitis en ni\u00f1os suele durar entre 1 y 2 semanas<\/strong>, aunque la fase de la enfermedad m\u00e1s grave no se prolonga m\u00e1s de 2 o 3 d\u00edas.<\/p>\n\n\n\n<p>\u00a1El bienestar de tu familia es tu mayor prioridad! Cuida de ellos con el seguro de Protecci\u00f3n Familiar <a title=\"Salud Opci\u00f3n Family\" href=\"https:\/\/www.generali.es\/seguros-particulares\/salud-opcion-family?utm_source=contenidos&amp;utm_medium=tuasesorsalud.generali.es&amp;utm_campaign=awareness_salud&amp;utm_term=1&amp;utm_content=post_Neumon%C3%ADa%20en%20ni%C3%B1os%20c%C3%B3mo%20detectarla%20y%20tratarla%20a%20tiempo\" target=\"_blank\" rel=\"noopener\">Salud Opci\u00f3n Family<\/a> de <strong>GENERALI<\/strong>: asistencia primaria y hospitalaria inmediata, pruebas diagn\u00f3sticas y tratamientos preventivos. Si quieres m\u00e1s informaci\u00f3n, \u00a1<a title=\"cons\u00faltanos\" href=\"https:\/\/tuasesorsalud.generali.es\/solicitar-informacion\/\" target=\"_blank\" rel=\"noopener\">cons\u00faltanos<\/a> sin compromiso!<\/p>\n\n\n\n<figure class=\"wp-block-image\"><img decoding=\"async\" src=\"https:\/\/pixel.welcomesoftware.com\/px.gif?key=YXJ0aWNsZT1mMWQ2YjBjMDUwNzYxMWVlYWY2MjlhOWQ2NzNhYTFkMg==\" alt=\"\"\/><\/figure>\n","protected":false},"excerpt":{"rendered":"<p>La laringitis es una enfermedad com\u00fan que afecta especialmente a los ni\u00f1os. Se caracteriza por la afon\u00eda de los m\u00e1s peque\u00f1os y su incidencia es mayor en temporada de bajas temperaturas. Aunque no suele conllevar consecuencias graves, como madres y padres debemos prestar atenci\u00f3n a los s\u00edntomas de laringitis en ni\u00f1os y saber c\u00f3mo aliviarlos. [&hellip;]<\/p>\n","protected":false},"author":1,"featured_media":5883,"comment_status":"closed","ping_status":"open","sticky":false,"template":"","format":"standard","meta":{"footnotes":""},"categories":[3],"tags":[],"yoast_head":"<!-- This site is optimized with the Yoast SEO plugin v21.6 - https:\/\/yoast.com\/wordpress\/plugins\/seo\/ -->\n<title>\u25b7 Laringitis en Ni\u00f1os: Causas, S\u00edntomas y Tratamientos<\/title>\n<meta name=\"description\" content=\"La Laringitis en Ni\u00f1os es una Enfermedad Respiratoria Aguda \u261d mayoritariamente Provocada por Virus Respiratorio \u2794 Descubre su Tratamiento \u2714\ufe0f AQU\u00cd\" \/>\n<meta name=\"robots\" content=\"index, follow, max-snippet:-1, max-image-preview:large, max-video-preview:-1\" \/>\n<link rel=\"canonical\" href=\"https:\/\/www.generali.es\/blog\/tuasesorsalud\/laringitis-ninos\/\" \/>\n<meta name=\"twitter:label1\" content=\"Escrito por\" \/>\n\t<meta name=\"twitter:data1\" content=\"Equipo GENERALI\" \/>\n\t<meta name=\"twitter:label2\" content=\"Tiempo de lectura\" \/>\n\t<meta name=\"twitter:data2\" content=\"6 minutos\" \/>\n<script type=\"application\/ld+json\" class=\"yoast-schema-graph\">{\"@context\":\"https:\/\/schema.org\",\"@graph\":[{\"@type\":\"Article\",\"@id\":\"https:\/\/www.generali.es\/blog\/tuasesorsalud\/laringitis-ninos\/#article\",\"isPartOf\":{\"@id\":\"https:\/\/www.generali.es\/blog\/tuasesorsalud\/laringitis-ninos\/\"},\"author\":{\"name\":\"Equipo GENERALI\",\"@id\":\"https:\/\/www.generali.es\/blog\/tuasesorsalud\/#\/schema\/person\/b3e3621e80b273ef3366c6dc945ab47e\"},\"headline\":\"Laringitis en ni\u00f1os, causas y tratamientos recomendables\",\"datePublished\":\"2023-09-27T14:20:00+00:00\",\"dateModified\":\"2024-05-07T10:12:27+00:00\",\"mainEntityOfPage\":{\"@id\":\"https:\/\/www.generali.es\/blog\/tuasesorsalud\/laringitis-ninos\/\"},\"wordCount\":1328,\"publisher\":{\"@id\":\"https:\/\/www.generali.es\/blog\/tuasesorsalud\/#organization\"},\"articleSection\":[\"Salud\"],\"inLanguage\":\"es\"},{\"@type\":\"WebPage\",\"@id\":\"https:\/\/www.generali.es\/blog\/tuasesorsalud\/laringitis-ninos\/\",\"url\":\"https:\/\/www.generali.es\/blog\/tuasesorsalud\/laringitis-ninos\/\",\"name\":\"\u25b7 Laringitis en Ni\u00f1os: Causas, S\u00edntomas y Tratamientos\",\"isPartOf\":{\"@id\":\"https:\/\/www.generali.es\/blog\/tuasesorsalud\/#website\"},\"datePublished\":\"2023-09-27T14:20:00+00:00\",\"dateModified\":\"2024-05-07T10:12:27+00:00\",\"description\":\"La Laringitis en Ni\u00f1os es una Enfermedad Respiratoria Aguda \u261d mayoritariamente Provocada por Virus Respiratorio \u2794 Descubre su Tratamiento \u2714\ufe0f AQU\u00cd\",\"breadcrumb\":{\"@id\":\"https:\/\/www.generali.es\/blog\/tuasesorsalud\/laringitis-ninos\/#breadcrumb\"},\"inLanguage\":\"es\",\"potentialAction\":[{\"@type\":\"ReadAction\",\"target\":[\"https:\/\/www.generali.es\/blog\/tuasesorsalud\/laringitis-ninos\/\"]}]},{\"@type\":\"BreadcrumbList\",\"@id\":\"https:\/\/www.generali.es\/blog\/tuasesorsalud\/laringitis-ninos\/#breadcrumb\",\"itemListElement\":[{\"@type\":\"ListItem\",\"position\":1,\"name\":\"Home\",\"item\":\"https:\/\/www.generali.es\/blog\/tuasesorsalud\/\"},{\"@type\":\"ListItem\",\"position\":2,\"name\":\"Salud\",\"item\":\"https:\/\/www.generali.es\/blog\/tuasesorsalud\/salud\/\"},{\"@type\":\"ListItem\",\"position\":3,\"name\":\"Laringitis en ni\u00f1os, causas y tratamientos recomendables\"}]},{\"@type\":\"WebSite\",\"@id\":\"https:\/\/www.generali.es\/blog\/tuasesorsalud\/#website\",\"url\":\"https:\/\/www.generali.es\/blog\/tuasesorsalud\/\",\"name\":\"Tu Asesor de Salud\",\"description\":\"Blog de Salud de GENERALI\",\"publisher\":{\"@id\":\"https:\/\/www.generali.es\/blog\/tuasesorsalud\/#organization\"},\"potentialAction\":[{\"@type\":\"SearchAction\",\"target\":{\"@type\":\"EntryPoint\",\"urlTemplate\":\"https:\/\/www.generali.es\/blog\/tuasesorsalud\/?s={search_term_string}\"},\"query-input\":\"required name=search_term_string\"}],\"inLanguage\":\"es\"},{\"@type\":\"Organization\",\"@id\":\"https:\/\/www.generali.es\/blog\/tuasesorsalud\/#organization\",\"name\":\"Tu Asesor de Salud\",\"url\":\"https:\/\/www.generali.es\/blog\/tuasesorsalud\/\",\"logo\":{\"@type\":\"ImageObject\",\"inLanguage\":\"es\",\"@id\":\"https:\/\/www.generali.es\/blog\/tuasesorsalud\/#\/schema\/logo\/image\/\",\"url\":\"https:\/\/www.generali.es\/blog\/tuasesorsalud\/wp-content\/uploads\/2021\/04\/generali.png\",\"contentUrl\":\"https:\/\/www.generali.es\/blog\/tuasesorsalud\/wp-content\/uploads\/2021\/04\/generali.png\",\"width\":100,\"height\":81,\"caption\":\"Tu Asesor de Salud\"},\"image\":{\"@id\":\"https:\/\/www.generali.es\/blog\/tuasesorsalud\/#\/schema\/logo\/image\/\"}},{\"@type\":\"Person\",\"@id\":\"https:\/\/www.generali.es\/blog\/tuasesorsalud\/#\/schema\/person\/b3e3621e80b273ef3366c6dc945ab47e\",\"name\":\"Equipo GENERALI\",\"image\":{\"@type\":\"ImageObject\",\"inLanguage\":\"es\",\"@id\":\"https:\/\/www.generali.es\/blog\/tuasesorsalud\/#\/schema\/person\/image\/\",\"url\":\"https:\/\/www.generali.es\/blog\/tuasesorsalud\/wp-content\/uploads\/2020\/11\/equipo_generali-150x150.jpg\",\"contentUrl\":\"https:\/\/www.generali.es\/blog\/tuasesorsalud\/wp-content\/uploads\/2020\/11\/equipo_generali-150x150.jpg\",\"caption\":\"Equipo GENERALI\"},\"description\":\"El equipo de Tu Asesor Salud est\u00e1 compuesto por periodistas y especialistas en la salud, la nutrici\u00f3n, el deporte, la familia as\u00ed como profesionales t\u00e9cnicos de los seguros de salud. Te ayudamos a que tengas una vida m\u00e1s saludable y te ofrecemos contenido \u00fatil para tu d\u00eda a d\u00eda.\",\"sameAs\":[\"https:\/\/www.generali.es\/blog\/tuasesorsalud\/\"],\"url\":\"https:\/\/www.generali.es\/blog\/tuasesorsalud\/author\/generali_asesor\/\"}]}<\/script>\n<!-- \/ Yoast SEO plugin. -->","yoast_head_json":{"title":"\u25b7 Laringitis en Ni\u00f1os: Causas, S\u00edntomas y Tratamientos","description":"La Laringitis en Ni\u00f1os es una Enfermedad Respiratoria Aguda \u261d mayoritariamente Provocada por Virus Respiratorio \u2794 Descubre su Tratamiento \u2714\ufe0f AQU\u00cd","robots":{"index":"index","follow":"follow","max-snippet":"max-snippet:-1","max-image-preview":"max-image-preview:large","max-video-preview":"max-video-preview:-1"},"canonical":"https:\/\/www.generali.es\/blog\/tuasesorsalud\/laringitis-ninos\/","twitter_misc":{"Escrito por":"Equipo GENERALI","Tiempo de lectura":"6 minutos"},"schema":{"@context":"https:\/\/schema.org","@graph":[{"@type":"Article","@id":"https:\/\/www.generali.es\/blog\/tuasesorsalud\/laringitis-ninos\/#article","isPartOf":{"@id":"https:\/\/www.generali.es\/blog\/tuasesorsalud\/laringitis-ninos\/"},"author":{"name":"Equipo GENERALI","@id":"https:\/\/www.generali.es\/blog\/tuasesorsalud\/#\/schema\/person\/b3e3621e80b273ef3366c6dc945ab47e"},"headline":"Laringitis en ni\u00f1os, causas y tratamientos recomendables","datePublished":"2023-09-27T14:20:00+00:00","dateModified":"2024-05-07T10:12:27+00:00","mainEntityOfPage":{"@id":"https:\/\/www.generali.es\/blog\/tuasesorsalud\/laringitis-ninos\/"},"wordCount":1328,"publisher":{"@id":"https:\/\/www.generali.es\/blog\/tuasesorsalud\/#organization"},"articleSection":["Salud"],"inLanguage":"es"},{"@type":"WebPage","@id":"https:\/\/www.generali.es\/blog\/tuasesorsalud\/laringitis-ninos\/","url":"https:\/\/www.generali.es\/blog\/tuasesorsalud\/laringitis-ninos\/","name":"\u25b7 Laringitis en Ni\u00f1os: Causas, S\u00edntomas y Tratamientos","isPartOf":{"@id":"https:\/\/www.generali.es\/blog\/tuasesorsalud\/#website"},"datePublished":"2023-09-27T14:20:00+00:00","dateModified":"2024-05-07T10:12:27+00:00","description":"La Laringitis en Ni\u00f1os es una Enfermedad Respiratoria Aguda \u261d mayoritariamente Provocada por Virus Respiratorio \u2794 Descubre su Tratamiento \u2714\ufe0f AQU\u00cd","breadcrumb":{"@id":"https:\/\/www.generali.es\/blog\/tuasesorsalud\/laringitis-ninos\/#breadcrumb"},"inLanguage":"es","potentialAction":[{"@type":"ReadAction","target":["https:\/\/www.generali.es\/blog\/tuasesorsalud\/laringitis-ninos\/"]}]},{"@type":"BreadcrumbList","@id":"https:\/\/www.generali.es\/blog\/tuasesorsalud\/laringitis-ninos\/#breadcrumb","itemListElement":[{"@type":"ListItem","position":1,"name":"Home","item":"https:\/\/www.generali.es\/blog\/tuasesorsalud\/"},{"@type":"ListItem","position":2,"name":"Salud","item":"https:\/\/www.generali.es\/blog\/tuasesorsalud\/salud\/"},{"@type":"ListItem","position":3,"name":"Laringitis en ni\u00f1os, causas y tratamientos recomendables"}]},{"@type":"WebSite","@id":"https:\/\/www.generali.es\/blog\/tuasesorsalud\/#website","url":"https:\/\/www.generali.es\/blog\/tuasesorsalud\/","name":"Tu Asesor de Salud","description":"Blog de Salud de GENERALI","publisher":{"@id":"https:\/\/www.generali.es\/blog\/tuasesorsalud\/#organization"},"potentialAction":[{"@type":"SearchAction","target":{"@type":"EntryPoint","urlTemplate":"https:\/\/www.generali.es\/blog\/tuasesorsalud\/?s={search_term_string}"},"query-input":"required name=search_term_string"}],"inLanguage":"es"},{"@type":"Organization","@id":"https:\/\/www.generali.es\/blog\/tuasesorsalud\/#organization","name":"Tu Asesor de Salud","url":"https:\/\/www.generali.es\/blog\/tuasesorsalud\/","logo":{"@type":"ImageObject","inLanguage":"es","@id":"https:\/\/www.generali.es\/blog\/tuasesorsalud\/#\/schema\/logo\/image\/","url":"https:\/\/www.generali.es\/blog\/tuasesorsalud\/wp-content\/uploads\/2021\/04\/generali.png","contentUrl":"https:\/\/www.generali.es\/blog\/tuasesorsalud\/wp-content\/uploads\/2021\/04\/generali.png","width":100,"height":81,"caption":"Tu Asesor de Salud"},"image":{"@id":"https:\/\/www.generali.es\/blog\/tuasesorsalud\/#\/schema\/logo\/image\/"}},{"@type":"Person","@id":"https:\/\/www.generali.es\/blog\/tuasesorsalud\/#\/schema\/person\/b3e3621e80b273ef3366c6dc945ab47e","name":"Equipo GENERALI","image":{"@type":"ImageObject","inLanguage":"es","@id":"https:\/\/www.generali.es\/blog\/tuasesorsalud\/#\/schema\/person\/image\/","url":"https:\/\/www.generali.es\/blog\/tuasesorsalud\/wp-content\/uploads\/2020\/11\/equipo_generali-150x150.jpg","contentUrl":"https:\/\/www.generali.es\/blog\/tuasesorsalud\/wp-content\/uploads\/2020\/11\/equipo_generali-150x150.jpg","caption":"Equipo GENERALI"},"description":"El equipo de Tu Asesor Salud est\u00e1 compuesto por periodistas y especialistas en la salud, la nutrici\u00f3n, el deporte, la familia as\u00ed como profesionales t\u00e9cnicos de los seguros de salud. Te ayudamos a que tengas una vida m\u00e1s saludable y te ofrecemos contenido \u00fatil para tu d\u00eda a d\u00eda.","sameAs":["https:\/\/www.generali.es\/blog\/tuasesorsalud\/"],"url":"https:\/\/www.generali.es\/blog\/tuasesorsalud\/author\/generali_asesor\/"}]}},"_links":{"self":[{"href":"https:\/\/www.generali.es\/blog\/tuasesorsalud\/wp-json\/wp\/v2\/posts\/5884"}],"collection":[{"href":"https:\/\/www.generali.es\/blog\/tuasesorsalud\/wp-json\/wp\/v2\/posts"}],"about":[{"href":"https:\/\/www.generali.es\/blog\/tuasesorsalud\/wp-json\/wp\/v2\/types\/post"}],"author":[{"embeddable":true,"href":"https:\/\/www.generali.es\/blog\/tuasesorsalud\/wp-json\/wp\/v2\/users\/1"}],"replies":[{"embeddable":true,"href":"https:\/\/www.generali.es\/blog\/tuasesorsalud\/wp-json\/wp\/v2\/comments?post=5884"}],"version-history":[{"count":6,"href":"https:\/\/www.generali.es\/blog\/tuasesorsalud\/wp-json\/wp\/v2\/posts\/5884\/revisions"}],"predecessor-version":[{"id":6399,"href":"https:\/\/www.generali.es\/blog\/tuasesorsalud\/wp-json\/wp\/v2\/posts\/5884\/revisions\/6399"}],"wp:featuredmedia":[{"embeddable":true,"href":"https:\/\/www.generali.es\/blog\/tuasesorsalud\/wp-json\/wp\/v2\/media\/5883"}],"wp:attachment":[{"href":"https:\/\/www.generali.es\/blog\/tuasesorsalud\/wp-json\/wp\/v2\/media?parent=5884"}],"wp:term":[{"taxonomy":"category","embeddable":true,"href":"https:\/\/www.generali.es\/blog\/tuasesorsalud\/wp-json\/wp\/v2\/categories?post=5884"},{"taxonomy":"post_tag","embeddable":true,"href":"https:\/\/www.generali.es\/blog\/tuasesorsalud\/wp-json\/wp\/v2\/tags?post=5884"}],"curies":[{"name":"wp","href":"https:\/\/api.w.org\/{rel}","templated":true}]}}