{"id":5678,"date":"2023-03-23T17:24:10","date_gmt":"2023-03-23T16:24:10","guid":{"rendered":"https:\/\/www.generali.es\/blog\/tuasesorsalud\/?p=5678"},"modified":"2024-05-07T12:21:22","modified_gmt":"2024-05-07T10:21:22","slug":"conjuntivitis-ninos","status":"publish","type":"post","link":"https:\/\/www.generali.es\/blog\/tuasesorsalud\/conjuntivitis-ninos\/","title":{"rendered":"Creo que mi hijo tiene conjuntivitis: \u00bfqu\u00e9 debo hacer?"},"content":{"rendered":"\n<p>Tu peque se levanta de repente un d\u00eda con el ojo rojo, le llora un poquito y parece que le pica.&nbsp;<\/p>\n\n\n\n<p>Con esos s\u00edntomas es muy posible que tenga conjuntivitis. \u00bfPero qu\u00e9 es exactamente la conjuntivitis?, \u00bfse puede tratar?, \u00bfpuede ir al colegio?, \u00bfes contagiosa?, \u00bfpuedo hacer algo para evitarla?<\/p>\n\n\n\n<p>Vamos a ir poco a poco contestando a cada una de estas preguntas para que no te quedes con dudas.<\/p>\n\n\n\n<div id=\"ez-toc-container\" class=\"ez-toc-v2_0_22 counter-hierarchy counter-decimal\">\n<div class=\"ez-toc-title-container\">\n<p class=\"ez-toc-title\">&Iacute;ndice<\/p>\n<span class=\"ez-toc-title-toggle\"><a class=\"ez-toc-pull-right ez-toc-btn ez-toc-btn-xs ez-toc-btn-default ez-toc-toggle\" style=\"display: none;\"><i class=\"ez-toc-glyphicon ez-toc-icon-toggle\"><\/i><\/a><\/span><\/div>\n<nav><ul class=\"ez-toc-list ez-toc-list-level-1\"><li class=\"ez-toc-page-1 ez-toc-heading-level-2\"><a class=\"ez-toc-link ez-toc-heading-1\" href=\"https:\/\/www.generali.es\/blog\/tuasesorsalud\/conjuntivitis-ninos\/#%C2%BFQue_es_la_conjuntivitis_en_ninos\" title=\"\u00bfQu\u00e9 es la conjuntivitis en ni\u00f1os?\">\u00bfQu\u00e9 es la conjuntivitis en ni\u00f1os?<\/a><\/li><li class=\"ez-toc-page-1 ez-toc-heading-level-2\"><a class=\"ez-toc-link ez-toc-heading-2\" href=\"https:\/\/www.generali.es\/blog\/tuasesorsalud\/conjuntivitis-ninos\/#Tipos_de_conjuntivitis\" title=\"Tipos de conjuntivitis\">Tipos de conjuntivitis<\/a><\/li><li class=\"ez-toc-page-1 ez-toc-heading-level-2\"><a class=\"ez-toc-link ez-toc-heading-3\" href=\"https:\/\/www.generali.es\/blog\/tuasesorsalud\/conjuntivitis-ninos\/#%C2%BFExiste_tratamiento_para_la_conjuntivitis_en_ninos\" title=\"\u00bfExiste tratamiento para la conjuntivitis en ni\u00f1os?\">\u00bfExiste tratamiento para la conjuntivitis en ni\u00f1os?<\/a><\/li><li class=\"ez-toc-page-1 ez-toc-heading-level-2\"><a class=\"ez-toc-link ez-toc-heading-4\" href=\"https:\/\/www.generali.es\/blog\/tuasesorsalud\/conjuntivitis-ninos\/#%C2%BFSi_mi_hijo_tiene_conjuntivitis_puede_ir_al_colegio\" title=\"\u00bfSi mi hijo tiene conjuntivitis puede ir al colegio?\">\u00bfSi mi hijo tiene conjuntivitis puede ir al colegio?<\/a><\/li><li class=\"ez-toc-page-1 ez-toc-heading-level-2\"><a class=\"ez-toc-link ez-toc-heading-5\" href=\"https:\/\/www.generali.es\/blog\/tuasesorsalud\/conjuntivitis-ninos\/#%C2%BFCuando_consultar_con_el_pediatra\" title=\"\u00bfCu\u00e1ndo consultar con el pediatra?\">\u00bfCu\u00e1ndo consultar con el pediatra?<\/a><\/li><\/ul><\/nav><\/div>\n<h2 class=\"wp-block-heading\"><span class=\"ez-toc-section\" id=\"%C2%BFQue_es_la_conjuntivitis_en_ninos\"><\/span>\u00bfQu\u00e9 es la conjuntivitis en ni\u00f1os?<span class=\"ez-toc-section-end\"><\/span><\/h2>\n\n\n\n<p>La conjuntivitis es una <strong>inflamaci\u00f3n en la membrana transparente que recubre el interior del p\u00e1rpado y la parte blanca del globo ocular <\/strong>(\u201cel blanco del ojo\u201d).&nbsp;<\/p>\n\n\n\n<p>Hay varios tipos, aunque la m\u00e1s frecuente en ni\u00f1os en edad escolar suele ser la v\u00edrica.&nbsp;<\/p>\n\n\n\n<h2 class=\"wp-block-heading\"><span class=\"ez-toc-section\" id=\"Tipos_de_conjuntivitis\"><\/span>Tipos de conjuntivitis<strong><\/strong><span class=\"ez-toc-section-end\"><\/span><\/h2>\n\n\n\n<p>Como te dec\u00eda hay varios tipos, dependiendo de la causa que la ha producido:&nbsp;<\/p>\n\n\n\n<ul>\n<li><strong>V\u00edrica:<\/strong> es la m\u00e1s frecuente en edad escolar y solemos ver un ojo rojo y unos d\u00edas despu\u00e9s los 2 ojos rojos. El peque tambi\u00e9n puede tener molestias (\u201ccomo si tuviera algo en el ojo\u201d), lagrimeo, fotofobia (molesta la luz) y secreci\u00f3n (lega\u00f1a) que suele ser de color claro o amarillento. <strong>Suele mejorar por s\u00ed sola en un plazo de 5-7 d\u00edas<\/strong> sin tratamiento (s\u00ed podemos hacer lavados con suero). Es importante que tengas en cuenta que <strong>es contagiosa<\/strong> durante el per\u00edodo que el ni\u00f1o tiene los s\u00edntomas (porque est\u00e1 causada por un virus).<\/li>\n<\/ul>\n\n\n\n<ul>\n<li><strong>Bacteriana: <\/strong>aunque a veces es complicado diferenciarla de la v\u00edrica, <strong>suele causar una secreci\u00f3n (lega\u00f1a) m\u00e1s espesa y abundante<\/strong>, suele afectar solo a 1 ojo (aunque puede afectar a los dos), el peque puede tener tambi\u00e9n picor, hinchaz\u00f3n de los p\u00e1rpados, lagrimeo. En este caso tu pediatra te recetar\u00e1 unas gotas antibi\u00f3ticas para ponerle al peque varias veces al d\u00eda. Esta conjuntivitis <strong>es contagiosa los primeros d\u00edas<\/strong>, hasta que el peque lleve al menos 24h de tratamiento antibi\u00f3tico.<\/li>\n<\/ul>\n\n\n\n<ul>\n<li><strong>Al\u00e9rgica:<\/strong> produce mucho picor, ojos llorosos y rojos, molestias con la luz (fotofobia) y solemos verla cuando hay un cambio de estaci\u00f3n. <strong>Suele afectar a los dos ojos por igual <\/strong>y suele haber una secreci\u00f3n (lega\u00f1a) de color claro. Muchas veces se da en <a href=\"https:\/\/www.generali.es\/blog\/tuasesorsalud\/tratar-dermatitis-atopica-bebes\/\">ni\u00f1os que tambi\u00e9n sufren dermatitis at\u00f3pica<\/a>. Este tipo de conjuntivitis no es contagiosa.<\/li>\n<\/ul>\n\n\n\n<ul>\n<li><strong>Irritativa: <\/strong>este tipo de conjuntivitis es muy habitual en verano debido al cloro de las piscinas, ya que se produce tras el contacto con un agente irritante como la arena o el cloro. Mejora r\u00e1pidamente sin necesidad de tratamiento, aunque puede resultar bastante molesta para los peques (y tendr\u00e9is que hacer lavados con suero varias veces al d\u00eda). <strong>Este tipo de conjuntivitis no es contagiosa<\/strong>, ya que est\u00e1 causada por el contacto del ojo con una sustancia irritante y no por ninguna infecci\u00f3n. Si te interesa conocer m\u00e1s sobre este tema puedes leer nuestro art\u00edculo sobre <a href=\"https:\/\/www.generali.es\/blog\/tuasesorsalud\/conjuntivitis-piscina-ninos\/\">conjuntivitis de piscina en ni\u00f1os<\/a> y c\u00f3mo prevenirla.<strong><\/strong><\/li>\n<\/ul>\n\n\n\n<h2 class=\"wp-block-heading\"><span class=\"ez-toc-section\" id=\"%C2%BFExiste_tratamiento_para_la_conjuntivitis_en_ninos\"><\/span>\u00bfExiste tratamiento para la conjuntivitis en ni\u00f1os?<strong><\/strong><span class=\"ez-toc-section-end\"><\/span><\/h2>\n\n\n\n<p>Dependiendo del tipo de conjuntivitis, vuestro pediatra os recomendar\u00e1 un tratamiento u otro.&nbsp;<\/p>\n\n\n\n<ul>\n<li>Lavados con suero siempre para retirar secreciones y aliviar el picor<\/li>\n\n\n\n<li>Tratamiento antibi\u00f3tico si la infecci\u00f3n es bacteriana<\/li>\n\n\n\n<li>En el caso de conjuntivitis al\u00e9rgica, es posible que os receten antiinflamatorios en gotas para combatir la inflamaci\u00f3n del ojo.&nbsp;<\/li>\n<\/ul>\n\n\n\n<p>En el siguiente v\u00eddeo La Pediatra Mar nos cuenta m\u00e1s sobre los tipos de conjuntivitis <strong>resolviendo dudas y dandonos recomendaciones <\/strong>para cuidar a nuestros hijos de estas.<\/p>\n\n\n\n<figure class=\"wp-block-embed is-type-video is-provider-youtube wp-block-embed-youtube wp-embed-aspect-16-9 wp-has-aspect-ratio\"><div class=\"wp-block-embed__wrapper\">\n<iframe loading=\"lazy\" title=\"Conjuntivitis en ni\u00f1os| La Pediatra Mar L\u00f3pez Responde - GENERALI Tu Asesor Salud\" width=\"800\" height=\"450\" src=\"https:\/\/www.youtube.com\/embed\/G0uJcuhX3mw?feature=oembed\" frameborder=\"0\" allow=\"accelerometer; autoplay; clipboard-write; encrypted-media; gyroscope; picture-in-picture; web-share\" referrerpolicy=\"strict-origin-when-cross-origin\" allowfullscreen><\/iframe>\n<\/div><\/figure>\n\n\n\n<h2 class=\"wp-block-heading\"><span class=\"ez-toc-section\" id=\"%C2%BFSi_mi_hijo_tiene_conjuntivitis_puede_ir_al_colegio\"><\/span>\u00bfSi mi hijo tiene conjuntivitis puede ir al colegio?<strong><\/strong><span class=\"ez-toc-section-end\"><\/span><\/h2>\n\n\n\n<p><strong>Si la conjuntivitis es v\u00edrica<\/strong>, depende del estado general del ni\u00f1o (si tiene malestar). Si el peque tiene fiebre o alg\u00fan otro s\u00edntoma, <strong>es aconsejable que se quede en casa hasta que se encuentre mejor<\/strong>.<\/p>\n\n\n\n<p>Sin embargo, si ya se encuentra bien podr\u00e1 acudir a la escuela con tranquilidad (en funci\u00f3n del virus el periodo de contagio es distinto, pero como no podemos saber siempre qu\u00e9 virus ha causado la infecci\u00f3n al peque, volver\u00e1 al colegio como con cualquier otra infecci\u00f3n, cuando se encuentre mejor).<\/p>\n\n\n\n<p><strong>Si la conjuntivitis es bacteriana<\/strong>, podr\u00e1 volver al colegio cuando hayan pasado <strong>24h desde el inicio del tratamiento antibi\u00f3tico<\/strong> (si el peque se encuentra bien y no tiene molestias, podr\u00e1 acudir al colegio despu\u00e9s de esas 24h).&nbsp;&nbsp;<\/p>\n\n\n\n<p><strong>Si la conjuntivitis es al\u00e9rgica o irritativa<\/strong>, no es contagiosa y por tanto podr\u00e1 ir al colegio como siempre (si el peque no tiene molestias y se encuentra bien).<\/p>\n\n\n\n<h2 class=\"wp-block-heading\"><span class=\"ez-toc-section\" id=\"%C2%BFCuando_consultar_con_el_pediatra\"><\/span>\u00bfCu\u00e1ndo consultar con el pediatra?<strong><\/strong><span class=\"ez-toc-section-end\"><\/span><\/h2>\n\n\n\n<p>Siempre debes consultar con tu pediatra cuando el <strong>ojo est\u00e1 rojo<\/strong> por si fuera necesario tratamiento ya que a veces para las familias es dif\u00edcil diferenciar a veces entre un tipo de conjuntivitis u otra.<\/p>\n\n\n\n<p>Llevar al d\u00eda las revisiones pedi\u00e1tricas es tan imprescindible como la prevenci\u00f3n espec\u00edfica contra la conjuntivitis en ni\u00f1os. En&nbsp;<strong>GENERALI<\/strong>&nbsp;sabemos que la&nbsp;<strong>detecci\u00f3n precoz es la clave para evitar muchos problemas de salud<\/strong>&nbsp;de los m\u00e1s peque\u00f1os. Por este motivo hemos dise\u00f1ado un&nbsp;<strong>Programa de Medicina Preventiva<\/strong>&nbsp;que incluye&nbsp;<strong>visitas a especialistas<\/strong>,&nbsp;<strong>pruebas diagn\u00f3sticas<\/strong>,&nbsp;<strong>an\u00e1lisis cl\u00ednicos<\/strong>&nbsp;o servicios pedi\u00e1tricos de&nbsp;<strong>urgencias<\/strong>. \u00a1Benef\u00edciate de los planes de salud m\u00e1s punteros con cualquiera de nuestros&nbsp;<a href=\"https:\/\/www.generali.es\/seguros-particulares\/salud-opcion-family?utm_source=contenidos&amp;utm_medium=tuasesorsalud.generali.es&amp;utm_campaign=awareness_salud&amp;utm_term=1&amp;utm_content=post_%C2%BFQu%C3%A9%20es%20la%20conjuntivitis%20de%20piscina%20en%20ni%C3%B1os?\">Seguros de Salud<\/a>!<\/p>\n\n\n\n<script type=\"application\/ld+json\">{\"@context\":\"https:\/\/schema.org\",\"@type\":\"FAQPage\",\"mainEntity\":[{\"@type\":\"Question\",\"name\":\"\u00bfQu\u00e9 es la conjuntivitis en ni\u00f1os?\",\"acceptedAnswer\":{\"@type\":\"Answer\",\"text\":\"La conjuntivitis es una inflamaci\u00f3n en la membrana transparente que recubre el interior del p\u00e1rpado y la parte blanca del globo ocular (\u201cel blanco del ojo\u201d). \\n\\nHay varios tipos, aunque la m\u00e1s frecuente en ni\u00f1os en edad escolar suele ser la v\u00edrica. \"}},{\"@type\":\"Question\",\"name\":\"\u00bfExiste tratamiento para la conjuntivitis en ni\u00f1os?\",\"acceptedAnswer\":{\"@type\":\"Answer\",\"text\":\"Dependiendo del tipo de conjuntivitis, vuestro pediatra os recomendar\u00e1 un tratamiento u otro. \\n\\n\u2022\\tLavados con suero siempre para retirar secreciones y aliviar el picor\\n\u2022\\tTratamiento antibi\u00f3tico si la infecci\u00f3n es bacteriana \\n\u2022\\tEn el caso de conjuntivitis al\u00e9rgica, es posible que os receten antiinflamatorios en gotas para combatir la inflamaci\u00f3n del ojo. \"}},{\"@type\":\"Question\",\"name\":\"\u00bfSi mi hijo tiene conjuntivitis puede ir al colegio?\",\"acceptedAnswer\":{\"@type\":\"Answer\",\"text\":\"Si la conjuntivitis es v\u00edrica, depende del estado general del ni\u00f1o (si tiene malestar). Si el peque tiene fiebre o alg\u00fan otro s\u00edntoma, es aconsejable que se quede en casa hasta que se encuentre mejor. \\n\\nSin embargo, si ya se encuentra bien podr\u00e1 acudir a la escuela con tranquilidad (en funci\u00f3n del virus el periodo de contagio es distinto, pero como no podemos saber siempre qu\u00e9 virus ha causado la infecci\u00f3n al peque, volver\u00e1 al colegio como con cualquier otra infecci\u00f3n, cuando se encuentre mejor).\\n\\nSi la conjuntivitis es bacteriana, podr\u00e1 volver al colegio cuando hayan pasado 24h desde el inicio del tratamiento antibi\u00f3tico (si el peque se encuentra bien y no tiene molestias, podr\u00e1 acudir al colegio despu\u00e9s de esas 24h).  \\n\\nSi la conjuntivitis es al\u00e9rgica o irritativa, no es contagiosa y por tanto podr\u00e1 ir al colegio como siempre (si el peque no tiene molestias y se encuentra bien).\"}},{\"@type\":\"Question\",\"name\":\"\u00bfCu\u00e1ndo consultar con el pediatra?\",\"acceptedAnswer\":{\"@type\":\"Answer\",\"text\":\"Siempre debes consultar con tu pediatra cuando el ojo est\u00e1 rojo por si fuera necesario tratamiento ya que a veces para las familias es dif\u00edcil diferenciar a veces entre un tipo de conjuntivitis u otra. \"}}]}<\/script>\n","protected":false},"excerpt":{"rendered":"<p>Tu peque se levanta de repente un d\u00eda con el ojo rojo, le llora un poquito y parece que le pica.&nbsp; Con esos s\u00edntomas es muy posible que tenga conjuntivitis. \u00bfPero qu\u00e9 es exactamente la conjuntivitis?, \u00bfse puede tratar?, \u00bfpuede ir al colegio?, \u00bfes contagiosa?, \u00bfpuedo hacer algo para evitarla? Vamos a ir poco a [&hellip;]<\/p>\n","protected":false},"author":10,"featured_media":5699,"comment_status":"open","ping_status":"open","sticky":false,"template":"","format":"standard","meta":{"footnotes":""},"categories":[3],"tags":[],"yoast_head":"<!-- This site is optimized with the Yoast SEO plugin v21.6 - https:\/\/yoast.com\/wordpress\/plugins\/seo\/ -->\n<title>Conjuntivitis en Ni\u00f1os: Qu\u00e9 Hacer, S\u00edntomas y Tratamiento<\/title>\n<meta name=\"description\" content=\"Descubre Qu\u00e9 Es La Conjuntivitis En Ni\u00f1os \u261d Y Qu\u00e9 Hacer Si Tu Hijo Presenta Los S\u00edntomas De La Conjuntivitis \u2794 \u00a1Sigue Estos Consejos!\" \/>\n<meta name=\"robots\" content=\"index, follow, max-snippet:-1, max-image-preview:large, max-video-preview:-1\" \/>\n<link rel=\"canonical\" href=\"https:\/\/www.generali.es\/blog\/tuasesorsalud\/conjuntivitis-ninos\/\" \/>\n<meta name=\"twitter:label1\" content=\"Escrito por\" \/>\n\t<meta name=\"twitter:data1\" content=\"Mar L\u00f3pez Sureda\" \/>\n\t<meta name=\"twitter:label2\" content=\"Tiempo de lectura\" \/>\n\t<meta name=\"twitter:data2\" content=\"4 minutos\" \/>\n<script type=\"application\/ld+json\" class=\"yoast-schema-graph\">{\"@context\":\"https:\/\/schema.org\",\"@graph\":[{\"@type\":\"Article\",\"@id\":\"https:\/\/www.generali.es\/blog\/tuasesorsalud\/conjuntivitis-ninos\/#article\",\"isPartOf\":{\"@id\":\"https:\/\/www.generali.es\/blog\/tuasesorsalud\/conjuntivitis-ninos\/\"},\"author\":{\"name\":\"Mar L\u00f3pez Sureda\",\"@id\":\"https:\/\/www.generali.es\/blog\/tuasesorsalud\/#\/schema\/person\/b1698a2c5ded73c31f54a7d35b8e2449\"},\"headline\":\"Creo que mi hijo tiene conjuntivitis: \u00bfqu\u00e9 debo hacer?\",\"datePublished\":\"2023-03-23T16:24:10+00:00\",\"dateModified\":\"2024-05-07T10:21:22+00:00\",\"mainEntityOfPage\":{\"@id\":\"https:\/\/www.generali.es\/blog\/tuasesorsalud\/conjuntivitis-ninos\/\"},\"wordCount\":943,\"commentCount\":0,\"publisher\":{\"@id\":\"https:\/\/www.generali.es\/blog\/tuasesorsalud\/#organization\"},\"articleSection\":[\"Salud\"],\"inLanguage\":\"es\",\"potentialAction\":[{\"@type\":\"CommentAction\",\"name\":\"Comment\",\"target\":[\"https:\/\/www.generali.es\/blog\/tuasesorsalud\/conjuntivitis-ninos\/#respond\"]}]},{\"@type\":\"WebPage\",\"@id\":\"https:\/\/www.generali.es\/blog\/tuasesorsalud\/conjuntivitis-ninos\/\",\"url\":\"https:\/\/www.generali.es\/blog\/tuasesorsalud\/conjuntivitis-ninos\/\",\"name\":\"Conjuntivitis en Ni\u00f1os: Qu\u00e9 Hacer, S\u00edntomas y Tratamiento\",\"isPartOf\":{\"@id\":\"https:\/\/www.generali.es\/blog\/tuasesorsalud\/#website\"},\"datePublished\":\"2023-03-23T16:24:10+00:00\",\"dateModified\":\"2024-05-07T10:21:22+00:00\",\"description\":\"Descubre Qu\u00e9 Es La Conjuntivitis En Ni\u00f1os \u261d Y Qu\u00e9 Hacer Si Tu Hijo Presenta Los S\u00edntomas De La Conjuntivitis \u2794 \u00a1Sigue Estos Consejos!\",\"breadcrumb\":{\"@id\":\"https:\/\/www.generali.es\/blog\/tuasesorsalud\/conjuntivitis-ninos\/#breadcrumb\"},\"inLanguage\":\"es\",\"potentialAction\":[{\"@type\":\"ReadAction\",\"target\":[\"https:\/\/www.generali.es\/blog\/tuasesorsalud\/conjuntivitis-ninos\/\"]}]},{\"@type\":\"BreadcrumbList\",\"@id\":\"https:\/\/www.generali.es\/blog\/tuasesorsalud\/conjuntivitis-ninos\/#breadcrumb\",\"itemListElement\":[{\"@type\":\"ListItem\",\"position\":1,\"name\":\"Home\",\"item\":\"https:\/\/www.generali.es\/blog\/tuasesorsalud\/\"},{\"@type\":\"ListItem\",\"position\":2,\"name\":\"Salud\",\"item\":\"https:\/\/www.generali.es\/blog\/tuasesorsalud\/salud\/\"},{\"@type\":\"ListItem\",\"position\":3,\"name\":\"Creo que mi hijo tiene conjuntivitis: \u00bfqu\u00e9 debo hacer?\"}]},{\"@type\":\"WebSite\",\"@id\":\"https:\/\/www.generali.es\/blog\/tuasesorsalud\/#website\",\"url\":\"https:\/\/www.generali.es\/blog\/tuasesorsalud\/\",\"name\":\"Tu Asesor de Salud\",\"description\":\"Blog de Salud de GENERALI\",\"publisher\":{\"@id\":\"https:\/\/www.generali.es\/blog\/tuasesorsalud\/#organization\"},\"potentialAction\":[{\"@type\":\"SearchAction\",\"target\":{\"@type\":\"EntryPoint\",\"urlTemplate\":\"https:\/\/www.generali.es\/blog\/tuasesorsalud\/?s={search_term_string}\"},\"query-input\":\"required name=search_term_string\"}],\"inLanguage\":\"es\"},{\"@type\":\"Organization\",\"@id\":\"https:\/\/www.generali.es\/blog\/tuasesorsalud\/#organization\",\"name\":\"Tu Asesor de Salud\",\"url\":\"https:\/\/www.generali.es\/blog\/tuasesorsalud\/\",\"logo\":{\"@type\":\"ImageObject\",\"inLanguage\":\"es\",\"@id\":\"https:\/\/www.generali.es\/blog\/tuasesorsalud\/#\/schema\/logo\/image\/\",\"url\":\"https:\/\/www.generali.es\/blog\/tuasesorsalud\/wp-content\/uploads\/2021\/04\/generali.png\",\"contentUrl\":\"https:\/\/www.generali.es\/blog\/tuasesorsalud\/wp-content\/uploads\/2021\/04\/generali.png\",\"width\":100,\"height\":81,\"caption\":\"Tu Asesor de Salud\"},\"image\":{\"@id\":\"https:\/\/www.generali.es\/blog\/tuasesorsalud\/#\/schema\/logo\/image\/\"}},{\"@type\":\"Person\",\"@id\":\"https:\/\/www.generali.es\/blog\/tuasesorsalud\/#\/schema\/person\/b1698a2c5ded73c31f54a7d35b8e2449\",\"name\":\"Mar L\u00f3pez Sureda\",\"image\":{\"@type\":\"ImageObject\",\"inLanguage\":\"es\",\"@id\":\"https:\/\/www.generali.es\/blog\/tuasesorsalud\/#\/schema\/person\/image\/\",\"url\":\"https:\/\/www.generali.es\/blog\/tuasesorsalud\/wp-content\/uploads\/2021\/11\/007marialopezpediatraretocadas2-150x150.jpg\",\"contentUrl\":\"https:\/\/www.generali.es\/blog\/tuasesorsalud\/wp-content\/uploads\/2021\/11\/007marialopezpediatraretocadas2-150x150.jpg\",\"caption\":\"Mar L\u00f3pez Sureda\"},\"description\":\"Especialista en pediatr\u00eda. M\u00e1ster en pediatr\u00eda de atenci\u00f3n primaria. M\u00e1ster en nutrici\u00f3n infantil.\",\"sameAs\":[\"https:\/\/marlopezpediatra.com\/\"],\"url\":\"https:\/\/www.generali.es\/blog\/tuasesorsalud\/author\/marlopezsureda\/\"}]}<\/script>\n<!-- \/ Yoast SEO plugin. -->","yoast_head_json":{"title":"Conjuntivitis en Ni\u00f1os: Qu\u00e9 Hacer, S\u00edntomas y Tratamiento","description":"Descubre Qu\u00e9 Es La Conjuntivitis En Ni\u00f1os \u261d Y Qu\u00e9 Hacer Si Tu Hijo Presenta Los S\u00edntomas De La Conjuntivitis \u2794 \u00a1Sigue Estos Consejos!","robots":{"index":"index","follow":"follow","max-snippet":"max-snippet:-1","max-image-preview":"max-image-preview:large","max-video-preview":"max-video-preview:-1"},"canonical":"https:\/\/www.generali.es\/blog\/tuasesorsalud\/conjuntivitis-ninos\/","twitter_misc":{"Escrito por":"Mar L\u00f3pez Sureda","Tiempo de lectura":"4 minutos"},"schema":{"@context":"https:\/\/schema.org","@graph":[{"@type":"Article","@id":"https:\/\/www.generali.es\/blog\/tuasesorsalud\/conjuntivitis-ninos\/#article","isPartOf":{"@id":"https:\/\/www.generali.es\/blog\/tuasesorsalud\/conjuntivitis-ninos\/"},"author":{"name":"Mar L\u00f3pez Sureda","@id":"https:\/\/www.generali.es\/blog\/tuasesorsalud\/#\/schema\/person\/b1698a2c5ded73c31f54a7d35b8e2449"},"headline":"Creo que mi hijo tiene conjuntivitis: \u00bfqu\u00e9 debo hacer?","datePublished":"2023-03-23T16:24:10+00:00","dateModified":"2024-05-07T10:21:22+00:00","mainEntityOfPage":{"@id":"https:\/\/www.generali.es\/blog\/tuasesorsalud\/conjuntivitis-ninos\/"},"wordCount":943,"commentCount":0,"publisher":{"@id":"https:\/\/www.generali.es\/blog\/tuasesorsalud\/#organization"},"articleSection":["Salud"],"inLanguage":"es","potentialAction":[{"@type":"CommentAction","name":"Comment","target":["https:\/\/www.generali.es\/blog\/tuasesorsalud\/conjuntivitis-ninos\/#respond"]}]},{"@type":"WebPage","@id":"https:\/\/www.generali.es\/blog\/tuasesorsalud\/conjuntivitis-ninos\/","url":"https:\/\/www.generali.es\/blog\/tuasesorsalud\/conjuntivitis-ninos\/","name":"Conjuntivitis en Ni\u00f1os: Qu\u00e9 Hacer, S\u00edntomas y Tratamiento","isPartOf":{"@id":"https:\/\/www.generali.es\/blog\/tuasesorsalud\/#website"},"datePublished":"2023-03-23T16:24:10+00:00","dateModified":"2024-05-07T10:21:22+00:00","description":"Descubre Qu\u00e9 Es La Conjuntivitis En Ni\u00f1os \u261d Y Qu\u00e9 Hacer Si Tu Hijo Presenta Los S\u00edntomas De La Conjuntivitis \u2794 \u00a1Sigue Estos Consejos!","breadcrumb":{"@id":"https:\/\/www.generali.es\/blog\/tuasesorsalud\/conjuntivitis-ninos\/#breadcrumb"},"inLanguage":"es","potentialAction":[{"@type":"ReadAction","target":["https:\/\/www.generali.es\/blog\/tuasesorsalud\/conjuntivitis-ninos\/"]}]},{"@type":"BreadcrumbList","@id":"https:\/\/www.generali.es\/blog\/tuasesorsalud\/conjuntivitis-ninos\/#breadcrumb","itemListElement":[{"@type":"ListItem","position":1,"name":"Home","item":"https:\/\/www.generali.es\/blog\/tuasesorsalud\/"},{"@type":"ListItem","position":2,"name":"Salud","item":"https:\/\/www.generali.es\/blog\/tuasesorsalud\/salud\/"},{"@type":"ListItem","position":3,"name":"Creo que mi hijo tiene conjuntivitis: \u00bfqu\u00e9 debo hacer?"}]},{"@type":"WebSite","@id":"https:\/\/www.generali.es\/blog\/tuasesorsalud\/#website","url":"https:\/\/www.generali.es\/blog\/tuasesorsalud\/","name":"Tu Asesor de Salud","description":"Blog de Salud de GENERALI","publisher":{"@id":"https:\/\/www.generali.es\/blog\/tuasesorsalud\/#organization"},"potentialAction":[{"@type":"SearchAction","target":{"@type":"EntryPoint","urlTemplate":"https:\/\/www.generali.es\/blog\/tuasesorsalud\/?s={search_term_string}"},"query-input":"required name=search_term_string"}],"inLanguage":"es"},{"@type":"Organization","@id":"https:\/\/www.generali.es\/blog\/tuasesorsalud\/#organization","name":"Tu Asesor de Salud","url":"https:\/\/www.generali.es\/blog\/tuasesorsalud\/","logo":{"@type":"ImageObject","inLanguage":"es","@id":"https:\/\/www.generali.es\/blog\/tuasesorsalud\/#\/schema\/logo\/image\/","url":"https:\/\/www.generali.es\/blog\/tuasesorsalud\/wp-content\/uploads\/2021\/04\/generali.png","contentUrl":"https:\/\/www.generali.es\/blog\/tuasesorsalud\/wp-content\/uploads\/2021\/04\/generali.png","width":100,"height":81,"caption":"Tu Asesor de Salud"},"image":{"@id":"https:\/\/www.generali.es\/blog\/tuasesorsalud\/#\/schema\/logo\/image\/"}},{"@type":"Person","@id":"https:\/\/www.generali.es\/blog\/tuasesorsalud\/#\/schema\/person\/b1698a2c5ded73c31f54a7d35b8e2449","name":"Mar L\u00f3pez Sureda","image":{"@type":"ImageObject","inLanguage":"es","@id":"https:\/\/www.generali.es\/blog\/tuasesorsalud\/#\/schema\/person\/image\/","url":"https:\/\/www.generali.es\/blog\/tuasesorsalud\/wp-content\/uploads\/2021\/11\/007marialopezpediatraretocadas2-150x150.jpg","contentUrl":"https:\/\/www.generali.es\/blog\/tuasesorsalud\/wp-content\/uploads\/2021\/11\/007marialopezpediatraretocadas2-150x150.jpg","caption":"Mar L\u00f3pez Sureda"},"description":"Especialista en pediatr\u00eda. M\u00e1ster en pediatr\u00eda de atenci\u00f3n primaria. M\u00e1ster en nutrici\u00f3n infantil.","sameAs":["https:\/\/marlopezpediatra.com\/"],"url":"https:\/\/www.generali.es\/blog\/tuasesorsalud\/author\/marlopezsureda\/"}]}},"_links":{"self":[{"href":"https:\/\/www.generali.es\/blog\/tuasesorsalud\/wp-json\/wp\/v2\/posts\/5678"}],"collection":[{"href":"https:\/\/www.generali.es\/blog\/tuasesorsalud\/wp-json\/wp\/v2\/posts"}],"about":[{"href":"https:\/\/www.generali.es\/blog\/tuasesorsalud\/wp-json\/wp\/v2\/types\/post"}],"author":[{"embeddable":true,"href":"https:\/\/www.generali.es\/blog\/tuasesorsalud\/wp-json\/wp\/v2\/users\/10"}],"replies":[{"embeddable":true,"href":"https:\/\/www.generali.es\/blog\/tuasesorsalud\/wp-json\/wp\/v2\/comments?post=5678"}],"version-history":[{"count":9,"href":"https:\/\/www.generali.es\/blog\/tuasesorsalud\/wp-json\/wp\/v2\/posts\/5678\/revisions"}],"predecessor-version":[{"id":6418,"href":"https:\/\/www.generali.es\/blog\/tuasesorsalud\/wp-json\/wp\/v2\/posts\/5678\/revisions\/6418"}],"wp:featuredmedia":[{"embeddable":true,"href":"https:\/\/www.generali.es\/blog\/tuasesorsalud\/wp-json\/wp\/v2\/media\/5699"}],"wp:attachment":[{"href":"https:\/\/www.generali.es\/blog\/tuasesorsalud\/wp-json\/wp\/v2\/media?parent=5678"}],"wp:term":[{"taxonomy":"category","embeddable":true,"href":"https:\/\/www.generali.es\/blog\/tuasesorsalud\/wp-json\/wp\/v2\/categories?post=5678"},{"taxonomy":"post_tag","embeddable":true,"href":"https:\/\/www.generali.es\/blog\/tuasesorsalud\/wp-json\/wp\/v2\/tags?post=5678"}],"curies":[{"name":"wp","href":"https:\/\/api.w.org\/{rel}","templated":true}]}}