{"id":5646,"date":"2023-03-15T21:34:00","date_gmt":"2023-03-15T20:34:00","guid":{"rendered":"https:\/\/www.generali.es\/blog\/tuasesorsalud\/?p=5646"},"modified":"2024-07-08T12:12:33","modified_gmt":"2024-07-08T10:12:33","slug":"celiaquia-ninos","status":"publish","type":"post","link":"https:\/\/www.generali.es\/blog\/tuasesorsalud\/celiaquia-ninos\/","title":{"rendered":"Enfermedad cel\u00edaca en ni\u00f1os"},"content":{"rendered":"\n<p>\u00bfSab\u00edas que el <strong>70% de los casos de celiaqu\u00eda en ni\u00f1os quedan sin diagnosticar<\/strong>? Esta enfermedad autoinmune es cada vez m\u00e1s frecuente entre la poblaci\u00f3n, aunque se desconoce el motivo. Lo que s\u00ed es un hecho son los s\u00edntomas de la celiaqu\u00eda en ni\u00f1os: las <strong>diarreas<\/strong>, <strong>estre\u00f1imiento<\/strong>, <strong>p\u00e9rdida de peso <\/strong>o <strong>dolores abdominales<\/strong> podr\u00edan alertarte de que tu hijo la sufre.<\/p>\n\n\n\n<p>\u00bfTienes alguna sospecha? Lo m\u00e1s recomendable es realizar una prueba diagn\u00f3stica. Descubre <strong>c\u00f3mo detectar la enfermedad de celiaqu\u00eda en ni\u00f1os<\/strong> y qu\u00e9 tratamiento es recomendable si tu hijo la padece.<\/p>\n\n\n\n<div id=\"ez-toc-container\" class=\"ez-toc-v2_0_22 counter-hierarchy counter-decimal\">\n<div class=\"ez-toc-title-container\">\n<p class=\"ez-toc-title\">&Iacute;ndice<\/p>\n<span class=\"ez-toc-title-toggle\"><a class=\"ez-toc-pull-right ez-toc-btn ez-toc-btn-xs ez-toc-btn-default ez-toc-toggle\" style=\"display: none;\"><i class=\"ez-toc-glyphicon ez-toc-icon-toggle\"><\/i><\/a><\/span><\/div>\n<nav><ul class=\"ez-toc-list ez-toc-list-level-1\"><li class=\"ez-toc-page-1 ez-toc-heading-level-2\"><a class=\"ez-toc-link ez-toc-heading-1\" href=\"https:\/\/www.generali.es\/blog\/tuasesorsalud\/celiaquia-ninos\/#%C2%BFQue_es_la_celiaquia_en_ninos\" title=\"\u00bfQu\u00e9 es la celiaqu\u00eda en ni\u00f1os?\">\u00bfQu\u00e9 es la celiaqu\u00eda en ni\u00f1os?<\/a><\/li><li class=\"ez-toc-page-1 ez-toc-heading-level-2\"><a class=\"ez-toc-link ez-toc-heading-2\" href=\"https:\/\/www.generali.es\/blog\/tuasesorsalud\/celiaquia-ninos\/#Sintomas_y_caracteristicas_de_la_celiaquia_en_ninos\" title=\"S\u00edntomas y caracter\u00edsticas de la celiaqu\u00eda en ni\u00f1os\">S\u00edntomas y caracter\u00edsticas de la celiaqu\u00eda en ni\u00f1os<\/a><\/li><li class=\"ez-toc-page-1 ez-toc-heading-level-2\"><a class=\"ez-toc-link ez-toc-heading-3\" href=\"https:\/\/www.generali.es\/blog\/tuasesorsalud\/celiaquia-ninos\/#%C2%BFCuales_son_sus_causas_y_como_detectarla\" title=\"\u00bfCu\u00e1les son sus causas y c\u00f3mo detectarla?\">\u00bfCu\u00e1les son sus causas y c\u00f3mo detectarla?<\/a><\/li><li class=\"ez-toc-page-1 ez-toc-heading-level-2\"><a class=\"ez-toc-link ez-toc-heading-4\" href=\"https:\/\/www.generali.es\/blog\/tuasesorsalud\/celiaquia-ninos\/#Diagnostico_y_tratamiento_de_la_celiaquia_en_ninos\" title=\"Diagn\u00f3stico y tratamiento de la celiaqu\u00eda en ni\u00f1os\">Diagn\u00f3stico y tratamiento de la celiaqu\u00eda en ni\u00f1os<\/a><ul class=\"ez-toc-list-level-3\"><li class=\"ez-toc-heading-level-3\"><a class=\"ez-toc-link ez-toc-heading-5\" href=\"https:\/\/www.generali.es\/blog\/tuasesorsalud\/celiaquia-ninos\/#Sospecha_clinica\" title=\"Sospecha cl\u00ednica\">Sospecha cl\u00ednica<\/a><\/li><li class=\"ez-toc-page-1 ez-toc-heading-level-3\"><a class=\"ez-toc-link ez-toc-heading-6\" href=\"https:\/\/www.generali.es\/blog\/tuasesorsalud\/celiaquia-ninos\/#Serologia\" title=\"Serolog\u00eda\">Serolog\u00eda<\/a><\/li><li class=\"ez-toc-page-1 ez-toc-heading-level-3\"><a class=\"ez-toc-link ez-toc-heading-7\" href=\"https:\/\/www.generali.es\/blog\/tuasesorsalud\/celiaquia-ninos\/#Prueba_genetica\" title=\"Prueba gen\u00e9tica\">Prueba gen\u00e9tica<\/a><\/li><li class=\"ez-toc-page-1 ez-toc-heading-level-3\"><a class=\"ez-toc-link ez-toc-heading-8\" href=\"https:\/\/www.generali.es\/blog\/tuasesorsalud\/celiaquia-ninos\/#Biopsia_intestinal\" title=\"Biopsia intestinal\">Biopsia intestinal<\/a><\/li><li class=\"ez-toc-page-1 ez-toc-heading-level-3\"><a class=\"ez-toc-link ez-toc-heading-9\" href=\"https:\/\/www.generali.es\/blog\/tuasesorsalud\/celiaquia-ninos\/#Dieta_sin_gluten\" title=\"Dieta sin gluten\">Dieta sin gluten<\/a><\/li><\/ul><\/li><li class=\"ez-toc-page-1 ez-toc-heading-level-2\"><a class=\"ez-toc-link ez-toc-heading-10\" href=\"https:\/\/www.generali.es\/blog\/tuasesorsalud\/celiaquia-ninos\/#%C2%BFSe_puede_prevenir_la_celiaquia_en_ninos\" title=\"\u00bfSe puede prevenir la celiaqu\u00eda en ni\u00f1os?\">\u00bfSe puede prevenir la celiaqu\u00eda en ni\u00f1os?<\/a><\/li><li class=\"ez-toc-page-1 ez-toc-heading-level-2\"><a class=\"ez-toc-link ez-toc-heading-11\" href=\"https:\/\/www.generali.es\/blog\/tuasesorsalud\/celiaquia-ninos\/#Dieta_para_ninos_celiacos\" title=\"Dieta para ni\u00f1os celiacos\">Dieta para ni\u00f1os celiacos<\/a><ul class=\"ez-toc-list-level-3\"><li class=\"ez-toc-heading-level-3\"><a class=\"ez-toc-link ez-toc-heading-12\" href=\"https:\/\/www.generali.es\/blog\/tuasesorsalud\/celiaquia-ninos\/#%C2%BFQue_hacer_si_mi_hijo_come_algo_con_gluten\" title=\"\u00bfQu\u00e9 hacer si mi hijo come algo con gluten?\">\u00bfQu\u00e9 hacer si mi hijo come algo con gluten?<\/a><\/li><\/ul><\/li><\/ul><\/nav><\/div>\n<h2 class=\"wp-block-heading\"><span class=\"ez-toc-section\" id=\"%C2%BFQue_es_la_celiaquia_en_ninos\"><\/span><strong>\u00bfQu\u00e9 es la celiaqu\u00eda en ni\u00f1os?<\/strong><span class=\"ez-toc-section-end\"><\/span><\/h2>\n\n\n\n<p>La <strong>celiaqu\u00eda en ni\u00f1os es un trastorno del sistema inmune<\/strong> que surge cuando una persona presenta una <strong>intolerancia alimentaria al gluten<\/strong>. Se trata de una enfermedad cr\u00f3nica. Los s\u00edntomas pueden aparecer en cualquier momento de la vida. Adem\u00e1s, <strong>no existe una cura contra la celiaqu\u00eda<\/strong>. El tratamiento m\u00e1s recomendable es seguir una dieta que excluya alimentos con gluten.<\/p>\n\n\n\n<p>Este componente, el gluten, es en realidad una prote\u00edna que se encuentra en numerosos productos como el <strong>trigo, la cebada, el centeno, la avena o la espelta<\/strong> entre otros. Aunque resulte sorprendente, los expertos todav\u00eda no han identificado los motivos por los que el sistema inmune de algunas personas reacciona de forma negativa ante el gluten. De ah\u00ed que conocer los s\u00edntomas de celiaqu\u00eda en ni\u00f1os sea vital para evitar complicaciones.<\/p>\n\n\n\n<p>\ud83d\udc49 <strong>\u00a1Este art\u00edculo te interesa!<\/strong> <a title=\"\u00bfQu\u00e9 es la intolerancia alimentaria, c\u00f3mo detectarla y tratarla?\" href=\"https:\/\/www.generali.es\/blog\/tuasesorsalud\/intolerancia-alimentaria\/\" target=\"_blank\" rel=\"noopener\">\u00bfQu\u00e9 es la intolerancia alimentaria, c\u00f3mo detectarla y tratarla?<\/a><\/p>\n\n\n\n<h2 class=\"wp-block-heading\"><span class=\"ez-toc-section\" id=\"Sintomas_y_caracteristicas_de_la_celiaquia_en_ninos\"><\/span><strong>S\u00edntomas y caracter\u00edsticas de la celiaqu\u00eda en ni\u00f1os<\/strong><span class=\"ez-toc-section-end\"><\/span><\/h2>\n\n\n\n<p>Antes de enumerar los s\u00edntomas de la celiaqu\u00eda en ni\u00f1os es importante recordar que sus manifestaciones <strong>var\u00edan en funci\u00f3n de la persona<\/strong>. Adem\u00e1s, dado que una caracter\u00edstica principal de esta enfermedad es que es multisist\u00e9mica, los s\u00edntomas se pueden dar por todo el cuerpo.<\/p>\n\n\n\n<p>Estos son los principales <strong>s\u00edntomas de celiaqu\u00eda en ni\u00f1os<\/strong>:<\/p>\n\n\n\n<ul>\n<li><strong>V\u00f3mitos y n\u00e1useas<\/strong>. En ocasiones, algunos ni\u00f1os tambi\u00e9n sufren reflujo cuando son peque\u00f1os.<\/li>\n\n\n\n<li><strong>Diarrea<\/strong>, aunque no todos los ni\u00f1os la padecen. Es com\u00fan que las heces aparezcan muy l\u00edquidas y de color blanco. El mal olor es tambi\u00e9n una caracter\u00edstica com\u00fan. \u00bfHas detectado <a title=\"caca de beb\u00e9 con moco\" href=\"https:\/\/www.generali.es\/blog\/tuasesorsalud\/caca-bebe-moco\/\" target=\"_blank\" rel=\"noopener\">caca de beb\u00e9 con moco<\/a> en los pa\u00f1ales? Descubre las causas y c\u00f3mo tratarlo.<\/li>\n\n\n\n<li><strong>Dolores<\/strong> en el est\u00f3mago.<\/li>\n\n\n\n<li><strong>Distensi\u00f3n abdominal<\/strong>. Es com\u00fan que muchos ni\u00f1os presenten una barriga con una forma m\u00e1s pronunciada. Esto se debe a la inflamaci\u00f3n intestinal.<\/li>\n\n\n\n<li><strong>Bajo peso<\/strong>.<\/li>\n\n\n\n<li>Problemas de <strong>crecimiento<\/strong>.<\/li>\n\n\n\n<li><strong>Cansancio<\/strong>.<\/li>\n\n\n\n<li><strong>Anemia ferrop\u00e9nica<\/strong>. Es uno de los s\u00edntomas de celiaqu\u00eda en ni\u00f1os m\u00e1s com\u00fan. Se produce porque el organismo, al presentar un intestino da\u00f1ado, tiene dificultades para absorber otros nutrientes como el hierro, el calcio o la vitamina B12.<\/li>\n\n\n\n<li><strong>Problemas con el esmalte<\/strong> de los dientes. Las denominadas aftas bucales.<\/li>\n\n\n\n<li>En ocasiones aparecen cuadros de <strong>dermatitis at\u00f3pica<\/strong> u otras reacciones cut\u00e1neas. Descubre <a title=\"c\u00f3mo detectar y tratar la dermatitis at\u00f3pica en beb\u00e9s\" href=\"https:\/\/www.generali.es\/blog\/tuasesorsalud\/tratar-dermatitis-atopica-bebes\/\" target=\"_blank\" rel=\"noopener\">c\u00f3mo detectar y tratar la dermatitis at\u00f3pica en beb\u00e9s<\/a>.<\/li>\n<\/ul>\n\n\n\n<p>\u2705 <strong>\u00a1Recuerda! <\/strong>Los s\u00edntomas de celiaqu\u00eda en ni\u00f1os solo se manifiestan cuando hay una ingesta de gluten.<\/p>\n\n\n\n<p>\ud83d\udc49<strong>\u00bfLos conoc\u00edas? <\/strong><a title=\"C\u00f3mo cortar la diarrea en beb\u00e9s y ni\u00f1os: consejos eficaces\" href=\"https:\/\/www.generali.es\/blog\/tuasesorsalud\/como-cortar-diarrea-en-ninos\/\" target=\"_blank\" rel=\"noopener\">C\u00f3mo cortar la diarrea en beb\u00e9s y ni\u00f1os: consejos eficaces<\/a><\/p>\n\n\n\n<h2 class=\"wp-block-heading\"><span class=\"ez-toc-section\" id=\"%C2%BFCuales_son_sus_causas_y_como_detectarla\"><\/span><strong>\u00bfCu\u00e1les son sus causas y c\u00f3mo detectarla?<\/strong><span class=\"ez-toc-section-end\"><\/span><\/h2>\n\n\n\n<p>Los expertos todav\u00eda no han podido determinar exactamente las causas de la celiaqu\u00eda en ni\u00f1os. No obstante, existen estudios que apuntan a ciertos factores de riesgo. Los <strong>familiares de primer grado <\/strong>como padres, hermanos o hijos suelen presentar mayor predisposici\u00f3n por padecer la enfermedad.<\/p>\n\n\n\n<p>Aquellas personas que tienen <strong>S\u00edndrome de Down<\/strong>, la <strong>enfermedad tiroidea autoinmune<\/strong>, <strong>d\u00e9ficit selectivo de inmunoglobulina A<\/strong>, el <strong>s\u00edndrome de Turner<\/strong> o el <strong>Williams<\/strong> tambi\u00e9n se consideran grupos de riesgo.<\/p>\n\n\n\n<p>A partir de los 2 a\u00f1os, la enfermedad de la celiaqu\u00eda en ni\u00f1os ya se puede diagnosticar. Esto se debe a que es necesario que el peque\u00f1o consuma gluten para que esta se desarrolle.<\/p>\n\n\n\n<p>Recuerda que la detecci\u00f3n<strong> precoz es elemental para prevenir complicaciones<\/strong> en la salud de los peque\u00f1os. Por este motivo, contar con un buen <a title=\" Seguro de Salud Familiar \" href=\"https:\/\/www.generali.es\/seguros-particulares\/salud\" target=\"_blank\" rel=\"noopener\">Seguro de Salud Familiar <\/a>durante la infancia te ser\u00e1 de gran utilidad. En <strong>GENERALI<\/strong>, por ejemplo, ofrecemos coberturas espec\u00edficas para familias que incluyen un <strong>programa de medicina preventiva<\/strong>, <strong>acceso a especialidades m\u00e9dicas<\/strong> y el <strong>servicio de Teleconsulta M\u00e9dica 24h<\/strong>. \u00bfQuieres informarte? <a title=\"\u00a1Cons\u00faltanos sin compromiso!\" href=\"https:\/\/www.generali.es\/static\/MKT\/seguro-salud\/\" target=\"_blank\" rel=\"noopener\">\u00a1Cons\u00faltanos sin compromiso!<\/a><\/p>\n\n\n\n<h2 class=\"wp-block-heading\"><span class=\"ez-toc-section\" id=\"Diagnostico_y_tratamiento_de_la_celiaquia_en_ninos\"><\/span><strong>Diagn\u00f3stico y tratamiento de la celiaqu\u00eda en ni\u00f1os<\/strong><span class=\"ez-toc-section-end\"><\/span><\/h2>\n\n\n\n<p><strong>\u00bfC\u00f3mo detectar la enfermedad cel\u00edaca en ni\u00f1os?<\/strong> La realidad es que el diagn\u00f3stico de este trastorno autoinmune es id\u00e9ntico al que se har\u00eda con cualquier adulto. En total, existen <strong>cinco pruebas diagn\u00f3sticas de celiaqu\u00eda en ni\u00f1os<\/strong>. Para poder confirmar el diagn\u00f3stico, es preciso que, al menos, cuatro de ellas resulten positivas.<\/p>\n\n\n\n<h3 class=\"wp-block-heading\"><span class=\"ez-toc-section\" id=\"Sospecha_clinica\"><\/span>Sospecha cl\u00ednica<span class=\"ez-toc-section-end\"><\/span><\/h3>\n\n\n\n<p>Hablamos de <strong>sospecha cl\u00ednica<\/strong> cuando el peque\u00f1o presenta <strong>muchos de los s\u00edntomas de celiaqu\u00eda<\/strong> en ni\u00f1os. Normalmente, este suele ser el primer indicio de muchas familias o pediatras por el que se inicia un protocolo de detecci\u00f3n con el resto de pruebas.<\/p>\n\n\n\n<p>\ud83d\udc49<strong>\u00a1Te resultar\u00e1 muy \u00fatil! <\/strong><a title=\"C\u00f3mo aliviar el dolor de barriga en ni\u00f1os\" href=\"https:\/\/www.generali.es\/blog\/tuasesorsalud\/dolor-barriga-ninos\/\" target=\"_blank\" rel=\"noopener\">C\u00f3mo aliviar el dolor de barriga en ni\u00f1os<\/a><\/p>\n\n\n\n<h3 class=\"wp-block-heading\"><span class=\"ez-toc-section\" id=\"Serologia\"><\/span>Serolog\u00eda<span class=\"ez-toc-section-end\"><\/span><\/h3>\n\n\n\n<p>El diagn\u00f3stico y tratamiento de la enfermedad cel\u00edaca en ni\u00f1os puede venir a trav\u00e9s de una prueba serol\u00f3gica de celiaqu\u00eda. Se trata de una <strong>anal\u00edtica de sangre <\/strong>donde se comprueba el nivel de anticuerpos.<\/p>\n\n\n\n<h3 class=\"wp-block-heading\"><span class=\"ez-toc-section\" id=\"Prueba_genetica\"><\/span>Prueba gen\u00e9tica<span class=\"ez-toc-section-end\"><\/span><\/h3>\n\n\n\n<p>Como hemos mencionado, la celiaqu\u00eda tiene un componente hereditario. Sin embargo, esto no significa que la persona vaya a presentar la enfermedad. De hecho, entre un 30% y un 40% de la poblaci\u00f3n presenta genes que predisponen a tener celiaqu\u00eda, pero solo un 3% desarrolla la enfermedad.<\/p>\n\n\n\n<p>La <strong>prueba gen\u00e9tica<\/strong> suele ser otra herramienta para detectar la celiaqu\u00eda. Aun as\u00ed, un positivo en esta prueba no confirma necesariamente la enfermedad, pues habr\u00eda que realizar el resto de pruebas. No obstante, <strong>un estudio gen\u00e9tico negativo s\u00ed descarta al 99% que el ni\u00f1o padezca celiaqu\u00eda<\/strong>.<\/p>\n\n\n\n<h3 class=\"wp-block-heading\"><span class=\"ez-toc-section\" id=\"Biopsia_intestinal\"><\/span>Biopsia intestinal<span class=\"ez-toc-section-end\"><\/span><\/h3>\n\n\n\n<p>El trastorno de la celiaqu\u00eda provoca da\u00f1o en las vellosidades intestinales. Por este motivo, en ocasiones se procede a <strong>realizar una biopsia intestinal <\/strong>con el objetivo de identificar posibles da\u00f1os producidos por el gluten. Para ello, <strong>se toman unas muestras del intestino <\/strong>para determinar el nivel de lesi\u00f3n.<\/p>\n\n\n\n<p>\u2705 <strong>\u00a1Importante!<\/strong> La biopsia intestinal no siempre es una prueba obligatoria para diagnosticar celiaqu\u00eda en ni\u00f1os.<\/p>\n\n\n\n<p>\ud83d\udc49 <strong>\u00bfLos conoc\u00edas? <\/strong><a title=\"Probi\u00f3ticos Naturales: los s\u00faperalimentos para proteger el intestino\" href=\"https:\/\/www.generali.es\/blog\/tuasesorsalud\/probioticos-naturales-un-intestino-sano-y-mayor-bienestar\/\" target=\"_blank\" rel=\"noopener\">Probi\u00f3ticos Naturales: los s\u00faper alimentos para proteger el intestino<\/a><\/p>\n\n\n\n<h3 class=\"wp-block-heading\"><span class=\"ez-toc-section\" id=\"Dieta_sin_gluten\"><\/span>Dieta sin gluten<span class=\"ez-toc-section-end\"><\/span><\/h3>\n\n\n\n<p>Por \u00faltimo, se suele recomendar a los padres del ni\u00f1o <strong>ofrecerle una dieta sin gluten<\/strong> durante un periodo de tiempo de 6 meses aproximadamente. El pediatra ser\u00e1 capaz de analizar posibles mejor\u00edas en el estado de salud del ni\u00f1o \u00fatiles para confirmar que padece la enfermedad.<\/p>\n\n\n\n<p>\ud83d\udc49 <strong>\u00a1Consulta estos remedios eficaces! <\/strong><a title=\"C\u00f3mo tratar y aliviar el estre\u00f1imiento en beb\u00e9s\" href=\"https:\/\/www.generali.es\/blog\/tuasesorsalud\/estrenimiento-bebes\/\" target=\"_blank\" rel=\"noopener\">C\u00f3mo tratar y aliviar el estre\u00f1imiento en beb\u00e9s<\/a><\/p>\n\n\n\n<h2 class=\"wp-block-heading\"><span class=\"ez-toc-section\" id=\"%C2%BFSe_puede_prevenir_la_celiaquia_en_ninos\"><\/span>\u00bfSe puede prevenir la celiaqu\u00eda en ni\u00f1os?<span class=\"ez-toc-section-end\"><\/span><\/h2>\n\n\n\n<p>La <strong>celiaqu\u00eda en ni\u00f1os es una enfermedad que no se puede prevenir<\/strong>. Se trata de un trastorno cr\u00f3nico que no tiene cura. No obstante, existen tratamientos basados en una dieta restrictiva en gluten que permiten hacer una vida completamente normal.<\/p>\n\n\n\n<p>\ud83d\udc49 <strong>\u00a1Te interesa! <\/strong><a title=\"Productos ecol\u00f3gicos, 'bio' y org\u00e1nicos: \u00bfmerecen la pena?\" href=\"https:\/\/www.generali.es\/blog\/generalimasqueseguros\/productos-ecologicos-bio-organicos\/\" target=\"_blank\" rel=\"noopener\">Productos ecol\u00f3gicos, &#8216;bio&#8217; y org\u00e1nicos: \u00bfmerecen la pena?<\/a><\/p>\n\n\n\n<h2 class=\"wp-block-heading\"><span class=\"ez-toc-section\" id=\"Dieta_para_ninos_celiacos\"><\/span><strong>Dieta para ni\u00f1os celiacos<\/strong><span class=\"ez-toc-section-end\"><\/span><\/h2>\n\n\n\n<p>Una dieta para ni\u00f1os cel\u00edacos <strong>no puede incluir trigo, cebada, centeno, triticale, avena o derivados<\/strong>. Es por ello que el ni\u00f1o no podr\u00e1 consumir pan, gran variedad de harinas, boller\u00eda, galletas ni tampoco pastas que contengan gluten. Aun as\u00ed, \u00a1existen numerosas <strong>alternativas a estos alimentos sin gluten<\/strong>!<\/p>\n\n\n\n<p>Adem\u00e1s, una dieta para ni\u00f1os cel\u00edacos no impide que no sea saludable. <strong>La alimentaci\u00f3n de tu hijo puede ser perfectamente equilibrada<\/strong>. Si hab\u00e9is descubierto recientemente su intolerancia al gluten, deber\u00e9is atravesar un proceso de adaptaci\u00f3n.<\/p>\n\n\n\n<p>A partir de ahora, <strong>comprobar el etiquetado de todos los alimentos<\/strong> ser\u00e1 un gesto recurrente cada vez que vay\u00e1is al supermercado. \u00a1Aqu\u00ed van todas las <a title=\"claves para leer y entender las etiquetas de los alimentos\" href=\"https:\/\/www.generali.es\/blog\/generalimasqueseguros\/etiquetas-alimentos\/\" target=\"_blank\" rel=\"noopener\">claves para leer y entender las etiquetas de los alimentos<\/a>!<\/p>\n\n\n\n<h3 class=\"wp-block-heading\"><span class=\"ez-toc-section\" id=\"%C2%BFQue_hacer_si_mi_hijo_come_algo_con_gluten\"><\/span>\u00bfQu\u00e9 hacer si mi hijo come algo con gluten?<span class=\"ez-toc-section-end\"><\/span><\/h3>\n\n\n\n<p>En funci\u00f3n de la cantidad de gluten que coma tu hijo el nivel de gravedad variar\u00e1. La <strong>exposici\u00f3n a una cantidad reducida podr\u00eda provocar una peque\u00f1a inflamaci\u00f3n<\/strong> en los intestinos<strong> sin s\u00edntomas inmediatos<\/strong>. El revestimiento del intestino se renueva cada 3 o 4 d\u00edas, por lo que las c\u00e9lulas da\u00f1adas se reemplazan r\u00e1pidamente. Sin embargo, es importante que la ingesta de gluten no sea reiterada, pues podr\u00eda producir problemas de salud graves.<\/p>\n\n\n\n<p>\u00bfConoces nuestros Seguros de Salud especiales para familias con hijos? En <strong>GENERALI<\/strong> contamos con un servicio de <strong>servicio de videoconsulta<\/strong> <strong>pedi\u00e1trica<\/strong> para que puedas contactarnos las 24 horas cuando lo necesites a trav\u00e9s de la app MI GENERALI. Gracias a nuestras coberturas, puedes contar con los <strong>mejores planes de revisiones pedi\u00e1tricas<\/strong>, \u00a1y sin esperas! \u00a1<a title=\"Cons\u00faltanos\" href=\"https:\/\/tuasesorsalud.generali.es\/solicitar-informacion\/\" target=\"_blank\" rel=\"noopener\">Cons\u00faltanos<\/a> sin compromiso!<\/p>\n","protected":false},"excerpt":{"rendered":"<p>\u00bfSab\u00edas que el 70% de los casos de celiaqu\u00eda en ni\u00f1os quedan sin diagnosticar? Esta enfermedad autoinmune es cada vez m\u00e1s frecuente entre la poblaci\u00f3n, aunque se desconoce el motivo. Lo que s\u00ed es un hecho son los s\u00edntomas de la celiaqu\u00eda en ni\u00f1os: las diarreas, estre\u00f1imiento, p\u00e9rdida de peso o dolores abdominales podr\u00edan alertarte [&hellip;]<\/p>\n","protected":false},"author":1,"featured_media":5645,"comment_status":"closed","ping_status":"open","sticky":false,"template":"","format":"standard","meta":{"footnotes":""},"categories":[5],"tags":[],"yoast_head":"<!-- This site is optimized with the Yoast SEO plugin v21.6 - https:\/\/yoast.com\/wordpress\/plugins\/seo\/ -->\n<title>\u25b7 Celiaqu\u00eda en Ni\u00f1os: S\u00edntomas, Causas y Tratamiento<\/title>\n<meta name=\"description\" content=\"\u00bfTu Hijo Padece Celiaqu\u00eda? \u261d Aprende Todo lo Que Necesitas Saber Sobre los S\u00edntomas, Causas y Tratamiento \u2714\ufe0f de la Enfermedad Cel\u00edaca En Ni\u00f1os.\" \/>\n<meta name=\"robots\" content=\"index, follow, max-snippet:-1, max-image-preview:large, max-video-preview:-1\" \/>\n<link rel=\"canonical\" href=\"https:\/\/www.generali.es\/blog\/tuasesorsalud\/celiaquia-ninos\/\" \/>\n<meta name=\"twitter:label1\" content=\"Escrito por\" \/>\n\t<meta name=\"twitter:data1\" content=\"Equipo GENERALI\" \/>\n\t<meta name=\"twitter:label2\" content=\"Tiempo de lectura\" \/>\n\t<meta name=\"twitter:data2\" content=\"7 minutos\" \/>\n<script type=\"application\/ld+json\" class=\"yoast-schema-graph\">{\"@context\":\"https:\/\/schema.org\",\"@graph\":[{\"@type\":\"Article\",\"@id\":\"https:\/\/www.generali.es\/blog\/tuasesorsalud\/celiaquia-ninos\/#article\",\"isPartOf\":{\"@id\":\"https:\/\/www.generali.es\/blog\/tuasesorsalud\/celiaquia-ninos\/\"},\"author\":{\"name\":\"Equipo GENERALI\",\"@id\":\"https:\/\/www.generali.es\/blog\/tuasesorsalud\/#\/schema\/person\/b3e3621e80b273ef3366c6dc945ab47e\"},\"headline\":\"Enfermedad cel\u00edaca en ni\u00f1os\",\"datePublished\":\"2023-03-15T20:34:00+00:00\",\"dateModified\":\"2024-07-08T10:12:33+00:00\",\"mainEntityOfPage\":{\"@id\":\"https:\/\/www.generali.es\/blog\/tuasesorsalud\/celiaquia-ninos\/\"},\"wordCount\":1558,\"publisher\":{\"@id\":\"https:\/\/www.generali.es\/blog\/tuasesorsalud\/#organization\"},\"articleSection\":[\"Alimentaci\u00f3n\"],\"inLanguage\":\"es\"},{\"@type\":\"WebPage\",\"@id\":\"https:\/\/www.generali.es\/blog\/tuasesorsalud\/celiaquia-ninos\/\",\"url\":\"https:\/\/www.generali.es\/blog\/tuasesorsalud\/celiaquia-ninos\/\",\"name\":\"\u25b7 Celiaqu\u00eda en Ni\u00f1os: S\u00edntomas, Causas y Tratamiento\",\"isPartOf\":{\"@id\":\"https:\/\/www.generali.es\/blog\/tuasesorsalud\/#website\"},\"datePublished\":\"2023-03-15T20:34:00+00:00\",\"dateModified\":\"2024-07-08T10:12:33+00:00\",\"description\":\"\u00bfTu Hijo Padece Celiaqu\u00eda? \u261d Aprende Todo lo Que Necesitas Saber Sobre los S\u00edntomas, Causas y Tratamiento \u2714\ufe0f de la Enfermedad Cel\u00edaca En Ni\u00f1os.\",\"breadcrumb\":{\"@id\":\"https:\/\/www.generali.es\/blog\/tuasesorsalud\/celiaquia-ninos\/#breadcrumb\"},\"inLanguage\":\"es\",\"potentialAction\":[{\"@type\":\"ReadAction\",\"target\":[\"https:\/\/www.generali.es\/blog\/tuasesorsalud\/celiaquia-ninos\/\"]}]},{\"@type\":\"BreadcrumbList\",\"@id\":\"https:\/\/www.generali.es\/blog\/tuasesorsalud\/celiaquia-ninos\/#breadcrumb\",\"itemListElement\":[{\"@type\":\"ListItem\",\"position\":1,\"name\":\"Home\",\"item\":\"https:\/\/www.generali.es\/blog\/tuasesorsalud\/\"},{\"@type\":\"ListItem\",\"position\":2,\"name\":\"Alimentaci\u00f3n\",\"item\":\"https:\/\/www.generali.es\/blog\/tuasesorsalud\/alimentacion\/\"},{\"@type\":\"ListItem\",\"position\":3,\"name\":\"Enfermedad cel\u00edaca en ni\u00f1os\"}]},{\"@type\":\"WebSite\",\"@id\":\"https:\/\/www.generali.es\/blog\/tuasesorsalud\/#website\",\"url\":\"https:\/\/www.generali.es\/blog\/tuasesorsalud\/\",\"name\":\"Tu Asesor de Salud\",\"description\":\"Blog de Salud de GENERALI\",\"publisher\":{\"@id\":\"https:\/\/www.generali.es\/blog\/tuasesorsalud\/#organization\"},\"potentialAction\":[{\"@type\":\"SearchAction\",\"target\":{\"@type\":\"EntryPoint\",\"urlTemplate\":\"https:\/\/www.generali.es\/blog\/tuasesorsalud\/?s={search_term_string}\"},\"query-input\":\"required name=search_term_string\"}],\"inLanguage\":\"es\"},{\"@type\":\"Organization\",\"@id\":\"https:\/\/www.generali.es\/blog\/tuasesorsalud\/#organization\",\"name\":\"Tu Asesor de Salud\",\"url\":\"https:\/\/www.generali.es\/blog\/tuasesorsalud\/\",\"logo\":{\"@type\":\"ImageObject\",\"inLanguage\":\"es\",\"@id\":\"https:\/\/www.generali.es\/blog\/tuasesorsalud\/#\/schema\/logo\/image\/\",\"url\":\"https:\/\/www.generali.es\/blog\/tuasesorsalud\/wp-content\/uploads\/2021\/04\/generali.png\",\"contentUrl\":\"https:\/\/www.generali.es\/blog\/tuasesorsalud\/wp-content\/uploads\/2021\/04\/generali.png\",\"width\":100,\"height\":81,\"caption\":\"Tu Asesor de Salud\"},\"image\":{\"@id\":\"https:\/\/www.generali.es\/blog\/tuasesorsalud\/#\/schema\/logo\/image\/\"}},{\"@type\":\"Person\",\"@id\":\"https:\/\/www.generali.es\/blog\/tuasesorsalud\/#\/schema\/person\/b3e3621e80b273ef3366c6dc945ab47e\",\"name\":\"Equipo GENERALI\",\"image\":{\"@type\":\"ImageObject\",\"inLanguage\":\"es\",\"@id\":\"https:\/\/www.generali.es\/blog\/tuasesorsalud\/#\/schema\/person\/image\/\",\"url\":\"https:\/\/www.generali.es\/blog\/tuasesorsalud\/wp-content\/uploads\/2020\/11\/equipo_generali-150x150.jpg\",\"contentUrl\":\"https:\/\/www.generali.es\/blog\/tuasesorsalud\/wp-content\/uploads\/2020\/11\/equipo_generali-150x150.jpg\",\"caption\":\"Equipo GENERALI\"},\"description\":\"El equipo de Tu Asesor Salud est\u00e1 compuesto por periodistas y especialistas en la salud, la nutrici\u00f3n, el deporte, la familia as\u00ed como profesionales t\u00e9cnicos de los seguros de salud. Te ayudamos a que tengas una vida m\u00e1s saludable y te ofrecemos contenido \u00fatil para tu d\u00eda a d\u00eda.\",\"sameAs\":[\"https:\/\/www.generali.es\/blog\/tuasesorsalud\/\"],\"url\":\"https:\/\/www.generali.es\/blog\/tuasesorsalud\/author\/generali_asesor\/\"}]}<\/script>\n<!-- \/ Yoast SEO plugin. -->","yoast_head_json":{"title":"\u25b7 Celiaqu\u00eda en Ni\u00f1os: S\u00edntomas, Causas y Tratamiento","description":"\u00bfTu Hijo Padece Celiaqu\u00eda? \u261d Aprende Todo lo Que Necesitas Saber Sobre los S\u00edntomas, Causas y Tratamiento \u2714\ufe0f de la Enfermedad Cel\u00edaca En Ni\u00f1os.","robots":{"index":"index","follow":"follow","max-snippet":"max-snippet:-1","max-image-preview":"max-image-preview:large","max-video-preview":"max-video-preview:-1"},"canonical":"https:\/\/www.generali.es\/blog\/tuasesorsalud\/celiaquia-ninos\/","twitter_misc":{"Escrito por":"Equipo GENERALI","Tiempo de lectura":"7 minutos"},"schema":{"@context":"https:\/\/schema.org","@graph":[{"@type":"Article","@id":"https:\/\/www.generali.es\/blog\/tuasesorsalud\/celiaquia-ninos\/#article","isPartOf":{"@id":"https:\/\/www.generali.es\/blog\/tuasesorsalud\/celiaquia-ninos\/"},"author":{"name":"Equipo GENERALI","@id":"https:\/\/www.generali.es\/blog\/tuasesorsalud\/#\/schema\/person\/b3e3621e80b273ef3366c6dc945ab47e"},"headline":"Enfermedad cel\u00edaca en ni\u00f1os","datePublished":"2023-03-15T20:34:00+00:00","dateModified":"2024-07-08T10:12:33+00:00","mainEntityOfPage":{"@id":"https:\/\/www.generali.es\/blog\/tuasesorsalud\/celiaquia-ninos\/"},"wordCount":1558,"publisher":{"@id":"https:\/\/www.generali.es\/blog\/tuasesorsalud\/#organization"},"articleSection":["Alimentaci\u00f3n"],"inLanguage":"es"},{"@type":"WebPage","@id":"https:\/\/www.generali.es\/blog\/tuasesorsalud\/celiaquia-ninos\/","url":"https:\/\/www.generali.es\/blog\/tuasesorsalud\/celiaquia-ninos\/","name":"\u25b7 Celiaqu\u00eda en Ni\u00f1os: S\u00edntomas, Causas y Tratamiento","isPartOf":{"@id":"https:\/\/www.generali.es\/blog\/tuasesorsalud\/#website"},"datePublished":"2023-03-15T20:34:00+00:00","dateModified":"2024-07-08T10:12:33+00:00","description":"\u00bfTu Hijo Padece Celiaqu\u00eda? \u261d Aprende Todo lo Que Necesitas Saber Sobre los S\u00edntomas, Causas y Tratamiento \u2714\ufe0f de la Enfermedad Cel\u00edaca En Ni\u00f1os.","breadcrumb":{"@id":"https:\/\/www.generali.es\/blog\/tuasesorsalud\/celiaquia-ninos\/#breadcrumb"},"inLanguage":"es","potentialAction":[{"@type":"ReadAction","target":["https:\/\/www.generali.es\/blog\/tuasesorsalud\/celiaquia-ninos\/"]}]},{"@type":"BreadcrumbList","@id":"https:\/\/www.generali.es\/blog\/tuasesorsalud\/celiaquia-ninos\/#breadcrumb","itemListElement":[{"@type":"ListItem","position":1,"name":"Home","item":"https:\/\/www.generali.es\/blog\/tuasesorsalud\/"},{"@type":"ListItem","position":2,"name":"Alimentaci\u00f3n","item":"https:\/\/www.generali.es\/blog\/tuasesorsalud\/alimentacion\/"},{"@type":"ListItem","position":3,"name":"Enfermedad cel\u00edaca en ni\u00f1os"}]},{"@type":"WebSite","@id":"https:\/\/www.generali.es\/blog\/tuasesorsalud\/#website","url":"https:\/\/www.generali.es\/blog\/tuasesorsalud\/","name":"Tu Asesor de Salud","description":"Blog de Salud de GENERALI","publisher":{"@id":"https:\/\/www.generali.es\/blog\/tuasesorsalud\/#organization"},"potentialAction":[{"@type":"SearchAction","target":{"@type":"EntryPoint","urlTemplate":"https:\/\/www.generali.es\/blog\/tuasesorsalud\/?s={search_term_string}"},"query-input":"required name=search_term_string"}],"inLanguage":"es"},{"@type":"Organization","@id":"https:\/\/www.generali.es\/blog\/tuasesorsalud\/#organization","name":"Tu Asesor de Salud","url":"https:\/\/www.generali.es\/blog\/tuasesorsalud\/","logo":{"@type":"ImageObject","inLanguage":"es","@id":"https:\/\/www.generali.es\/blog\/tuasesorsalud\/#\/schema\/logo\/image\/","url":"https:\/\/www.generali.es\/blog\/tuasesorsalud\/wp-content\/uploads\/2021\/04\/generali.png","contentUrl":"https:\/\/www.generali.es\/blog\/tuasesorsalud\/wp-content\/uploads\/2021\/04\/generali.png","width":100,"height":81,"caption":"Tu Asesor de Salud"},"image":{"@id":"https:\/\/www.generali.es\/blog\/tuasesorsalud\/#\/schema\/logo\/image\/"}},{"@type":"Person","@id":"https:\/\/www.generali.es\/blog\/tuasesorsalud\/#\/schema\/person\/b3e3621e80b273ef3366c6dc945ab47e","name":"Equipo GENERALI","image":{"@type":"ImageObject","inLanguage":"es","@id":"https:\/\/www.generali.es\/blog\/tuasesorsalud\/#\/schema\/person\/image\/","url":"https:\/\/www.generali.es\/blog\/tuasesorsalud\/wp-content\/uploads\/2020\/11\/equipo_generali-150x150.jpg","contentUrl":"https:\/\/www.generali.es\/blog\/tuasesorsalud\/wp-content\/uploads\/2020\/11\/equipo_generali-150x150.jpg","caption":"Equipo GENERALI"},"description":"El equipo de Tu Asesor Salud est\u00e1 compuesto por periodistas y especialistas en la salud, la nutrici\u00f3n, el deporte, la familia as\u00ed como profesionales t\u00e9cnicos de los seguros de salud. Te ayudamos a que tengas una vida m\u00e1s saludable y te ofrecemos contenido \u00fatil para tu d\u00eda a d\u00eda.","sameAs":["https:\/\/www.generali.es\/blog\/tuasesorsalud\/"],"url":"https:\/\/www.generali.es\/blog\/tuasesorsalud\/author\/generali_asesor\/"}]}},"_links":{"self":[{"href":"https:\/\/www.generali.es\/blog\/tuasesorsalud\/wp-json\/wp\/v2\/posts\/5646"}],"collection":[{"href":"https:\/\/www.generali.es\/blog\/tuasesorsalud\/wp-json\/wp\/v2\/posts"}],"about":[{"href":"https:\/\/www.generali.es\/blog\/tuasesorsalud\/wp-json\/wp\/v2\/types\/post"}],"author":[{"embeddable":true,"href":"https:\/\/www.generali.es\/blog\/tuasesorsalud\/wp-json\/wp\/v2\/users\/1"}],"replies":[{"embeddable":true,"href":"https:\/\/www.generali.es\/blog\/tuasesorsalud\/wp-json\/wp\/v2\/comments?post=5646"}],"version-history":[{"count":5,"href":"https:\/\/www.generali.es\/blog\/tuasesorsalud\/wp-json\/wp\/v2\/posts\/5646\/revisions"}],"predecessor-version":[{"id":6828,"href":"https:\/\/www.generali.es\/blog\/tuasesorsalud\/wp-json\/wp\/v2\/posts\/5646\/revisions\/6828"}],"wp:featuredmedia":[{"embeddable":true,"href":"https:\/\/www.generali.es\/blog\/tuasesorsalud\/wp-json\/wp\/v2\/media\/5645"}],"wp:attachment":[{"href":"https:\/\/www.generali.es\/blog\/tuasesorsalud\/wp-json\/wp\/v2\/media?parent=5646"}],"wp:term":[{"taxonomy":"category","embeddable":true,"href":"https:\/\/www.generali.es\/blog\/tuasesorsalud\/wp-json\/wp\/v2\/categories?post=5646"},{"taxonomy":"post_tag","embeddable":true,"href":"https:\/\/www.generali.es\/blog\/tuasesorsalud\/wp-json\/wp\/v2\/tags?post=5646"}],"curies":[{"name":"wp","href":"https:\/\/api.w.org\/{rel}","templated":true}]}}