{"id":5608,"date":"2023-02-20T14:08:32","date_gmt":"2023-02-20T13:08:32","guid":{"rendered":"https:\/\/www.generali.es\/blog\/tuasesorsalud\/?p=5608"},"modified":"2023-02-27T15:56:41","modified_gmt":"2023-02-27T14:56:41","slug":"enfermedades-de-invierno","status":"publish","type":"post","link":"https:\/\/www.generali.es\/blog\/tuasesorsalud\/enfermedades-de-invierno\/","title":{"rendered":"Enfermedades de invierno en los ni\u00f1os, mitos y verdades"},"content":{"rendered":"\n<p>Bajan las temperaturas y empiezan a llenarse las consultas de los pediatras de las conocidas como <strong>enfermedades de invierno<\/strong>. <a href=\"https:\/\/www.generali.es\/blog\/tuasesorsalud\/bronquiolitis-ninos-bebes\/\">Bronquiolitis<\/a>, Catarros, bronquitis\u2026<\/p>\n\n\n\n<p>\u00bfPero qu\u00e9 hay de verdad en algunos mitos? \u00a1Vamos a aprenderlo juntos!<\/p>\n\n\n\n<div style=\"height:20px\" aria-hidden=\"true\" class=\"wp-block-spacer\"><\/div>\n\n\n\n<div id=\"ez-toc-container\" class=\"ez-toc-v2_0_22 counter-hierarchy counter-decimal\">\n<div class=\"ez-toc-title-container\">\n<p class=\"ez-toc-title\">&Iacute;ndice<\/p>\n<span class=\"ez-toc-title-toggle\"><a class=\"ez-toc-pull-right ez-toc-btn ez-toc-btn-xs ez-toc-btn-default ez-toc-toggle\" style=\"display: none;\"><i class=\"ez-toc-glyphicon ez-toc-icon-toggle\"><\/i><\/a><\/span><\/div>\n<nav><ul class=\"ez-toc-list ez-toc-list-level-1\"><li class=\"ez-toc-page-1 ez-toc-heading-level-2\"><a class=\"ez-toc-link ez-toc-heading-1\" href=\"https:\/\/www.generali.es\/blog\/tuasesorsalud\/enfermedades-de-invierno\/#Mitos_sobre_las_enfermedades_de_invierno\" title=\"Mitos sobre las enfermedades de invierno\">Mitos sobre las enfermedades de invierno<\/a><ul class=\"ez-toc-list-level-3\"><li class=\"ez-toc-heading-level-3\"><a class=\"ez-toc-link ez-toc-heading-2\" href=\"https:\/\/www.generali.es\/blog\/tuasesorsalud\/enfermedades-de-invierno\/#Si_mi_peque_pasa_frio_se_resfriara\" title=\"\u201cSi mi peque pasa fr\u00edo se resfriar\u00e1\u201d\">\u201cSi mi peque pasa fr\u00edo se resfriar\u00e1\u201d<\/a><\/li><li class=\"ez-toc-page-1 ez-toc-heading-level-3\"><a class=\"ez-toc-link ez-toc-heading-3\" href=\"https:\/\/www.generali.es\/blog\/tuasesorsalud\/enfermedades-de-invierno\/#Si_anda_descalzo_se_resfriara\" title=\"\u201cSi anda descalzo se resfriar\u00e1\u201d\">\u201cSi anda descalzo se resfriar\u00e1\u201d<\/a><\/li><li class=\"ez-toc-page-1 ez-toc-heading-level-3\"><a class=\"ez-toc-link ez-toc-heading-4\" href=\"https:\/\/www.generali.es\/blog\/tuasesorsalud\/enfermedades-de-invierno\/#La_fiebre_es_mala\" title=\"\u201cLa fiebre es mala\u201d\">\u201cLa fiebre es mala\u201d<\/a><\/li><li class=\"ez-toc-page-1 ez-toc-heading-level-3\"><a class=\"ez-toc-link ez-toc-heading-5\" href=\"https:\/\/www.generali.es\/blog\/tuasesorsalud\/enfermedades-de-invierno\/#La_leche_produce_mocos\" title=\"\u201cLa leche produce mocos\u201d\">\u201cLa leche produce mocos\u201d<\/a><\/li><li class=\"ez-toc-page-1 ez-toc-heading-level-3\"><a class=\"ez-toc-link ez-toc-heading-6\" href=\"https:\/\/www.generali.es\/blog\/tuasesorsalud\/enfermedades-de-invierno\/#Si_le_doy_antibiotico_se_curara_antes\" title=\"\u201cSi le doy antibi\u00f3tico se curar\u00e1 antes\u201d\">\u201cSi le doy antibi\u00f3tico se curar\u00e1 antes\u201d<\/a><\/li><\/ul><\/li><li class=\"ez-toc-page-1 ez-toc-heading-level-2\"><a class=\"ez-toc-link ez-toc-heading-7\" href=\"https:\/\/www.generali.es\/blog\/tuasesorsalud\/enfermedades-de-invierno\/#%C2%BFQue_puedo_hacer_en_casa_cuando_mi_peque_coge_una_enfermedad_de_invierno\" title=\"\u00bfQu\u00e9 puedo hacer en casa cuando mi peque coge una enfermedad de invierno?\">\u00bfQu\u00e9 puedo hacer en casa cuando mi peque coge una enfermedad de invierno?<\/a><ul class=\"ez-toc-list-level-3\"><li class=\"ez-toc-heading-level-3\"><a class=\"ez-toc-link ez-toc-heading-8\" href=\"https:\/\/www.generali.es\/blog\/tuasesorsalud\/enfermedades-de-invierno\/#%C2%BFCuando_debo_acudir_a_urgencias\" title=\"\u00bfCu\u00e1ndo debo acudir a urgencias?\">\u00bfCu\u00e1ndo debo acudir a urgencias?<\/a><\/li><\/ul><\/li><\/ul><\/nav><\/div>\n<h2 class=\"wp-block-heading\"><span class=\"ez-toc-section\" id=\"Mitos_sobre_las_enfermedades_de_invierno\"><\/span>Mitos sobre las enfermedades de invierno<span class=\"ez-toc-section-end\"><\/span><\/h2>\n\n\n\n<div style=\"height:20px\" aria-hidden=\"true\" class=\"wp-block-spacer\"><\/div>\n\n\n\n<h3 class=\"wp-block-heading\"><span class=\"ez-toc-section\" id=\"Si_mi_peque_pasa_frio_se_resfriara\"><\/span>\u201cSi mi peque pasa fr\u00edo se resfriar\u00e1\u201d<span class=\"ez-toc-section-end\"><\/span><\/h3>\n\n\n\n<div style=\"height:20px\" aria-hidden=\"true\" class=\"wp-block-spacer\"><\/div>\n\n\n\n<p>Lo primero que debes saber es que los virus se transmiten, sobre todo, a trav\u00e9s del aire que respiramos (gotitas respiratorias con el virus: en saliva, moco\u2026 cuando estornudan cerca, etc)<\/p>\n\n\n\n<p>Tambi\u00e9n a trav\u00e9s de nuestras manos al tocar algo que lleva saliva o moco de esa persona contagiada, y rascarnos los ojos, boca o nariz o a trav\u00e9s de objetos (que suelen compartir meti\u00e9ndose en la boca); o algunos tambi\u00e9n a trav\u00e9s de las heces de otra persona contagiada (por ejemplo, al cambiar el pa\u00f1al al beb\u00e9).<\/p>\n\n\n\n<p><strong>El fr\u00edo no nos contagia<\/strong>, sino que lo hace la persona que est\u00e1 en ese momento sufriendo la infecci\u00f3n.&nbsp;<\/p>\n\n\n\n<p>As\u00ed que, aunque la mayor\u00eda piensa que si los peques pasan fr\u00edo se pondr\u00e1n malitos, los <a href=\"https:\/\/www.generali.es\/blog\/tuasesorsalud\/como-curar-resfriado\/\">resfriados<\/a> est\u00e1n causados por un virus, no por un cambio de temperatura.<\/p>\n\n\n\n<div style=\"height:20px\" aria-hidden=\"true\" class=\"wp-block-spacer\"><\/div>\n\n\n\n<h3 class=\"wp-block-heading\"><span class=\"ez-toc-section\" id=\"Si_anda_descalzo_se_resfriara\"><\/span>\u201cSi anda descalzo se resfriar\u00e1\u201d<span class=\"ez-toc-section-end\"><\/span><\/h3>\n\n\n\n<div style=\"height:20px\" aria-hidden=\"true\" class=\"wp-block-spacer\"><\/div>\n\n\n\n<p>Otro falso mito de las enfermedades de invierno.<\/p>\n\n\n\n<p>No nos ponemos enfermos por ir descalzos, por llevar el pelo mojado o por no ponernos chaqueta.&nbsp;<strong>Los virus se transmiten<\/strong>&nbsp;porque alguien nos contagia como explico arriba.<\/p>\n\n\n\n<p>Si el peque anda descalzo y el suelo est\u00e1 fr\u00edo, puede que sea inc\u00f3modo para \u00e9l (o no, porque aun as\u00ed prefiera andar sin calcetines) pero no ser\u00e1 m\u00e1s probable que se infecte por alg\u00fan virus.<\/p>\n\n\n\n<div style=\"height:20px\" aria-hidden=\"true\" class=\"wp-block-spacer\"><\/div>\n\n\n\n<h3 class=\"wp-block-heading\"><span class=\"ez-toc-section\" id=\"La_fiebre_es_mala\"><\/span>\u201cLa fiebre es mala\u201d<span class=\"ez-toc-section-end\"><\/span><\/h3>\n\n\n\n<div style=\"height:20px\" aria-hidden=\"true\" class=\"wp-block-spacer\"><\/div>\n\n\n\n<p>No solo <a href=\"https:\/\/www.generali.es\/blog\/tuasesorsalud\/fiebre-en-ninos\/\">no es mala la fiebre<\/a> sino que adem\u00e1s \u00a1es nuestra mejor aliada!<\/p>\n\n\n\n<p>Es un mecanismo de<strong>&nbsp;defensa&nbsp;<\/strong>frente a la infecci\u00f3n, mejora la respuesta de nuestro cuerpo contra la infecci\u00f3n y no produce ning\u00fan tipo de da\u00f1o cerebral si es menor a 42\u00baC.<\/p>\n\n\n\n<p>Si el peque est\u00e1 irritable, tiene dolor o la fiebre llega a 40\u00baC le daremos una dosis de antit\u00e9rmico para que se encuentre mejor, pero no simplemente porque tenga fiebre.<\/p>\n\n\n\n<div style=\"height:20px\" aria-hidden=\"true\" class=\"wp-block-spacer\"><\/div>\n\n\n\n<h3 class=\"wp-block-heading\"><span class=\"ez-toc-section\" id=\"La_leche_produce_mocos\"><\/span>\u201cLa leche produce mocos\u201d<span class=\"ez-toc-section-end\"><\/span><\/h3>\n\n\n\n<div style=\"height:20px\" aria-hidden=\"true\" class=\"wp-block-spacer\"><\/div>\n\n\n\n<p>No est\u00e1 demostrado que la leche aumente el moco de las v\u00edas respiratorias o empeore los s\u00edntomas del catarro.<\/p>\n\n\n\n<p>Adem\u00e1s, la leche es una importante&nbsp;<strong>fuente de calcio y vitamina D,<\/strong>&nbsp;as\u00ed que es una forma f\u00e1cil de que tu peque tome la cantidad de calcio y vitamina D que necesita.<\/p>\n\n\n\n<p>Consulta tambi\u00e9n este otro art\u00edculo sobre <a href=\"https:\/\/www.generali.es\/blog\/tuasesorsalud\/vitaminas-para-ninos\/\">vitaminas para ni\u00f1os<\/a>, donde profundizamos m\u00e1s sobre este tema.<\/p>\n\n\n\n<div style=\"height:20px\" aria-hidden=\"true\" class=\"wp-block-spacer\"><\/div>\n\n\n\n<h3 class=\"wp-block-heading\"><span class=\"ez-toc-section\" id=\"Si_le_doy_antibiotico_se_curara_antes\"><\/span>\u201cSi le doy antibi\u00f3tico se curar\u00e1 antes\u201d<span class=\"ez-toc-section-end\"><\/span><\/h3>\n\n\n\n<div style=\"height:20px\" aria-hidden=\"true\" class=\"wp-block-spacer\"><\/div>\n\n\n\n<p><strong>Los antibi\u00f3ticos solo \u201cmatan\u201d bacterias<\/strong>, no virus. Por eso no ayudar\u00e1n a tu peque a sentirse mejor m\u00e1s r\u00e1pido si est\u00e1 resfriado.&nbsp;<\/p>\n\n\n\n<p>Adem\u00e1s, y as\u00ed desmontamos otro falso mito, <strong>el moco de color verde no indica que est\u00e9 peor ni que necesite antibi\u00f3tico<\/strong>.<\/p>\n\n\n\n<p>El moco se vuelve verde siempre en el curso de cualquier infecci\u00f3n (al principio es transparente, despu\u00e9s amarillo y finalmente verde).<\/p>\n\n\n\n<p><strong>La Pediatra Mar nos cuenta m\u00e1s sobre estos y otros mitos que existen sobre de la salud nuestros hijos<\/strong>&nbsp;en el siguiente video:<\/p>\n\n\n\n<figure class=\"wp-block-embed is-type-video is-provider-youtube wp-block-embed-youtube wp-embed-aspect-16-9 wp-has-aspect-ratio\"><div class=\"wp-block-embed__wrapper\">\n<iframe loading=\"lazy\" title=\"GENERALI MAR FEBRERO ES 3MIN 16 9 2023\" width=\"800\" height=\"450\" src=\"https:\/\/www.youtube.com\/embed\/-wRN-CPWw9E?feature=oembed\" frameborder=\"0\" allow=\"accelerometer; autoplay; clipboard-write; encrypted-media; gyroscope; picture-in-picture; web-share\" allowfullscreen><\/iframe>\n<\/div><\/figure>\n\n\n\n<div style=\"height:20px\" aria-hidden=\"true\" class=\"wp-block-spacer\"><\/div>\n\n\n\n<h2 class=\"wp-block-heading\"><span class=\"ez-toc-section\" id=\"%C2%BFQue_puedo_hacer_en_casa_cuando_mi_peque_coge_una_enfermedad_de_invierno\"><\/span>\u00bfQu\u00e9 puedo hacer en casa cuando mi peque coge una enfermedad de invierno?<span class=\"ez-toc-section-end\"><\/span><\/h2>\n\n\n\n<div style=\"height:20px\" aria-hidden=\"true\" class=\"wp-block-spacer\"><\/div>\n\n\n\n<p>Lo m\u00e1s importante es intentar que tu peque se sienta mejor y contin\u00fae hidratado mientras el propio cuerpo se cura.<\/p>\n\n\n\n<p>Te dejo algunos consejos:<\/p>\n\n\n\n<ul>\n<li>Hacer <a href=\"https:\/\/www.generali.es\/blog\/tuasesorsalud\/lavado-nasal-bebe\/\">lavados nasales<\/a><strong>&nbsp;a demanda.<\/strong>&nbsp;<\/li>\n\n\n\n<li>Fraccionar las tomas si no puede respirar bien:&nbsp;<strong>dale de comer m\u00e1s veces,<\/strong>&nbsp;pero menos cantidad.&nbsp;&nbsp;<\/li>\n\n\n\n<li>Administra<strong>&nbsp;<a>antit\u00e9rmico<\/a><\/strong>&nbsp;si tiene fiebre y est\u00e1 irritable.&nbsp;<\/li>\n\n\n\n<li><strong>Incorp\u00f3rale unos 30\u00b0<\/strong>&nbsp;para dormir (mejor desde los 2 a\u00f1os, cuando son m\u00e1s peque\u00f1os puede quedar muy flexionada su cabeza). Nunca uses cojines antes del a\u00f1o, y si inclinas la cuna en un menor de 2 a\u00f1os, que sea por debajo del colch\u00f3n (si la cuna permite una inclinaci\u00f3n puedes hacerlo as\u00ed, y si no se puede inclinar, puedes colocar toallas DEBAJO del colch\u00f3n del peque), unos 30\u00ba y vigilando que respire bien.&nbsp;<\/li>\n<\/ul>\n\n\n\n<p>Remedios caseros que no te van a ayudar:<\/p>\n\n\n\n<ul>\n<li><strong>Cebolla<\/strong>: habr\u00e1s o\u00eddo muchas veces que es \u201cmano de santo\u201d e incluso se han hecho estudios, pero no, no se ha demostrado su efectividad.&nbsp;<\/li>\n\n\n\n<li><strong>Jarabes para la tos<\/strong>: son adem\u00e1s muy peligrosos en menores de 6 a\u00f1os.<\/li>\n\n\n\n<li><strong>Ung\u00fcentos para aplicar en el pecho o en la espalda<\/strong>: son adem\u00e1s muy peligrosos tambi\u00e9n en ni\u00f1os peque\u00f1os o en asm\u00e1ticos.&nbsp;<\/li>\n\n\n\n<li><strong>Vapores de eucalipto.<\/strong><\/li>\n<\/ul>\n\n\n\n<div style=\"height:20px\" aria-hidden=\"true\" class=\"wp-block-spacer\"><\/div>\n\n\n\n<h3 class=\"wp-block-heading\"><span class=\"ez-toc-section\" id=\"%C2%BFCuando_debo_acudir_a_urgencias\"><\/span>\u00bfCu\u00e1ndo debo acudir a urgencias?<span class=\"ez-toc-section-end\"><\/span><\/h3>\n\n\n\n<div style=\"height:20px\" aria-hidden=\"true\" class=\"wp-block-spacer\"><\/div>\n\n\n\n<p>Estos son los s\u00edntomas por los que, si tu beb\u00e9 padece una enfermedad de invierno, deber\u00edais acudir a un especialista m\u00e9dico.<\/p>\n\n\n\n<ul>\n<li>Si tu peque&nbsp;<strong>respira mal<\/strong>: puede que notes que respira m\u00e1s r\u00e1pido, que saca el abdomen, que marca las costillas, que hace pausas largas al respirar, que tiene labios azules, que no come, que est\u00e1 muy irritable\u2026<\/li>\n\n\n\n<li>Si&nbsp;<strong>rechaza las tomas<\/strong>, come menos de la mitad de lo que sol\u00eda comer o no hace pip\u00ed (signo de que podr\u00eda estar deshidratado).&nbsp;<\/li>\n\n\n\n<li>Tiene&nbsp;<strong>mal color<\/strong>&nbsp;(muy p\u00e1lido, gris, azulado\u2026).&nbsp;<\/li>\n\n\n\n<li>Si&nbsp;<strong>la fiebre es alta y no baja,&nbsp;<\/strong>odura m\u00e1s 2-3 d\u00edas, o cualquier pico de fiebre en un menor de 3 meses (37,5\u00baC axilar o m\u00e1s).&nbsp;<\/li>\n\n\n\n<li>Si est\u00e1 muy&nbsp;<strong>deca\u00eddo, irritable<\/strong>, adormilado&#8230;<\/li>\n<\/ul>\n\n\n\n<p>Espero que ya tengas much\u00edsimo m\u00e1s claro todo lo que debes hacer si tu peque coge una enfermedad de invierno.<\/p>\n\n\n\n<p>\u00bfTe ha quedado alguna duda? \u00a1Te esperamos en los comentarios!<\/p>\n\n\n\n<script type=\"application\/ld+json\">{\"@context\":\"https:\/\/schema.org\",\"@type\":\"FAQPage\",\"mainEntity\":[{\"@type\":\"Question\",\"name\":\"\u00bfQu\u00e9 puedo hacer en casa cuando mi peque coge una enfermedad de invierno?\",\"acceptedAnswer\":{\"@type\":\"Answer\",\"text\":\"Hacer lavados nasales a demanda. \\nFraccionar las tomas si no puede respirar bien: dale de comer m\u00e1s veces, pero menos cantidad.  \\nAdministra antit\u00e9rmico si tiene fiebre y est\u00e1 irritable. \\nIncorp\u00f3rale unos 30\u00b0 para dormir\"}},{\"@type\":\"Question\",\"name\":\"\u00bfCu\u00e1ndo debo acudir a urgencias?\",\"acceptedAnswer\":{\"@type\":\"Answer\",\"text\":\"Si tu peque respira mal\\nSi rechaza las tomas\\nTiene mal color\\nSi la fiebre es alta y no baja\\nSi est\u00e1 muy deca\u00eddo, irritable, adormilado\"}}]}<\/script><!--FAQPage Code Generated by https:\/\/saijogeorge.com\/json-ld-schema-generator\/faq\/-->\n","protected":false},"excerpt":{"rendered":"<p>Bajan las temperaturas y empiezan a llenarse las consultas de los pediatras de las conocidas como enfermedades de invierno. Bronquiolitis, Catarros, bronquitis\u2026 \u00bfPero qu\u00e9 hay de verdad en algunos mitos? \u00a1Vamos a aprenderlo juntos! &Iacute;ndice Mitos sobre las enfermedades de invierno\u201cSi mi peque pasa fr\u00edo se resfriar\u00e1\u201d\u201cSi anda descalzo se resfriar\u00e1\u201d\u201cLa fiebre es mala\u201d\u201cLa leche [&hellip;]<\/p>\n","protected":false},"author":10,"featured_media":5615,"comment_status":"open","ping_status":"open","sticky":false,"template":"","format":"standard","meta":{"footnotes":""},"categories":[3],"tags":[],"yoast_head":"<!-- This site is optimized with the Yoast SEO plugin v21.6 - https:\/\/yoast.com\/wordpress\/plugins\/seo\/ -->\n<title>\u25b7 Enfermedades de Invierno, 6 Mitos y Verdades en Ni\u00f1os<\/title>\n<meta name=\"description\" content=\"NO te confundas \u26d4 Estas son las verdaderas causas de las Enfermedades de Invierno, y c\u00f3mo puedes \u261d Combatirlas correctamente\" \/>\n<meta name=\"robots\" content=\"index, follow, max-snippet:-1, max-image-preview:large, max-video-preview:-1\" \/>\n<link rel=\"canonical\" href=\"https:\/\/www.generali.es\/blog\/tuasesorsalud\/enfermedades-de-invierno\/\" \/>\n<meta name=\"twitter:label1\" content=\"Escrito por\" \/>\n\t<meta name=\"twitter:data1\" content=\"Mar L\u00f3pez Sureda\" \/>\n\t<meta name=\"twitter:label2\" content=\"Tiempo de lectura\" \/>\n\t<meta name=\"twitter:data2\" content=\"5 minutos\" \/>\n<script type=\"application\/ld+json\" class=\"yoast-schema-graph\">{\"@context\":\"https:\/\/schema.org\",\"@graph\":[{\"@type\":\"Article\",\"@id\":\"https:\/\/www.generali.es\/blog\/tuasesorsalud\/enfermedades-de-invierno\/#article\",\"isPartOf\":{\"@id\":\"https:\/\/www.generali.es\/blog\/tuasesorsalud\/enfermedades-de-invierno\/\"},\"author\":{\"name\":\"Mar L\u00f3pez Sureda\",\"@id\":\"https:\/\/www.generali.es\/blog\/tuasesorsalud\/#\/schema\/person\/b1698a2c5ded73c31f54a7d35b8e2449\"},\"headline\":\"Enfermedades de invierno en los ni\u00f1os, mitos y verdades\",\"datePublished\":\"2023-02-20T13:08:32+00:00\",\"dateModified\":\"2023-02-27T14:56:41+00:00\",\"mainEntityOfPage\":{\"@id\":\"https:\/\/www.generali.es\/blog\/tuasesorsalud\/enfermedades-de-invierno\/\"},\"wordCount\":992,\"commentCount\":0,\"publisher\":{\"@id\":\"https:\/\/www.generali.es\/blog\/tuasesorsalud\/#organization\"},\"articleSection\":[\"Salud\"],\"inLanguage\":\"es\",\"potentialAction\":[{\"@type\":\"CommentAction\",\"name\":\"Comment\",\"target\":[\"https:\/\/www.generali.es\/blog\/tuasesorsalud\/enfermedades-de-invierno\/#respond\"]}]},{\"@type\":\"WebPage\",\"@id\":\"https:\/\/www.generali.es\/blog\/tuasesorsalud\/enfermedades-de-invierno\/\",\"url\":\"https:\/\/www.generali.es\/blog\/tuasesorsalud\/enfermedades-de-invierno\/\",\"name\":\"\u25b7 Enfermedades de Invierno, 6 Mitos y Verdades en Ni\u00f1os\",\"isPartOf\":{\"@id\":\"https:\/\/www.generali.es\/blog\/tuasesorsalud\/#website\"},\"datePublished\":\"2023-02-20T13:08:32+00:00\",\"dateModified\":\"2023-02-27T14:56:41+00:00\",\"description\":\"NO te confundas \u26d4 Estas son las verdaderas causas de las Enfermedades de Invierno, y c\u00f3mo puedes \u261d Combatirlas correctamente\",\"breadcrumb\":{\"@id\":\"https:\/\/www.generali.es\/blog\/tuasesorsalud\/enfermedades-de-invierno\/#breadcrumb\"},\"inLanguage\":\"es\",\"potentialAction\":[{\"@type\":\"ReadAction\",\"target\":[\"https:\/\/www.generali.es\/blog\/tuasesorsalud\/enfermedades-de-invierno\/\"]}]},{\"@type\":\"BreadcrumbList\",\"@id\":\"https:\/\/www.generali.es\/blog\/tuasesorsalud\/enfermedades-de-invierno\/#breadcrumb\",\"itemListElement\":[{\"@type\":\"ListItem\",\"position\":1,\"name\":\"Home\",\"item\":\"https:\/\/www.generali.es\/blog\/tuasesorsalud\/\"},{\"@type\":\"ListItem\",\"position\":2,\"name\":\"Salud\",\"item\":\"https:\/\/www.generali.es\/blog\/tuasesorsalud\/salud\/\"},{\"@type\":\"ListItem\",\"position\":3,\"name\":\"Enfermedades de invierno en los ni\u00f1os, mitos y verdades\"}]},{\"@type\":\"WebSite\",\"@id\":\"https:\/\/www.generali.es\/blog\/tuasesorsalud\/#website\",\"url\":\"https:\/\/www.generali.es\/blog\/tuasesorsalud\/\",\"name\":\"Tu Asesor de Salud\",\"description\":\"Blog de Salud de GENERALI\",\"publisher\":{\"@id\":\"https:\/\/www.generali.es\/blog\/tuasesorsalud\/#organization\"},\"potentialAction\":[{\"@type\":\"SearchAction\",\"target\":{\"@type\":\"EntryPoint\",\"urlTemplate\":\"https:\/\/www.generali.es\/blog\/tuasesorsalud\/?s={search_term_string}\"},\"query-input\":\"required name=search_term_string\"}],\"inLanguage\":\"es\"},{\"@type\":\"Organization\",\"@id\":\"https:\/\/www.generali.es\/blog\/tuasesorsalud\/#organization\",\"name\":\"Tu Asesor de Salud\",\"url\":\"https:\/\/www.generali.es\/blog\/tuasesorsalud\/\",\"logo\":{\"@type\":\"ImageObject\",\"inLanguage\":\"es\",\"@id\":\"https:\/\/www.generali.es\/blog\/tuasesorsalud\/#\/schema\/logo\/image\/\",\"url\":\"https:\/\/www.generali.es\/blog\/tuasesorsalud\/wp-content\/uploads\/2021\/04\/generali.png\",\"contentUrl\":\"https:\/\/www.generali.es\/blog\/tuasesorsalud\/wp-content\/uploads\/2021\/04\/generali.png\",\"width\":100,\"height\":81,\"caption\":\"Tu Asesor de Salud\"},\"image\":{\"@id\":\"https:\/\/www.generali.es\/blog\/tuasesorsalud\/#\/schema\/logo\/image\/\"}},{\"@type\":\"Person\",\"@id\":\"https:\/\/www.generali.es\/blog\/tuasesorsalud\/#\/schema\/person\/b1698a2c5ded73c31f54a7d35b8e2449\",\"name\":\"Mar L\u00f3pez Sureda\",\"image\":{\"@type\":\"ImageObject\",\"inLanguage\":\"es\",\"@id\":\"https:\/\/www.generali.es\/blog\/tuasesorsalud\/#\/schema\/person\/image\/\",\"url\":\"https:\/\/www.generali.es\/blog\/tuasesorsalud\/wp-content\/uploads\/2021\/11\/007marialopezpediatraretocadas2-150x150.jpg\",\"contentUrl\":\"https:\/\/www.generali.es\/blog\/tuasesorsalud\/wp-content\/uploads\/2021\/11\/007marialopezpediatraretocadas2-150x150.jpg\",\"caption\":\"Mar L\u00f3pez Sureda\"},\"description\":\"Especialista en pediatr\u00eda. M\u00e1ster en pediatr\u00eda de atenci\u00f3n primaria. M\u00e1ster en nutrici\u00f3n infantil.\",\"sameAs\":[\"https:\/\/marlopezpediatra.com\/\"],\"url\":\"https:\/\/www.generali.es\/blog\/tuasesorsalud\/author\/marlopezsureda\/\"}]}<\/script>\n<!-- \/ Yoast SEO plugin. -->","yoast_head_json":{"title":"\u25b7 Enfermedades de Invierno, 6 Mitos y Verdades en Ni\u00f1os","description":"NO te confundas \u26d4 Estas son las verdaderas causas de las Enfermedades de Invierno, y c\u00f3mo puedes \u261d Combatirlas correctamente","robots":{"index":"index","follow":"follow","max-snippet":"max-snippet:-1","max-image-preview":"max-image-preview:large","max-video-preview":"max-video-preview:-1"},"canonical":"https:\/\/www.generali.es\/blog\/tuasesorsalud\/enfermedades-de-invierno\/","twitter_misc":{"Escrito por":"Mar L\u00f3pez Sureda","Tiempo de lectura":"5 minutos"},"schema":{"@context":"https:\/\/schema.org","@graph":[{"@type":"Article","@id":"https:\/\/www.generali.es\/blog\/tuasesorsalud\/enfermedades-de-invierno\/#article","isPartOf":{"@id":"https:\/\/www.generali.es\/blog\/tuasesorsalud\/enfermedades-de-invierno\/"},"author":{"name":"Mar L\u00f3pez Sureda","@id":"https:\/\/www.generali.es\/blog\/tuasesorsalud\/#\/schema\/person\/b1698a2c5ded73c31f54a7d35b8e2449"},"headline":"Enfermedades de invierno en los ni\u00f1os, mitos y verdades","datePublished":"2023-02-20T13:08:32+00:00","dateModified":"2023-02-27T14:56:41+00:00","mainEntityOfPage":{"@id":"https:\/\/www.generali.es\/blog\/tuasesorsalud\/enfermedades-de-invierno\/"},"wordCount":992,"commentCount":0,"publisher":{"@id":"https:\/\/www.generali.es\/blog\/tuasesorsalud\/#organization"},"articleSection":["Salud"],"inLanguage":"es","potentialAction":[{"@type":"CommentAction","name":"Comment","target":["https:\/\/www.generali.es\/blog\/tuasesorsalud\/enfermedades-de-invierno\/#respond"]}]},{"@type":"WebPage","@id":"https:\/\/www.generali.es\/blog\/tuasesorsalud\/enfermedades-de-invierno\/","url":"https:\/\/www.generali.es\/blog\/tuasesorsalud\/enfermedades-de-invierno\/","name":"\u25b7 Enfermedades de Invierno, 6 Mitos y Verdades en Ni\u00f1os","isPartOf":{"@id":"https:\/\/www.generali.es\/blog\/tuasesorsalud\/#website"},"datePublished":"2023-02-20T13:08:32+00:00","dateModified":"2023-02-27T14:56:41+00:00","description":"NO te confundas \u26d4 Estas son las verdaderas causas de las Enfermedades de Invierno, y c\u00f3mo puedes \u261d Combatirlas correctamente","breadcrumb":{"@id":"https:\/\/www.generali.es\/blog\/tuasesorsalud\/enfermedades-de-invierno\/#breadcrumb"},"inLanguage":"es","potentialAction":[{"@type":"ReadAction","target":["https:\/\/www.generali.es\/blog\/tuasesorsalud\/enfermedades-de-invierno\/"]}]},{"@type":"BreadcrumbList","@id":"https:\/\/www.generali.es\/blog\/tuasesorsalud\/enfermedades-de-invierno\/#breadcrumb","itemListElement":[{"@type":"ListItem","position":1,"name":"Home","item":"https:\/\/www.generali.es\/blog\/tuasesorsalud\/"},{"@type":"ListItem","position":2,"name":"Salud","item":"https:\/\/www.generali.es\/blog\/tuasesorsalud\/salud\/"},{"@type":"ListItem","position":3,"name":"Enfermedades de invierno en los ni\u00f1os, mitos y verdades"}]},{"@type":"WebSite","@id":"https:\/\/www.generali.es\/blog\/tuasesorsalud\/#website","url":"https:\/\/www.generali.es\/blog\/tuasesorsalud\/","name":"Tu Asesor de Salud","description":"Blog de Salud de GENERALI","publisher":{"@id":"https:\/\/www.generali.es\/blog\/tuasesorsalud\/#organization"},"potentialAction":[{"@type":"SearchAction","target":{"@type":"EntryPoint","urlTemplate":"https:\/\/www.generali.es\/blog\/tuasesorsalud\/?s={search_term_string}"},"query-input":"required name=search_term_string"}],"inLanguage":"es"},{"@type":"Organization","@id":"https:\/\/www.generali.es\/blog\/tuasesorsalud\/#organization","name":"Tu Asesor de Salud","url":"https:\/\/www.generali.es\/blog\/tuasesorsalud\/","logo":{"@type":"ImageObject","inLanguage":"es","@id":"https:\/\/www.generali.es\/blog\/tuasesorsalud\/#\/schema\/logo\/image\/","url":"https:\/\/www.generali.es\/blog\/tuasesorsalud\/wp-content\/uploads\/2021\/04\/generali.png","contentUrl":"https:\/\/www.generali.es\/blog\/tuasesorsalud\/wp-content\/uploads\/2021\/04\/generali.png","width":100,"height":81,"caption":"Tu Asesor de Salud"},"image":{"@id":"https:\/\/www.generali.es\/blog\/tuasesorsalud\/#\/schema\/logo\/image\/"}},{"@type":"Person","@id":"https:\/\/www.generali.es\/blog\/tuasesorsalud\/#\/schema\/person\/b1698a2c5ded73c31f54a7d35b8e2449","name":"Mar L\u00f3pez Sureda","image":{"@type":"ImageObject","inLanguage":"es","@id":"https:\/\/www.generali.es\/blog\/tuasesorsalud\/#\/schema\/person\/image\/","url":"https:\/\/www.generali.es\/blog\/tuasesorsalud\/wp-content\/uploads\/2021\/11\/007marialopezpediatraretocadas2-150x150.jpg","contentUrl":"https:\/\/www.generali.es\/blog\/tuasesorsalud\/wp-content\/uploads\/2021\/11\/007marialopezpediatraretocadas2-150x150.jpg","caption":"Mar L\u00f3pez Sureda"},"description":"Especialista en pediatr\u00eda. M\u00e1ster en pediatr\u00eda de atenci\u00f3n primaria. M\u00e1ster en nutrici\u00f3n infantil.","sameAs":["https:\/\/marlopezpediatra.com\/"],"url":"https:\/\/www.generali.es\/blog\/tuasesorsalud\/author\/marlopezsureda\/"}]}},"_links":{"self":[{"href":"https:\/\/www.generali.es\/blog\/tuasesorsalud\/wp-json\/wp\/v2\/posts\/5608"}],"collection":[{"href":"https:\/\/www.generali.es\/blog\/tuasesorsalud\/wp-json\/wp\/v2\/posts"}],"about":[{"href":"https:\/\/www.generali.es\/blog\/tuasesorsalud\/wp-json\/wp\/v2\/types\/post"}],"author":[{"embeddable":true,"href":"https:\/\/www.generali.es\/blog\/tuasesorsalud\/wp-json\/wp\/v2\/users\/10"}],"replies":[{"embeddable":true,"href":"https:\/\/www.generali.es\/blog\/tuasesorsalud\/wp-json\/wp\/v2\/comments?post=5608"}],"version-history":[{"count":9,"href":"https:\/\/www.generali.es\/blog\/tuasesorsalud\/wp-json\/wp\/v2\/posts\/5608\/revisions"}],"predecessor-version":[{"id":5641,"href":"https:\/\/www.generali.es\/blog\/tuasesorsalud\/wp-json\/wp\/v2\/posts\/5608\/revisions\/5641"}],"wp:featuredmedia":[{"embeddable":true,"href":"https:\/\/www.generali.es\/blog\/tuasesorsalud\/wp-json\/wp\/v2\/media\/5615"}],"wp:attachment":[{"href":"https:\/\/www.generali.es\/blog\/tuasesorsalud\/wp-json\/wp\/v2\/media?parent=5608"}],"wp:term":[{"taxonomy":"category","embeddable":true,"href":"https:\/\/www.generali.es\/blog\/tuasesorsalud\/wp-json\/wp\/v2\/categories?post=5608"},{"taxonomy":"post_tag","embeddable":true,"href":"https:\/\/www.generali.es\/blog\/tuasesorsalud\/wp-json\/wp\/v2\/tags?post=5608"}],"curies":[{"name":"wp","href":"https:\/\/api.w.org\/{rel}","templated":true}]}}