{"id":5293,"date":"2022-12-15T18:26:29","date_gmt":"2022-12-15T17:26:29","guid":{"rendered":"https:\/\/www.generali.es\/blog\/tuasesorsalud\/?p=5293"},"modified":"2024-05-22T16:09:26","modified_gmt":"2024-05-22T14:09:26","slug":"autismo-bebes","status":"publish","type":"post","link":"https:\/\/www.generali.es\/blog\/tuasesorsalud\/autismo-bebes\/","title":{"rendered":"S\u00edntomas para detectar autismo en beb\u00e9s y comenzar su tratamiento"},"content":{"rendered":"\n<p>El autismo es una condici\u00f3n que <strong>afecta a la forma en que las personas se comunican e interact\u00faan<\/strong> con el mundo que les rodea.<\/p>\n\n\n\n<p>Aunque no hay dos personas con TEA iguales, ya que cada una tiene sus propios intereses, capacidades y necesidades, \u00e9stas pueden presentar una serie de <strong>s\u00edntomas comunes<\/strong>; como son las dificultades para comprender a los dem\u00e1s, expresarse o relacionarse, y los patrones repetitivos de comportamiento, intereses y actividades.<\/p>\n\n\n\n<p>Cuando hablamos de s\u00edntomas del autismo hay que recalcar tambi\u00e9n que estos pueden ser diferentes de una persona a otra en funci\u00f3n del <strong>grado del trastorno que presente.<\/strong><\/p>\n\n\n\n<p>Si hablamos del <strong>autismo en beb\u00e9s<\/strong>, algunos de los s\u00edntomas comunes incluyen la <strong>dificultad para establecer contacto visual<\/strong>, dificultad para <strong>imitar los gestos y movimientos de otras personas<\/strong>, para <strong>comprender y responder a los est\u00edmulos<\/strong> verbales y no verbales de su entorno y tambi\u00e9n para <strong>jugar con juguetes<\/strong> de forma t\u00edpica, o para regular sus emociones. \u00a1Te lo contamos con m\u00e1s detalle a continuaci\u00f3n!<\/p>\n\n\n\n<div id=\"ez-toc-container\" class=\"ez-toc-v2_0_22 counter-hierarchy counter-decimal\">\n<div class=\"ez-toc-title-container\">\n<p class=\"ez-toc-title\">&Iacute;ndice<\/p>\n<span class=\"ez-toc-title-toggle\"><a class=\"ez-toc-pull-right ez-toc-btn ez-toc-btn-xs ez-toc-btn-default ez-toc-toggle\" style=\"display: none;\"><i class=\"ez-toc-glyphicon ez-toc-icon-toggle\"><\/i><\/a><\/span><\/div>\n<nav><ul class=\"ez-toc-list ez-toc-list-level-1\"><li class=\"ez-toc-page-1 ez-toc-heading-level-2\"><a class=\"ez-toc-link ez-toc-heading-1\" href=\"https:\/\/www.generali.es\/blog\/tuasesorsalud\/autismo-bebes\/#%C2%BFQue_es_el_trastorno_del_espectro_del_autismo\" title=\"\u00bfQu\u00e9 es el trastorno del espectro del autismo?\">\u00bfQu\u00e9 es el trastorno del espectro del autismo?<\/a><\/li><li class=\"ez-toc-page-1 ez-toc-heading-level-2\"><a class=\"ez-toc-link ez-toc-heading-2\" href=\"https:\/\/www.generali.es\/blog\/tuasesorsalud\/autismo-bebes\/#%C2%BFPor_que_se_da_el_autismo_en_bebes\" title=\"\u00bfPor qu\u00e9 se da el autismo en beb\u00e9s?\">\u00bfPor qu\u00e9 se da el autismo en beb\u00e9s?<\/a><\/li><li class=\"ez-toc-page-1 ez-toc-heading-level-2\"><a class=\"ez-toc-link ez-toc-heading-3\" href=\"https:\/\/www.generali.es\/blog\/tuasesorsalud\/autismo-bebes\/#Signos_y_sintomas_para_identificar_el_autismo_temprano_en_bebes\" title=\"Signos y s\u00edntomas para identificar el autismo temprano en beb\u00e9s\">Signos y s\u00edntomas para identificar el autismo temprano en beb\u00e9s<\/a><ul class=\"ez-toc-list-level-3\"><li class=\"ez-toc-heading-level-3\"><a class=\"ez-toc-link ez-toc-heading-4\" href=\"https:\/\/www.generali.es\/blog\/tuasesorsalud\/autismo-bebes\/#%C2%BFPor_que_es_importante_identificar_los_sintomas_del_autismo_a_tiempo\" title=\"\u00bfPor qu\u00e9 es importante identificar los s\u00edntomas del autismo a tiempo?\">\u00bfPor qu\u00e9 es importante identificar los s\u00edntomas del autismo a tiempo?<\/a><\/li><li class=\"ez-toc-page-1 ez-toc-heading-level-3\"><a class=\"ez-toc-link ez-toc-heading-5\" href=\"https:\/\/www.generali.es\/blog\/tuasesorsalud\/autismo-bebes\/#%C2%BFPuede_desarrollarse_el_autismo_durante_el_embarazo\" title=\"\u00bfPuede desarrollarse el autismo durante el embarazo?\">\u00bfPuede desarrollarse el autismo durante el embarazo?<\/a><\/li><li class=\"ez-toc-page-1 ez-toc-heading-level-3\"><a class=\"ez-toc-link ez-toc-heading-6\" href=\"https:\/\/www.generali.es\/blog\/tuasesorsalud\/autismo-bebes\/#%C2%BFExiste_tratamiento_para_el_autismo\" title=\"\u00bfExiste tratamiento para el autismo?\">\u00bfExiste tratamiento para el autismo?<\/a><\/li><\/ul><\/li><li class=\"ez-toc-page-1 ez-toc-heading-level-2\"><a class=\"ez-toc-link ez-toc-heading-7\" href=\"https:\/\/www.generali.es\/blog\/tuasesorsalud\/autismo-bebes\/#%C2%BFQue_consecuencias_tiene_el_autismo_en_bebes\" title=\"\u00bfQu\u00e9 consecuencias tiene el autismo en beb\u00e9s?\">\u00bfQu\u00e9 consecuencias tiene el autismo en beb\u00e9s?<\/a><\/li><li class=\"ez-toc-page-1 ez-toc-heading-level-2\"><a class=\"ez-toc-link ez-toc-heading-8\" href=\"https:\/\/www.generali.es\/blog\/tuasesorsalud\/autismo-bebes\/#%C2%BFQue_debo_hacer_si_mi_bebe_tiene_autismo\" title=\"\u00bfQu\u00e9 debo hacer si mi beb\u00e9 tiene autismo?\">\u00bfQu\u00e9 debo hacer si mi beb\u00e9 tiene autismo?<\/a><\/li><li class=\"ez-toc-page-1 ez-toc-heading-level-2\"><a class=\"ez-toc-link ez-toc-heading-9\" href=\"https:\/\/www.generali.es\/blog\/tuasesorsalud\/autismo-bebes\/#Cuenta_con_el_apoyo_de_un_seguro_de_salud_como_GENERALI\" title=\"Cuenta con el apoyo de un seguro de salud como GENERALI\">Cuenta con el apoyo de un seguro de salud como GENERALI<\/a><\/li><\/ul><\/nav><\/div>\n<h2 class=\"wp-block-heading\"><span class=\"ez-toc-section\" id=\"%C2%BFQue_es_el_trastorno_del_espectro_del_autismo\"><\/span>\u00bfQu\u00e9 es el trastorno del espectro del autismo?<span class=\"ez-toc-section-end\"><\/span><\/h2>\n\n\n\n<p>El <strong>trastorno del espectro del autismo<\/strong> (TEA) es una condici\u00f3n de origen neurobiol\u00f3gico que afecta al sistema nervioso y al funcionamiento del cerebro y que acompa\u00f1a a la persona que lo presenta a lo largo de su vida.<\/p>\n\n\n\n<p>Los s\u00edntomas del TEA y su intensidad pueden variar en gran medida de una persona a otra, por lo que se dice que el autismo tiene un <strong>espectro de severidad amplio<\/strong>.<\/p>\n\n\n\n<p>Afecta aproximadamente a <strong>1 de cada 100 personas<\/strong> en todo el mundo y puede aparecer en individuos de cualquier edad, raza o g\u00e9nero.<\/p>\n\n\n\n<p>Los primeros signos del autismo suelen aparecer durante los <strong>primeros tres a\u00f1os de vida<\/strong>, y el tratamiento temprano puede ser muy efectivo para ayudar a las personas con TEA a desarrollarse y alcanzar una vida plena.<\/p>\n\n\n\n<p>Por lo que si sospechas que <strong>tu beb\u00e9 puede tener autismo<\/strong> es importante que hables con su pediatra para obtener un diagn\u00f3stico y comenzar el tratamiento lo antes posible.<\/p>\n\n\n\n<p><strong>\ud83d\udc49<\/strong><strong>Descubre<\/strong>: <a href=\"https:\/\/www.generali.es\/blog\/tuasesorsalud\/enfermedades-comunes-bebes-primer-ano\/\">Gu\u00eda de enfermedades m\u00e1s comunes en beb\u00e9s y ni\u00f1os<\/a><\/p>\n\n\n\n<h2 class=\"wp-block-heading\"><span class=\"ez-toc-section\" id=\"%C2%BFPor_que_se_da_el_autismo_en_bebes\"><\/span>\u00bfPor qu\u00e9 se da el autismo en beb\u00e9s?<span class=\"ez-toc-section-end\"><\/span><\/h2>\n\n\n\n<p>Se cree que el autismo se debe a una <strong>combinaci\u00f3n de factores gen\u00e9ticos y ambientales<\/strong>, pero a\u00fan no se conoce exactamente qu\u00e9 causa este trastorno. Los investigadores est\u00e1n trabajando para entender mejor los mecanismos subyacentes al autismo y desarrollar tratamientos m\u00e1s efectivos.<\/p>\n\n\n\n<h2 class=\"wp-block-heading\"><span class=\"ez-toc-section\" id=\"Signos_y_sintomas_para_identificar_el_autismo_temprano_en_bebes\"><\/span>Signos y s\u00edntomas para identificar el autismo temprano en beb\u00e9s<span class=\"ez-toc-section-end\"><\/span><\/h2>\n\n\n\n<p>El autismo no va asociado a ning\u00fan rasgo f\u00edsico diferenciador, generalmente se manifiesta a trav\u00e9s de las <strong>competencias cognitivas y comportamiento de la persona.<\/strong><\/p>\n\n\n\n<p>Algunos de los indicadores de autismo en un beb\u00e9 pueden ser observados desde muy temprana edad. Estos posibles s\u00edntomas de autismo en beb\u00e9s son:<\/p>\n\n\n\n<ul>\n<li>Dificultad para <strong>establecer contacto visual<\/strong> y seguir con la mirada a otras personas<\/li>\n\n\n\n<li>Dificultad para <strong>imitar los gestos y movimientos<\/strong> de otras personas<\/li>\n\n\n\n<li>Dificultad para <strong>comprender y responder a los est\u00edmulos<\/strong> verbales y no verbales del entorno<\/li>\n\n\n\n<li>Dificultad para <strong>jugar con juguetes<\/strong> de forma t\u00edpica<\/li>\n\n\n\n<li>Dificultad para <strong>regular sus emociones y mostrar afecto<\/strong> hacia los dem\u00e1s<\/li>\n\n\n\n<li><strong>Comportamientos repetitivos<\/strong>, como balancearse o moverse de forma r\u00edtmica<\/li>\n\n\n\n<li><strong>Intereses muy intensos<\/strong> en ciertos temas o actividades<\/li>\n<\/ul>\n\n\n\n<h3 class=\"wp-block-heading\"><span class=\"ez-toc-section\" id=\"%C2%BFPor_que_es_importante_identificar_los_sintomas_del_autismo_a_tiempo\"><\/span>\u00bfPor qu\u00e9 es importante identificar los s\u00edntomas del autismo a tiempo?<span class=\"ez-toc-section-end\"><\/span><\/h3>\n\n\n\n<p>Es importante identificar el autismo lo antes posible, ya que <strong>el tratamiento temprano puede mejorar significativamente el desarrollo y la calidad de vida<\/strong> de las personas que lo presentan. Cuanto antes se detecte y se comience el tratamiento, m\u00e1s oportunidades tendr\u00e1 el ni\u00f1o de desarrollar sus habilidades y de aprender a comunicarse y relacionarse con su entorno.<\/p>\n\n\n\n<p>El tratamiento temprano puede ayudar a <strong>prevenir posibles complicaciones<\/strong> relacionadas con el autismo, como las <strong>dificultades en la comunicaci\u00f3n y en la interacci\u00f3n social<\/strong>. Por esta raz\u00f3n, es importante estar atento a los posibles s\u00edntomas en tu beb\u00e9 y <strong>hablar con un profesional de la salud<\/strong>.<\/p>\n\n\n\n<h3 class=\"wp-block-heading\"><span class=\"ez-toc-section\" id=\"%C2%BFPuede_desarrollarse_el_autismo_durante_el_embarazo\"><\/span>\u00bfPuede desarrollarse el autismo durante el embarazo?<span class=\"ez-toc-section-end\"><\/span><\/h3>\n\n\n\n<p>Aunque existen estudios que apuntan a que el autismo comienza a desarrollarse en el beb\u00e9 durante el embarazo a\u00fan no han sido demostrados.&nbsp; Sin embargo, es importante recordar que el autismo es una condici\u00f3n compleja que <strong>no se puede atribuir a una sola causa<\/strong>.<\/p>\n\n\n\n<p>Si te preocupa el desarrollo de tu beb\u00e9, es importante que hables con el pediatra o profesional de la salud para obtener m\u00e1s informaci\u00f3n y asesoramiento.<\/p>\n\n\n\n<p><strong>\ud83d\udc49 <\/strong><strong>Te puede interesar<\/strong>:&nbsp;<a href=\"https:\/\/www.generali.es\/blog\/tuasesorsalud\/tratar-dermatitis-atopica-bebes\/\" target=\"_blank\" rel=\"noreferrer noopener\">C\u00f3mo detectar y tratar la dermatitis at\u00f3pica en beb\u00e9s<\/a><\/p>\n\n\n\n<h3 class=\"wp-block-heading\"><span class=\"ez-toc-section\" id=\"%C2%BFExiste_tratamiento_para_el_autismo\"><\/span>\u00bfExiste tratamiento para el autismo?<span class=\"ez-toc-section-end\"><\/span><\/h3>\n\n\n\n<p>S\u00ed, existen tratamientos que pueden ayudar a mejorar el desarrollo y la calidad de vida de las personas con autismo. Este tratamiento puede incluir terapias especializadas, como la <strong>terapia ocupacional, la terapia f\u00edsica y la terapia del habla<\/strong>, as\u00ed como medicamentos para tratar s\u00edntomas como la hiperactividad, la ansiedad o la depresi\u00f3n.<\/p>\n\n\n\n<p>El tratamiento del autismo tambi\u00e9n puede incluir <strong>apoyos educativos y sociales<\/strong>, como la educaci\u00f3n especial y el apoyo en el entorno familiar y comunitario. Cada persona con autismo es \u00fanica y <strong>su tratamiento ser\u00e1 dise\u00f1ado de acuerdo a sus necesidades individuales<\/strong>.<\/p>\n\n\n\n<h2 class=\"wp-block-heading\"><span class=\"ez-toc-section\" id=\"%C2%BFQue_consecuencias_tiene_el_autismo_en_bebes\"><\/span>\u00bfQu\u00e9 consecuencias tiene el autismo en beb\u00e9s?<span class=\"ez-toc-section-end\"><\/span><\/h2>\n\n\n\n<p>El autismo puede tener una serie de implicaciones en el desarrollo y la calidad de vida de los beb\u00e9s. \u00c9ste puede afectar a su capacidad para comunicarse y relacionarse con el entorno, lo que puede dificultar su desarrollo social y emocional.<\/p>\n\n\n\n<p>Los beb\u00e9s con autismo tambi\u00e9n pueden tener dificultades para jugar y explorar su entorno de forma t\u00edpica, lo que <strong>puede afectar a su desarrollo cognitivo y motor<\/strong>. Adem\u00e1s, puede causar dificultades en la regulaci\u00f3n emocional, que pueden conducir a comportamientos repetitivos o a <strong>retraimiento social<\/strong>.<\/p>\n\n\n\n<h2 class=\"wp-block-heading\"><span class=\"ez-toc-section\" id=\"%C2%BFQue_debo_hacer_si_mi_bebe_tiene_autismo\"><\/span>\u00bfQu\u00e9 debo hacer si mi beb\u00e9 tiene autismo?<span class=\"ez-toc-section-end\"><\/span><\/h2>\n\n\n\n<p>Si sospechas que tu beb\u00e9 tiene autismo, <strong>es importante que hables con su pediatra para obtener un diagn\u00f3stico<\/strong> y comenzar el tratamiento lo antes posible. El pediatra puede realizar una evaluaci\u00f3n detallada para determinar si el beb\u00e9 tiene autismo y, si es as\u00ed, puede recomendar tratamientos y terapias especializadas para ayudarle a desarrollarse y mejorar su calidad de vida.<\/p>\n\n\n\n<p>Adem\u00e1s, el pediatra puede <strong>ofrecerte apoyo y consejos para convivir con el autismo en el hogar<\/strong> y en la comunidad. Tambi\u00e9n puede ser muy \u00fatil ponerte en contacto con <strong>asociaciones de familiares de personas con TEA<\/strong> ya que \u00e9stas pueden ofrecerte informaci\u00f3n valiosa y apoyo emocional durante el proceso.<\/p>\n\n\n\n<p><strong>\ud83d\udc49<\/strong><strong> &nbsp;Quiz\u00e1s te resulte \u00fatil<\/strong>: <a href=\"https:\/\/www.generali.es\/blog\/tuasesorsalud\/ejercicios-estimulacion-temprana-bebes\/\">Ejercicios de estimulaci\u00f3n temprana para beb\u00e9s de 0-12 meses<\/a><\/p>\n\n\n\n<p>En conclusi\u00f3n, es importante que al observar posibles s\u00edntomas de TEA en tu beb\u00e9 <strong>no te precipites en un diagn\u00f3stico<\/strong>, los pediatras y profesionales sanitarios est\u00e1n capacitados para evaluar los s\u00edntomas y en tal caso, plantear a las familias la posibilidad de derivarlos a atenci\u00f3n especializada para hacer los estudios pertinentes.<\/p>\n\n\n\n<h2 class=\"wp-block-heading\"><span class=\"ez-toc-section\" id=\"Cuenta_con_el_apoyo_de_un_seguro_de_salud_como_GENERALI\"><\/span>Cuenta con el apoyo de un seguro de salud como GENERALI<span class=\"ez-toc-section-end\"><\/span><\/h2>\n\n\n\n<p>Si tu beb\u00e9 ha recibido el diagn\u00f3stico de un trastorno del espectro del autismo, es importante que teng\u00e1is en cuenta que est\u00e1is comenzando una \u00ab<strong>carrera de fondo<\/strong>\u00ab.<\/p>\n\n\n\n<p>Este es un viaje en el que habr\u00e1 momentos malos, pero tambi\u00e9n momentos buenos y gratificantes. No hay curas milagrosas para el autismo, lo importante es empezar a trabajar con el ni\u00f1o y con la familia, reconducir la crianza, conocer trucos y estrategias para una feliz convivencia y aprender juntos en el camino.<\/p>\n\n\n\n<p>Es siempre recomendable contar con el <strong>apoyo de un<\/strong> <strong>programa especializado<\/strong> para garantizar un buen tratamiento del trastorno del espectro del autismo (TEA). Los <a href=\"https:\/\/www.generali.es\/seguros-particulares\/salud\">Seguros de Salud de GENERALI<\/a> ofrecen un <strong>programa de seguimiento personalizado con acceso a todo tipo de especialistas en pediatr\u00eda<\/strong>, <strong>logopedia, fisioterapia o psicolog\u00eda infantil, \u00a1y sin esperas!<\/strong><\/p>\n\n\n\n<p>Si deseas m\u00e1s informaci\u00f3n, no dudes en consultarnos sin compromiso.<\/p>\n\n\n\n<script type=\"application\/ld+json\">{\"@context\":\"https:\/\/schema.org\",\"@type\":\"FAQPage\",\"mainEntity\":[{\"@type\":\"Question\",\"name\":\"\u00bfPor qu\u00e9 se da el autismo en beb\u00e9s?\",\"acceptedAnswer\":{\"@type\":\"Answer\",\"text\":\"Se cree que el autismo se debe a una combinaci\u00f3n de factores gen\u00e9ticos y ambientales, pero a\u00fan no se conoce exactamente qu\u00e9 causa este trastorno. Los investigadores est\u00e1n trabajando para entender mejor los mecanismos subyacentes al autismo y desarrollar tratamientos m\u00e1s efectivos.\"}},{\"@type\":\"Question\",\"name\":\"\u00bfPor qu\u00e9 es importante identificar los s\u00edntomas del autismo a tiempo?\",\"acceptedAnswer\":{\"@type\":\"Answer\",\"text\":\"Es importante identificar el autismo lo antes posible, ya que el tratamiento temprano puede mejorar significativamente el desarrollo y la calidad de vida de las personas que lo presentan. Cuanto antes se detecte y se comience el tratamiento, m\u00e1s oportunidades tendr\u00e1 el ni\u00f1o de desarrollar sus habilidades y de aprender a comunicarse y relacionarse con su entorno. \\n\\nEl tratamiento temprano puede ayudar a prevenir posibles complicaciones relacionadas con el autismo, como las dificultades en la comunicaci\u00f3n y en la interacci\u00f3n social. Por esta raz\u00f3n, es importante estar atento a los posibles s\u00edntomas en tu beb\u00e9 y hablar con un profesional de la salud.\"}},{\"@type\":\"Question\",\"name\":\"\u00bfPuede desarrollarse el autismo durante el embarazo?\",\"acceptedAnswer\":{\"@type\":\"Answer\",\"text\":\"Aunque existen estudios que apuntan a que el autismo comienza a desarrollarse en el beb\u00e9 durante el embarazo a\u00fan no han sido demostrados.  Sin embargo, es importante recordar que el autismo es una condici\u00f3n compleja que no se puede atribuir a una sola causa. \\n\\nSi te preocupa el desarrollo de tu beb\u00e9, es importante que hables con el pediatra o profesional de la salud para obtener m\u00e1s informaci\u00f3n y asesoramiento.\"}},{\"@type\":\"Question\",\"name\":\"\u00bfQu\u00e9 consecuencias tiene el autismo en beb\u00e9s?\",\"acceptedAnswer\":{\"@type\":\"Answer\",\"text\":\"El autismo puede tener una serie de implicaciones en el desarrollo y la calidad de vida de los beb\u00e9s. \u00c9ste puede afectar a su capacidad para comunicarse y relacionarse con el entorno, lo que puede dificultar su desarrollo social y emocional. \\n\\nLos beb\u00e9s con autismo tambi\u00e9n pueden tener dificultades para jugar y explorar su entorno de forma t\u00edpica, lo que puede afectar a su desarrollo cognitivo y motor. Adem\u00e1s, puede causar dificultades en la regulaci\u00f3n emocional, que pueden conducir a comportamientos repetitivos o a retraimiento social. \"}},{\"@type\":\"Question\",\"name\":\"\u00bfQu\u00e9 debo hacer si mi beb\u00e9 tiene autismo?\",\"acceptedAnswer\":{\"@type\":\"Answer\",\"text\":\"Si sospechas que tu beb\u00e9 tiene autismo, es importante que hables con su pediatra para obtener un diagn\u00f3stico y comenzar el tratamiento lo antes posible. El pediatra puede realizar una evaluaci\u00f3n detallada para determinar si el beb\u00e9 tiene autismo y, si es as\u00ed, puede recomendar tratamientos y terapias especializadas para ayudarle a desarrollarse y mejorar su calidad de vida. \\nAdem\u00e1s, el pediatra puede ofrecerte apoyo y consejos para convivir con el autismo en el hogar y en la comunidad. Tambi\u00e9n puede ser muy \u00fatil ponerte en contacto con asociaciones de familiares de personas con TEA ya que \u00e9stas pueden ofrecerte informaci\u00f3n valiosa y apoyo emocional durante el proceso.\"}}]}<\/script>\n","protected":false},"excerpt":{"rendered":"<p>El autismo es una condici\u00f3n que afecta a la forma en que las personas se comunican e interact\u00faan con el mundo que les rodea. Aunque no hay dos personas con TEA iguales, ya que cada una tiene sus propios intereses, capacidades y necesidades, \u00e9stas pueden presentar una serie de s\u00edntomas comunes; como son las dificultades [&hellip;]<\/p>\n","protected":false},"author":10,"featured_media":5302,"comment_status":"open","ping_status":"open","sticky":false,"template":"","format":"standard","meta":{"footnotes":""},"categories":[3],"tags":[],"yoast_head":"<!-- This site is optimized with the Yoast SEO plugin v21.6 - https:\/\/yoast.com\/wordpress\/plugins\/seo\/ -->\n<title>Autismo en Beb\u00e9s: S\u00edntomas para Detectarlo y Tratamiento<\/title>\n<meta name=\"description\" content=\"Es muy Importante Identificar con tiempo el Autismo en Beb\u00e9s para Reducir las Consecuencias \u261d desde la Infancia \u00bfCu\u00e1les son las Se\u00f1ales \u26a0\ufe0f y Tratamiento?\" \/>\n<meta name=\"robots\" content=\"index, follow, max-snippet:-1, max-image-preview:large, max-video-preview:-1\" \/>\n<link rel=\"canonical\" href=\"https:\/\/www.generali.es\/blog\/tuasesorsalud\/autismo-bebes\/\" \/>\n<meta name=\"twitter:label1\" content=\"Escrito por\" \/>\n\t<meta name=\"twitter:data1\" content=\"Mar L\u00f3pez Sureda\" \/>\n\t<meta name=\"twitter:label2\" content=\"Tiempo de lectura\" \/>\n\t<meta name=\"twitter:data2\" content=\"6 minutos\" \/>\n<script type=\"application\/ld+json\" class=\"yoast-schema-graph\">{\"@context\":\"https:\/\/schema.org\",\"@graph\":[{\"@type\":\"Article\",\"@id\":\"https:\/\/www.generali.es\/blog\/tuasesorsalud\/autismo-bebes\/#article\",\"isPartOf\":{\"@id\":\"https:\/\/www.generali.es\/blog\/tuasesorsalud\/autismo-bebes\/\"},\"author\":{\"name\":\"Mar L\u00f3pez Sureda\",\"@id\":\"https:\/\/www.generali.es\/blog\/tuasesorsalud\/#\/schema\/person\/b1698a2c5ded73c31f54a7d35b8e2449\"},\"headline\":\"S\u00edntomas para detectar autismo en beb\u00e9s y comenzar su tratamiento\",\"datePublished\":\"2022-12-15T17:26:29+00:00\",\"dateModified\":\"2024-05-22T14:09:26+00:00\",\"mainEntityOfPage\":{\"@id\":\"https:\/\/www.generali.es\/blog\/tuasesorsalud\/autismo-bebes\/\"},\"wordCount\":1352,\"commentCount\":0,\"publisher\":{\"@id\":\"https:\/\/www.generali.es\/blog\/tuasesorsalud\/#organization\"},\"articleSection\":[\"Salud\"],\"inLanguage\":\"es\",\"potentialAction\":[{\"@type\":\"CommentAction\",\"name\":\"Comment\",\"target\":[\"https:\/\/www.generali.es\/blog\/tuasesorsalud\/autismo-bebes\/#respond\"]}]},{\"@type\":\"WebPage\",\"@id\":\"https:\/\/www.generali.es\/blog\/tuasesorsalud\/autismo-bebes\/\",\"url\":\"https:\/\/www.generali.es\/blog\/tuasesorsalud\/autismo-bebes\/\",\"name\":\"Autismo en Beb\u00e9s: S\u00edntomas para Detectarlo y Tratamiento\",\"isPartOf\":{\"@id\":\"https:\/\/www.generali.es\/blog\/tuasesorsalud\/#website\"},\"datePublished\":\"2022-12-15T17:26:29+00:00\",\"dateModified\":\"2024-05-22T14:09:26+00:00\",\"description\":\"Es muy Importante Identificar con tiempo el Autismo en Beb\u00e9s para Reducir las Consecuencias \u261d desde la Infancia \u00bfCu\u00e1les son las Se\u00f1ales \u26a0\ufe0f y Tratamiento?\",\"breadcrumb\":{\"@id\":\"https:\/\/www.generali.es\/blog\/tuasesorsalud\/autismo-bebes\/#breadcrumb\"},\"inLanguage\":\"es\",\"potentialAction\":[{\"@type\":\"ReadAction\",\"target\":[\"https:\/\/www.generali.es\/blog\/tuasesorsalud\/autismo-bebes\/\"]}]},{\"@type\":\"BreadcrumbList\",\"@id\":\"https:\/\/www.generali.es\/blog\/tuasesorsalud\/autismo-bebes\/#breadcrumb\",\"itemListElement\":[{\"@type\":\"ListItem\",\"position\":1,\"name\":\"Home\",\"item\":\"https:\/\/www.generali.es\/blog\/tuasesorsalud\/\"},{\"@type\":\"ListItem\",\"position\":2,\"name\":\"Salud\",\"item\":\"https:\/\/www.generali.es\/blog\/tuasesorsalud\/salud\/\"},{\"@type\":\"ListItem\",\"position\":3,\"name\":\"S\u00edntomas para detectar autismo en beb\u00e9s y comenzar su tratamiento\"}]},{\"@type\":\"WebSite\",\"@id\":\"https:\/\/www.generali.es\/blog\/tuasesorsalud\/#website\",\"url\":\"https:\/\/www.generali.es\/blog\/tuasesorsalud\/\",\"name\":\"Tu Asesor de Salud\",\"description\":\"Blog de Salud de GENERALI\",\"publisher\":{\"@id\":\"https:\/\/www.generali.es\/blog\/tuasesorsalud\/#organization\"},\"potentialAction\":[{\"@type\":\"SearchAction\",\"target\":{\"@type\":\"EntryPoint\",\"urlTemplate\":\"https:\/\/www.generali.es\/blog\/tuasesorsalud\/?s={search_term_string}\"},\"query-input\":\"required name=search_term_string\"}],\"inLanguage\":\"es\"},{\"@type\":\"Organization\",\"@id\":\"https:\/\/www.generali.es\/blog\/tuasesorsalud\/#organization\",\"name\":\"Tu Asesor de Salud\",\"url\":\"https:\/\/www.generali.es\/blog\/tuasesorsalud\/\",\"logo\":{\"@type\":\"ImageObject\",\"inLanguage\":\"es\",\"@id\":\"https:\/\/www.generali.es\/blog\/tuasesorsalud\/#\/schema\/logo\/image\/\",\"url\":\"https:\/\/www.generali.es\/blog\/tuasesorsalud\/wp-content\/uploads\/2021\/04\/generali.png\",\"contentUrl\":\"https:\/\/www.generali.es\/blog\/tuasesorsalud\/wp-content\/uploads\/2021\/04\/generali.png\",\"width\":100,\"height\":81,\"caption\":\"Tu Asesor de Salud\"},\"image\":{\"@id\":\"https:\/\/www.generali.es\/blog\/tuasesorsalud\/#\/schema\/logo\/image\/\"}},{\"@type\":\"Person\",\"@id\":\"https:\/\/www.generali.es\/blog\/tuasesorsalud\/#\/schema\/person\/b1698a2c5ded73c31f54a7d35b8e2449\",\"name\":\"Mar L\u00f3pez Sureda\",\"image\":{\"@type\":\"ImageObject\",\"inLanguage\":\"es\",\"@id\":\"https:\/\/www.generali.es\/blog\/tuasesorsalud\/#\/schema\/person\/image\/\",\"url\":\"https:\/\/www.generali.es\/blog\/tuasesorsalud\/wp-content\/uploads\/2021\/11\/007marialopezpediatraretocadas2-150x150.jpg\",\"contentUrl\":\"https:\/\/www.generali.es\/blog\/tuasesorsalud\/wp-content\/uploads\/2021\/11\/007marialopezpediatraretocadas2-150x150.jpg\",\"caption\":\"Mar L\u00f3pez Sureda\"},\"description\":\"Especialista en pediatr\u00eda. M\u00e1ster en pediatr\u00eda de atenci\u00f3n primaria. M\u00e1ster en nutrici\u00f3n infantil.\",\"sameAs\":[\"https:\/\/marlopezpediatra.com\/\"],\"url\":\"https:\/\/www.generali.es\/blog\/tuasesorsalud\/author\/marlopezsureda\/\"}]}<\/script>\n<!-- \/ Yoast SEO plugin. -->","yoast_head_json":{"title":"Autismo en Beb\u00e9s: S\u00edntomas para Detectarlo y Tratamiento","description":"Es muy Importante Identificar con tiempo el Autismo en Beb\u00e9s para Reducir las Consecuencias \u261d desde la Infancia \u00bfCu\u00e1les son las Se\u00f1ales \u26a0\ufe0f y Tratamiento?","robots":{"index":"index","follow":"follow","max-snippet":"max-snippet:-1","max-image-preview":"max-image-preview:large","max-video-preview":"max-video-preview:-1"},"canonical":"https:\/\/www.generali.es\/blog\/tuasesorsalud\/autismo-bebes\/","twitter_misc":{"Escrito por":"Mar L\u00f3pez Sureda","Tiempo de lectura":"6 minutos"},"schema":{"@context":"https:\/\/schema.org","@graph":[{"@type":"Article","@id":"https:\/\/www.generali.es\/blog\/tuasesorsalud\/autismo-bebes\/#article","isPartOf":{"@id":"https:\/\/www.generali.es\/blog\/tuasesorsalud\/autismo-bebes\/"},"author":{"name":"Mar L\u00f3pez Sureda","@id":"https:\/\/www.generali.es\/blog\/tuasesorsalud\/#\/schema\/person\/b1698a2c5ded73c31f54a7d35b8e2449"},"headline":"S\u00edntomas para detectar autismo en beb\u00e9s y comenzar su tratamiento","datePublished":"2022-12-15T17:26:29+00:00","dateModified":"2024-05-22T14:09:26+00:00","mainEntityOfPage":{"@id":"https:\/\/www.generali.es\/blog\/tuasesorsalud\/autismo-bebes\/"},"wordCount":1352,"commentCount":0,"publisher":{"@id":"https:\/\/www.generali.es\/blog\/tuasesorsalud\/#organization"},"articleSection":["Salud"],"inLanguage":"es","potentialAction":[{"@type":"CommentAction","name":"Comment","target":["https:\/\/www.generali.es\/blog\/tuasesorsalud\/autismo-bebes\/#respond"]}]},{"@type":"WebPage","@id":"https:\/\/www.generali.es\/blog\/tuasesorsalud\/autismo-bebes\/","url":"https:\/\/www.generali.es\/blog\/tuasesorsalud\/autismo-bebes\/","name":"Autismo en Beb\u00e9s: S\u00edntomas para Detectarlo y Tratamiento","isPartOf":{"@id":"https:\/\/www.generali.es\/blog\/tuasesorsalud\/#website"},"datePublished":"2022-12-15T17:26:29+00:00","dateModified":"2024-05-22T14:09:26+00:00","description":"Es muy Importante Identificar con tiempo el Autismo en Beb\u00e9s para Reducir las Consecuencias \u261d desde la Infancia \u00bfCu\u00e1les son las Se\u00f1ales \u26a0\ufe0f y Tratamiento?","breadcrumb":{"@id":"https:\/\/www.generali.es\/blog\/tuasesorsalud\/autismo-bebes\/#breadcrumb"},"inLanguage":"es","potentialAction":[{"@type":"ReadAction","target":["https:\/\/www.generali.es\/blog\/tuasesorsalud\/autismo-bebes\/"]}]},{"@type":"BreadcrumbList","@id":"https:\/\/www.generali.es\/blog\/tuasesorsalud\/autismo-bebes\/#breadcrumb","itemListElement":[{"@type":"ListItem","position":1,"name":"Home","item":"https:\/\/www.generali.es\/blog\/tuasesorsalud\/"},{"@type":"ListItem","position":2,"name":"Salud","item":"https:\/\/www.generali.es\/blog\/tuasesorsalud\/salud\/"},{"@type":"ListItem","position":3,"name":"S\u00edntomas para detectar autismo en beb\u00e9s y comenzar su tratamiento"}]},{"@type":"WebSite","@id":"https:\/\/www.generali.es\/blog\/tuasesorsalud\/#website","url":"https:\/\/www.generali.es\/blog\/tuasesorsalud\/","name":"Tu Asesor de Salud","description":"Blog de Salud de GENERALI","publisher":{"@id":"https:\/\/www.generali.es\/blog\/tuasesorsalud\/#organization"},"potentialAction":[{"@type":"SearchAction","target":{"@type":"EntryPoint","urlTemplate":"https:\/\/www.generali.es\/blog\/tuasesorsalud\/?s={search_term_string}"},"query-input":"required name=search_term_string"}],"inLanguage":"es"},{"@type":"Organization","@id":"https:\/\/www.generali.es\/blog\/tuasesorsalud\/#organization","name":"Tu Asesor de Salud","url":"https:\/\/www.generali.es\/blog\/tuasesorsalud\/","logo":{"@type":"ImageObject","inLanguage":"es","@id":"https:\/\/www.generali.es\/blog\/tuasesorsalud\/#\/schema\/logo\/image\/","url":"https:\/\/www.generali.es\/blog\/tuasesorsalud\/wp-content\/uploads\/2021\/04\/generali.png","contentUrl":"https:\/\/www.generali.es\/blog\/tuasesorsalud\/wp-content\/uploads\/2021\/04\/generali.png","width":100,"height":81,"caption":"Tu Asesor de Salud"},"image":{"@id":"https:\/\/www.generali.es\/blog\/tuasesorsalud\/#\/schema\/logo\/image\/"}},{"@type":"Person","@id":"https:\/\/www.generali.es\/blog\/tuasesorsalud\/#\/schema\/person\/b1698a2c5ded73c31f54a7d35b8e2449","name":"Mar L\u00f3pez Sureda","image":{"@type":"ImageObject","inLanguage":"es","@id":"https:\/\/www.generali.es\/blog\/tuasesorsalud\/#\/schema\/person\/image\/","url":"https:\/\/www.generali.es\/blog\/tuasesorsalud\/wp-content\/uploads\/2021\/11\/007marialopezpediatraretocadas2-150x150.jpg","contentUrl":"https:\/\/www.generali.es\/blog\/tuasesorsalud\/wp-content\/uploads\/2021\/11\/007marialopezpediatraretocadas2-150x150.jpg","caption":"Mar L\u00f3pez Sureda"},"description":"Especialista en pediatr\u00eda. M\u00e1ster en pediatr\u00eda de atenci\u00f3n primaria. M\u00e1ster en nutrici\u00f3n infantil.","sameAs":["https:\/\/marlopezpediatra.com\/"],"url":"https:\/\/www.generali.es\/blog\/tuasesorsalud\/author\/marlopezsureda\/"}]}},"_links":{"self":[{"href":"https:\/\/www.generali.es\/blog\/tuasesorsalud\/wp-json\/wp\/v2\/posts\/5293"}],"collection":[{"href":"https:\/\/www.generali.es\/blog\/tuasesorsalud\/wp-json\/wp\/v2\/posts"}],"about":[{"href":"https:\/\/www.generali.es\/blog\/tuasesorsalud\/wp-json\/wp\/v2\/types\/post"}],"author":[{"embeddable":true,"href":"https:\/\/www.generali.es\/blog\/tuasesorsalud\/wp-json\/wp\/v2\/users\/10"}],"replies":[{"embeddable":true,"href":"https:\/\/www.generali.es\/blog\/tuasesorsalud\/wp-json\/wp\/v2\/comments?post=5293"}],"version-history":[{"count":13,"href":"https:\/\/www.generali.es\/blog\/tuasesorsalud\/wp-json\/wp\/v2\/posts\/5293\/revisions"}],"predecessor-version":[{"id":5573,"href":"https:\/\/www.generali.es\/blog\/tuasesorsalud\/wp-json\/wp\/v2\/posts\/5293\/revisions\/5573"}],"wp:featuredmedia":[{"embeddable":true,"href":"https:\/\/www.generali.es\/blog\/tuasesorsalud\/wp-json\/wp\/v2\/media\/5302"}],"wp:attachment":[{"href":"https:\/\/www.generali.es\/blog\/tuasesorsalud\/wp-json\/wp\/v2\/media?parent=5293"}],"wp:term":[{"taxonomy":"category","embeddable":true,"href":"https:\/\/www.generali.es\/blog\/tuasesorsalud\/wp-json\/wp\/v2\/categories?post=5293"},{"taxonomy":"post_tag","embeddable":true,"href":"https:\/\/www.generali.es\/blog\/tuasesorsalud\/wp-json\/wp\/v2\/tags?post=5293"}],"curies":[{"name":"wp","href":"https:\/\/api.w.org\/{rel}","templated":true}]}}