{"id":485,"date":"2018-11-27T10:11:48","date_gmt":"2018-11-27T09:11:48","guid":{"rendered":"https:\/\/www.generali.es\/blog\/tuasesorsalud\/?p=485"},"modified":"2021-12-16T16:21:04","modified_gmt":"2021-12-16T15:21:04","slug":"todo-lo-que-los-padres-necesitan-saber-sobre-la-varicela","status":"publish","type":"post","link":"https:\/\/www.generali.es\/blog\/tuasesorsalud\/todo-lo-que-los-padres-necesitan-saber-sobre-la-varicela\/","title":{"rendered":"Todo lo que los padres necesitan saber sobre la Varicela"},"content":{"rendered":"\n<p>La varicela es <strong>una de las infecciones m\u00e1s comunes en los ni\u00f1os<\/strong> de todo el mundo y, casi siempre, es inofensiva para los m\u00e1s peque\u00f1os. Pero \u00a1es l\u00f3gico que los padres se preocupen! Esta \u00fatil infograf\u00eda analiza las claves y la informaci\u00f3n sobre la varicela en todo el mundo.&nbsp;<\/p>\n\n\n\n<p><img decoding=\"async\" src=\"https:\/\/www.generali.es\/blog\/tuasesorsalud\/wp-content\/uploads\/2020\/07\/consejos-varicela-538x1024.jpg\" alt=\"consejos-varicela\" width=\"100%\" class=\"wp-image-488\" srcset=\"https:\/\/www.generali.es\/blog\/tuasesorsalud\/wp-content\/uploads\/2020\/07\/consejos-varicela-538x1024.jpg 538w, https:\/\/www.generali.es\/blog\/tuasesorsalud\/wp-content\/uploads\/2020\/07\/consejos-varicela-157x300.jpg 157w, https:\/\/www.generali.es\/blog\/tuasesorsalud\/wp-content\/uploads\/2020\/07\/consejos-varicela-768x1463.jpg 768w, https:\/\/www.generali.es\/blog\/tuasesorsalud\/wp-content\/uploads\/2020\/07\/consejos-varicela-806x1536.jpg 806w, https:\/\/www.generali.es\/blog\/tuasesorsalud\/wp-content\/uploads\/2020\/07\/consejos-varicela-1075x2048.jpg 1075w, https:\/\/www.generali.es\/blog\/tuasesorsalud\/wp-content\/uploads\/2020\/07\/consejos-varicela-scaled.jpg 1344w\" sizes=\"(max-width: 538px) 100vw, 538px\" \/><\/p>\n\n\n\n<img loading=\"lazy\" decoding=\"async\" src=\"https:\/\/pixel.newscred.com\/px.gif?key=YXJ0aWNsZT1jNTVjYWU2MTgwYjIzZjdjMjFmMjgxMzBlZWFiMDk0NA==\" alt=\"\" height=\"1\" width=\"1\" class=\"nc_pixel\">\n","protected":false},"excerpt":{"rendered":"<p>La varicela es una de las infecciones m\u00e1s comunes en los ni\u00f1os de todo el mundo y, casi siempre, es inofensiva para los m\u00e1s peque\u00f1os. Pero \u00a1es l\u00f3gico que los padres se preocupen! Esta \u00fatil infograf\u00eda analiza las claves y la informaci\u00f3n sobre la varicela en todo el mundo.&nbsp;<\/p>\n","protected":false},"author":1,"featured_media":486,"comment_status":"open","ping_status":"open","sticky":false,"template":"","format":"standard","meta":{"footnotes":""},"categories":[3],"tags":[],"yoast_head":"<!-- This site is optimized with the Yoast SEO plugin v21.6 - https:\/\/yoast.com\/wordpress\/plugins\/seo\/ -->\n<title>La Varicela: Lo que los padres necesitan saber<\/title>\n<meta name=\"description\" content=\"Toda la informaci\u00f3n para padres sobre la Varicela: Sus sintomas y c\u00f3mo combatirla. \u00bfSab\u00edas que es beneficioso contraer la varicela de ni\u00f1o?.\" \/>\n<meta name=\"robots\" content=\"index, follow, max-snippet:-1, max-image-preview:large, max-video-preview:-1\" \/>\n<link rel=\"canonical\" href=\"https:\/\/www.generali.es\/blog\/tuasesorsalud\/todo-lo-que-los-padres-necesitan-saber-sobre-la-varicela\/\" \/>\n<meta name=\"twitter:label1\" content=\"Escrito por\" \/>\n\t<meta name=\"twitter:data1\" content=\"Equipo GENERALI\" \/>\n<script type=\"application\/ld+json\" class=\"yoast-schema-graph\">{\"@context\":\"https:\/\/schema.org\",\"@graph\":[{\"@type\":\"Article\",\"@id\":\"https:\/\/www.generali.es\/blog\/tuasesorsalud\/todo-lo-que-los-padres-necesitan-saber-sobre-la-varicela\/#article\",\"isPartOf\":{\"@id\":\"https:\/\/www.generali.es\/blog\/tuasesorsalud\/todo-lo-que-los-padres-necesitan-saber-sobre-la-varicela\/\"},\"author\":{\"name\":\"Equipo GENERALI\",\"@id\":\"https:\/\/www.generali.es\/blog\/tuasesorsalud\/#\/schema\/person\/b3e3621e80b273ef3366c6dc945ab47e\"},\"headline\":\"Todo lo que los padres necesitan saber sobre la Varicela\",\"datePublished\":\"2018-11-27T09:11:48+00:00\",\"dateModified\":\"2021-12-16T15:21:04+00:00\",\"mainEntityOfPage\":{\"@id\":\"https:\/\/www.generali.es\/blog\/tuasesorsalud\/todo-lo-que-los-padres-necesitan-saber-sobre-la-varicela\/\"},\"wordCount\":67,\"commentCount\":0,\"publisher\":{\"@id\":\"https:\/\/www.generali.es\/blog\/tuasesorsalud\/#organization\"},\"articleSection\":[\"Salud\"],\"inLanguage\":\"es\",\"potentialAction\":[{\"@type\":\"CommentAction\",\"name\":\"Comment\",\"target\":[\"https:\/\/www.generali.es\/blog\/tuasesorsalud\/todo-lo-que-los-padres-necesitan-saber-sobre-la-varicela\/#respond\"]}]},{\"@type\":\"WebPage\",\"@id\":\"https:\/\/www.generali.es\/blog\/tuasesorsalud\/todo-lo-que-los-padres-necesitan-saber-sobre-la-varicela\/\",\"url\":\"https:\/\/www.generali.es\/blog\/tuasesorsalud\/todo-lo-que-los-padres-necesitan-saber-sobre-la-varicela\/\",\"name\":\"La Varicela: Lo que los padres necesitan saber\",\"isPartOf\":{\"@id\":\"https:\/\/www.generali.es\/blog\/tuasesorsalud\/#website\"},\"datePublished\":\"2018-11-27T09:11:48+00:00\",\"dateModified\":\"2021-12-16T15:21:04+00:00\",\"description\":\"Toda la informaci\u00f3n para padres sobre la Varicela: Sus sintomas y c\u00f3mo combatirla. \u00bfSab\u00edas que es beneficioso contraer la varicela de ni\u00f1o?.\",\"breadcrumb\":{\"@id\":\"https:\/\/www.generali.es\/blog\/tuasesorsalud\/todo-lo-que-los-padres-necesitan-saber-sobre-la-varicela\/#breadcrumb\"},\"inLanguage\":\"es\",\"potentialAction\":[{\"@type\":\"ReadAction\",\"target\":[\"https:\/\/www.generali.es\/blog\/tuasesorsalud\/todo-lo-que-los-padres-necesitan-saber-sobre-la-varicela\/\"]}]},{\"@type\":\"BreadcrumbList\",\"@id\":\"https:\/\/www.generali.es\/blog\/tuasesorsalud\/todo-lo-que-los-padres-necesitan-saber-sobre-la-varicela\/#breadcrumb\",\"itemListElement\":[{\"@type\":\"ListItem\",\"position\":1,\"name\":\"Home\",\"item\":\"https:\/\/www.generali.es\/blog\/tuasesorsalud\/\"},{\"@type\":\"ListItem\",\"position\":2,\"name\":\"Salud\",\"item\":\"https:\/\/www.generali.es\/blog\/tuasesorsalud\/salud\/\"},{\"@type\":\"ListItem\",\"position\":3,\"name\":\"Todo lo que los padres necesitan saber sobre la Varicela\"}]},{\"@type\":\"WebSite\",\"@id\":\"https:\/\/www.generali.es\/blog\/tuasesorsalud\/#website\",\"url\":\"https:\/\/www.generali.es\/blog\/tuasesorsalud\/\",\"name\":\"Tu Asesor de Salud\",\"description\":\"Blog de Salud de GENERALI\",\"publisher\":{\"@id\":\"https:\/\/www.generali.es\/blog\/tuasesorsalud\/#organization\"},\"potentialAction\":[{\"@type\":\"SearchAction\",\"target\":{\"@type\":\"EntryPoint\",\"urlTemplate\":\"https:\/\/www.generali.es\/blog\/tuasesorsalud\/?s={search_term_string}\"},\"query-input\":\"required name=search_term_string\"}],\"inLanguage\":\"es\"},{\"@type\":\"Organization\",\"@id\":\"https:\/\/www.generali.es\/blog\/tuasesorsalud\/#organization\",\"name\":\"Tu Asesor de Salud\",\"url\":\"https:\/\/www.generali.es\/blog\/tuasesorsalud\/\",\"logo\":{\"@type\":\"ImageObject\",\"inLanguage\":\"es\",\"@id\":\"https:\/\/www.generali.es\/blog\/tuasesorsalud\/#\/schema\/logo\/image\/\",\"url\":\"https:\/\/www.generali.es\/blog\/tuasesorsalud\/wp-content\/uploads\/2021\/04\/generali.png\",\"contentUrl\":\"https:\/\/www.generali.es\/blog\/tuasesorsalud\/wp-content\/uploads\/2021\/04\/generali.png\",\"width\":100,\"height\":81,\"caption\":\"Tu Asesor de Salud\"},\"image\":{\"@id\":\"https:\/\/www.generali.es\/blog\/tuasesorsalud\/#\/schema\/logo\/image\/\"}},{\"@type\":\"Person\",\"@id\":\"https:\/\/www.generali.es\/blog\/tuasesorsalud\/#\/schema\/person\/b3e3621e80b273ef3366c6dc945ab47e\",\"name\":\"Equipo GENERALI\",\"image\":{\"@type\":\"ImageObject\",\"inLanguage\":\"es\",\"@id\":\"https:\/\/www.generali.es\/blog\/tuasesorsalud\/#\/schema\/person\/image\/\",\"url\":\"https:\/\/www.generali.es\/blog\/tuasesorsalud\/wp-content\/uploads\/2020\/11\/equipo_generali-150x150.jpg\",\"contentUrl\":\"https:\/\/www.generali.es\/blog\/tuasesorsalud\/wp-content\/uploads\/2020\/11\/equipo_generali-150x150.jpg\",\"caption\":\"Equipo GENERALI\"},\"description\":\"El equipo de Tu Asesor Salud est\u00e1 compuesto por periodistas y especialistas en la salud, la nutrici\u00f3n, el deporte, la familia as\u00ed como profesionales t\u00e9cnicos de los seguros de salud. Te ayudamos a que tengas una vida m\u00e1s saludable y te ofrecemos contenido \u00fatil para tu d\u00eda a d\u00eda.\",\"sameAs\":[\"https:\/\/www.generali.es\/blog\/tuasesorsalud\/\"],\"url\":\"https:\/\/www.generali.es\/blog\/tuasesorsalud\/author\/generali_asesor\/\"}]}<\/script>\n<!-- \/ Yoast SEO plugin. -->","yoast_head_json":{"title":"La Varicela: Lo que los padres necesitan saber","description":"Toda la informaci\u00f3n para padres sobre la Varicela: Sus sintomas y c\u00f3mo combatirla. \u00bfSab\u00edas que es beneficioso contraer la varicela de ni\u00f1o?.","robots":{"index":"index","follow":"follow","max-snippet":"max-snippet:-1","max-image-preview":"max-image-preview:large","max-video-preview":"max-video-preview:-1"},"canonical":"https:\/\/www.generali.es\/blog\/tuasesorsalud\/todo-lo-que-los-padres-necesitan-saber-sobre-la-varicela\/","twitter_misc":{"Escrito por":"Equipo GENERALI"},"schema":{"@context":"https:\/\/schema.org","@graph":[{"@type":"Article","@id":"https:\/\/www.generali.es\/blog\/tuasesorsalud\/todo-lo-que-los-padres-necesitan-saber-sobre-la-varicela\/#article","isPartOf":{"@id":"https:\/\/www.generali.es\/blog\/tuasesorsalud\/todo-lo-que-los-padres-necesitan-saber-sobre-la-varicela\/"},"author":{"name":"Equipo GENERALI","@id":"https:\/\/www.generali.es\/blog\/tuasesorsalud\/#\/schema\/person\/b3e3621e80b273ef3366c6dc945ab47e"},"headline":"Todo lo que los padres necesitan saber sobre la Varicela","datePublished":"2018-11-27T09:11:48+00:00","dateModified":"2021-12-16T15:21:04+00:00","mainEntityOfPage":{"@id":"https:\/\/www.generali.es\/blog\/tuasesorsalud\/todo-lo-que-los-padres-necesitan-saber-sobre-la-varicela\/"},"wordCount":67,"commentCount":0,"publisher":{"@id":"https:\/\/www.generali.es\/blog\/tuasesorsalud\/#organization"},"articleSection":["Salud"],"inLanguage":"es","potentialAction":[{"@type":"CommentAction","name":"Comment","target":["https:\/\/www.generali.es\/blog\/tuasesorsalud\/todo-lo-que-los-padres-necesitan-saber-sobre-la-varicela\/#respond"]}]},{"@type":"WebPage","@id":"https:\/\/www.generali.es\/blog\/tuasesorsalud\/todo-lo-que-los-padres-necesitan-saber-sobre-la-varicela\/","url":"https:\/\/www.generali.es\/blog\/tuasesorsalud\/todo-lo-que-los-padres-necesitan-saber-sobre-la-varicela\/","name":"La Varicela: Lo que los padres necesitan saber","isPartOf":{"@id":"https:\/\/www.generali.es\/blog\/tuasesorsalud\/#website"},"datePublished":"2018-11-27T09:11:48+00:00","dateModified":"2021-12-16T15:21:04+00:00","description":"Toda la informaci\u00f3n para padres sobre la Varicela: Sus sintomas y c\u00f3mo combatirla. \u00bfSab\u00edas que es beneficioso contraer la varicela de ni\u00f1o?.","breadcrumb":{"@id":"https:\/\/www.generali.es\/blog\/tuasesorsalud\/todo-lo-que-los-padres-necesitan-saber-sobre-la-varicela\/#breadcrumb"},"inLanguage":"es","potentialAction":[{"@type":"ReadAction","target":["https:\/\/www.generali.es\/blog\/tuasesorsalud\/todo-lo-que-los-padres-necesitan-saber-sobre-la-varicela\/"]}]},{"@type":"BreadcrumbList","@id":"https:\/\/www.generali.es\/blog\/tuasesorsalud\/todo-lo-que-los-padres-necesitan-saber-sobre-la-varicela\/#breadcrumb","itemListElement":[{"@type":"ListItem","position":1,"name":"Home","item":"https:\/\/www.generali.es\/blog\/tuasesorsalud\/"},{"@type":"ListItem","position":2,"name":"Salud","item":"https:\/\/www.generali.es\/blog\/tuasesorsalud\/salud\/"},{"@type":"ListItem","position":3,"name":"Todo lo que los padres necesitan saber sobre la Varicela"}]},{"@type":"WebSite","@id":"https:\/\/www.generali.es\/blog\/tuasesorsalud\/#website","url":"https:\/\/www.generali.es\/blog\/tuasesorsalud\/","name":"Tu Asesor de Salud","description":"Blog de Salud de GENERALI","publisher":{"@id":"https:\/\/www.generali.es\/blog\/tuasesorsalud\/#organization"},"potentialAction":[{"@type":"SearchAction","target":{"@type":"EntryPoint","urlTemplate":"https:\/\/www.generali.es\/blog\/tuasesorsalud\/?s={search_term_string}"},"query-input":"required name=search_term_string"}],"inLanguage":"es"},{"@type":"Organization","@id":"https:\/\/www.generali.es\/blog\/tuasesorsalud\/#organization","name":"Tu Asesor de Salud","url":"https:\/\/www.generali.es\/blog\/tuasesorsalud\/","logo":{"@type":"ImageObject","inLanguage":"es","@id":"https:\/\/www.generali.es\/blog\/tuasesorsalud\/#\/schema\/logo\/image\/","url":"https:\/\/www.generali.es\/blog\/tuasesorsalud\/wp-content\/uploads\/2021\/04\/generali.png","contentUrl":"https:\/\/www.generali.es\/blog\/tuasesorsalud\/wp-content\/uploads\/2021\/04\/generali.png","width":100,"height":81,"caption":"Tu Asesor de Salud"},"image":{"@id":"https:\/\/www.generali.es\/blog\/tuasesorsalud\/#\/schema\/logo\/image\/"}},{"@type":"Person","@id":"https:\/\/www.generali.es\/blog\/tuasesorsalud\/#\/schema\/person\/b3e3621e80b273ef3366c6dc945ab47e","name":"Equipo GENERALI","image":{"@type":"ImageObject","inLanguage":"es","@id":"https:\/\/www.generali.es\/blog\/tuasesorsalud\/#\/schema\/person\/image\/","url":"https:\/\/www.generali.es\/blog\/tuasesorsalud\/wp-content\/uploads\/2020\/11\/equipo_generali-150x150.jpg","contentUrl":"https:\/\/www.generali.es\/blog\/tuasesorsalud\/wp-content\/uploads\/2020\/11\/equipo_generali-150x150.jpg","caption":"Equipo GENERALI"},"description":"El equipo de Tu Asesor Salud est\u00e1 compuesto por periodistas y especialistas en la salud, la nutrici\u00f3n, el deporte, la familia as\u00ed como profesionales t\u00e9cnicos de los seguros de salud. Te ayudamos a que tengas una vida m\u00e1s saludable y te ofrecemos contenido \u00fatil para tu d\u00eda a d\u00eda.","sameAs":["https:\/\/www.generali.es\/blog\/tuasesorsalud\/"],"url":"https:\/\/www.generali.es\/blog\/tuasesorsalud\/author\/generali_asesor\/"}]}},"_links":{"self":[{"href":"https:\/\/www.generali.es\/blog\/tuasesorsalud\/wp-json\/wp\/v2\/posts\/485"}],"collection":[{"href":"https:\/\/www.generali.es\/blog\/tuasesorsalud\/wp-json\/wp\/v2\/posts"}],"about":[{"href":"https:\/\/www.generali.es\/blog\/tuasesorsalud\/wp-json\/wp\/v2\/types\/post"}],"author":[{"embeddable":true,"href":"https:\/\/www.generali.es\/blog\/tuasesorsalud\/wp-json\/wp\/v2\/users\/1"}],"replies":[{"embeddable":true,"href":"https:\/\/www.generali.es\/blog\/tuasesorsalud\/wp-json\/wp\/v2\/comments?post=485"}],"version-history":[{"count":1,"href":"https:\/\/www.generali.es\/blog\/tuasesorsalud\/wp-json\/wp\/v2\/posts\/485\/revisions"}],"predecessor-version":[{"id":3524,"href":"https:\/\/www.generali.es\/blog\/tuasesorsalud\/wp-json\/wp\/v2\/posts\/485\/revisions\/3524"}],"wp:featuredmedia":[{"embeddable":true,"href":"https:\/\/www.generali.es\/blog\/tuasesorsalud\/wp-json\/wp\/v2\/media\/486"}],"wp:attachment":[{"href":"https:\/\/www.generali.es\/blog\/tuasesorsalud\/wp-json\/wp\/v2\/media?parent=485"}],"wp:term":[{"taxonomy":"category","embeddable":true,"href":"https:\/\/www.generali.es\/blog\/tuasesorsalud\/wp-json\/wp\/v2\/categories?post=485"},{"taxonomy":"post_tag","embeddable":true,"href":"https:\/\/www.generali.es\/blog\/tuasesorsalud\/wp-json\/wp\/v2\/tags?post=485"}],"curies":[{"name":"wp","href":"https:\/\/api.w.org\/{rel}","templated":true}]}}