{"id":4489,"date":"2022-06-24T15:00:00","date_gmt":"2022-06-24T13:00:00","guid":{"rendered":"https:\/\/www.generali.es\/blog\/tuasesorsalud\/?p=4489"},"modified":"2024-05-22T16:46:06","modified_gmt":"2024-05-22T14:46:06","slug":"incluir-hijo-poliza-salud","status":"publish","type":"post","link":"https:\/\/www.generali.es\/blog\/tuasesorsalud\/incluir-hijo-poliza-salud\/","title":{"rendered":"Incluir un hijo en la p\u00f3liza de salud: \u00bfC\u00f3mo y cu\u00e1ndo hacerlo?"},"content":{"rendered":"\n<p><strong>\u00bfQuieres incluir a tu hijo en la p\u00f3liza de seguro de salud? Si es as\u00ed seguramente no tendr\u00e1s problemas, puesto que la mayor\u00eda de compa\u00f1\u00edas te permiten hacerlo hasta un mes despu\u00e9s de que nazca. Inf\u00f3rmate aqu\u00ed de c\u00f3mo se realiza el procedimiento, as\u00ed como sus ventajas y condiciones particulares.<\/strong><strong><\/strong><\/p>\n\n\n\n<div id=\"ez-toc-container\" class=\"ez-toc-v2_0_22 counter-hierarchy counter-decimal\">\n<div class=\"ez-toc-title-container\">\n<p class=\"ez-toc-title\">&Iacute;ndice<\/p>\n<span class=\"ez-toc-title-toggle\"><a class=\"ez-toc-pull-right ez-toc-btn ez-toc-btn-xs ez-toc-btn-default ez-toc-toggle\" style=\"display: none;\"><i class=\"ez-toc-glyphicon ez-toc-icon-toggle\"><\/i><\/a><\/span><\/div>\n<nav><ul class=\"ez-toc-list ez-toc-list-level-1\"><li class=\"ez-toc-page-1 ez-toc-heading-level-2\"><a class=\"ez-toc-link ez-toc-heading-1\" href=\"https:\/\/www.generali.es\/blog\/tuasesorsalud\/incluir-hijo-poliza-salud\/#Poliza_de_salud_para_hijos_%C2%BFQue_debes_saber\" title=\"P\u00f3liza de salud para hijos: \u00bfQu\u00e9 debes saber?\">P\u00f3liza de salud para hijos: \u00bfQu\u00e9 debes saber?<\/a><\/li><li class=\"ez-toc-page-1 ez-toc-heading-level-2\"><a class=\"ez-toc-link ez-toc-heading-2\" href=\"https:\/\/www.generali.es\/blog\/tuasesorsalud\/incluir-hijo-poliza-salud\/#%C2%BFCuando_puedo_incluir_a_mi_hijo_en_la_poliza_de_salud\" title=\"\u00bfCu\u00e1ndo puedo incluir a mi hijo en la p\u00f3liza de salud?\">\u00bfCu\u00e1ndo puedo incluir a mi hijo en la p\u00f3liza de salud?<\/a><\/li><li class=\"ez-toc-page-1 ez-toc-heading-level-2\"><a class=\"ez-toc-link ez-toc-heading-3\" href=\"https:\/\/www.generali.es\/blog\/tuasesorsalud\/incluir-hijo-poliza-salud\/#%C2%BFCual_es_el_procedimiento_para_dar_de_alta_a_mi_hijo_en_el_seguro_de_salud\" title=\"\u00bfCu\u00e1l es el procedimiento para dar de alta a mi hijo en el seguro de salud?\">\u00bfCu\u00e1l es el procedimiento para dar de alta a mi hijo en el seguro de salud?<\/a><\/li><li class=\"ez-toc-page-1 ez-toc-heading-level-2\"><a class=\"ez-toc-link ez-toc-heading-4\" href=\"https:\/\/www.generali.es\/blog\/tuasesorsalud\/incluir-hijo-poliza-salud\/#%C2%BFComo_afecta_en_el_precio_del_seguro_si_anado_a_mi_hijo\" title=\"\u00bfC\u00f3mo afecta en el precio del seguro si a\u00f1ado a mi hijo?\">\u00bfC\u00f3mo afecta en el precio del seguro si a\u00f1ado a mi hijo?<\/a><\/li><li class=\"ez-toc-page-1 ez-toc-heading-level-2\"><a class=\"ez-toc-link ez-toc-heading-5\" href=\"https:\/\/www.generali.es\/blog\/tuasesorsalud\/incluir-hijo-poliza-salud\/#%C2%BFPor_que_incluir_a_mi_hijo_en_la_poliza_de_salud_Beneficios\" title=\"\u00bfPor qu\u00e9 incluir a mi hijo en la p\u00f3liza de salud?: Beneficios\">\u00bfPor qu\u00e9 incluir a mi hijo en la p\u00f3liza de salud?: Beneficios<\/a><\/li><li class=\"ez-toc-page-1 ez-toc-heading-level-2\"><a class=\"ez-toc-link ez-toc-heading-6\" href=\"https:\/\/www.generali.es\/blog\/tuasesorsalud\/incluir-hijo-poliza-salud\/#%C2%BFQue_ocurre_si_se_me_pasa_el_plazo\" title=\"\u00bfQu\u00e9 ocurre si se me pasa el plazo?\">\u00bfQu\u00e9 ocurre si se me pasa el plazo?<\/a><\/li><\/ul><\/nav><\/div>\n<h2 class=\"wp-block-heading\"><span class=\"ez-toc-section\" id=\"Poliza_de_salud_para_hijos_%C2%BFQue_debes_saber\"><\/span><strong>P\u00f3liza de salud para hijos: \u00bfQu\u00e9 debes saber?<\/strong><span class=\"ez-toc-section-end\"><\/span><\/h2>\n\n\n\n<p>Tener un hijo es una alegr\u00eda tremenda, lo que no quita para que sea tambi\u00e9n una importante fuente de nervios y preocupaci\u00f3n, especialmente durante el embarazo y en los primeros meses\/a\u00f1os de vida del reto\u00f1o. Su condici\u00f3n de salud al ser tan peque\u00f1o es m\u00e1s fr\u00e1gil, lo que requiere de atenci\u00f3n m\u00e9dica, realizaci\u00f3n de pruebas, b\u00fasqueda de informaci\u00f3n y vigilancia pr\u00e1cticamente constantes.<\/p>\n\n\n\n<p>La <strong>buena noticia <\/strong>es que<strong> los seguros privados pueden, de nuevo, ayudar y mucho en esta necesaria labor de asistencia<\/strong>, ofreciendo una completa -y r\u00e1pida- atenci\u00f3n m\u00e9dica a manos de especialistas, poni\u00e9ndose a disposici\u00f3n de los padres <em>24\/7<\/em> y facilitando la realizaci\u00f3n de pruebas diagn\u00f3sticas y visitas m\u00e9dicas.<\/p>\n\n\n\n<p>Es recomendable una <strong>p\u00f3liza de salud sobre los reci\u00e9n nacidos<\/strong>. Esta debe, adem\u00e1s de contar con un amplio cuadro m\u00e9dico especializado en <a href=\"https:\/\/www.generali.es\/blog\/tuasesorsalud\/revisiones-pediatricas\/\">atenci\u00f3n pedi\u00e1trica<\/a>, incluir numerosas especialidades (oftalmolog\u00eda, dermatolog\u00eda, otorrinolaringolog\u00eda, foniatr\u00eda, logopedia, psicolog\u00eda), integrar coberturas como realizaci\u00f3n de revisiones peri\u00f3dicas, asistencia para neonatos o atenci\u00f3n telef\u00f3nica y online e incluso facilitar otras garant\u00edas como la de conservaci\u00f3n de cord\u00f3n umbilical.<\/p>\n\n\n\n<p>Por \u00faltimo, otra cosa importante a conocer es que a grandes rasgos existen <strong>dos maneras de incluir a un hijo en la p\u00f3liza de salud<\/strong>: integrarle en un seguro familiar o suscribir un seguro a su nombre.<s><\/s><\/p>\n\n\n\n<h2 class=\"wp-block-heading\"><span class=\"ez-toc-section\" id=\"%C2%BFCuando_puedo_incluir_a_mi_hijo_en_la_poliza_de_salud\"><\/span><strong>\u00bfCu\u00e1ndo puedo incluir a mi hijo en la p\u00f3liza de salud?<\/strong><span class=\"ez-toc-section-end\"><\/span><\/h2>\n\n\n\n<p>Muchos padres se preguntar\u00e1n <strong>cu\u00e1ndo puedo incluir a mi hijo en la p\u00f3liza de salud<\/strong>. Lo cierto es que se puede asegurar a un beb\u00e9 desde su primer d\u00eda de vida, algo que muchos progenitores deciden realizar. Eso s\u00ed, \u00e9stos cuentan con un corto plazo tras el nacimiento de su hijo para realizar los tr\u00e1mites si quieren ser pronto admitidos por la aseguradora y olvidarse m\u00e1s f\u00e1cilmente de las limitaciones y complicaciones que pudieran tener.<\/p>\n\n\n\n<h2 class=\"wp-block-heading\"><span class=\"ez-toc-section\" id=\"%C2%BFCual_es_el_procedimiento_para_dar_de_alta_a_mi_hijo_en_el_seguro_de_salud\"><\/span><strong>\u00bfCu\u00e1l es el procedimiento para dar de alta a mi hijo en el seguro de salud?<\/strong><span class=\"ez-toc-section-end\"><\/span><\/h2>\n\n\n\n<p>El procedimiento resulta muy sencillo para los que se pregunten <strong>c\u00f3mo incluir hijo a la p\u00f3liza de salud<\/strong>: basta con ponerse en contacto con la aseguradora de confianza para que se integre al ni\u00f1o en el seguro. Por supuesto, habr\u00e1 que pedir a nuestro interlocutor toda la informaci\u00f3n que consideremos de utilidad con respecto a coberturas, cuadro m\u00e9dico, plazos de carencia, exclusiones, pago de primas, etc\u00e9tera.<\/p>\n\n\n\n<p>Como somos de <strong>GENERALI<\/strong>, vamos a informaros m\u00e1s ampliamente de c\u00f3mo puede realizarse este procedimiento con nuestra aseguradora. En el caso de los menores, debe <strong>inclu\u00edrseles en una p\u00f3liza familiar junto a sus progenitores<\/strong>, pues la contrataci\u00f3n familiar completa es obligatoria.<\/p>\n\n\n\n<p>En cuanto a la manera de cursar el alta de los reci\u00e9n nacidos, el procedimiento depender\u00e1 tanto del seguro en el que se vaya a incluir al beb\u00e9 como del derecho de cobertura al parto que tuviera la madre: si esta ha superado <a href=\"https:\/\/www.generali.es\/blog\/tuasesorsalud\/periodo-carencia-embarazo\/\"><em>el periodo de carencia de ocho meses para embarazo y parto previsto en la p\u00f3liza<\/em><\/a>, se le aplicar\u00e1 un criterio distinto que en caso de que no lo hubiera hecho, independientemente de si el nacimiento ha sido a trav\u00e9s de la seguridad social o a cargo de GENERALI.<\/p>\n\n\n\n<p>Por tanto, <strong>si la madre ha superado el plazo el alta del reci\u00e9n nacido ser\u00e1 sin carencias<\/strong>. En el caso de los <strong>seguros Opci\u00f3n Family, Premium y Elecci\u00f3n<\/strong>, el cliente -o mediador- deber\u00e1 comunicar inmediatamente el nacimiento a la aseguradora y se le dar\u00e1 el alta autom\u00e1ticamente al ni\u00f1o sin necesidad de realizar una valoraci\u00f3n del riesgo, dat\u00e1ndola al mismo d\u00eda de su nacimiento; en el caso del seguro Total, el cliente debe comunicar el alta como m\u00e1ximo en un plazo de 15 d\u00edas desde el nacimiento del beb\u00e9, aportando un informe m\u00e9dico de neonatolog\u00eda. Despu\u00e9s nuestra compa\u00f1\u00eda de seguros valorar\u00e1 el riesgo y aceptar\u00e1 o no la petici\u00f3n ateni\u00e9ndose a motivos m\u00e9dicos que valorar\u00e1n profesionales especializados. En caso positivo, el alta se registrar\u00e1 de acuerdo a la fecha de nacimiento.<\/p>\n\n\n\n<p>Por otro lado, <strong>en caso de que la madre no haya superado el plazo de carencia de parto y embarazo o<\/strong> tenga un <strong>seguro Single<\/strong>, que excluye esta cobertura, el alta del reci\u00e9n nacido ser\u00e1 con carencias, y deber\u00e1 aportarse el informe m\u00e9dico de neonatolog\u00eda.<\/p>\n\n\n\n<p>La fecha de efecto del alta ser\u00e1 distinta en funci\u00f3n del tipo de seguro: en los Opci\u00f3n Family, Premium y Elecci\u00f3n el alta debe valorarse transcurrido un mes desde el d\u00eda del parto, y si se acepta el riesgo la fecha de alta ser\u00e1 la de un mes tras el nacimiento; en el seguro Total, en caso de que se d\u00e9 el visto bueno el alta se datar\u00e1 a fecha del alta m\u00e9dica del beb\u00e9 en el hospital.<\/p>\n\n\n\n<h2 class=\"wp-block-heading\"><span class=\"ez-toc-section\" id=\"%C2%BFComo_afecta_en_el_precio_del_seguro_si_anado_a_mi_hijo\"><\/span><strong>\u00bfC\u00f3mo afecta en el precio del seguro si a\u00f1ado a mi hijo?<\/strong><span class=\"ez-toc-section-end\"><\/span><\/h2>\n\n\n\n<p>Obviamente<strong> al incluir un hijo en el seguro se producir\u00e1 un incremento en el precio del mismo <\/strong>al estar incluida una persona m\u00e1s, pero muchas compa\u00f1\u00edas bonifican esa nueva inclusi\u00f3n ofreciendo a sus clientes importantes ventajas econ\u00f3micas mediante rebajas en el precio de las primas y descuentos por n\u00famero de asegurados. As\u00ed que por lo general suele compensar monetariamente.<\/p>\n\n\n\n<h2 class=\"wp-block-heading\"><span class=\"ez-toc-section\" id=\"%C2%BFPor_que_incluir_a_mi_hijo_en_la_poliza_de_salud_Beneficios\"><\/span><strong>\u00bfPor qu\u00e9 incluir a mi hijo en la p\u00f3liza de salud?: Beneficios<\/strong><span class=\"ez-toc-section-end\"><\/span><\/h2>\n\n\n\n<p><strong>Incluir a un hijo en la p\u00f3liza de salud<\/strong>, o suscribir <strong>un seguro a su nombre<\/strong>, tiene numerosas ventajas, en primer lugar y m\u00e1s importante la de que disponga de una mejor atenci\u00f3n sanitaria; no s\u00f3lo por ser m\u00e1s completa sino tambi\u00e9n m\u00e1s r\u00e1pida, evit\u00e1ndose verse afectado por la saturaci\u00f3n del sistema p\u00fablico. Y m\u00e1s teniendo en cuenta que las visitas a los centros m\u00e9dicos son muy habituales en el caso de los peque\u00f1os.<\/p>\n\n\n\n<p>La <strong>posibilidad de elegir al profesional que atienda al menor<\/strong> es otra de las grandes ventajas, permitiendo a los padres escoger a personas y centros de confianza (en el caso de los productos Opci\u00f3n de GENERALI, siempre que est\u00e9n dentro del cuadro m\u00e9dico asociado a la compa\u00f1\u00eda). &nbsp;Las p\u00f3lizas privadas suelen adem\u00e1s facilitar un <strong>mejor acceso a la realizaci\u00f3n de pruebas diagn\u00f3sticas<\/strong> y disponer otras coberturas como atenci\u00f3n de urgencia y hospitalizaci\u00f3n.<\/p>\n\n\n\n<p><a href=\"https:\/\/www.generali.es\/blog\/tuasesorsalud\/ventajas-del-seguro-dental\/\">En cuanto a la cobertura dental,<\/a> un seguro privado puede suponer el acceso a muchos servicios, generalmente a trav\u00e9s de la modalidad de copago. Y ya que hablamos de dinero cerraremos con una \u00faltima e importante ventaja: contratar un seguro m\u00e9dico para tu hijo o incluirle en uno ya existente puede suponer un importante ahorro econ\u00f3mico a medio plazo. As\u00ed que los padres que se cuestionen por los <strong><em>beneficios de incluir a mi hijo en la p\u00f3liza de salud <\/em><\/strong>ya saben que hay numerosos.<\/p>\n\n\n\n<h2 class=\"wp-block-heading\"><span class=\"ez-toc-section\" id=\"%C2%BFQue_ocurre_si_se_me_pasa_el_plazo\"><\/span><strong>\u00bfQu\u00e9 ocurre si se me pasa el plazo?<\/strong><span class=\"ez-toc-section-end\"><\/span><\/h2>\n\n\n\n<p><strong>Si se pasa el plazo para la inclusi\u00f3n del ni\u00f1o en un seguro de salud<\/strong> tras su nacimiento tal vez la aseguradora decidiera no aceptar esa modalidad m\u00e1s adelante<a>.<\/a><\/p>\n\n\n\n<p>En caso de que la compa\u00f1\u00eda permitiese <strong>incluir ni\u00f1os en la p\u00f3liza de los padres<\/strong> m\u00e1s adelante, una vez expirado el plazo, la gran desventaja ser\u00eda tener que esperar a que se cumpliesen los plazos de carencia para que pudiera hacerse uso de algunas de las coberturas disponibles. Recordamos adem\u00e1s que en el caso de los reci\u00e9n nacidos estos tambi\u00e9n habr\u00e1n tenido carencias si la madre no ha tenido derecho a cobertura de parto y embarazo. Por otro lado, existir\u00eda la posibilidad de que cambiaran las condiciones en materia econ\u00f3mica o con respecto a las garant\u00edas.<\/p>\n\n\n\n<p><\/p>\n\n\n\n<p><a id=\"_msocom_1\"><\/a><\/p>\n","protected":false},"excerpt":{"rendered":"<p>\u00bfQuieres incluir a tu hijo en la p\u00f3liza de seguro de salud? Si es as\u00ed seguramente no tendr\u00e1s problemas, puesto que la mayor\u00eda de compa\u00f1\u00edas te permiten hacerlo hasta un mes despu\u00e9s de que nazca. Inf\u00f3rmate aqu\u00ed de c\u00f3mo se realiza el procedimiento, as\u00ed como sus ventajas y condiciones particulares. &Iacute;ndice P\u00f3liza de salud para [&hellip;]<\/p>\n","protected":false},"author":1,"featured_media":4490,"comment_status":"open","ping_status":"open","sticky":false,"template":"","format":"standard","meta":{"footnotes":""},"categories":[3],"tags":[],"yoast_head":"<!-- This site is optimized with the Yoast SEO plugin v21.6 - https:\/\/yoast.com\/wordpress\/plugins\/seo\/ -->\n<title>\u25b7 Incluir un Hijo en la P\u00f3liza de salud: C\u00f3mo y cu\u00e1ndo hacerlo<\/title>\n<meta name=\"description\" content=\"\u00bfQuieres Incluir a tu Hijo en la P\u00f3liza de Seguro? \u270d La mayor\u00eda de Compa\u00f1\u00edas te Permiten Hacerlo Hasta un Mes Despu\u00e9s de que Nazca \u2714 Inf\u00f3rmate AQU\u00cd.\" \/>\n<meta name=\"robots\" content=\"index, follow, max-snippet:-1, max-image-preview:large, max-video-preview:-1\" \/>\n<link rel=\"canonical\" href=\"https:\/\/www.generali.es\/blog\/tuasesorsalud\/incluir-hijo-poliza-salud\/\" \/>\n<meta name=\"twitter:label1\" content=\"Escrito por\" \/>\n\t<meta name=\"twitter:data1\" content=\"Equipo GENERALI\" \/>\n\t<meta name=\"twitter:label2\" content=\"Tiempo de lectura\" \/>\n\t<meta name=\"twitter:data2\" content=\"6 minutos\" \/>\n<script type=\"application\/ld+json\" class=\"yoast-schema-graph\">{\"@context\":\"https:\/\/schema.org\",\"@graph\":[{\"@type\":\"Article\",\"@id\":\"https:\/\/www.generali.es\/blog\/tuasesorsalud\/incluir-hijo-poliza-salud\/#article\",\"isPartOf\":{\"@id\":\"https:\/\/www.generali.es\/blog\/tuasesorsalud\/incluir-hijo-poliza-salud\/\"},\"author\":{\"name\":\"Equipo GENERALI\",\"@id\":\"https:\/\/www.generali.es\/blog\/tuasesorsalud\/#\/schema\/person\/b3e3621e80b273ef3366c6dc945ab47e\"},\"headline\":\"Incluir un hijo en la p\u00f3liza de salud: \u00bfC\u00f3mo y cu\u00e1ndo hacerlo?\",\"datePublished\":\"2022-06-24T13:00:00+00:00\",\"dateModified\":\"2024-05-22T14:46:06+00:00\",\"mainEntityOfPage\":{\"@id\":\"https:\/\/www.generali.es\/blog\/tuasesorsalud\/incluir-hijo-poliza-salud\/\"},\"wordCount\":1431,\"commentCount\":0,\"publisher\":{\"@id\":\"https:\/\/www.generali.es\/blog\/tuasesorsalud\/#organization\"},\"articleSection\":[\"Salud\"],\"inLanguage\":\"es\",\"potentialAction\":[{\"@type\":\"CommentAction\",\"name\":\"Comment\",\"target\":[\"https:\/\/www.generali.es\/blog\/tuasesorsalud\/incluir-hijo-poliza-salud\/#respond\"]}]},{\"@type\":\"WebPage\",\"@id\":\"https:\/\/www.generali.es\/blog\/tuasesorsalud\/incluir-hijo-poliza-salud\/\",\"url\":\"https:\/\/www.generali.es\/blog\/tuasesorsalud\/incluir-hijo-poliza-salud\/\",\"name\":\"\u25b7 Incluir un Hijo en la P\u00f3liza de salud: C\u00f3mo y cu\u00e1ndo hacerlo\",\"isPartOf\":{\"@id\":\"https:\/\/www.generali.es\/blog\/tuasesorsalud\/#website\"},\"datePublished\":\"2022-06-24T13:00:00+00:00\",\"dateModified\":\"2024-05-22T14:46:06+00:00\",\"description\":\"\u00bfQuieres Incluir a tu Hijo en la P\u00f3liza de Seguro? \u270d La mayor\u00eda de Compa\u00f1\u00edas te Permiten Hacerlo Hasta un Mes Despu\u00e9s de que Nazca \u2714 Inf\u00f3rmate AQU\u00cd.\",\"breadcrumb\":{\"@id\":\"https:\/\/www.generali.es\/blog\/tuasesorsalud\/incluir-hijo-poliza-salud\/#breadcrumb\"},\"inLanguage\":\"es\",\"potentialAction\":[{\"@type\":\"ReadAction\",\"target\":[\"https:\/\/www.generali.es\/blog\/tuasesorsalud\/incluir-hijo-poliza-salud\/\"]}]},{\"@type\":\"BreadcrumbList\",\"@id\":\"https:\/\/www.generali.es\/blog\/tuasesorsalud\/incluir-hijo-poliza-salud\/#breadcrumb\",\"itemListElement\":[{\"@type\":\"ListItem\",\"position\":1,\"name\":\"Home\",\"item\":\"https:\/\/www.generali.es\/blog\/tuasesorsalud\/\"},{\"@type\":\"ListItem\",\"position\":2,\"name\":\"Salud\",\"item\":\"https:\/\/www.generali.es\/blog\/tuasesorsalud\/salud\/\"},{\"@type\":\"ListItem\",\"position\":3,\"name\":\"Incluir un hijo en la p\u00f3liza de salud: \u00bfC\u00f3mo y cu\u00e1ndo hacerlo?\"}]},{\"@type\":\"WebSite\",\"@id\":\"https:\/\/www.generali.es\/blog\/tuasesorsalud\/#website\",\"url\":\"https:\/\/www.generali.es\/blog\/tuasesorsalud\/\",\"name\":\"Tu Asesor de Salud\",\"description\":\"Blog de Salud de GENERALI\",\"publisher\":{\"@id\":\"https:\/\/www.generali.es\/blog\/tuasesorsalud\/#organization\"},\"potentialAction\":[{\"@type\":\"SearchAction\",\"target\":{\"@type\":\"EntryPoint\",\"urlTemplate\":\"https:\/\/www.generali.es\/blog\/tuasesorsalud\/?s={search_term_string}\"},\"query-input\":\"required name=search_term_string\"}],\"inLanguage\":\"es\"},{\"@type\":\"Organization\",\"@id\":\"https:\/\/www.generali.es\/blog\/tuasesorsalud\/#organization\",\"name\":\"Tu Asesor de Salud\",\"url\":\"https:\/\/www.generali.es\/blog\/tuasesorsalud\/\",\"logo\":{\"@type\":\"ImageObject\",\"inLanguage\":\"es\",\"@id\":\"https:\/\/www.generali.es\/blog\/tuasesorsalud\/#\/schema\/logo\/image\/\",\"url\":\"https:\/\/www.generali.es\/blog\/tuasesorsalud\/wp-content\/uploads\/2021\/04\/generali.png\",\"contentUrl\":\"https:\/\/www.generali.es\/blog\/tuasesorsalud\/wp-content\/uploads\/2021\/04\/generali.png\",\"width\":100,\"height\":81,\"caption\":\"Tu Asesor de Salud\"},\"image\":{\"@id\":\"https:\/\/www.generali.es\/blog\/tuasesorsalud\/#\/schema\/logo\/image\/\"}},{\"@type\":\"Person\",\"@id\":\"https:\/\/www.generali.es\/blog\/tuasesorsalud\/#\/schema\/person\/b3e3621e80b273ef3366c6dc945ab47e\",\"name\":\"Equipo GENERALI\",\"image\":{\"@type\":\"ImageObject\",\"inLanguage\":\"es\",\"@id\":\"https:\/\/www.generali.es\/blog\/tuasesorsalud\/#\/schema\/person\/image\/\",\"url\":\"https:\/\/www.generali.es\/blog\/tuasesorsalud\/wp-content\/uploads\/2020\/11\/equipo_generali-150x150.jpg\",\"contentUrl\":\"https:\/\/www.generali.es\/blog\/tuasesorsalud\/wp-content\/uploads\/2020\/11\/equipo_generali-150x150.jpg\",\"caption\":\"Equipo GENERALI\"},\"description\":\"El equipo de Tu Asesor Salud est\u00e1 compuesto por periodistas y especialistas en la salud, la nutrici\u00f3n, el deporte, la familia as\u00ed como profesionales t\u00e9cnicos de los seguros de salud. Te ayudamos a que tengas una vida m\u00e1s saludable y te ofrecemos contenido \u00fatil para tu d\u00eda a d\u00eda.\",\"sameAs\":[\"https:\/\/www.generali.es\/blog\/tuasesorsalud\/\"],\"url\":\"https:\/\/www.generali.es\/blog\/tuasesorsalud\/author\/generali_asesor\/\"}]}<\/script>\n<!-- \/ Yoast SEO plugin. -->","yoast_head_json":{"title":"\u25b7 Incluir un Hijo en la P\u00f3liza de salud: C\u00f3mo y cu\u00e1ndo hacerlo","description":"\u00bfQuieres Incluir a tu Hijo en la P\u00f3liza de Seguro? \u270d La mayor\u00eda de Compa\u00f1\u00edas te Permiten Hacerlo Hasta un Mes Despu\u00e9s de que Nazca \u2714 Inf\u00f3rmate AQU\u00cd.","robots":{"index":"index","follow":"follow","max-snippet":"max-snippet:-1","max-image-preview":"max-image-preview:large","max-video-preview":"max-video-preview:-1"},"canonical":"https:\/\/www.generali.es\/blog\/tuasesorsalud\/incluir-hijo-poliza-salud\/","twitter_misc":{"Escrito por":"Equipo GENERALI","Tiempo de lectura":"6 minutos"},"schema":{"@context":"https:\/\/schema.org","@graph":[{"@type":"Article","@id":"https:\/\/www.generali.es\/blog\/tuasesorsalud\/incluir-hijo-poliza-salud\/#article","isPartOf":{"@id":"https:\/\/www.generali.es\/blog\/tuasesorsalud\/incluir-hijo-poliza-salud\/"},"author":{"name":"Equipo GENERALI","@id":"https:\/\/www.generali.es\/blog\/tuasesorsalud\/#\/schema\/person\/b3e3621e80b273ef3366c6dc945ab47e"},"headline":"Incluir un hijo en la p\u00f3liza de salud: \u00bfC\u00f3mo y cu\u00e1ndo hacerlo?","datePublished":"2022-06-24T13:00:00+00:00","dateModified":"2024-05-22T14:46:06+00:00","mainEntityOfPage":{"@id":"https:\/\/www.generali.es\/blog\/tuasesorsalud\/incluir-hijo-poliza-salud\/"},"wordCount":1431,"commentCount":0,"publisher":{"@id":"https:\/\/www.generali.es\/blog\/tuasesorsalud\/#organization"},"articleSection":["Salud"],"inLanguage":"es","potentialAction":[{"@type":"CommentAction","name":"Comment","target":["https:\/\/www.generali.es\/blog\/tuasesorsalud\/incluir-hijo-poliza-salud\/#respond"]}]},{"@type":"WebPage","@id":"https:\/\/www.generali.es\/blog\/tuasesorsalud\/incluir-hijo-poliza-salud\/","url":"https:\/\/www.generali.es\/blog\/tuasesorsalud\/incluir-hijo-poliza-salud\/","name":"\u25b7 Incluir un Hijo en la P\u00f3liza de salud: C\u00f3mo y cu\u00e1ndo hacerlo","isPartOf":{"@id":"https:\/\/www.generali.es\/blog\/tuasesorsalud\/#website"},"datePublished":"2022-06-24T13:00:00+00:00","dateModified":"2024-05-22T14:46:06+00:00","description":"\u00bfQuieres Incluir a tu Hijo en la P\u00f3liza de Seguro? \u270d La mayor\u00eda de Compa\u00f1\u00edas te Permiten Hacerlo Hasta un Mes Despu\u00e9s de que Nazca \u2714 Inf\u00f3rmate AQU\u00cd.","breadcrumb":{"@id":"https:\/\/www.generali.es\/blog\/tuasesorsalud\/incluir-hijo-poliza-salud\/#breadcrumb"},"inLanguage":"es","potentialAction":[{"@type":"ReadAction","target":["https:\/\/www.generali.es\/blog\/tuasesorsalud\/incluir-hijo-poliza-salud\/"]}]},{"@type":"BreadcrumbList","@id":"https:\/\/www.generali.es\/blog\/tuasesorsalud\/incluir-hijo-poliza-salud\/#breadcrumb","itemListElement":[{"@type":"ListItem","position":1,"name":"Home","item":"https:\/\/www.generali.es\/blog\/tuasesorsalud\/"},{"@type":"ListItem","position":2,"name":"Salud","item":"https:\/\/www.generali.es\/blog\/tuasesorsalud\/salud\/"},{"@type":"ListItem","position":3,"name":"Incluir un hijo en la p\u00f3liza de salud: \u00bfC\u00f3mo y cu\u00e1ndo hacerlo?"}]},{"@type":"WebSite","@id":"https:\/\/www.generali.es\/blog\/tuasesorsalud\/#website","url":"https:\/\/www.generali.es\/blog\/tuasesorsalud\/","name":"Tu Asesor de Salud","description":"Blog de Salud de GENERALI","publisher":{"@id":"https:\/\/www.generali.es\/blog\/tuasesorsalud\/#organization"},"potentialAction":[{"@type":"SearchAction","target":{"@type":"EntryPoint","urlTemplate":"https:\/\/www.generali.es\/blog\/tuasesorsalud\/?s={search_term_string}"},"query-input":"required name=search_term_string"}],"inLanguage":"es"},{"@type":"Organization","@id":"https:\/\/www.generali.es\/blog\/tuasesorsalud\/#organization","name":"Tu Asesor de Salud","url":"https:\/\/www.generali.es\/blog\/tuasesorsalud\/","logo":{"@type":"ImageObject","inLanguage":"es","@id":"https:\/\/www.generali.es\/blog\/tuasesorsalud\/#\/schema\/logo\/image\/","url":"https:\/\/www.generali.es\/blog\/tuasesorsalud\/wp-content\/uploads\/2021\/04\/generali.png","contentUrl":"https:\/\/www.generali.es\/blog\/tuasesorsalud\/wp-content\/uploads\/2021\/04\/generali.png","width":100,"height":81,"caption":"Tu Asesor de Salud"},"image":{"@id":"https:\/\/www.generali.es\/blog\/tuasesorsalud\/#\/schema\/logo\/image\/"}},{"@type":"Person","@id":"https:\/\/www.generali.es\/blog\/tuasesorsalud\/#\/schema\/person\/b3e3621e80b273ef3366c6dc945ab47e","name":"Equipo GENERALI","image":{"@type":"ImageObject","inLanguage":"es","@id":"https:\/\/www.generali.es\/blog\/tuasesorsalud\/#\/schema\/person\/image\/","url":"https:\/\/www.generali.es\/blog\/tuasesorsalud\/wp-content\/uploads\/2020\/11\/equipo_generali-150x150.jpg","contentUrl":"https:\/\/www.generali.es\/blog\/tuasesorsalud\/wp-content\/uploads\/2020\/11\/equipo_generali-150x150.jpg","caption":"Equipo GENERALI"},"description":"El equipo de Tu Asesor Salud est\u00e1 compuesto por periodistas y especialistas en la salud, la nutrici\u00f3n, el deporte, la familia as\u00ed como profesionales t\u00e9cnicos de los seguros de salud. Te ayudamos a que tengas una vida m\u00e1s saludable y te ofrecemos contenido \u00fatil para tu d\u00eda a d\u00eda.","sameAs":["https:\/\/www.generali.es\/blog\/tuasesorsalud\/"],"url":"https:\/\/www.generali.es\/blog\/tuasesorsalud\/author\/generali_asesor\/"}]}},"_links":{"self":[{"href":"https:\/\/www.generali.es\/blog\/tuasesorsalud\/wp-json\/wp\/v2\/posts\/4489"}],"collection":[{"href":"https:\/\/www.generali.es\/blog\/tuasesorsalud\/wp-json\/wp\/v2\/posts"}],"about":[{"href":"https:\/\/www.generali.es\/blog\/tuasesorsalud\/wp-json\/wp\/v2\/types\/post"}],"author":[{"embeddable":true,"href":"https:\/\/www.generali.es\/blog\/tuasesorsalud\/wp-json\/wp\/v2\/users\/1"}],"replies":[{"embeddable":true,"href":"https:\/\/www.generali.es\/blog\/tuasesorsalud\/wp-json\/wp\/v2\/comments?post=4489"}],"version-history":[{"count":6,"href":"https:\/\/www.generali.es\/blog\/tuasesorsalud\/wp-json\/wp\/v2\/posts\/4489\/revisions"}],"predecessor-version":[{"id":6508,"href":"https:\/\/www.generali.es\/blog\/tuasesorsalud\/wp-json\/wp\/v2\/posts\/4489\/revisions\/6508"}],"wp:featuredmedia":[{"embeddable":true,"href":"https:\/\/www.generali.es\/blog\/tuasesorsalud\/wp-json\/wp\/v2\/media\/4490"}],"wp:attachment":[{"href":"https:\/\/www.generali.es\/blog\/tuasesorsalud\/wp-json\/wp\/v2\/media?parent=4489"}],"wp:term":[{"taxonomy":"category","embeddable":true,"href":"https:\/\/www.generali.es\/blog\/tuasesorsalud\/wp-json\/wp\/v2\/categories?post=4489"},{"taxonomy":"post_tag","embeddable":true,"href":"https:\/\/www.generali.es\/blog\/tuasesorsalud\/wp-json\/wp\/v2\/tags?post=4489"}],"curies":[{"name":"wp","href":"https:\/\/api.w.org\/{rel}","templated":true}]}}