{"id":3363,"date":"2021-07-04T11:40:00","date_gmt":"2021-07-04T09:40:00","guid":{"rendered":"https:\/\/www.generali.es\/blog\/tuasesorsalud\/?p=3363"},"modified":"2024-05-28T16:25:11","modified_gmt":"2024-05-28T14:25:11","slug":"vacuna-meningococo","status":"publish","type":"post","link":"https:\/\/www.generali.es\/blog\/tuasesorsalud\/vacuna-meningococo\/","title":{"rendered":"Vacuna contra el meningococo \u00bfcu\u00e1l y cu\u00e1ndo ponerla?"},"content":{"rendered":"\n<p>Es de todos conocido que han salido al mercado en los \u00faltimos tiempos varias <strong>vacunas contra la meningitis meningoc\u00f3cica<\/strong>.<\/p>\n\n\n\n<div id=\"ez-toc-container\" class=\"ez-toc-v2_0_22 counter-hierarchy counter-decimal\">\n<div class=\"ez-toc-title-container\">\n<p class=\"ez-toc-title\">&Iacute;ndice<\/p>\n<span class=\"ez-toc-title-toggle\"><a class=\"ez-toc-pull-right ez-toc-btn ez-toc-btn-xs ez-toc-btn-default ez-toc-toggle\" style=\"display: none;\"><i class=\"ez-toc-glyphicon ez-toc-icon-toggle\"><\/i><\/a><\/span><\/div>\n<nav><ul class=\"ez-toc-list ez-toc-list-level-1\"><li class=\"ez-toc-page-1 ez-toc-heading-level-2\"><a class=\"ez-toc-link ez-toc-heading-1\" href=\"https:\/\/www.generali.es\/blog\/tuasesorsalud\/vacuna-meningococo\/#%C2%BFQue_es_el_meningococo\" title=\"\u00bfQu\u00e9 es el meningococo?\">\u00bfQu\u00e9 es el meningococo?<\/a><\/li><li class=\"ez-toc-page-1 ez-toc-heading-level-2\"><a class=\"ez-toc-link ez-toc-heading-2\" href=\"https:\/\/www.generali.es\/blog\/tuasesorsalud\/vacuna-meningococo\/#%C2%BFQue_enfermedades_provoca_la_bacteria_del_meningococo\" title=\"\u00bfQu\u00e9 enfermedades provoca la bacteria del meningococo?\">\u00bfQu\u00e9 enfermedades provoca la bacteria del meningococo?<\/a><\/li><li class=\"ez-toc-page-1 ez-toc-heading-level-2\"><a class=\"ez-toc-link ez-toc-heading-3\" href=\"https:\/\/www.generali.es\/blog\/tuasesorsalud\/vacuna-meningococo\/#%C2%BFQue_vacunas_meningococicas_estaban_incluidas_en_los_calendarios_vacunales_oficiales\" title=\"\u00bfQu\u00e9 vacunas meningoc\u00f3cicas estaban incluidas en los calendarios vacunales oficiales?\">\u00bfQu\u00e9 vacunas meningoc\u00f3cicas estaban incluidas en los calendarios vacunales oficiales?<\/a><\/li><li class=\"ez-toc-page-1 ez-toc-heading-level-2\"><a class=\"ez-toc-link ez-toc-heading-4\" href=\"https:\/\/www.generali.es\/blog\/tuasesorsalud\/vacuna-meningococo\/#Tipos_de_vacuna_contra_el_meningococo\" title=\"Tipos de vacuna contra el meningococo\">Tipos de vacuna contra el meningococo<\/a><\/li><li class=\"ez-toc-page-1 ez-toc-heading-level-2\"><a class=\"ez-toc-link ez-toc-heading-5\" href=\"https:\/\/www.generali.es\/blog\/tuasesorsalud\/vacuna-meningococo\/#%C2%BFCuales_son_las_recomendaciones_de_la_Asociacion_Espanola_de_Pediatria\" title=\"\u00bfCu\u00e1les son las recomendaciones de la Asociaci\u00f3n Espa\u00f1ola de Pediatr\u00eda?\">\u00bfCu\u00e1les son las recomendaciones de la Asociaci\u00f3n Espa\u00f1ola de Pediatr\u00eda?<\/a><\/li><li class=\"ez-toc-page-1 ez-toc-heading-level-2\"><a class=\"ez-toc-link ez-toc-heading-6\" href=\"https:\/\/www.generali.es\/blog\/tuasesorsalud\/vacuna-meningococo\/#Calendario_de_vacunacion_contra_la_meningitis\" title=\"Calendario de vacunaci\u00f3n contra la meningitis\">Calendario de vacunaci\u00f3n contra la meningitis<\/a><\/li><\/ul><\/nav><\/div>\n<h2 class=\"wp-block-heading\"><span class=\"ez-toc-section\" id=\"%C2%BFQue_es_el_meningococo\"><\/span>\u00bfQu\u00e9 es el meningococo?<span class=\"ez-toc-section-end\"><\/span><\/h2>\n\n\n\n<p>El meningococo es una de las bacterias que produce la temida meningitis, que consiste en la <strong>llegada al cerebro de diferentes bacterias, virus o par\u00e1sitos<\/strong> capaces de producir en determinadas circunstancias un cuadro cl\u00ednico grave, incluso en ocasiones el fallecimiento del paciente.<\/p>\n\n\n\n<p>Los cuadros m\u00e1s graves son producidos por bacterias, y en concreto, la meningitis meningoc\u00f3cica es la causa m\u00e1s frecuente de <strong>meningitis bacteriana<\/strong>, con una tasa de mortalidad de alrededor del 9% en la actualidad.<\/p>\n\n\n\n<p>Algunas de las vacunas disponibles est\u00e1n incluidas en los <a href=\"https:\/\/www.generali.es\/blog\/tuasesorsalud\/calendario-vacunacion-por-edad\/\">calendarios de vacunaci\u00f3n<\/a> oficiales que administran las Consejer\u00edas de Salud, y otras por el contrario no lo est\u00e1n, por lo que las familias de nuestros pacientes preguntan con frecuencia a este respecto, y la informaci\u00f3n puede ser en ocasiones algo confusa.<\/p>\n\n\n\n<p>Intentaremos a continuaci\u00f3n dejar claro todos los aspectos referentes a la vacuna contra el meningococo y las diferentes variantes.<\/p>\n\n\n\n<h2 class=\"wp-block-heading\"><span class=\"ez-toc-section\" id=\"%C2%BFQue_enfermedades_provoca_la_bacteria_del_meningococo\"><\/span>\u00bfQu\u00e9 enfermedades provoca la bacteria del meningococo?<span class=\"ez-toc-section-end\"><\/span><\/h2>\n\n\n\n<p>C\u00f3mo indic\u00e1bamos arriba, el meningococo provoca principalmente infecciones graves como la meningitis (en el cerebro), y la sepsis (en la sangre).<\/p>\n\n\n\n<h2 class=\"wp-block-heading\"><span class=\"ez-toc-section\" id=\"%C2%BFQue_vacunas_meningococicas_estaban_incluidas_en_los_calendarios_vacunales_oficiales\"><\/span>\u00bfQu\u00e9 vacunas meningoc\u00f3cicas estaban incluidas en los calendarios vacunales oficiales?<span class=\"ez-toc-section-end\"><\/span><\/h2>\n\n\n\n<p>Desde hace much\u00edsimos a\u00f1os, concretamente desde el <strong>a\u00f1o 2000<\/strong>, en Espa\u00f1a se introdujo la <strong>vacuna contra la meningitis meningoc\u00f3cica tipo C<\/strong>, a continuaci\u00f3n de una epidemia que se produjo en los a\u00f1os 98-99 con muchos casos graves.<\/p>\n\n\n\n<p>Esta vacuna, de la que existen varias presentaciones comerciales, en la actualidad <strong>se administra a los 4 y 12 meses de edad<\/strong>. Se da tambi\u00e9n una dosis de recuerdo a los 12 a\u00f1os de edad desde hace algunos a\u00f1os, ya que se vio que con el paso de los a\u00f1os descend\u00edan las tasas de anticuerpos, y se produc\u00edan algunos casos en adolescentes pese a que hab\u00edan sido vacunados cuando eran beb\u00e9s.<\/p>\n\n\n\n<h2 class=\"wp-block-heading\"><span class=\"ez-toc-section\" id=\"Tipos_de_vacuna_contra_el_meningococo\"><\/span>Tipos de vacuna contra el meningococo<span class=\"ez-toc-section-end\"><\/span><\/h2>\n\n\n\n<h3 class=\"wp-block-heading\">Meningitis meningoc\u00f3cica tipo B<\/h3>\n\n\n\n<p>Hace algunos a\u00f1os fue desarrollada <strong>una vacuna eficaz contra el meningococo B<\/strong>, producidas por los gigantes farmac\u00e9uticos <strong>Pfizer<\/strong> (Trumenba) y <strong>Glaxo<\/strong> (Bexsero).<\/p>\n\n\n\n<p>Por el momento <strong>ninguna<\/strong> de las vacunas disponibles contra la meningitis meningoc\u00f3cica B est\u00e1 incluida en los calendarios vacunales oficiales, por lo que <strong>solamente pueden ser administradas de manera privada<\/strong>, y su precio actual en farmacia es de 106,15 \u20ac para ambas presentaciones.<\/p>\n\n\n\n<h3 class=\"wp-block-heading\">Meningitis meningoc\u00f3cica ACWY<\/h3>\n\n\n\n<p>Ha salido tambi\u00e9n al mercado una vacuna contra los <strong>meningococos A, C, W e Y<\/strong>.<\/p>\n\n\n\n<p>Esto ha sucedido porque, en los \u00faltimos tiempos, se vio un aumento de otros meningococos, especialmente el del serotipo W, en los casos de meningitis que se producen.<\/p>\n\n\n\n<p>Como es f\u00e1cil de apreciar, esta presentaci\u00f3n <strong>incluye el serotipo C, ya incluido desde el a\u00f1o 2000 en los calendarios vacunales<\/strong>, m\u00e1s los serotipos A, W e Y.<\/p>\n\n\n\n<p>De alguna manera, representa una mejor\u00eda y ampliaci\u00f3n de la vacuna que ya se administraba en el calendario.<\/p>\n\n\n\n<p>Tanto es as\u00ed, que <strong>se ha incluido desde hace 2 a\u00f1os en los calendarios oficiales de vacunaci\u00f3n a los 12 a\u00f1os de edad, pero no en ni\u00f1os peque\u00f1os<\/strong>. Se ha hecho as\u00ed porque la Administraci\u00f3n ha considerado que la transmisi\u00f3n de este germen es mayor en adolescentes.<\/p>\n\n\n\n<p>Hay que destacar que la introducci\u00f3n de las vacunas antimeningoc\u00f3cicas han representado <strong>un important\u00edsimo descenso en el n\u00famero de casos<\/strong> que se producen, si se compara con las tasas anteriores a la vacunaci\u00f3n.<\/p>\n\n\n\n<h2 class=\"wp-block-heading\"><span class=\"ez-toc-section\" id=\"%C2%BFCuales_son_las_recomendaciones_de_la_Asociacion_Espanola_de_Pediatria\"><\/span>\u00bfCu\u00e1les son las recomendaciones de la Asociaci\u00f3n Espa\u00f1ola de Pediatr\u00eda?<span class=\"ez-toc-section-end\"><\/span><\/h2>\n\n\n\n<p>La AEP (<a href=\"http:\/\/www.aeped.es\">www.aeped.es<\/a>), a trav\u00e9s de su Comit\u00e9 Asesor de Vacunas, en su \u00faltima revisi\u00f3n de 2020 introduce algunas novedades en sus recomendaciones t\u00e9cnicas, cuyo calendario adjuntamos:<\/p>\n\n\n\n<ul>\n<li>Deja de realizar la distinci\u00f3n entre vacunas incluidas o no incluidas en los calendarios oficiales, y <strong>considera que la vacunaci\u00f3n contra el meningococo B y la vacunaci\u00f3n contra el meningococo ACWY deber\u00edan ser obligatorias<\/strong> para todos los ni\u00f1os<\/li>\n\n\n\n<li>La vacunaci\u00f3n contra el <strong>meningococo ACWY deber\u00eda ser obligatoria a los 12 meses y a los 12 a\u00f1os<\/strong>, ya que es en ni\u00f1os peque\u00f1os en los que se produce mayor n\u00famero de casos, por lo que se considera positivo pero insuficiente la administraci\u00f3n s\u00f3lo a los 12 a\u00f1os de edad.<\/li>\n<\/ul>\n\n\n\n<h2 class=\"wp-block-heading\"><span class=\"ez-toc-section\" id=\"Calendario_de_vacunacion_contra_la_meningitis\"><\/span>Calendario de vacunaci\u00f3n contra la meningitis<span class=\"ez-toc-section-end\"><\/span><\/h2>\n\n\n\n<p>A dicho efecto, la AEP ha realizado tambi\u00e9n una hoja informativa sobre todos estos aspectos relativos a las vacunas antimeningoc\u00f3cicas.<\/p>\n\n\n\n<figure class=\"wp-block-image size-large\"><img loading=\"lazy\" decoding=\"async\" width=\"780\" height=\"438\" src=\"https:\/\/www.generali.es\/blog\/tuasesorsalud\/wp-content\/uploads\/2021\/11\/image-1.png\" alt=\"\" class=\"wp-image-3367\" srcset=\"https:\/\/www.generali.es\/blog\/tuasesorsalud\/wp-content\/uploads\/2021\/11\/image-1.png 780w, https:\/\/www.generali.es\/blog\/tuasesorsalud\/wp-content\/uploads\/2021\/11\/image-1-300x168.png 300w, https:\/\/www.generali.es\/blog\/tuasesorsalud\/wp-content\/uploads\/2021\/11\/image-1-768x431.png 768w\" sizes=\"(max-width: 780px) 100vw, 780px\" \/><\/figure>\n\n\n\n<script type=\"application\/ld+json\">{\"@context\":\"https:\/\/schema.org\",\"@type\":\"FAQPage\",\"mainEntity\":[{\"@type\":\"Question\",\"name\":\"\u00bfQu\u00e9 es el meningococo?\",\"acceptedAnswer\":{\"@type\":\"Answer\",\"text\":\"El meningococo es una de las bacterias que produce la temida meningitis, que consiste en la llegada al cerebro de diferentes bacterias, virus o par\u00e1sitos capaces de producir en determinadas circunstancias un cuadro cl\u00ednico grave, incluso en ocasiones el fallecimiento del paciente.\"}},{\"@type\":\"Question\",\"name\":\"\u00bfQu\u00e9 enfermedades provoca la bacteria del meningococo?\",\"acceptedAnswer\":{\"@type\":\"Answer\",\"text\":\"C\u00f3mo indic\u00e1bamos arriba, el meningococo provoca principalmente infecciones graves como la meningitis (en el cerebro), y la sepsis (en la sangre).\"}}]}<\/script>\n","protected":false},"excerpt":{"rendered":"<p>Es de todos conocido que han salido al mercado en los \u00faltimos tiempos varias vacunas contra la meningitis meningoc\u00f3cica. &Iacute;ndice \u00bfQu\u00e9 es el meningococo?\u00bfQu\u00e9 enfermedades provoca la bacteria del meningococo?\u00bfQu\u00e9 vacunas meningoc\u00f3cicas estaban incluidas en los calendarios vacunales oficiales?Tipos de vacuna contra el meningococo\u00bfCu\u00e1les son las recomendaciones de la Asociaci\u00f3n Espa\u00f1ola de Pediatr\u00eda?Calendario de vacunaci\u00f3n [&hellip;]<\/p>\n","protected":false},"author":5,"featured_media":3368,"comment_status":"open","ping_status":"open","sticky":false,"template":"","format":"standard","meta":{"footnotes":""},"categories":[3],"tags":[],"yoast_head":"<!-- This site is optimized with the Yoast SEO plugin v21.6 - https:\/\/yoast.com\/wordpress\/plugins\/seo\/ -->\n<title>Vacuna Contra el Meningococo: Calendario de Vacunaci\u00f3n<\/title>\n<meta name=\"description\" content=\"\u00bfSabes cuando toca? \u2b50 Esta Vacuna evita la Infecci\u00f3n de la bacteria del Meningococo. Te explicamos los detalles y cu\u00e1ndo debes ponerla \u261d Saber M\u00e1s\" \/>\n<meta name=\"robots\" content=\"index, follow, max-snippet:-1, max-image-preview:large, max-video-preview:-1\" \/>\n<link rel=\"canonical\" href=\"https:\/\/www.generali.es\/blog\/tuasesorsalud\/vacuna-meningococo\/\" \/>\n<meta name=\"twitter:label1\" content=\"Escrito por\" \/>\n\t<meta name=\"twitter:data1\" content=\"PEDRO ALBERT\u00cd CELADA\" \/>\n\t<meta name=\"twitter:label2\" content=\"Tiempo de lectura\" \/>\n\t<meta name=\"twitter:data2\" content=\"4 minutos\" \/>\n<script type=\"application\/ld+json\" class=\"yoast-schema-graph\">{\"@context\":\"https:\/\/schema.org\",\"@graph\":[{\"@type\":\"Article\",\"@id\":\"https:\/\/www.generali.es\/blog\/tuasesorsalud\/vacuna-meningococo\/#article\",\"isPartOf\":{\"@id\":\"https:\/\/www.generali.es\/blog\/tuasesorsalud\/vacuna-meningococo\/\"},\"author\":{\"name\":\"PEDRO ALBERT\u00cd CELADA\",\"@id\":\"https:\/\/www.generali.es\/blog\/tuasesorsalud\/#\/schema\/person\/15707bc0e723b345c2df4f4ced0b7d87\"},\"headline\":\"Vacuna contra el meningococo \u00bfcu\u00e1l y cu\u00e1ndo ponerla?\",\"datePublished\":\"2021-07-04T09:40:00+00:00\",\"dateModified\":\"2024-05-28T14:25:11+00:00\",\"mainEntityOfPage\":{\"@id\":\"https:\/\/www.generali.es\/blog\/tuasesorsalud\/vacuna-meningococo\/\"},\"wordCount\":788,\"commentCount\":0,\"publisher\":{\"@id\":\"https:\/\/www.generali.es\/blog\/tuasesorsalud\/#organization\"},\"articleSection\":[\"Salud\"],\"inLanguage\":\"es\",\"potentialAction\":[{\"@type\":\"CommentAction\",\"name\":\"Comment\",\"target\":[\"https:\/\/www.generali.es\/blog\/tuasesorsalud\/vacuna-meningococo\/#respond\"]}]},{\"@type\":\"WebPage\",\"@id\":\"https:\/\/www.generali.es\/blog\/tuasesorsalud\/vacuna-meningococo\/\",\"url\":\"https:\/\/www.generali.es\/blog\/tuasesorsalud\/vacuna-meningococo\/\",\"name\":\"Vacuna Contra el Meningococo: Calendario de Vacunaci\u00f3n\",\"isPartOf\":{\"@id\":\"https:\/\/www.generali.es\/blog\/tuasesorsalud\/#website\"},\"datePublished\":\"2021-07-04T09:40:00+00:00\",\"dateModified\":\"2024-05-28T14:25:11+00:00\",\"description\":\"\u00bfSabes cuando toca? \u2b50 Esta Vacuna evita la Infecci\u00f3n de la bacteria del Meningococo. Te explicamos los detalles y cu\u00e1ndo debes ponerla \u261d Saber M\u00e1s\",\"breadcrumb\":{\"@id\":\"https:\/\/www.generali.es\/blog\/tuasesorsalud\/vacuna-meningococo\/#breadcrumb\"},\"inLanguage\":\"es\",\"potentialAction\":[{\"@type\":\"ReadAction\",\"target\":[\"https:\/\/www.generali.es\/blog\/tuasesorsalud\/vacuna-meningococo\/\"]}]},{\"@type\":\"BreadcrumbList\",\"@id\":\"https:\/\/www.generali.es\/blog\/tuasesorsalud\/vacuna-meningococo\/#breadcrumb\",\"itemListElement\":[{\"@type\":\"ListItem\",\"position\":1,\"name\":\"Home\",\"item\":\"https:\/\/www.generali.es\/blog\/tuasesorsalud\/\"},{\"@type\":\"ListItem\",\"position\":2,\"name\":\"Salud\",\"item\":\"https:\/\/www.generali.es\/blog\/tuasesorsalud\/salud\/\"},{\"@type\":\"ListItem\",\"position\":3,\"name\":\"Vacuna contra el meningococo \u00bfcu\u00e1l y cu\u00e1ndo ponerla?\"}]},{\"@type\":\"WebSite\",\"@id\":\"https:\/\/www.generali.es\/blog\/tuasesorsalud\/#website\",\"url\":\"https:\/\/www.generali.es\/blog\/tuasesorsalud\/\",\"name\":\"Tu Asesor de Salud\",\"description\":\"Blog de Salud de GENERALI\",\"publisher\":{\"@id\":\"https:\/\/www.generali.es\/blog\/tuasesorsalud\/#organization\"},\"potentialAction\":[{\"@type\":\"SearchAction\",\"target\":{\"@type\":\"EntryPoint\",\"urlTemplate\":\"https:\/\/www.generali.es\/blog\/tuasesorsalud\/?s={search_term_string}\"},\"query-input\":\"required name=search_term_string\"}],\"inLanguage\":\"es\"},{\"@type\":\"Organization\",\"@id\":\"https:\/\/www.generali.es\/blog\/tuasesorsalud\/#organization\",\"name\":\"Tu Asesor de Salud\",\"url\":\"https:\/\/www.generali.es\/blog\/tuasesorsalud\/\",\"logo\":{\"@type\":\"ImageObject\",\"inLanguage\":\"es\",\"@id\":\"https:\/\/www.generali.es\/blog\/tuasesorsalud\/#\/schema\/logo\/image\/\",\"url\":\"https:\/\/www.generali.es\/blog\/tuasesorsalud\/wp-content\/uploads\/2021\/04\/generali.png\",\"contentUrl\":\"https:\/\/www.generali.es\/blog\/tuasesorsalud\/wp-content\/uploads\/2021\/04\/generali.png\",\"width\":100,\"height\":81,\"caption\":\"Tu Asesor de Salud\"},\"image\":{\"@id\":\"https:\/\/www.generali.es\/blog\/tuasesorsalud\/#\/schema\/logo\/image\/\"}},{\"@type\":\"Person\",\"@id\":\"https:\/\/www.generali.es\/blog\/tuasesorsalud\/#\/schema\/person\/15707bc0e723b345c2df4f4ced0b7d87\",\"name\":\"PEDRO ALBERT\u00cd CELADA\",\"image\":{\"@type\":\"ImageObject\",\"inLanguage\":\"es\",\"@id\":\"https:\/\/www.generali.es\/blog\/tuasesorsalud\/#\/schema\/person\/image\/\",\"url\":\"https:\/\/www.generali.es\/blog\/tuasesorsalud\/wp-content\/uploads\/2021\/06\/Foto-DR.-Pedro-Fondo-Blanco-150x150.png\",\"contentUrl\":\"https:\/\/www.generali.es\/blog\/tuasesorsalud\/wp-content\/uploads\/2021\/06\/Foto-DR.-Pedro-Fondo-Blanco-150x150.png\",\"caption\":\"PEDRO ALBERT\u00cd CELADA\"},\"description\":\"PEDIATRA Y DIRECTOR GERENTE DE INSTITUTO BALEAR DE PEDIATR\u00cdA\",\"sameAs\":[\"https:\/\/infopediatria.net\",\"https:\/\/www.google.com\"],\"url\":\"https:\/\/www.generali.es\/blog\/tuasesorsalud\/author\/PedroAlbertiCelada\/\"}]}<\/script>\n<!-- \/ Yoast SEO plugin. -->","yoast_head_json":{"title":"Vacuna Contra el Meningococo: Calendario de Vacunaci\u00f3n","description":"\u00bfSabes cuando toca? \u2b50 Esta Vacuna evita la Infecci\u00f3n de la bacteria del Meningococo. Te explicamos los detalles y cu\u00e1ndo debes ponerla \u261d Saber M\u00e1s","robots":{"index":"index","follow":"follow","max-snippet":"max-snippet:-1","max-image-preview":"max-image-preview:large","max-video-preview":"max-video-preview:-1"},"canonical":"https:\/\/www.generali.es\/blog\/tuasesorsalud\/vacuna-meningococo\/","twitter_misc":{"Escrito por":"PEDRO ALBERT\u00cd CELADA","Tiempo de lectura":"4 minutos"},"schema":{"@context":"https:\/\/schema.org","@graph":[{"@type":"Article","@id":"https:\/\/www.generali.es\/blog\/tuasesorsalud\/vacuna-meningococo\/#article","isPartOf":{"@id":"https:\/\/www.generali.es\/blog\/tuasesorsalud\/vacuna-meningococo\/"},"author":{"name":"PEDRO ALBERT\u00cd CELADA","@id":"https:\/\/www.generali.es\/blog\/tuasesorsalud\/#\/schema\/person\/15707bc0e723b345c2df4f4ced0b7d87"},"headline":"Vacuna contra el meningococo \u00bfcu\u00e1l y cu\u00e1ndo ponerla?","datePublished":"2021-07-04T09:40:00+00:00","dateModified":"2024-05-28T14:25:11+00:00","mainEntityOfPage":{"@id":"https:\/\/www.generali.es\/blog\/tuasesorsalud\/vacuna-meningococo\/"},"wordCount":788,"commentCount":0,"publisher":{"@id":"https:\/\/www.generali.es\/blog\/tuasesorsalud\/#organization"},"articleSection":["Salud"],"inLanguage":"es","potentialAction":[{"@type":"CommentAction","name":"Comment","target":["https:\/\/www.generali.es\/blog\/tuasesorsalud\/vacuna-meningococo\/#respond"]}]},{"@type":"WebPage","@id":"https:\/\/www.generali.es\/blog\/tuasesorsalud\/vacuna-meningococo\/","url":"https:\/\/www.generali.es\/blog\/tuasesorsalud\/vacuna-meningococo\/","name":"Vacuna Contra el Meningococo: Calendario de Vacunaci\u00f3n","isPartOf":{"@id":"https:\/\/www.generali.es\/blog\/tuasesorsalud\/#website"},"datePublished":"2021-07-04T09:40:00+00:00","dateModified":"2024-05-28T14:25:11+00:00","description":"\u00bfSabes cuando toca? \u2b50 Esta Vacuna evita la Infecci\u00f3n de la bacteria del Meningococo. Te explicamos los detalles y cu\u00e1ndo debes ponerla \u261d Saber M\u00e1s","breadcrumb":{"@id":"https:\/\/www.generali.es\/blog\/tuasesorsalud\/vacuna-meningococo\/#breadcrumb"},"inLanguage":"es","potentialAction":[{"@type":"ReadAction","target":["https:\/\/www.generali.es\/blog\/tuasesorsalud\/vacuna-meningococo\/"]}]},{"@type":"BreadcrumbList","@id":"https:\/\/www.generali.es\/blog\/tuasesorsalud\/vacuna-meningococo\/#breadcrumb","itemListElement":[{"@type":"ListItem","position":1,"name":"Home","item":"https:\/\/www.generali.es\/blog\/tuasesorsalud\/"},{"@type":"ListItem","position":2,"name":"Salud","item":"https:\/\/www.generali.es\/blog\/tuasesorsalud\/salud\/"},{"@type":"ListItem","position":3,"name":"Vacuna contra el meningococo \u00bfcu\u00e1l y cu\u00e1ndo ponerla?"}]},{"@type":"WebSite","@id":"https:\/\/www.generali.es\/blog\/tuasesorsalud\/#website","url":"https:\/\/www.generali.es\/blog\/tuasesorsalud\/","name":"Tu Asesor de Salud","description":"Blog de Salud de GENERALI","publisher":{"@id":"https:\/\/www.generali.es\/blog\/tuasesorsalud\/#organization"},"potentialAction":[{"@type":"SearchAction","target":{"@type":"EntryPoint","urlTemplate":"https:\/\/www.generali.es\/blog\/tuasesorsalud\/?s={search_term_string}"},"query-input":"required name=search_term_string"}],"inLanguage":"es"},{"@type":"Organization","@id":"https:\/\/www.generali.es\/blog\/tuasesorsalud\/#organization","name":"Tu Asesor de Salud","url":"https:\/\/www.generali.es\/blog\/tuasesorsalud\/","logo":{"@type":"ImageObject","inLanguage":"es","@id":"https:\/\/www.generali.es\/blog\/tuasesorsalud\/#\/schema\/logo\/image\/","url":"https:\/\/www.generali.es\/blog\/tuasesorsalud\/wp-content\/uploads\/2021\/04\/generali.png","contentUrl":"https:\/\/www.generali.es\/blog\/tuasesorsalud\/wp-content\/uploads\/2021\/04\/generali.png","width":100,"height":81,"caption":"Tu Asesor de Salud"},"image":{"@id":"https:\/\/www.generali.es\/blog\/tuasesorsalud\/#\/schema\/logo\/image\/"}},{"@type":"Person","@id":"https:\/\/www.generali.es\/blog\/tuasesorsalud\/#\/schema\/person\/15707bc0e723b345c2df4f4ced0b7d87","name":"PEDRO ALBERT\u00cd CELADA","image":{"@type":"ImageObject","inLanguage":"es","@id":"https:\/\/www.generali.es\/blog\/tuasesorsalud\/#\/schema\/person\/image\/","url":"https:\/\/www.generali.es\/blog\/tuasesorsalud\/wp-content\/uploads\/2021\/06\/Foto-DR.-Pedro-Fondo-Blanco-150x150.png","contentUrl":"https:\/\/www.generali.es\/blog\/tuasesorsalud\/wp-content\/uploads\/2021\/06\/Foto-DR.-Pedro-Fondo-Blanco-150x150.png","caption":"PEDRO ALBERT\u00cd CELADA"},"description":"PEDIATRA Y DIRECTOR GERENTE DE INSTITUTO BALEAR DE PEDIATR\u00cdA","sameAs":["https:\/\/infopediatria.net","https:\/\/www.google.com"],"url":"https:\/\/www.generali.es\/blog\/tuasesorsalud\/author\/PedroAlbertiCelada\/"}]}},"_links":{"self":[{"href":"https:\/\/www.generali.es\/blog\/tuasesorsalud\/wp-json\/wp\/v2\/posts\/3363"}],"collection":[{"href":"https:\/\/www.generali.es\/blog\/tuasesorsalud\/wp-json\/wp\/v2\/posts"}],"about":[{"href":"https:\/\/www.generali.es\/blog\/tuasesorsalud\/wp-json\/wp\/v2\/types\/post"}],"author":[{"embeddable":true,"href":"https:\/\/www.generali.es\/blog\/tuasesorsalud\/wp-json\/wp\/v2\/users\/5"}],"replies":[{"embeddable":true,"href":"https:\/\/www.generali.es\/blog\/tuasesorsalud\/wp-json\/wp\/v2\/comments?post=3363"}],"version-history":[{"count":10,"href":"https:\/\/www.generali.es\/blog\/tuasesorsalud\/wp-json\/wp\/v2\/posts\/3363\/revisions"}],"predecessor-version":[{"id":6587,"href":"https:\/\/www.generali.es\/blog\/tuasesorsalud\/wp-json\/wp\/v2\/posts\/3363\/revisions\/6587"}],"wp:featuredmedia":[{"embeddable":true,"href":"https:\/\/www.generali.es\/blog\/tuasesorsalud\/wp-json\/wp\/v2\/media\/3368"}],"wp:attachment":[{"href":"https:\/\/www.generali.es\/blog\/tuasesorsalud\/wp-json\/wp\/v2\/media?parent=3363"}],"wp:term":[{"taxonomy":"category","embeddable":true,"href":"https:\/\/www.generali.es\/blog\/tuasesorsalud\/wp-json\/wp\/v2\/categories?post=3363"},{"taxonomy":"post_tag","embeddable":true,"href":"https:\/\/www.generali.es\/blog\/tuasesorsalud\/wp-json\/wp\/v2\/tags?post=3363"}],"curies":[{"name":"wp","href":"https:\/\/api.w.org\/{rel}","templated":true}]}}