{"id":3358,"date":"2021-07-12T13:35:00","date_gmt":"2021-07-12T11:35:00","guid":{"rendered":"https:\/\/www.generali.es\/blog\/tuasesorsalud\/?p=3358"},"modified":"2024-05-28T16:24:23","modified_gmt":"2024-05-28T14:24:23","slug":"covid-infeccion-leve-ninos","status":"publish","type":"post","link":"https:\/\/www.generali.es\/blog\/tuasesorsalud\/covid-infeccion-leve-ninos\/","title":{"rendered":"\u00bfPor qu\u00e9 los ni\u00f1os tienen la infecci\u00f3n por COVID tan leve?"},"content":{"rendered":"\n<p>En las fases iniciales de la pandemia por SARS-CoV 19 hubo mucho temor a la posibilidad de que los ni\u00f1os pudieran sufrir problemas graves si contra\u00edan dicha infecci\u00f3n.<\/p>\n\n\n\n<p>La l\u00f3gica en la que se basaba dicho razonamiento era aplastante: <strong>en los primeros a\u00f1os de la vida, los ni\u00f1os contraen muchas infecciones<\/strong>, virales en su mayor\u00eda, pero tambi\u00e9n por otros g\u00e9rmenes, debido a que su sistema inmune a\u00fan no est\u00e1 completamente desarrollado.<\/p>\n\n\n\n<p>Es algo que muchos padres de ni\u00f1os menores de 3-4 a\u00f1os conocen: cuando nuestros peque\u00f1os empiezan a ir a la guarder\u00eda se ponen enfermos todo el tiempo.<\/p>\n\n\n\n<p>Ese fue <strong>uno de los motivos de que en aquellos momentos se cerraran los centros educativos<\/strong>, pensando que se pod\u00eda desencadenar una cat\u00e1strofe. Otro de los motivos era la hip\u00f3tesis inicial, ya descartada, de que los ni\u00f1os pod\u00edan ser <em>supercontagiadores<\/em>.<\/p>\n\n\n\n<p>Sin embargo, los hechos demostraron lo contrario: una vez reabiertas las escuelas, no se ha visto un gran problema por COVID en la infancia, <strong>sino todo lo contrario<\/strong>.<\/p>\n\n\n\n<div id=\"ez-toc-container\" class=\"ez-toc-v2_0_22 counter-hierarchy counter-decimal\">\n<div class=\"ez-toc-title-container\">\n<p class=\"ez-toc-title\">&Iacute;ndice<\/p>\n<span class=\"ez-toc-title-toggle\"><a class=\"ez-toc-pull-right ez-toc-btn ez-toc-btn-xs ez-toc-btn-default ez-toc-toggle\" style=\"display: none;\"><i class=\"ez-toc-glyphicon ez-toc-icon-toggle\"><\/i><\/a><\/span><\/div>\n<nav><ul class=\"ez-toc-list ez-toc-list-level-1\"><li class=\"ez-toc-page-1 ez-toc-heading-level-2\"><a class=\"ez-toc-link ez-toc-heading-1\" href=\"https:\/\/www.generali.es\/blog\/tuasesorsalud\/covid-infeccion-leve-ninos\/#%C2%BFComo_responden_los_ninos_al_Coronavirus_y_que_sintomas_presentan\" title=\"\u00bfC\u00f3mo responden los ni\u00f1os al Coronavirus y qu\u00e9 s\u00edntomas presentan?\">\u00bfC\u00f3mo responden los ni\u00f1os al Coronavirus y qu\u00e9 s\u00edntomas presentan?<\/a><\/li><li class=\"ez-toc-page-1 ez-toc-heading-level-2\"><a class=\"ez-toc-link ez-toc-heading-2\" href=\"https:\/\/www.generali.es\/blog\/tuasesorsalud\/covid-infeccion-leve-ninos\/#%C2%BFCuales_son_los_motivos_por_los_que_los_ninos_no_enferman_o_presentan_cuadros_leves_por_Coronavirus\" title=\"\u00bfCu\u00e1les son los motivos por los que los ni\u00f1os no enferman o presentan cuadros leves por Coronavirus?\">\u00bfCu\u00e1les son los motivos por los que los ni\u00f1os no enferman o presentan cuadros leves por Coronavirus?<\/a><ul class=\"ez-toc-list-level-3\"><li class=\"ez-toc-heading-level-3\"><a class=\"ez-toc-link ez-toc-heading-3\" href=\"https:\/\/www.generali.es\/blog\/tuasesorsalud\/covid-infeccion-leve-ninos\/#Inmunidad_parcial\" title=\"Inmunidad parcial\">Inmunidad parcial<\/a><\/li><li class=\"ez-toc-page-1 ez-toc-heading-level-3\"><a class=\"ez-toc-link ez-toc-heading-4\" href=\"https:\/\/www.generali.es\/blog\/tuasesorsalud\/covid-infeccion-leve-ninos\/#Inmunidad_innata_o_inespecifica\" title=\"Inmunidad innata o inespec\u00edfica\">Inmunidad innata o inespec\u00edfica<\/a><\/li><li class=\"ez-toc-page-1 ez-toc-heading-level-3\"><a class=\"ez-toc-link ez-toc-heading-5\" href=\"https:\/\/www.generali.es\/blog\/tuasesorsalud\/covid-infeccion-leve-ninos\/#Inmunidad_entrenada_y_cruzada\" title=\"Inmunidad entrenada y cruzada\">Inmunidad entrenada y cruzada<\/a><\/li><\/ul><\/li><\/ul><\/nav><\/div>\n<h2 class=\"wp-block-heading\"><span class=\"ez-toc-section\" id=\"%C2%BFComo_responden_los_ninos_al_Coronavirus_y_que_sintomas_presentan\"><\/span>\u00bfC\u00f3mo responden los ni\u00f1os al Coronavirus y qu\u00e9 s\u00edntomas presentan?<span class=\"ez-toc-section-end\"><\/span><\/h2>\n\n\n\n<p>En mi propia consulta podr\u00edamos hablar de 3 grupos de ni\u00f1os con infecci\u00f3n por COVID:<\/p>\n\n\n\n<p>El primero es el de <strong>ni\u00f1os completamente asintom\u00e1ticos<\/strong>, que se hicieron una PCR y fue positiva debido a que los padres contrajeron la enfermedad.<\/p>\n\n\n\n<p>El segundo fue el de <strong>ni\u00f1os positivos que han tenido cuadros absolutamente leves<\/strong>, con algo de catarro y poco m\u00e1s.<\/p>\n\n\n\n<p>Y un tercer grupo, que han sufrido ya <strong>s\u00edntomas muy similares a la gripe, con <a href=\"https:\/\/www.generali.es\/blog\/tuasesorsalud\/fiebre-en-ninos\/\">fiebre<\/a>, <a href=\"https:\/\/www.generali.es\/blog\/tuasesorsalud\/dolor-cabeza-ninos\/\">cefalea<\/a> y malestar<\/strong> que ha durado 2-3 d\u00edas y se ha resuelto con rapidez.<\/p>\n\n\n\n<p>Ninguno de nuestros pacientes, despu\u00e9s de 1 a\u00f1o ya de pandemia, ha tenido que ser hospitalizado. Y las cifras a nivel mundial confirman que <strong>las complicaciones y casos graves en la infancia han sido escas\u00edsimos<\/strong>, y casi siempre en ni\u00f1os que ten\u00edan <a href=\"https:\/\/www.generali.es\/blog\/tuasesorsalud\/enfermedades-graves\/\">enfermedades graves<\/a> de base.<\/p>\n\n\n\n<h2 class=\"wp-block-heading\"><span class=\"ez-toc-section\" id=\"%C2%BFCuales_son_los_motivos_por_los_que_los_ninos_no_enferman_o_presentan_cuadros_leves_por_Coronavirus\"><\/span>\u00bfCu\u00e1les son los motivos por los que los ni\u00f1os no enferman o presentan cuadros leves por Coronavirus?<span class=\"ez-toc-section-end\"><\/span><\/h2>\n\n\n\n<p>Evidentemente esto ha sido algo que ha atra\u00eddo la atenci\u00f3n de los investigadores, ya que cae por su propio peso: si supi\u00e9ramos por qu\u00e9 raz\u00f3n los ni\u00f1os casi no enferman por COVID, quiz\u00e1 podr\u00edamos dar con alguna <strong>clave interesante para la prevenci\u00f3n o el tratamiento<\/strong> en otros grupos de edad.<\/p>\n\n\n\n<p>Las hip\u00f3tesis planteadas que podr\u00edan explicar este hecho ser\u00edan las siguientes:<\/p>\n\n\n\n<h3 class=\"wp-block-heading\"><span class=\"ez-toc-section\" id=\"Inmunidad_parcial\"><\/span>Inmunidad parcial<span class=\"ez-toc-section-end\"><\/span><\/h3>\n\n\n\n<p>Durante la infancia, <strong>los ni\u00f1os contraen muchos catarros v\u00edricos<\/strong> producidos por coronavirus. Aunque \u00e9stos no son propiamente el COVID, podr\u00eda explicar que tengan, por este motivo, una inmunidad parcial contra \u00e9ste.<\/p>\n\n\n\n<h3 class=\"wp-block-heading\"><span class=\"ez-toc-section\" id=\"Inmunidad_innata_o_inespecifica\"><\/span>Inmunidad innata o inespec\u00edfica<span class=\"ez-toc-section-end\"><\/span><\/h3>\n\n\n\n<p>Nacemos con ella, y <strong>es capaz de actuar contra un agresor sin tener que haber \u201caprendido\u201d antes<\/strong>.<\/p>\n\n\n\n<p>Quiz\u00e1 dicha forma de inmunidad funcione mucho mejor en los ni\u00f1os peque\u00f1os contra el coronavirus, pero no as\u00ed contra otros virus causantes de las infecciones t\u00edpicas de la \u00e9poca de guarder\u00eda.<\/p>\n\n\n\n<h3 class=\"wp-block-heading\"><span class=\"ez-toc-section\" id=\"Inmunidad_entrenada_y_cruzada\"><\/span>Inmunidad entrenada y cruzada<span class=\"ez-toc-section-end\"><\/span><\/h3>\n\n\n\n<p>Seg\u00fan se\u00f1ala la Doctora Aguirrezabalaga, del Grupo de Vacunas de la Sociedad Espa\u00f1ola de Pediatr\u00eda Extrahospitalaria y de Atenci\u00f3n Primaria, en \u201cRedacci\u00f3n M\u00e9dica\u201d, todo el <a href=\"https:\/\/www.generali.es\/blog\/tuasesorsalud\/calendario-vacunacion-por-edad\/\">calendario vacunal<\/a> que reciben los ni\u00f1os podr\u00eda <strong>estimular sus defensas<\/strong> contra otros g\u00e9rmenes diferentes de los que son vacunados.<\/p>\n\n\n\n<p>Se habla de la <strong>vacuna DTP<\/strong>, y, en especial, de las vacunas contra virus vivos, como son la triple v\u00edrica y la vacuna de la varicela. Se habla tambi\u00e9n de que la vacuna de la gripe sirve para \u201centrenar\u201d la inmunidad, y por ello la campa\u00f1a de este a\u00f1o ha intentado llegar a muchas m\u00e1s personas.<\/p>\n\n\n\n<p>A todo ello, se le contrapone el concepto de la <strong>inmunosenescencia<\/strong>, que es el \u201cenvejecimiento\u201d del sistema inmune, que responde peor en edades avanzadas de la vida.<\/p>\n\n\n\n<p><strong>Eso explicar\u00eda que la gravedad y la mortalidad asociada al COVID fuera mucho mayor en personas mayores<\/strong>, muy baja en adultos sanos en los que el sistema inmune funciona \u201cnormal\u201d, y casi nula en la edad infantil, debido a los factores comentados.<\/p>\n\n\n\n<p>En este art\u00edculo puedes descubrir <a href=\"https:\/\/www.generali.es\/blog\/tuasesorsalud\/como-fortalecer-nuestro-sistema-inmunologico\/\">c\u00f3mo fortalecer el sistema inmunol\u00f3gico<\/a> con alimentos, vitaminas, medicamentos y h\u00e1bitos saludables.<\/p>\n","protected":false},"excerpt":{"rendered":"<p>En las fases iniciales de la pandemia por SARS-CoV 19 hubo mucho temor a la posibilidad de que los ni\u00f1os pudieran sufrir problemas graves si contra\u00edan dicha infecci\u00f3n. La l\u00f3gica en la que se basaba dicho razonamiento era aplastante: en los primeros a\u00f1os de la vida, los ni\u00f1os contraen muchas infecciones, virales en su mayor\u00eda, [&hellip;]<\/p>\n","protected":false},"author":5,"featured_media":3360,"comment_status":"open","ping_status":"open","sticky":false,"template":"","format":"standard","meta":{"footnotes":""},"categories":[3],"tags":[],"yoast_head":"<!-- This site is optimized with the Yoast SEO plugin v21.6 - https:\/\/yoast.com\/wordpress\/plugins\/seo\/ -->\n<title>\u00bfPor Qu\u00e9 el COVID Afecta Menos a los Ni\u00f1os?<\/title>\n<meta name=\"description\" content=\"Te revelamos las causas principales \u2b50 de por qu\u00e9 el COVID tiene menor incidencia en los ni\u00f1os \u261d Ver M\u00e1s\" \/>\n<meta name=\"robots\" content=\"index, follow, max-snippet:-1, max-image-preview:large, max-video-preview:-1\" \/>\n<link rel=\"canonical\" href=\"https:\/\/www.generali.es\/blog\/tuasesorsalud\/covid-infeccion-leve-ninos\/\" \/>\n<meta name=\"twitter:label1\" content=\"Escrito por\" \/>\n\t<meta name=\"twitter:data1\" content=\"PEDRO ALBERT\u00cd CELADA\" \/>\n\t<meta name=\"twitter:label2\" content=\"Tiempo de lectura\" \/>\n\t<meta name=\"twitter:data2\" content=\"4 minutos\" \/>\n<script type=\"application\/ld+json\" class=\"yoast-schema-graph\">{\"@context\":\"https:\/\/schema.org\",\"@graph\":[{\"@type\":\"Article\",\"@id\":\"https:\/\/www.generali.es\/blog\/tuasesorsalud\/covid-infeccion-leve-ninos\/#article\",\"isPartOf\":{\"@id\":\"https:\/\/www.generali.es\/blog\/tuasesorsalud\/covid-infeccion-leve-ninos\/\"},\"author\":{\"name\":\"PEDRO ALBERT\u00cd CELADA\",\"@id\":\"https:\/\/www.generali.es\/blog\/tuasesorsalud\/#\/schema\/person\/15707bc0e723b345c2df4f4ced0b7d87\"},\"headline\":\"\u00bfPor qu\u00e9 los ni\u00f1os tienen la infecci\u00f3n por COVID tan leve?\",\"datePublished\":\"2021-07-12T11:35:00+00:00\",\"dateModified\":\"2024-05-28T14:24:23+00:00\",\"mainEntityOfPage\":{\"@id\":\"https:\/\/www.generali.es\/blog\/tuasesorsalud\/covid-infeccion-leve-ninos\/\"},\"wordCount\":750,\"commentCount\":0,\"publisher\":{\"@id\":\"https:\/\/www.generali.es\/blog\/tuasesorsalud\/#organization\"},\"articleSection\":[\"Salud\"],\"inLanguage\":\"es\",\"potentialAction\":[{\"@type\":\"CommentAction\",\"name\":\"Comment\",\"target\":[\"https:\/\/www.generali.es\/blog\/tuasesorsalud\/covid-infeccion-leve-ninos\/#respond\"]}]},{\"@type\":\"WebPage\",\"@id\":\"https:\/\/www.generali.es\/blog\/tuasesorsalud\/covid-infeccion-leve-ninos\/\",\"url\":\"https:\/\/www.generali.es\/blog\/tuasesorsalud\/covid-infeccion-leve-ninos\/\",\"name\":\"\u00bfPor Qu\u00e9 el COVID Afecta Menos a los Ni\u00f1os?\",\"isPartOf\":{\"@id\":\"https:\/\/www.generali.es\/blog\/tuasesorsalud\/#website\"},\"datePublished\":\"2021-07-12T11:35:00+00:00\",\"dateModified\":\"2024-05-28T14:24:23+00:00\",\"description\":\"Te revelamos las causas principales \u2b50 de por qu\u00e9 el COVID tiene menor incidencia en los ni\u00f1os \u261d Ver M\u00e1s\",\"breadcrumb\":{\"@id\":\"https:\/\/www.generali.es\/blog\/tuasesorsalud\/covid-infeccion-leve-ninos\/#breadcrumb\"},\"inLanguage\":\"es\",\"potentialAction\":[{\"@type\":\"ReadAction\",\"target\":[\"https:\/\/www.generali.es\/blog\/tuasesorsalud\/covid-infeccion-leve-ninos\/\"]}]},{\"@type\":\"BreadcrumbList\",\"@id\":\"https:\/\/www.generali.es\/blog\/tuasesorsalud\/covid-infeccion-leve-ninos\/#breadcrumb\",\"itemListElement\":[{\"@type\":\"ListItem\",\"position\":1,\"name\":\"Home\",\"item\":\"https:\/\/www.generali.es\/blog\/tuasesorsalud\/\"},{\"@type\":\"ListItem\",\"position\":2,\"name\":\"Salud\",\"item\":\"https:\/\/www.generali.es\/blog\/tuasesorsalud\/salud\/\"},{\"@type\":\"ListItem\",\"position\":3,\"name\":\"\u00bfPor qu\u00e9 los ni\u00f1os tienen la infecci\u00f3n por COVID tan leve?\"}]},{\"@type\":\"WebSite\",\"@id\":\"https:\/\/www.generali.es\/blog\/tuasesorsalud\/#website\",\"url\":\"https:\/\/www.generali.es\/blog\/tuasesorsalud\/\",\"name\":\"Tu Asesor de Salud\",\"description\":\"Blog de Salud de GENERALI\",\"publisher\":{\"@id\":\"https:\/\/www.generali.es\/blog\/tuasesorsalud\/#organization\"},\"potentialAction\":[{\"@type\":\"SearchAction\",\"target\":{\"@type\":\"EntryPoint\",\"urlTemplate\":\"https:\/\/www.generali.es\/blog\/tuasesorsalud\/?s={search_term_string}\"},\"query-input\":\"required name=search_term_string\"}],\"inLanguage\":\"es\"},{\"@type\":\"Organization\",\"@id\":\"https:\/\/www.generali.es\/blog\/tuasesorsalud\/#organization\",\"name\":\"Tu Asesor de Salud\",\"url\":\"https:\/\/www.generali.es\/blog\/tuasesorsalud\/\",\"logo\":{\"@type\":\"ImageObject\",\"inLanguage\":\"es\",\"@id\":\"https:\/\/www.generali.es\/blog\/tuasesorsalud\/#\/schema\/logo\/image\/\",\"url\":\"https:\/\/www.generali.es\/blog\/tuasesorsalud\/wp-content\/uploads\/2021\/04\/generali.png\",\"contentUrl\":\"https:\/\/www.generali.es\/blog\/tuasesorsalud\/wp-content\/uploads\/2021\/04\/generali.png\",\"width\":100,\"height\":81,\"caption\":\"Tu Asesor de Salud\"},\"image\":{\"@id\":\"https:\/\/www.generali.es\/blog\/tuasesorsalud\/#\/schema\/logo\/image\/\"}},{\"@type\":\"Person\",\"@id\":\"https:\/\/www.generali.es\/blog\/tuasesorsalud\/#\/schema\/person\/15707bc0e723b345c2df4f4ced0b7d87\",\"name\":\"PEDRO ALBERT\u00cd CELADA\",\"image\":{\"@type\":\"ImageObject\",\"inLanguage\":\"es\",\"@id\":\"https:\/\/www.generali.es\/blog\/tuasesorsalud\/#\/schema\/person\/image\/\",\"url\":\"https:\/\/www.generali.es\/blog\/tuasesorsalud\/wp-content\/uploads\/2021\/06\/Foto-DR.-Pedro-Fondo-Blanco-150x150.png\",\"contentUrl\":\"https:\/\/www.generali.es\/blog\/tuasesorsalud\/wp-content\/uploads\/2021\/06\/Foto-DR.-Pedro-Fondo-Blanco-150x150.png\",\"caption\":\"PEDRO ALBERT\u00cd CELADA\"},\"description\":\"PEDIATRA Y DIRECTOR GERENTE DE INSTITUTO BALEAR DE PEDIATR\u00cdA\",\"sameAs\":[\"https:\/\/infopediatria.net\",\"https:\/\/www.google.com\"],\"url\":\"https:\/\/www.generali.es\/blog\/tuasesorsalud\/author\/PedroAlbertiCelada\/\"}]}<\/script>\n<!-- \/ Yoast SEO plugin. -->","yoast_head_json":{"title":"\u00bfPor Qu\u00e9 el COVID Afecta Menos a los Ni\u00f1os?","description":"Te revelamos las causas principales \u2b50 de por qu\u00e9 el COVID tiene menor incidencia en los ni\u00f1os \u261d Ver M\u00e1s","robots":{"index":"index","follow":"follow","max-snippet":"max-snippet:-1","max-image-preview":"max-image-preview:large","max-video-preview":"max-video-preview:-1"},"canonical":"https:\/\/www.generali.es\/blog\/tuasesorsalud\/covid-infeccion-leve-ninos\/","twitter_misc":{"Escrito por":"PEDRO ALBERT\u00cd CELADA","Tiempo de lectura":"4 minutos"},"schema":{"@context":"https:\/\/schema.org","@graph":[{"@type":"Article","@id":"https:\/\/www.generali.es\/blog\/tuasesorsalud\/covid-infeccion-leve-ninos\/#article","isPartOf":{"@id":"https:\/\/www.generali.es\/blog\/tuasesorsalud\/covid-infeccion-leve-ninos\/"},"author":{"name":"PEDRO ALBERT\u00cd CELADA","@id":"https:\/\/www.generali.es\/blog\/tuasesorsalud\/#\/schema\/person\/15707bc0e723b345c2df4f4ced0b7d87"},"headline":"\u00bfPor qu\u00e9 los ni\u00f1os tienen la infecci\u00f3n por COVID tan leve?","datePublished":"2021-07-12T11:35:00+00:00","dateModified":"2024-05-28T14:24:23+00:00","mainEntityOfPage":{"@id":"https:\/\/www.generali.es\/blog\/tuasesorsalud\/covid-infeccion-leve-ninos\/"},"wordCount":750,"commentCount":0,"publisher":{"@id":"https:\/\/www.generali.es\/blog\/tuasesorsalud\/#organization"},"articleSection":["Salud"],"inLanguage":"es","potentialAction":[{"@type":"CommentAction","name":"Comment","target":["https:\/\/www.generali.es\/blog\/tuasesorsalud\/covid-infeccion-leve-ninos\/#respond"]}]},{"@type":"WebPage","@id":"https:\/\/www.generali.es\/blog\/tuasesorsalud\/covid-infeccion-leve-ninos\/","url":"https:\/\/www.generali.es\/blog\/tuasesorsalud\/covid-infeccion-leve-ninos\/","name":"\u00bfPor Qu\u00e9 el COVID Afecta Menos a los Ni\u00f1os?","isPartOf":{"@id":"https:\/\/www.generali.es\/blog\/tuasesorsalud\/#website"},"datePublished":"2021-07-12T11:35:00+00:00","dateModified":"2024-05-28T14:24:23+00:00","description":"Te revelamos las causas principales \u2b50 de por qu\u00e9 el COVID tiene menor incidencia en los ni\u00f1os \u261d Ver M\u00e1s","breadcrumb":{"@id":"https:\/\/www.generali.es\/blog\/tuasesorsalud\/covid-infeccion-leve-ninos\/#breadcrumb"},"inLanguage":"es","potentialAction":[{"@type":"ReadAction","target":["https:\/\/www.generali.es\/blog\/tuasesorsalud\/covid-infeccion-leve-ninos\/"]}]},{"@type":"BreadcrumbList","@id":"https:\/\/www.generali.es\/blog\/tuasesorsalud\/covid-infeccion-leve-ninos\/#breadcrumb","itemListElement":[{"@type":"ListItem","position":1,"name":"Home","item":"https:\/\/www.generali.es\/blog\/tuasesorsalud\/"},{"@type":"ListItem","position":2,"name":"Salud","item":"https:\/\/www.generali.es\/blog\/tuasesorsalud\/salud\/"},{"@type":"ListItem","position":3,"name":"\u00bfPor qu\u00e9 los ni\u00f1os tienen la infecci\u00f3n por COVID tan leve?"}]},{"@type":"WebSite","@id":"https:\/\/www.generali.es\/blog\/tuasesorsalud\/#website","url":"https:\/\/www.generali.es\/blog\/tuasesorsalud\/","name":"Tu Asesor de Salud","description":"Blog de Salud de GENERALI","publisher":{"@id":"https:\/\/www.generali.es\/blog\/tuasesorsalud\/#organization"},"potentialAction":[{"@type":"SearchAction","target":{"@type":"EntryPoint","urlTemplate":"https:\/\/www.generali.es\/blog\/tuasesorsalud\/?s={search_term_string}"},"query-input":"required name=search_term_string"}],"inLanguage":"es"},{"@type":"Organization","@id":"https:\/\/www.generali.es\/blog\/tuasesorsalud\/#organization","name":"Tu Asesor de Salud","url":"https:\/\/www.generali.es\/blog\/tuasesorsalud\/","logo":{"@type":"ImageObject","inLanguage":"es","@id":"https:\/\/www.generali.es\/blog\/tuasesorsalud\/#\/schema\/logo\/image\/","url":"https:\/\/www.generali.es\/blog\/tuasesorsalud\/wp-content\/uploads\/2021\/04\/generali.png","contentUrl":"https:\/\/www.generali.es\/blog\/tuasesorsalud\/wp-content\/uploads\/2021\/04\/generali.png","width":100,"height":81,"caption":"Tu Asesor de Salud"},"image":{"@id":"https:\/\/www.generali.es\/blog\/tuasesorsalud\/#\/schema\/logo\/image\/"}},{"@type":"Person","@id":"https:\/\/www.generali.es\/blog\/tuasesorsalud\/#\/schema\/person\/15707bc0e723b345c2df4f4ced0b7d87","name":"PEDRO ALBERT\u00cd CELADA","image":{"@type":"ImageObject","inLanguage":"es","@id":"https:\/\/www.generali.es\/blog\/tuasesorsalud\/#\/schema\/person\/image\/","url":"https:\/\/www.generali.es\/blog\/tuasesorsalud\/wp-content\/uploads\/2021\/06\/Foto-DR.-Pedro-Fondo-Blanco-150x150.png","contentUrl":"https:\/\/www.generali.es\/blog\/tuasesorsalud\/wp-content\/uploads\/2021\/06\/Foto-DR.-Pedro-Fondo-Blanco-150x150.png","caption":"PEDRO ALBERT\u00cd CELADA"},"description":"PEDIATRA Y DIRECTOR GERENTE DE INSTITUTO BALEAR DE PEDIATR\u00cdA","sameAs":["https:\/\/infopediatria.net","https:\/\/www.google.com"],"url":"https:\/\/www.generali.es\/blog\/tuasesorsalud\/author\/PedroAlbertiCelada\/"}]}},"_links":{"self":[{"href":"https:\/\/www.generali.es\/blog\/tuasesorsalud\/wp-json\/wp\/v2\/posts\/3358"}],"collection":[{"href":"https:\/\/www.generali.es\/blog\/tuasesorsalud\/wp-json\/wp\/v2\/posts"}],"about":[{"href":"https:\/\/www.generali.es\/blog\/tuasesorsalud\/wp-json\/wp\/v2\/types\/post"}],"author":[{"embeddable":true,"href":"https:\/\/www.generali.es\/blog\/tuasesorsalud\/wp-json\/wp\/v2\/users\/5"}],"replies":[{"embeddable":true,"href":"https:\/\/www.generali.es\/blog\/tuasesorsalud\/wp-json\/wp\/v2\/comments?post=3358"}],"version-history":[{"count":7,"href":"https:\/\/www.generali.es\/blog\/tuasesorsalud\/wp-json\/wp\/v2\/posts\/3358\/revisions"}],"predecessor-version":[{"id":6585,"href":"https:\/\/www.generali.es\/blog\/tuasesorsalud\/wp-json\/wp\/v2\/posts\/3358\/revisions\/6585"}],"wp:featuredmedia":[{"embeddable":true,"href":"https:\/\/www.generali.es\/blog\/tuasesorsalud\/wp-json\/wp\/v2\/media\/3360"}],"wp:attachment":[{"href":"https:\/\/www.generali.es\/blog\/tuasesorsalud\/wp-json\/wp\/v2\/media?parent=3358"}],"wp:term":[{"taxonomy":"category","embeddable":true,"href":"https:\/\/www.generali.es\/blog\/tuasesorsalud\/wp-json\/wp\/v2\/categories?post=3358"},{"taxonomy":"post_tag","embeddable":true,"href":"https:\/\/www.generali.es\/blog\/tuasesorsalud\/wp-json\/wp\/v2\/tags?post=3358"}],"curies":[{"name":"wp","href":"https:\/\/api.w.org\/{rel}","templated":true}]}}