{"id":3206,"date":"2021-11-12T10:05:00","date_gmt":"2021-11-12T09:05:00","guid":{"rendered":"https:\/\/www.generali.es\/blog\/tuasesorsalud\/?p=3206"},"modified":"2024-05-22T17:13:03","modified_gmt":"2024-05-22T15:13:03","slug":"infecciones-bacterianas-piel-ninos-y-bebes","status":"publish","type":"post","link":"https:\/\/www.generali.es\/blog\/tuasesorsalud\/infecciones-bacterianas-piel-ninos-y-bebes\/","title":{"rendered":"Infecciones bacterianas en la piel t\u00edpicas de la edad pedi\u00e1trica"},"content":{"rendered":"\n<p>Las <strong>infecciones cut\u00e1neas<\/strong> en la edad pedi\u00e1trica, sean <strong>bacterianas, v\u00edricas, parasitarias o f\u00fangicas<\/strong>, pueden compartir caracter\u00edsticas cl\u00ednicas con las del adulto, aunque con frecuencia se presentan con patrones y expresividad t\u00edpicas de la infancia, sea por el estado evolutivo de la piel, u\u00f1as y mucosas en conjunto, sea por el estado inmunol\u00f3gico en maduraci\u00f3n del ni\u00f1o.<\/p>\n\n\n\n<p>Incluso dentro de la edad pedi\u00e1trica, <strong>no es lo mismo la piel del reci\u00e9n nacido, que la de un prepuberal<\/strong>, ya que al igual que otros \u00f3rganos, la piel evoluciona a lo largo de la vida, cambiando su grosor, permeabilidad, reactividad al entorno, vascularizaci\u00f3n, secreci\u00f3n, y <a href=\"https:\/\/www.generali.es\/blog\/tuasesorsalud\/como-fortalecer-nuestro-sistema-inmunologico\/\">estado inmunol\u00f3gico<\/a>.<\/p>\n\n\n\n<p>Esto hace que sea mucho <strong>m\u00e1s frecuente encontrarnos con infecciones bacterianas y virales en la infancia que en los adultos<\/strong>.<\/p>\n\n\n\n<p>A medida que se conforman diferentes aspectos de resistencia, permeabilidad e inmunolog\u00eda cut\u00e1neas, decrece la incidencia para dar paso a otras infecciones propias del adulto.<\/p>\n\n\n\n<div id=\"ez-toc-container\" class=\"ez-toc-v2_0_22 counter-hierarchy counter-decimal\">\n<div class=\"ez-toc-title-container\">\n<p class=\"ez-toc-title\">&Iacute;ndice<\/p>\n<span class=\"ez-toc-title-toggle\"><a class=\"ez-toc-pull-right ez-toc-btn ez-toc-btn-xs ez-toc-btn-default ez-toc-toggle\" style=\"display: none;\"><i class=\"ez-toc-glyphicon ez-toc-icon-toggle\"><\/i><\/a><\/span><\/div>\n<nav><ul class=\"ez-toc-list ez-toc-list-level-1\"><li class=\"ez-toc-page-1 ez-toc-heading-level-2\"><a class=\"ez-toc-link ez-toc-heading-1\" href=\"https:\/\/www.generali.es\/blog\/tuasesorsalud\/infecciones-bacterianas-piel-ninos-y-bebes\/#%C2%BFQue_causa_las_infecciones_bacterianas_de_la_piel\" title=\"\u00bfQu\u00e9 causa las infecciones bacterianas de la piel?\">\u00bfQu\u00e9 causa las infecciones bacterianas de la piel?<\/a><\/li><li class=\"ez-toc-page-1 ez-toc-heading-level-2\"><a class=\"ez-toc-link ez-toc-heading-2\" href=\"https:\/\/www.generali.es\/blog\/tuasesorsalud\/infecciones-bacterianas-piel-ninos-y-bebes\/#Tipos_de_infecciones_bacterianas_en_la_piel_de_bebes_y_ninos\" title=\"Tipos de infecciones bacterianas en la piel de beb\u00e9s y ni\u00f1os\">Tipos de infecciones bacterianas en la piel de beb\u00e9s y ni\u00f1os<\/a><ul class=\"ez-toc-list-level-3\"><li class=\"ez-toc-heading-level-3\"><a class=\"ez-toc-link ez-toc-heading-3\" href=\"https:\/\/www.generali.es\/blog\/tuasesorsalud\/infecciones-bacterianas-piel-ninos-y-bebes\/#Impetigo_comun\" title=\"Imp\u00e9tigo com\u00fan\">Imp\u00e9tigo com\u00fan<\/a><\/li><li class=\"ez-toc-page-1 ez-toc-heading-level-3\"><a class=\"ez-toc-link ez-toc-heading-4\" href=\"https:\/\/www.generali.es\/blog\/tuasesorsalud\/infecciones-bacterianas-piel-ninos-y-bebes\/#Impetigo_ampolloso\" title=\"Imp\u00e9tigo ampolloso\">Imp\u00e9tigo ampolloso<\/a><\/li><li class=\"ez-toc-page-1 ez-toc-heading-level-3\"><a class=\"ez-toc-link ez-toc-heading-5\" href=\"https:\/\/www.generali.es\/blog\/tuasesorsalud\/infecciones-bacterianas-piel-ninos-y-bebes\/#Estreptococo_perianal\" title=\"Estreptococo perianal\">Estreptococo perianal<\/a><\/li><li class=\"ez-toc-page-1 ez-toc-heading-level-3\"><a class=\"ez-toc-link ez-toc-heading-6\" href=\"https:\/\/www.generali.es\/blog\/tuasesorsalud\/infecciones-bacterianas-piel-ninos-y-bebes\/#Forunculo_foliculitis\" title=\"For\u00fanculo, foliculitis\">For\u00fanculo, foliculitis<\/a><\/li><li class=\"ez-toc-page-1 ez-toc-heading-level-3\"><a class=\"ez-toc-link ez-toc-heading-7\" href=\"https:\/\/www.generali.es\/blog\/tuasesorsalud\/infecciones-bacterianas-piel-ninos-y-bebes\/#Escarlatina\" title=\"Escarlatina\">Escarlatina<\/a><\/li><li class=\"ez-toc-page-1 ez-toc-heading-level-3\"><a class=\"ez-toc-link ez-toc-heading-8\" href=\"https:\/\/www.generali.es\/blog\/tuasesorsalud\/infecciones-bacterianas-piel-ninos-y-bebes\/#Erisipela_celulitis\" title=\"Erisipela, celulitis\">Erisipela, celulitis<\/a><\/li><li class=\"ez-toc-page-1 ez-toc-heading-level-3\"><a class=\"ez-toc-link ez-toc-heading-9\" href=\"https:\/\/www.generali.es\/blog\/tuasesorsalud\/infecciones-bacterianas-piel-ninos-y-bebes\/#Dactilitis_distal_ampollosa\" title=\"Dactilitis distal ampollosa\">Dactilitis distal ampollosa<\/a><\/li><li class=\"ez-toc-page-1 ez-toc-heading-level-3\"><a class=\"ez-toc-link ez-toc-heading-10\" href=\"https:\/\/www.generali.es\/blog\/tuasesorsalud\/infecciones-bacterianas-piel-ninos-y-bebes\/#Eritrasma\" title=\"Eritrasma\">Eritrasma<\/a><\/li><li class=\"ez-toc-page-1 ez-toc-heading-level-3\"><a class=\"ez-toc-link ez-toc-heading-11\" href=\"https:\/\/www.generali.es\/blog\/tuasesorsalud\/infecciones-bacterianas-piel-ninos-y-bebes\/#Queratolisis_punctata\" title=\"Queratolisis punctata\">Queratolisis punctata<\/a><\/li><\/ul><\/li><\/ul><\/nav><\/div>\n<h2 class=\"wp-block-heading\"><span class=\"ez-toc-section\" id=\"%C2%BFQue_causa_las_infecciones_bacterianas_de_la_piel\"><\/span>\u00bfQu\u00e9 causa las infecciones bacterianas de la piel?<span class=\"ez-toc-section-end\"><\/span><\/h2>\n\n\n<div class=\"wp-block-image\">\n<figure class=\"aligncenter size-large is-resized\"><img loading=\"lazy\" decoding=\"async\" width=\"163\" height=\"92\" src=\"https:\/\/www.generali.es\/blog\/tuasesorsalud\/wp-content\/uploads\/2021\/11\/estafilococo-dorado.jpg\" alt=\"\" class=\"wp-image-3228\" style=\"width:291px;height:163px\"\/><figcaption class=\"wp-element-caption\"><em>Estafilococo dorado&nbsp;<\/em><\/figcaption><\/figure><\/div>\n\n<div class=\"wp-block-image\">\n<figure class=\"aligncenter size-large is-resized\"><img loading=\"lazy\" decoding=\"async\" width=\"165\" height=\"93\" src=\"https:\/\/www.generali.es\/blog\/tuasesorsalud\/wp-content\/uploads\/2021\/11\/estreptococo-1.jpg\" alt=\"\" class=\"wp-image-3230\" style=\"width:284px;height:163px\"\/><figcaption class=\"wp-element-caption\"><em>Estreptococo betahemol\u00edtico<\/em><\/figcaption><\/figure><\/div>\n\n\n<p><\/p>\n\n\n\n<p>Los agentes causales bacterianos m\u00e1s frecuentes son los <strong>estafilococos y los estreptococos<\/strong>. Ambos forman parte de la flora normal de la piel, aunque en ocasiones su sobrecrecimiento produce infecciones.<\/p>\n\n\n\n<p>En situaciones de <strong>excesiva humedad, falta de higiene, peque\u00f1as heridas, tratamientos inmunosupresores<\/strong>, y muy frecuentemente, en <strong>pacientes at\u00f3picos<\/strong> con la barrera cut\u00e1nea incompleta o da\u00f1ada, estas bacterias se convierten en pat\u00f3genas iniciando la enfermedad infecciosa.<\/p>\n\n\n\n<p><strong>Te puede interesar:<\/strong> <a href=\"https:\/\/www.generali.es\/blog\/tuasesorsalud\/tratar-dermatitis-atopica-bebes\/\">c\u00f3mo detectar y tratar la dermatitis at\u00f3pica en beb\u00e9s<\/a><\/p>\n\n\n\n<h2 class=\"wp-block-heading\"><span class=\"ez-toc-section\" id=\"Tipos_de_infecciones_bacterianas_en_la_piel_de_bebes_y_ninos\"><\/span>Tipos de infecciones bacterianas en la piel de beb\u00e9s y ni\u00f1os<span class=\"ez-toc-section-end\"><\/span><\/h2>\n\n\n\n<h3 class=\"wp-block-heading\"><span class=\"ez-toc-section\" id=\"Impetigo_comun\"><\/span>Imp\u00e9tigo com\u00fan<span class=\"ez-toc-section-end\"><\/span><\/h3>\n\n\n\n<p><em>\u201c Le han salido unas costras secas que le pican mucho y se rasca. Cada vez tiene m\u00e1s\u2026\u201d<\/em><\/p>\n\n\n<div class=\"wp-block-image\">\n<figure class=\"aligncenter size-large is-resized\"><img loading=\"lazy\" decoding=\"async\" width=\"198\" height=\"149\" src=\"https:\/\/www.generali.es\/blog\/tuasesorsalud\/wp-content\/uploads\/2021\/11\/impetigo-comun.jpg\" alt=\"\" class=\"wp-image-3225\" style=\"width:246px;height:185px\"\/><\/figure><\/div>\n\n<div class=\"wp-block-image\">\n<figure class=\"aligncenter size-large is-resized\"><img loading=\"lazy\" decoding=\"async\" width=\"215\" height=\"149\" src=\"https:\/\/www.generali.es\/blog\/tuasesorsalud\/wp-content\/uploads\/2021\/11\/impetigocomun2-1.jpg\" alt=\"\" class=\"wp-image-3227\" style=\"width:252px;height:175px\"\/><\/figure><\/div>\n\n\n<p>Es una infecci\u00f3n producida m\u00e1s frecuentemente por estreptococos betahemol\u00edticos del grupo A, y estafilococos aureus.<\/p>\n\n\n\n<p>Se presenta <strong>m\u00e1s habitualmente en \u00e9pocas estivales<\/strong>, cuando hay m\u00e1s propensi\u00f3n a peque\u00f1as heridas de la piel, ligeros descuidos de la higiene, y mayor contacto f\u00edsico entre ni\u00f1os, apareciendo a veces en forma de brotes dentro de una comunidad infantil por su alta contagiosidad.<\/p>\n\n\n\n<p>Lo podemos identificar por sus <strong>ves\u00edculas que pican alrededor de la boca, nariz, y extremidades<\/strong>, donde ha habido rascadas o picaduras previas. Las ves\u00edculas pasan a p\u00fastulas y finalmente al romperse, a costras amarillentas, que recuerdan a la miel seca.<\/p>\n\n\n\n<p>El ni\u00f1o suele rascarse por picor que le producen, <strong>facilitando la extensi\u00f3n de la infecci\u00f3n a otras zonas del cuerpo<\/strong>. No suele provocar <a href=\"https:\/\/www.generali.es\/blog\/tuasesorsalud\/fiebre-en-ninos\/\">fiebre<\/a>, ni alteraci\u00f3n del estado general, aunque en algunas ocasiones pueden tener los ganglios regionales inflamados.<\/p>\n\n\n\n<p>Debemos diferenciarlo del <a href=\"https:\/\/www.generali.es\/blog\/tuasesorsalud\/herpes-ninos\/\">herpes<\/a> simple en su fase inicial, y de las infecciones por hongos en su fase m\u00e1s costosa.<\/p>\n\n\n\n<p>Si es posible, mejor tomar una muestra para cultivo antes de iniciar el tratamiento dada la posibilidad de resistencias a los tratamientos habituales.<\/p>\n\n\n\n<p>El <strong>tratamiento es con pomada antibi\u00f3tica de mupirocina, ozenoxacino, o \u00e1cido fus\u00eddico<\/strong>. En caso de extensi\u00f3n generalizada de la infecci\u00f3n debe a\u00f1adirse tratamiento oral con derivados de la penicilina.<\/p>\n\n\n\n<p>Se le llama <strong>Dermatitis o Eccema impetiginizado<\/strong> a aquella situaci\u00f3n que se ha iniciado como una inflamaci\u00f3n irritativa o al\u00e9rgica de la piel que se ha sobreinfectado por estafilococos o estreptococos.<\/p>\n\n\n\n<p>Se observa <strong>frecuentemente en pacientes at\u00f3picos<\/strong>, que por su condici\u00f3n de piel m\u00e1s sensible y pruriginosa, alteraci\u00f3n local del sistema inmunitario y barrera cut\u00e1nea incompleta, tienden a padecer este tipo de infecci\u00f3n, extendido por el rascado como respuesta al picor que les produce la misma.<\/p>\n\n\n\n<h3 class=\"wp-block-heading\"><span class=\"ez-toc-section\" id=\"Impetigo_ampolloso\"><\/span>Imp\u00e9tigo ampolloso<span class=\"ez-toc-section-end\"><\/span><\/h3>\n\n\n\n<p><em>\u201cHan aparecido unas ampollas que crecen r\u00e1pidamente, le pican mucho y algunas tienen pus\u201d.<\/em><\/p>\n\n\n<div class=\"wp-block-image\">\n<figure class=\"aligncenter size-large is-resized\"><img loading=\"lazy\" decoding=\"async\" width=\"214\" height=\"142\" src=\"https:\/\/www.generali.es\/blog\/tuasesorsalud\/wp-content\/uploads\/2021\/11\/impetigo1.jpg.png\" alt=\"\" class=\"wp-image-3223\" style=\"width:291px;height:194px\"\/><\/figure><\/div>\n\n<div class=\"wp-block-image\">\n<figure class=\"aligncenter size-large is-resized\"><img loading=\"lazy\" decoding=\"async\" width=\"201\" height=\"157\" src=\"https:\/\/www.generali.es\/blog\/tuasesorsalud\/wp-content\/uploads\/2021\/11\/impetigo2.png\" alt=\"\" class=\"wp-image-3224\" style=\"width:279px;height:219px\"\/><\/figure><\/div>\n\n\n<p>Parecido al imp\u00e9tigo com\u00fan pero <strong>en forma de ampollas, con l\u00edquido transparente o purulento<\/strong>, debido a un estafilococo dorado que produce una toxina llamada exfoliatina.<\/p>\n\n\n\n<p>Suele afectar a extremidades y extenderse r\u00e1pidamente. El <strong>tratamiento es con antibi\u00f3tico por v\u00eda oral<\/strong>. En ocasiones conviene realizar un cultivo de las fosas nasales ya que pueden ser el reservorio de estafilococos.<\/p>\n\n\n\n<h3 class=\"wp-block-heading\"><span class=\"ez-toc-section\" id=\"Estreptococo_perianal\"><\/span>Estreptococo perianal<span class=\"ez-toc-section-end\"><\/span><\/h3>\n\n\n\n<p><em>\u201cLe pica mucho el ano, y casi no puede dormir\u201d.<\/em><\/p>\n\n\n\n<p>M\u00e1s <strong>frecuente en beb\u00e9s por el uso del pa\u00f1al<\/strong>, y en ni\u00f1as de 5 a 10 a\u00f1os.<\/p>\n\n\n\n<p>Se presenta con un <strong>enrojecimiento de la zona alrededor del ano, con mucho picor<\/strong>, signos de rascado, incluso fisuras que pueden sangrar con la defecaci\u00f3n.<\/p>\n\n\n\n<p>Vuelve a ser el estreptococo el causante de esta afecci\u00f3n, produciendo gran malestar al paciente. Puede <strong>confundirse con sobreinfecciones por c\u00e1ndidas<\/strong> (hongos), herpes simple, o infecciones parasitarias del intestino.<\/p>\n\n\n\n<p>La infecci\u00f3n se ve facilitada por las condiciones de humedad y maceraci\u00f3n de la piel que circunda el ano. El <strong>tratamiento antibi\u00f3tico<\/strong> adecuado, junto con las medidas de prevenci\u00f3n resolver\u00e1n el caso.<\/p>\n\n\n\n<h3 class=\"wp-block-heading\"><span class=\"ez-toc-section\" id=\"Forunculo_foliculitis\"><\/span>For\u00fanculo, foliculitis<span class=\"ez-toc-section-end\"><\/span><\/h3>\n\n\n\n<p><em>\u201cTiene un grano muy grande, y le duele\u201d \u201cLe han salido muchos granitos peque\u00f1os con pus\u201d<\/em><\/p>\n\n\n<div class=\"wp-block-image\">\n<figure class=\"aligncenter size-large is-resized\"><img loading=\"lazy\" decoding=\"async\" width=\"187\" height=\"114\" src=\"https:\/\/www.generali.es\/blog\/tuasesorsalud\/wp-content\/uploads\/2021\/11\/forunculo.jpg\" alt=\"\" class=\"wp-image-3221\" style=\"width:283px;height:174px\"\/><\/figure><\/div>\n\n<div class=\"wp-block-image\">\n<figure class=\"aligncenter size-large is-resized\"><img loading=\"lazy\" decoding=\"async\" width=\"181\" height=\"105\" src=\"https:\/\/www.generali.es\/blog\/tuasesorsalud\/wp-content\/uploads\/2021\/11\/forunculo2.jpg\" alt=\"\" class=\"wp-image-3222\" style=\"width:283px;height:165px\"\/><\/figure><\/div>\n\n\n<p>Infecci\u00f3n de los fol\u00edculos pilosos por <strong>estafilococo dorado<\/strong>, especialmente en zonas de fricci\u00f3n, sudoraci\u00f3n y oclusi\u00f3n.<\/p>\n\n\n\n<p>M\u00e1s frecuentes en <strong>pacientes inmunodeprimidos<\/strong>. Se inicia con peque\u00f1os puntos purulentos en la base de un pelo de vello corporal, para conformar en ocasiones un gran absceso doloroso por la rotura de la unidad piloseb\u00e1cea infectada. <strong>Pueden provocar fiebre<\/strong>.<\/p>\n\n\n\n<p>Algunos casos de foliculitis pueden ser extensos y afectar a la zona del ba\u00f1ador, siendo causados por Pseudomonas. <strong>Se relaciona con ba\u00f1os en jacuzzis o aguas termales l\u00fadicas<\/strong>.<\/p>\n\n\n\n<p>Como en todos los casos de infecciones producidas por estafilococos, la <strong>mupirocina<\/strong> t\u00f3pica es de primera elecci\u00f3n.<\/p>\n\n\n\n<h3 class=\"wp-block-heading\"><span class=\"ez-toc-section\" id=\"Escarlatina\"><\/span>Escarlatina<span class=\"ez-toc-section-end\"><\/span><\/h3>\n\n\n\n<p><em>\u201cFiebre, dolor de garganta, lengua aframbuesada, y erupci\u00f3n general\u201d<\/em><\/p>\n\n\n<div class=\"wp-block-image\">\n<figure class=\"aligncenter size-large\"><img loading=\"lazy\" decoding=\"async\" width=\"207\" height=\"155\" src=\"https:\/\/www.generali.es\/blog\/tuasesorsalud\/wp-content\/uploads\/2021\/11\/pechorojo-1.jpg\" alt=\"\" class=\"wp-image-3220\"\/><\/figure><\/div>\n\n<div class=\"wp-block-image\">\n<figure class=\"aligncenter size-large is-resized\"><img loading=\"lazy\" decoding=\"async\" width=\"116\" height=\"116\" src=\"https:\/\/www.generali.es\/blog\/tuasesorsalud\/wp-content\/uploads\/2021\/11\/lengua-1.jpg\" alt=\"\" class=\"wp-image-3218\" style=\"width:201px;height:201px\"\/><\/figure><\/div>\n\n\n<p>Tras un periodo de <strong>incubaci\u00f3n de 3 a 5 d\u00edas<\/strong>, el ni\u00f1o presenta dolor de garganta, lengua blancuzca con puntos rojos (aframbuesada), fiebre alta, v\u00f3mitos, y una erupci\u00f3n de puntos rojos que se inicia en la cara, respetando la zona perioral, y extendi\u00e9ndose hacia el tronco y extremidades, m\u00e1s evidente en los pliegues axilares y codos.<\/p>\n\n\n\n<p><a href=\"https:\/\/www.generali.es\/blog\/tuasesorsalud\/escarlatina-ninos\/\">La escarlatina<\/a> suele resolver con una descamaci\u00f3n posterior de toda la zona afectada por la erupci\u00f3n.<\/p>\n\n\n\n<p>Puede complicarse con <a href=\"https:\/\/www.generali.es\/blog\/tuasesorsalud\/otitis-ninos-bebes\/\">otitis<\/a>, faringitis, y afecciones renales en ocasiones. El <strong>tratamiento es con antibi\u00f3ticos<\/strong> derivados de la penicilina, ya que est\u00e1 provocado por un estreptococo.<\/p>\n\n\n\n<h3 class=\"wp-block-heading\"><span class=\"ez-toc-section\" id=\"Erisipela_celulitis\"><\/span>Erisipela, celulitis<span class=\"ez-toc-section-end\"><\/span><\/h3>\n\n\n\n<p><em>\u201cSe le ha hinchado la pierna, est\u00e1 caliente y dolorosa\u201d \u201cParece que le ha picado un bicho, y se ha hinchado mucho\u201d<\/em><\/p>\n\n\n<div class=\"wp-block-image\">\n<figure class=\"aligncenter size-large is-resized\"><img loading=\"lazy\" decoding=\"async\" width=\"222\" height=\"125\" src=\"https:\/\/www.generali.es\/blog\/tuasesorsalud\/wp-content\/uploads\/2021\/11\/celulitis.jpg\" alt=\"\" class=\"wp-image-3216\" style=\"width:254px;height:143px\"\/><\/figure><\/div>\n\n<div class=\"wp-block-image\">\n<figure class=\"aligncenter size-large is-resized\"><img loading=\"lazy\" decoding=\"async\" width=\"185\" height=\"123\" src=\"https:\/\/www.generali.es\/blog\/tuasesorsalud\/wp-content\/uploads\/2021\/11\/ojo-hinchado-1-1.jpg\" alt=\"\" class=\"wp-image-3215\" style=\"width:253px;height:168px\"\/><\/figure><\/div>\n\n\n<p>Siguiendo con las infecciones bacterianas de la piel, la erisipela es una afecci\u00f3n cut\u00e1nea de r\u00e1pida evoluci\u00f3n que afecta a la dermis, o la hipodermis (celulitis), provocada por estreptococos mayoritariamente.<\/p>\n\n\n\n<p>Se observa una <strong>placa rojiza, hinchada y caliente, dolorosa al tacto<\/strong>. Suele afectar m\u00e1s a las extremidades inferiores, aunque no es raro ver casos afectando a la zona facial en los ni\u00f1os.<\/p>\n\n\n\n<p>Puede acompa\u00f1arse de inflamaci\u00f3n de los vasos linf\u00e1ticos, fiebre, y dolor local. La r\u00e1pida instauraci\u00f3n de un <strong>tratamiento antibi\u00f3tico oral<\/strong> resolver\u00e1 el proceso infeccioso.<\/p>\n\n\n\n<p>Se produce cuando la bacteria ha conseguido llegar a las capas m\u00e1s profundas de la piel, una vez superada la barrera epid\u00e9rmica, sea a trav\u00e9s de una herida, como una picadura o un rasgu\u00f1o.<\/p>\n\n\n\n<h3 class=\"wp-block-heading\"><span class=\"ez-toc-section\" id=\"Dactilitis_distal_ampollosa\"><\/span>Dactilitis distal ampollosa<span class=\"ez-toc-section-end\"><\/span><\/h3>\n\n\n\n<p><em>\u201cAmpollas en los dedos sin haber tenido ning\u00fan traumatismo ni quemadura\u201d<\/em><\/p>\n\n\n<div class=\"wp-block-image\">\n<figure class=\"aligncenter size-large is-resized\"><img loading=\"lazy\" decoding=\"async\" width=\"183\" height=\"173\" src=\"https:\/\/www.generali.es\/blog\/tuasesorsalud\/wp-content\/uploads\/2021\/11\/dactilitis.jpg\" alt=\"\" class=\"wp-image-3213\" style=\"width:223px;height:211px\"\/><\/figure><\/div>\n\n\n<p>Aparici\u00f3n repentina de <strong>ampollas dolorosas con contenido l\u00edquido<\/strong> o purulento en los pulpejos de los dedos, causado por estreptococos y estafilococos.<\/p>\n\n\n\n<p>Puede ser la \u00fanica expresi\u00f3n de la infecci\u00f3n por estos microbios, a menudo confundido con ampollas por roce o quemaduras.<\/p>\n\n\n\n<h3 class=\"wp-block-heading\"><span class=\"ez-toc-section\" id=\"Eritrasma\"><\/span>Eritrasma<span class=\"ez-toc-section-end\"><\/span><\/h3>\n\n\n\n<p><em>\u201cManchas en las axilas\u201d \u201cTiene pieles entre los dedos de los pies\u201d<\/em><\/p>\n\n\n<div class=\"wp-block-image\">\n<figure class=\"aligncenter size-large is-resized\"><img loading=\"lazy\" decoding=\"async\" width=\"160\" height=\"121\" src=\"https:\/\/www.generali.es\/blog\/tuasesorsalud\/wp-content\/uploads\/2021\/11\/manchas-1-1.jpg\" alt=\"\" class=\"wp-image-3212\" style=\"width:201px;height:153px\"\/><\/figure><\/div>\n\n<div class=\"wp-block-image\">\n<figure class=\"aligncenter size-large is-resized\"><img loading=\"lazy\" decoding=\"async\" width=\"161\" height=\"138\" src=\"https:\/\/www.generali.es\/blog\/tuasesorsalud\/wp-content\/uploads\/2021\/11\/pies3.jpg\" alt=\"\" class=\"wp-image-3210\" style=\"width:199px;height:170px\"\/><\/figure><\/div>\n\n\n<p>Manchas caf\u00e9 rojizas en pliegues, sea axilar, inguinal, o incluso entre los dedos, producidos en esta ocasi\u00f3n por un microbio distinto: <em>Corynebacterium minutissimum.<\/em><\/p>\n\n\n\n<p>M\u00e1s <strong>frecuente en adolescentes<\/strong>, aparece en zonas donde hay contacto entre piel y piel, humedad y calor. Si dispusieramos de una luz ultravioleta apreciar\u00edamos las manchas de color rojo coral debido a los pigmentos propios de la bacteria.<\/p>\n\n\n\n<p>A veces afecta a los espacios <strong>entre los dedos de los pies<\/strong>, produciendo picor, pudiendo ser confundido con infecciones por hongos. Los <strong>antibi\u00f3ticos t\u00f3picos<\/strong> suelen curar la infecci\u00f3n, aunque en algunas ocasiones tambi\u00e9n se recurra a los antif\u00fangicos t\u00f3picos.<\/p>\n\n\n\n<h3 class=\"wp-block-heading\"><span class=\"ez-toc-section\" id=\"Queratolisis_punctata\"><\/span>Queratolisis punctata<span class=\"ez-toc-section-end\"><\/span><\/h3>\n\n\n\n<p><em>\u201cDoctor, le huelen mucho los pies, y me parece que van a ser verrugas\u201d<\/em><\/p>\n\n\n<div class=\"wp-block-image\">\n<figure class=\"aligncenter size-large is-resized\"><img loading=\"lazy\" decoding=\"async\" width=\"165\" height=\"124\" src=\"https:\/\/www.generali.es\/blog\/tuasesorsalud\/wp-content\/uploads\/2021\/11\/pies2.jpg\" alt=\"\" class=\"wp-image-3209\" style=\"width:196px;height:147px\"\/><\/figure><\/div>\n\n<div class=\"wp-block-image\">\n<figure class=\"aligncenter size-large is-resized\"><img loading=\"lazy\" decoding=\"async\" width=\"173\" height=\"122\" src=\"https:\/\/www.generali.es\/blog\/tuasesorsalud\/wp-content\/uploads\/2021\/11\/pies-1.jpg\" alt=\"\" class=\"wp-image-3208\" style=\"width:193px;height:137px\"\/><\/figure><\/div>\n\n\n<p>Es una infecci\u00f3n bacteriana de la piel en la planta de los pies <strong>producida por una flora mixta de microbios <\/strong>entre los que se encuentran los<strong> <em>Corynebacterium, Micrococcus y Dermatophilus<\/em><\/strong>.<\/p>\n\n\n\n<p><strong>M\u00e1s frecuente en ni\u00f1os y adolescentes<\/strong>. Su crecimiento se ve propiciado por la sudoraci\u00f3n del pie, uso de calzado sint\u00e9tico y oclusivo especialmente deportivo que propicie mala aireaci\u00f3n del pie.<\/p>\n\n\n\n<p>Se aprecian multitud de peque\u00f1os <strong>hoyuelos sobre una placa de piel blanca, reblandecida<\/strong>, en la planta de los pies, especialmente donde hay mayor contacto con el calzado o el suelo.<\/p>\n\n\n\n<p>No debemos confundir estos hoyuelos con las verrugas v\u00edricas. Estas bacterias se alimentan de las capas m\u00e1s superficiales de la piel, y en su degradaci\u00f3n <strong>descomponen azufre que le da este olor tan desagradable a esta enfermedad<\/strong>.<\/p>\n\n\n\n<p>El uso de antibi\u00f3ticos t\u00f3picos, junto con el cambio de las condiciones de humedad y oclusi\u00f3n del pie, solucionan el problema.<\/p>\n\n\n\n<p>Como hemos visto, la piel de los ni\u00f1os puede representar un reto a la hora de diagnosticar correctamente una infecci\u00f3n bacteriana cut\u00e1nea. <strong>Consulta siempre con un especialista<\/strong> que te acompa\u00f1e en el proceso de diagn\u00f3stico y tratamiento. Los <a href=\"https:\/\/www.generali.es\/seguros-particulares\/salud\">seguros de salud GENERALI<\/a> te ofrecen acceso a un amplio cuadro m\u00e9dico y pruebas diagn\u00f3sticas que os pueden ayudar.<\/p>\n\n\n\n<p>Y si quieres recibir m\u00e1s contenidos de salud como este, no olvides suscribirte a nuestro blog, \u00a1o s\u00edguenos en nuestras redes sociales!<\/p>\n\n\n\n<hr class=\"wp-block-separator has-css-opacity\"\/>\n\n\n\n<p><\/p>\n","protected":false},"excerpt":{"rendered":"<p>Las infecciones cut\u00e1neas en la edad pedi\u00e1trica, sean bacterianas, v\u00edricas, parasitarias o f\u00fangicas, pueden compartir caracter\u00edsticas cl\u00ednicas con las del adulto, aunque con frecuencia se presentan con patrones y expresividad t\u00edpicas de la infancia, sea por el estado evolutivo de la piel, u\u00f1as y mucosas en conjunto, sea por el estado inmunol\u00f3gico en maduraci\u00f3n del [&hellip;]<\/p>\n","protected":false},"author":8,"featured_media":3233,"comment_status":"open","ping_status":"open","sticky":false,"template":"","format":"standard","meta":{"footnotes":""},"categories":[3],"tags":[],"yoast_head":"<!-- This site is optimized with the Yoast SEO plugin v21.6 - https:\/\/yoast.com\/wordpress\/plugins\/seo\/ -->\n<title>\u25b7 Infecciones Bacterianas de la Piel en Beb\u00e9s y Ni\u00f1os<\/title>\n<meta name=\"description\" content=\"Rojeces, Picores, Erupciones, Ves\u00edculas... \u26a0\ufe0f las Infecciones Bacterianas de la Piel pueden ser Muy Agresivas para la Vista, pero tienen \u261d F\u00e1cil Soluci\u00f3n\" \/>\n<meta name=\"robots\" content=\"index, follow, max-snippet:-1, max-image-preview:large, max-video-preview:-1\" \/>\n<link rel=\"canonical\" href=\"https:\/\/www.generali.es\/blog\/tuasesorsalud\/infecciones-bacterianas-piel-ninos-y-bebes\/\" \/>\n<meta name=\"twitter:label1\" content=\"Escrito por\" \/>\n\t<meta name=\"twitter:data1\" content=\"JORDI SEGURA CORRALES\" \/>\n\t<meta name=\"twitter:label2\" content=\"Tiempo de lectura\" \/>\n\t<meta name=\"twitter:data2\" content=\"11 minutos\" \/>\n<script type=\"application\/ld+json\" class=\"yoast-schema-graph\">{\"@context\":\"https:\/\/schema.org\",\"@graph\":[{\"@type\":\"Article\",\"@id\":\"https:\/\/www.generali.es\/blog\/tuasesorsalud\/infecciones-bacterianas-piel-ninos-y-bebes\/#article\",\"isPartOf\":{\"@id\":\"https:\/\/www.generali.es\/blog\/tuasesorsalud\/infecciones-bacterianas-piel-ninos-y-bebes\/\"},\"author\":{\"name\":\"JORDI SEGURA CORRALES\",\"@id\":\"https:\/\/www.generali.es\/blog\/tuasesorsalud\/#\/schema\/person\/ea6d9d044e1ecb7d2c232dff74103c66\"},\"headline\":\"Infecciones bacterianas en la piel t\u00edpicas de la edad pedi\u00e1trica\",\"datePublished\":\"2021-11-12T09:05:00+00:00\",\"dateModified\":\"2024-05-22T15:13:03+00:00\",\"mainEntityOfPage\":{\"@id\":\"https:\/\/www.generali.es\/blog\/tuasesorsalud\/infecciones-bacterianas-piel-ninos-y-bebes\/\"},\"wordCount\":1696,\"commentCount\":0,\"publisher\":{\"@id\":\"https:\/\/www.generali.es\/blog\/tuasesorsalud\/#organization\"},\"articleSection\":[\"Salud\"],\"inLanguage\":\"es\",\"potentialAction\":[{\"@type\":\"CommentAction\",\"name\":\"Comment\",\"target\":[\"https:\/\/www.generali.es\/blog\/tuasesorsalud\/infecciones-bacterianas-piel-ninos-y-bebes\/#respond\"]}]},{\"@type\":\"WebPage\",\"@id\":\"https:\/\/www.generali.es\/blog\/tuasesorsalud\/infecciones-bacterianas-piel-ninos-y-bebes\/\",\"url\":\"https:\/\/www.generali.es\/blog\/tuasesorsalud\/infecciones-bacterianas-piel-ninos-y-bebes\/\",\"name\":\"\u25b7 Infecciones Bacterianas de la Piel en Beb\u00e9s y Ni\u00f1os\",\"isPartOf\":{\"@id\":\"https:\/\/www.generali.es\/blog\/tuasesorsalud\/#website\"},\"datePublished\":\"2021-11-12T09:05:00+00:00\",\"dateModified\":\"2024-05-22T15:13:03+00:00\",\"description\":\"Rojeces, Picores, Erupciones, Ves\u00edculas... \u26a0\ufe0f las Infecciones Bacterianas de la Piel pueden ser Muy Agresivas para la Vista, pero tienen \u261d F\u00e1cil Soluci\u00f3n\",\"breadcrumb\":{\"@id\":\"https:\/\/www.generali.es\/blog\/tuasesorsalud\/infecciones-bacterianas-piel-ninos-y-bebes\/#breadcrumb\"},\"inLanguage\":\"es\",\"potentialAction\":[{\"@type\":\"ReadAction\",\"target\":[\"https:\/\/www.generali.es\/blog\/tuasesorsalud\/infecciones-bacterianas-piel-ninos-y-bebes\/\"]}]},{\"@type\":\"BreadcrumbList\",\"@id\":\"https:\/\/www.generali.es\/blog\/tuasesorsalud\/infecciones-bacterianas-piel-ninos-y-bebes\/#breadcrumb\",\"itemListElement\":[{\"@type\":\"ListItem\",\"position\":1,\"name\":\"Home\",\"item\":\"https:\/\/www.generali.es\/blog\/tuasesorsalud\/\"},{\"@type\":\"ListItem\",\"position\":2,\"name\":\"Salud\",\"item\":\"https:\/\/www.generali.es\/blog\/tuasesorsalud\/salud\/\"},{\"@type\":\"ListItem\",\"position\":3,\"name\":\"Infecciones bacterianas en la piel t\u00edpicas de la edad pedi\u00e1trica\"}]},{\"@type\":\"WebSite\",\"@id\":\"https:\/\/www.generali.es\/blog\/tuasesorsalud\/#website\",\"url\":\"https:\/\/www.generali.es\/blog\/tuasesorsalud\/\",\"name\":\"Tu Asesor de Salud\",\"description\":\"Blog de Salud de GENERALI\",\"publisher\":{\"@id\":\"https:\/\/www.generali.es\/blog\/tuasesorsalud\/#organization\"},\"potentialAction\":[{\"@type\":\"SearchAction\",\"target\":{\"@type\":\"EntryPoint\",\"urlTemplate\":\"https:\/\/www.generali.es\/blog\/tuasesorsalud\/?s={search_term_string}\"},\"query-input\":\"required name=search_term_string\"}],\"inLanguage\":\"es\"},{\"@type\":\"Organization\",\"@id\":\"https:\/\/www.generali.es\/blog\/tuasesorsalud\/#organization\",\"name\":\"Tu Asesor de Salud\",\"url\":\"https:\/\/www.generali.es\/blog\/tuasesorsalud\/\",\"logo\":{\"@type\":\"ImageObject\",\"inLanguage\":\"es\",\"@id\":\"https:\/\/www.generali.es\/blog\/tuasesorsalud\/#\/schema\/logo\/image\/\",\"url\":\"https:\/\/www.generali.es\/blog\/tuasesorsalud\/wp-content\/uploads\/2021\/04\/generali.png\",\"contentUrl\":\"https:\/\/www.generali.es\/blog\/tuasesorsalud\/wp-content\/uploads\/2021\/04\/generali.png\",\"width\":100,\"height\":81,\"caption\":\"Tu Asesor de Salud\"},\"image\":{\"@id\":\"https:\/\/www.generali.es\/blog\/tuasesorsalud\/#\/schema\/logo\/image\/\"}},{\"@type\":\"Person\",\"@id\":\"https:\/\/www.generali.es\/blog\/tuasesorsalud\/#\/schema\/person\/ea6d9d044e1ecb7d2c232dff74103c66\",\"name\":\"JORDI SEGURA CORRALES\",\"image\":{\"@type\":\"ImageObject\",\"inLanguage\":\"es\",\"@id\":\"https:\/\/www.generali.es\/blog\/tuasesorsalud\/#\/schema\/person\/image\/\",\"url\":\"https:\/\/www.generali.es\/blog\/tuasesorsalud\/wp-content\/uploads\/2021\/08\/jordi-segura-150x150.jpg\",\"contentUrl\":\"https:\/\/www.generali.es\/blog\/tuasesorsalud\/wp-content\/uploads\/2021\/08\/jordi-segura-150x150.jpg\",\"caption\":\"JORDI SEGURA CORRALES\"},\"description\":\"EXPERTO EN DERMATOLOG\u00cdA M\u00c9DICO-QUIR\u00daRGICA, VENEROLOG\u00cdA Y CIRUG\u00cdA DERMATOL\u00d3GICA. FUNDADOR DE CL\u00cdNICA DERMAS.\",\"sameAs\":[\"https:\/\/dermas.cat\/\"],\"url\":\"https:\/\/www.generali.es\/blog\/tuasesorsalud\/author\/jordisegura\/\"}]}<\/script>\n<!-- \/ Yoast SEO plugin. -->","yoast_head_json":{"title":"\u25b7 Infecciones Bacterianas de la Piel en Beb\u00e9s y Ni\u00f1os","description":"Rojeces, Picores, Erupciones, Ves\u00edculas... \u26a0\ufe0f las Infecciones Bacterianas de la Piel pueden ser Muy Agresivas para la Vista, pero tienen \u261d F\u00e1cil Soluci\u00f3n","robots":{"index":"index","follow":"follow","max-snippet":"max-snippet:-1","max-image-preview":"max-image-preview:large","max-video-preview":"max-video-preview:-1"},"canonical":"https:\/\/www.generali.es\/blog\/tuasesorsalud\/infecciones-bacterianas-piel-ninos-y-bebes\/","twitter_misc":{"Escrito por":"JORDI SEGURA CORRALES","Tiempo de lectura":"11 minutos"},"schema":{"@context":"https:\/\/schema.org","@graph":[{"@type":"Article","@id":"https:\/\/www.generali.es\/blog\/tuasesorsalud\/infecciones-bacterianas-piel-ninos-y-bebes\/#article","isPartOf":{"@id":"https:\/\/www.generali.es\/blog\/tuasesorsalud\/infecciones-bacterianas-piel-ninos-y-bebes\/"},"author":{"name":"JORDI SEGURA CORRALES","@id":"https:\/\/www.generali.es\/blog\/tuasesorsalud\/#\/schema\/person\/ea6d9d044e1ecb7d2c232dff74103c66"},"headline":"Infecciones bacterianas en la piel t\u00edpicas de la edad pedi\u00e1trica","datePublished":"2021-11-12T09:05:00+00:00","dateModified":"2024-05-22T15:13:03+00:00","mainEntityOfPage":{"@id":"https:\/\/www.generali.es\/blog\/tuasesorsalud\/infecciones-bacterianas-piel-ninos-y-bebes\/"},"wordCount":1696,"commentCount":0,"publisher":{"@id":"https:\/\/www.generali.es\/blog\/tuasesorsalud\/#organization"},"articleSection":["Salud"],"inLanguage":"es","potentialAction":[{"@type":"CommentAction","name":"Comment","target":["https:\/\/www.generali.es\/blog\/tuasesorsalud\/infecciones-bacterianas-piel-ninos-y-bebes\/#respond"]}]},{"@type":"WebPage","@id":"https:\/\/www.generali.es\/blog\/tuasesorsalud\/infecciones-bacterianas-piel-ninos-y-bebes\/","url":"https:\/\/www.generali.es\/blog\/tuasesorsalud\/infecciones-bacterianas-piel-ninos-y-bebes\/","name":"\u25b7 Infecciones Bacterianas de la Piel en Beb\u00e9s y Ni\u00f1os","isPartOf":{"@id":"https:\/\/www.generali.es\/blog\/tuasesorsalud\/#website"},"datePublished":"2021-11-12T09:05:00+00:00","dateModified":"2024-05-22T15:13:03+00:00","description":"Rojeces, Picores, Erupciones, Ves\u00edculas... \u26a0\ufe0f las Infecciones Bacterianas de la Piel pueden ser Muy Agresivas para la Vista, pero tienen \u261d F\u00e1cil Soluci\u00f3n","breadcrumb":{"@id":"https:\/\/www.generali.es\/blog\/tuasesorsalud\/infecciones-bacterianas-piel-ninos-y-bebes\/#breadcrumb"},"inLanguage":"es","potentialAction":[{"@type":"ReadAction","target":["https:\/\/www.generali.es\/blog\/tuasesorsalud\/infecciones-bacterianas-piel-ninos-y-bebes\/"]}]},{"@type":"BreadcrumbList","@id":"https:\/\/www.generali.es\/blog\/tuasesorsalud\/infecciones-bacterianas-piel-ninos-y-bebes\/#breadcrumb","itemListElement":[{"@type":"ListItem","position":1,"name":"Home","item":"https:\/\/www.generali.es\/blog\/tuasesorsalud\/"},{"@type":"ListItem","position":2,"name":"Salud","item":"https:\/\/www.generali.es\/blog\/tuasesorsalud\/salud\/"},{"@type":"ListItem","position":3,"name":"Infecciones bacterianas en la piel t\u00edpicas de la edad pedi\u00e1trica"}]},{"@type":"WebSite","@id":"https:\/\/www.generali.es\/blog\/tuasesorsalud\/#website","url":"https:\/\/www.generali.es\/blog\/tuasesorsalud\/","name":"Tu Asesor de Salud","description":"Blog de Salud de GENERALI","publisher":{"@id":"https:\/\/www.generali.es\/blog\/tuasesorsalud\/#organization"},"potentialAction":[{"@type":"SearchAction","target":{"@type":"EntryPoint","urlTemplate":"https:\/\/www.generali.es\/blog\/tuasesorsalud\/?s={search_term_string}"},"query-input":"required name=search_term_string"}],"inLanguage":"es"},{"@type":"Organization","@id":"https:\/\/www.generali.es\/blog\/tuasesorsalud\/#organization","name":"Tu Asesor de Salud","url":"https:\/\/www.generali.es\/blog\/tuasesorsalud\/","logo":{"@type":"ImageObject","inLanguage":"es","@id":"https:\/\/www.generali.es\/blog\/tuasesorsalud\/#\/schema\/logo\/image\/","url":"https:\/\/www.generali.es\/blog\/tuasesorsalud\/wp-content\/uploads\/2021\/04\/generali.png","contentUrl":"https:\/\/www.generali.es\/blog\/tuasesorsalud\/wp-content\/uploads\/2021\/04\/generali.png","width":100,"height":81,"caption":"Tu Asesor de Salud"},"image":{"@id":"https:\/\/www.generali.es\/blog\/tuasesorsalud\/#\/schema\/logo\/image\/"}},{"@type":"Person","@id":"https:\/\/www.generali.es\/blog\/tuasesorsalud\/#\/schema\/person\/ea6d9d044e1ecb7d2c232dff74103c66","name":"JORDI SEGURA CORRALES","image":{"@type":"ImageObject","inLanguage":"es","@id":"https:\/\/www.generali.es\/blog\/tuasesorsalud\/#\/schema\/person\/image\/","url":"https:\/\/www.generali.es\/blog\/tuasesorsalud\/wp-content\/uploads\/2021\/08\/jordi-segura-150x150.jpg","contentUrl":"https:\/\/www.generali.es\/blog\/tuasesorsalud\/wp-content\/uploads\/2021\/08\/jordi-segura-150x150.jpg","caption":"JORDI SEGURA CORRALES"},"description":"EXPERTO EN DERMATOLOG\u00cdA M\u00c9DICO-QUIR\u00daRGICA, VENEROLOG\u00cdA Y CIRUG\u00cdA DERMATOL\u00d3GICA. FUNDADOR DE CL\u00cdNICA DERMAS.","sameAs":["https:\/\/dermas.cat\/"],"url":"https:\/\/www.generali.es\/blog\/tuasesorsalud\/author\/jordisegura\/"}]}},"_links":{"self":[{"href":"https:\/\/www.generali.es\/blog\/tuasesorsalud\/wp-json\/wp\/v2\/posts\/3206"}],"collection":[{"href":"https:\/\/www.generali.es\/blog\/tuasesorsalud\/wp-json\/wp\/v2\/posts"}],"about":[{"href":"https:\/\/www.generali.es\/blog\/tuasesorsalud\/wp-json\/wp\/v2\/types\/post"}],"author":[{"embeddable":true,"href":"https:\/\/www.generali.es\/blog\/tuasesorsalud\/wp-json\/wp\/v2\/users\/8"}],"replies":[{"embeddable":true,"href":"https:\/\/www.generali.es\/blog\/tuasesorsalud\/wp-json\/wp\/v2\/comments?post=3206"}],"version-history":[{"count":15,"href":"https:\/\/www.generali.es\/blog\/tuasesorsalud\/wp-json\/wp\/v2\/posts\/3206\/revisions"}],"predecessor-version":[{"id":6548,"href":"https:\/\/www.generali.es\/blog\/tuasesorsalud\/wp-json\/wp\/v2\/posts\/3206\/revisions\/6548"}],"wp:featuredmedia":[{"embeddable":true,"href":"https:\/\/www.generali.es\/blog\/tuasesorsalud\/wp-json\/wp\/v2\/media\/3233"}],"wp:attachment":[{"href":"https:\/\/www.generali.es\/blog\/tuasesorsalud\/wp-json\/wp\/v2\/media?parent=3206"}],"wp:term":[{"taxonomy":"category","embeddable":true,"href":"https:\/\/www.generali.es\/blog\/tuasesorsalud\/wp-json\/wp\/v2\/categories?post=3206"},{"taxonomy":"post_tag","embeddable":true,"href":"https:\/\/www.generali.es\/blog\/tuasesorsalud\/wp-json\/wp\/v2\/tags?post=3206"}],"curies":[{"name":"wp","href":"https:\/\/api.w.org\/{rel}","templated":true}]}}