{"id":2961,"date":"2021-08-19T12:27:00","date_gmt":"2021-08-19T10:27:00","guid":{"rendered":"https:\/\/www.generali.es\/blog\/tuasesorsalud\/?p=2961"},"modified":"2024-05-28T16:21:03","modified_gmt":"2024-05-28T14:21:03","slug":"ictericia-bebes","status":"publish","type":"post","link":"https:\/\/www.generali.es\/blog\/tuasesorsalud\/ictericia-bebes\/","title":{"rendered":"Ictericia en beb\u00e9s: \u00bfdeber\u00eda preocuparme?"},"content":{"rendered":"\n<p>La <b>ictericia en beb\u00e9s<\/b> no es una enfermedad, \u00a1pero s\u00ed puede ser un s\u00edntoma de que nuestro reci\u00e9n nacido est\u00e9 sufriendo alg\u00fan <b>trastorno del h\u00edgado<\/b>! Aun as\u00ed, muchos beb\u00e9s la padecen durante los primeros d\u00edas hasta que su organismo comienza a eliminar la bilirrubina de la sangre. Es habitual, y no debes preocuparte por ello, \u00a1pero s\u00ed estar pendiente de su evoluci\u00f3n!<\/p>\n\n\n\n<p>Dado que la ictericia en beb\u00e9s puede ser potencialmente mortal, recuerda que es fundamental su <b>detecci\u00f3n precoz<\/b> para que el pediatra aplique el tratamiento adecuado. \u00bf<b>Por qu\u00e9 se ponen los beb\u00e9s amarillos<\/b>? \u00bf<b>C\u00f3mo bajar la bilirrubina del reci\u00e9n nacido<\/b>? \u00a1Tenemos respuesta a todas tus preguntas sobre la ictericia del reci\u00e9n nacido en este art\u00edculo! <\/p>\n\n\n\n<figure class=\"wp-block-embed is-type-rich is-provider-gestor-del-servicio wp-block-embed-gestor-del-servicio wp-embed-aspect-16-9 wp-has-aspect-ratio\"><div class=\"wp-block-embed__wrapper\">\n<iframe loading=\"lazy\" title=\"Hablando Sano con la pediatra Mar L\u00f3pez | Ictericia: Qu\u00e9 es, c\u00f3mo detectarla y tratarla\" width=\"800\" height=\"450\" src=\"https:\/\/www.youtube.com\/embed\/c7glgCX4Hns?feature=oembed\" frameborder=\"0\" allow=\"accelerometer; autoplay; clipboard-write; encrypted-media; gyroscope; picture-in-picture; web-share\" referrerpolicy=\"strict-origin-when-cross-origin\" allowfullscreen><\/iframe>\n<\/div><\/figure>\n\n\n\n<div id=\"ez-toc-container\" class=\"ez-toc-v2_0_22 counter-hierarchy counter-decimal\">\n<div class=\"ez-toc-title-container\">\n<p class=\"ez-toc-title\">&Iacute;ndice<\/p>\n<span class=\"ez-toc-title-toggle\"><a class=\"ez-toc-pull-right ez-toc-btn ez-toc-btn-xs ez-toc-btn-default ez-toc-toggle\" style=\"display: none;\"><i class=\"ez-toc-glyphicon ez-toc-icon-toggle\"><\/i><\/a><\/span><\/div>\n<nav><ul class=\"ez-toc-list ez-toc-list-level-1\"><li class=\"ez-toc-page-1 ez-toc-heading-level-2\"><a class=\"ez-toc-link ez-toc-heading-1\" href=\"https:\/\/www.generali.es\/blog\/tuasesorsalud\/ictericia-bebes\/#%C2%BFQue_es_la_ictericia_y_por_que_se_produce\" title=\"\u00bfQu\u00e9 es la ictericia y por qu\u00e9 se produce?\">\u00bfQu\u00e9 es la ictericia y por qu\u00e9 se produce?<\/a><\/li><li class=\"ez-toc-page-1 ez-toc-heading-level-2\"><a class=\"ez-toc-link ez-toc-heading-2\" href=\"https:\/\/www.generali.es\/blog\/tuasesorsalud\/ictericia-bebes\/#%C2%BFPuede_ser_peligroso_para_el_bebe_tener_niveles_altos_de_bilirrubina\" title=\"\u00bfPuede ser peligroso para el beb\u00e9 tener niveles altos de bilirrubina?\">\u00bfPuede ser peligroso para el beb\u00e9 tener niveles altos de bilirrubina?<\/a><\/li><li class=\"ez-toc-page-1 ez-toc-heading-level-2\"><a class=\"ez-toc-link ez-toc-heading-3\" href=\"https:\/\/www.generali.es\/blog\/tuasesorsalud\/ictericia-bebes\/#Recomendaciones_para_detectar_ictericia_en_recien_nacidos\" title=\"Recomendaciones para detectar ictericia en reci\u00e9n nacidos\">Recomendaciones para detectar ictericia en reci\u00e9n nacidos<\/a><\/li><li class=\"ez-toc-page-1 ez-toc-heading-level-2\"><a class=\"ez-toc-link ez-toc-heading-4\" href=\"https:\/\/www.generali.es\/blog\/tuasesorsalud\/ictericia-bebes\/#%C2%BFCuanto_puede_durar_la_ictericia_en_bebes\" title=\"\u00bfCu\u00e1nto puede durar la ictericia en beb\u00e9s?\">\u00bfCu\u00e1nto puede durar la ictericia en beb\u00e9s?<\/a><\/li><li class=\"ez-toc-page-1 ez-toc-heading-level-2\"><a class=\"ez-toc-link ez-toc-heading-5\" href=\"https:\/\/www.generali.es\/blog\/tuasesorsalud\/ictericia-bebes\/#%C2%BFCuando_deberia_acudir_al_medico\" title=\"\u00bfCu\u00e1ndo deber\u00eda acudir al m\u00e9dico?\">\u00bfCu\u00e1ndo deber\u00eda acudir al m\u00e9dico?<\/a><\/li><li class=\"ez-toc-page-1 ez-toc-heading-level-2\"><a class=\"ez-toc-link ez-toc-heading-6\" href=\"https:\/\/www.generali.es\/blog\/tuasesorsalud\/ictericia-bebes\/#%C2%BFLa_ictericia_en_bebes_tiene_tratamiento_o_formas_de_prevenirla\" title=\"\u00bfLa ictericia en beb\u00e9s tiene tratamiento o formas de prevenirla?\">\u00bfLa ictericia en beb\u00e9s tiene tratamiento o formas de prevenirla?<\/a><ul class=\"ez-toc-list-level-3\"><li class=\"ez-toc-heading-level-3\"><a class=\"ez-toc-link ez-toc-heading-7\" href=\"https:\/\/www.generali.es\/blog\/tuasesorsalud\/ictericia-bebes\/#Tratamiento_con_luces_azules\" title=\"Tratamiento con luces azules\">Tratamiento con luces azules<\/a><\/li><li class=\"ez-toc-page-1 ez-toc-heading-level-3\"><a class=\"ez-toc-link ez-toc-heading-8\" href=\"https:\/\/www.generali.es\/blog\/tuasesorsalud\/ictericia-bebes\/#Lactancia_materna\" title=\"Lactancia materna\">Lactancia materna<\/a><\/li><\/ul><\/li><\/ul><\/nav><\/div>\n<h2 class=\"wp-block-heading\"><span class=\"ez-toc-section\" id=\"%C2%BFQue_es_la_ictericia_y_por_que_se_produce\"><\/span><b>\u00bfQu\u00e9 es la ictericia y por qu\u00e9 se produce?<\/b><span class=\"ez-toc-section-end\"><\/span><\/h2>\n\n\n\n<p>La <b>ictericia es un signo visual y cl\u00ednico<\/b> producido por el <b>alto contenido de bilirrubina en la sangre<\/b>. Se caracteriza por la <b>coloraci\u00f3n amarillenta<\/b> que adquiere la <b>piel y la escler\u00f3tica de los ojos <\/b>del reci\u00e9n nacido.<\/p>\n\n\n\n<p>La <b>ictericia del reci\u00e9n nacido<\/b> se da porque su h\u00edgado todav\u00eda no est\u00e1 suficientemente desarrollado y presenta problemas para <b>eliminar la bilirrubina de la sangre<\/b>. Normalmente, esto sucede durante los primeros d\u00edas de vida del beb\u00e9 hasta que, de manera natural, se regulan los niveles. Sin embargo, en algunos casos se puede tratar de una ictericia <b>en beb\u00e9s patol\u00f3gica<\/b>.<\/p>\n\n\n\n<p>Pero, <b>\u00bfqu\u00e9 provoca la bilirrubina?<\/b> Cuando el organismo <b>remplaza los gl\u00f3bulos rojos<\/b>, la hemoglobina (aquella que da ese caracter\u00edstico color rojo a la sangre) se convierte en bilirrubina (cuyo tono es amarillento). Este proceso deber\u00eda ser lento y no manifestar s\u00edntomas. No obstante, cuando los gl\u00f3bulos rojos se destruyen muy r\u00e1pido, la piel y los ojos adquieren un color amarillento.<\/p>\n\n\n\n<h2 class=\"wp-block-heading\"><span class=\"ez-toc-section\" id=\"%C2%BFPuede_ser_peligroso_para_el_bebe_tener_niveles_altos_de_bilirrubina\"><\/span><b>\u00bfPuede ser peligroso para el beb\u00e9 tener niveles altos de bilirrubina?<\/b><span class=\"ez-toc-section-end\"><\/span><\/h2>\n\n\n\n<p><strong>Todos los beb\u00e9s suelen nacer con los niveles altos de bilirrubina<\/strong>. De hecho, la ictericia en beb\u00e9s es muy com\u00fan y generalmente suele ser inofensiva.<\/p>\n\n\n\n<figure class=\"wp-block-image\"><img decoding=\"async\" src=\"https:\/\/images-cdn.welcomesoftware.com\/Zz1kZWQ1MDc4NGY1YzgxMWViODAzNjc5OTJkODJiZGI0ZA==\" alt=\"Generali Spain_Mini Graphics_Jaundice in babies_v1_080421.png\"\/><\/figure>\n\n\n\n<p>Sin embargo, en ocasiones el reci\u00e9n nacido presenta unos niveles de bilirrubina demasiado elevados. En esos casos, puede resultar peligroso para el peque\u00f1o, \u00a1e incluso causarle da\u00f1os cerebrales! Si esto sucede, el reci\u00e9n nacido podr\u00eda desarrollar <b>problemas en la coordinaci\u00f3n de movimientos.<\/b><\/p>\n\n\n\n<h2 class=\"wp-block-heading\"><span class=\"ez-toc-section\" id=\"Recomendaciones_para_detectar_ictericia_en_recien_nacidos\"><\/span><b>Recomendaciones para detectar ictericia en reci\u00e9n nacidos<\/b><span class=\"ez-toc-section-end\"><\/span><\/h2>\n\n\n\n<p>\u00bfSospechas que tu hijo puede estar padeciendo ictericia? \u00a1Te mostramos c\u00f3mo puedes identificarla en casa y salir de dudas paso a paso!<\/p>\n\n\n\n<ol>\n<li>Coloca a tu beb\u00e9 bajo una buena <b>luz que favorezca tu visibilidad<\/b>. Tanto la solar como una luz fluorescente te servir\u00e1n para detectarla.<\/li>\n\n\n\n<li><b>Presiona<\/b> <b>suavemente<\/b> <b>zonas<\/b> como la nariz o la frente de tu hijo. Si, al hacerlo, la piel presenta un tono amarillento, es posible que tu hijo tenga ictericia leve. Si, por el contrario, la zona de presi\u00f3n adquiere un tono m\u00e1s claro del habitual, \u00a1no debes preocuparte!<\/li>\n\n\n\n<li><b>Observa el resto de la piel<\/b> de tu beb\u00e9 para mayor seguridad. La ictericia en beb\u00e9s suele aparecer primero en el rostro. Aun as\u00ed, es habitual que luego pase al pecho, a la tripita, los brazos y las piernas a medida que aumentan los niveles de bilirrubina.<\/li>\n\n\n\n<li><b>\u00a1F\u00edjate en sus ojos!<\/b> En ocasiones, la ictericia neonatal tambi\u00e9n se manifiesta en la escler\u00f3tica con ese mismo color amarillo.<\/li>\n<\/ol>\n\n\n\n<p>Los <a href=\"https:\/\/www.generali.es\/seguros-particulares\/salud-opcion-family\">seguros de salud m\u00e1s completos<\/a> incluyen un <b>Servicio de Teleconsulta pedi\u00e1trica 24 horas<\/b>. \u00a1<a href=\"https:\/\/www.generali.es\/blog\/tuasesorsalud\/consulta-medica-online\/\">Consulta con tu aseguradora las diferentes coberturas disponibles y obt\u00e9n una <b>opini\u00f3n m\u00e9dica al instante para salir de dudas<\/b><\/a>!<\/p>\n\n\n\n<h2 class=\"wp-block-heading\"><span class=\"ez-toc-section\" id=\"%C2%BFCuanto_puede_durar_la_ictericia_en_bebes\"><\/span><b>\u00bfCu\u00e1nto puede durar la ictericia en beb\u00e9s?<\/b><span class=\"ez-toc-section-end\"><\/span><\/h2>\n\n\n\n<p>La mayor parte de las veces, la ictericia en beb\u00e9s tiene un car\u00e1cter leve. En estos casos, se denomina <b>ictericia fisiol\u00f3gica<\/b> y suele <b>desaparecer al cabo de las dos semanas<\/b> como m\u00e1ximo. Adem\u00e1s, \u00a1no implica complicaciones ni riesgos para su salud! Suele darse en aquellos beb\u00e9s alimentados con leche de f\u00f3rmula.<\/p>\n\n\n\n<figure class=\"wp-block-image\"><img decoding=\"async\" src=\"https:\/\/images-cdn.welcomesoftware.com\/Zz1mMzIzY2ZlMGY1YzgxMWViYTg2NTkzOTU2YTFkYmNkYw==\" alt=\"Generali Spain_Mini Graphics_Jaundice in babies_v1_0804212.png\"\/><\/figure>\n\n\n\n<p>Si <a href=\"https:\/\/www.generali.es\/blog\/tuasesorsalud\/los-sorprendentes-beneficios-de-la-lactancia-materna\/\">das el pecho a tu beb\u00e9<\/a>, es posible que la ictericia se prolongue pasada la primera semana de vida. Es normal y \u00a1no debes preocuparte! Los beb\u00e9s lactantes alcanzan su <b>pico m\u00e1ximo de bilirrubina<\/b> en el organismo entre la <b>segunda y la tercera semana<\/b> hasta que consigue eliminarla al cabo de <strong>un mes<\/strong>.<\/p>\n\n\n\n<h2 class=\"wp-block-heading\"><span class=\"ez-toc-section\" id=\"%C2%BFCuando_deberia_acudir_al_medico\"><\/span><b>\u00bfCu\u00e1ndo deber\u00eda acudir al m\u00e9dico?<\/b><span class=\"ez-toc-section-end\"><\/span><\/h2>\n\n\n\n<p>Acude al m\u00e9dico si detectas cualquiera de los siguientes s\u00edntomas en tu beb\u00e9:<\/p>\n\n\n\n<ul>\n<li>Si el tono de la piel de tu beb\u00e9 se vuelve <b>m\u00e1s amarillo<\/b>.<\/li>\n\n\n\n<li>En el caso de que su piel presente un color amarillo en el <b>abdomen<\/b>, <b>brazos<\/b> o <b>piernas<\/b>.<\/li>\n\n\n\n<li>Si la <b>escler\u00f3tica<\/b> tambi\u00e9n adquiere ese mismo color.<\/li>\n\n\n\n<li>Cuando el reci\u00e9n nacido parezca m\u00e1s <b>d\u00e9bil<\/b>, <b>enfermo<\/b> o <b>te cueste despertarlo<\/b> de sus siestas.<\/li>\n\n\n\n<li>Si tu hijo <b>no consigue ganar peso<\/b>.<\/li>\n\n\n\n<li>Cuando detectes que <b>no se alimenta lo suficiente<\/b>.<\/li>\n<\/ul>\n\n\n\n<p>Ante la duda, acude siempre a su m\u00e9dico para que pueda observar su estado y aplicar el tratamiento adecuado si fuera necesario.<\/p>\n\n\n\n<p><b>Te interesa<\/b>: <a href=\"https:\/\/www.generali.es\/blog\/tuasesorsalud\/muerte-subita-lactante-bebes\/\">Qu\u00e9 es la muerte s\u00fabita del lactante y c\u00f3mo evitarla<\/a><\/p>\n\n\n\n<h2 class=\"wp-block-heading\"><span class=\"ez-toc-section\" id=\"%C2%BFLa_ictericia_en_bebes_tiene_tratamiento_o_formas_de_prevenirla\"><\/span><b>\u00bfLa ictericia en beb\u00e9s tiene tratamiento o formas de prevenirla?<\/b><span class=\"ez-toc-section-end\"><\/span><\/h2>\n\n\n\n<p>La ictericia en beb\u00e9s cuenta con un tratamiento m\u00e9dico espec\u00edfico, en funci\u00f3n de la causa que la est\u00e9 originando. \u00a1Estas son algunas t\u00e9cnicas para rebajar los niveles de bilirrubina del organismo y ayudar a prevenirla!<\/p>\n\n\n\n<h3 class=\"wp-block-heading\"><span class=\"ez-toc-section\" id=\"Tratamiento_con_luces_azules\"><\/span>Tratamiento con luces azules<span class=\"ez-toc-section-end\"><\/span><\/h3>\n\n\n\n<p>Esta t\u00e9cnica se suele usar para aquellos que padecen una <strong>ictericia fisiol\u00f3gica<\/strong>. Consiste en colocar al reci\u00e9n nacido <strong>bajo una l\u00e1mpara que emite una luz azul <\/strong>especial durante ciclos de 12 horas. Se aplica durante el tercer y el sexto d\u00eda de vida.<\/p>\n\n\n\n<p>Para ello, es esencial que el beb\u00e9 est\u00e9 desnudo. En funci\u00f3n del nivel de bilirrubina que presente tu hijo, se optar\u00e1 por llevar a cabo el tratamiento en el hospital si se detectan fuertes incrementos, o en casa si la ictericia es muy leve.<\/p>\n\n\n\n<p><b>\u00bfC\u00f3mo bajar la bilirrubina?<\/b> La luz solar a trav\u00e9s de la ventana tambi\u00e9n puede contribuir a rebajar los niveles. Para ello, \u00a1aseg\u00farate de que tu beb\u00e9 no lleve ropa encima! No olvides que la temperatura de tu casa debe ser la adecuada y que no puede recibir directamente los rayos de sol, pues corre el riesgo de quemarse la piel. Aun as\u00ed, hazlo siempre bajo la supervisi\u00f3n de un especialista.<\/p>\n\n\n\n<p><strong>Te puede interesar<\/strong>: <a href=\"https:\/\/www.generali.es\/blog\/tuasesorsalud\/tratar-dermatitis-atopica-bebes\/\" target=\"_blank\" rel=\"noopener noreferrer\">C\u00f3mo detectar y tratar la dermatitis at\u00f3pica en beb\u00e9s<\/a><\/p>\n\n\n\n<h3 class=\"wp-block-heading\"><span class=\"ez-toc-section\" id=\"Lactancia_materna\"><\/span>Lactancia materna<span class=\"ez-toc-section-end\"><\/span><\/h3>\n\n\n\n<p>La mejor manera de prevenir la ictericia del reci\u00e9n nacido es llevar a cabo una alimentaci\u00f3n adecuada. Dado que aquellos beb\u00e9s alimentados mediante lactancia materna tienen m\u00e1s posibilidades de registrar un aumento de bilirrubina, debes conocer la frecuencia para darle el pecho.<b>&nbsp;<\/b><\/p>\n\n\n\n<p><b>\u00a1Recuerda!<\/b> Durante las primeras 48 horas de vida, los reci\u00e9n nacidos suelen tomar aproximadamente 1 cucharadita de leche por cada succi\u00f3n materna. Para favorecer la lactancia, <b>ofr\u00e9cele el pecho entre 8 y 12 veces al d\u00eda<\/b>. Esto ayudar\u00e1 a <b>contrarrestar la bilirrubina alta en beb\u00e9s <\/b>y reducir los niveles en sangre.<\/p>\n\n\n\n<p>Los&nbsp;<b>Seguros de Salud de Generali&nbsp;<\/b>ofrecen<b>&nbsp;asistencia primaria inmediata<\/b>&nbsp;para recibir un&nbsp;<b>diagn\u00f3stico r\u00e1pido \u00a1y sin esperas!<\/b>&nbsp;Si quieres m\u00e1s informaci\u00f3n, \u00a1<a href=\"https:\/\/www.generali.es\/blog\/tuasesorsalud\/solicitar-informacion\/\" target=\"_blank\" rel=\"noopener noreferrer\">cons\u00faltanos&nbsp;<\/a>sin compromiso!<\/p>\n\n\n\n<figure class=\"wp-block-image\"><img decoding=\"async\" src=\"https:\/\/pixel.welcomesoftware.com\/px.gif?key=YXJ0aWNsZT1hMGExMmIyYWQ5ZDkxMWViYTdiOTM5MTZlYWMxNWZlNA==\" alt=\"\"\/><\/figure>\n","protected":false},"excerpt":{"rendered":"<p>La ictericia en beb\u00e9s no es una enfermedad, \u00a1pero s\u00ed puede ser un s\u00edntoma de que nuestro reci\u00e9n nacido est\u00e9 sufriendo alg\u00fan trastorno del h\u00edgado! Aun as\u00ed, muchos beb\u00e9s la padecen durante los primeros d\u00edas hasta que su organismo comienza a eliminar la bilirrubina de la sangre. Es habitual, y no debes preocuparte por ello, [&hellip;]<\/p>\n","protected":false},"author":1,"featured_media":2960,"comment_status":"closed","ping_status":"open","sticky":false,"template":"","format":"standard","meta":{"footnotes":""},"categories":[3],"tags":[],"yoast_head":"<!-- This site is optimized with the Yoast SEO plugin v21.6 - https:\/\/yoast.com\/wordpress\/plugins\/seo\/ -->\n<title>\u25b7 Ictericia en Beb\u00e9s Reci\u00e9n Nacidos \u00bfEs Preocupante?<\/title>\n<meta name=\"description\" content=\"No os Alarm\u00e9is \u26d4 Es Completamente Normal, pero hay que estar Atentos. Descubre todo los Detalles en esta gu\u00eda sobre la Ictericia en Beb\u00e9s \u261d Ver M\u00e1s\" \/>\n<meta name=\"robots\" content=\"index, follow, max-snippet:-1, max-image-preview:large, max-video-preview:-1\" \/>\n<link rel=\"canonical\" href=\"https:\/\/www.generali.es\/blog\/tuasesorsalud\/ictericia-bebes\/\" \/>\n<meta name=\"twitter:label1\" content=\"Escrito por\" \/>\n\t<meta name=\"twitter:data1\" content=\"Equipo GENERALI\" \/>\n\t<meta name=\"twitter:label2\" content=\"Tiempo de lectura\" \/>\n\t<meta name=\"twitter:data2\" content=\"6 minutos\" \/>\n<script type=\"application\/ld+json\" class=\"yoast-schema-graph\">{\"@context\":\"https:\/\/schema.org\",\"@graph\":[{\"@type\":\"Article\",\"@id\":\"https:\/\/www.generali.es\/blog\/tuasesorsalud\/ictericia-bebes\/#article\",\"isPartOf\":{\"@id\":\"https:\/\/www.generali.es\/blog\/tuasesorsalud\/ictericia-bebes\/\"},\"author\":{\"name\":\"Equipo GENERALI\",\"@id\":\"https:\/\/www.generali.es\/blog\/tuasesorsalud\/#\/schema\/person\/b3e3621e80b273ef3366c6dc945ab47e\"},\"headline\":\"Ictericia en beb\u00e9s: \u00bfdeber\u00eda preocuparme?\",\"datePublished\":\"2021-08-19T10:27:00+00:00\",\"dateModified\":\"2024-05-28T14:21:03+00:00\",\"mainEntityOfPage\":{\"@id\":\"https:\/\/www.generali.es\/blog\/tuasesorsalud\/ictericia-bebes\/\"},\"wordCount\":1258,\"publisher\":{\"@id\":\"https:\/\/www.generali.es\/blog\/tuasesorsalud\/#organization\"},\"articleSection\":[\"Salud\"],\"inLanguage\":\"es\"},{\"@type\":\"WebPage\",\"@id\":\"https:\/\/www.generali.es\/blog\/tuasesorsalud\/ictericia-bebes\/\",\"url\":\"https:\/\/www.generali.es\/blog\/tuasesorsalud\/ictericia-bebes\/\",\"name\":\"\u25b7 Ictericia en Beb\u00e9s Reci\u00e9n Nacidos \u00bfEs Preocupante?\",\"isPartOf\":{\"@id\":\"https:\/\/www.generali.es\/blog\/tuasesorsalud\/#website\"},\"datePublished\":\"2021-08-19T10:27:00+00:00\",\"dateModified\":\"2024-05-28T14:21:03+00:00\",\"description\":\"No os Alarm\u00e9is \u26d4 Es Completamente Normal, pero hay que estar Atentos. Descubre todo los Detalles en esta gu\u00eda sobre la Ictericia en Beb\u00e9s \u261d Ver M\u00e1s\",\"breadcrumb\":{\"@id\":\"https:\/\/www.generali.es\/blog\/tuasesorsalud\/ictericia-bebes\/#breadcrumb\"},\"inLanguage\":\"es\",\"potentialAction\":[{\"@type\":\"ReadAction\",\"target\":[\"https:\/\/www.generali.es\/blog\/tuasesorsalud\/ictericia-bebes\/\"]}]},{\"@type\":\"BreadcrumbList\",\"@id\":\"https:\/\/www.generali.es\/blog\/tuasesorsalud\/ictericia-bebes\/#breadcrumb\",\"itemListElement\":[{\"@type\":\"ListItem\",\"position\":1,\"name\":\"Home\",\"item\":\"https:\/\/www.generali.es\/blog\/tuasesorsalud\/\"},{\"@type\":\"ListItem\",\"position\":2,\"name\":\"Salud\",\"item\":\"https:\/\/www.generali.es\/blog\/tuasesorsalud\/salud\/\"},{\"@type\":\"ListItem\",\"position\":3,\"name\":\"Ictericia en beb\u00e9s: \u00bfdeber\u00eda preocuparme?\"}]},{\"@type\":\"WebSite\",\"@id\":\"https:\/\/www.generali.es\/blog\/tuasesorsalud\/#website\",\"url\":\"https:\/\/www.generali.es\/blog\/tuasesorsalud\/\",\"name\":\"Tu Asesor de Salud\",\"description\":\"Blog de Salud de GENERALI\",\"publisher\":{\"@id\":\"https:\/\/www.generali.es\/blog\/tuasesorsalud\/#organization\"},\"potentialAction\":[{\"@type\":\"SearchAction\",\"target\":{\"@type\":\"EntryPoint\",\"urlTemplate\":\"https:\/\/www.generali.es\/blog\/tuasesorsalud\/?s={search_term_string}\"},\"query-input\":\"required name=search_term_string\"}],\"inLanguage\":\"es\"},{\"@type\":\"Organization\",\"@id\":\"https:\/\/www.generali.es\/blog\/tuasesorsalud\/#organization\",\"name\":\"Tu Asesor de Salud\",\"url\":\"https:\/\/www.generali.es\/blog\/tuasesorsalud\/\",\"logo\":{\"@type\":\"ImageObject\",\"inLanguage\":\"es\",\"@id\":\"https:\/\/www.generali.es\/blog\/tuasesorsalud\/#\/schema\/logo\/image\/\",\"url\":\"https:\/\/www.generali.es\/blog\/tuasesorsalud\/wp-content\/uploads\/2021\/04\/generali.png\",\"contentUrl\":\"https:\/\/www.generali.es\/blog\/tuasesorsalud\/wp-content\/uploads\/2021\/04\/generali.png\",\"width\":100,\"height\":81,\"caption\":\"Tu Asesor de Salud\"},\"image\":{\"@id\":\"https:\/\/www.generali.es\/blog\/tuasesorsalud\/#\/schema\/logo\/image\/\"}},{\"@type\":\"Person\",\"@id\":\"https:\/\/www.generali.es\/blog\/tuasesorsalud\/#\/schema\/person\/b3e3621e80b273ef3366c6dc945ab47e\",\"name\":\"Equipo GENERALI\",\"image\":{\"@type\":\"ImageObject\",\"inLanguage\":\"es\",\"@id\":\"https:\/\/www.generali.es\/blog\/tuasesorsalud\/#\/schema\/person\/image\/\",\"url\":\"https:\/\/www.generali.es\/blog\/tuasesorsalud\/wp-content\/uploads\/2020\/11\/equipo_generali-150x150.jpg\",\"contentUrl\":\"https:\/\/www.generali.es\/blog\/tuasesorsalud\/wp-content\/uploads\/2020\/11\/equipo_generali-150x150.jpg\",\"caption\":\"Equipo GENERALI\"},\"description\":\"El equipo de Tu Asesor Salud est\u00e1 compuesto por periodistas y especialistas en la salud, la nutrici\u00f3n, el deporte, la familia as\u00ed como profesionales t\u00e9cnicos de los seguros de salud. Te ayudamos a que tengas una vida m\u00e1s saludable y te ofrecemos contenido \u00fatil para tu d\u00eda a d\u00eda.\",\"sameAs\":[\"https:\/\/www.generali.es\/blog\/tuasesorsalud\/\"],\"url\":\"https:\/\/www.generali.es\/blog\/tuasesorsalud\/author\/generali_asesor\/\"}]}<\/script>\n<!-- \/ Yoast SEO plugin. -->","yoast_head_json":{"title":"\u25b7 Ictericia en Beb\u00e9s Reci\u00e9n Nacidos \u00bfEs Preocupante?","description":"No os Alarm\u00e9is \u26d4 Es Completamente Normal, pero hay que estar Atentos. Descubre todo los Detalles en esta gu\u00eda sobre la Ictericia en Beb\u00e9s \u261d Ver M\u00e1s","robots":{"index":"index","follow":"follow","max-snippet":"max-snippet:-1","max-image-preview":"max-image-preview:large","max-video-preview":"max-video-preview:-1"},"canonical":"https:\/\/www.generali.es\/blog\/tuasesorsalud\/ictericia-bebes\/","twitter_misc":{"Escrito por":"Equipo GENERALI","Tiempo de lectura":"6 minutos"},"schema":{"@context":"https:\/\/schema.org","@graph":[{"@type":"Article","@id":"https:\/\/www.generali.es\/blog\/tuasesorsalud\/ictericia-bebes\/#article","isPartOf":{"@id":"https:\/\/www.generali.es\/blog\/tuasesorsalud\/ictericia-bebes\/"},"author":{"name":"Equipo GENERALI","@id":"https:\/\/www.generali.es\/blog\/tuasesorsalud\/#\/schema\/person\/b3e3621e80b273ef3366c6dc945ab47e"},"headline":"Ictericia en beb\u00e9s: \u00bfdeber\u00eda preocuparme?","datePublished":"2021-08-19T10:27:00+00:00","dateModified":"2024-05-28T14:21:03+00:00","mainEntityOfPage":{"@id":"https:\/\/www.generali.es\/blog\/tuasesorsalud\/ictericia-bebes\/"},"wordCount":1258,"publisher":{"@id":"https:\/\/www.generali.es\/blog\/tuasesorsalud\/#organization"},"articleSection":["Salud"],"inLanguage":"es"},{"@type":"WebPage","@id":"https:\/\/www.generali.es\/blog\/tuasesorsalud\/ictericia-bebes\/","url":"https:\/\/www.generali.es\/blog\/tuasesorsalud\/ictericia-bebes\/","name":"\u25b7 Ictericia en Beb\u00e9s Reci\u00e9n Nacidos \u00bfEs Preocupante?","isPartOf":{"@id":"https:\/\/www.generali.es\/blog\/tuasesorsalud\/#website"},"datePublished":"2021-08-19T10:27:00+00:00","dateModified":"2024-05-28T14:21:03+00:00","description":"No os Alarm\u00e9is \u26d4 Es Completamente Normal, pero hay que estar Atentos. Descubre todo los Detalles en esta gu\u00eda sobre la Ictericia en Beb\u00e9s \u261d Ver M\u00e1s","breadcrumb":{"@id":"https:\/\/www.generali.es\/blog\/tuasesorsalud\/ictericia-bebes\/#breadcrumb"},"inLanguage":"es","potentialAction":[{"@type":"ReadAction","target":["https:\/\/www.generali.es\/blog\/tuasesorsalud\/ictericia-bebes\/"]}]},{"@type":"BreadcrumbList","@id":"https:\/\/www.generali.es\/blog\/tuasesorsalud\/ictericia-bebes\/#breadcrumb","itemListElement":[{"@type":"ListItem","position":1,"name":"Home","item":"https:\/\/www.generali.es\/blog\/tuasesorsalud\/"},{"@type":"ListItem","position":2,"name":"Salud","item":"https:\/\/www.generali.es\/blog\/tuasesorsalud\/salud\/"},{"@type":"ListItem","position":3,"name":"Ictericia en beb\u00e9s: \u00bfdeber\u00eda preocuparme?"}]},{"@type":"WebSite","@id":"https:\/\/www.generali.es\/blog\/tuasesorsalud\/#website","url":"https:\/\/www.generali.es\/blog\/tuasesorsalud\/","name":"Tu Asesor de Salud","description":"Blog de Salud de GENERALI","publisher":{"@id":"https:\/\/www.generali.es\/blog\/tuasesorsalud\/#organization"},"potentialAction":[{"@type":"SearchAction","target":{"@type":"EntryPoint","urlTemplate":"https:\/\/www.generali.es\/blog\/tuasesorsalud\/?s={search_term_string}"},"query-input":"required name=search_term_string"}],"inLanguage":"es"},{"@type":"Organization","@id":"https:\/\/www.generali.es\/blog\/tuasesorsalud\/#organization","name":"Tu Asesor de Salud","url":"https:\/\/www.generali.es\/blog\/tuasesorsalud\/","logo":{"@type":"ImageObject","inLanguage":"es","@id":"https:\/\/www.generali.es\/blog\/tuasesorsalud\/#\/schema\/logo\/image\/","url":"https:\/\/www.generali.es\/blog\/tuasesorsalud\/wp-content\/uploads\/2021\/04\/generali.png","contentUrl":"https:\/\/www.generali.es\/blog\/tuasesorsalud\/wp-content\/uploads\/2021\/04\/generali.png","width":100,"height":81,"caption":"Tu Asesor de Salud"},"image":{"@id":"https:\/\/www.generali.es\/blog\/tuasesorsalud\/#\/schema\/logo\/image\/"}},{"@type":"Person","@id":"https:\/\/www.generali.es\/blog\/tuasesorsalud\/#\/schema\/person\/b3e3621e80b273ef3366c6dc945ab47e","name":"Equipo GENERALI","image":{"@type":"ImageObject","inLanguage":"es","@id":"https:\/\/www.generali.es\/blog\/tuasesorsalud\/#\/schema\/person\/image\/","url":"https:\/\/www.generali.es\/blog\/tuasesorsalud\/wp-content\/uploads\/2020\/11\/equipo_generali-150x150.jpg","contentUrl":"https:\/\/www.generali.es\/blog\/tuasesorsalud\/wp-content\/uploads\/2020\/11\/equipo_generali-150x150.jpg","caption":"Equipo GENERALI"},"description":"El equipo de Tu Asesor Salud est\u00e1 compuesto por periodistas y especialistas en la salud, la nutrici\u00f3n, el deporte, la familia as\u00ed como profesionales t\u00e9cnicos de los seguros de salud. Te ayudamos a que tengas una vida m\u00e1s saludable y te ofrecemos contenido \u00fatil para tu d\u00eda a d\u00eda.","sameAs":["https:\/\/www.generali.es\/blog\/tuasesorsalud\/"],"url":"https:\/\/www.generali.es\/blog\/tuasesorsalud\/author\/generali_asesor\/"}]}},"_links":{"self":[{"href":"https:\/\/www.generali.es\/blog\/tuasesorsalud\/wp-json\/wp\/v2\/posts\/2961"}],"collection":[{"href":"https:\/\/www.generali.es\/blog\/tuasesorsalud\/wp-json\/wp\/v2\/posts"}],"about":[{"href":"https:\/\/www.generali.es\/blog\/tuasesorsalud\/wp-json\/wp\/v2\/types\/post"}],"author":[{"embeddable":true,"href":"https:\/\/www.generali.es\/blog\/tuasesorsalud\/wp-json\/wp\/v2\/users\/1"}],"replies":[{"embeddable":true,"href":"https:\/\/www.generali.es\/blog\/tuasesorsalud\/wp-json\/wp\/v2\/comments?post=2961"}],"version-history":[{"count":9,"href":"https:\/\/www.generali.es\/blog\/tuasesorsalud\/wp-json\/wp\/v2\/posts\/2961\/revisions"}],"predecessor-version":[{"id":6578,"href":"https:\/\/www.generali.es\/blog\/tuasesorsalud\/wp-json\/wp\/v2\/posts\/2961\/revisions\/6578"}],"wp:featuredmedia":[{"embeddable":true,"href":"https:\/\/www.generali.es\/blog\/tuasesorsalud\/wp-json\/wp\/v2\/media\/2960"}],"wp:attachment":[{"href":"https:\/\/www.generali.es\/blog\/tuasesorsalud\/wp-json\/wp\/v2\/media?parent=2961"}],"wp:term":[{"taxonomy":"category","embeddable":true,"href":"https:\/\/www.generali.es\/blog\/tuasesorsalud\/wp-json\/wp\/v2\/categories?post=2961"},{"taxonomy":"post_tag","embeddable":true,"href":"https:\/\/www.generali.es\/blog\/tuasesorsalud\/wp-json\/wp\/v2\/tags?post=2961"}],"curies":[{"name":"wp","href":"https:\/\/api.w.org\/{rel}","templated":true}]}}