{"id":2946,"date":"2022-06-28T19:50:00","date_gmt":"2022-06-28T17:50:00","guid":{"rendered":"https:\/\/www.generali.es\/blog\/tuasesorsalud\/?p=2946"},"modified":"2024-05-22T16:45:47","modified_gmt":"2024-05-22T14:45:47","slug":"crema-solar-bebes-ninos","status":"publish","type":"post","link":"https:\/\/www.generali.es\/blog\/tuasesorsalud\/crema-solar-bebes-ninos\/","title":{"rendered":"Crema solar para beb\u00e9s y ni\u00f1os \u00bfc\u00f3mo elegir una adecuada?"},"content":{"rendered":"\n<p>Todos sabemos lo da\u00f1ino que puede ser el sol para la piel. Y, cuando se trata de proteger la de los m\u00e1s peque\u00f1os, \u00a1la precauci\u00f3n debe ser m\u00e1xima! Por ello, es importante llevar siempre una <strong>crema solar para beb\u00e9s y ni\u00f1os a mano<\/strong>, incluso si tu hijo est\u00e1 vestido.<\/p>\n\n\n\n<p>La <b>piel de los reci\u00e9n nacidos<\/b> puede ser hasta <b>10 veces m\u00e1s fina<\/b> que la de los adultos. Adem\u00e1s, a esas edades todav\u00eda no es capaz de <b>regular adecuadamente la temperatura<\/b> y tiende a <b>irritarse con facilidad<\/b>.<\/p>\n\n\n\n<p>Los pediatras recomiendan no exponer a los ni\u00f1os y beb\u00e9s demasiado a los rayos UV. Aun as\u00ed, tampoco hay que renunciar a unas vacaciones en la playa o en la piscina. Eso s\u00ed, <b>\u00a1siempre con un factor de protecci\u00f3n solar adecuado!<\/b><\/p>\n\n\n\n<p>\u00bfC\u00f3mo elegir factor de protecci\u00f3n solar? Te contamos cu\u00e1les son las <b>mejores cremas solares para beb\u00e9s y ni\u00f1os <\/b>seg\u00fan su edad o piel, y las <b>caracter\u00edsticas de la etiqueta<\/b> en las que te tienes que fijar antes de comprarla.<\/p>\n\n\n\n<p>Descubre todos estos datos y muchos m\u00e1s en el nuevo video de la pediatra Mar. Dale al play, usa crema solar y disfruta del verano junto a los m\u00e1s peque\u00f1os de la casa. <\/p>\n\n\n\n<figure class=\"wp-block-embed is-type-video is-provider-youtube wp-block-embed-youtube wp-embed-aspect-16-9 wp-has-aspect-ratio\"><div class=\"wp-block-embed__wrapper\">\n<iframe loading=\"lazy\" title=\"\u00bfC\u00f3mo proteger a los ni\u00f1os del sol? | La Pediatra Mar Responde 7 - GENERALI Tu Asesor Salud\" width=\"800\" height=\"450\" src=\"https:\/\/www.youtube.com\/embed\/GofQNIUgdwE?feature=oembed\" frameborder=\"0\" allow=\"accelerometer; autoplay; clipboard-write; encrypted-media; gyroscope; picture-in-picture\" allowfullscreen><\/iframe>\n<\/div><\/figure>\n\n\n\n<div id=\"ez-toc-container\" class=\"ez-toc-v2_0_22 counter-hierarchy counter-decimal\">\n<div class=\"ez-toc-title-container\">\n<p class=\"ez-toc-title\">&Iacute;ndice<\/p>\n<span class=\"ez-toc-title-toggle\"><a class=\"ez-toc-pull-right ez-toc-btn ez-toc-btn-xs ez-toc-btn-default ez-toc-toggle\" style=\"display: none;\"><i class=\"ez-toc-glyphicon ez-toc-icon-toggle\"><\/i><\/a><\/span><\/div>\n<nav><ul class=\"ez-toc-list ez-toc-list-level-1\"><li class=\"ez-toc-page-1 ez-toc-heading-level-2\"><a class=\"ez-toc-link ez-toc-heading-1\" href=\"https:\/\/www.generali.es\/blog\/tuasesorsalud\/crema-solar-bebes-ninos\/#Por_que_es_fundamental_la_crema_solar_para_bebes_y_ninos\" title=\"Por qu\u00e9 es fundamental la crema solar para beb\u00e9s y ni\u00f1os\">Por qu\u00e9 es fundamental la crema solar para beb\u00e9s y ni\u00f1os<\/a><\/li><li class=\"ez-toc-page-1 ez-toc-heading-level-2\"><a class=\"ez-toc-link ez-toc-heading-2\" href=\"https:\/\/www.generali.es\/blog\/tuasesorsalud\/crema-solar-bebes-ninos\/#Caracteristicas_imprescindibles_de_las_cremas_solares_para_bebes_y_ninos\" title=\"Caracter\u00edsticas imprescindibles de las cremas solares para beb\u00e9s y ni\u00f1os\">Caracter\u00edsticas imprescindibles de las cremas solares para beb\u00e9s y ni\u00f1os<\/a><\/li><li class=\"ez-toc-page-1 ez-toc-heading-level-2\"><a class=\"ez-toc-link ez-toc-heading-3\" href=\"https:\/\/www.generali.es\/blog\/tuasesorsalud\/crema-solar-bebes-ninos\/#%C2%BFQue_factor_de_proteccion_solar_elegir\" title=\"\u00bfQu\u00e9 factor de protecci\u00f3n solar elegir?\">\u00bfQu\u00e9 factor de protecci\u00f3n solar elegir?<\/a><\/li><li class=\"ez-toc-page-1 ez-toc-heading-level-2\"><a class=\"ez-toc-link ez-toc-heading-4\" href=\"https:\/\/www.generali.es\/blog\/tuasesorsalud\/crema-solar-bebes-ninos\/#Que_tipo_de_crema_solar_usar_segun_el_tipo_de_piel\" title=\"Qu\u00e9 tipo de crema solar usar seg\u00fan el tipo de piel\">Qu\u00e9 tipo de crema solar usar seg\u00fan el tipo de piel<\/a><\/li><li class=\"ez-toc-page-1 ez-toc-heading-level-2\"><a class=\"ez-toc-link ez-toc-heading-5\" href=\"https:\/\/www.generali.es\/blog\/tuasesorsalud\/crema-solar-bebes-ninos\/#Juegos_para_facilitar_la_aplicacion_de_crema_solar_en_ninos\" title=\"Juegos para facilitar la aplicaci\u00f3n de crema solar en ni\u00f1os\">Juegos para facilitar la aplicaci\u00f3n de crema solar en ni\u00f1os<\/a><\/li><li class=\"ez-toc-page-1 ez-toc-heading-level-2\"><a class=\"ez-toc-link ez-toc-heading-6\" href=\"https:\/\/www.generali.es\/blog\/tuasesorsalud\/crema-solar-bebes-ninos\/#Preguntas_frecuentes\" title=\"Preguntas frecuentes\">Preguntas frecuentes<\/a><\/li><\/ul><\/nav><\/div>\n<h2 class=\"wp-block-heading\"><span class=\"ez-toc-section\" id=\"Por_que_es_fundamental_la_crema_solar_para_bebes_y_ninos\"><\/span><b>Por qu\u00e9 es fundamental la crema solar para beb\u00e9s y ni\u00f1os<\/b><span class=\"ez-toc-section-end\"><\/span><\/h2>\n\n\n\n<p>Contar con una buena crema solar para beb\u00e9s y ni\u00f1os es esencial para <b>proteger su piel de los rayos UV<\/b>. Aunque <strong>no siempre es f\u00e1cil trasladar ese peligro a nuestros peque\u00f1os<\/strong>, los adultos s\u00ed deben conocer todos los riesgos a los que se exponen si no usan protectores solares infantiles.<\/p>\n\n\n\n<p>Los rayos de luz ultravioleta invisibles son capaces de <b>penetrar en la piel<\/b> <b>y da\u00f1ar las c\u00e9lulas cut\u00e1neas<\/b>. Y, aunque la exposici\u00f3n al sol puede provocar lesiones visibles como las <b>quemaduras<\/b>, \u00a1muchas otras son invisibles o incluso no se manifiestan hasta pasados los a\u00f1os!<\/p>\n\n\n\n<p>El aumento del n\u00famero de <b>lunares<\/b>, la <b>aparici\u00f3n de pecas<\/b>, <b>manchas<\/b> o <b>arrugas<\/b> con los a\u00f1os son, todos ellos, s\u00edntomas de un <b>deterioro invisible en las c\u00e9lulas<\/b>. \u00a1Por no hablar del <b>c\u00e1ncer de piel<\/b>! Es por ello que el uso de crema solar para beb\u00e9s es la mejor prevenci\u00f3n que puedes aplicar para protegerles.<\/p>\n\n\n\n<figure class=\"wp-block-image\"><img decoding=\"async\" src=\"https:\/\/images-cdn.welcomesoftware.com\/Zz1lNjFhMGRiMmViYjExMWViYjBjYjU1Y2VjZjgwMzgwYw==\" alt=\"Generali_Sunscreen for Children_Mini Graphics_19.07.21 (1).jpg\"\/><\/figure>\n\n\n\n<p>Dado que la piel de los m\u00e1s peque\u00f1os es especialmente delicada, es importante <strong>reducir el tiempo de exposici\u00f3n solar <\/strong>durante los primeros meses de vida. Observar de vez en cuando su piel, sobre todo en las mejillas, la frente, las rodillas y los codos para descartar cualquier anomal\u00eda.<\/p>\n\n\n\n<p>Si tu beb\u00e9 padece dermatitis o cualquier alteraci\u00f3n en la piel, \u00a1es importante <strong>detectarlo a tiempo<\/strong>! Aun as\u00ed, recuerda estar siempre en contacto frecuente con su pediatra. Algunos <a href=\"https:\/\/www.generali.es\/seguros-particulares\/salud?utm_source=contenidos&amp;utm_medium=tuasesorsalud.generali.es&amp;utm_campaign=awareness_salud&amp;utm_term=1&amp;utm_content=post_Seguros%20de%20cuidados%20postparto:%20atenci%C3%B3n%20a%20beb%C3%A9s%20y%20padres\">seguros de salud<\/a> ofrecen una <a href=\"https:\/\/www.generali.es\/blog\/tuasesorsalud\/seguros-de-cuidados-postparto\/\" target=\"_blank\" rel=\"noopener noreferrer\"><strong>asistencia postparto<\/strong><\/a> para que el beb\u00e9 cuente con revisiones frecuentes y as\u00ed evitar cualquier tipo de complicaci\u00f3n.<\/p>\n\n\n\n<h2 class=\"wp-block-heading\"><span class=\"ez-toc-section\" id=\"Caracteristicas_imprescindibles_de_las_cremas_solares_para_bebes_y_ninos\"><\/span><b>Caracter\u00edsticas imprescindibles de las cremas solares para beb\u00e9s y ni\u00f1os<\/b><span class=\"ez-toc-section-end\"><\/span><\/h2>\n\n\n\n<p><strong>\u00bfC\u00f3mo elegir factor de protecci\u00f3n solar? <\/strong>El mercado est\u00e1 repleto de marcas, pero \u00a1no todos cuentan con la fotoprotecci\u00f3n adecuada! Antes de comprar uno, f\u00edjate en la etiqueta. Te contamos las caracter\u00edsticas imprescindibles qu\u00e9 debe llevar la mejor crema solar para beb\u00e9s.<\/p>\n\n\n\n<ul>\n<li><b>Protecci\u00f3n contra los rayos UVB<\/b> (aquellos que provocan quemaduras) y los <strong>rayos UVA<\/strong> (relacionados con las consecuencias del sol a largo plazo).<\/li>\n\n\n\n<li><b>Resistente al agua<\/b>. Algunos protectores solares desaparecer\u00e1n en cuanto tu hijo se meta en la piscina o en el mar. \u00a1Aseg\u00farate de que el protector solar para beb\u00e9s que compres sea \u201c<i>water proof<\/i>\u201d!<\/li>\n\n\n\n<li>Que sea <b>hipoalerg\u00e9nico<\/b>. Evita formulaciones con \u00e1cido paraaminobenzoico (PABA). Se trata de una sustancia que le podr\u00eda provocar una <a href=\"https:\/\/www.generali.es\/blog\/tuasesorsalud\/pruebas-alergias-ninos\/\">reacci\u00f3n al\u00e9rgica<\/a>.<\/li>\n\n\n\n<li>Con <strong>filtros minerales o f\u00edsicos<\/strong>. Estos elementos son capaces de reflejar la radiaci\u00f3n sin que penetre en la piel. Sin embargo, presentan un inconveniente: no son tan resistentes al agua y cuesta m\u00e1s aplicar la crema que los qu\u00edmicos.<\/li>\n\n\n\n<li>Si optas por crema solar para beb\u00e9s indicada para <b>pieles sensibles<\/b>, \u00a1mejor!<\/li>\n\n\n\n<li>Que cuente con un factor de <b>protecci\u00f3n solar adecuado<\/b>. En la medida de lo posible, hazte con uno de protecci\u00f3n SPF 50+. \u00bfSabes qu\u00e9 significa el factor de protecci\u00f3n solar? \u00a1Te lo contamos!<\/li>\n<\/ul>\n\n\n\n<p>Te interesa: <a href=\"https:\/\/www.generali.es\/blog\/tuasesorsalud\/otitis-ninos-bebes\">C\u00f3mo detectar y tratar la otitis en ni\u00f1os y beb\u00e9s<\/a><\/p>\n\n\n\n<h2 class=\"wp-block-heading\"><span class=\"ez-toc-section\" id=\"%C2%BFQue_factor_de_proteccion_solar_elegir\"><\/span><b>\u00bfQu\u00e9 factor de protecci\u00f3n solar elegir?<\/b><span class=\"ez-toc-section-end\"><\/span><\/h2>\n\n\n\n<p>Antes de <strong>elegir el factor de protecci\u00f3n solar adecuado<\/strong>, conviene comprender el etiquetado de los protectores solares infantiles. Todos ellos influyen las siglas <strong>SPF <\/strong>(del ingl\u00e9s <em>Sun Protection Factor<\/em>) junto a una numeraci\u00f3n. \u00a1Es ese el n\u00famero en el que debes fijarte!<\/p>\n\n\n\n<p>Pero, <b>\u00bfqu\u00e9 significa el factor de protecci\u00f3n solar?<\/b> Indica el n\u00famero de veces que la crema solar para beb\u00e9s aumentar\u00e1 la resistencia natural a las quemaduras que tenga su piel. Es decir, un factor de protecci\u00f3n SPF 50 significa que la piel tardar\u00e1 50 veces m\u00e1s en quemarse que si no le hubieras echado nada.<\/p>\n\n\n\n<figure class=\"wp-block-image\"><img decoding=\"async\" src=\"https:\/\/images-cdn.welcomesoftware.com\/Zz1mZGJlMGUxZWViYjExMWViOTAxMDFkYWVkOWMxOGVjMA==\" alt=\"Generali_Sunscreen for Children_Mini Graphics_19.07.212 (1).jpg\"\/><\/figure>\n\n\n\n<h3 class=\"wp-block-heading\">De 0 a 6 meses \u00bfes recomendable?<\/h3>\n\n\n\n<p>Todos los expertos coinciden en que no hay que exponer a los beb\u00e9s menores de 6 meses directamente a la radiaci\u00f3n solar. A esas edades tan tempranas, \u00a1el da\u00f1o que les producir\u00e1 el sol es muy grande! Aun as\u00ed, el 48% de los espa\u00f1oles no sigue esta recomendaci\u00f3n.<\/p>\n\n\n\n<p>Se recomienda <strong>no aplicar crema solar para beb\u00e9s menores de 6 meses<\/strong>, ya que su composici\u00f3n podr\u00eda irritar su piel. En la medida de lo posible, evita el contacto del sol usando ropa que cubra su cuerpo, usa un gorrito y ponle a la sombra.<\/p>\n\n\n\n<h3 class=\"wp-block-heading\">De 6 meses a 3 a\u00f1os<\/h3>\n\n\n\n<p>A partir de los 6 meses, ya podr\u00e1s usar crema solar para beb\u00e9s.<\/p>\n\n\n\n<p>Entre los 6 meses y los 3 a\u00f1os deben usarse cremas solares MINERALES (filtro f\u00edsico).<\/p>\n\n\n\n<p>Estas cremas protegen frente a los rayos UVA y UVB. water. Son m\u00e1s dif\u00edciles de extender pero se quedan en las capas m\u00e1s superficiales de la piel y no suelen producir reacciones (alergias, dermatitis\u2026).<\/p>\n\n\n\n<p>El factor de protecci\u00f3n solar (SPF) deber\u00eda ser el m\u00e1s alto posible (50) pero al menos de 25.<\/p>\n\n\n\n<h3 class=\"wp-block-heading\">Desde 3 a\u00f1os<\/h3>\n\n\n\n<p>Para los ni\u00f1os desde 3 a\u00f1os podemos elegir una crema solar con filtro mineral o tambi\u00e9n con filtro qu\u00edmico.<\/p>\n\n\n\n<p>Las cremas con filtro qu\u00edmico son m\u00e1s f\u00e1ciles de extender pero se absorben m\u00e1s as\u00ed que pueden producir alergias o dermatitis (por ello no las recomendamos en ni\u00f1os con alergia a fotoprotectores o con dermatitis at\u00f3pica).<\/p>\n\n\n\n<p>El SPF deber\u00eda ser el m\u00e1s alto posible o al menos de 25, tambi\u00e9n deber\u00eda ser una crema resistente al agua (waterproof), sudor y frotamiento. Que proteja frente a los rayos UVB y tambi\u00e9n UVA (lo especifica dentro de un peque\u00f1o c\u00edrculo).<\/p>\n\n\n\n<h2 class=\"wp-block-heading\"><span class=\"ez-toc-section\" id=\"Que_tipo_de_crema_solar_usar_segun_el_tipo_de_piel\"><\/span><b>Qu\u00e9 tipo de crema solar usar seg\u00fan el tipo de piel<\/b><span class=\"ez-toc-section-end\"><\/span><\/h2>\n\n\n\n<p>No todas las pieles reaccionan igual a la exposici\u00f3n solar. De hecho, algunas tienden a enrojecer antes que otras. No obstante, ning\u00fan tipo de piel est\u00e1 libre de sufrir da\u00f1os a las c\u00e9lulas cut\u00e1neas. \u00a1Debes protegerla siempre!<\/p>\n\n\n\n<p>Se distinguen <strong>6 tipos de piel<\/strong>, en funci\u00f3n de la resistencia que ofrecen a los rayos. \u00a1Descubre cu\u00e1l tiene tu hijo!<\/p>\n\n\n\n<h3 class=\"wp-block-heading\">Fototipo 1<\/h3>\n\n\n\n<p>El fototipo 1 es aquella <strong>piel muy p\u00e1lida y clara<\/strong>. En ocasiones, tambi\u00e9n presenta <strong>pecas <\/strong>y es com\u00fan en los <strong>pelirrojos<\/strong>. Se trata de una piel muy delicada, sin capacidad de bronceado y que <strong>se quema con facilidad <\/strong>por la exposici\u00f3n al sol. Si tu hijo es fototipo 1, es especialmente importante que evites el sol en lo posible y que uses ropa para protegerle, adem\u00e1s \u00a1\u00e9chale siempre factor protector SPF 50+!<\/p>\n\n\n\n<h3 class=\"wp-block-heading\">Fototipo 2<\/h3>\n\n\n\n<p>Corresponde a las <strong>pieles claras<\/strong> que se queman con facilidad, aunque s\u00ed puede ponerse ligeramente bronceadas. Se suele dar en personas de pelo rubio. Es recomendable usar una protecci\u00f3n SPF 50+.<\/p>\n\n\n\n<h3 class=\"wp-block-heading\">Fototipo 3<\/h3>\n\n\n\n<p>Se da en personas de cabello casta\u00f1o. Aunque es una piel blanca, <strong>se quema solo de vez en cuando<\/strong>. Aun as\u00ed, no debes optar por un factor por debajo de 50 nunca.<\/p>\n\n\n\n<h3 class=\"wp-block-heading\">Fototipo 4<\/h3>\n\n\n\n<p>Se trata de una piel mixta o ligeramente oscura. Adem\u00e1s, suele adquirir un tono bronceado con facilidad. Si tu hijo es mayor 3 a\u00f1os, puedes aplicarle un factor 30 fuera de las horas de m\u00e1xima exposici\u00f3n solar.<\/p>\n\n\n\n<h3 class=\"wp-block-heading\">Fototipo 5<\/h3>\n\n\n\n<p>Es una piel oscura que <strong>rara vez se quema<\/strong> <strong>visiblemente<\/strong>. Se pone morena con rapidez y adquiere un tono oscuro intenso. No obstante, los rayos de sol tambi\u00e9n provocan da\u00f1os invisibles a las personas con pieles tipo 5 y se debe aplicar protecci\u00f3n solar.<\/p>\n\n\n\n<h3 class=\"wp-block-heading\">Fototipo 6<\/h3>\n\n\n\n<p>Un fototipo 6 corresponde a una <strong>piel negra<\/strong>. Visiblemente, no se quema nunca (aunque tambi\u00e9n sufre da\u00f1os) y se broncea al instante. Aun si tu hijo presenta una piel tipo 6 debes usar, como m\u00ednimo, el factor 30.<\/p>\n\n\n\n<p><b>Te interesa<\/b>: <a href=\"https:\/\/www.generali.es\/blog\/tuasesorsalud\/piojos-en-ninos\/\">\u00bfTu hijo tiene piojos? Comb\u00e1telos con estos remedios<\/a><\/p>\n\n\n\n<h2 class=\"wp-block-heading\"><span class=\"ez-toc-section\" id=\"Juegos_para_facilitar_la_aplicacion_de_crema_solar_en_ninos\"><\/span><b>Juegos para facilitar la aplicaci\u00f3n de crema solar en ni\u00f1os<\/b><span class=\"ez-toc-section-end\"><\/span><\/h2>\n\n\n\n<h3 class=\"wp-block-heading\">Con la crema<\/h3>\n\n\n\n<p>\u00a1Ponerse protecci\u00f3n solar no tiene por qu\u00e9 ser aburrido! Echa una buena cantidad de crema solar para beb\u00e9s en las zonas expuestas de la piel de tus hijos &nbsp;(brazos, piernas\u2026) y d\u00e9jales que ellos \u201cunan los puntos\u201d con los dedos.<\/p>\n\n\n\n<p>Mientras tanto, t\u00fa puedes aplic\u00e1rselo en el resto del cuerpo y rellenar los huecos. \u00bfO por qu\u00e9 no usar una esponja de maquillaje? D\u00e9jales jugar con ella para animarles a ech\u00e1rsela por todo el cuerpo, \u00a1y pon\u00e9rtela a ti tambi\u00e9n! Tambi\u00e9n puedes&nbsp;<strong>activar el cron\u00f3metro de tu tel\u00e9fono<\/strong>&nbsp;y&nbsp;<strong>retar a tu hijo<\/strong>&nbsp;a ponerse la protecci\u00f3n lo m\u00e1s r\u00e1pido que pueda, ya sea en todo el cuerpo o en una zona concreta. Posteriormente deber\u00e1s asegurarte de que la crema cubre toda la piel y no existen zonas sin protecci\u00f3n.&nbsp;<\/p>\n\n\n\n<p>Prueba tambi\u00e9n a pedirle a tu hijo que le ponga la protecci\u00f3n solar a su mu\u00f1eco de pl\u00e1stico favorito y que despu\u00e9s haga igual con \u00e9l mismo. Eso s\u00ed, \u00a1no olvides tener a mano toallitas!<\/p>\n\n\n\n<p><strong>\u00a1No te lo pierdas!<\/strong>: <a href=\"https:\/\/www.generali.es\/blog\/generalimasqueseguros\/seguridad-agua-ninos-consejos\/\">Consejos para mantener a tus hijos seguros en el agua<\/a><\/p>\n\n\n\n<h3 class=\"wp-block-heading\">Con la ropa<\/h3>\n\n\n\n<p>Anima a tus hijos a vestir prendas con UPF 50 o en su defecto, de fibra sint\u00e9tica como lycra, poli\u00e9ster, nylon o acr\u00edlicos. \u00a1Los rayos de sol no podr\u00e1n penetrar en la piel con tanta facilidad! Aun as\u00ed, siempre debes echarles crema solar en las zonas de piel expuesta.<\/p>\n\n\n\n<h3 class=\"wp-block-heading\">Con los complementos<\/h3>\n\n\n\n<p>No vemos que haya tantos ni\u00f1os como adultos con gafas de sol en la playa, pero los ni\u00f1os tambi\u00e9n necesitan&nbsp;<a href=\"https:\/\/www.generali.es\/blog\/tuasesorsalud\/7-consejos-para-proteger-tu-vista\/\">proteger sus ojos<\/a>. Ahora bien, \u00a1busca siempre unas gafas categor\u00eda 3 o 4!<\/p>\n\n\n\n<p>Puedes hacer que las gafas de sol les sean atractivas improvisando un mini desfile de moda. Consigue unos cuantos modelos y pide a tus hijos que se las prueben, haciendo un desfile de \u201cpasarela\u201d con su par favorito. \u00bfY por qu\u00e9 no incluyes una gorra al juego? Eso s\u00ed, aseg\u00farate de que tienen una visera ancha para conseguir la mejor protecci\u00f3n posible (y tambi\u00e9n sea con UPF 50).<\/p>\n\n\n\n<h2 class=\"wp-block-heading\"><span class=\"ez-toc-section\" id=\"Preguntas_frecuentes\"><\/span><b>Preguntas frecuentes<\/b><span class=\"ez-toc-section-end\"><\/span><\/h2>\n\n\n\n<h3 class=\"wp-block-heading\">\u00bfDebo poner crema solar a mi beb\u00e9?<\/h3>\n\n\n\n<p>Si tiene menos de 6 meses de vida, <strong>no debes ponerle crema solar para beb\u00e9s y no debes exponerlo al sol.<\/strong>&nbsp;A partir de esa edad, se recomienda usar protectores solares infantiles incluso con ropa para las zonas descubiertas.<\/p>\n\n\n\n<h3 class=\"wp-block-heading\">\u00bfQu\u00e9 protector solar es bueno para los ni\u00f1os?<\/h3>\n\n\n\n<p>El <strong>mejor protector solar para ni\u00f1os<\/strong> debe contar con protecci\u00f3n, tanto para rayos UVA como UVB, y tener factor <strong>SPF 50+<\/strong>. Adem\u00e1s, se recomienda que cuente con <strong>filtros f\u00edsicos o minerales<\/strong> y sea <strong>resistente al agua<\/strong>.<\/p>\n\n\n\n<h3 class=\"wp-block-heading\">\u00bfCu\u00e1ndo se le puede poner protector solar a un beb\u00e9?<\/h3>\n\n\n\n<p>Se le puede poner protector solar a un beb\u00e9 siempre que vaya a estar expuesto al sol directa o indirectamente. Eso s\u00ed, <strong>nunca si es menor de 6 meses.<\/strong><\/p>\n\n\n\n<h3 class=\"wp-block-heading\">\u00bfQu\u00e9 es el factor de protecci\u00f3n solar?<\/h3>\n\n\n\n<p>El factor de protecci\u00f3n solar es el \u00edndice que indica el nivel de protecci\u00f3n que presenta la crema solar antes de quemarte. Por tanto, si una persona tarda 10 minutos en quemarse, un protector solar FPS 30 multiplicar\u00e1 el tiempo de protecci\u00f3n de su piel por 30 veces.<\/p>\n\n\n\n<p>El bienestar de tu familia es tu mayor prioridad. Cuida de ellos con el <b>seguro de&nbsp;<a href=\"https:\/\/www.generali.es\/seguros-particulares\/salud-opcion-family\" target=\"_blank\" rel=\"noopener noreferrer\">Protecci\u00f3n Familiar&nbsp;<\/a><strong><a href=\"https:\/\/www.generali.es\/seguros-particulares\/salud-opcion-family\" target=\"_blank\" rel=\"noopener noreferrer\">Salud&nbsp;<em>Opci\u00f3n Family<\/em><\/a>&nbsp;de GENERALI<\/strong><\/b>: asistencia primaria y hospitalaria inmediata, pruebas diagn\u00f3sticas y tratamientos preventivos. \u00a1Disfruta de las mejores coberturas para tu familia.<\/p>\n\n\n\n<figure class=\"wp-block-image\"><img decoding=\"async\" src=\"https:\/\/pixel.welcomesoftware.com\/px.gif?key=YXJ0aWNsZT0zNmI2OGQzYWU0ZWMxMWViYWZlZDJkYzljMTlmN2E5OA==\" alt=\"\"\/><\/figure>\n\n\n\n<p><\/p>\n","protected":false},"excerpt":{"rendered":"<p>Todos sabemos lo da\u00f1ino que puede ser el sol para la piel. Y, cuando se trata de proteger la de los m\u00e1s peque\u00f1os, \u00a1la precauci\u00f3n debe ser m\u00e1xima! Por ello, es importante llevar siempre una crema solar para beb\u00e9s y ni\u00f1os a mano, incluso si tu hijo est\u00e1 vestido. La piel de los reci\u00e9n nacidos [&hellip;]<\/p>\n","protected":false},"author":10,"featured_media":2945,"comment_status":"closed","ping_status":"open","sticky":false,"template":"","format":"standard","meta":{"footnotes":""},"categories":[3],"tags":[],"yoast_head":"<!-- This site is optimized with the Yoast SEO plugin v21.6 - https:\/\/yoast.com\/wordpress\/plugins\/seo\/ -->\n<title>\u25b7 Crema Solar para Beb\u00e9s y Ni\u00f1os \u00bfC\u00f3mo Elegir BIEN?<\/title>\n<meta name=\"description\" content=\"\u00a1Es Tiempo de Playa y Piscina! \u2b50 Pero \u00bfqu\u00e9 Crema Solar debo poner a mis hijos? Te sacamos de dudas por Edades y Tipos de Piel \u261d Saber M\u00e1s\" \/>\n<meta name=\"robots\" content=\"index, follow, max-snippet:-1, max-image-preview:large, max-video-preview:-1\" \/>\n<link rel=\"canonical\" href=\"https:\/\/www.generali.es\/blog\/tuasesorsalud\/crema-solar-bebes-ninos\/\" \/>\n<meta name=\"twitter:label1\" content=\"Escrito por\" \/>\n\t<meta name=\"twitter:data1\" content=\"Mar L\u00f3pez Sureda\" \/>\n\t<meta name=\"twitter:label2\" content=\"Tiempo de lectura\" \/>\n\t<meta name=\"twitter:data2\" content=\"10 minutos\" \/>\n<script type=\"application\/ld+json\" class=\"yoast-schema-graph\">{\"@context\":\"https:\/\/schema.org\",\"@graph\":[{\"@type\":\"Article\",\"@id\":\"https:\/\/www.generali.es\/blog\/tuasesorsalud\/crema-solar-bebes-ninos\/#article\",\"isPartOf\":{\"@id\":\"https:\/\/www.generali.es\/blog\/tuasesorsalud\/crema-solar-bebes-ninos\/\"},\"author\":{\"name\":\"Mar L\u00f3pez Sureda\",\"@id\":\"https:\/\/www.generali.es\/blog\/tuasesorsalud\/#\/schema\/person\/b1698a2c5ded73c31f54a7d35b8e2449\"},\"headline\":\"Crema solar para beb\u00e9s y ni\u00f1os \u00bfc\u00f3mo elegir una adecuada?\",\"datePublished\":\"2022-06-28T17:50:00+00:00\",\"dateModified\":\"2024-05-22T14:45:47+00:00\",\"mainEntityOfPage\":{\"@id\":\"https:\/\/www.generali.es\/blog\/tuasesorsalud\/crema-solar-bebes-ninos\/\"},\"wordCount\":2169,\"publisher\":{\"@id\":\"https:\/\/www.generali.es\/blog\/tuasesorsalud\/#organization\"},\"articleSection\":[\"Salud\"],\"inLanguage\":\"es\"},{\"@type\":\"WebPage\",\"@id\":\"https:\/\/www.generali.es\/blog\/tuasesorsalud\/crema-solar-bebes-ninos\/\",\"url\":\"https:\/\/www.generali.es\/blog\/tuasesorsalud\/crema-solar-bebes-ninos\/\",\"name\":\"\u25b7 Crema Solar para Beb\u00e9s y Ni\u00f1os \u00bfC\u00f3mo Elegir BIEN?\",\"isPartOf\":{\"@id\":\"https:\/\/www.generali.es\/blog\/tuasesorsalud\/#website\"},\"datePublished\":\"2022-06-28T17:50:00+00:00\",\"dateModified\":\"2024-05-22T14:45:47+00:00\",\"description\":\"\u00a1Es Tiempo de Playa y Piscina! \u2b50 Pero \u00bfqu\u00e9 Crema Solar debo poner a mis hijos? Te sacamos de dudas por Edades y Tipos de Piel \u261d Saber M\u00e1s\",\"breadcrumb\":{\"@id\":\"https:\/\/www.generali.es\/blog\/tuasesorsalud\/crema-solar-bebes-ninos\/#breadcrumb\"},\"inLanguage\":\"es\",\"potentialAction\":[{\"@type\":\"ReadAction\",\"target\":[\"https:\/\/www.generali.es\/blog\/tuasesorsalud\/crema-solar-bebes-ninos\/\"]}]},{\"@type\":\"BreadcrumbList\",\"@id\":\"https:\/\/www.generali.es\/blog\/tuasesorsalud\/crema-solar-bebes-ninos\/#breadcrumb\",\"itemListElement\":[{\"@type\":\"ListItem\",\"position\":1,\"name\":\"Home\",\"item\":\"https:\/\/www.generali.es\/blog\/tuasesorsalud\/\"},{\"@type\":\"ListItem\",\"position\":2,\"name\":\"Salud\",\"item\":\"https:\/\/www.generali.es\/blog\/tuasesorsalud\/salud\/\"},{\"@type\":\"ListItem\",\"position\":3,\"name\":\"Crema solar para beb\u00e9s y ni\u00f1os \u00bfc\u00f3mo elegir una adecuada?\"}]},{\"@type\":\"WebSite\",\"@id\":\"https:\/\/www.generali.es\/blog\/tuasesorsalud\/#website\",\"url\":\"https:\/\/www.generali.es\/blog\/tuasesorsalud\/\",\"name\":\"Tu Asesor de Salud\",\"description\":\"Blog de Salud de GENERALI\",\"publisher\":{\"@id\":\"https:\/\/www.generali.es\/blog\/tuasesorsalud\/#organization\"},\"potentialAction\":[{\"@type\":\"SearchAction\",\"target\":{\"@type\":\"EntryPoint\",\"urlTemplate\":\"https:\/\/www.generali.es\/blog\/tuasesorsalud\/?s={search_term_string}\"},\"query-input\":\"required name=search_term_string\"}],\"inLanguage\":\"es\"},{\"@type\":\"Organization\",\"@id\":\"https:\/\/www.generali.es\/blog\/tuasesorsalud\/#organization\",\"name\":\"Tu Asesor de Salud\",\"url\":\"https:\/\/www.generali.es\/blog\/tuasesorsalud\/\",\"logo\":{\"@type\":\"ImageObject\",\"inLanguage\":\"es\",\"@id\":\"https:\/\/www.generali.es\/blog\/tuasesorsalud\/#\/schema\/logo\/image\/\",\"url\":\"https:\/\/www.generali.es\/blog\/tuasesorsalud\/wp-content\/uploads\/2021\/04\/generali.png\",\"contentUrl\":\"https:\/\/www.generali.es\/blog\/tuasesorsalud\/wp-content\/uploads\/2021\/04\/generali.png\",\"width\":100,\"height\":81,\"caption\":\"Tu Asesor de Salud\"},\"image\":{\"@id\":\"https:\/\/www.generali.es\/blog\/tuasesorsalud\/#\/schema\/logo\/image\/\"}},{\"@type\":\"Person\",\"@id\":\"https:\/\/www.generali.es\/blog\/tuasesorsalud\/#\/schema\/person\/b1698a2c5ded73c31f54a7d35b8e2449\",\"name\":\"Mar L\u00f3pez Sureda\",\"image\":{\"@type\":\"ImageObject\",\"inLanguage\":\"es\",\"@id\":\"https:\/\/www.generali.es\/blog\/tuasesorsalud\/#\/schema\/person\/image\/\",\"url\":\"https:\/\/www.generali.es\/blog\/tuasesorsalud\/wp-content\/uploads\/2021\/11\/007marialopezpediatraretocadas2-150x150.jpg\",\"contentUrl\":\"https:\/\/www.generali.es\/blog\/tuasesorsalud\/wp-content\/uploads\/2021\/11\/007marialopezpediatraretocadas2-150x150.jpg\",\"caption\":\"Mar L\u00f3pez Sureda\"},\"description\":\"Especialista en pediatr\u00eda. M\u00e1ster en pediatr\u00eda de atenci\u00f3n primaria. M\u00e1ster en nutrici\u00f3n infantil.\",\"sameAs\":[\"https:\/\/marlopezpediatra.com\/\"],\"url\":\"https:\/\/www.generali.es\/blog\/tuasesorsalud\/author\/marlopezsureda\/\"}]}<\/script>\n<!-- \/ Yoast SEO plugin. -->","yoast_head_json":{"title":"\u25b7 Crema Solar para Beb\u00e9s y Ni\u00f1os \u00bfC\u00f3mo Elegir BIEN?","description":"\u00a1Es Tiempo de Playa y Piscina! \u2b50 Pero \u00bfqu\u00e9 Crema Solar debo poner a mis hijos? Te sacamos de dudas por Edades y Tipos de Piel \u261d Saber M\u00e1s","robots":{"index":"index","follow":"follow","max-snippet":"max-snippet:-1","max-image-preview":"max-image-preview:large","max-video-preview":"max-video-preview:-1"},"canonical":"https:\/\/www.generali.es\/blog\/tuasesorsalud\/crema-solar-bebes-ninos\/","twitter_misc":{"Escrito por":"Mar L\u00f3pez Sureda","Tiempo de lectura":"10 minutos"},"schema":{"@context":"https:\/\/schema.org","@graph":[{"@type":"Article","@id":"https:\/\/www.generali.es\/blog\/tuasesorsalud\/crema-solar-bebes-ninos\/#article","isPartOf":{"@id":"https:\/\/www.generali.es\/blog\/tuasesorsalud\/crema-solar-bebes-ninos\/"},"author":{"name":"Mar L\u00f3pez Sureda","@id":"https:\/\/www.generali.es\/blog\/tuasesorsalud\/#\/schema\/person\/b1698a2c5ded73c31f54a7d35b8e2449"},"headline":"Crema solar para beb\u00e9s y ni\u00f1os \u00bfc\u00f3mo elegir una adecuada?","datePublished":"2022-06-28T17:50:00+00:00","dateModified":"2024-05-22T14:45:47+00:00","mainEntityOfPage":{"@id":"https:\/\/www.generali.es\/blog\/tuasesorsalud\/crema-solar-bebes-ninos\/"},"wordCount":2169,"publisher":{"@id":"https:\/\/www.generali.es\/blog\/tuasesorsalud\/#organization"},"articleSection":["Salud"],"inLanguage":"es"},{"@type":"WebPage","@id":"https:\/\/www.generali.es\/blog\/tuasesorsalud\/crema-solar-bebes-ninos\/","url":"https:\/\/www.generali.es\/blog\/tuasesorsalud\/crema-solar-bebes-ninos\/","name":"\u25b7 Crema Solar para Beb\u00e9s y Ni\u00f1os \u00bfC\u00f3mo Elegir BIEN?","isPartOf":{"@id":"https:\/\/www.generali.es\/blog\/tuasesorsalud\/#website"},"datePublished":"2022-06-28T17:50:00+00:00","dateModified":"2024-05-22T14:45:47+00:00","description":"\u00a1Es Tiempo de Playa y Piscina! \u2b50 Pero \u00bfqu\u00e9 Crema Solar debo poner a mis hijos? Te sacamos de dudas por Edades y Tipos de Piel \u261d Saber M\u00e1s","breadcrumb":{"@id":"https:\/\/www.generali.es\/blog\/tuasesorsalud\/crema-solar-bebes-ninos\/#breadcrumb"},"inLanguage":"es","potentialAction":[{"@type":"ReadAction","target":["https:\/\/www.generali.es\/blog\/tuasesorsalud\/crema-solar-bebes-ninos\/"]}]},{"@type":"BreadcrumbList","@id":"https:\/\/www.generali.es\/blog\/tuasesorsalud\/crema-solar-bebes-ninos\/#breadcrumb","itemListElement":[{"@type":"ListItem","position":1,"name":"Home","item":"https:\/\/www.generali.es\/blog\/tuasesorsalud\/"},{"@type":"ListItem","position":2,"name":"Salud","item":"https:\/\/www.generali.es\/blog\/tuasesorsalud\/salud\/"},{"@type":"ListItem","position":3,"name":"Crema solar para beb\u00e9s y ni\u00f1os \u00bfc\u00f3mo elegir una adecuada?"}]},{"@type":"WebSite","@id":"https:\/\/www.generali.es\/blog\/tuasesorsalud\/#website","url":"https:\/\/www.generali.es\/blog\/tuasesorsalud\/","name":"Tu Asesor de Salud","description":"Blog de Salud de GENERALI","publisher":{"@id":"https:\/\/www.generali.es\/blog\/tuasesorsalud\/#organization"},"potentialAction":[{"@type":"SearchAction","target":{"@type":"EntryPoint","urlTemplate":"https:\/\/www.generali.es\/blog\/tuasesorsalud\/?s={search_term_string}"},"query-input":"required name=search_term_string"}],"inLanguage":"es"},{"@type":"Organization","@id":"https:\/\/www.generali.es\/blog\/tuasesorsalud\/#organization","name":"Tu Asesor de Salud","url":"https:\/\/www.generali.es\/blog\/tuasesorsalud\/","logo":{"@type":"ImageObject","inLanguage":"es","@id":"https:\/\/www.generali.es\/blog\/tuasesorsalud\/#\/schema\/logo\/image\/","url":"https:\/\/www.generali.es\/blog\/tuasesorsalud\/wp-content\/uploads\/2021\/04\/generali.png","contentUrl":"https:\/\/www.generali.es\/blog\/tuasesorsalud\/wp-content\/uploads\/2021\/04\/generali.png","width":100,"height":81,"caption":"Tu Asesor de Salud"},"image":{"@id":"https:\/\/www.generali.es\/blog\/tuasesorsalud\/#\/schema\/logo\/image\/"}},{"@type":"Person","@id":"https:\/\/www.generali.es\/blog\/tuasesorsalud\/#\/schema\/person\/b1698a2c5ded73c31f54a7d35b8e2449","name":"Mar L\u00f3pez Sureda","image":{"@type":"ImageObject","inLanguage":"es","@id":"https:\/\/www.generali.es\/blog\/tuasesorsalud\/#\/schema\/person\/image\/","url":"https:\/\/www.generali.es\/blog\/tuasesorsalud\/wp-content\/uploads\/2021\/11\/007marialopezpediatraretocadas2-150x150.jpg","contentUrl":"https:\/\/www.generali.es\/blog\/tuasesorsalud\/wp-content\/uploads\/2021\/11\/007marialopezpediatraretocadas2-150x150.jpg","caption":"Mar L\u00f3pez Sureda"},"description":"Especialista en pediatr\u00eda. M\u00e1ster en pediatr\u00eda de atenci\u00f3n primaria. M\u00e1ster en nutrici\u00f3n infantil.","sameAs":["https:\/\/marlopezpediatra.com\/"],"url":"https:\/\/www.generali.es\/blog\/tuasesorsalud\/author\/marlopezsureda\/"}]}},"_links":{"self":[{"href":"https:\/\/www.generali.es\/blog\/tuasesorsalud\/wp-json\/wp\/v2\/posts\/2946"}],"collection":[{"href":"https:\/\/www.generali.es\/blog\/tuasesorsalud\/wp-json\/wp\/v2\/posts"}],"about":[{"href":"https:\/\/www.generali.es\/blog\/tuasesorsalud\/wp-json\/wp\/v2\/types\/post"}],"author":[{"embeddable":true,"href":"https:\/\/www.generali.es\/blog\/tuasesorsalud\/wp-json\/wp\/v2\/users\/10"}],"replies":[{"embeddable":true,"href":"https:\/\/www.generali.es\/blog\/tuasesorsalud\/wp-json\/wp\/v2\/comments?post=2946"}],"version-history":[{"count":10,"href":"https:\/\/www.generali.es\/blog\/tuasesorsalud\/wp-json\/wp\/v2\/posts\/2946\/revisions"}],"predecessor-version":[{"id":6507,"href":"https:\/\/www.generali.es\/blog\/tuasesorsalud\/wp-json\/wp\/v2\/posts\/2946\/revisions\/6507"}],"wp:featuredmedia":[{"embeddable":true,"href":"https:\/\/www.generali.es\/blog\/tuasesorsalud\/wp-json\/wp\/v2\/media\/2945"}],"wp:attachment":[{"href":"https:\/\/www.generali.es\/blog\/tuasesorsalud\/wp-json\/wp\/v2\/media?parent=2946"}],"wp:term":[{"taxonomy":"category","embeddable":true,"href":"https:\/\/www.generali.es\/blog\/tuasesorsalud\/wp-json\/wp\/v2\/categories?post=2946"},{"taxonomy":"post_tag","embeddable":true,"href":"https:\/\/www.generali.es\/blog\/tuasesorsalud\/wp-json\/wp\/v2\/tags?post=2946"}],"curies":[{"name":"wp","href":"https:\/\/api.w.org\/{rel}","templated":true}]}}