{"id":2784,"date":"2021-06-17T13:31:35","date_gmt":"2021-06-17T11:31:35","guid":{"rendered":"https:\/\/www.generali.es\/blog\/tuasesorsalud\/?p=2784"},"modified":"2024-05-28T16:27:11","modified_gmt":"2024-05-28T14:27:11","slug":"dolor-cabeza-ninos","status":"publish","type":"post","link":"https:\/\/www.generali.es\/blog\/tuasesorsalud\/dolor-cabeza-ninos\/","title":{"rendered":"C\u00f3mo tratar el dolor de cabeza en ni\u00f1os correctamente"},"content":{"rendered":"\n<p>El <strong>dolor de cabeza en ni\u00f1os<\/strong> (CEFALEA) es un s\u00edntoma relativamente frecuente en la edad infantil, y generalmente no se suele asociar a procesos graves, aunque s\u00ed es un hallazgo que puede llegar a preocupar mucho a las familias de nuestros peque\u00f1os pacientes.<\/p>\n\n\n\n<p>Su frecuencia es menor en ni\u00f1os muy peque\u00f1os, y aumenta cuando nos aproximamos a la adolescencia.<\/p>\n\n\n\n<p>La <strong>migra\u00f1a<\/strong> es una causa frecuente de dolor de cabeza (Cefalea), y, en esos casos, <strong>suelen existir antecedentes en la familia<\/strong>, especialmente en alguno de los padres.<\/p>\n\n\n\n<div id=\"ez-toc-container\" class=\"ez-toc-v2_0_22 counter-hierarchy counter-decimal\">\n<div class=\"ez-toc-title-container\">\n<p class=\"ez-toc-title\">&Iacute;ndice<\/p>\n<span class=\"ez-toc-title-toggle\"><a class=\"ez-toc-pull-right ez-toc-btn ez-toc-btn-xs ez-toc-btn-default ez-toc-toggle\" style=\"display: none;\"><i class=\"ez-toc-glyphicon ez-toc-icon-toggle\"><\/i><\/a><\/span><\/div>\n<nav><ul class=\"ez-toc-list ez-toc-list-level-1\"><li class=\"ez-toc-page-1 ez-toc-heading-level-2\"><a class=\"ez-toc-link ez-toc-heading-1\" href=\"https:\/\/www.generali.es\/blog\/tuasesorsalud\/dolor-cabeza-ninos\/#Tipos_de_dolor_de_cabeza_sintomas_y_causas_en_ninos\" title=\"Tipos de dolor de cabeza, s\u00edntomas y causas en ni\u00f1os\">Tipos de dolor de cabeza, s\u00edntomas y causas en ni\u00f1os<\/a><\/li><li class=\"ez-toc-page-1 ez-toc-heading-level-2\"><a class=\"ez-toc-link ez-toc-heading-2\" href=\"https:\/\/www.generali.es\/blog\/tuasesorsalud\/dolor-cabeza-ninos\/#%C2%BFCuales_son_los_sintomas_del_dolor_de_cabeza_en_ninos\" title=\"\u00bfCu\u00e1les son los s\u00edntomas del dolor de cabeza en ni\u00f1os?\">\u00bfCu\u00e1les son los s\u00edntomas del dolor de cabeza en ni\u00f1os?<\/a><\/li><li class=\"ez-toc-page-1 ez-toc-heading-level-2\"><a class=\"ez-toc-link ez-toc-heading-3\" href=\"https:\/\/www.generali.es\/blog\/tuasesorsalud\/dolor-cabeza-ninos\/#%C2%BFComo_se_hace_el_diagnostico_del_dolor_de_cabeza\" title=\"\u00bfC\u00f3mo se hace el diagn\u00f3stico del dolor de cabeza?\">\u00bfC\u00f3mo se hace el diagn\u00f3stico del dolor de cabeza?<\/a><\/li><li class=\"ez-toc-page-1 ez-toc-heading-level-2\"><a class=\"ez-toc-link ez-toc-heading-4\" href=\"https:\/\/www.generali.es\/blog\/tuasesorsalud\/dolor-cabeza-ninos\/#%C2%BFComo_quitar_el_dolor_de_cabeza_en_ninos\" title=\"\u00bfC\u00f3mo quitar el dolor de cabeza en ni\u00f1os?\">\u00bfC\u00f3mo quitar el dolor de cabeza en ni\u00f1os?<\/a><\/li><li class=\"ez-toc-page-1 ez-toc-heading-level-2\"><a class=\"ez-toc-link ez-toc-heading-5\" href=\"https:\/\/www.generali.es\/blog\/tuasesorsalud\/dolor-cabeza-ninos\/#Consejos_practicos_para_prevenir_el_dolor_de_cabeza_en_ninos\" title=\"Consejos pr\u00e1cticos para prevenir el dolor de cabeza en ni\u00f1os\">Consejos pr\u00e1cticos para prevenir el dolor de cabeza en ni\u00f1os<\/a><\/li><\/ul><\/nav><\/div>\n<h2 class=\"wp-block-heading\"><span class=\"ez-toc-section\" id=\"Tipos_de_dolor_de_cabeza_sintomas_y_causas_en_ninos\"><\/span>Tipos de dolor de cabeza, s\u00edntomas y causas en ni\u00f1os<span class=\"ez-toc-section-end\"><\/span><\/h2>\n\n\n\n<p>Pero la migra\u00f1a no es la \u00fanica causa de cefalea infantil, y pueden existir otras muchas, como pueden ser:<\/p>\n\n\n\n<ul>\n<li><strong>Cefalea tensional<\/strong>, asociada a situaciones escolares, familiares, etc, que producen estr\u00e9s en los ni\u00f1os.<\/li>\n\n\n\n<li>Dolores de cabeza secundarios a <strong>traumatismos.<\/strong><\/li>\n\n\n\n<li>Dolores de cabeza de <strong>origen infeccioso<\/strong>, como los que se producen en los cuadros de sinusitis, meningitis, etc.<\/li>\n\n\n\n<li>Alteraciones en la <strong><a href=\"https:\/\/www.generali.es\/blog\/tuasesorsalud\/problemas-vision-ninos-habituales\/\">visi\u00f3n<\/a>.<\/strong><\/li>\n\n\n\n<li>Enfermedades <strong>dentales.<\/strong><\/li>\n\n\n\n<li>Dolores de cabeza asociados a distintos <strong>trastornos psiqui\u00e1tricos<\/strong>: ansiedad, depresi\u00f3n, etc.<\/li>\n\n\n\n<li><strong>Tumores<\/strong> del sistema nervioso central.<\/li>\n\n\n\n<li><strong>Insolaci\u00f3n-golpe de calor<\/strong>, frecuentes en la \u00e9poca estival.<\/li>\n\n\n\n<li>Muchas otras enfermedades pueden cursar tambi\u00e9n con dolor de cabeza en ni\u00f1os.<\/li>\n<\/ul>\n\n\n\n<h2 class=\"wp-block-heading\"><span class=\"ez-toc-section\" id=\"%C2%BFCuales_son_los_sintomas_del_dolor_de_cabeza_en_ninos\"><\/span>\u00bfCu\u00e1les son los s\u00edntomas del dolor de cabeza en ni\u00f1os?<span class=\"ez-toc-section-end\"><\/span><\/h2>\n\n\n\n<p><strong>El s\u00edntoma fundamental es el dolor de cabeza<\/strong>, que el ni\u00f1o describe como puede en funci\u00f3n de su capacidad a cada edad.<\/p>\n\n\n\n<p>En ni\u00f1os peque\u00f1os es frecuente el llanto y llevarse la mano a la cabeza, y el ni\u00f1o m\u00e1s mayor ya te explica que \u201cle duele la cabeza\u201d, en qu\u00e9 lugar, cu\u00e1les son los movimientos o posturas que la agudizan, cu\u00e1nto duran los episodios y con qu\u00e9 frecuencia se presentan, etc.<\/p>\n\n\n\n<h3 class=\"wp-block-heading\">S\u00edntomas secundarios del dolor de cabeza<\/h3>\n\n\n\n<p>Puede haber tambi\u00e9n otros s\u00edntomas acompa\u00f1antes seg\u00fan el diagn\u00f3stico: si hay alg\u00fan proceso infeccioso el ni\u00f1o podr\u00e1 presentar <a href=\"https:\/\/www.generali.es\/blog\/tuasesorsalud\/fiebre-en-ninos\/\">fiebre<\/a>, <strong>signos catarrales, incluso afectaci\u00f3n importante del estado general<\/strong> en caso de la temida meningitis, con fiebre, v\u00f3mitos, rigidez de nuca, etc.<\/p>\n\n\n\n<h3 class=\"wp-block-heading\">\u00bfCu\u00e1ndo un dolor de cabeza es peligroso en ni\u00f1os?<\/h3>\n\n\n\n<p>&nbsp;Si existiera alg\u00fan tumor podr\u00eda haber alg\u00fan <strong>fallo en el funcionamiento de alguna zona del cerebro<\/strong> afectada por la presencia del tumor:<\/p>\n\n\n\n<ul>\n<li>Trastornos del habla<\/li>\n\n\n\n<li>No poder mover una extremidad<\/li>\n\n\n\n<li>Estrabismo<\/li>\n\n\n\n<li>Alteraciones de los reflejos<\/li>\n<\/ul>\n\n\n\n<h2 class=\"wp-block-heading\"><span class=\"ez-toc-section\" id=\"%C2%BFComo_se_hace_el_diagnostico_del_dolor_de_cabeza\"><\/span>\u00bfC\u00f3mo se hace el diagn\u00f3stico del dolor de cabeza?<span class=\"ez-toc-section-end\"><\/span><\/h2>\n\n\n\n<p>El diagn\u00f3stico se realiza <strong>por parte del pediatra<\/strong>, realizando una Historia Cl\u00ednica completa, con especial inter\u00e9s en los antecedentes familiares y personales del paciente.<\/p>\n\n\n\n<p>Posteriormente haremos una serie de <strong>preguntas sobre el tipo de dolor de cabeza<\/strong>, desde cu\u00e1ndo lo tiene, qu\u00e9 otros s\u00edntomas le acompa\u00f1an, cu\u00e1nto le duran las crisis, <strong>qu\u00e9 medicamentos le han sido administrados<\/strong>, etc.<\/p>\n\n\n\n<p>A continuaci\u00f3n, haremos una <strong>exploraci\u00f3n f\u00edsica completa del ni\u00f1o<\/strong>, buscando signos de infecci\u00f3n, explorando su piel en busca de manchas que pueden orientar hacia diferentes problemas de salud, y realizando una exploraci\u00f3n neurol\u00f3gica completa con fondo de ojo y determinaci\u00f3n de la presi\u00f3n arterial.<\/p>\n\n\n\n<p>En funci\u00f3n de lo que nos sugiera la Historia Cl\u00ednica completa, ordenar\u00edamos tambi\u00e9n unas <strong>pruebas complementarias<\/strong> de acuerdo a nuestra sospecha diagn\u00f3stica: an\u00e1lisis de sangre, punci\u00f3n lumbar si se sospecha meningitis, radiograf\u00edas, TAC o Resonancia Magn\u00e9tica, etc.<\/p>\n\n\n\n<h2 class=\"wp-block-heading\"><span class=\"ez-toc-section\" id=\"%C2%BFComo_quitar_el_dolor_de_cabeza_en_ninos\"><\/span>\u00bfC\u00f3mo quitar el dolor de cabeza en ni\u00f1os?<span class=\"ez-toc-section-end\"><\/span><\/h2>\n\n\n\n<p><br>En cuanto al tratamiento del dolor de cabeza en ni\u00f1os, evidentemente aqu\u00ed <strong>no se pretende hacer un an\u00e1lisis exhaustivo de todas las posibles causas de dolor de cabeza y sus tratamientos<\/strong>.<\/p>\n\n\n\n<p>Hay que volver a remarcar que <strong>en la inmensa mayor\u00eda de casos<\/strong> la cefalea estar\u00e1 <strong>originada por un problema banal de soluci\u00f3n sencilla<\/strong>.<\/p>\n\n\n\n<p>La terapia debe ir encaminada a un doble objetivo, <strong>calmar el dolor<\/strong>, pero tambi\u00e9n <strong>solucionar la causa<\/strong> del problema.<\/p>\n\n\n\n<h3 class=\"wp-block-heading\">Cefalea infecciosa<\/h3>\n\n\n\n<p>En caso de ser una cefalea de origen infeccioso se indicar\u00edan <strong>tratamientos antibi\u00f3ticos si proceden<\/strong>, medicamentos como paracetamol para dolor de cabeza en ni\u00f1os, ibuprofeno, metamizol, ingreso hospitalario en caso de meningitis, etc.<\/p>\n\n\n\n<h3 class=\"wp-block-heading\">Migra\u00f1as repetitivas<\/h3>\n\n\n\n<p>En casos de migra\u00f1as muy repetitivas, se pueden instaurar <strong>tratamientos diarios<\/strong> para disminuir la frecuencia e intensidad de las crisis mediante una gran variedad de medicamentos, y se debe tratar la enfermedad de base si existen epilepsias, tumores, etc.<\/p>\n\n\n\n<h2 class=\"wp-block-heading\"><span class=\"ez-toc-section\" id=\"Consejos_practicos_para_prevenir_el_dolor_de_cabeza_en_ninos\"><\/span>Consejos pr\u00e1cticos para prevenir el dolor de cabeza en ni\u00f1os<span class=\"ez-toc-section-end\"><\/span><\/h2>\n\n\n\n<p>Y es muy importante tambi\u00e9n el llamado \u201ctratamiento no farmacol\u00f3gico\u201d: se debe mantener <strong>buena regularidad de h\u00e1bitos e higiene del sue\u00f1o<\/strong>, hay que cuidar la hidrataci\u00f3n y alimentaci\u00f3n.<\/p>\n\n\n\n<p>Los ni\u00f1os deben realizar <a href=\"https:\/\/www.generali.es\/blog\/tuasesorsalud\/juego-aire-libre-ninos\/\">ejercicio f\u00edsico al aire libre<\/a> a diario, se har\u00e1 especial hincapi\u00e9 en la evitaci\u00f3n de h\u00e1bitos t\u00f3xicos en la adolescencia, y es necesario aprender a reconocer y evitar los llamados \u201cdesencadenantes\u201d del dolor, como pueden ser en ocasiones algunos alimentos, el <a href=\"https:\/\/www.generali.es\/blog\/tuasesorsalud\/como-combatir-estres\/\">estr\u00e9s<\/a>, el ejercicio f\u00edsico excesivo, etc.<\/p>\n","protected":false},"excerpt":{"rendered":"<p>El dolor de cabeza en ni\u00f1os (CEFALEA) es un s\u00edntoma relativamente frecuente en la edad infantil, y generalmente no se suele asociar a procesos graves, aunque s\u00ed es un hallazgo que puede llegar a preocupar mucho a las familias de nuestros peque\u00f1os pacientes. Su frecuencia es menor en ni\u00f1os muy peque\u00f1os, y aumenta cuando nos [&hellip;]<\/p>\n","protected":false},"author":5,"featured_media":2801,"comment_status":"open","ping_status":"open","sticky":false,"template":"","format":"standard","meta":{"footnotes":""},"categories":[3],"tags":[],"yoast_head":"<!-- This site is optimized with the Yoast SEO plugin v21.6 - https:\/\/yoast.com\/wordpress\/plugins\/seo\/ -->\n<title>\u25b7 Dolor de Cabeza en Ni\u00f1os: Tipos y Tratamientos Adecuados<\/title>\n<meta name=\"description\" content=\"Son Muy Frecuentes \u2b50 Conoce los Diferentes Tipos y QU\u00c9 HACER en los casos m\u00e1s graves de Dolor de Cabeza en Ni\u00f1os \u261d Ver Gu\u00eda Completa\" \/>\n<meta name=\"robots\" content=\"index, follow, max-snippet:-1, max-image-preview:large, max-video-preview:-1\" \/>\n<link rel=\"canonical\" href=\"https:\/\/www.generali.es\/blog\/tuasesorsalud\/dolor-cabeza-ninos\/\" \/>\n<meta name=\"twitter:label1\" content=\"Escrito por\" \/>\n\t<meta name=\"twitter:data1\" content=\"PEDRO ALBERT\u00cd CELADA\" \/>\n\t<meta name=\"twitter:label2\" content=\"Tiempo de lectura\" \/>\n\t<meta name=\"twitter:data2\" content=\"4 minutos\" \/>\n<script type=\"application\/ld+json\" class=\"yoast-schema-graph\">{\"@context\":\"https:\/\/schema.org\",\"@graph\":[{\"@type\":\"Article\",\"@id\":\"https:\/\/www.generali.es\/blog\/tuasesorsalud\/dolor-cabeza-ninos\/#article\",\"isPartOf\":{\"@id\":\"https:\/\/www.generali.es\/blog\/tuasesorsalud\/dolor-cabeza-ninos\/\"},\"author\":{\"name\":\"PEDRO ALBERT\u00cd CELADA\",\"@id\":\"https:\/\/www.generali.es\/blog\/tuasesorsalud\/#\/schema\/person\/15707bc0e723b345c2df4f4ced0b7d87\"},\"headline\":\"C\u00f3mo tratar el dolor de cabeza en ni\u00f1os correctamente\",\"datePublished\":\"2021-06-17T11:31:35+00:00\",\"dateModified\":\"2024-05-28T14:27:11+00:00\",\"mainEntityOfPage\":{\"@id\":\"https:\/\/www.generali.es\/blog\/tuasesorsalud\/dolor-cabeza-ninos\/\"},\"wordCount\":871,\"commentCount\":2,\"publisher\":{\"@id\":\"https:\/\/www.generali.es\/blog\/tuasesorsalud\/#organization\"},\"articleSection\":[\"Salud\"],\"inLanguage\":\"es\",\"potentialAction\":[{\"@type\":\"CommentAction\",\"name\":\"Comment\",\"target\":[\"https:\/\/www.generali.es\/blog\/tuasesorsalud\/dolor-cabeza-ninos\/#respond\"]}]},{\"@type\":\"WebPage\",\"@id\":\"https:\/\/www.generali.es\/blog\/tuasesorsalud\/dolor-cabeza-ninos\/\",\"url\":\"https:\/\/www.generali.es\/blog\/tuasesorsalud\/dolor-cabeza-ninos\/\",\"name\":\"\u25b7 Dolor de Cabeza en Ni\u00f1os: Tipos y Tratamientos Adecuados\",\"isPartOf\":{\"@id\":\"https:\/\/www.generali.es\/blog\/tuasesorsalud\/#website\"},\"datePublished\":\"2021-06-17T11:31:35+00:00\",\"dateModified\":\"2024-05-28T14:27:11+00:00\",\"description\":\"Son Muy Frecuentes \u2b50 Conoce los Diferentes Tipos y QU\u00c9 HACER en los casos m\u00e1s graves de Dolor de Cabeza en Ni\u00f1os \u261d Ver Gu\u00eda Completa\",\"breadcrumb\":{\"@id\":\"https:\/\/www.generali.es\/blog\/tuasesorsalud\/dolor-cabeza-ninos\/#breadcrumb\"},\"inLanguage\":\"es\",\"potentialAction\":[{\"@type\":\"ReadAction\",\"target\":[\"https:\/\/www.generali.es\/blog\/tuasesorsalud\/dolor-cabeza-ninos\/\"]}]},{\"@type\":\"BreadcrumbList\",\"@id\":\"https:\/\/www.generali.es\/blog\/tuasesorsalud\/dolor-cabeza-ninos\/#breadcrumb\",\"itemListElement\":[{\"@type\":\"ListItem\",\"position\":1,\"name\":\"Home\",\"item\":\"https:\/\/www.generali.es\/blog\/tuasesorsalud\/\"},{\"@type\":\"ListItem\",\"position\":2,\"name\":\"Salud\",\"item\":\"https:\/\/www.generali.es\/blog\/tuasesorsalud\/salud\/\"},{\"@type\":\"ListItem\",\"position\":3,\"name\":\"C\u00f3mo tratar el dolor de cabeza en ni\u00f1os correctamente\"}]},{\"@type\":\"WebSite\",\"@id\":\"https:\/\/www.generali.es\/blog\/tuasesorsalud\/#website\",\"url\":\"https:\/\/www.generali.es\/blog\/tuasesorsalud\/\",\"name\":\"Tu Asesor de Salud\",\"description\":\"Blog de Salud de GENERALI\",\"publisher\":{\"@id\":\"https:\/\/www.generali.es\/blog\/tuasesorsalud\/#organization\"},\"potentialAction\":[{\"@type\":\"SearchAction\",\"target\":{\"@type\":\"EntryPoint\",\"urlTemplate\":\"https:\/\/www.generali.es\/blog\/tuasesorsalud\/?s={search_term_string}\"},\"query-input\":\"required name=search_term_string\"}],\"inLanguage\":\"es\"},{\"@type\":\"Organization\",\"@id\":\"https:\/\/www.generali.es\/blog\/tuasesorsalud\/#organization\",\"name\":\"Tu Asesor de Salud\",\"url\":\"https:\/\/www.generali.es\/blog\/tuasesorsalud\/\",\"logo\":{\"@type\":\"ImageObject\",\"inLanguage\":\"es\",\"@id\":\"https:\/\/www.generali.es\/blog\/tuasesorsalud\/#\/schema\/logo\/image\/\",\"url\":\"https:\/\/www.generali.es\/blog\/tuasesorsalud\/wp-content\/uploads\/2021\/04\/generali.png\",\"contentUrl\":\"https:\/\/www.generali.es\/blog\/tuasesorsalud\/wp-content\/uploads\/2021\/04\/generali.png\",\"width\":100,\"height\":81,\"caption\":\"Tu Asesor de Salud\"},\"image\":{\"@id\":\"https:\/\/www.generali.es\/blog\/tuasesorsalud\/#\/schema\/logo\/image\/\"}},{\"@type\":\"Person\",\"@id\":\"https:\/\/www.generali.es\/blog\/tuasesorsalud\/#\/schema\/person\/15707bc0e723b345c2df4f4ced0b7d87\",\"name\":\"PEDRO ALBERT\u00cd CELADA\",\"image\":{\"@type\":\"ImageObject\",\"inLanguage\":\"es\",\"@id\":\"https:\/\/www.generali.es\/blog\/tuasesorsalud\/#\/schema\/person\/image\/\",\"url\":\"https:\/\/www.generali.es\/blog\/tuasesorsalud\/wp-content\/uploads\/2021\/06\/Foto-DR.-Pedro-Fondo-Blanco-150x150.png\",\"contentUrl\":\"https:\/\/www.generali.es\/blog\/tuasesorsalud\/wp-content\/uploads\/2021\/06\/Foto-DR.-Pedro-Fondo-Blanco-150x150.png\",\"caption\":\"PEDRO ALBERT\u00cd CELADA\"},\"description\":\"PEDIATRA Y DIRECTOR GERENTE DE INSTITUTO BALEAR DE PEDIATR\u00cdA\",\"sameAs\":[\"https:\/\/infopediatria.net\",\"https:\/\/www.google.com\"],\"url\":\"https:\/\/www.generali.es\/blog\/tuasesorsalud\/author\/PedroAlbertiCelada\/\"}]}<\/script>\n<!-- \/ Yoast SEO plugin. -->","yoast_head_json":{"title":"\u25b7 Dolor de Cabeza en Ni\u00f1os: Tipos y Tratamientos Adecuados","description":"Son Muy Frecuentes \u2b50 Conoce los Diferentes Tipos y QU\u00c9 HACER en los casos m\u00e1s graves de Dolor de Cabeza en Ni\u00f1os \u261d Ver Gu\u00eda Completa","robots":{"index":"index","follow":"follow","max-snippet":"max-snippet:-1","max-image-preview":"max-image-preview:large","max-video-preview":"max-video-preview:-1"},"canonical":"https:\/\/www.generali.es\/blog\/tuasesorsalud\/dolor-cabeza-ninos\/","twitter_misc":{"Escrito por":"PEDRO ALBERT\u00cd CELADA","Tiempo de lectura":"4 minutos"},"schema":{"@context":"https:\/\/schema.org","@graph":[{"@type":"Article","@id":"https:\/\/www.generali.es\/blog\/tuasesorsalud\/dolor-cabeza-ninos\/#article","isPartOf":{"@id":"https:\/\/www.generali.es\/blog\/tuasesorsalud\/dolor-cabeza-ninos\/"},"author":{"name":"PEDRO ALBERT\u00cd CELADA","@id":"https:\/\/www.generali.es\/blog\/tuasesorsalud\/#\/schema\/person\/15707bc0e723b345c2df4f4ced0b7d87"},"headline":"C\u00f3mo tratar el dolor de cabeza en ni\u00f1os correctamente","datePublished":"2021-06-17T11:31:35+00:00","dateModified":"2024-05-28T14:27:11+00:00","mainEntityOfPage":{"@id":"https:\/\/www.generali.es\/blog\/tuasesorsalud\/dolor-cabeza-ninos\/"},"wordCount":871,"commentCount":2,"publisher":{"@id":"https:\/\/www.generali.es\/blog\/tuasesorsalud\/#organization"},"articleSection":["Salud"],"inLanguage":"es","potentialAction":[{"@type":"CommentAction","name":"Comment","target":["https:\/\/www.generali.es\/blog\/tuasesorsalud\/dolor-cabeza-ninos\/#respond"]}]},{"@type":"WebPage","@id":"https:\/\/www.generali.es\/blog\/tuasesorsalud\/dolor-cabeza-ninos\/","url":"https:\/\/www.generali.es\/blog\/tuasesorsalud\/dolor-cabeza-ninos\/","name":"\u25b7 Dolor de Cabeza en Ni\u00f1os: Tipos y Tratamientos Adecuados","isPartOf":{"@id":"https:\/\/www.generali.es\/blog\/tuasesorsalud\/#website"},"datePublished":"2021-06-17T11:31:35+00:00","dateModified":"2024-05-28T14:27:11+00:00","description":"Son Muy Frecuentes \u2b50 Conoce los Diferentes Tipos y QU\u00c9 HACER en los casos m\u00e1s graves de Dolor de Cabeza en Ni\u00f1os \u261d Ver Gu\u00eda Completa","breadcrumb":{"@id":"https:\/\/www.generali.es\/blog\/tuasesorsalud\/dolor-cabeza-ninos\/#breadcrumb"},"inLanguage":"es","potentialAction":[{"@type":"ReadAction","target":["https:\/\/www.generali.es\/blog\/tuasesorsalud\/dolor-cabeza-ninos\/"]}]},{"@type":"BreadcrumbList","@id":"https:\/\/www.generali.es\/blog\/tuasesorsalud\/dolor-cabeza-ninos\/#breadcrumb","itemListElement":[{"@type":"ListItem","position":1,"name":"Home","item":"https:\/\/www.generali.es\/blog\/tuasesorsalud\/"},{"@type":"ListItem","position":2,"name":"Salud","item":"https:\/\/www.generali.es\/blog\/tuasesorsalud\/salud\/"},{"@type":"ListItem","position":3,"name":"C\u00f3mo tratar el dolor de cabeza en ni\u00f1os correctamente"}]},{"@type":"WebSite","@id":"https:\/\/www.generali.es\/blog\/tuasesorsalud\/#website","url":"https:\/\/www.generali.es\/blog\/tuasesorsalud\/","name":"Tu Asesor de Salud","description":"Blog de Salud de GENERALI","publisher":{"@id":"https:\/\/www.generali.es\/blog\/tuasesorsalud\/#organization"},"potentialAction":[{"@type":"SearchAction","target":{"@type":"EntryPoint","urlTemplate":"https:\/\/www.generali.es\/blog\/tuasesorsalud\/?s={search_term_string}"},"query-input":"required name=search_term_string"}],"inLanguage":"es"},{"@type":"Organization","@id":"https:\/\/www.generali.es\/blog\/tuasesorsalud\/#organization","name":"Tu Asesor de Salud","url":"https:\/\/www.generali.es\/blog\/tuasesorsalud\/","logo":{"@type":"ImageObject","inLanguage":"es","@id":"https:\/\/www.generali.es\/blog\/tuasesorsalud\/#\/schema\/logo\/image\/","url":"https:\/\/www.generali.es\/blog\/tuasesorsalud\/wp-content\/uploads\/2021\/04\/generali.png","contentUrl":"https:\/\/www.generali.es\/blog\/tuasesorsalud\/wp-content\/uploads\/2021\/04\/generali.png","width":100,"height":81,"caption":"Tu Asesor de Salud"},"image":{"@id":"https:\/\/www.generali.es\/blog\/tuasesorsalud\/#\/schema\/logo\/image\/"}},{"@type":"Person","@id":"https:\/\/www.generali.es\/blog\/tuasesorsalud\/#\/schema\/person\/15707bc0e723b345c2df4f4ced0b7d87","name":"PEDRO ALBERT\u00cd CELADA","image":{"@type":"ImageObject","inLanguage":"es","@id":"https:\/\/www.generali.es\/blog\/tuasesorsalud\/#\/schema\/person\/image\/","url":"https:\/\/www.generali.es\/blog\/tuasesorsalud\/wp-content\/uploads\/2021\/06\/Foto-DR.-Pedro-Fondo-Blanco-150x150.png","contentUrl":"https:\/\/www.generali.es\/blog\/tuasesorsalud\/wp-content\/uploads\/2021\/06\/Foto-DR.-Pedro-Fondo-Blanco-150x150.png","caption":"PEDRO ALBERT\u00cd CELADA"},"description":"PEDIATRA Y DIRECTOR GERENTE DE INSTITUTO BALEAR DE PEDIATR\u00cdA","sameAs":["https:\/\/infopediatria.net","https:\/\/www.google.com"],"url":"https:\/\/www.generali.es\/blog\/tuasesorsalud\/author\/PedroAlbertiCelada\/"}]}},"_links":{"self":[{"href":"https:\/\/www.generali.es\/blog\/tuasesorsalud\/wp-json\/wp\/v2\/posts\/2784"}],"collection":[{"href":"https:\/\/www.generali.es\/blog\/tuasesorsalud\/wp-json\/wp\/v2\/posts"}],"about":[{"href":"https:\/\/www.generali.es\/blog\/tuasesorsalud\/wp-json\/wp\/v2\/types\/post"}],"author":[{"embeddable":true,"href":"https:\/\/www.generali.es\/blog\/tuasesorsalud\/wp-json\/wp\/v2\/users\/5"}],"replies":[{"embeddable":true,"href":"https:\/\/www.generali.es\/blog\/tuasesorsalud\/wp-json\/wp\/v2\/comments?post=2784"}],"version-history":[{"count":7,"href":"https:\/\/www.generali.es\/blog\/tuasesorsalud\/wp-json\/wp\/v2\/posts\/2784\/revisions"}],"predecessor-version":[{"id":6590,"href":"https:\/\/www.generali.es\/blog\/tuasesorsalud\/wp-json\/wp\/v2\/posts\/2784\/revisions\/6590"}],"wp:featuredmedia":[{"embeddable":true,"href":"https:\/\/www.generali.es\/blog\/tuasesorsalud\/wp-json\/wp\/v2\/media\/2801"}],"wp:attachment":[{"href":"https:\/\/www.generali.es\/blog\/tuasesorsalud\/wp-json\/wp\/v2\/media?parent=2784"}],"wp:term":[{"taxonomy":"category","embeddable":true,"href":"https:\/\/www.generali.es\/blog\/tuasesorsalud\/wp-json\/wp\/v2\/categories?post=2784"},{"taxonomy":"post_tag","embeddable":true,"href":"https:\/\/www.generali.es\/blog\/tuasesorsalud\/wp-json\/wp\/v2\/tags?post=2784"}],"curies":[{"name":"wp","href":"https:\/\/api.w.org\/{rel}","templated":true}]}}