{"id":2337,"date":"2021-03-04T12:36:00","date_gmt":"2021-03-04T11:36:00","guid":{"rendered":"https:\/\/www.generali.es\/blog\/tuasesorsalud\/?p=2337"},"modified":"2024-05-28T17:00:09","modified_gmt":"2024-05-28T15:00:09","slug":"espasmos-infantiles","status":"publish","type":"post","link":"https:\/\/www.generali.es\/blog\/tuasesorsalud\/espasmos-infantiles\/","title":{"rendered":"Espasmos infantiles: qu\u00e9 hacer si le ocurre a tu beb\u00e9"},"content":{"rendered":"\n<p>Desde que un reci\u00e9n nacido nace, sus padres se esfuerzan en entender sus necesidades para cuidarle de la mejor manera posible. Por eso hay que estar preparados para que el bebe llore o manifieste de alguna forma que tiene hambre, fr\u00edo o que algo no va bien. Sin embargo, cuando un reci\u00e9n nacido padece <b>espasmos infantiles no siempre es sencillo de detectar<\/b>.<\/p>\n\n\n\n<p>Adem\u00e1s, estos <b>espasmos del beb\u00e9 <\/b>pueden tener <b>consecuencias muy perjudiciales<\/b> o irreversibles si no se detectan a tiempo, como da\u00f1os neurol\u00f3gicos graves o incluso la muerte.<\/p>\n\n\n\n<p>Un <a href=\"https:\/\/www.generali.es\/blog\/tuasesorsalud\/pruebas-de-diagnostico-seguro-medico\/\" target=\"_blank\" rel=\"noopener noreferrer\">diagn\u00f3stico precoz<\/a>, acompa\u00f1ado de un tratamiento adecuado, pueden conseguir que el ni\u00f1o haga una vida normal. \u00a1Presta atenci\u00f3n a los <b>s\u00edntomas m\u00e1s comunes de los espasmos infantiles <\/b>para saber reconocerlos y c\u00f3mo actuar en caso de detectarlos!<\/p>\n\n\n\n<div id=\"ez-toc-container\" class=\"ez-toc-v2_0_22 counter-hierarchy counter-decimal\">\n<div class=\"ez-toc-title-container\">\n<p class=\"ez-toc-title\">&Iacute;ndice<\/p>\n<span class=\"ez-toc-title-toggle\"><a class=\"ez-toc-pull-right ez-toc-btn ez-toc-btn-xs ez-toc-btn-default ez-toc-toggle\" style=\"display: none;\"><i class=\"ez-toc-glyphicon ez-toc-icon-toggle\"><\/i><\/a><\/span><\/div>\n<nav><ul class=\"ez-toc-list ez-toc-list-level-1\"><li class=\"ez-toc-page-1 ez-toc-heading-level-2\"><a class=\"ez-toc-link ez-toc-heading-1\" href=\"https:\/\/www.generali.es\/blog\/tuasesorsalud\/espasmos-infantiles\/#Que_son_los_espasmos_infantiles\" title=\"Qu\u00e9 son los espasmos infantiles\">Qu\u00e9 son los espasmos infantiles<\/a><ul class=\"ez-toc-list-level-3\"><li class=\"ez-toc-heading-level-3\"><a class=\"ez-toc-link ez-toc-heading-2\" href=\"https:\/\/www.generali.es\/blog\/tuasesorsalud\/espasmos-infantiles\/#Causas\" title=\"Causas\">Causas<\/a><\/li><li class=\"ez-toc-page-1 ez-toc-heading-level-3\"><a class=\"ez-toc-link ez-toc-heading-3\" href=\"https:\/\/www.generali.es\/blog\/tuasesorsalud\/espasmos-infantiles\/#Sintomas\" title=\"S\u00edntomas\">S\u00edntomas<\/a><\/li><li class=\"ez-toc-page-1 ez-toc-heading-level-3\"><a class=\"ez-toc-link ez-toc-heading-4\" href=\"https:\/\/www.generali.es\/blog\/tuasesorsalud\/espasmos-infantiles\/#Como_debemos_actuar_ante_los_espasmos_infantiles\" title=\"C\u00f3mo debemos actuar ante los espasmos infantiles\">C\u00f3mo debemos actuar ante los espasmos infantiles<\/a><\/li><\/ul><\/li><li class=\"ez-toc-page-1 ez-toc-heading-level-2\"><a class=\"ez-toc-link ez-toc-heading-5\" href=\"https:\/\/www.generali.es\/blog\/tuasesorsalud\/espasmos-infantiles\/#i\" title=\"&nbsp;\">&nbsp;<\/a><\/li><li class=\"ez-toc-page-1 ez-toc-heading-level-2\"><a class=\"ez-toc-link ez-toc-heading-6\" href=\"https:\/\/www.generali.es\/blog\/tuasesorsalud\/espasmos-infantiles\/#El_Sindrome_de_West\" title=\"El S\u00edndrome de West\">El S\u00edndrome de West<\/a><ul class=\"ez-toc-list-level-3\"><li class=\"ez-toc-heading-level-3\"><a class=\"ez-toc-link ez-toc-heading-7\" href=\"https:\/\/www.generali.es\/blog\/tuasesorsalud\/espasmos-infantiles\/#Sintomas-2\" title=\"S\u00edntomas\">S\u00edntomas<\/a><\/li><li class=\"ez-toc-page-1 ez-toc-heading-level-3\"><a class=\"ez-toc-link ez-toc-heading-8\" href=\"https:\/\/www.generali.es\/blog\/tuasesorsalud\/espasmos-infantiles\/#Tratamiento\" title=\"Tratamiento\">Tratamiento<\/a><\/li><\/ul><\/li><li class=\"ez-toc-page-1 ez-toc-heading-level-2\"><a class=\"ez-toc-link ez-toc-heading-9\" href=\"https:\/\/www.generali.es\/blog\/tuasesorsalud\/espasmos-infantiles\/#Preguntas_frecuentes_relacionadas_con_los_espasmos_infantiles\" title=\"Preguntas frecuentes relacionadas con los espasmos infantiles\">Preguntas frecuentes relacionadas con los espasmos infantiles<\/a><ul class=\"ez-toc-list-level-3\"><li class=\"ez-toc-heading-level-3\"><a class=\"ez-toc-link ez-toc-heading-10\" href=\"https:\/\/www.generali.es\/blog\/tuasesorsalud\/espasmos-infantiles\/#%C2%BFComo_saber_si_mi_hijo_tiene_sindrome_de_West\" title=\"\u00bfC\u00f3mo saber si mi hijo tiene s\u00edndrome de West?\">\u00bfC\u00f3mo saber si mi hijo tiene s\u00edndrome de West?<\/a><\/li><li class=\"ez-toc-page-1 ez-toc-heading-level-3\"><a class=\"ez-toc-link ez-toc-heading-11\" href=\"https:\/\/www.generali.es\/blog\/tuasesorsalud\/espasmos-infantiles\/#%C2%BFComo_saber_si_mi_hijo_esta_convulsionando\" title=\"\u00bfC\u00f3mo saber si mi hijo est\u00e1 convulsionando?\">\u00bfC\u00f3mo saber si mi hijo est\u00e1 convulsionando?<\/a><\/li><li class=\"ez-toc-page-1 ez-toc-heading-level-3\"><a class=\"ez-toc-link ez-toc-heading-12\" href=\"https:\/\/www.generali.es\/blog\/tuasesorsalud\/espasmos-infantiles\/#%C2%BFQue_son_los_espasmos_epilepticos\" title=\"\u00bfQu\u00e9 son los espasmos epil\u00e9pticos?\">\u00bfQu\u00e9 son los espasmos epil\u00e9pticos?<\/a><\/li><\/ul><\/li><\/ul><\/nav><\/div>\n<h2 class=\"wp-block-heading\"><span class=\"ez-toc-section\" id=\"Que_son_los_espasmos_infantiles\"><\/span><b>Qu\u00e9 son los espasmos infantiles<\/b><span class=\"ez-toc-section-end\"><\/span><\/h2>\n\n\n\n<p>Los <b>espasmos infantiles son una forma de epilepsia<\/b> que afecta a algunos beb\u00e9s. Normalmente aparecen entre los <b>2 y los 12 meses de vida<\/b> del reci\u00e9n nacido. Sin embargo, el <b>periodo donde m\u00e1s hay probabilidades<\/b> de que ocurran estos espasmos suelen ser entre los <b>4 y los 8 meses<\/b>.<\/p>\n\n\n\n<figure class=\"wp-block-image\"><img decoding=\"async\" src=\"https:\/\/images-cdn.newscred.com\/Zz1jYTE1NThhZTcyMGYxMWViYWY3NDExZmU4N2ZjZjJjOQ==\" alt=\"Generali_Infantile_Spasms_Mini_Graphic_16.02.21-1.png\"\/><\/figure>\n\n\n\n<p>Aunque el propio espasmo suele durar <b>menos de un segundo<\/b>, normalmente se suelen manifestar muy seguidos, espaciados entre unos 5 o 10 segundos entre ellos.<\/p>\n\n\n\n<h3 class=\"wp-block-heading\"><span class=\"ez-toc-section\" id=\"Causas\"><\/span>Causas<span class=\"ez-toc-section-end\"><\/span><\/h3>\n\n\n\n<p>Las causas que pueden originar espasmos infantiles son muy variadas. En l\u00edneas generales, se suelen dar en ni\u00f1os que presentan <b>lesiones cerebrales<\/b> o <b>problemas en el desarrollo<\/b>, incluso aquellos que ya han sido diagnosticados.<\/p>\n\n\n\n<p>Las <b>causas m\u00e1s comunes de los espasmos en un reci\u00e9n nacido <\/b>son:<\/p>\n\n\n\n<ul>\n<li><b>Malformaciones encef\u00e1licas<\/b>.<\/li>\n\n\n\n<li>Trastornos en el <b>metabolismo.<\/b><\/li>\n\n\n\n<li><b>Trastornos<\/b> <b>gen\u00e9ticos<\/b>, como el S\u00edndrome de Down, la fibrosis qu\u00edstica y la distrofia muscular.<\/li>\n\n\n\n<li>La <b>esclerosis tuberosa compleja<\/b>. Se trata de una enfermedad hereditaria que causa frecuentemente los espasmos infantiles.<\/li>\n\n\n\n<li><b>Falta de ox\u00edgeno durante el parto<\/b>, durante el periodo de dilataci\u00f3n o el momento de expulsi\u00f3n del reci\u00e9<span class=\"highlight-keyword hk-3d4b9582-6fa0-4c03-8ca1-1ba91d738431\" data-markjs=\"true\">n nacido.<\/span><\/li>\n\n\n\n<li><b>Traumatismos craneales graves<\/b> durante los primeros a\u00f1os de lactancia.<\/li>\n<\/ul>\n\n\n\n<p>Sin embargo, no siempre es posible identificar las causas de estos espasmos infantiles, por lo que es importante saber identificar los s\u00edntomas.<\/p>\n\n\n\n<p>Te puede interesar:&nbsp;<strong><a href=\"https:\/\/www.generali.es\/blog\/tuasesorsalud\/golpes-cabeza-ninos\/\">Golpes en la cabeza en ni\u00f1os: \u00bfc\u00f3mo detectar su gravedad?<\/a><\/strong><\/p>\n\n\n\n<h3 class=\"wp-block-heading\"><span class=\"ez-toc-section\" id=\"Sintomas\"><\/span>S\u00edntomas<span class=\"ez-toc-section-end\"><\/span><\/h3>\n\n\n\n<p>Los espasmos infantiles se suelen manifestar en forma de <b>convulsiones<\/b>. Normalmente, el beb\u00e9 realiza una <b>flexi\u00f3n s\u00fabita de los brazos<\/b>, el cuerpo se pone r\u00edgido, la espalda se arquea y se produce una <b>extensi\u00f3n de las piernas<\/b>.<\/p>\n\n\n\n<p>Pero en muchas ocasiones pueden llegar a ser <b>poco visibles<\/b>, confundirse con un sobresalto o incluso ser pr\u00e1cticamente inidentificables. De hecho, podr\u00edan ser s\u00edntomas tan sutiles como, por ejemplo, que en una <b>ligera inclinaci\u00f3n de la cabeza<\/b>&nbsp;los <b>ojos se vayan hacia atr\u00e1s<\/b> o que exista un peque\u00f1o <b>crujido en la tripita<\/b>.<\/p>\n\n\n\n<p>Pero, \u00bfcu\u00e1l es el mejor momento para para detectar convulsiones en beb\u00e9s reci\u00e9n nacidos? No es habitual que se den mientras el beb\u00e9 est\u00e1 dormido. Ahora bien, s\u00ed es com\u00fan que los espasmos en reci\u00e9n nacidos se produzcan <b>justo despu\u00e9s de que se despierten.<\/b><\/p>\n\n\n\n<h3 class=\"wp-block-heading\"><span class=\"ez-toc-section\" id=\"Como_debemos_actuar_ante_los_espasmos_infantiles\"><\/span>C\u00f3mo debemos actuar ante los espasmos infantiles<span class=\"ez-toc-section-end\"><\/span><\/h3>\n\n\n\n<p>Es muy importante que los espasmos infantiles sean detectados a tiempo. De hecho, un <b>diagn\u00f3stico precoz<\/b> ayudar\u00e1 a que tu hijo pueda recibir un tratamiento adecuado y as\u00ed <b>evitar lesiones cerebrales<\/b> graves en el futuro.<\/p>\n\n\n\n<p>Si sospechas que tu hijo pueda estar padeciendo espasmos, debes <b>acudir a su pediatra<\/b> para as\u00ed realizar <b>un diagn\u00f3stico adecuado<\/b>. \u00a1Te contamos en este v\u00eddeo los 4 pasos que debes seguir si crees que el beb\u00e9 presenta espasmos!<\/p>\n\n\n\n<h2 class=\"wp-block-heading\"><span class=\"ez-toc-section\" id=\"i\"><\/span>&nbsp;<span class=\"ez-toc-section-end\"><\/span><\/h2>\n\n\n\n<p><video style=\"max-height: 460px; height: 100%;\" preload=\"none\" controls=\"controls\" width=\"100%\" height=\"150\"><source src=\"https:\/\/files.newscred.com\/download\/0ec6ab66721411eba6044bf4481db7a6\" type=\"video\/mp4\">Your browser doesn&#8217;t support the HTML5 video tag.<\/video><\/p>\n\n\n\n<h2 class=\"wp-block-heading\"><span class=\"ez-toc-section\" id=\"El_Sindrome_de_West\"><\/span><b>El S\u00edndrome de West<\/b><span class=\"ez-toc-section-end\"><\/span><\/h2>\n\n\n\n<p>El <b>s\u00edndrome de West es una encefalopat\u00eda epil\u00e9ptica<\/b> que se presenta cuando el cerebro est\u00e1 da\u00f1ado. Se suele decir que esta patolog\u00eda entristece a los m\u00e1s peque\u00f1os, ya que algunos s\u00edntomas como son los <b>espasmos musculares impiden que el ni\u00f1o esboce una sonrisa<\/b>.<\/p>\n\n\n\n<p>El nombre de esta patolog\u00eda se debe al m\u00e9dico William Jame West quien, por primera vez, descubri\u00f3 estas alteraciones en su propia hija.<\/p>\n\n\n\n<figure class=\"wp-block-image\"><img decoding=\"async\" src=\"https:\/\/images-cdn.newscred.com\/Zz1lMDMyMTNlODcyMGYxMWViYjNhYWJiYWRmYjQ2YjIzMw==\" alt=\"Generali_Infantile_Spasms_Mini_Graphic_16.02.21-2.png\"\/><\/figure>\n\n\n\n<p>El s\u00edndrome de West tiene un <b>\u00edndice de mortalidad<\/b> en los ni\u00f1os que la padecen de un <b>5%<\/b>, por lo que es importante conocer qu\u00e9 s\u00edntomas presenta para que los padres puedan detectarlo cuanto antes.<\/p>\n\n\n\n<h3 class=\"wp-block-heading\"><span class=\"ez-toc-section\" id=\"Sintomas-2\"><\/span>S\u00edntomas<span class=\"ez-toc-section-end\"><\/span><\/h3>\n\n\n\n<p>El s\u00edndrome de West se manifiesta mediante <b>3 s\u00edntomas<\/b>: convulsiones o espasmos infantiles, un retraso psicomotor y alteraciones en el electroencefalograma. Dicho esto, no siempre el ni\u00f1o presentar\u00e1 estas tres condiciones, aun si lo padece.<\/p>\n\n\n\n<ul>\n<li><b>Espasmos epil\u00e9pticos<\/b>. Como ya hemos visto, son contracciones bruscas en el cuello, extremidades y tronco del reci\u00e9n nacido.<\/li>\n\n\n\n<li><b>Retraso psicomotor<\/b>. Esta demora en el desarrollo del reci\u00e9n nacido podr\u00eda ser previa o posterior a los espasmos. El ni\u00f1o comenzar\u00e1 a perder habilidades motoras, y sufrir\u00e1 alteraciones neurol\u00f3gicas.<\/li>\n\n\n\n<li><b>Alteraciones del electroencefalograma<\/b>. Se conocen por el nombre de hipsaarritmias y se trata de una desorganizaci\u00f3n de la actividad cerebral. Con una detecci\u00f3n temprana, la calidad de vida de los reci\u00e9n nacidos suele ser muy buena.<\/li>\n<\/ul>\n\n\n\n<h3 class=\"wp-block-heading\"><span class=\"ez-toc-section\" id=\"Tratamiento\"><\/span>Tratamiento<span class=\"ez-toc-section-end\"><\/span><\/h3>\n\n\n\n<p>El tratamiento del s\u00edndrome de West est\u00e1 enfocado en proporcionar una mejor calidad de vida a los ni\u00f1os.<\/p>\n\n\n\n<p>Para ello, se suelen recetar un <b>tratamiento para espasmos infantiles<\/b> basado en medicamentos para reducir o eliminar las convulsiones como <b>anticonvulsivos, corticoides o vigabatrina<\/b>. De hecho, un 10% de los pacientes consiguen volver a hacer vida normal gracias a estos medicamentos.<\/p>\n\n\n\n<p>Sin embargo, si la medicaci\u00f3n no logra controlar los espasmos, algunos expertos suelen recomendar a los padres seguir una <b>dieta cetog\u00e9nica<\/b>. Se trata de una dieta con un <b>alto contenido en grasas y baja en hidratos de carbono<\/b> que puede reducir o incluso hasta eliminar por completo las crisis epil\u00e9pticas.<\/p>\n\n\n\n<p>Es importante que este tipo de dieta tenga un <b>seguimiento por parte de un nutricionista<\/b>, el cual pueda dise\u00f1ar un calendario de recetas adecuado y asegurarse de que el ni\u00f1o cuenta con todos los nutrientes necesarios para un correcto desarrollo.<\/p>\n\n\n\n<h2 class=\"wp-block-heading\"><span class=\"ez-toc-section\" id=\"Preguntas_frecuentes_relacionadas_con_los_espasmos_infantiles\"><\/span><b>Preguntas frecuentes relacionadas con los espasmos infantiles<\/b><span class=\"ez-toc-section-end\"><\/span><\/h2>\n\n\n\n<h3 class=\"wp-block-heading\"><span class=\"ez-toc-section\" id=\"%C2%BFComo_saber_si_mi_hijo_tiene_sindrome_de_West\"><\/span>\u00bfC\u00f3mo saber si mi hijo tiene s\u00edndrome de West?<span class=\"ez-toc-section-end\"><\/span><\/h3>\n\n\n\n<p>Una forma de saber si tu hijo tiene el s\u00edndrome de West es detectar una p\u00e9rdida de sus habilidades motoras, como por ejemplo <b>dificultades para voltear el cuerpo<\/b> o <b>no poder sentarse<\/b>. Si tu <b>beb\u00e9 hace movimientos raros<\/b>, como espasmos, podr\u00eda tener el s\u00edndrome de West.<\/p>\n\n\n\n<p>Es posible que tambi\u00e9n presente alteraciones neurol\u00f3gicas como la <b>falta de reflejos<\/b>, o que sea <b>incapaz de seguir objetos<\/b> con la mirada. Adem\u00e1s, el reci\u00e9n nacido podr\u00eda presentar cambios en los <b>patrones del sue\u00f1o<\/b>, ya sea porque duerme menos de lo recomendado por los expertos o porque tiene despertares bruscos.<\/p>\n\n\n\n<p>Tambi\u00e9n es frecuente que cambie el estado de \u00e1nimo del ni\u00f1o. Dejan de sonre\u00edr y cada vez est\u00e1n m\u00e1s irritables, llorando sin un motivo aparente.<\/p>\n\n\n\n<h3 class=\"wp-block-heading\"><span class=\"ez-toc-section\" id=\"%C2%BFComo_saber_si_mi_hijo_esta_convulsionando\"><\/span>\u00bfC\u00f3mo saber si mi hijo est\u00e1 convulsionando?<span class=\"ez-toc-section-end\"><\/span><\/h3>\n\n\n\n<p>Las convulsiones consisten en sacudidas violentas e involuntarias de gran parte de los m\u00fasculos del cuerpo. Es habitual que las madres y padres no sepan identificar claramente estas convulsiones, pero s\u00ed identifiquen que su <b>beb\u00e9 hace movimientos raros<\/b>.<\/p>\n\n\n\n<p>Las <b>convulsiones en beb\u00e9s<\/b> <b>reci\u00e9n nacidos<\/b> no siempre son f\u00e1ciles de detectar. De hecho, en ocasiones una convulsi\u00f3n puede manifestarse \u00fanicamente porque el reci\u00e9n nacido <b>mueve los labios o mastica involuntariamente<\/b>. Sus ojos desv\u00edan la mirada en diferentes direcciones y, en ocasiones, pueden dejar de respirar.<\/p>\n\n\n\n<p>En los lactantes m\u00e1s mayores o ni\u00f1os, los <b>temblores musculares<\/b> de las convulsiones son m\u00e1s evidentes. Los brazos y las piernas se agitan involuntariamente.<\/p>\n\n\n\n<h3 class=\"wp-block-heading\"><span class=\"ez-toc-section\" id=\"%C2%BFQue_son_los_espasmos_epilepticos\"><\/span>\u00bfQu\u00e9 son los espasmos epil\u00e9pticos?<span class=\"ez-toc-section-end\"><\/span><\/h3>\n\n\n\n<p>Los <a href=\"https:\/\/www.aeped.es\/sites\/default\/files\/documentos\/3-epilepsialactante.pdf\">espasmos epil\u00e9pticos<\/a> son un tipo de <b>crisis epil\u00e9ptica<\/b> caracter\u00edstica de la etapa infantil que se ha asociado en muchas ocasiones con el s\u00edndrome de West. Los espasmos pueden ser de tres tipos: de <b>flexi\u00f3n, extensi\u00f3n o mixto<\/b>.<\/p>\n\n\n\n<p>Los espasmos epil\u00e9pticos provocan que los <b>brazos y las piernas se pongan r\u00edgidos<\/b> y la cabeza del beb\u00e9 se incline hacia delante. Suelen <b>durar uno o dos segundos<\/b>, aunque normalmente vienen acompa\u00f1ados por series de varios sucesivos. Es importante no confundirlos con otras patolog\u00edas como el <a href=\"https:\/\/www.generali.es\/blog\/tuasesorsalud\/colico-del-lactante\/\">c\u00f3lico del lactante<\/a>, el hipo o el reflujo.<\/p>\n\n\n\n<p>La causa de estos espasmos infantiles puede originarse en alguna lesi\u00f3n cerebral en el beb\u00e9, trastornos metab\u00f3licos o gen\u00e9ticos. Aunque menos frecuente, en ocasiones se relaciona con una deficiencia de la vitamina B6.<\/p>\n\n\n\n<p>Los&nbsp;<b>Seguros de Salud de Generali cuentan con un soporte de videoconsulta las 24 horas<\/b>, para que puedas tener una valoraci\u00f3n inmediata de un especialista. Si quieres m\u00e1s informaci\u00f3n, \u00a1<a href=\"https:\/\/www.generali.es\/blog\/tuasesorsalud\/solicitar-informacion\/\" data-gtm-vis-has-fired-31687828_87=\"1\">cons\u00faltanos<\/a>&nbsp;sin compromiso!<\/p>\n\n\n\n<p>\u00a1No te pierdas los mejores consejos sobre salud para los m\u00e1s peque\u00f1os con nuestro <b>Blog Tu Asesor Salud<\/b>!<\/p>\n\n\n\n<figure class=\"wp-block-image\"><img decoding=\"async\" src=\"https:\/\/pixel.newscred.com\/px.gif?key=YXJ0aWNsZT1mYTBkOWRmMjVmYmQxMWViOTQ4ZjU1NTVmNzAxZDZiZg==\" alt=\"\"\/><\/figure>\n","protected":false},"excerpt":{"rendered":"<p>Desde que un reci\u00e9n nacido nace, sus padres se esfuerzan en entender sus necesidades para cuidarle de la mejor manera posible. Por eso hay que estar preparados para que el bebe llore o manifieste de alguna forma que tiene hambre, fr\u00edo o que algo no va bien. Sin embargo, cuando un reci\u00e9n nacido padece espasmos [&hellip;]<\/p>\n","protected":false},"author":1,"featured_media":2336,"comment_status":"closed","ping_status":"open","sticky":false,"template":"","format":"standard","meta":{"footnotes":""},"categories":[3],"tags":[],"yoast_head":"<!-- This site is optimized with the Yoast SEO plugin v21.6 - https:\/\/yoast.com\/wordpress\/plugins\/seo\/ -->\n<title>\u25b7 Espasmos Infantiles en Beb\u00e9s \u00bfQu\u00e9 hacemos si ocurre?<\/title>\n<meta name=\"description\" content=\"Si tu beb\u00e9 sufre espasmos infantiles \u261d Aqu\u00ed tienes TODA la informaci\u00f3n Importante que Debes saber ? Aunque parezca algo puntual, puede esconder algo m\u00e1s grave\" \/>\n<meta name=\"robots\" content=\"index, follow, max-snippet:-1, max-image-preview:large, max-video-preview:-1\" \/>\n<link rel=\"canonical\" href=\"https:\/\/www.generali.es\/blog\/tuasesorsalud\/espasmos-infantiles\/\" \/>\n<meta name=\"twitter:label1\" content=\"Escrito por\" \/>\n\t<meta name=\"twitter:data1\" content=\"Equipo GENERALI\" \/>\n\t<meta name=\"twitter:label2\" content=\"Tiempo de lectura\" \/>\n\t<meta name=\"twitter:data2\" content=\"7 minutos\" \/>\n<script type=\"application\/ld+json\" class=\"yoast-schema-graph\">{\"@context\":\"https:\/\/schema.org\",\"@graph\":[{\"@type\":\"Article\",\"@id\":\"https:\/\/www.generali.es\/blog\/tuasesorsalud\/espasmos-infantiles\/#article\",\"isPartOf\":{\"@id\":\"https:\/\/www.generali.es\/blog\/tuasesorsalud\/espasmos-infantiles\/\"},\"author\":{\"name\":\"Equipo GENERALI\",\"@id\":\"https:\/\/www.generali.es\/blog\/tuasesorsalud\/#\/schema\/person\/b3e3621e80b273ef3366c6dc945ab47e\"},\"headline\":\"Espasmos infantiles: qu\u00e9 hacer si le ocurre a tu beb\u00e9\",\"datePublished\":\"2021-03-04T11:36:00+00:00\",\"dateModified\":\"2024-05-28T15:00:09+00:00\",\"mainEntityOfPage\":{\"@id\":\"https:\/\/www.generali.es\/blog\/tuasesorsalud\/espasmos-infantiles\/\"},\"wordCount\":1521,\"publisher\":{\"@id\":\"https:\/\/www.generali.es\/blog\/tuasesorsalud\/#organization\"},\"articleSection\":[\"Salud\"],\"inLanguage\":\"es\"},{\"@type\":\"WebPage\",\"@id\":\"https:\/\/www.generali.es\/blog\/tuasesorsalud\/espasmos-infantiles\/\",\"url\":\"https:\/\/www.generali.es\/blog\/tuasesorsalud\/espasmos-infantiles\/\",\"name\":\"\u25b7 Espasmos Infantiles en Beb\u00e9s \u00bfQu\u00e9 hacemos si ocurre?\",\"isPartOf\":{\"@id\":\"https:\/\/www.generali.es\/blog\/tuasesorsalud\/#website\"},\"datePublished\":\"2021-03-04T11:36:00+00:00\",\"dateModified\":\"2024-05-28T15:00:09+00:00\",\"description\":\"Si tu beb\u00e9 sufre espasmos infantiles \u261d Aqu\u00ed tienes TODA la informaci\u00f3n Importante que Debes saber ? Aunque parezca algo puntual, puede esconder algo m\u00e1s grave\",\"breadcrumb\":{\"@id\":\"https:\/\/www.generali.es\/blog\/tuasesorsalud\/espasmos-infantiles\/#breadcrumb\"},\"inLanguage\":\"es\",\"potentialAction\":[{\"@type\":\"ReadAction\",\"target\":[\"https:\/\/www.generali.es\/blog\/tuasesorsalud\/espasmos-infantiles\/\"]}]},{\"@type\":\"BreadcrumbList\",\"@id\":\"https:\/\/www.generali.es\/blog\/tuasesorsalud\/espasmos-infantiles\/#breadcrumb\",\"itemListElement\":[{\"@type\":\"ListItem\",\"position\":1,\"name\":\"Home\",\"item\":\"https:\/\/www.generali.es\/blog\/tuasesorsalud\/\"},{\"@type\":\"ListItem\",\"position\":2,\"name\":\"Salud\",\"item\":\"https:\/\/www.generali.es\/blog\/tuasesorsalud\/salud\/\"},{\"@type\":\"ListItem\",\"position\":3,\"name\":\"Espasmos infantiles: qu\u00e9 hacer si le ocurre a tu beb\u00e9\"}]},{\"@type\":\"WebSite\",\"@id\":\"https:\/\/www.generali.es\/blog\/tuasesorsalud\/#website\",\"url\":\"https:\/\/www.generali.es\/blog\/tuasesorsalud\/\",\"name\":\"Tu Asesor de Salud\",\"description\":\"Blog de Salud de GENERALI\",\"publisher\":{\"@id\":\"https:\/\/www.generali.es\/blog\/tuasesorsalud\/#organization\"},\"potentialAction\":[{\"@type\":\"SearchAction\",\"target\":{\"@type\":\"EntryPoint\",\"urlTemplate\":\"https:\/\/www.generali.es\/blog\/tuasesorsalud\/?s={search_term_string}\"},\"query-input\":\"required name=search_term_string\"}],\"inLanguage\":\"es\"},{\"@type\":\"Organization\",\"@id\":\"https:\/\/www.generali.es\/blog\/tuasesorsalud\/#organization\",\"name\":\"Tu Asesor de Salud\",\"url\":\"https:\/\/www.generali.es\/blog\/tuasesorsalud\/\",\"logo\":{\"@type\":\"ImageObject\",\"inLanguage\":\"es\",\"@id\":\"https:\/\/www.generali.es\/blog\/tuasesorsalud\/#\/schema\/logo\/image\/\",\"url\":\"https:\/\/www.generali.es\/blog\/tuasesorsalud\/wp-content\/uploads\/2021\/04\/generali.png\",\"contentUrl\":\"https:\/\/www.generali.es\/blog\/tuasesorsalud\/wp-content\/uploads\/2021\/04\/generali.png\",\"width\":100,\"height\":81,\"caption\":\"Tu Asesor de Salud\"},\"image\":{\"@id\":\"https:\/\/www.generali.es\/blog\/tuasesorsalud\/#\/schema\/logo\/image\/\"}},{\"@type\":\"Person\",\"@id\":\"https:\/\/www.generali.es\/blog\/tuasesorsalud\/#\/schema\/person\/b3e3621e80b273ef3366c6dc945ab47e\",\"name\":\"Equipo GENERALI\",\"image\":{\"@type\":\"ImageObject\",\"inLanguage\":\"es\",\"@id\":\"https:\/\/www.generali.es\/blog\/tuasesorsalud\/#\/schema\/person\/image\/\",\"url\":\"https:\/\/www.generali.es\/blog\/tuasesorsalud\/wp-content\/uploads\/2020\/11\/equipo_generali-150x150.jpg\",\"contentUrl\":\"https:\/\/www.generali.es\/blog\/tuasesorsalud\/wp-content\/uploads\/2020\/11\/equipo_generali-150x150.jpg\",\"caption\":\"Equipo GENERALI\"},\"description\":\"El equipo de Tu Asesor Salud est\u00e1 compuesto por periodistas y especialistas en la salud, la nutrici\u00f3n, el deporte, la familia as\u00ed como profesionales t\u00e9cnicos de los seguros de salud. Te ayudamos a que tengas una vida m\u00e1s saludable y te ofrecemos contenido \u00fatil para tu d\u00eda a d\u00eda.\",\"sameAs\":[\"https:\/\/www.generali.es\/blog\/tuasesorsalud\/\"],\"url\":\"https:\/\/www.generali.es\/blog\/tuasesorsalud\/author\/generali_asesor\/\"}]}<\/script>\n<!-- \/ Yoast SEO plugin. -->","yoast_head_json":{"title":"\u25b7 Espasmos Infantiles en Beb\u00e9s \u00bfQu\u00e9 hacemos si ocurre?","description":"Si tu beb\u00e9 sufre espasmos infantiles \u261d Aqu\u00ed tienes TODA la informaci\u00f3n Importante que Debes saber ? Aunque parezca algo puntual, puede esconder algo m\u00e1s grave","robots":{"index":"index","follow":"follow","max-snippet":"max-snippet:-1","max-image-preview":"max-image-preview:large","max-video-preview":"max-video-preview:-1"},"canonical":"https:\/\/www.generali.es\/blog\/tuasesorsalud\/espasmos-infantiles\/","twitter_misc":{"Escrito por":"Equipo GENERALI","Tiempo de lectura":"7 minutos"},"schema":{"@context":"https:\/\/schema.org","@graph":[{"@type":"Article","@id":"https:\/\/www.generali.es\/blog\/tuasesorsalud\/espasmos-infantiles\/#article","isPartOf":{"@id":"https:\/\/www.generali.es\/blog\/tuasesorsalud\/espasmos-infantiles\/"},"author":{"name":"Equipo GENERALI","@id":"https:\/\/www.generali.es\/blog\/tuasesorsalud\/#\/schema\/person\/b3e3621e80b273ef3366c6dc945ab47e"},"headline":"Espasmos infantiles: qu\u00e9 hacer si le ocurre a tu beb\u00e9","datePublished":"2021-03-04T11:36:00+00:00","dateModified":"2024-05-28T15:00:09+00:00","mainEntityOfPage":{"@id":"https:\/\/www.generali.es\/blog\/tuasesorsalud\/espasmos-infantiles\/"},"wordCount":1521,"publisher":{"@id":"https:\/\/www.generali.es\/blog\/tuasesorsalud\/#organization"},"articleSection":["Salud"],"inLanguage":"es"},{"@type":"WebPage","@id":"https:\/\/www.generali.es\/blog\/tuasesorsalud\/espasmos-infantiles\/","url":"https:\/\/www.generali.es\/blog\/tuasesorsalud\/espasmos-infantiles\/","name":"\u25b7 Espasmos Infantiles en Beb\u00e9s \u00bfQu\u00e9 hacemos si ocurre?","isPartOf":{"@id":"https:\/\/www.generali.es\/blog\/tuasesorsalud\/#website"},"datePublished":"2021-03-04T11:36:00+00:00","dateModified":"2024-05-28T15:00:09+00:00","description":"Si tu beb\u00e9 sufre espasmos infantiles \u261d Aqu\u00ed tienes TODA la informaci\u00f3n Importante que Debes saber ? Aunque parezca algo puntual, puede esconder algo m\u00e1s grave","breadcrumb":{"@id":"https:\/\/www.generali.es\/blog\/tuasesorsalud\/espasmos-infantiles\/#breadcrumb"},"inLanguage":"es","potentialAction":[{"@type":"ReadAction","target":["https:\/\/www.generali.es\/blog\/tuasesorsalud\/espasmos-infantiles\/"]}]},{"@type":"BreadcrumbList","@id":"https:\/\/www.generali.es\/blog\/tuasesorsalud\/espasmos-infantiles\/#breadcrumb","itemListElement":[{"@type":"ListItem","position":1,"name":"Home","item":"https:\/\/www.generali.es\/blog\/tuasesorsalud\/"},{"@type":"ListItem","position":2,"name":"Salud","item":"https:\/\/www.generali.es\/blog\/tuasesorsalud\/salud\/"},{"@type":"ListItem","position":3,"name":"Espasmos infantiles: qu\u00e9 hacer si le ocurre a tu beb\u00e9"}]},{"@type":"WebSite","@id":"https:\/\/www.generali.es\/blog\/tuasesorsalud\/#website","url":"https:\/\/www.generali.es\/blog\/tuasesorsalud\/","name":"Tu Asesor de Salud","description":"Blog de Salud de GENERALI","publisher":{"@id":"https:\/\/www.generali.es\/blog\/tuasesorsalud\/#organization"},"potentialAction":[{"@type":"SearchAction","target":{"@type":"EntryPoint","urlTemplate":"https:\/\/www.generali.es\/blog\/tuasesorsalud\/?s={search_term_string}"},"query-input":"required name=search_term_string"}],"inLanguage":"es"},{"@type":"Organization","@id":"https:\/\/www.generali.es\/blog\/tuasesorsalud\/#organization","name":"Tu Asesor de Salud","url":"https:\/\/www.generali.es\/blog\/tuasesorsalud\/","logo":{"@type":"ImageObject","inLanguage":"es","@id":"https:\/\/www.generali.es\/blog\/tuasesorsalud\/#\/schema\/logo\/image\/","url":"https:\/\/www.generali.es\/blog\/tuasesorsalud\/wp-content\/uploads\/2021\/04\/generali.png","contentUrl":"https:\/\/www.generali.es\/blog\/tuasesorsalud\/wp-content\/uploads\/2021\/04\/generali.png","width":100,"height":81,"caption":"Tu Asesor de Salud"},"image":{"@id":"https:\/\/www.generali.es\/blog\/tuasesorsalud\/#\/schema\/logo\/image\/"}},{"@type":"Person","@id":"https:\/\/www.generali.es\/blog\/tuasesorsalud\/#\/schema\/person\/b3e3621e80b273ef3366c6dc945ab47e","name":"Equipo GENERALI","image":{"@type":"ImageObject","inLanguage":"es","@id":"https:\/\/www.generali.es\/blog\/tuasesorsalud\/#\/schema\/person\/image\/","url":"https:\/\/www.generali.es\/blog\/tuasesorsalud\/wp-content\/uploads\/2020\/11\/equipo_generali-150x150.jpg","contentUrl":"https:\/\/www.generali.es\/blog\/tuasesorsalud\/wp-content\/uploads\/2020\/11\/equipo_generali-150x150.jpg","caption":"Equipo GENERALI"},"description":"El equipo de Tu Asesor Salud est\u00e1 compuesto por periodistas y especialistas en la salud, la nutrici\u00f3n, el deporte, la familia as\u00ed como profesionales t\u00e9cnicos de los seguros de salud. Te ayudamos a que tengas una vida m\u00e1s saludable y te ofrecemos contenido \u00fatil para tu d\u00eda a d\u00eda.","sameAs":["https:\/\/www.generali.es\/blog\/tuasesorsalud\/"],"url":"https:\/\/www.generali.es\/blog\/tuasesorsalud\/author\/generali_asesor\/"}]}},"_links":{"self":[{"href":"https:\/\/www.generali.es\/blog\/tuasesorsalud\/wp-json\/wp\/v2\/posts\/2337"}],"collection":[{"href":"https:\/\/www.generali.es\/blog\/tuasesorsalud\/wp-json\/wp\/v2\/posts"}],"about":[{"href":"https:\/\/www.generali.es\/blog\/tuasesorsalud\/wp-json\/wp\/v2\/types\/post"}],"author":[{"embeddable":true,"href":"https:\/\/www.generali.es\/blog\/tuasesorsalud\/wp-json\/wp\/v2\/users\/1"}],"replies":[{"embeddable":true,"href":"https:\/\/www.generali.es\/blog\/tuasesorsalud\/wp-json\/wp\/v2\/comments?post=2337"}],"version-history":[{"count":1,"href":"https:\/\/www.generali.es\/blog\/tuasesorsalud\/wp-json\/wp\/v2\/posts\/2337\/revisions"}],"predecessor-version":[{"id":6617,"href":"https:\/\/www.generali.es\/blog\/tuasesorsalud\/wp-json\/wp\/v2\/posts\/2337\/revisions\/6617"}],"wp:featuredmedia":[{"embeddable":true,"href":"https:\/\/www.generali.es\/blog\/tuasesorsalud\/wp-json\/wp\/v2\/media\/2336"}],"wp:attachment":[{"href":"https:\/\/www.generali.es\/blog\/tuasesorsalud\/wp-json\/wp\/v2\/media?parent=2337"}],"wp:term":[{"taxonomy":"category","embeddable":true,"href":"https:\/\/www.generali.es\/blog\/tuasesorsalud\/wp-json\/wp\/v2\/categories?post=2337"},{"taxonomy":"post_tag","embeddable":true,"href":"https:\/\/www.generali.es\/blog\/tuasesorsalud\/wp-json\/wp\/v2\/tags?post=2337"}],"curies":[{"name":"wp","href":"https:\/\/api.w.org\/{rel}","templated":true}]}}