{"id":1990,"date":"2022-12-19T17:00:00","date_gmt":"2022-12-19T16:00:00","guid":{"rendered":"https:\/\/www.generali.es\/blog\/tuasesorsalud\/?p=1990"},"modified":"2025-03-04T13:29:39","modified_gmt":"2025-03-04T12:29:39","slug":"calendario-vacunacion-por-edad","status":"publish","type":"post","link":"https:\/\/www.generali.es\/blog\/tuasesorsalud\/calendario-vacunacion-por-edad\/","title":{"rendered":"Calendario de vacunaci\u00f3n en Espa\u00f1a hasta los 18 a\u00f1os"},"content":{"rendered":"\n<p>Una vacuna es una preparaci\u00f3n que se inyecta en los individuos con el fin de generar inmunidad adquirida contra una enfermedad determinada. Esto se consigue porque estimulan la producci\u00f3n de anticuerpos en la persona a la que se le ha administrado. Gracias a ellas, se previenen enfermedades muy graves e, incluso, se ha conseguido erradicar algunas como la viruela.<\/p>\n\n\n\n<p>\u00a1No te pierdas el <strong>calendario de vacunaci\u00f3n en Espa\u00f1a<\/strong> para saber cu\u00e1ndo y qu\u00e9 vacunas necesita un ni\u00f1o, un beb\u00e9 y un adulto en nuestro pa\u00eds!<\/p>\n\n\n\n<div id=\"ez-toc-container\" class=\"ez-toc-v2_0_22 counter-hierarchy counter-decimal\">\n<div class=\"ez-toc-title-container\">\n<p class=\"ez-toc-title\">&Iacute;ndice<\/p>\n<span class=\"ez-toc-title-toggle\"><a class=\"ez-toc-pull-right ez-toc-btn ez-toc-btn-xs ez-toc-btn-default ez-toc-toggle\" style=\"display: none;\"><i class=\"ez-toc-glyphicon ez-toc-icon-toggle\"><\/i><\/a><\/span><\/div>\n<nav><ul class=\"ez-toc-list ez-toc-list-level-1\"><li class=\"ez-toc-page-1 ez-toc-heading-level-2\"><a class=\"ez-toc-link ez-toc-heading-1\" href=\"https:\/\/www.generali.es\/blog\/tuasesorsalud\/calendario-vacunacion-por-edad\/#%C2%BFQue_es_el_calendario_de_vacunacion\" title=\"\u00bfQu\u00e9 es el calendario de vacunaci\u00f3n?\">\u00bfQu\u00e9 es el calendario de vacunaci\u00f3n?<\/a><\/li><li class=\"ez-toc-page-1 ez-toc-heading-level-2\"><a class=\"ez-toc-link ez-toc-heading-2\" href=\"https:\/\/www.generali.es\/blog\/tuasesorsalud\/calendario-vacunacion-por-edad\/#Vacunas_obligatorias_en_Espana\" title=\"Vacunas obligatorias en Espa\u00f1a\">Vacunas obligatorias en Espa\u00f1a<\/a><ul class=\"ez-toc-list-level-3\"><li class=\"ez-toc-heading-level-3\"><a class=\"ez-toc-link ez-toc-heading-3\" href=\"https:\/\/www.generali.es\/blog\/tuasesorsalud\/calendario-vacunacion-por-edad\/#Vacunacion_en_bebes\" title=\"Vacunaci\u00f3n en beb\u00e9s\">Vacunaci\u00f3n en beb\u00e9s<\/a><\/li><li class=\"ez-toc-page-1 ez-toc-heading-level-3\"><a class=\"ez-toc-link ez-toc-heading-4\" href=\"https:\/\/www.generali.es\/blog\/tuasesorsalud\/calendario-vacunacion-por-edad\/#Vacunacion_infantil\" title=\"Vacunaci\u00f3n infantil\">Vacunaci\u00f3n infantil<\/a><\/li><li class=\"ez-toc-page-1 ez-toc-heading-level-3\"><a class=\"ez-toc-link ez-toc-heading-5\" href=\"https:\/\/www.generali.es\/blog\/tuasesorsalud\/calendario-vacunacion-por-edad\/#Vacunas_para_adultos\" title=\"Vacunas para adultos\">Vacunas para adultos<\/a><\/li><\/ul><\/li><li class=\"ez-toc-page-1 ez-toc-heading-level-2\"><a class=\"ez-toc-link ez-toc-heading-6\" href=\"https:\/\/www.generali.es\/blog\/tuasesorsalud\/calendario-vacunacion-por-edad\/#Vacunas_recomendadas_para_embarazadas_y_mayores\" title=\"Vacunas recomendadas para embarazadas y mayores\">Vacunas recomendadas para embarazadas y mayores<\/a><\/li><li class=\"ez-toc-page-1 ez-toc-heading-level-2\"><a class=\"ez-toc-link ez-toc-heading-7\" href=\"https:\/\/www.generali.es\/blog\/tuasesorsalud\/calendario-vacunacion-por-edad\/#Calendario_de_vacunacion_por_comunidad_autonoma\" title=\"Calendario de vacunaci\u00f3n por comunidad aut\u00f3noma\">Calendario de vacunaci\u00f3n por comunidad aut\u00f3noma<\/a><\/li><li class=\"ez-toc-page-1 ez-toc-heading-level-2\"><a class=\"ez-toc-link ez-toc-heading-8\" href=\"https:\/\/www.generali.es\/blog\/tuasesorsalud\/calendario-vacunacion-por-edad\/#Conclusiones\" title=\"Conclusiones\">Conclusiones<\/a><\/li><\/ul><\/nav><\/div>\n<h2 class=\"wp-block-heading\"><span class=\"ez-toc-section\" id=\"%C2%BFQue_es_el_calendario_de_vacunacion\"><\/span>\u00bfQu\u00e9 es el calendario de vacunaci\u00f3n?<span class=\"ez-toc-section-end\"><\/span><\/h2>\n\n\n\n<p>El calendario de vacunaci\u00f3n es la <strong>secuencia de vacunas<\/strong> que se administran en un pa\u00eds o \u00e1rea geogr\u00e1fica. El calendario siempre determina la administraci\u00f3n de estas vacunas de forma cronol\u00f3gica, en funci\u00f3n de la edad de la persona.<\/p>\n\n\n\n<p>En Espa\u00f1a, el calendario de vacunaci\u00f3n <strong>se implant\u00f3 en el a\u00f1o 1975<\/strong>, y se ha ido actualizando con la incorporaci\u00f3n de algunas vacunas como la de la varicela o la antineumoc\u00f3cica. En la actualidad, todav\u00eda tenemos diferentes calendarios dependiendo de la comunidad aut\u00f3noma en la que se encuentre la persona, aunque las diferencias entre unas y otras son m\u00ednimas. En cualquier caso, el Ministerio de Sanidad ha dispuesto qu\u00e9 <strong>vacunas de este calendario son obligatorias para todas las comunidades<\/strong>.<\/p>\n\n\n\n<h2 class=\"wp-block-heading\"><span class=\"ez-toc-section\" id=\"Vacunas_obligatorias_en_Espana\"><\/span>Vacunas obligatorias en Espa\u00f1a<span class=\"ez-toc-section-end\"><\/span><\/h2>\n\n\n\n<p>A continuaci\u00f3n, vamos a detallar el calendario de vacunaci\u00f3n en Espa\u00f1a, dise\u00f1ado para la infancia y la adolescencia, indicando la edad, la tipolog\u00eda y el n\u00famero de dosis que se deben administrar.<\/p>\n\n\n\n<p><strong>Estas vacunas se consideran sist\u00e9micas<\/strong>, es decir, todos los ni\u00f1os y adultos en Espa\u00f1a <strong>deber\u00edan recibirlas de manera universal<\/strong>, independientemente de la comunidad aut\u00f3noma en la que resida la persona.<\/p>\n\n\n\n<p><span class=\"TextRun SCXW125193599 BCX0\" lang=\"ES-ES\" xml:lang=\"ES-ES\" data-contrast=\"none\"><span class=\"NormalTextRun SCXW125193599 BCX0\">Este no es el calendario recomendado por la asociaci\u00f3n espa\u00f1ola de pediatr\u00eda (AEP), sino que es el com\u00fan en todas las comunidades aut\u00f3nomas (las vacunas que reciben todos los ni\u00f1os que viven en Espa\u00f1a independientemente de su CCAA).<\/span><\/span><\/p>\n\n\n\n<p><span class=\"TextRun SCXW125193599 BCX0\" lang=\"ES-ES\" xml:lang=\"ES-ES\" data-contrast=\"none\"><span class=\"NormalTextRun SCXW125193599 BCX0\"> Por ejemplo la AEP recomienda administrar la vacuna de la gripe a todos los menores de 5 a\u00f1os desde 2021, tambi\u00e9n recomienda la vacuna frente al rotavirus, meningitis B, meningitis ACWY\u2026<\/span><\/span><span class=\"EOP SCXW125193599 BCX0\" data-ccp-props=\"{&quot;134233118&quot;:true,&quot;201341983&quot;:2,&quot;335551550&quot;:6,&quot;335551620&quot;:6,&quot;335559740&quot;:330}\">&nbsp;<\/span><\/p>\n\n\n\n<h3 class=\"wp-block-heading\"><span class=\"ez-toc-section\" id=\"Vacunacion_en_bebes\"><\/span>Vacunaci\u00f3n en beb\u00e9s<span class=\"ez-toc-section-end\"><\/span><\/h3>\n\n\n\n<p>Seg\u00fan el calendario de vacunaci\u00f3n 2020\/2021 en Espa\u00f1a, estas son las vacunas para los beb\u00e9s de entre 0 y 12 meses de edad:<\/p>\n\n\n\n<ul>\n<li><b>Vacuna antipoliomiel\u00edtica inactivada (VPI)<\/b>. Consta de cuatro dosis: las dos primeras a los 2 y 4 meses de edad, con un refuerzo a los 11 <span class=\"TextRun SCXW240174948 BCX0\" lang=\"ES-ES\" xml:lang=\"ES-ES\" data-contrast=\"none\"><span class=\"NormalTextRun SCXW240174948 BCX0\">(estas 3 se administran como hexavalente) <\/span><span class=\"NormalTextRun SCXW240174948 BCX0\">y una \u00faltima dosis a los 6 a\u00f1os<\/span><span class=\"NormalTextRun SCXW240174948 BCX0\"> (junto con <\/span><span class=\"NormalTextRun SpellingErrorV2 SCXW240174948 BCX0\">DTPa<\/span><span class=\"NormalTextRun SCXW240174948 BCX0\">)<\/span><span class=\"NormalTextRun SCXW240174948 BCX0\">.<\/span><\/span><span class=\"EOP SCXW240174948 BCX0\" data-ccp-props=\"{&quot;134233117&quot;:true,&quot;134233118&quot;:true}\">&nbsp;<\/span><\/li>\n\n\n\n<li><b>Vacuna frente a la difteria, el t\u00e9tanos y la tosferina (DTPa\/Tdpa)<\/b>. <span class=\"NormalTextRun SCXW235857074 BCX0\">Se administra en cinco dosis distribuidas de la siguiente manera: <\/span><span class=\"NormalTextRun SCXW235857074 BCX0\">a los 2, 4 y 11 meses en forma de hexavalente. A los 6 a\u00f1os como <\/span><span class=\"NormalTextRun SpellingErrorV2 SCXW235857074 BCX0\">DTPa<\/span><span class=\"NormalTextRun SCXW235857074 BCX0\">\/<\/span><span class=\"NormalTextRun SpellingErrorV2 SCXW235857074 BCX0\">Tdpa<\/span><span class=\"NormalTextRun SCXW235857074 BCX0\">. Entre los 12 y los 14 a\u00f1os como <\/span><span class=\"NormalTextRun SpellingErrorV2 SCXW235857074 BCX0\">Tdpa.<\/span><\/li>\n\n\n\n<li><b>Vacuna conjugada frente al Haemophilus influenzae tipo b (Hib).<\/b> <span class=\"TextRun SCXW104037465 BCX0\" lang=\"ES-ES\" xml:lang=\"ES-ES\" data-contrast=\"none\"><span class=\"NormalTextRun SCXW104037465 BCX0\">Se administra en tres dosis<\/span><span class=\"NormalTextRun SCXW104037465 BCX0\"> (en forma de vacuna hexavalente)<\/span><span class=\"NormalTextRun SCXW104037465 BCX0\">: a los 2 y 4 meses las dos primeras, y una tercera de refuerzo a los 11 meses de edad.<\/span><\/span><span class=\"EOP SCXW104037465 BCX0\" data-ccp-props=\"{&quot;134233117&quot;:true,&quot;134233118&quot;:true}\">&nbsp;<\/span><\/li>\n\n\n\n<li><b>Vacuna frente al sarampi\u00f3n, la rub\u00e9ola y la parotiditis (SRP).<\/b> Se administrar\u00e1n dos dosis de la denominada como \u201ctriple v\u00edrica\u201d (sarampi\u00f3n, rubeola, y parotiditis). La primera a los 12 meses y la segunda a los 3-4 a\u00f1os.<\/li>\n\n\n\n<li><b>Vacuna antihepatitis B (HB)<\/b>. Se administra en tres dosis, en forma de vacuna hexavalente, a los 2, 4 y 11 meses de edad.<\/li>\n\n\n\n<li><b>Vacuna frente al meningococo C (MenC).<\/b> Se administra en tres dosis, en forma de vacuna hexavalente, a los 2, 4 y 11 meses de edad.<\/li>\n\n\n\n<li><b>Vacuna conjugada frente al neumococo (VNC).<\/b> Consta de tres dosis: las dos primeras a los 2 y 4 meses; una \u00faltima de refuerzo tambi\u00e9n a los 11 meses.<\/li>\n<\/ul>\n\n\n\n<p>Hemos elaborado una tabla de vacunas para los beb\u00e9s de entre 0 y 12 meses de edad.<\/p>\n\n\n\n<figure class=\"wp-block-table\"><table><tbody><tr><td><span style=\"color: #ffffff;\"><strong><span style=\"font-size: 16px;\">VACUNA OBLIGATORIA<\/span><\/strong><\/span><\/td><td><span style=\"color: #ffffff;\"><strong><span style=\"font-size: 16px;\">2 meses<\/span><\/strong><\/span><\/td><td><span style=\"color: #ffffff;\"><strong><span style=\"font-size: 16px;\">4 meses<\/span><\/strong><\/span><\/td><td><span style=\"color: #ffffff;\"><strong><span style=\"font-size: 16px;\">11 meses<\/span><\/strong><\/span><\/td><td><span style=\"color: #ffffff;\"><strong><span style=\"font-size: 16px;\">12 meses<\/span><\/strong><\/span><\/td><\/tr><tr><td><span style=\"font-size: 14px; color: #34495e;\">Poliomielitis<\/span><\/td><td><span style=\"font-size: 14px; color: #34495e;\">VPI<\/span><\/td><td><span style=\"font-size: 14px; color: #34495e;\">VPI<\/span><\/td><td><span style=\"font-size: 14px; color: #34495e;\">VPI<\/span><\/td><td>&nbsp;<\/td><\/tr><tr><td><span style=\"font-size: 14px; color: #34495e;\">Difteria-t\u00e9tanos-tosferina<\/span><\/td><td><span style=\"color: #34495e;\">DTPa\/Tdpa<\/span><\/td><td><span style=\"color: #34495e;\">DTPa\/Tdpa<\/span><\/td><td><span style=\"color: #34495e;\">DTPa\/Tdpa<\/span><\/td><td>&nbsp;<\/td><\/tr><tr><td><span style=\"font-size: 14px; color: #34495e;\"><em>Haemophilus influenzae B<\/em><\/span><\/td><td><span style=\"font-size: 14px; color: #34495e;\">Hib<\/span><\/td><td><span style=\"font-size: 14px; color: #34495e;\">Hib<\/span><\/td><td><span style=\"font-size: 14px; color: #34495e;\">Hib<\/span><\/td><td>&nbsp;<\/td><\/tr><tr><td><span style=\"font-size: 14px; color: #34495e;\">Sarampi\u00f3n-rubeola-parotiditis <em><br><\/em><\/span><\/td><td>&nbsp;<\/td><td>&nbsp;<\/td><td>&nbsp;<\/td><td><span style=\"font-size: 14px; color: #34495e;\">SRP<\/span><\/td><\/tr><tr><td><span style=\"font-size: 14px; color: #34495e;\">Hepatitis B<\/span><\/td><td><span style=\"font-size: 14px; color: #34495e;\">HB<\/span><\/td><td><span style=\"font-size: 14px; color: #34495e;\">HB<\/span><\/td><td><span style=\"font-size: 14px; color: #34495e;\">HB<\/span><\/td><td>&nbsp;<\/td><\/tr><tr><td><span style=\"font-size: 14px; color: #34495e;\">Enfermedad meningoc\u00f3cica C<\/span><\/td><td>&nbsp;<\/td><td><span style=\"font-size: 14px; color: #34495e;\">MenC<\/span><\/td><td>&nbsp;<\/td><td><span style=\"font-size: 14px; color: #34495e;\">MenC<\/span><\/td><\/tr><tr><td><span style=\"font-size: 14px; color: #34495e;\">Enfermedad neumoc\u00f3cica<\/span><\/td><td><span style=\"font-size: 14px; color: #34495e;\">VNC<\/span><\/td><td><span style=\"font-size: 14px; color: #34495e;\">VNC<\/span><\/td><td><span style=\"font-size: 14px; color: #34495e;\">VNC<\/span><\/td><td>&nbsp;<\/td><\/tr><\/tbody><\/table><\/figure>\n\n\n\n<p>Adicionalmente, aqu\u00ed puedes consultar las <a href=\"https:\/\/www.generali.es\/blog\/tuasesorsalud\/enfermedades-comunes-bebes-primer-ano\/\" target=\"_blank\" rel=\"noopener noreferrer\">enfermedades m\u00e1s comunes en beb\u00e9s<\/a> durante el primer a\u00f1o.<\/p>\n\n\n\n<h3 class=\"wp-block-heading\"><span class=\"ez-toc-section\" id=\"Vacunacion_infantil\"><\/span>Vacunaci\u00f3n infantil<span class=\"ez-toc-section-end\"><\/span><\/h3>\n\n\n\n<p>Seg\u00fan el <strong>calendario de vacunaci\u00f3n infantil en Espa\u00f1a<\/strong>, estas son las vacunas que se recomiendan para los ni\u00f1os de <strong>entre los 15 meses y los 14 a\u00f1os de edad.<\/strong><\/p>\n\n\n\n<ul>\n<li><b>Vacuna antipoliomiel\u00edtica inactivada (VPI)<\/b>. La \u00faltima de las cuatro dosis se administra a los 6 a\u00f1os.<\/li>\n\n\n\n<li><b>Vacuna frente a la difteria, el t\u00e9tanos y la tosferina (DTPa\/Tdpa)<\/b>. De las cuatro dosis, la tercera de refuerzo se administra a los 6 a\u00f1os, mientras que la cuarta y \u00faltima se pone a los 12-14 a\u00f1os.<\/li>\n\n\n\n<li><b>Vacuna frente al sarampi\u00f3n, la rubeola y la parotiditis (SRP).<\/b> Dentro del calendario de vacunaci\u00f3n triple viral, la \u00faltima dosis se pone a los 3-4 a\u00f1os.<\/li>\n\n\n\n<li><b>Vacuna frente al meningococo ACWY (MenACWY).<\/b> <span class=\"NormalTextRun SCXW18599078 BCX0\">Se <\/span><span class=\"NormalTextRun SCXW18599078 BCX0\">administra una dosis a los 12 a\u00f1os. A todos los adolescentes entre 12 y 18 a\u00f1os no vacunados, se les vacunar\u00e1 tambi\u00e9n con una dosis.<\/span><\/li>\n\n\n\n<li><b>Vacuna frente a la varicela (Var).<\/b> Se compone de dos dosis: la primera a los 15 meses (aunque tambi\u00e9n es aceptable hacerlo a los 12 meses) y una segunda a los 3-4 a\u00f1os.<\/li>\n\n\n\n<li><b>Vacuna frente al virus del papiloma humano (VPH). <\/b><span class=\"NormalTextRun SCXW3778848 BCX0\">A<\/span><span class=\"NormalTextRun SCXW3778848 BCX0\"> las chicas se les administra para prevenir los c\u00e1nceres relacionados con el virus del papiloma humano. Se ponen dos dosis a los 12 a\u00f1os de edad.<\/span><span class=\"NormalTextRun SCXW3778848 BCX0\"> Se debe vacunar a todas las chicas de entre 12 y 18 a\u00f1os no vacunadas.<\/span><\/li>\n<\/ul>\n\n\n\n<p>As\u00ed queda ordenado el calendario de vacunas infantiles:<\/p>\n\n\n\n<figure class=\"wp-block-table\"><table><tbody><tr><td><span style=\"color: #ffffff;\"><strong><span style=\"font-size: 16px;\">VACUNAS INFANTILES<\/span><\/strong><\/span><\/td><td><span style=\"color: #ffffff;\"><strong><span style=\"font-size: 16px;\">15 meses <\/span><\/strong><\/span><\/td><td><span style=\"color: #ffffff;\"><strong><span style=\"font-size: 16px;\">3-4 a\u00f1os<\/span><\/strong><\/span><\/td><td><span style=\"color: #ffffff;\"><strong><span style=\"font-size: 16px;\">6 a\u00f1os<\/span><\/strong><\/span><\/td><td><span style=\"color: #ffffff;\"><strong><span style=\"font-size: 16px;\">12 a\u00f1os<\/span><\/strong><\/span><\/td><td><span style=\"color: #ffffff;\"><strong><span style=\"font-size: 16px;\">14 a\u00f1os<\/span><\/strong><\/span><\/td><\/tr><tr><td><span style=\"font-size: 14px; color: #34495e;\">Poliomielitis <\/span><\/td><td>&nbsp;<\/td><td>&nbsp;<\/td><td><span style=\"color: #34495e;\">VPI<\/span><\/td><td>&nbsp;<\/td><td>&nbsp;<\/td><\/tr><tr><td><span style=\"font-size: 14px; color: #34495e;\">Difteria-t\u00e9tanos-tosferina <\/span><\/td><td>&nbsp;<\/td><td>&nbsp;<\/td><td><span style=\"color: #34495e;\">DTPa\/Tdpa<\/span><\/td><td>&nbsp;<\/td><td>&nbsp;<\/td><\/tr><tr><td><span style=\"font-size: 14px; color: #34495e;\">Sarampi\u00f3n-rubeola-parotiditis <\/span><\/td><td>&nbsp;<\/td><td><span style=\"color: #34495e;\">SRP<\/span><\/td><td>&nbsp;<\/td><td>&nbsp;<\/td><td>&nbsp;<\/td><\/tr><tr><td><span style=\"font-size: 14px; color: #34495e;\">Enfermedad meningoc\u00f3cica ACWY<\/span><\/td><td>&nbsp;<\/td><td>&nbsp;<\/td><td>&nbsp;<\/td><td><span style=\"color: #34495e;\">MenACWY<\/span><\/td><td>&nbsp;<\/td><\/tr><tr><td><span style=\"font-size: 14px; color: #34495e;\">Varicela <\/span><\/td><td><span style=\"color: #34495e;\">Var<\/span><\/td><td><span style=\"color: #34495e;\">Var<\/span><\/td><td>&nbsp;<\/td><td>&nbsp;<\/td><td>&nbsp;<\/td><\/tr><tr><td><span style=\"font-size: 14px; color: #34495e;\">Virus del Papiloma Humano <\/span><\/td><td>&nbsp;<\/td><td>&nbsp;<\/td><td>&nbsp;<\/td><td><span style=\"color: #34495e;\">VPH<\/span><\/td><td>&nbsp;<\/td><\/tr><\/tbody><\/table><\/figure>\n\n\n\n<h3 class=\"wp-block-heading\"><span class=\"ez-toc-section\" id=\"Vacunas_para_adultos\"><\/span>Vacunas para adultos<span class=\"ez-toc-section-end\"><\/span><\/h3>\n\n\n\n<p>En el caso de los adultos, entendiendo estos por las personas de 15 a\u00f1os en adelante, se incluyen las siguientes vacunas:<\/p>\n\n\n\n<ul>\n<li><b>Vacuna frente a la difteria, el t\u00e9tanos y la tosferina (DTPa\/Tdpa)<\/b>. Para la vacunaci\u00f3n de las personas adultas, en el caso de no haberla recibido durante la edad infantil, se vacunar\u00e1 hasta completar 5 dosis. Por otro lado, se administrar\u00e1 una \u00faltima dosis a los 65 a\u00f1os a las personas que ya recibieron las 5 correspondientes durante su infancia.<\/li>\n\n\n\n<li><b>Vacuna antihepatitis B (HB)<\/b>. En personas no vacunadas con anterioridad, hasta los 18 a\u00f1os de edad, se administrar\u00e1n 3 dosis con pauta 0, 1 y 6 meses.<\/li>\n\n\n\n<li><b>Vacuna frente a la varicela (Var).&nbsp;<\/b>En caso de no haber sido vacunado contra la varicela a la edad recomendada, se realizar\u00e1 una prueba para comprobar sus anticuerpos. Si esta resulta negativa, se administrar\u00e1n 2 dosis de vacuna frente a varicela separadas por un intervalo m\u00ednimo de 4 semanas.<\/li>\n<\/ul>\n\n\n\n<figure class=\"wp-block-table\"><table><tbody><tr><td><span style=\"color: #ffffff;\"><strong><span style=\"font-size: 16px;\">VACUNACION<\/span><\/strong><\/span><\/td><td><span style=\"color: #ffffff;\"><strong><span style=\"font-size: 16px;\">15-18 a\u00f1os<\/span><\/strong><\/span><\/td><td><span style=\"color: #ffffff;\"><strong><span style=\"font-size: 16px;\">19-64 a\u00f1os<\/span><\/strong><\/span><\/td><td><span style=\"color: #ffffff;\"><strong><span style=\"font-size: 16px;\">&gt; 65 a\u00f1os <\/span><\/strong><\/span><\/td><\/tr><tr><td><span style=\"font-size: 14px; color: #34495e;\">Difteria-t\u00e9tanos-tosferina <\/span><\/td><td>&nbsp;<\/td><td>&nbsp;<\/td><td><span style=\"color: #34495e;\">DTPa\/Tdpa <\/span><\/td><\/tr><tr><td><span style=\"font-size: 14px; color: #34495e;\">Hepatitis B<\/span><\/td><td><span style=\"font-size: 14px; color: #34495e;\">HB <\/span><\/td><td>&nbsp;<\/td><td>&nbsp;<\/td><\/tr><tr><td><span style=\"font-size: 14px; color: #34495e;\">Varicela<\/span><\/td><td><span style=\"font-size: 14px; color: #34495e;\">&nbsp;<\/span><\/td><td><span style=\"color: #34495e;\">Var<\/span><\/td><td>&nbsp;<\/td><\/tr><\/tbody><\/table><\/figure>\n\n\n\n<h2 class=\"wp-block-heading\"><span class=\"ez-toc-section\" id=\"Vacunas_recomendadas_para_embarazadas_y_mayores\"><\/span>Vacunas recomendadas para embarazadas y mayores<span class=\"ez-toc-section-end\"><\/span><\/h2>\n\n\n\n<p>Se recomienda que, en temporada de gripe, se vacune a todas las embarazadas en cualquier trimestre de gestaci\u00f3n para evitar complicaciones durante el embarazo.<\/p>\n\n\n\n<p>De la misma forma, est\u00e1 <strong>altamente recomendada la vacunaci\u00f3n contra la gripe com\u00fan a las personas mayores<\/strong>, especialmente a aquellos de m\u00e1s de 65 a\u00f1os.<\/p>\n\n\n\n<p>Anualmente, se suelen hacer campa\u00f1as en las que con una sola dosis al a\u00f1o es suficiente para contar con una prevenci\u00f3n extra.<\/p>\n\n\n\n<h2 class=\"wp-block-heading\"><span class=\"ez-toc-section\" id=\"Calendario_de_vacunacion_por_comunidad_autonoma\"><\/span>Calendario de vacunaci\u00f3n por comunidad aut\u00f3noma<span class=\"ez-toc-section-end\"><\/span><\/h2>\n\n\n\n<p>\u00bfD\u00f3nde puedo ver mi calendario de vacunaci\u00f3n?<\/p>\n\n\n\n<p>Echa un vistazo al calendario de vacunaci\u00f3n dise\u00f1ado por tu comunidad aut\u00f3noma:<\/p>\n\n\n\n<ul>\n<li><a href=\"https:\/\/www.sergas.es\/Saude-publica\/Calendario-de-vacinacion-infantil-actual?idioma=es\">Galicia<\/a><\/li>\n\n\n\n<li><a href=\"https:\/\/www.astursalud.es\/noticias\/-\/noticias\/calendario-de-vacunacion-infantil-asturias-2019\">Asturias<\/a><\/li>\n\n\n\n<li><a href=\"https:\/\/saludcantabria.es\/index.php?page=vacunacion-infantil\">Cantabria<\/a><\/li>\n\n\n\n<li><a href=\"https:\/\/www.euskadi.eus\/informacion\/vacunacion-infantil-\/web01-a3infan\/es\/\">Pa\u00eds Vasco<\/a><\/li>\n\n\n\n<li><a href=\"http:\/\/www.navarra.es\/home_es\/Temas\/Portal+de+la+Salud\/Ciudadania\/Me+cuido\/Etapas+de+la+vida\/Infancia+adolescencia+y+juventud\/Vacunacion\/Vacunaciones.htm\">Navarra<\/a><\/li>\n\n\n\n<li><a href=\"https:\/\/www.aragon.es\/-\/calendario-infantil-unificado-de-vacunaciones\" target=\"_blank\" rel=\"noopener noreferrer\">Arag\u00f3n<\/a><\/li>\n\n\n\n<li><a href=\"https:\/\/canalsalut.gencat.cat\/ca\/salut-a-z\/v\/vacunacions\/calendari-de-vacunacions\/\">Catalu\u00f1a<\/a><\/li>\n\n\n\n<li><a href=\"https:\/\/www.riojasalud.es\/salud-publica-consumo\/epidemiologia\/vacunaciones\">La Rioja<\/a><\/li>\n\n\n\n<li><a href=\"https:\/\/www.saludcastillayleon.es\/es\/vacunaciones\/calendario-vacunal-toda-vida-castilla-leon\">Castilla y Le\u00f3n<\/a><\/li>\n\n\n\n<li><a href=\"https:\/\/www.comunidad.madrid\/servicios\/salud\/vacunas\">Comunidad de Madrid<\/a><\/li>\n\n\n\n<li><a href=\"https:\/\/sanidad.castillalamancha.es\/ciudadanos\/vacunacion\/infantil\">Castilla la Mancha<\/a><\/li>\n\n\n\n<li><a href=\"https:\/\/socvalped.com\/educacion\/2019\/calendario-vacunal-ninos-valencia\/\">Comunidad Valenciana<\/a><\/li>\n\n\n\n<li><a href=\"http:\/\/www.murciasalud.es\/pagina.php?id=399382&amp;idsec=824\">Murcia<\/a><\/li>\n\n\n\n<li><a href=\"https:\/\/saludextremadura.ses.es\/web\/calendarios-vacunales-sistematicos-infantiles-vigentes-en-extremadura\">Extremadura<\/a><\/li>\n\n\n\n<li><a href=\"https:\/\/www.juntadeandalucia.es\/organismos\/saludyfamilias\/areas\/salud-vida\/vacunas\/paginas\/calendario-vacunacion.html\">Andaluc\u00eda<\/a><\/li>\n\n\n\n<li><a href=\"https:\/\/www.caib.es\/sites\/vacunacions\/es\/infantil-61388\/\">Islas Baleares<\/a><\/li>\n\n\n\n<li><a href=\"https:\/\/www3.gobiernodecanarias.org\/sanidad\/scs\/contenidoGenerico.jsp?idDocument=3cc62be0-9746-11e0-ba66-75bd8cf93e41&amp;idCarpeta=b25ca6dc-a9a4-11dd-b574-dd4e320f085c\">Islas Canarias<\/a><\/li>\n\n\n\n<li><a href=\"https:\/\/www.ceuta.es\/ceuta\/programas\/calendario-vacunaciones\">Ciudad Aut\u00f3noma de Ceuta<\/a><\/li>\n\n\n\n<li><a href=\"https:\/\/www.melilla.es\/melillaPortal\/contenedor.jsp?seccion=s_fdes_d4_v1.jsp&amp;contenido=9&amp;nivel=1400&amp;tipo=6&amp;anuncio=1\">Ciudad Aut\u00f3noma de Melilla<\/a><\/li>\n<\/ul>\n\n\n\n<h2 class=\"wp-block-heading\"><span class=\"ez-toc-section\" id=\"Conclusiones\"><\/span>Conclusiones<span class=\"ez-toc-section-end\"><\/span><\/h2>\n\n\n\n<p>Gracias a las diferentes vacunas que se han descubierto, <a href=\"https:\/\/www.generali.es\/blog\/tuasesorsalud\/como-prevenir-enfermedades-guia-util-y-practica-para-familias\/\" target=\"_blank\" rel=\"noopener noreferrer\">las enfermedades pueden ser prevenidas<\/a> con mayor efectividad, por lo que es la mejor forma de mantener a nuestros hijos sanos y protegidos.<\/p>\n\n\n\n<p>Enfermedades peligrosas como el t\u00e9tanos, la difteria, el sarampi\u00f3n o la rub\u00e9ola son ya casos aislados. De ah\u00ed que acudir a todas las <a href=\"https:\/\/www.generali.es\/blog\/tuasesorsalud\/la-importancia-de-hacerse-revisiones-periodicas\/\" target=\"_blank\" rel=\"noopener noreferrer\">revisiones m\u00e9dicas<\/a> sea vital, ya que un profesional nos indicar\u00e1 cu\u00e1ndo, c\u00f3mo y en qu\u00e9 casos debemos vacunarnos para mantener nuestro organismo fuerte y prevenir enfermedades.<\/p>\n\n\n\n<p>El bienestar de tu familia es tu mayor prioridad, as\u00ed que aseg\u00farate de que todos contin\u00faan en forma a todas las edades con <a href=\"https:\/\/www.generali.es\/seguros-particulares\/salud-opcion-family\" target=\"_blank\" rel=\"noopener noreferrer\">la p\u00f3liza de salud<\/a>.<br><script type=\"application\/ld+json\">{\"@context\":\"https:\/\/schema.org\",\"@type\":\"FAQPage\",\"mainEntity\":[{\"@type\":\"Question\",\"name\":\"\u00bfQu\u00e9 es el calendario de vacunaci\u00f3n?\",\"acceptedAnswer\":{\"@type\":\"Answer\",\"text\":\"El calendario de vacunaci\u00f3n es la secuencia de vacunas que se administran en un pa\u00eds o \u00e1rea geogr\u00e1fica. El calendario siempre determina la administraci\u00f3n de estas vacunas de forma cronol\u00f3gica, en funci\u00f3n de la edad de la persona.\"}},{\"@type\":\"Question\",\"name\":\"\u00bfD\u00f3nde puedo ver mi calendario de vacunaci\u00f3n?\",\"acceptedAnswer\":{\"@type\":\"Answer\",\"text\":\"Echa un vistazo al calendario de vacunaci\u00f3n dise\u00f1ado por tu comunidad aut\u00f3noma:\"}}]}<\/script><\/p>\n","protected":false},"excerpt":{"rendered":"<p>Una vacuna es una preparaci\u00f3n que se inyecta en los individuos con el fin de generar inmunidad adquirida contra una enfermedad determinada. Esto se consigue porque estimulan la producci\u00f3n de anticuerpos en la persona a la que se le ha administrado. Gracias a ellas, se previenen enfermedades muy graves e, incluso, se ha conseguido erradicar [&hellip;]<\/p>\n","protected":false},"author":1,"featured_media":2015,"comment_status":"closed","ping_status":"open","sticky":false,"template":"","format":"standard","meta":{"footnotes":""},"categories":[3],"tags":[],"yoast_head":"<!-- This site is optimized with the Yoast SEO plugin v21.6 - https:\/\/yoast.com\/wordpress\/plugins\/seo\/ -->\n<title>\u25b7 Calendario de Vacunaci\u00f3n Espa\u00f1a, de Beb\u00e9s a Adultos<\/title>\n<meta name=\"description\" content=\"Conoce el Calendario de Vacunaci\u00f3n en Espa\u00f1a \u2764\ufe0f Todas Vacunas Obligatorias y Optativas \u2714\ufe0f de Beb\u00e9s hasta Adultos de 18 a\u00f1os \u261d AQU\u00cd\" \/>\n<meta name=\"robots\" content=\"index, follow, max-snippet:-1, max-image-preview:large, max-video-preview:-1\" \/>\n<link rel=\"canonical\" href=\"https:\/\/www.generali.es\/blog\/tuasesorsalud\/calendario-vacunacion-por-edad\/\" \/>\n<meta name=\"twitter:label1\" content=\"Escrito por\" \/>\n\t<meta name=\"twitter:data1\" content=\"Equipo GENERALI\" \/>\n\t<meta name=\"twitter:label2\" content=\"Tiempo de lectura\" \/>\n\t<meta name=\"twitter:data2\" content=\"7 minutos\" \/>\n<script type=\"application\/ld+json\" class=\"yoast-schema-graph\">{\"@context\":\"https:\/\/schema.org\",\"@graph\":[{\"@type\":\"Article\",\"@id\":\"https:\/\/www.generali.es\/blog\/tuasesorsalud\/calendario-vacunacion-por-edad\/#article\",\"isPartOf\":{\"@id\":\"https:\/\/www.generali.es\/blog\/tuasesorsalud\/calendario-vacunacion-por-edad\/\"},\"author\":{\"name\":\"Equipo GENERALI\",\"@id\":\"https:\/\/www.generali.es\/blog\/tuasesorsalud\/#\/schema\/person\/b3e3621e80b273ef3366c6dc945ab47e\"},\"headline\":\"Calendario de vacunaci\u00f3n en Espa\u00f1a hasta los 18 a\u00f1os\",\"datePublished\":\"2022-12-19T16:00:00+00:00\",\"dateModified\":\"2025-03-04T12:29:39+00:00\",\"mainEntityOfPage\":{\"@id\":\"https:\/\/www.generali.es\/blog\/tuasesorsalud\/calendario-vacunacion-por-edad\/\"},\"wordCount\":1505,\"publisher\":{\"@id\":\"https:\/\/www.generali.es\/blog\/tuasesorsalud\/#organization\"},\"articleSection\":[\"Salud\"],\"inLanguage\":\"es\"},{\"@type\":\"WebPage\",\"@id\":\"https:\/\/www.generali.es\/blog\/tuasesorsalud\/calendario-vacunacion-por-edad\/\",\"url\":\"https:\/\/www.generali.es\/blog\/tuasesorsalud\/calendario-vacunacion-por-edad\/\",\"name\":\"\u25b7 Calendario de Vacunaci\u00f3n Espa\u00f1a, de Beb\u00e9s a Adultos\",\"isPartOf\":{\"@id\":\"https:\/\/www.generali.es\/blog\/tuasesorsalud\/#website\"},\"datePublished\":\"2022-12-19T16:00:00+00:00\",\"dateModified\":\"2025-03-04T12:29:39+00:00\",\"description\":\"Conoce el Calendario de Vacunaci\u00f3n en Espa\u00f1a \u2764\ufe0f Todas Vacunas Obligatorias y Optativas \u2714\ufe0f de Beb\u00e9s hasta Adultos de 18 a\u00f1os \u261d AQU\u00cd\",\"breadcrumb\":{\"@id\":\"https:\/\/www.generali.es\/blog\/tuasesorsalud\/calendario-vacunacion-por-edad\/#breadcrumb\"},\"inLanguage\":\"es\",\"potentialAction\":[{\"@type\":\"ReadAction\",\"target\":[\"https:\/\/www.generali.es\/blog\/tuasesorsalud\/calendario-vacunacion-por-edad\/\"]}]},{\"@type\":\"BreadcrumbList\",\"@id\":\"https:\/\/www.generali.es\/blog\/tuasesorsalud\/calendario-vacunacion-por-edad\/#breadcrumb\",\"itemListElement\":[{\"@type\":\"ListItem\",\"position\":1,\"name\":\"Home\",\"item\":\"https:\/\/www.generali.es\/blog\/tuasesorsalud\/\"},{\"@type\":\"ListItem\",\"position\":2,\"name\":\"Salud\",\"item\":\"https:\/\/www.generali.es\/blog\/tuasesorsalud\/salud\/\"},{\"@type\":\"ListItem\",\"position\":3,\"name\":\"Calendario de vacunaci\u00f3n en Espa\u00f1a hasta los 18 a\u00f1os\"}]},{\"@type\":\"WebSite\",\"@id\":\"https:\/\/www.generali.es\/blog\/tuasesorsalud\/#website\",\"url\":\"https:\/\/www.generali.es\/blog\/tuasesorsalud\/\",\"name\":\"Tu Asesor de Salud\",\"description\":\"Blog de Salud de GENERALI\",\"publisher\":{\"@id\":\"https:\/\/www.generali.es\/blog\/tuasesorsalud\/#organization\"},\"potentialAction\":[{\"@type\":\"SearchAction\",\"target\":{\"@type\":\"EntryPoint\",\"urlTemplate\":\"https:\/\/www.generali.es\/blog\/tuasesorsalud\/?s={search_term_string}\"},\"query-input\":\"required name=search_term_string\"}],\"inLanguage\":\"es\"},{\"@type\":\"Organization\",\"@id\":\"https:\/\/www.generali.es\/blog\/tuasesorsalud\/#organization\",\"name\":\"Tu Asesor de Salud\",\"url\":\"https:\/\/www.generali.es\/blog\/tuasesorsalud\/\",\"logo\":{\"@type\":\"ImageObject\",\"inLanguage\":\"es\",\"@id\":\"https:\/\/www.generali.es\/blog\/tuasesorsalud\/#\/schema\/logo\/image\/\",\"url\":\"https:\/\/www.generali.es\/blog\/tuasesorsalud\/wp-content\/uploads\/2021\/04\/generali.png\",\"contentUrl\":\"https:\/\/www.generali.es\/blog\/tuasesorsalud\/wp-content\/uploads\/2021\/04\/generali.png\",\"width\":100,\"height\":81,\"caption\":\"Tu Asesor de Salud\"},\"image\":{\"@id\":\"https:\/\/www.generali.es\/blog\/tuasesorsalud\/#\/schema\/logo\/image\/\"}},{\"@type\":\"Person\",\"@id\":\"https:\/\/www.generali.es\/blog\/tuasesorsalud\/#\/schema\/person\/b3e3621e80b273ef3366c6dc945ab47e\",\"name\":\"Equipo GENERALI\",\"image\":{\"@type\":\"ImageObject\",\"inLanguage\":\"es\",\"@id\":\"https:\/\/www.generali.es\/blog\/tuasesorsalud\/#\/schema\/person\/image\/\",\"url\":\"https:\/\/www.generali.es\/blog\/tuasesorsalud\/wp-content\/uploads\/2020\/11\/equipo_generali-150x150.jpg\",\"contentUrl\":\"https:\/\/www.generali.es\/blog\/tuasesorsalud\/wp-content\/uploads\/2020\/11\/equipo_generali-150x150.jpg\",\"caption\":\"Equipo GENERALI\"},\"description\":\"El equipo de Tu Asesor Salud est\u00e1 compuesto por periodistas y especialistas en la salud, la nutrici\u00f3n, el deporte, la familia as\u00ed como profesionales t\u00e9cnicos de los seguros de salud. Te ayudamos a que tengas una vida m\u00e1s saludable y te ofrecemos contenido \u00fatil para tu d\u00eda a d\u00eda.\",\"sameAs\":[\"https:\/\/www.generali.es\/blog\/tuasesorsalud\/\"],\"url\":\"https:\/\/www.generali.es\/blog\/tuasesorsalud\/author\/generali_asesor\/\"}]}<\/script>\n<!-- \/ Yoast SEO plugin. -->","yoast_head_json":{"title":"\u25b7 Calendario de Vacunaci\u00f3n Espa\u00f1a, de Beb\u00e9s a Adultos","description":"Conoce el Calendario de Vacunaci\u00f3n en Espa\u00f1a \u2764\ufe0f Todas Vacunas Obligatorias y Optativas \u2714\ufe0f de Beb\u00e9s hasta Adultos de 18 a\u00f1os \u261d AQU\u00cd","robots":{"index":"index","follow":"follow","max-snippet":"max-snippet:-1","max-image-preview":"max-image-preview:large","max-video-preview":"max-video-preview:-1"},"canonical":"https:\/\/www.generali.es\/blog\/tuasesorsalud\/calendario-vacunacion-por-edad\/","twitter_misc":{"Escrito por":"Equipo GENERALI","Tiempo de lectura":"7 minutos"},"schema":{"@context":"https:\/\/schema.org","@graph":[{"@type":"Article","@id":"https:\/\/www.generali.es\/blog\/tuasesorsalud\/calendario-vacunacion-por-edad\/#article","isPartOf":{"@id":"https:\/\/www.generali.es\/blog\/tuasesorsalud\/calendario-vacunacion-por-edad\/"},"author":{"name":"Equipo GENERALI","@id":"https:\/\/www.generali.es\/blog\/tuasesorsalud\/#\/schema\/person\/b3e3621e80b273ef3366c6dc945ab47e"},"headline":"Calendario de vacunaci\u00f3n en Espa\u00f1a hasta los 18 a\u00f1os","datePublished":"2022-12-19T16:00:00+00:00","dateModified":"2025-03-04T12:29:39+00:00","mainEntityOfPage":{"@id":"https:\/\/www.generali.es\/blog\/tuasesorsalud\/calendario-vacunacion-por-edad\/"},"wordCount":1505,"publisher":{"@id":"https:\/\/www.generali.es\/blog\/tuasesorsalud\/#organization"},"articleSection":["Salud"],"inLanguage":"es"},{"@type":"WebPage","@id":"https:\/\/www.generali.es\/blog\/tuasesorsalud\/calendario-vacunacion-por-edad\/","url":"https:\/\/www.generali.es\/blog\/tuasesorsalud\/calendario-vacunacion-por-edad\/","name":"\u25b7 Calendario de Vacunaci\u00f3n Espa\u00f1a, de Beb\u00e9s a Adultos","isPartOf":{"@id":"https:\/\/www.generali.es\/blog\/tuasesorsalud\/#website"},"datePublished":"2022-12-19T16:00:00+00:00","dateModified":"2025-03-04T12:29:39+00:00","description":"Conoce el Calendario de Vacunaci\u00f3n en Espa\u00f1a \u2764\ufe0f Todas Vacunas Obligatorias y Optativas \u2714\ufe0f de Beb\u00e9s hasta Adultos de 18 a\u00f1os \u261d AQU\u00cd","breadcrumb":{"@id":"https:\/\/www.generali.es\/blog\/tuasesorsalud\/calendario-vacunacion-por-edad\/#breadcrumb"},"inLanguage":"es","potentialAction":[{"@type":"ReadAction","target":["https:\/\/www.generali.es\/blog\/tuasesorsalud\/calendario-vacunacion-por-edad\/"]}]},{"@type":"BreadcrumbList","@id":"https:\/\/www.generali.es\/blog\/tuasesorsalud\/calendario-vacunacion-por-edad\/#breadcrumb","itemListElement":[{"@type":"ListItem","position":1,"name":"Home","item":"https:\/\/www.generali.es\/blog\/tuasesorsalud\/"},{"@type":"ListItem","position":2,"name":"Salud","item":"https:\/\/www.generali.es\/blog\/tuasesorsalud\/salud\/"},{"@type":"ListItem","position":3,"name":"Calendario de vacunaci\u00f3n en Espa\u00f1a hasta los 18 a\u00f1os"}]},{"@type":"WebSite","@id":"https:\/\/www.generali.es\/blog\/tuasesorsalud\/#website","url":"https:\/\/www.generali.es\/blog\/tuasesorsalud\/","name":"Tu Asesor de Salud","description":"Blog de Salud de GENERALI","publisher":{"@id":"https:\/\/www.generali.es\/blog\/tuasesorsalud\/#organization"},"potentialAction":[{"@type":"SearchAction","target":{"@type":"EntryPoint","urlTemplate":"https:\/\/www.generali.es\/blog\/tuasesorsalud\/?s={search_term_string}"},"query-input":"required name=search_term_string"}],"inLanguage":"es"},{"@type":"Organization","@id":"https:\/\/www.generali.es\/blog\/tuasesorsalud\/#organization","name":"Tu Asesor de Salud","url":"https:\/\/www.generali.es\/blog\/tuasesorsalud\/","logo":{"@type":"ImageObject","inLanguage":"es","@id":"https:\/\/www.generali.es\/blog\/tuasesorsalud\/#\/schema\/logo\/image\/","url":"https:\/\/www.generali.es\/blog\/tuasesorsalud\/wp-content\/uploads\/2021\/04\/generali.png","contentUrl":"https:\/\/www.generali.es\/blog\/tuasesorsalud\/wp-content\/uploads\/2021\/04\/generali.png","width":100,"height":81,"caption":"Tu Asesor de Salud"},"image":{"@id":"https:\/\/www.generali.es\/blog\/tuasesorsalud\/#\/schema\/logo\/image\/"}},{"@type":"Person","@id":"https:\/\/www.generali.es\/blog\/tuasesorsalud\/#\/schema\/person\/b3e3621e80b273ef3366c6dc945ab47e","name":"Equipo GENERALI","image":{"@type":"ImageObject","inLanguage":"es","@id":"https:\/\/www.generali.es\/blog\/tuasesorsalud\/#\/schema\/person\/image\/","url":"https:\/\/www.generali.es\/blog\/tuasesorsalud\/wp-content\/uploads\/2020\/11\/equipo_generali-150x150.jpg","contentUrl":"https:\/\/www.generali.es\/blog\/tuasesorsalud\/wp-content\/uploads\/2020\/11\/equipo_generali-150x150.jpg","caption":"Equipo GENERALI"},"description":"El equipo de Tu Asesor Salud est\u00e1 compuesto por periodistas y especialistas en la salud, la nutrici\u00f3n, el deporte, la familia as\u00ed como profesionales t\u00e9cnicos de los seguros de salud. Te ayudamos a que tengas una vida m\u00e1s saludable y te ofrecemos contenido \u00fatil para tu d\u00eda a d\u00eda.","sameAs":["https:\/\/www.generali.es\/blog\/tuasesorsalud\/"],"url":"https:\/\/www.generali.es\/blog\/tuasesorsalud\/author\/generali_asesor\/"}]}},"_links":{"self":[{"href":"https:\/\/www.generali.es\/blog\/tuasesorsalud\/wp-json\/wp\/v2\/posts\/1990"}],"collection":[{"href":"https:\/\/www.generali.es\/blog\/tuasesorsalud\/wp-json\/wp\/v2\/posts"}],"about":[{"href":"https:\/\/www.generali.es\/blog\/tuasesorsalud\/wp-json\/wp\/v2\/types\/post"}],"author":[{"embeddable":true,"href":"https:\/\/www.generali.es\/blog\/tuasesorsalud\/wp-json\/wp\/v2\/users\/1"}],"replies":[{"embeddable":true,"href":"https:\/\/www.generali.es\/blog\/tuasesorsalud\/wp-json\/wp\/v2\/comments?post=1990"}],"version-history":[{"count":21,"href":"https:\/\/www.generali.es\/blog\/tuasesorsalud\/wp-json\/wp\/v2\/posts\/1990\/revisions"}],"predecessor-version":[{"id":7008,"href":"https:\/\/www.generali.es\/blog\/tuasesorsalud\/wp-json\/wp\/v2\/posts\/1990\/revisions\/7008"}],"wp:featuredmedia":[{"embeddable":true,"href":"https:\/\/www.generali.es\/blog\/tuasesorsalud\/wp-json\/wp\/v2\/media\/2015"}],"wp:attachment":[{"href":"https:\/\/www.generali.es\/blog\/tuasesorsalud\/wp-json\/wp\/v2\/media?parent=1990"}],"wp:term":[{"taxonomy":"category","embeddable":true,"href":"https:\/\/www.generali.es\/blog\/tuasesorsalud\/wp-json\/wp\/v2\/categories?post=1990"},{"taxonomy":"post_tag","embeddable":true,"href":"https:\/\/www.generali.es\/blog\/tuasesorsalud\/wp-json\/wp\/v2\/tags?post=1990"}],"curies":[{"name":"wp","href":"https:\/\/api.w.org\/{rel}","templated":true}]}}