{"id":1984,"date":"2020-10-20T10:21:00","date_gmt":"2020-10-20T08:21:00","guid":{"rendered":"https:\/\/www.generali.es\/blog\/tuasesorsalud\/?p=1984"},"modified":"2024-05-28T18:10:13","modified_gmt":"2024-05-28T16:10:13","slug":"como-cortar-diarrea-en-ninos","status":"publish","type":"post","link":"https:\/\/www.generali.es\/blog\/tuasesorsalud\/como-cortar-diarrea-en-ninos\/","title":{"rendered":"C\u00f3mo cortar la diarrea en beb\u00e9s y ni\u00f1os"},"content":{"rendered":"\n<p>Consiste en la defecaci\u00f3n frecuente, m\u00e1s l\u00edquida o blanda a lo que el ni\u00f1o acostumbra. En principio no deber\u00eda preocuparnos m\u00e1s de la cuenta, pues se trata de algo bastante com\u00fan.<br>Sin embargo, en ocasiones las diarreas pueden alargarse en el tiempo, provocando que el ni\u00f1o pierda demasiado l\u00edquido.<\/p>\n\n\n\n<p>En esos casos, <strong>conviene saber c\u00f3mo cortar la diarrea, y as\u00ed evitar que los ni\u00f1os sufran deshidrataci\u00f3n<\/strong>. En este art\u00edculo encontrar\u00e1s m\u00e1s informaci\u00f3n sobre la diarrea y algunos consejos para que no vaya a m\u00e1s.<\/p>\n\n\n\n<div id=\"ez-toc-container\" class=\"ez-toc-v2_0_22 counter-hierarchy counter-decimal\">\n<div class=\"ez-toc-title-container\">\n<p class=\"ez-toc-title\">&Iacute;ndice<\/p>\n<span class=\"ez-toc-title-toggle\"><a class=\"ez-toc-pull-right ez-toc-btn ez-toc-btn-xs ez-toc-btn-default ez-toc-toggle\" style=\"display: none;\"><i class=\"ez-toc-glyphicon ez-toc-icon-toggle\"><\/i><\/a><\/span><\/div>\n<nav><ul class=\"ez-toc-list ez-toc-list-level-1\"><li class=\"ez-toc-page-1 ez-toc-heading-level-2\"><a class=\"ez-toc-link ez-toc-heading-1\" href=\"https:\/\/www.generali.es\/blog\/tuasesorsalud\/como-cortar-diarrea-en-ninos\/#Causas_de_la_diarrea\" title=\"Causas de la diarrea\">Causas de la diarrea<\/a><ul class=\"ez-toc-list-level-3\"><li class=\"ez-toc-heading-level-3\"><a class=\"ez-toc-link ez-toc-heading-2\" href=\"https:\/\/www.generali.es\/blog\/tuasesorsalud\/como-cortar-diarrea-en-ninos\/#Causas_de_la_diarrea_aguda_en_los_ninos\" title=\"Causas de la diarrea aguda en los ni\u00f1os\">Causas de la diarrea aguda en los ni\u00f1os<\/a><\/li><li class=\"ez-toc-page-1 ez-toc-heading-level-3\"><a class=\"ez-toc-link ez-toc-heading-3\" href=\"https:\/\/www.generali.es\/blog\/tuasesorsalud\/como-cortar-diarrea-en-ninos\/#Causas_de_la_diarrea_cronica_en_los_ninos\" title=\"Causas de la diarrea cr\u00f3nica en los ni\u00f1os\">Causas de la diarrea cr\u00f3nica en los ni\u00f1os<\/a><\/li><\/ul><\/li><li class=\"ez-toc-page-1 ez-toc-heading-level-2\"><a class=\"ez-toc-link ez-toc-heading-4\" href=\"https:\/\/www.generali.es\/blog\/tuasesorsalud\/como-cortar-diarrea-en-ninos\/#Fases_de_la_diarrea\" title=\"Fases de la diarrea\">Fases de la diarrea<\/a><\/li><li class=\"ez-toc-page-1 ez-toc-heading-level-2\"><a class=\"ez-toc-link ez-toc-heading-5\" href=\"https:\/\/www.generali.es\/blog\/tuasesorsalud\/como-cortar-diarrea-en-ninos\/#Como_cortar_la_diarrea_en_ninos\" title=\"C\u00f3mo cortar la diarrea en ni\u00f1os\">C\u00f3mo cortar la diarrea en ni\u00f1os<\/a><ul class=\"ez-toc-list-level-3\"><li class=\"ez-toc-heading-level-3\"><a class=\"ez-toc-link ez-toc-heading-6\" href=\"https:\/\/www.generali.es\/blog\/tuasesorsalud\/como-cortar-diarrea-en-ninos\/#Dieta_para_diarreas\" title=\"Dieta para diarreas\">Dieta para diarreas<\/a><\/li><li class=\"ez-toc-page-1 ez-toc-heading-level-3\"><a class=\"ez-toc-link ez-toc-heading-7\" href=\"https:\/\/www.generali.es\/blog\/tuasesorsalud\/como-cortar-diarrea-en-ninos\/#Alimentos_para_combatir_la_diarrea\" title=\"Alimentos para combatir la diarrea\">Alimentos para combatir la diarrea<\/a><\/li><li class=\"ez-toc-page-1 ez-toc-heading-level-3\"><a class=\"ez-toc-link ez-toc-heading-8\" href=\"https:\/\/www.generali.es\/blog\/tuasesorsalud\/como-cortar-diarrea-en-ninos\/#Que_no_deben_comer_o_beber\" title=\"Qu\u00e9 no deben comer o beber\">Qu\u00e9 no deben comer o beber<\/a><\/li><li class=\"ez-toc-page-1 ez-toc-heading-level-3\"><a class=\"ez-toc-link ez-toc-heading-9\" href=\"https:\/\/www.generali.es\/blog\/tuasesorsalud\/como-cortar-diarrea-en-ninos\/#Medicamentos_para_diarreas\" title=\"Medicamentos para diarreas\">Medicamentos para diarreas<\/a><\/li><\/ul><\/li><li class=\"ez-toc-page-1 ez-toc-heading-level-2\"><a class=\"ez-toc-link ez-toc-heading-10\" href=\"https:\/\/www.generali.es\/blog\/tuasesorsalud\/como-cortar-diarrea-en-ninos\/#Consejos_finales_para_cortar_la_diarrea_en_ninos\" title=\"Consejos finales para cortar la diarrea en ni\u00f1os\">Consejos finales para cortar la diarrea en ni\u00f1os<\/a><ul class=\"ez-toc-list-level-3\"><li class=\"ez-toc-heading-level-3\"><a class=\"ez-toc-link ez-toc-heading-11\" href=\"https:\/\/www.generali.es\/blog\/tuasesorsalud\/como-cortar-diarrea-en-ninos\/#Cuando_acudir_al_medico\" title=\"Cu\u00e1ndo acudir al m\u00e9dico\">Cu\u00e1ndo acudir al m\u00e9dico<\/a><\/li><\/ul><\/li><\/ul><\/nav><\/div>\n<h2 class=\"wp-block-heading\"><span class=\"ez-toc-section\" id=\"Causas_de_la_diarrea\"><\/span><b>Causas de la diarrea<\/b><span class=\"ez-toc-section-end\"><\/span><\/h2>\n\n\n\n<p>Se pueden deducir las causas de la diarrea seg\u00fan el tiempo en el que \u00e9sta perdure en el tiempo.<br>Si dura menos de dos semanas, estar\u00edamos hablando de una <strong>diarrea aguda<\/strong>, mientras que, si supera el per\u00edodo de 14 d\u00edas, podr\u00eda tratarse de una <strong>diarrea cr\u00f3nica<\/strong>. Saber ante cu\u00e1l nos enfrentamos es importante para saber c\u00f3mo cortar la diarrea con el tratamiento m\u00e1s adecuado.<\/p>\n\n\n\n<h3 class=\"wp-block-heading\"><span class=\"ez-toc-section\" id=\"Causas_de_la_diarrea_aguda_en_los_ninos\"><\/span><b>Causas de la diarrea aguda en los ni\u00f1os<\/b><span class=\"ez-toc-section-end\"><\/span><\/h3>\n\n\n\n<p>Las principales causas de la diarrea aguda en los ni\u00f1os son las siguientes:<\/p>\n\n\n\n<ul>\n<li><b>Intoxicaci\u00f3n alimentaria<\/b>. Normalmente, esta aparece tras la ingesta de alimentos contaminados por bacterias o en mal estado. Aparecen entonces toxinas, como <i>estafilococos<\/i> o <i>clostridios<\/i>, que provocan malestar, v\u00f3mitos y diarreas.<\/li>\n\n\n\n<li><b>Gastroenteritis infecciosa<\/b>. La gastroenteritis aparece normalmente por una infecci\u00f3n bacteriana, parasitaria o virus. Esta es la causa m\u00e1s com\u00fan de diarrea en los ni\u00f1os.<\/li>\n\n\n\n<li><b>Uso de antibi\u00f3ticos<\/b>. En ocasiones, el consumo de algunos antibi\u00f3ticos altera el tipo y n\u00famero de bacterias en el intestino.<\/li>\n\n\n\n<li><b>Alergias alimentarias.<\/b><\/li>\n<\/ul>\n\n\n\n<h3 class=\"wp-block-heading\"><span class=\"ez-toc-section\" id=\"Causas_de_la_diarrea_cronica_en_los_ninos\"><\/span><b>Causas de la diarrea cr\u00f3nica en los ni\u00f1os<\/b><span class=\"ez-toc-section-end\"><\/span><\/h3>\n\n\n\n<p>Entre las causas de la diarrea cr\u00f3nica en ni\u00f1os se encuentran factores diet\u00e9ticos, como la <b>intolerancia la lactosa o la celiaqu\u00eda<\/b>. Tambi\u00e9n podr\u00eda derivarse del consumo excesivo de ciertos alimentos o de infecciones causadas por par\u00e1sitos.<\/p>\n\n\n\n<p>Si la diarrea se prolonga demasiado en el tiempo, es recomendable que el ni\u00f1o acuda al pediatra para que lo valore y pueda indicarle de qu\u00e9 manera hay que tratarle.<\/p>\n\n\n\n<h2 class=\"wp-block-heading\"><span class=\"ez-toc-section\" id=\"Fases_de_la_diarrea\"><\/span>Fases de la diarrea<span class=\"ez-toc-section-end\"><\/span><\/h2>\n\n\n\n<p>En una primera fase, la diarrea en los ni\u00f1os comienza con un <b>aumento en el n\u00famero de deposiciones, as\u00ed como una menor consistencia de estas<\/b>, ya sean blandas o directamente l\u00edquidas. En ocasiones puede estar <span style=\"text-decoration: underline;\">acompa\u00f1ada por fiebre, v\u00f3mitos y dolor abdominal<\/span>, dependiendo de lo que la cause y c\u00f3mo responda el organismo.<\/p>\n\n\n\n<p>Si esta se prolonga en el tiempo, el ni\u00f1o estar\u00eda perdiendo agua y electrolitos a trav\u00e9s de las heces y comenzar\u00eda a deshidratarse. El <strong>cuadro de deshidrataci\u00f3n<\/strong> se suele dar en los ni\u00f1os m\u00e1s peque\u00f1os, por tener un \u00e1rea de superficie corporal mayor con respecto al peso. Al poco tiempo podr\u00eda tambi\u00e9n sumarse <strong>carencias nutricionales<\/strong> debido a la disminuci\u00f3n de la ingesta cal\u00f3rica.<\/p>\n\n\n\n<h2 class=\"wp-block-heading\"><span class=\"ez-toc-section\" id=\"Como_cortar_la_diarrea_en_ninos\"><\/span>C\u00f3mo cortar la diarrea en ni\u00f1os<span class=\"ez-toc-section-end\"><\/span><\/h2>\n\n\n\n<h3 class=\"wp-block-heading\"><span class=\"ez-toc-section\" id=\"Dieta_para_diarreas\"><\/span><b>Dieta para diarreas<\/b><span class=\"ez-toc-section-end\"><\/span><\/h3>\n\n\n\n<p><strong>No existe una dieta antidiarreica para beb\u00e9s<\/strong>, por lo que podr\u00e1n reanudar la leche materna o de f\u00f3rmula en el momento en el que ya est\u00e9n hidratados y no vomiten.<\/p>\n\n\n\n<p>En el caso de los ni\u00f1os que presentan diarrea, los expertos recomiendan comenzar una <strong>dieta basada en productos blandos y de f\u00e1cil digesti\u00f3n<\/strong>. Adem\u00e1s, un remedio casero es modificar en frecuencia y cantidad las comidas que ingieren los ni\u00f1os. Es decir, se debe pasar de las tres comidas habituales a un mayor n\u00famero de ingestas, pero m\u00e1s peque\u00f1as.<\/p>\n\n\n\n<p>Los productos l\u00e1cteos como la leche o el yogur deben ser bajos en grasa. Si detectas que estos productos est\u00e1n empeorando el estado del ni\u00f1o, es recomendable que visite al m\u00e9dico. Recuerda tambi\u00e9n quitar las c\u00e1scaras y las semillas de los alimentos que vaya a comer porque podr\u00edan empeorar su estado.<\/p>\n\n\n\n<p>Te puede interesar: <a href=\"https:\/\/www.generali.es\/blog\/tuasesorsalud\/alimentacion-sana-para-ninos-menus-y-productos-adecuados-que-les-encantan\/\" target=\"_blank\" rel=\"noopener noreferrer\">Alimentaci\u00f3n sana para ni\u00f1os: men\u00fas y productos adecuados que les encantan<\/a><\/p>\n\n\n\n<h3 class=\"wp-block-heading\"><span class=\"ez-toc-section\" id=\"Alimentos_para_combatir_la_diarrea\"><\/span><b>Alimentos para combatir la diarrea<\/b><span class=\"ez-toc-section-end\"><\/span><\/h3>\n\n\n\n<p><b>\u00bfQu\u00e9 puede comer un ni\u00f1o con diarrea?<\/b> Existen algunos <b>alimentos para combatir la diarrea:<\/b><\/p>\n\n\n\n<ol start=\"2\">\n<li>\n<ul>\n<li>Arroz blanco.<\/li>\n\n\n\n<li>Huevos cocidos.<\/li>\n\n\n\n<li>Pl\u00e1tanos.<\/li>\n\n\n\n<li>Carne de cerdo, pollo o pavo a la parrilla o al horno.<\/li>\n\n\n\n<li>Pescado.<\/li>\n\n\n\n<li>Compota de manzana.<\/li>\n\n\n\n<li>Productos hechos con harina blanca y refinada.<\/li>\n\n\n\n<li>Cereales de trigo o avena.<\/li>\n\n\n\n<li>Verduras cocidas, como zanahoria hervida, remolacha, tallos de esp\u00e1rragos o habichuelas.<\/li>\n\n\n\n<li>Patatas al horno.<\/li>\n<\/ul>\n<\/li>\n<\/ol>\n\n\n\n<h3 class=\"wp-block-heading\"><span class=\"ez-toc-section\" id=\"Que_no_deben_comer_o_beber\"><\/span><b>Qu\u00e9 no deben comer o beber<\/b><span class=\"ez-toc-section-end\"><\/span><\/h3>\n\n\n\n<p>Los ni\u00f1os deben <b>evitar los alimentos muy grasos<\/b> como las frituras, los productos procesados o la comida r\u00e1pida. Tampoco es aconsejable que ingieran <b>alimentos que generan gases <\/b>como los garbanzos, el br\u00f3coli, los guisantes, las jud\u00edas, el ma\u00edz o las ciruelas. El <b>caf\u00e9, el t\u00e9 y las bebidas energ\u00e9ticas<\/b> son desaconsejables, pues la cafe\u00edna no ayudar\u00e1 a recuperarse. De la misma forma, hay que evitar las <b>bebidas gaseosas.<\/b><\/p>\n\n\n\n<h3 class=\"wp-block-heading\"><span class=\"ez-toc-section\" id=\"Medicamentos_para_diarreas\"><\/span><b>Medicamentos para diarreas<\/b><span class=\"ez-toc-section-end\"><\/span><\/h3>\n\n\n\n<p>Lo primero que debemos hacer en caso de diarrea es mantener al ni\u00f1o hidratado y evitar su deshidrataci\u00f3n. Puedes probar algunas <strong>soluciones de rehidrataci\u00f3n oral<\/strong>. El alto contenido en l\u00edquidos y sales minerales de estas soluciones ayudar\u00e1 a reponer lo que ha perdido.<\/p>\n\n\n\n<p>Aunque existen algunos medicamentos que ayudan a la recuperaci\u00f3n intestinal, su uso no est\u00e1 recomendado en ni\u00f1os. As\u00ed pues, antes de administrar un medicamento, consulte con su pediatra, qui\u00e9n le indicar\u00e1 si procede y cu\u00e1l es el m\u00e1s adecuado.<\/p>\n\n\n\n<h2 class=\"wp-block-heading\"><span class=\"ez-toc-section\" id=\"Consejos_finales_para_cortar_la_diarrea_en_ninos\"><\/span>Consejos finales para cortar la diarrea en ni\u00f1os<span class=\"ez-toc-section-end\"><\/span><\/h2>\n\n\n\n<h3 class=\"wp-block-heading\"><span class=\"ez-toc-section\" id=\"Cuando_acudir_al_medico\"><\/span>Cu\u00e1ndo acudir al m\u00e9dico<span class=\"ez-toc-section-end\"><\/span><\/h3>\n\n\n\n<p>Deber\u00e1s acudir al m\u00e9dico si:<\/p>\n\n\n\n<ol start=\"3\">\n<li>\n<ul>\n<li>La diarrea dura m\u00e1s de 2 d\u00edas seguidos.<\/li>\n\n\n\n<li>Si el ni\u00f1o tiene m\u00e1s de 8 episodios de diarrea en un d\u00eda.<\/li>\n\n\n\n<li>No ha orinado durante 6 horas.<\/li>\n\n\n\n<li>Si encuentras sangre o moco en las heces.<\/li>\n\n\n\n<li>Fiebre persistente que no desaparece.<\/li>\n\n\n\n<li>Ausencia de l\u00e1grimas al llorar o boca seca y pegajosa.<\/li>\n\n\n\n<li>Si nota que su actividad ha disminuido m\u00e1s de lo normal, su postura al sentarse ha cambiado o no mira a su alrededor.<\/li>\n\n\n\n<li><a href=\"https:\/\/www.who.int\/es\/news-room\/fact-sheets\/detail\/diarrhoeal-disease\" target=\"_blank\" rel=\"noopener noreferrer\">Seg\u00fan la OMS<\/a>, los ojos hundidos tambi\u00e9n puede ser un s\u00edntoma de deshidrataci\u00f3n.<\/li>\n<\/ul>\n<\/li>\n<\/ol>\n\n\n\n<p>Si el ni\u00f1o presenta alg\u00fan otro s\u00edntoma fuera de los asociados a la diarrea aguda, acude al m\u00e9dico para que le examine. Nunca est\u00e1 de m\u00e1s asegurarnos de que nuestro hijo est\u00e1 sano y simplemente se le ha soltado un poco la tripa.<\/p>\n\n\n\n<p>El bienestar de tu familia es tu mayor prioridad, as\u00ed que aseg\u00farate de que todos contin\u00faan en forma a todas las edades con&nbsp;<a href=\"https:\/\/www.generali.es\/seguros-particulares\/salud-opcion-family\" target=\"_blank\" rel=\"noopener noreferrer\">la p\u00f3liza de salud<\/a>.<\/p>\n\n\n\n<p>Desde bienestar mental hasta snacks durante el d\u00eda, tenemos el \u00faltimo contenido en trucos saludables para transformar tu vida diaria:<\/p>\n\n\n\n<p><a href=\"https:\/\/www.generali.es\/blog\/tuasesorsalud\/probioticos-naturales-un-intestino-sano-y-mayor-bienestar\/\" target=\"_blank\" rel=\"noopener noreferrer\">Probi\u00f3ticos naturales: un intestino sano y mayor bienestar<\/a><\/p>\n\n\n\n<p><a href=\"https:\/\/www.generali.es\/blog\/tuasesorsalud\/dieta-saludable-libre-de-picoteos\/\" target=\"_blank\" rel=\"noopener noreferrer\">Dieta saludable libre de picoteos<\/a><\/p>\n\n\n\n<p><a title=\"El desayuno: la comida imprescindible del d\u00eda\" href=\"https:\/\/www.generali.es\/blog\/tuasesorsalud\/desayunos-saludables\/\" target=\"_blank\" rel=\"noopener noreferrer\">El desayuno: la comida imprescindible del d\u00eda<\/a><\/p>\n\n\n\n<p><a href=\"https:\/\/www.generali.es\/blog\/tuasesorsalud\/comidas-rapidas-para-padres-ocupados\/\" target=\"_blank\" rel=\"noopener noreferrer\">Comidas r\u00e1pidas para padres ocupados<\/a><\/p>\n\n\n\n<p><a title=\"C\u00f3mo preparar un desayuno saludable y a la \u00faltima en casa\" href=\"https:\/\/www.generali.es\/blog\/tuasesorsalud\/como-preparar-un-desayuno-saludable-y-a-la-ultima-en-casa\/\" target=\"_blank\" rel=\"noopener noreferrer\">C\u00f3mo preparar un desayuno saludable y a la \u00faltima en casa<\/a><\/p>\n\n\n\n<figure class=\"wp-block-image\"><img decoding=\"async\" src=\"https:\/\/pixel.newscred.com\/px.gif?key=YXJ0aWNsZT1jMTdhODEyY2ZkODExMWVhOTVlMzBhNDkwYWJhNmRjYg==\" alt=\"\"\/><\/figure>\n","protected":false},"excerpt":{"rendered":"<p>Consiste en la defecaci\u00f3n frecuente, m\u00e1s l\u00edquida o blanda a lo que el ni\u00f1o acostumbra. En principio no deber\u00eda preocuparnos m\u00e1s de la cuenta, pues se trata de algo bastante com\u00fan.Sin embargo, en ocasiones las diarreas pueden alargarse en el tiempo, provocando que el ni\u00f1o pierda demasiado l\u00edquido. En esos casos, conviene saber c\u00f3mo cortar [&hellip;]<\/p>\n","protected":false},"author":1,"featured_media":2016,"comment_status":"closed","ping_status":"open","sticky":false,"template":"","format":"standard","meta":{"footnotes":""},"categories":[3],"tags":[],"yoast_head":"<!-- This site is optimized with the Yoast SEO plugin v21.6 - https:\/\/yoast.com\/wordpress\/plugins\/seo\/ -->\n<title>\u25b7 C\u00f3mo Cortar la Diarrea en Ni\u00f1os (De Beb\u00e9s, 2 o M\u00e1s A\u00f1os)<\/title>\n<meta name=\"description\" content=\"La Diarrea en Ni\u00f1os puede ser MUY angustiosa\u26d4. Te explicamos las Causas, Fases, Dietas y Remedios para Cortar la Diarrea \u261d AQU\u00cd\" \/>\n<meta name=\"robots\" content=\"index, follow, max-snippet:-1, max-image-preview:large, max-video-preview:-1\" \/>\n<link rel=\"canonical\" href=\"https:\/\/www.generali.es\/blog\/tuasesorsalud\/como-cortar-diarrea-en-ninos\/\" \/>\n<meta name=\"twitter:label1\" content=\"Escrito por\" \/>\n\t<meta name=\"twitter:data1\" content=\"Equipo GENERALI\" \/>\n\t<meta name=\"twitter:label2\" content=\"Tiempo de lectura\" \/>\n\t<meta name=\"twitter:data2\" content=\"6 minutos\" \/>\n<script type=\"application\/ld+json\" class=\"yoast-schema-graph\">{\"@context\":\"https:\/\/schema.org\",\"@graph\":[{\"@type\":\"Article\",\"@id\":\"https:\/\/www.generali.es\/blog\/tuasesorsalud\/como-cortar-diarrea-en-ninos\/#article\",\"isPartOf\":{\"@id\":\"https:\/\/www.generali.es\/blog\/tuasesorsalud\/como-cortar-diarrea-en-ninos\/\"},\"author\":{\"name\":\"Equipo GENERALI\",\"@id\":\"https:\/\/www.generali.es\/blog\/tuasesorsalud\/#\/schema\/person\/b3e3621e80b273ef3366c6dc945ab47e\"},\"headline\":\"C\u00f3mo cortar la diarrea en beb\u00e9s y ni\u00f1os\",\"datePublished\":\"2020-10-20T08:21:00+00:00\",\"dateModified\":\"2024-05-28T16:10:13+00:00\",\"mainEntityOfPage\":{\"@id\":\"https:\/\/www.generali.es\/blog\/tuasesorsalud\/como-cortar-diarrea-en-ninos\/\"},\"wordCount\":1204,\"publisher\":{\"@id\":\"https:\/\/www.generali.es\/blog\/tuasesorsalud\/#organization\"},\"articleSection\":[\"Salud\"],\"inLanguage\":\"es\"},{\"@type\":\"WebPage\",\"@id\":\"https:\/\/www.generali.es\/blog\/tuasesorsalud\/como-cortar-diarrea-en-ninos\/\",\"url\":\"https:\/\/www.generali.es\/blog\/tuasesorsalud\/como-cortar-diarrea-en-ninos\/\",\"name\":\"\u25b7 C\u00f3mo Cortar la Diarrea en Ni\u00f1os (De Beb\u00e9s, 2 o M\u00e1s A\u00f1os)\",\"isPartOf\":{\"@id\":\"https:\/\/www.generali.es\/blog\/tuasesorsalud\/#website\"},\"datePublished\":\"2020-10-20T08:21:00+00:00\",\"dateModified\":\"2024-05-28T16:10:13+00:00\",\"description\":\"La Diarrea en Ni\u00f1os puede ser MUY angustiosa\u26d4. Te explicamos las Causas, Fases, Dietas y Remedios para Cortar la Diarrea \u261d AQU\u00cd\",\"breadcrumb\":{\"@id\":\"https:\/\/www.generali.es\/blog\/tuasesorsalud\/como-cortar-diarrea-en-ninos\/#breadcrumb\"},\"inLanguage\":\"es\",\"potentialAction\":[{\"@type\":\"ReadAction\",\"target\":[\"https:\/\/www.generali.es\/blog\/tuasesorsalud\/como-cortar-diarrea-en-ninos\/\"]}]},{\"@type\":\"BreadcrumbList\",\"@id\":\"https:\/\/www.generali.es\/blog\/tuasesorsalud\/como-cortar-diarrea-en-ninos\/#breadcrumb\",\"itemListElement\":[{\"@type\":\"ListItem\",\"position\":1,\"name\":\"Home\",\"item\":\"https:\/\/www.generali.es\/blog\/tuasesorsalud\/\"},{\"@type\":\"ListItem\",\"position\":2,\"name\":\"Salud\",\"item\":\"https:\/\/www.generali.es\/blog\/tuasesorsalud\/salud\/\"},{\"@type\":\"ListItem\",\"position\":3,\"name\":\"C\u00f3mo cortar la diarrea en beb\u00e9s y ni\u00f1os\"}]},{\"@type\":\"WebSite\",\"@id\":\"https:\/\/www.generali.es\/blog\/tuasesorsalud\/#website\",\"url\":\"https:\/\/www.generali.es\/blog\/tuasesorsalud\/\",\"name\":\"Tu Asesor de Salud\",\"description\":\"Blog de Salud de GENERALI\",\"publisher\":{\"@id\":\"https:\/\/www.generali.es\/blog\/tuasesorsalud\/#organization\"},\"potentialAction\":[{\"@type\":\"SearchAction\",\"target\":{\"@type\":\"EntryPoint\",\"urlTemplate\":\"https:\/\/www.generali.es\/blog\/tuasesorsalud\/?s={search_term_string}\"},\"query-input\":\"required name=search_term_string\"}],\"inLanguage\":\"es\"},{\"@type\":\"Organization\",\"@id\":\"https:\/\/www.generali.es\/blog\/tuasesorsalud\/#organization\",\"name\":\"Tu Asesor de Salud\",\"url\":\"https:\/\/www.generali.es\/blog\/tuasesorsalud\/\",\"logo\":{\"@type\":\"ImageObject\",\"inLanguage\":\"es\",\"@id\":\"https:\/\/www.generali.es\/blog\/tuasesorsalud\/#\/schema\/logo\/image\/\",\"url\":\"https:\/\/www.generali.es\/blog\/tuasesorsalud\/wp-content\/uploads\/2021\/04\/generali.png\",\"contentUrl\":\"https:\/\/www.generali.es\/blog\/tuasesorsalud\/wp-content\/uploads\/2021\/04\/generali.png\",\"width\":100,\"height\":81,\"caption\":\"Tu Asesor de Salud\"},\"image\":{\"@id\":\"https:\/\/www.generali.es\/blog\/tuasesorsalud\/#\/schema\/logo\/image\/\"}},{\"@type\":\"Person\",\"@id\":\"https:\/\/www.generali.es\/blog\/tuasesorsalud\/#\/schema\/person\/b3e3621e80b273ef3366c6dc945ab47e\",\"name\":\"Equipo GENERALI\",\"image\":{\"@type\":\"ImageObject\",\"inLanguage\":\"es\",\"@id\":\"https:\/\/www.generali.es\/blog\/tuasesorsalud\/#\/schema\/person\/image\/\",\"url\":\"https:\/\/www.generali.es\/blog\/tuasesorsalud\/wp-content\/uploads\/2020\/11\/equipo_generali-150x150.jpg\",\"contentUrl\":\"https:\/\/www.generali.es\/blog\/tuasesorsalud\/wp-content\/uploads\/2020\/11\/equipo_generali-150x150.jpg\",\"caption\":\"Equipo GENERALI\"},\"description\":\"El equipo de Tu Asesor Salud est\u00e1 compuesto por periodistas y especialistas en la salud, la nutrici\u00f3n, el deporte, la familia as\u00ed como profesionales t\u00e9cnicos de los seguros de salud. Te ayudamos a que tengas una vida m\u00e1s saludable y te ofrecemos contenido \u00fatil para tu d\u00eda a d\u00eda.\",\"sameAs\":[\"https:\/\/www.generali.es\/blog\/tuasesorsalud\/\"],\"url\":\"https:\/\/www.generali.es\/blog\/tuasesorsalud\/author\/generali_asesor\/\"}]}<\/script>\n<!-- \/ Yoast SEO plugin. -->","yoast_head_json":{"title":"\u25b7 C\u00f3mo Cortar la Diarrea en Ni\u00f1os (De Beb\u00e9s, 2 o M\u00e1s A\u00f1os)","description":"La Diarrea en Ni\u00f1os puede ser MUY angustiosa\u26d4. Te explicamos las Causas, Fases, Dietas y Remedios para Cortar la Diarrea \u261d AQU\u00cd","robots":{"index":"index","follow":"follow","max-snippet":"max-snippet:-1","max-image-preview":"max-image-preview:large","max-video-preview":"max-video-preview:-1"},"canonical":"https:\/\/www.generali.es\/blog\/tuasesorsalud\/como-cortar-diarrea-en-ninos\/","twitter_misc":{"Escrito por":"Equipo GENERALI","Tiempo de lectura":"6 minutos"},"schema":{"@context":"https:\/\/schema.org","@graph":[{"@type":"Article","@id":"https:\/\/www.generali.es\/blog\/tuasesorsalud\/como-cortar-diarrea-en-ninos\/#article","isPartOf":{"@id":"https:\/\/www.generali.es\/blog\/tuasesorsalud\/como-cortar-diarrea-en-ninos\/"},"author":{"name":"Equipo GENERALI","@id":"https:\/\/www.generali.es\/blog\/tuasesorsalud\/#\/schema\/person\/b3e3621e80b273ef3366c6dc945ab47e"},"headline":"C\u00f3mo cortar la diarrea en beb\u00e9s y ni\u00f1os","datePublished":"2020-10-20T08:21:00+00:00","dateModified":"2024-05-28T16:10:13+00:00","mainEntityOfPage":{"@id":"https:\/\/www.generali.es\/blog\/tuasesorsalud\/como-cortar-diarrea-en-ninos\/"},"wordCount":1204,"publisher":{"@id":"https:\/\/www.generali.es\/blog\/tuasesorsalud\/#organization"},"articleSection":["Salud"],"inLanguage":"es"},{"@type":"WebPage","@id":"https:\/\/www.generali.es\/blog\/tuasesorsalud\/como-cortar-diarrea-en-ninos\/","url":"https:\/\/www.generali.es\/blog\/tuasesorsalud\/como-cortar-diarrea-en-ninos\/","name":"\u25b7 C\u00f3mo Cortar la Diarrea en Ni\u00f1os (De Beb\u00e9s, 2 o M\u00e1s A\u00f1os)","isPartOf":{"@id":"https:\/\/www.generali.es\/blog\/tuasesorsalud\/#website"},"datePublished":"2020-10-20T08:21:00+00:00","dateModified":"2024-05-28T16:10:13+00:00","description":"La Diarrea en Ni\u00f1os puede ser MUY angustiosa\u26d4. Te explicamos las Causas, Fases, Dietas y Remedios para Cortar la Diarrea \u261d AQU\u00cd","breadcrumb":{"@id":"https:\/\/www.generali.es\/blog\/tuasesorsalud\/como-cortar-diarrea-en-ninos\/#breadcrumb"},"inLanguage":"es","potentialAction":[{"@type":"ReadAction","target":["https:\/\/www.generali.es\/blog\/tuasesorsalud\/como-cortar-diarrea-en-ninos\/"]}]},{"@type":"BreadcrumbList","@id":"https:\/\/www.generali.es\/blog\/tuasesorsalud\/como-cortar-diarrea-en-ninos\/#breadcrumb","itemListElement":[{"@type":"ListItem","position":1,"name":"Home","item":"https:\/\/www.generali.es\/blog\/tuasesorsalud\/"},{"@type":"ListItem","position":2,"name":"Salud","item":"https:\/\/www.generali.es\/blog\/tuasesorsalud\/salud\/"},{"@type":"ListItem","position":3,"name":"C\u00f3mo cortar la diarrea en beb\u00e9s y ni\u00f1os"}]},{"@type":"WebSite","@id":"https:\/\/www.generali.es\/blog\/tuasesorsalud\/#website","url":"https:\/\/www.generali.es\/blog\/tuasesorsalud\/","name":"Tu Asesor de Salud","description":"Blog de Salud de GENERALI","publisher":{"@id":"https:\/\/www.generali.es\/blog\/tuasesorsalud\/#organization"},"potentialAction":[{"@type":"SearchAction","target":{"@type":"EntryPoint","urlTemplate":"https:\/\/www.generali.es\/blog\/tuasesorsalud\/?s={search_term_string}"},"query-input":"required name=search_term_string"}],"inLanguage":"es"},{"@type":"Organization","@id":"https:\/\/www.generali.es\/blog\/tuasesorsalud\/#organization","name":"Tu Asesor de Salud","url":"https:\/\/www.generali.es\/blog\/tuasesorsalud\/","logo":{"@type":"ImageObject","inLanguage":"es","@id":"https:\/\/www.generali.es\/blog\/tuasesorsalud\/#\/schema\/logo\/image\/","url":"https:\/\/www.generali.es\/blog\/tuasesorsalud\/wp-content\/uploads\/2021\/04\/generali.png","contentUrl":"https:\/\/www.generali.es\/blog\/tuasesorsalud\/wp-content\/uploads\/2021\/04\/generali.png","width":100,"height":81,"caption":"Tu Asesor de Salud"},"image":{"@id":"https:\/\/www.generali.es\/blog\/tuasesorsalud\/#\/schema\/logo\/image\/"}},{"@type":"Person","@id":"https:\/\/www.generali.es\/blog\/tuasesorsalud\/#\/schema\/person\/b3e3621e80b273ef3366c6dc945ab47e","name":"Equipo GENERALI","image":{"@type":"ImageObject","inLanguage":"es","@id":"https:\/\/www.generali.es\/blog\/tuasesorsalud\/#\/schema\/person\/image\/","url":"https:\/\/www.generali.es\/blog\/tuasesorsalud\/wp-content\/uploads\/2020\/11\/equipo_generali-150x150.jpg","contentUrl":"https:\/\/www.generali.es\/blog\/tuasesorsalud\/wp-content\/uploads\/2020\/11\/equipo_generali-150x150.jpg","caption":"Equipo GENERALI"},"description":"El equipo de Tu Asesor Salud est\u00e1 compuesto por periodistas y especialistas en la salud, la nutrici\u00f3n, el deporte, la familia as\u00ed como profesionales t\u00e9cnicos de los seguros de salud. Te ayudamos a que tengas una vida m\u00e1s saludable y te ofrecemos contenido \u00fatil para tu d\u00eda a d\u00eda.","sameAs":["https:\/\/www.generali.es\/blog\/tuasesorsalud\/"],"url":"https:\/\/www.generali.es\/blog\/tuasesorsalud\/author\/generali_asesor\/"}]}},"_links":{"self":[{"href":"https:\/\/www.generali.es\/blog\/tuasesorsalud\/wp-json\/wp\/v2\/posts\/1984"}],"collection":[{"href":"https:\/\/www.generali.es\/blog\/tuasesorsalud\/wp-json\/wp\/v2\/posts"}],"about":[{"href":"https:\/\/www.generali.es\/blog\/tuasesorsalud\/wp-json\/wp\/v2\/types\/post"}],"author":[{"embeddable":true,"href":"https:\/\/www.generali.es\/blog\/tuasesorsalud\/wp-json\/wp\/v2\/users\/1"}],"replies":[{"embeddable":true,"href":"https:\/\/www.generali.es\/blog\/tuasesorsalud\/wp-json\/wp\/v2\/comments?post=1984"}],"version-history":[{"count":2,"href":"https:\/\/www.generali.es\/blog\/tuasesorsalud\/wp-json\/wp\/v2\/posts\/1984\/revisions"}],"predecessor-version":[{"id":6645,"href":"https:\/\/www.generali.es\/blog\/tuasesorsalud\/wp-json\/wp\/v2\/posts\/1984\/revisions\/6645"}],"wp:featuredmedia":[{"embeddable":true,"href":"https:\/\/www.generali.es\/blog\/tuasesorsalud\/wp-json\/wp\/v2\/media\/2016"}],"wp:attachment":[{"href":"https:\/\/www.generali.es\/blog\/tuasesorsalud\/wp-json\/wp\/v2\/media?parent=1984"}],"wp:term":[{"taxonomy":"category","embeddable":true,"href":"https:\/\/www.generali.es\/blog\/tuasesorsalud\/wp-json\/wp\/v2\/categories?post=1984"},{"taxonomy":"post_tag","embeddable":true,"href":"https:\/\/www.generali.es\/blog\/tuasesorsalud\/wp-json\/wp\/v2\/tags?post=1984"}],"curies":[{"name":"wp","href":"https:\/\/api.w.org\/{rel}","templated":true}]}}