{"id":1339,"date":"2021-11-25T18:47:00","date_gmt":"2021-11-25T17:47:00","guid":{"rendered":"https:\/\/www.generali.es\/blog\/tuasesorsalud\/?p=1339"},"modified":"2025-03-04T13:07:22","modified_gmt":"2025-03-04T12:07:22","slug":"enfermedades-comunes-bebes-primer-ano","status":"publish","type":"post","link":"https:\/\/www.generali.es\/blog\/tuasesorsalud\/enfermedades-comunes-bebes-primer-ano\/","title":{"rendered":"Gu\u00eda de enfermedades comunes en beb\u00e9s y ni\u00f1os"},"content":{"rendered":"\n<p>Insomnio, estr\u00e9s y preocupaci\u00f3n.<\/p>\n\n\n\n<p>Tres s\u00edntomas que han padecido alguna vez todos aquellos padres, sobre todo primerizos, que han visto c\u00f3mo sus pl\u00e1cidos sue\u00f1os se tornaban en noches eternas.<\/p>\n\n\n\n<p>En esta entrada nos dedicaremos a repasar algunas de las <strong>enfermedades m\u00e1s comunes en aquellos beb\u00e9s reci\u00e9n nacidos y de menos de un a\u00f1o de vida<\/strong>, y aportaremos adem\u00e1s una serie de \u00fatiles consejos para que todos aquellos progenitores que lo deseen puedan afrontar esta etapa con algo de m\u00e1s confianza.<\/p>\n\n\n\n<div id=\"ez-toc-container\" class=\"ez-toc-v2_0_22 counter-hierarchy counter-decimal\">\n<div class=\"ez-toc-title-container\">\n<p class=\"ez-toc-title\">&Iacute;ndice<\/p>\n<span class=\"ez-toc-title-toggle\"><a class=\"ez-toc-pull-right ez-toc-btn ez-toc-btn-xs ez-toc-btn-default ez-toc-toggle\" style=\"display: none;\"><i class=\"ez-toc-glyphicon ez-toc-icon-toggle\"><\/i><\/a><\/span><\/div>\n<nav><ul class=\"ez-toc-list ez-toc-list-level-1\"><li class=\"ez-toc-page-1 ez-toc-heading-level-2\"><a class=\"ez-toc-link ez-toc-heading-1\" href=\"https:\/\/www.generali.es\/blog\/tuasesorsalud\/enfermedades-comunes-bebes-primer-ano\/#%C2%BFCuales_son_las_enfermedades_mas_comunes_en_los_bebes\" title=\"\u00bfCu\u00e1les son las enfermedades m\u00e1s comunes en los beb\u00e9s?\">\u00bfCu\u00e1les son las enfermedades m\u00e1s comunes en los beb\u00e9s?<\/a><ul class=\"ez-toc-list-level-3\"><li class=\"ez-toc-heading-level-3\"><a class=\"ez-toc-link ez-toc-heading-2\" href=\"https:\/\/www.generali.es\/blog\/tuasesorsalud\/enfermedades-comunes-bebes-primer-ano\/#Infecciones_respiratorias\" title=\"Infecciones respiratorias\">Infecciones respiratorias<\/a><\/li><li class=\"ez-toc-page-1 ez-toc-heading-level-3\"><a class=\"ez-toc-link ez-toc-heading-3\" href=\"https:\/\/www.generali.es\/blog\/tuasesorsalud\/enfermedades-comunes-bebes-primer-ano\/#Gastroenteritis\" title=\"Gastroenteritis\">Gastroenteritis<\/a><\/li><li class=\"ez-toc-page-1 ez-toc-heading-level-3\"><a class=\"ez-toc-link ez-toc-heading-4\" href=\"https:\/\/www.generali.es\/blog\/tuasesorsalud\/enfermedades-comunes-bebes-primer-ano\/#Otitis\" title=\"Otitis\">Otitis<\/a><\/li><li class=\"ez-toc-page-1 ez-toc-heading-level-3\"><a class=\"ez-toc-link ez-toc-heading-5\" href=\"https:\/\/www.generali.es\/blog\/tuasesorsalud\/enfermedades-comunes-bebes-primer-ano\/#Infecciones_cutaneas\" title=\"Infecciones cut\u00e1neas\">Infecciones cut\u00e1neas<\/a><\/li><\/ul><\/li><li class=\"ez-toc-page-1 ez-toc-heading-level-2\"><a class=\"ez-toc-link ez-toc-heading-6\" href=\"https:\/\/www.generali.es\/blog\/tuasesorsalud\/enfermedades-comunes-bebes-primer-ano\/#Enfermedades_habituales_en_recien_nacidos\" title=\"Enfermedades habituales en reci\u00e9n nacidos\">Enfermedades habituales en reci\u00e9n nacidos<\/a><\/li><li class=\"ez-toc-page-1 ez-toc-heading-level-2\"><a class=\"ez-toc-link ez-toc-heading-7\" href=\"https:\/\/www.generali.es\/blog\/tuasesorsalud\/enfermedades-comunes-bebes-primer-ano\/#Enfermedades_habituales_en_bebes_de_6_meses\" title=\"Enfermedades habituales en beb\u00e9s de 6 meses\">Enfermedades habituales en beb\u00e9s de 6 meses<\/a><\/li><li class=\"ez-toc-page-1 ez-toc-heading-level-2\"><a class=\"ez-toc-link ez-toc-heading-8\" href=\"https:\/\/www.generali.es\/blog\/tuasesorsalud\/enfermedades-comunes-bebes-primer-ano\/#Consejos_para_esta_etapa\" title=\"Consejos para esta etapa\">Consejos para esta etapa<\/a><\/li><\/ul><\/nav><\/div>\n<h2 class=\"wp-block-heading\"><span class=\"ez-toc-section\" id=\"%C2%BFCuales_son_las_enfermedades_mas_comunes_en_los_bebes\"><\/span>\u00bfCu\u00e1les son las enfermedades m\u00e1s comunes en los beb\u00e9s?<span class=\"ez-toc-section-end\"><\/span><\/h2>\n\n\n\n<h3 class=\"wp-block-heading\"><span class=\"ez-toc-section\" id=\"Infecciones_respiratorias\"><\/span>Infecciones respiratorias<span class=\"ez-toc-section-end\"><\/span><\/h3>\n\n\n\n<p>Las enfermedades respiratorias que afectan a las v\u00edas altas son las m\u00e1s comunes, y se trata de un leve <strong>catarro o resfriado com\u00fan<\/strong> que incomoda a los m\u00e1s peque\u00f1os y que se manifiesta sobre todo en forma de tos y congesti\u00f3n nasal.<\/p>\n\n\n\n<p>Por otra parte, se puede dar el caso de que afecte a las v\u00edas respiratorias bajas, lo que se denomina <strong>neumon\u00eda o bronquiolitis<\/strong>. El ni\u00f1o que sufra bronquiolitis, probablemente, tendr\u00e1 la nariz con mucha mucosidad y fiebre baja durante dos o tres d\u00edas que preceder\u00e1n a s\u00edntomas como toses y respiraci\u00f3n agitada.<\/p>\n\n\n\n<p>Seg\u00fan la gravedad de esta, <strong>puede requerir ingreso hospitalario<\/strong> y seguimiento de un tratamiento espec\u00edfico adecuado a sus necesidades.<\/p>\n\n\n\n<h3 class=\"wp-block-heading\"><span class=\"ez-toc-section\" id=\"Gastroenteritis\"><\/span>Gastroenteritis<span class=\"ez-toc-section-end\"><\/span><\/h3>\n\n\n\n<p>Generalmente <strong>de origen v\u00edrico<\/strong> (fundamentalmente <strong>Rotavirus<\/strong>) o bacteriano, son unas de las infecciones m\u00e1s frecuentes en los beb\u00e9s.<\/p>\n\n\n\n<p>Entre sus s\u00edntomas se encuentran la diarrea, los v\u00f3mitos, el dolor abdominal y calambres. Seg\u00fan la frecuencia, pueden llegar a <strong>producir deshidrataci\u00f3n<\/strong> y sus causas pueden ser la transmisi\u00f3n entre personas por contacto individual o por la alteraci\u00f3n de la flora bacteriana natural del tracto digestivo.<\/p>\n\n\n\n<p>Para combatir la <a href=\"https:\/\/www.generali.es\/blog\/tuasesorsalud\/gastroenteritis-ninos\/\">gastroenteritis<\/a>, la mejor f\u00f3rmula es <strong>mantener al beb\u00e9 siempre hidratado<\/strong> mediante la ingesta de l\u00edquidos.<\/p>\n\n\n\n<h3 class=\"wp-block-heading\"><span class=\"ez-toc-section\" id=\"Otitis\"><\/span>Otitis<span class=\"ez-toc-section-end\"><\/span><\/h3>\n\n\n\n<p>La <a href=\"https:\/\/www.generali.es\/blog\/tuasesorsalud\/otitis-ninos-bebes\/\">otitis<\/a> se produce por la <strong>inflamaci\u00f3n del o\u00eddo medio<\/strong> al acumular pus y fluidos y suele estar precedida por un resfriado, una gripe o cualquier otra afecci\u00f3n de las v\u00edas respiratorias.<\/p>\n\n\n\n<p>Esta enfermedad es <strong>m\u00e1s com\u00fan en ni\u00f1os peque\u00f1os<\/strong> porque su anatom\u00eda favorece el paso de los g\u00e9rmenes de la nariz al o\u00eddo al tratarse de un recorrido m\u00e1s corto.<\/p>\n\n\n\n<p><strong>Una buena pista<\/strong> reside en observar que los m\u00e1s peque\u00f1os suelen manifestar esta infecci\u00f3n acudiendo a la principal fuente de dolor, es decir, toc\u00e1ndose los o\u00eddos.<\/p>\n\n\n\n<h3 class=\"wp-block-heading\"><span class=\"ez-toc-section\" id=\"Infecciones_cutaneas\"><\/span>Infecciones cut\u00e1neas<span class=\"ez-toc-section-end\"><\/span><\/h3>\n\n\n\n<p>La piel, en toda su extensi\u00f3n, es nuestra protectora corporal, y como tal, est\u00e1 expuesta a un gran n\u00famero de infecciones, entre las que destacan la <strong>urticaria<\/strong>, que se manifiesta a trav\u00e9s de la aparici\u00f3n de habones que suelen ser visibles en zonas expuestas como manos o pies.<\/p>\n\n\n\n<p>La <a href=\"https:\/\/www.generali.es\/blog\/tuasesorsalud\/tratar-dermatitis-atopica-bebes\/\"><strong>dermatitis at\u00f3pica<\/strong><\/a>, que se caracteriza por la aparici\u00f3n de lesiones como <strong>eccemas<\/strong> en zonas como el cuello o la flexura del codo y de las rodillas; la <strong>dermatitis&nbsp; del pa\u00f1al<\/strong>, por el roce junto a l orina, heces o saliva cuando <a href=\"https:\/\/www.generali.es\/blog\/tuasesorsalud\/como-calmar-a-tu-bebe-cuando-le-salen-los-dientes\/\">les salen los dientes.<\/a><\/p>\n\n\n\n<p>Algunas m\u00e1s inusuales corresponder\u00edan al <strong>molusco contagioso<\/strong>, fruto de una infecci\u00f3n por un virus de la misma <strong>familia que el de la viruela<\/strong>, o el <strong>imp\u00e9tigo<\/strong>, una <a href=\"https:\/\/www.generali.es\/blog\/tuasesorsalud\/infecciones-bacterianas-piel-ninos-y-bebes\/\">infecci\u00f3n bacteriana de la piel<\/a> muy contagiosa cuya causa suele ser una picadura de insecto o una peque\u00f1a herida.<\/p>\n\n\n\n<p>Consulta tambi\u00e9n nuestra <u><a href=\"https:\/\/www.generali.es\/blog\/tuasesorsalud\/todo-lo-que-los-padres-necesitan-saber-sobre-la-varicela\/\">gu\u00eda sobre la Varicela<\/a><\/u>.<\/p>\n\n\n\n<h2 class=\"wp-block-heading\"><span class=\"ez-toc-section\" id=\"Enfermedades_habituales_en_recien_nacidos\"><\/span>Enfermedades habituales en reci\u00e9n nacidos<span class=\"ez-toc-section-end\"><\/span><\/h2>\n\n\n\n<p>El primer contacto de un beb\u00e9 con el mundo est\u00e1 marcado por la <strong>vulnerabilidad y la adaptabilidad a un entorno nuevo<\/strong>, lejos ya del vientre materno. Por ello, se pueden producir todo tipo de enfermedades, desde afecciones de la piel hasta cualquier tipo de infecci\u00f3n bacteriana.<\/p>\n\n\n\n<p><strong>Entre el 60 y el 70% de los reci\u00e9n nacidos presentan <a href=\"https:\/\/www.generali.es\/blog\/tuasesorsalud\/ictericia-bebes\/\">ictericia<\/a><\/strong>, coloraci\u00f3n amarillenta de la piel, producida por los altos niveles de bilirrubina en la sangre. Es, por tanto, una de las enfermedades infantiles m\u00e1s comunes en beb\u00e9s reci\u00e9n nacidos.<\/p>\n\n\n\n<p>La buena noticia es que <strong>su duraci\u00f3n por norma general no suele ser superior a una semana<\/strong>.<\/p>\n\n\n\n<p>Los <a href=\"https:\/\/www.generali.es\/blog\/tuasesorsalud\/colico-del-lactante\/\"><strong>c\u00f3licos<\/strong><\/a> se presentan <strong>antes de las seis semanas<\/strong> y suelen mejorar a los cuatro meses. Algunas veces se relacionan con la alimentaci\u00f3n materna y otras con reflujo gastroesof\u00e1gico o alergia a la prote\u00edna de la leche.<\/p>\n\n\n\n<p>La <a href=\"https:\/\/www.generali.es\/blog\/tuasesorsalud\/como-cortar-diarrea-en-ninos\/\"><strong>diarrea<\/strong><\/a>, causada por infecciones intestinales y caracterizada por deposiciones frecuentes, muy l\u00edquidas y en ocasiones de mal olor, el <strong>estre\u00f1imiento<\/strong>, que suele afectar al <strong>30% de los reci\u00e9n nacidos<\/strong>, as\u00ed como los v\u00f3mitos&nbsp; son algunas de las dolencias m\u00e1s comunes en beb\u00e9s reci\u00e9n nacidos.<\/p>\n\n\n\n<p>Sin duda, <strong>una de las enfermedades m\u00e1s temidas<\/strong> es la conocida como <strong>s\u00edndrome de la <a href=\"https:\/\/www.generali.es\/blog\/tuasesorsalud\/muerte-subita-lactante-bebes\/\">muerte s\u00fabita del lactante<\/a><\/strong> y es la muerte repentina e inesperada de un ni\u00f1o menor de un a\u00f1o.<\/p>\n\n\n\n<p>Sus <strong>causas son desconocidas<\/strong>, pero diversos expertos apuntan a que pueda estar relacionada con la capacidad del beb\u00e9 para despertar y con la incapacidad del cuerpo del beb\u00e9 para detectar acumulaci\u00f3n de di\u00f3xido de carbono en la sangre.<\/p>\n\n\n\n<p>En estas etapas conviene prestar <strong>especial atenci\u00f3n a enfermedades como la <a href=\"https:\/\/www.generali.es\/blog\/tuasesorsalud\/estenosis-pilorica-bebes\/\">estenosis pil\u00f3rica<\/a><\/strong>, que es una causa muy frecuente de v\u00f3mitos en los lactantes, sobre todo en varones, y la infecci\u00f3n urinaria, durante los 20-25 d\u00edas de vida.<\/p>\n\n\n\n<h2 class=\"wp-block-heading\"><span class=\"ez-toc-section\" id=\"Enfermedades_habituales_en_bebes_de_6_meses\"><\/span>Enfermedades habituales en beb\u00e9s de 6 meses<span class=\"ez-toc-section-end\"><\/span><\/h2>\n\n\n\n<p>Los m\u00e1s peque\u00f1os ya han emprendido con paso firme el camino de la vida y van directos a su primer aniversario.<\/p>\n\n\n\n<p>Adem\u00e1s del citado s\u00edndrome de la muerte s\u00fabita del lactante, las mayores enfermedades que afrontan los beb\u00e9s de 6 meses est\u00e1n <strong>relacionadas con catarros y diarreas<\/strong>.<\/p>\n\n\n\n<h2 class=\"wp-block-heading\"><span class=\"ez-toc-section\" id=\"Consejos_para_esta_etapa\"><\/span>Consejos para esta etapa<span class=\"ez-toc-section-end\"><\/span><\/h2>\n\n\n\n<p>\u00bfQu\u00e9 ocurre si nuestro beb\u00e9 presenta s\u00edntomas de que algo no va bien? \u00bfC\u00f3mo hay que actuar?<\/p>\n\n\n\n<p>Ante todo, hay que procurar <strong>mantener la calma y examinar la situaci\u00f3n<\/strong>, si esta lo permitiera. Es importante reconocer todos los s\u00edntomas que presenta el beb\u00e9 para poder hacer una r\u00e1pida evaluaci\u00f3n que servir\u00e1 para facilitar el trabajo a los profesionales.<\/p>\n\n\n\n<p>Precisamente, este ser\u00eda el segundo consejo, y es que, adem\u00e1s de estar atentos y familiarizados con las <u><a href=\"https:\/\/www.generali.es\/blog\/tuasesorsalud\/como-prevenir-enfermedades-guia-util-y-practica-para-familias\/\">medidas de prevenci\u00f3n y actuaci\u00f3n de enfermedades<\/a><\/u> y problemas comunes,<strong>&nbsp;<\/strong>los padres deber\u00e1n <strong>evitar tomar medidas sin consultar antes con un pediatra<\/strong>, que ser\u00e1 el profesional encargado de asegurar la atenci\u00f3n y tratamiento de los m\u00e1s peque\u00f1os.<\/p>\n\n\n\n<p>En caso de que los s\u00edntomas se agraven, hay que acudir a urgencias.<\/p>\n\n\n\n<p>Y toda situaci\u00f3n relacionado con la salud de los hijos es m\u00e1s f\u00e1cil de afrontar si se cuenta con un seguro como el de Protecci\u00f3n Familiar, <u><a href=\"https:\/\/www.generali.es\/seguros-particulares\/salud-opcion-family\">Salud Opci\u00f3n Family de GENERALI<\/a><\/u>, con el que se puede recibir asistencia m\u00e9dica y hospitalaria, y permite, adem\u00e1s, realizar las pruebas diagn\u00f3sticas o tratamientos de manera ilimitada.<\/p>\n\n\n\n<p>Este seguro ofrece tambi\u00e9n una serie de <strong>garant\u00edas opcionales<\/strong> como servicio de A.T.S., indemnizaci\u00f3n diaria por hospitalizaci\u00f3n a causa de enfermedad o accidente, servicio permanente de urgencias a domicilio y, tambi\u00e9n, pediatr\u00eda.<\/p>\n\n\n\n<p>De esta manera, los beb\u00e9s pueden sentirse a salvo y los padres, m\u00e1s tranquilos, al saber que GENERALI vela tambi\u00e9n por la seguridad de sus peque\u00f1os.<\/p>\n","protected":false},"excerpt":{"rendered":"<p>Insomnio, estr\u00e9s y preocupaci\u00f3n. Tres s\u00edntomas que han padecido alguna vez todos aquellos padres, sobre todo primerizos, que han visto c\u00f3mo sus pl\u00e1cidos sue\u00f1os se tornaban en noches eternas. En esta entrada nos dedicaremos a repasar algunas de las enfermedades m\u00e1s comunes en aquellos beb\u00e9s reci\u00e9n nacidos y de menos de un a\u00f1o de vida, [&hellip;]<\/p>\n","protected":false},"author":1,"featured_media":1340,"comment_status":"open","ping_status":"open","sticky":false,"template":"","format":"standard","meta":{"footnotes":""},"categories":[3],"tags":[],"yoast_head":"<!-- This site is optimized with the Yoast SEO plugin v21.6 - https:\/\/yoast.com\/wordpress\/plugins\/seo\/ -->\n<title>\u25b7 Gu\u00eda de Enfermedades M\u00e1s Comunes en Beb\u00e9s [Primer A\u00f1o]<\/title>\n<meta name=\"description\" content=\"Todos Pasan por Ellas, es Inevitable\u26a0\ufe0f Conoce las enfermedades M\u00c1S comunes de los Beb\u00e9s y sus S\u00edntomas para estar PREVENIDOS \u261d AQU\u00cd\" \/>\n<meta name=\"robots\" content=\"index, follow, max-snippet:-1, max-image-preview:large, max-video-preview:-1\" \/>\n<link rel=\"canonical\" href=\"https:\/\/www.generali.es\/blog\/tuasesorsalud\/enfermedades-comunes-bebes-primer-ano\/\" \/>\n<meta name=\"twitter:label1\" content=\"Escrito por\" \/>\n\t<meta name=\"twitter:data1\" content=\"Equipo GENERALI\" \/>\n\t<meta name=\"twitter:label2\" content=\"Tiempo de lectura\" \/>\n\t<meta name=\"twitter:data2\" content=\"6 minutos\" \/>\n<script type=\"application\/ld+json\" class=\"yoast-schema-graph\">{\"@context\":\"https:\/\/schema.org\",\"@graph\":[{\"@type\":\"Article\",\"@id\":\"https:\/\/www.generali.es\/blog\/tuasesorsalud\/enfermedades-comunes-bebes-primer-ano\/#article\",\"isPartOf\":{\"@id\":\"https:\/\/www.generali.es\/blog\/tuasesorsalud\/enfermedades-comunes-bebes-primer-ano\/\"},\"author\":{\"name\":\"Equipo GENERALI\",\"@id\":\"https:\/\/www.generali.es\/blog\/tuasesorsalud\/#\/schema\/person\/b3e3621e80b273ef3366c6dc945ab47e\"},\"headline\":\"Gu\u00eda de enfermedades comunes en beb\u00e9s y ni\u00f1os\",\"datePublished\":\"2021-11-25T17:47:00+00:00\",\"dateModified\":\"2025-03-04T12:07:22+00:00\",\"mainEntityOfPage\":{\"@id\":\"https:\/\/www.generali.es\/blog\/tuasesorsalud\/enfermedades-comunes-bebes-primer-ano\/\"},\"wordCount\":1275,\"commentCount\":0,\"publisher\":{\"@id\":\"https:\/\/www.generali.es\/blog\/tuasesorsalud\/#organization\"},\"articleSection\":[\"Salud\"],\"inLanguage\":\"es\",\"potentialAction\":[{\"@type\":\"CommentAction\",\"name\":\"Comment\",\"target\":[\"https:\/\/www.generali.es\/blog\/tuasesorsalud\/enfermedades-comunes-bebes-primer-ano\/#respond\"]}]},{\"@type\":\"WebPage\",\"@id\":\"https:\/\/www.generali.es\/blog\/tuasesorsalud\/enfermedades-comunes-bebes-primer-ano\/\",\"url\":\"https:\/\/www.generali.es\/blog\/tuasesorsalud\/enfermedades-comunes-bebes-primer-ano\/\",\"name\":\"\u25b7 Gu\u00eda de Enfermedades M\u00e1s Comunes en Beb\u00e9s [Primer A\u00f1o]\",\"isPartOf\":{\"@id\":\"https:\/\/www.generali.es\/blog\/tuasesorsalud\/#website\"},\"datePublished\":\"2021-11-25T17:47:00+00:00\",\"dateModified\":\"2025-03-04T12:07:22+00:00\",\"description\":\"Todos Pasan por Ellas, es Inevitable\u26a0\ufe0f Conoce las enfermedades M\u00c1S comunes de los Beb\u00e9s y sus S\u00edntomas para estar PREVENIDOS \u261d AQU\u00cd\",\"breadcrumb\":{\"@id\":\"https:\/\/www.generali.es\/blog\/tuasesorsalud\/enfermedades-comunes-bebes-primer-ano\/#breadcrumb\"},\"inLanguage\":\"es\",\"potentialAction\":[{\"@type\":\"ReadAction\",\"target\":[\"https:\/\/www.generali.es\/blog\/tuasesorsalud\/enfermedades-comunes-bebes-primer-ano\/\"]}]},{\"@type\":\"BreadcrumbList\",\"@id\":\"https:\/\/www.generali.es\/blog\/tuasesorsalud\/enfermedades-comunes-bebes-primer-ano\/#breadcrumb\",\"itemListElement\":[{\"@type\":\"ListItem\",\"position\":1,\"name\":\"Home\",\"item\":\"https:\/\/www.generali.es\/blog\/tuasesorsalud\/\"},{\"@type\":\"ListItem\",\"position\":2,\"name\":\"Salud\",\"item\":\"https:\/\/www.generali.es\/blog\/tuasesorsalud\/salud\/\"},{\"@type\":\"ListItem\",\"position\":3,\"name\":\"Gu\u00eda de enfermedades comunes en beb\u00e9s y ni\u00f1os\"}]},{\"@type\":\"WebSite\",\"@id\":\"https:\/\/www.generali.es\/blog\/tuasesorsalud\/#website\",\"url\":\"https:\/\/www.generali.es\/blog\/tuasesorsalud\/\",\"name\":\"Tu Asesor de Salud\",\"description\":\"Blog de Salud de GENERALI\",\"publisher\":{\"@id\":\"https:\/\/www.generali.es\/blog\/tuasesorsalud\/#organization\"},\"potentialAction\":[{\"@type\":\"SearchAction\",\"target\":{\"@type\":\"EntryPoint\",\"urlTemplate\":\"https:\/\/www.generali.es\/blog\/tuasesorsalud\/?s={search_term_string}\"},\"query-input\":\"required name=search_term_string\"}],\"inLanguage\":\"es\"},{\"@type\":\"Organization\",\"@id\":\"https:\/\/www.generali.es\/blog\/tuasesorsalud\/#organization\",\"name\":\"Tu Asesor de Salud\",\"url\":\"https:\/\/www.generali.es\/blog\/tuasesorsalud\/\",\"logo\":{\"@type\":\"ImageObject\",\"inLanguage\":\"es\",\"@id\":\"https:\/\/www.generali.es\/blog\/tuasesorsalud\/#\/schema\/logo\/image\/\",\"url\":\"https:\/\/www.generali.es\/blog\/tuasesorsalud\/wp-content\/uploads\/2021\/04\/generali.png\",\"contentUrl\":\"https:\/\/www.generali.es\/blog\/tuasesorsalud\/wp-content\/uploads\/2021\/04\/generali.png\",\"width\":100,\"height\":81,\"caption\":\"Tu Asesor de Salud\"},\"image\":{\"@id\":\"https:\/\/www.generali.es\/blog\/tuasesorsalud\/#\/schema\/logo\/image\/\"}},{\"@type\":\"Person\",\"@id\":\"https:\/\/www.generali.es\/blog\/tuasesorsalud\/#\/schema\/person\/b3e3621e80b273ef3366c6dc945ab47e\",\"name\":\"Equipo GENERALI\",\"image\":{\"@type\":\"ImageObject\",\"inLanguage\":\"es\",\"@id\":\"https:\/\/www.generali.es\/blog\/tuasesorsalud\/#\/schema\/person\/image\/\",\"url\":\"https:\/\/www.generali.es\/blog\/tuasesorsalud\/wp-content\/uploads\/2020\/11\/equipo_generali-150x150.jpg\",\"contentUrl\":\"https:\/\/www.generali.es\/blog\/tuasesorsalud\/wp-content\/uploads\/2020\/11\/equipo_generali-150x150.jpg\",\"caption\":\"Equipo GENERALI\"},\"description\":\"El equipo de Tu Asesor Salud est\u00e1 compuesto por periodistas y especialistas en la salud, la nutrici\u00f3n, el deporte, la familia as\u00ed como profesionales t\u00e9cnicos de los seguros de salud. Te ayudamos a que tengas una vida m\u00e1s saludable y te ofrecemos contenido \u00fatil para tu d\u00eda a d\u00eda.\",\"sameAs\":[\"https:\/\/www.generali.es\/blog\/tuasesorsalud\/\"],\"url\":\"https:\/\/www.generali.es\/blog\/tuasesorsalud\/author\/generali_asesor\/\"}]}<\/script>\n<!-- \/ Yoast SEO plugin. -->","yoast_head_json":{"title":"\u25b7 Gu\u00eda de Enfermedades M\u00e1s Comunes en Beb\u00e9s [Primer A\u00f1o]","description":"Todos Pasan por Ellas, es Inevitable\u26a0\ufe0f Conoce las enfermedades M\u00c1S comunes de los Beb\u00e9s y sus S\u00edntomas para estar PREVENIDOS \u261d AQU\u00cd","robots":{"index":"index","follow":"follow","max-snippet":"max-snippet:-1","max-image-preview":"max-image-preview:large","max-video-preview":"max-video-preview:-1"},"canonical":"https:\/\/www.generali.es\/blog\/tuasesorsalud\/enfermedades-comunes-bebes-primer-ano\/","twitter_misc":{"Escrito por":"Equipo GENERALI","Tiempo de lectura":"6 minutos"},"schema":{"@context":"https:\/\/schema.org","@graph":[{"@type":"Article","@id":"https:\/\/www.generali.es\/blog\/tuasesorsalud\/enfermedades-comunes-bebes-primer-ano\/#article","isPartOf":{"@id":"https:\/\/www.generali.es\/blog\/tuasesorsalud\/enfermedades-comunes-bebes-primer-ano\/"},"author":{"name":"Equipo GENERALI","@id":"https:\/\/www.generali.es\/blog\/tuasesorsalud\/#\/schema\/person\/b3e3621e80b273ef3366c6dc945ab47e"},"headline":"Gu\u00eda de enfermedades comunes en beb\u00e9s y ni\u00f1os","datePublished":"2021-11-25T17:47:00+00:00","dateModified":"2025-03-04T12:07:22+00:00","mainEntityOfPage":{"@id":"https:\/\/www.generali.es\/blog\/tuasesorsalud\/enfermedades-comunes-bebes-primer-ano\/"},"wordCount":1275,"commentCount":0,"publisher":{"@id":"https:\/\/www.generali.es\/blog\/tuasesorsalud\/#organization"},"articleSection":["Salud"],"inLanguage":"es","potentialAction":[{"@type":"CommentAction","name":"Comment","target":["https:\/\/www.generali.es\/blog\/tuasesorsalud\/enfermedades-comunes-bebes-primer-ano\/#respond"]}]},{"@type":"WebPage","@id":"https:\/\/www.generali.es\/blog\/tuasesorsalud\/enfermedades-comunes-bebes-primer-ano\/","url":"https:\/\/www.generali.es\/blog\/tuasesorsalud\/enfermedades-comunes-bebes-primer-ano\/","name":"\u25b7 Gu\u00eda de Enfermedades M\u00e1s Comunes en Beb\u00e9s [Primer A\u00f1o]","isPartOf":{"@id":"https:\/\/www.generali.es\/blog\/tuasesorsalud\/#website"},"datePublished":"2021-11-25T17:47:00+00:00","dateModified":"2025-03-04T12:07:22+00:00","description":"Todos Pasan por Ellas, es Inevitable\u26a0\ufe0f Conoce las enfermedades M\u00c1S comunes de los Beb\u00e9s y sus S\u00edntomas para estar PREVENIDOS \u261d AQU\u00cd","breadcrumb":{"@id":"https:\/\/www.generali.es\/blog\/tuasesorsalud\/enfermedades-comunes-bebes-primer-ano\/#breadcrumb"},"inLanguage":"es","potentialAction":[{"@type":"ReadAction","target":["https:\/\/www.generali.es\/blog\/tuasesorsalud\/enfermedades-comunes-bebes-primer-ano\/"]}]},{"@type":"BreadcrumbList","@id":"https:\/\/www.generali.es\/blog\/tuasesorsalud\/enfermedades-comunes-bebes-primer-ano\/#breadcrumb","itemListElement":[{"@type":"ListItem","position":1,"name":"Home","item":"https:\/\/www.generali.es\/blog\/tuasesorsalud\/"},{"@type":"ListItem","position":2,"name":"Salud","item":"https:\/\/www.generali.es\/blog\/tuasesorsalud\/salud\/"},{"@type":"ListItem","position":3,"name":"Gu\u00eda de enfermedades comunes en beb\u00e9s y ni\u00f1os"}]},{"@type":"WebSite","@id":"https:\/\/www.generali.es\/blog\/tuasesorsalud\/#website","url":"https:\/\/www.generali.es\/blog\/tuasesorsalud\/","name":"Tu Asesor de Salud","description":"Blog de Salud de GENERALI","publisher":{"@id":"https:\/\/www.generali.es\/blog\/tuasesorsalud\/#organization"},"potentialAction":[{"@type":"SearchAction","target":{"@type":"EntryPoint","urlTemplate":"https:\/\/www.generali.es\/blog\/tuasesorsalud\/?s={search_term_string}"},"query-input":"required name=search_term_string"}],"inLanguage":"es"},{"@type":"Organization","@id":"https:\/\/www.generali.es\/blog\/tuasesorsalud\/#organization","name":"Tu Asesor de Salud","url":"https:\/\/www.generali.es\/blog\/tuasesorsalud\/","logo":{"@type":"ImageObject","inLanguage":"es","@id":"https:\/\/www.generali.es\/blog\/tuasesorsalud\/#\/schema\/logo\/image\/","url":"https:\/\/www.generali.es\/blog\/tuasesorsalud\/wp-content\/uploads\/2021\/04\/generali.png","contentUrl":"https:\/\/www.generali.es\/blog\/tuasesorsalud\/wp-content\/uploads\/2021\/04\/generali.png","width":100,"height":81,"caption":"Tu Asesor de Salud"},"image":{"@id":"https:\/\/www.generali.es\/blog\/tuasesorsalud\/#\/schema\/logo\/image\/"}},{"@type":"Person","@id":"https:\/\/www.generali.es\/blog\/tuasesorsalud\/#\/schema\/person\/b3e3621e80b273ef3366c6dc945ab47e","name":"Equipo GENERALI","image":{"@type":"ImageObject","inLanguage":"es","@id":"https:\/\/www.generali.es\/blog\/tuasesorsalud\/#\/schema\/person\/image\/","url":"https:\/\/www.generali.es\/blog\/tuasesorsalud\/wp-content\/uploads\/2020\/11\/equipo_generali-150x150.jpg","contentUrl":"https:\/\/www.generali.es\/blog\/tuasesorsalud\/wp-content\/uploads\/2020\/11\/equipo_generali-150x150.jpg","caption":"Equipo GENERALI"},"description":"El equipo de Tu Asesor Salud est\u00e1 compuesto por periodistas y especialistas en la salud, la nutrici\u00f3n, el deporte, la familia as\u00ed como profesionales t\u00e9cnicos de los seguros de salud. Te ayudamos a que tengas una vida m\u00e1s saludable y te ofrecemos contenido \u00fatil para tu d\u00eda a d\u00eda.","sameAs":["https:\/\/www.generali.es\/blog\/tuasesorsalud\/"],"url":"https:\/\/www.generali.es\/blog\/tuasesorsalud\/author\/generali_asesor\/"}]}},"_links":{"self":[{"href":"https:\/\/www.generali.es\/blog\/tuasesorsalud\/wp-json\/wp\/v2\/posts\/1339"}],"collection":[{"href":"https:\/\/www.generali.es\/blog\/tuasesorsalud\/wp-json\/wp\/v2\/posts"}],"about":[{"href":"https:\/\/www.generali.es\/blog\/tuasesorsalud\/wp-json\/wp\/v2\/types\/post"}],"author":[{"embeddable":true,"href":"https:\/\/www.generali.es\/blog\/tuasesorsalud\/wp-json\/wp\/v2\/users\/1"}],"replies":[{"embeddable":true,"href":"https:\/\/www.generali.es\/blog\/tuasesorsalud\/wp-json\/wp\/v2\/comments?post=1339"}],"version-history":[{"count":14,"href":"https:\/\/www.generali.es\/blog\/tuasesorsalud\/wp-json\/wp\/v2\/posts\/1339\/revisions"}],"predecessor-version":[{"id":7003,"href":"https:\/\/www.generali.es\/blog\/tuasesorsalud\/wp-json\/wp\/v2\/posts\/1339\/revisions\/7003"}],"wp:featuredmedia":[{"embeddable":true,"href":"https:\/\/www.generali.es\/blog\/tuasesorsalud\/wp-json\/wp\/v2\/media\/1340"}],"wp:attachment":[{"href":"https:\/\/www.generali.es\/blog\/tuasesorsalud\/wp-json\/wp\/v2\/media?parent=1339"}],"wp:term":[{"taxonomy":"category","embeddable":true,"href":"https:\/\/www.generali.es\/blog\/tuasesorsalud\/wp-json\/wp\/v2\/categories?post=1339"},{"taxonomy":"post_tag","embeddable":true,"href":"https:\/\/www.generali.es\/blog\/tuasesorsalud\/wp-json\/wp\/v2\/tags?post=1339"}],"curies":[{"name":"wp","href":"https:\/\/api.w.org\/{rel}","templated":true}]}}