{"id":5752,"date":"2026-02-06T12:24:34","date_gmt":"2026-02-06T11:24:34","guid":{"rendered":"https:\/\/www.generali.es\/blog\/tuasesorhogar\/?p=5752"},"modified":"2026-02-06T12:24:35","modified_gmt":"2026-02-06T11:24:35","slug":"seguro-danos-por-viento","status":"publish","type":"post","link":"https:\/\/www.generali.es\/blog\/tuasesorhogar\/seguro-danos-por-viento\/","title":{"rendered":"As\u00ed responde el seguro en caso de da\u00f1os por viento"},"content":{"rendered":"\n<p>Marzo es el mes que tiene fama de airoso seg\u00fan el refr\u00e1n, pero los \u00faltimos meses del a\u00f1o no le van a la zaga. En estas pasadas semanas se han producido en Espa\u00f1a fort\u00edsimas r\u00e1fagas de viento que han generado importantes da\u00f1os materiales e incluso personales.<\/p>\n\n\n\n<p>En esta \u00e9poca de clima revuelto y agitado, hemos decidido hacer un post de informaci\u00f3n pr\u00e1ctica que interese a todo el mundo. <strong>\u00bfCubre el seguro los da\u00f1os por viento<\/strong>? \u00bfDe qu\u00e9 manera lo hace? Nos centraremos especialmente en el <strong>seguro de hogar<\/strong>, aunque luego hablaremos tambi\u00e9n de otros ramos.<\/p>\n\n\n\n<div style=\"height:20px\" aria-hidden=\"true\" class=\"wp-block-spacer\"><\/div>\n\n\n\n<div id=\"ez-toc-container\" class=\"ez-toc-v2_0_58 counter-hierarchy ez-toc-counter ez-toc-custom ez-toc-container-direction\">\n<p class=\"ez-toc-title\">&Iacute;ndice<\/p>\n<label for=\"ez-toc-cssicon-toggle-item-69f276bdc9c27\" class=\"ez-toc-cssicon-toggle-label\"><span class=\"\"><span class=\"eztoc-hide\" style=\"display:none;\">Toggle<\/span><span class=\"ez-toc-icon-toggle-span\"><svg style=\"fill: #ffffff;color:#ffffff\" xmlns=\"http:\/\/www.w3.org\/2000\/svg\" class=\"list-377408\" width=\"20px\" height=\"20px\" viewBox=\"0 0 24 24\" fill=\"none\"><path d=\"M6 6H4v2h2V6zm14 0H8v2h12V6zM4 11h2v2H4v-2zm16 0H8v2h12v-2zM4 16h2v2H4v-2zm16 0H8v2h12v-2z\" fill=\"currentColor\"><\/path><\/svg><svg style=\"fill: #ffffff;color:#ffffff\" class=\"arrow-unsorted-368013\" xmlns=\"http:\/\/www.w3.org\/2000\/svg\" width=\"10px\" height=\"10px\" viewBox=\"0 0 24 24\" version=\"1.2\" baseProfile=\"tiny\"><path d=\"M18.2 9.3l-6.2-6.3-6.2 6.3c-.2.2-.3.4-.3.7s.1.5.3.7c.2.2.4.3.7.3h11c.3 0 .5-.1.7-.3.2-.2.3-.5.3-.7s-.1-.5-.3-.7zM5.8 14.7l6.2 6.3 6.2-6.3c.2-.2.3-.5.3-.7s-.1-.5-.3-.7c-.2-.2-.4-.3-.7-.3h-11c-.3 0-.5.1-.7.3-.2.2-.3.5-.3.7s.1.5.3.7z\"\/><\/svg><\/span><\/span><\/label><input type=\"checkbox\"  id=\"ez-toc-cssicon-toggle-item-69f276bdc9c27\" checked aria-label=\"Toggle\" \/><nav><ul class='ez-toc-list ez-toc-list-level-1 ' ><li class='ez-toc-page-1 ez-toc-heading-level-2'><a class=\"ez-toc-link ez-toc-heading-1\" href=\"https:\/\/www.generali.es\/blog\/tuasesorhogar\/seguro-danos-por-viento\/#%C2%BFCubre_el_seguro_de_hogar_los_danos_por_viento\" title=\"\u00bfCubre el seguro de hogar los da\u00f1os por viento?\">\u00bfCubre el seguro de hogar los da\u00f1os por viento?<\/a><\/li><li class='ez-toc-page-1 ez-toc-heading-level-2'><a class=\"ez-toc-link ez-toc-heading-2\" href=\"https:\/\/www.generali.es\/blog\/tuasesorhogar\/seguro-danos-por-viento\/#%C2%BFDe_que_manera_lo_cubre\" title=\"\u00bfDe qu\u00e9 manera lo cubre?\">\u00bfDe qu\u00e9 manera lo cubre?<\/a><\/li><li class='ez-toc-page-1 ez-toc-heading-level-2'><a class=\"ez-toc-link ez-toc-heading-3\" href=\"https:\/\/www.generali.es\/blog\/tuasesorhogar\/seguro-danos-por-viento\/#%C2%BFQue_hacer_como_cliente\" title=\"\u00bfQu\u00e9 hacer como cliente?\">\u00bfQu\u00e9 hacer como cliente?<\/a><\/li><li class='ez-toc-page-1 ez-toc-heading-level-2'><a class=\"ez-toc-link ez-toc-heading-4\" href=\"https:\/\/www.generali.es\/blog\/tuasesorhogar\/seguro-danos-por-viento\/#Los_limites_de_las_aseguradoras\" title=\"Los l\u00edmites de las aseguradoras\">Los l\u00edmites de las aseguradoras<\/a><\/li><li class='ez-toc-page-1 ez-toc-heading-level-2'><a class=\"ez-toc-link ez-toc-heading-5\" href=\"https:\/\/www.generali.es\/blog\/tuasesorhogar\/seguro-danos-por-viento\/#%C2%BFY_si_el_viento_es_mas_fuerte\" title=\"\u00bfY si el viento es m\u00e1s fuerte?\">\u00bfY si el viento es m\u00e1s fuerte?<\/a><\/li><li class='ez-toc-page-1 ez-toc-heading-level-2'><a class=\"ez-toc-link ez-toc-heading-6\" href=\"https:\/\/www.generali.es\/blog\/tuasesorhogar\/seguro-danos-por-viento\/#Otros_factores_clave\" title=\"Otros factores clave\">Otros factores clave<\/a><\/li><li class='ez-toc-page-1 ez-toc-heading-level-2'><a class=\"ez-toc-link ez-toc-heading-7\" href=\"https:\/\/www.generali.es\/blog\/tuasesorhogar\/seguro-danos-por-viento\/#Asi_lo_cubre_GENERALI\" title=\"As\u00ed lo cubre GENERALI\">As\u00ed lo cubre GENERALI<\/a><\/li><li class='ez-toc-page-1 ez-toc-heading-level-2'><a class=\"ez-toc-link ez-toc-heading-8\" href=\"https:\/\/www.generali.es\/blog\/tuasesorhogar\/seguro-danos-por-viento\/#El_viento_y_otros_seguros\" title=\"El viento y otros seguros\">El viento y otros seguros<\/a><ul class='ez-toc-list-level-3'><li class='ez-toc-heading-level-3'><a class=\"ez-toc-link ez-toc-heading-9\" href=\"https:\/\/www.generali.es\/blog\/tuasesorhogar\/seguro-danos-por-viento\/#Vida_y_accidentes\" title=\"Vida y accidentes\">Vida y accidentes<\/a><\/li><li class='ez-toc-page-1 ez-toc-heading-level-3'><a class=\"ez-toc-link ez-toc-heading-10\" href=\"https:\/\/www.generali.es\/blog\/tuasesorhogar\/seguro-danos-por-viento\/#Sector_agricola\" title=\"Sector agr\u00edcola\">Sector agr\u00edcola<\/a><\/li><li class='ez-toc-page-1 ez-toc-heading-level-3'><a class=\"ez-toc-link ez-toc-heading-11\" href=\"https:\/\/www.generali.es\/blog\/tuasesorhogar\/seguro-danos-por-viento\/#Sector_ganadero\" title=\"Sector ganadero\">Sector ganadero<\/a><\/li><\/ul><\/li><\/ul><\/nav><\/div>\n<h2 class=\"wp-block-heading\"><span class=\"ez-toc-section\" id=\"%C2%BFCubre_el_seguro_de_hogar_los_danos_por_viento\"><\/span><strong>\u00bfCubre el seguro de hogar los da\u00f1os por viento?<\/strong><span class=\"ez-toc-section-end\"><\/span><\/h2>\n\n\n\n<div style=\"height:20px\" aria-hidden=\"true\" class=\"wp-block-spacer\"><\/div>\n\n\n\n<p>Empezamos fuerte con la pregunta clave: \u00bf<strong>Cubre el seguro de hogar los da\u00f1os por viento<\/strong>? La respuesta es s\u00ed, aunque no en todas las circunstancias como ya veremos.<\/p>\n\n\n\n<p>En los seguros de hogar no suele existir una <strong>cobertura<\/strong> espec\u00edfica que responda ante los <strong>da\u00f1os por viento<\/strong>. Estos suelen incluirse dentro de una amplia garant\u00eda: la de <strong>da\u00f1os por fen\u00f3menos atmosf\u00e9ricos<\/strong>, que van desde nuestro protagonista del post de hoy hasta otras circunstancias meteorol\u00f3gicas como la lluvia, el granizo o la nieve.<\/p>\n\n\n\n<p>Algo parecido sucede en casi todos los seguros que protegen de da\u00f1os a los bienes, como pueden ser los de comercios o los de comunidades de vecinos.<\/p>\n\n\n\n<div style=\"height:20px\" aria-hidden=\"true\" class=\"wp-block-spacer\"><\/div>\n\n\n\n<h2 class=\"wp-block-heading\"><span class=\"ez-toc-section\" id=\"%C2%BFDe_que_manera_lo_cubre\"><\/span><strong>\u00bfDe qu\u00e9 manera lo cubre?<\/strong><span class=\"ez-toc-section-end\"><\/span><\/h2>\n\n\n\n<div style=\"height:20px\" aria-hidden=\"true\" class=\"wp-block-spacer\"><\/div>\n\n\n\n<p>Principalmente, de manera econ\u00f3mica, por medio de <strong>indemnizaciones<\/strong> a la persona afectada, cuyo dinero depender\u00e1 del capital que este haya asegurado para el continente, para el contenido o para ambos en el contrato de seguro.<\/p>\n\n\n\n<p>Pero tambi\u00e9n podr\u00eda cubrirlo proporcionando servicios a la persona asegurada gracias a otras coberturas como la de reconstrucci\u00f3n de jard\u00edn.<\/p>\n\n\n\n<div style=\"height:20px\" aria-hidden=\"true\" class=\"wp-block-spacer\"><\/div>\n\n\n\n<h2 class=\"wp-block-heading\"><span class=\"ez-toc-section\" id=\"%C2%BFQue_hacer_como_cliente\"><\/span><strong>\u00bfQu\u00e9 hacer como cliente?<\/strong><span class=\"ez-toc-section-end\"><\/span><\/h2>\n\n\n\n<div style=\"height:20px\" aria-hidden=\"true\" class=\"wp-block-spacer\"><\/div>\n\n\n\n<p>Reaccionar r\u00e1pidamente tras el suceso que haya da\u00f1ado nuestra vivienda, poni\u00e9ndonos pronto en contacto con nuestra compa\u00f1\u00eda de seguros para ponerle al corriente de lo sucedido, aportando adem\u00e1s toda la informaci\u00f3n que \u00e9sta nos demande, lo que afianzar\u00e1 nuestra petici\u00f3n y nos dar\u00e1 m\u00e1s opciones para que se nos conceda la indemnizaci\u00f3n.<\/p>\n\n\n\n<div style=\"height:20px\" aria-hidden=\"true\" class=\"wp-block-spacer\"><\/div>\n\n\n\n<h2 class=\"wp-block-heading\"><span class=\"ez-toc-section\" id=\"Los_limites_de_las_aseguradoras\"><\/span><strong>Los l\u00edmites de las aseguradoras<\/strong><span class=\"ez-toc-section-end\"><\/span><\/h2>\n\n\n\n<div style=\"height:20px\" aria-hidden=\"true\" class=\"wp-block-spacer\"><\/div>\n\n\n\n<p>De cualquier manera, las aseguradoras establecen unos par\u00e1metros\/requisitos de velocidad del viento a partir de los cuales se valora la cobertura del siniestro. Por eso hay que conocer cu\u00e1les son estos m\u00ednimos en cada caso antes de reclamar a las compa\u00f1\u00edas una indemnizaci\u00f3n por los da\u00f1os sufridos.<\/p>\n\n\n\n<p>Asimismo, la compa\u00f1\u00eda lleva a cabo las comprobaciones necesarias para acreditar que los da\u00f1os reclamados han sido ocasionados de manera directa por el viento o por el contrario tienen una causa diferente.<\/p>\n\n\n\n<div style=\"height:20px\" aria-hidden=\"true\" class=\"wp-block-spacer\"><\/div>\n\n\n\n<h2 class=\"wp-block-heading\"><span class=\"ez-toc-section\" id=\"%C2%BFY_si_el_viento_es_mas_fuerte\"><\/span><strong>\u00bfY si el viento es m\u00e1s fuerte?<\/strong><span class=\"ez-toc-section-end\"><\/span><\/h2>\n\n\n\n<div style=\"height:20px\" aria-hidden=\"true\" class=\"wp-block-spacer\"><\/div>\n\n\n\n<p>Si el viento que se ha registrado ha sido especialmente fuerte (en concreto, superior a los 120 kil\u00f3metros por hora), tu compa\u00f1\u00eda de seguros no se har\u00e1 cargo de los da\u00f1os que hayas tenido en tu vivienda. Pero no te preocupes: en este caso la indemnizaci\u00f3n correr\u00e1 a cargo del <strong>Consorcio de Compensaci\u00f3n de Seguros<\/strong>, que se encarga de responder en caso de fen\u00f3menos meteorol\u00f3gicos extremos que provocan serios da\u00f1os materiales.<\/p>\n\n\n\n<div style=\"height:20px\" aria-hidden=\"true\" class=\"wp-block-spacer\"><\/div>\n\n\n\n<h2 class=\"wp-block-heading\"><span class=\"ez-toc-section\" id=\"Otros_factores_clave\"><\/span><strong>Otros factores clave<\/strong><span class=\"ez-toc-section-end\"><\/span><\/h2>\n\n\n\n<div style=\"height:20px\" aria-hidden=\"true\" class=\"wp-block-spacer\"><\/div>\n\n\n\n<p>A la hora de que el seguro nos ampare hay otros factores clave. Como no pod\u00eda ser de otra manera es fundamental haber contratado <strong>coberturas<\/strong> que cubran esa situaci\u00f3n, como la de fen\u00f3menos atmosf\u00e9ricos.<\/p>\n\n\n\n<p>Tambi\u00e9n hay que tener en cuenta el capital que hayamos asegurado y si este cubre el contenido, el continente o ambos, para saber si se resarcir\u00e1 el da\u00f1o y hasta qu\u00e9 punto. Y, por \u00faltimo, os recordamos que \u2013m\u00e1s all\u00e1 de las mediciones del viento- los da\u00f1os que se hayan sufrido en la zona a causa de las inclemencias meteorol\u00f3gicas pueden determinar si el seguro nos cubre o no.<\/p>\n\n\n\n<div style=\"height:20px\" aria-hidden=\"true\" class=\"wp-block-spacer\"><\/div>\n\n\n\n<h2 class=\"wp-block-heading\"><span class=\"ez-toc-section\" id=\"Asi_lo_cubre_GENERALI\"><\/span><strong>As\u00ed lo cubre GENERALI<\/strong><span class=\"ez-toc-section-end\"><\/span><\/h2>\n\n\n\n<div style=\"height:20px\" aria-hidden=\"true\" class=\"wp-block-spacer\"><\/div>\n\n\n\n<p><strong>GENERALI<\/strong> considera en sus <strong>seguros de hogar<\/strong> los da\u00f1os por viento como una parte de la cobertura de los <strong>da\u00f1os meteorol\u00f3gicos<\/strong>, que amparan los producidos tambi\u00e9n por lluvia, pedrisco y nieve.<\/p>\n\n\n\n<p>Nuestra aseguradora puede indemnizar con hasta el 100% del <strong>capital asegurado<\/strong> para continente, contenido o ambos, siempre que se den las condiciones necesarias. Entre ellas, que el viento haya superado los 80 kil\u00f3metros por hora o se hayan producido da\u00f1os generalizados en cinco kil\u00f3metros a la redonda de la casa afectada y en edificaciones de calidad y estructura similar a la asegurada. Y, adem\u00e1s, cuenta con <strong>coberturas opcionales<\/strong> como reconstrucci\u00f3n de jard\u00edn, que pueden ser de utilidad si este ha quedado muy afectado por el viento.<\/p>\n\n\n\n<div style=\"height:20px\" aria-hidden=\"true\" class=\"wp-block-spacer\"><\/div>\n\n\n\n<h2 class=\"wp-block-heading\"><span class=\"ez-toc-section\" id=\"El_viento_y_otros_seguros\"><\/span><strong>El viento y otros seguros<\/strong><span class=\"ez-toc-section-end\"><\/span><\/h2>\n\n\n\n<div style=\"height:20px\" aria-hidden=\"true\" class=\"wp-block-spacer\"><\/div>\n\n\n\n<p>Los da\u00f1os por viento no s\u00f3lo se contemplan en los seguros de hogar, sino en otras modalidades de seguro.<\/p>\n\n\n\n<div style=\"height:20px\" aria-hidden=\"true\" class=\"wp-block-spacer\"><\/div>\n\n\n\n<h3 class=\"wp-block-heading\"><span class=\"ez-toc-section\" id=\"Vida_y_accidentes\"><\/span><strong>Vida y accidentes<\/strong><span class=\"ez-toc-section-end\"><\/span><\/h3>\n\n\n\n<div style=\"height:20px\" aria-hidden=\"true\" class=\"wp-block-spacer\"><\/div>\n\n\n\n<p>Los <strong>seguros de vida y accidentes<\/strong> tambi\u00e9n podr\u00edan contemplar los da\u00f1os personales en caso de que una fuerte racha de viento pueda causar, de manera directa o indirecta, graves da\u00f1os.<\/p>\n\n\n\n<p>Si una racha de viento de m\u00e1s de 120 km\/h causa la muerte o hiere a alguien, la indemnizaci\u00f3n ser\u00e1 responsabilidad del Consorcio de Compensaci\u00f3n de Seguros.<\/p>\n\n\n\n<div style=\"height:20px\" aria-hidden=\"true\" class=\"wp-block-spacer\"><\/div>\n\n\n\n<h3 class=\"wp-block-heading\"><span class=\"ez-toc-section\" id=\"Sector_agricola\"><\/span><strong>Sector agr\u00edcola<\/strong><span class=\"ez-toc-section-end\"><\/span><\/h3>\n\n\n\n<div style=\"height:20px\" aria-hidden=\"true\" class=\"wp-block-spacer\"><\/div>\n\n\n\n<p>El <strong>sector agr\u00edcola<\/strong> tambi\u00e9n podr\u00eda ser indemnizado por su aseguradora en caso de que el viento fuerte haya causado da\u00f1os, siempre que se haya contratado un seguro a ese efecto. Incluso si el da\u00f1o ha afectado a alguna infraestructura (como, por ejemplo, un invernadero), el Consorcio podr\u00eda hacerse cargo de la indemnizaci\u00f3n.<\/p>\n\n\n\n<div style=\"height:20px\" aria-hidden=\"true\" class=\"wp-block-spacer\"><\/div>\n\n\n\n<h3 class=\"wp-block-heading\"><span class=\"ez-toc-section\" id=\"Sector_ganadero\"><\/span><strong>Sector ganadero<\/strong><span class=\"ez-toc-section-end\"><\/span><\/h3>\n\n\n\n<div style=\"height:20px\" aria-hidden=\"true\" class=\"wp-block-spacer\"><\/div>\n\n\n\n<p>Algo similar sucede con el <strong>sector ganadero<\/strong>, que puede disponer de un seguro que contemple los da\u00f1os por viento y que incluso podr\u00eda contar con la asistencia del Consorcio en caso de que hayan fallecido animales a consecuencia de este fen\u00f3meno meteorol\u00f3gico.<\/p>\n","protected":false},"excerpt":{"rendered":"<p>Marzo es el mes que tiene fama de airoso seg\u00fan el refr\u00e1n, pero los \u00faltimos meses del a\u00f1o no le van a la zaga. En estas pasadas semanas se han producido en Espa\u00f1a fort\u00edsimas r\u00e1fagas de viento que han generado importantes da\u00f1os materiales e incluso personales. En esta \u00e9poca de clima revuelto y agitado, hemos [&hellip;]<\/p>\n","protected":false},"author":1,"featured_media":5753,"comment_status":"open","ping_status":"open","sticky":false,"template":"","format":"standard","meta":{"footnotes":""},"categories":[5],"tags":[],"yoast_head":"<!-- This site is optimized with the Yoast SEO plugin v21.6 - https:\/\/yoast.com\/wordpress\/plugins\/seo\/ -->\n<title>As\u00ed responde el seguro en caso de da\u00f1os por viento - Tu Asesor de Hogar<\/title>\n<meta name=\"robots\" content=\"index, follow, max-snippet:-1, max-image-preview:large, max-video-preview:-1\" \/>\n<link rel=\"canonical\" href=\"https:\/\/www.generali.es\/blog\/tuasesorhogar\/seguro-danos-por-viento\/\" \/>\n<meta name=\"twitter:label1\" content=\"Escrito por\" \/>\n\t<meta name=\"twitter:data1\" content=\"Equipo GENERALI\" \/>\n\t<meta name=\"twitter:label2\" content=\"Tiempo de lectura\" \/>\n\t<meta name=\"twitter:data2\" content=\"5 minutos\" \/>\n<script type=\"application\/ld+json\" class=\"yoast-schema-graph\">{\"@context\":\"https:\/\/schema.org\",\"@graph\":[{\"@type\":\"Article\",\"@id\":\"https:\/\/www.generali.es\/blog\/tuasesorhogar\/seguro-danos-por-viento\/#article\",\"isPartOf\":{\"@id\":\"https:\/\/www.generali.es\/blog\/tuasesorhogar\/seguro-danos-por-viento\/\"},\"author\":{\"name\":\"Equipo GENERALI\",\"@id\":\"https:\/\/www.generali.es\/blog\/tuasesorhogar\/#\/schema\/person\/b3e3621e80b273ef3366c6dc945ab47e\"},\"headline\":\"As\u00ed responde el seguro en caso de da\u00f1os por viento\",\"datePublished\":\"2026-02-06T11:24:34+00:00\",\"dateModified\":\"2026-02-06T11:24:35+00:00\",\"mainEntityOfPage\":{\"@id\":\"https:\/\/www.generali.es\/blog\/tuasesorhogar\/seguro-danos-por-viento\/\"},\"wordCount\":1001,\"commentCount\":0,\"publisher\":{\"@id\":\"https:\/\/www.generali.es\/blog\/tuasesorhogar\/#organization\"},\"articleSection\":[\"Seguridad\"],\"inLanguage\":\"es\",\"potentialAction\":[{\"@type\":\"CommentAction\",\"name\":\"Comment\",\"target\":[\"https:\/\/www.generali.es\/blog\/tuasesorhogar\/seguro-danos-por-viento\/#respond\"]}]},{\"@type\":\"WebPage\",\"@id\":\"https:\/\/www.generali.es\/blog\/tuasesorhogar\/seguro-danos-por-viento\/\",\"url\":\"https:\/\/www.generali.es\/blog\/tuasesorhogar\/seguro-danos-por-viento\/\",\"name\":\"As\u00ed responde el seguro en caso de da\u00f1os por viento - Tu Asesor de Hogar\",\"isPartOf\":{\"@id\":\"https:\/\/www.generali.es\/blog\/tuasesorhogar\/#website\"},\"datePublished\":\"2026-02-06T11:24:34+00:00\",\"dateModified\":\"2026-02-06T11:24:35+00:00\",\"breadcrumb\":{\"@id\":\"https:\/\/www.generali.es\/blog\/tuasesorhogar\/seguro-danos-por-viento\/#breadcrumb\"},\"inLanguage\":\"es\",\"potentialAction\":[{\"@type\":\"ReadAction\",\"target\":[\"https:\/\/www.generali.es\/blog\/tuasesorhogar\/seguro-danos-por-viento\/\"]}]},{\"@type\":\"BreadcrumbList\",\"@id\":\"https:\/\/www.generali.es\/blog\/tuasesorhogar\/seguro-danos-por-viento\/#breadcrumb\",\"itemListElement\":[{\"@type\":\"ListItem\",\"position\":1,\"name\":\"Home\",\"item\":\"https:\/\/www.generali.es\/blog\/tuasesorhogar\/\"},{\"@type\":\"ListItem\",\"position\":2,\"name\":\"Seguridad\",\"item\":\"https:\/\/www.generali.es\/blog\/tuasesorhogar\/seguridad\/\"},{\"@type\":\"ListItem\",\"position\":3,\"name\":\"As\u00ed responde el seguro en caso de da\u00f1os por viento\"}]},{\"@type\":\"WebSite\",\"@id\":\"https:\/\/www.generali.es\/blog\/tuasesorhogar\/#website\",\"url\":\"https:\/\/www.generali.es\/blog\/tuasesorhogar\/\",\"name\":\"Tu Asesor de Hogar\",\"description\":\"Blog de Hogar de GENERALI\",\"publisher\":{\"@id\":\"https:\/\/www.generali.es\/blog\/tuasesorhogar\/#organization\"},\"potentialAction\":[{\"@type\":\"SearchAction\",\"target\":{\"@type\":\"EntryPoint\",\"urlTemplate\":\"https:\/\/www.generali.es\/blog\/tuasesorhogar\/?s={search_term_string}\"},\"query-input\":\"required name=search_term_string\"}],\"inLanguage\":\"es\"},{\"@type\":\"Organization\",\"@id\":\"https:\/\/www.generali.es\/blog\/tuasesorhogar\/#organization\",\"name\":\"Tu Asesor de Hogar\",\"url\":\"https:\/\/www.generali.es\/blog\/tuasesorhogar\/\",\"logo\":{\"@type\":\"ImageObject\",\"inLanguage\":\"es\",\"@id\":\"https:\/\/www.generali.es\/blog\/tuasesorhogar\/#\/schema\/logo\/image\/\",\"url\":\"https:\/\/www.generali.es\/blog\/tuasesorhogar\/wp-content\/uploads\/2021\/04\/generali.png\",\"contentUrl\":\"https:\/\/www.generali.es\/blog\/tuasesorhogar\/wp-content\/uploads\/2021\/04\/generali.png\",\"width\":100,\"height\":81,\"caption\":\"Tu Asesor de Hogar\"},\"image\":{\"@id\":\"https:\/\/www.generali.es\/blog\/tuasesorhogar\/#\/schema\/logo\/image\/\"}},{\"@type\":\"Person\",\"@id\":\"https:\/\/www.generali.es\/blog\/tuasesorhogar\/#\/schema\/person\/b3e3621e80b273ef3366c6dc945ab47e\",\"name\":\"Equipo GENERALI\",\"image\":{\"@type\":\"ImageObject\",\"inLanguage\":\"es\",\"@id\":\"https:\/\/www.generali.es\/blog\/tuasesorhogar\/#\/schema\/person\/image\/\",\"url\":\"https:\/\/www.generali.es\/blog\/tuasesorhogar\/wp-content\/uploads\/2020\/11\/equipo_generali-150x150.jpg\",\"contentUrl\":\"https:\/\/www.generali.es\/blog\/tuasesorhogar\/wp-content\/uploads\/2020\/11\/equipo_generali-150x150.jpg\",\"caption\":\"Equipo GENERALI\"},\"description\":\"El equipo de Tu Asesor Hogar est\u00e1 compuesto por especialistas en la seguridad, el bricolaje y ahorro en el hogar, as\u00ed como profesionales t\u00e9cnicos de los seguros de hogar. Te ayudamos a que tengas una vida m\u00e1s segura y tranquila y te ofrecemos contenido \u00fatil para tu d\u00eda a d\u00eda.\",\"url\":\"https:\/\/www.generali.es\/blog\/tuasesorhogar\/author\/generali_asesor\/\"}]}<\/script>\n<!-- \/ Yoast SEO plugin. -->","yoast_head_json":{"title":"As\u00ed responde el seguro en caso de da\u00f1os por viento - Tu Asesor de Hogar","robots":{"index":"index","follow":"follow","max-snippet":"max-snippet:-1","max-image-preview":"max-image-preview:large","max-video-preview":"max-video-preview:-1"},"canonical":"https:\/\/www.generali.es\/blog\/tuasesorhogar\/seguro-danos-por-viento\/","twitter_misc":{"Escrito por":"Equipo GENERALI","Tiempo de lectura":"5 minutos"},"schema":{"@context":"https:\/\/schema.org","@graph":[{"@type":"Article","@id":"https:\/\/www.generali.es\/blog\/tuasesorhogar\/seguro-danos-por-viento\/#article","isPartOf":{"@id":"https:\/\/www.generali.es\/blog\/tuasesorhogar\/seguro-danos-por-viento\/"},"author":{"name":"Equipo GENERALI","@id":"https:\/\/www.generali.es\/blog\/tuasesorhogar\/#\/schema\/person\/b3e3621e80b273ef3366c6dc945ab47e"},"headline":"As\u00ed responde el seguro en caso de da\u00f1os por viento","datePublished":"2026-02-06T11:24:34+00:00","dateModified":"2026-02-06T11:24:35+00:00","mainEntityOfPage":{"@id":"https:\/\/www.generali.es\/blog\/tuasesorhogar\/seguro-danos-por-viento\/"},"wordCount":1001,"commentCount":0,"publisher":{"@id":"https:\/\/www.generali.es\/blog\/tuasesorhogar\/#organization"},"articleSection":["Seguridad"],"inLanguage":"es","potentialAction":[{"@type":"CommentAction","name":"Comment","target":["https:\/\/www.generali.es\/blog\/tuasesorhogar\/seguro-danos-por-viento\/#respond"]}]},{"@type":"WebPage","@id":"https:\/\/www.generali.es\/blog\/tuasesorhogar\/seguro-danos-por-viento\/","url":"https:\/\/www.generali.es\/blog\/tuasesorhogar\/seguro-danos-por-viento\/","name":"As\u00ed responde el seguro en caso de da\u00f1os por viento - Tu Asesor de Hogar","isPartOf":{"@id":"https:\/\/www.generali.es\/blog\/tuasesorhogar\/#website"},"datePublished":"2026-02-06T11:24:34+00:00","dateModified":"2026-02-06T11:24:35+00:00","breadcrumb":{"@id":"https:\/\/www.generali.es\/blog\/tuasesorhogar\/seguro-danos-por-viento\/#breadcrumb"},"inLanguage":"es","potentialAction":[{"@type":"ReadAction","target":["https:\/\/www.generali.es\/blog\/tuasesorhogar\/seguro-danos-por-viento\/"]}]},{"@type":"BreadcrumbList","@id":"https:\/\/www.generali.es\/blog\/tuasesorhogar\/seguro-danos-por-viento\/#breadcrumb","itemListElement":[{"@type":"ListItem","position":1,"name":"Home","item":"https:\/\/www.generali.es\/blog\/tuasesorhogar\/"},{"@type":"ListItem","position":2,"name":"Seguridad","item":"https:\/\/www.generali.es\/blog\/tuasesorhogar\/seguridad\/"},{"@type":"ListItem","position":3,"name":"As\u00ed responde el seguro en caso de da\u00f1os por viento"}]},{"@type":"WebSite","@id":"https:\/\/www.generali.es\/blog\/tuasesorhogar\/#website","url":"https:\/\/www.generali.es\/blog\/tuasesorhogar\/","name":"Tu Asesor de Hogar","description":"Blog de Hogar de GENERALI","publisher":{"@id":"https:\/\/www.generali.es\/blog\/tuasesorhogar\/#organization"},"potentialAction":[{"@type":"SearchAction","target":{"@type":"EntryPoint","urlTemplate":"https:\/\/www.generali.es\/blog\/tuasesorhogar\/?s={search_term_string}"},"query-input":"required name=search_term_string"}],"inLanguage":"es"},{"@type":"Organization","@id":"https:\/\/www.generali.es\/blog\/tuasesorhogar\/#organization","name":"Tu Asesor de Hogar","url":"https:\/\/www.generali.es\/blog\/tuasesorhogar\/","logo":{"@type":"ImageObject","inLanguage":"es","@id":"https:\/\/www.generali.es\/blog\/tuasesorhogar\/#\/schema\/logo\/image\/","url":"https:\/\/www.generali.es\/blog\/tuasesorhogar\/wp-content\/uploads\/2021\/04\/generali.png","contentUrl":"https:\/\/www.generali.es\/blog\/tuasesorhogar\/wp-content\/uploads\/2021\/04\/generali.png","width":100,"height":81,"caption":"Tu Asesor de Hogar"},"image":{"@id":"https:\/\/www.generali.es\/blog\/tuasesorhogar\/#\/schema\/logo\/image\/"}},{"@type":"Person","@id":"https:\/\/www.generali.es\/blog\/tuasesorhogar\/#\/schema\/person\/b3e3621e80b273ef3366c6dc945ab47e","name":"Equipo GENERALI","image":{"@type":"ImageObject","inLanguage":"es","@id":"https:\/\/www.generali.es\/blog\/tuasesorhogar\/#\/schema\/person\/image\/","url":"https:\/\/www.generali.es\/blog\/tuasesorhogar\/wp-content\/uploads\/2020\/11\/equipo_generali-150x150.jpg","contentUrl":"https:\/\/www.generali.es\/blog\/tuasesorhogar\/wp-content\/uploads\/2020\/11\/equipo_generali-150x150.jpg","caption":"Equipo GENERALI"},"description":"El equipo de Tu Asesor Hogar est\u00e1 compuesto por especialistas en la seguridad, el bricolaje y ahorro en el hogar, as\u00ed como profesionales t\u00e9cnicos de los seguros de hogar. Te ayudamos a que tengas una vida m\u00e1s segura y tranquila y te ofrecemos contenido \u00fatil para tu d\u00eda a d\u00eda.","url":"https:\/\/www.generali.es\/blog\/tuasesorhogar\/author\/generali_asesor\/"}]}},"_links":{"self":[{"href":"https:\/\/www.generali.es\/blog\/tuasesorhogar\/wp-json\/wp\/v2\/posts\/5752"}],"collection":[{"href":"https:\/\/www.generali.es\/blog\/tuasesorhogar\/wp-json\/wp\/v2\/posts"}],"about":[{"href":"https:\/\/www.generali.es\/blog\/tuasesorhogar\/wp-json\/wp\/v2\/types\/post"}],"author":[{"embeddable":true,"href":"https:\/\/www.generali.es\/blog\/tuasesorhogar\/wp-json\/wp\/v2\/users\/1"}],"replies":[{"embeddable":true,"href":"https:\/\/www.generali.es\/blog\/tuasesorhogar\/wp-json\/wp\/v2\/comments?post=5752"}],"version-history":[{"count":3,"href":"https:\/\/www.generali.es\/blog\/tuasesorhogar\/wp-json\/wp\/v2\/posts\/5752\/revisions"}],"predecessor-version":[{"id":5756,"href":"https:\/\/www.generali.es\/blog\/tuasesorhogar\/wp-json\/wp\/v2\/posts\/5752\/revisions\/5756"}],"wp:featuredmedia":[{"embeddable":true,"href":"https:\/\/www.generali.es\/blog\/tuasesorhogar\/wp-json\/wp\/v2\/media\/5753"}],"wp:attachment":[{"href":"https:\/\/www.generali.es\/blog\/tuasesorhogar\/wp-json\/wp\/v2\/media?parent=5752"}],"wp:term":[{"taxonomy":"category","embeddable":true,"href":"https:\/\/www.generali.es\/blog\/tuasesorhogar\/wp-json\/wp\/v2\/categories?post=5752"},{"taxonomy":"post_tag","embeddable":true,"href":"https:\/\/www.generali.es\/blog\/tuasesorhogar\/wp-json\/wp\/v2\/tags?post=5752"}],"curies":[{"name":"wp","href":"https:\/\/api.w.org\/{rel}","templated":true}]}}