{"id":5529,"date":"2024-09-16T13:22:51","date_gmt":"2024-09-16T11:22:51","guid":{"rendered":"https:\/\/www.generali.es\/blog\/tuasesorhogar\/?p=5529"},"modified":"2024-09-16T13:22:53","modified_gmt":"2024-09-16T11:22:53","slug":"temperatura-ideal-aire-acondicionado-ahorrar","status":"publish","type":"post","link":"https:\/\/www.generali.es\/blog\/tuasesorhogar\/temperatura-ideal-aire-acondicionado-ahorrar\/","title":{"rendered":"Esta es la temperatura ideal del aire acondicionado para ahorrar en casa"},"content":{"rendered":"\n<p>Con la llegada de las altas temperaturas el aire acondicionado es un aparato imprescindible. Es la forma de luchar contra el calor abrasador, aunque debemos usarlo con cautela para no disparar la factura de la luz. De hecho, <strong>existe una temperatura ideal del aire acondicionado para ahorrar<\/strong>. Descubre todos los trucos para usarlo eficientemente.<\/p>\n\n\n\n<div id=\"ez-toc-container\" class=\"ez-toc-v2_0_58 counter-hierarchy ez-toc-counter ez-toc-custom ez-toc-container-direction\">\n<p class=\"ez-toc-title\">&Iacute;ndice<\/p>\n<label for=\"ez-toc-cssicon-toggle-item-69efa8245ded4\" class=\"ez-toc-cssicon-toggle-label\"><span class=\"\"><span class=\"eztoc-hide\" style=\"display:none;\">Toggle<\/span><span class=\"ez-toc-icon-toggle-span\"><svg style=\"fill: #ffffff;color:#ffffff\" xmlns=\"http:\/\/www.w3.org\/2000\/svg\" class=\"list-377408\" width=\"20px\" height=\"20px\" viewBox=\"0 0 24 24\" fill=\"none\"><path d=\"M6 6H4v2h2V6zm14 0H8v2h12V6zM4 11h2v2H4v-2zm16 0H8v2h12v-2zM4 16h2v2H4v-2zm16 0H8v2h12v-2z\" fill=\"currentColor\"><\/path><\/svg><svg style=\"fill: #ffffff;color:#ffffff\" class=\"arrow-unsorted-368013\" xmlns=\"http:\/\/www.w3.org\/2000\/svg\" width=\"10px\" height=\"10px\" viewBox=\"0 0 24 24\" version=\"1.2\" baseProfile=\"tiny\"><path d=\"M18.2 9.3l-6.2-6.3-6.2 6.3c-.2.2-.3.4-.3.7s.1.5.3.7c.2.2.4.3.7.3h11c.3 0 .5-.1.7-.3.2-.2.3-.5.3-.7s-.1-.5-.3-.7zM5.8 14.7l6.2 6.3 6.2-6.3c.2-.2.3-.5.3-.7s-.1-.5-.3-.7c-.2-.2-.4-.3-.7-.3h-11c-.3 0-.5.1-.7.3-.2.2-.3.5-.3.7s.1.5.3.7z\"\/><\/svg><\/span><\/span><\/label><input type=\"checkbox\"  id=\"ez-toc-cssicon-toggle-item-69efa8245ded4\" checked aria-label=\"Toggle\" \/><nav><ul class='ez-toc-list ez-toc-list-level-1 ' ><li class='ez-toc-page-1 ez-toc-heading-level-2'><a class=\"ez-toc-link ez-toc-heading-1\" href=\"https:\/\/www.generali.es\/blog\/tuasesorhogar\/temperatura-ideal-aire-acondicionado-ahorrar\/#La_importancia_de_ajustar_la_temperatura_del_aire_acondicionado_para_ahorrar_energia\" title=\"La importancia de ajustar la temperatura del aire acondicionado para ahorrar energ\u00eda\">La importancia de ajustar la temperatura del aire acondicionado para ahorrar energ\u00eda<\/a><ul class='ez-toc-list-level-3'><li class='ez-toc-heading-level-3'><a class=\"ez-toc-link ez-toc-heading-2\" href=\"https:\/\/www.generali.es\/blog\/tuasesorhogar\/temperatura-ideal-aire-acondicionado-ahorrar\/#Beneficios_economicos\" title=\"Beneficios econ\u00f3micos\">Beneficios econ\u00f3micos<\/a><\/li><li class='ez-toc-page-1 ez-toc-heading-level-3'><a class=\"ez-toc-link ez-toc-heading-3\" href=\"https:\/\/www.generali.es\/blog\/tuasesorhogar\/temperatura-ideal-aire-acondicionado-ahorrar\/#Beneficios_ambientales\" title=\"Beneficios ambientales\">Beneficios ambientales<\/a><\/li><\/ul><\/li><li class='ez-toc-page-1 ez-toc-heading-level-2'><a class=\"ez-toc-link ez-toc-heading-4\" href=\"https:\/\/www.generali.es\/blog\/tuasesorhogar\/temperatura-ideal-aire-acondicionado-ahorrar\/#%C2%BFCual_es_la_temperatura_ideal_del_aire_acondicionado_para_ahorrar_en_verano\" title=\"\u00bfCu\u00e1l es la temperatura ideal del aire acondicionado para ahorrar en verano?\">\u00bfCu\u00e1l es la temperatura ideal del aire acondicionado para ahorrar en verano?<\/a><ul class='ez-toc-list-level-3'><li class='ez-toc-heading-level-3'><a class=\"ez-toc-link ez-toc-heading-5\" href=\"https:\/\/www.generali.es\/blog\/tuasesorhogar\/temperatura-ideal-aire-acondicionado-ahorrar\/#Consejos_para_mantener_la_casa_fresca_sin_gastar_de_mas\" title=\"Consejos para mantener la casa fresca sin gastar de m\u00e1s\">Consejos para mantener la casa fresca sin gastar de m\u00e1s<\/a><\/li><\/ul><\/li><li class='ez-toc-page-1 ez-toc-heading-level-2'><a class=\"ez-toc-link ez-toc-heading-6\" href=\"https:\/\/www.generali.es\/blog\/tuasesorhogar\/temperatura-ideal-aire-acondicionado-ahorrar\/#Temperatura_ideal_del_aire_acondicionado_para_ahorrar_en_invierno\" title=\"Temperatura ideal del aire acondicionado para ahorrar en invierno\">Temperatura ideal del aire acondicionado para ahorrar en invierno<\/a><ul class='ez-toc-list-level-3'><li class='ez-toc-heading-level-3'><a class=\"ez-toc-link ez-toc-heading-7\" href=\"https:\/\/www.generali.es\/blog\/tuasesorhogar\/temperatura-ideal-aire-acondicionado-ahorrar\/#Consejos_para_mantener_la_casa_calida_de_manera_eficiente\" title=\"Consejos para mantener la casa c\u00e1lida de manera eficiente\">Consejos para mantener la casa c\u00e1lida de manera eficiente<\/a><\/li><\/ul><\/li><li class='ez-toc-page-1 ez-toc-heading-level-2'><a class=\"ez-toc-link ez-toc-heading-8\" href=\"https:\/\/www.generali.es\/blog\/tuasesorhogar\/temperatura-ideal-aire-acondicionado-ahorrar\/#Factores_que_influyen_en_la_temperatura_ideal\" title=\"Factores que influyen en la temperatura ideal\">Factores que influyen en la temperatura ideal<\/a><ul class='ez-toc-list-level-3'><li class='ez-toc-heading-level-3'><a class=\"ez-toc-link ez-toc-heading-9\" href=\"https:\/\/www.generali.es\/blog\/tuasesorhogar\/temperatura-ideal-aire-acondicionado-ahorrar\/#Tamano_y_tipo_de_vivienda\" title=\"Tama\u00f1o y tipo de vivienda\">Tama\u00f1o y tipo de vivienda<\/a><\/li><li class='ez-toc-page-1 ez-toc-heading-level-3'><a class=\"ez-toc-link ez-toc-heading-10\" href=\"https:\/\/www.generali.es\/blog\/tuasesorhogar\/temperatura-ideal-aire-acondicionado-ahorrar\/#Numero_de_ocupantes\" title=\"N\u00famero de ocupantes\">N\u00famero de ocupantes<\/a><\/li><li class='ez-toc-page-1 ez-toc-heading-level-3'><a class=\"ez-toc-link ez-toc-heading-11\" href=\"https:\/\/www.generali.es\/blog\/tuasesorhogar\/temperatura-ideal-aire-acondicionado-ahorrar\/#Aislamiento_de_la_casa\" title=\"Aislamiento de la casa\">Aislamiento de la casa<\/a><\/li><li class='ez-toc-page-1 ez-toc-heading-level-3'><a class=\"ez-toc-link ez-toc-heading-12\" href=\"https:\/\/www.generali.es\/blog\/tuasesorhogar\/temperatura-ideal-aire-acondicionado-ahorrar\/#Uso_de_otros_electrodomesticos_y_fuentes_de_calorfrio\" title=\"Uso de otros electrodom\u00e9sticos y fuentes de calor\/fr\u00edo\">Uso de otros electrodom\u00e9sticos y fuentes de calor\/fr\u00edo<\/a><\/li><\/ul><\/li><li class='ez-toc-page-1 ez-toc-heading-level-2'><a class=\"ez-toc-link ez-toc-heading-13\" href=\"https:\/\/www.generali.es\/blog\/tuasesorhogar\/temperatura-ideal-aire-acondicionado-ahorrar\/#Consejos_para_maximizar_el_ahorro_con_el_aire_acondicionado\" title=\"Consejos para maximizar el ahorro con el aire acondicionado\">Consejos para maximizar el ahorro con el aire acondicionado<\/a><ul class='ez-toc-list-level-3'><li class='ez-toc-heading-level-3'><a class=\"ez-toc-link ez-toc-heading-14\" href=\"https:\/\/www.generali.es\/blog\/tuasesorhogar\/temperatura-ideal-aire-acondicionado-ahorrar\/#Uso_de_termostatos_inteligentes\" title=\"Uso de termostatos inteligentes\">Uso de termostatos inteligentes<\/a><\/li><li class='ez-toc-page-1 ez-toc-heading-level-3'><a class=\"ez-toc-link ez-toc-heading-15\" href=\"https:\/\/www.generali.es\/blog\/tuasesorhogar\/temperatura-ideal-aire-acondicionado-ahorrar\/#Mantenimiento_regular_del_aire_acondicionado\" title=\"Mantenimiento regular del aire acondicionado\">Mantenimiento regular del aire acondicionado<\/a><\/li><li class='ez-toc-page-1 ez-toc-heading-level-3'><a class=\"ez-toc-link ez-toc-heading-16\" href=\"https:\/\/www.generali.es\/blog\/tuasesorhogar\/temperatura-ideal-aire-acondicionado-ahorrar\/#Aprovechamiento_de_la_ventilacion_natural\" title=\"Aprovechamiento de la ventilaci\u00f3n natural\">Aprovechamiento de la ventilaci\u00f3n natural<\/a><\/li><li class='ez-toc-page-1 ez-toc-heading-level-3'><a class=\"ez-toc-link ez-toc-heading-17\" href=\"https:\/\/www.generali.es\/blog\/tuasesorhogar\/temperatura-ideal-aire-acondicionado-ahorrar\/#Uso_de_cortinas_y_persianas_para_controlar_la_temperatura_interior\" title=\"Uso de cortinas y persianas para controlar la temperatura interior\">Uso de cortinas y persianas para controlar la temperatura interior<\/a><\/li><\/ul><\/li><li class='ez-toc-page-1 ez-toc-heading-level-2'><a class=\"ez-toc-link ez-toc-heading-18\" href=\"https:\/\/www.generali.es\/blog\/tuasesorhogar\/temperatura-ideal-aire-acondicionado-ahorrar\/#Preguntas_frecuentes\" title=\"Preguntas frecuentes\">Preguntas frecuentes<\/a><ul class='ez-toc-list-level-3'><li class='ez-toc-heading-level-3'><a class=\"ez-toc-link ez-toc-heading-19\" href=\"https:\/\/www.generali.es\/blog\/tuasesorhogar\/temperatura-ideal-aire-acondicionado-ahorrar\/#%C2%BFCual_es_la_temperatura_optima_para_ahorrar_con_el_aire_acondicionado\" title=\"\u00bfCu\u00e1l es la temperatura \u00f3ptima para ahorrar con el aire acondicionado?\">\u00bfCu\u00e1l es la temperatura \u00f3ptima para ahorrar con el aire acondicionado?<\/a><\/li><li class='ez-toc-page-1 ez-toc-heading-level-3'><a class=\"ez-toc-link ez-toc-heading-20\" href=\"https:\/\/www.generali.es\/blog\/tuasesorhogar\/temperatura-ideal-aire-acondicionado-ahorrar\/#%C2%BFComo_hacer_para_que_el_aire_acondicionado_consuma_menos\" title=\"\u00bfC\u00f3mo hacer para que el aire acondicionado consuma menos?\">\u00bfC\u00f3mo hacer para que el aire acondicionado consuma menos?<\/a><\/li><li class='ez-toc-page-1 ez-toc-heading-level-3'><a class=\"ez-toc-link ez-toc-heading-21\" href=\"https:\/\/www.generali.es\/blog\/tuasesorhogar\/temperatura-ideal-aire-acondicionado-ahorrar\/#%C2%BFComo_afecta_la_humedad_a_la_temperatura_ideal_del_aire_acondicionado\" title=\"\u00bfC\u00f3mo afecta la humedad a la temperatura ideal del aire acondicionado?\">\u00bfC\u00f3mo afecta la humedad a la temperatura ideal del aire acondicionado?<\/a><\/li><li class='ez-toc-page-1 ez-toc-heading-level-3'><a class=\"ez-toc-link ez-toc-heading-22\" href=\"https:\/\/www.generali.es\/blog\/tuasesorhogar\/temperatura-ideal-aire-acondicionado-ahorrar\/#%C2%BFA_cuantos_grados_es_aconsejable_poner_el_aire_acondicionado\" title=\"\u00bfA cu\u00e1ntos grados es aconsejable poner el aire acondicionado?\">\u00bfA cu\u00e1ntos grados es aconsejable poner el aire acondicionado?<\/a><\/li><li class='ez-toc-page-1 ez-toc-heading-level-3'><a class=\"ez-toc-link ez-toc-heading-23\" href=\"https:\/\/www.generali.es\/blog\/tuasesorhogar\/temperatura-ideal-aire-acondicionado-ahorrar\/#%C2%BFQue_otros_metodos_existen_para_ahorrar_energia_en_casa\" title=\"\u00bfQu\u00e9 otros m\u00e9todos existen para ahorrar energ\u00eda en casa?\">\u00bfQu\u00e9 otros m\u00e9todos existen para ahorrar energ\u00eda en casa?<\/a><\/li><\/ul><\/li><\/ul><\/nav><\/div>\n<h2 class=\"wp-block-heading\"><span class=\"ez-toc-section\" id=\"La_importancia_de_ajustar_la_temperatura_del_aire_acondicionado_para_ahorrar_energia\"><\/span>La importancia de ajustar la temperatura del aire acondicionado para ahorrar energ\u00eda<span class=\"ez-toc-section-end\"><\/span><\/h2>\n\n\n\n<p>Muchas personas piensan que encender el aire acondicionado dispara por defecto la factura. Sin embargo, la clave est\u00e1 m\u00e1s bien en <strong>saber ajustar la temperatura del aire acondicionado<\/strong> en funci\u00f3n de las condiciones ambientales del exterior.<\/p>\n\n\n\n<h3 class=\"wp-block-heading\"><span class=\"ez-toc-section\" id=\"Beneficios_economicos\"><\/span>Beneficios econ\u00f3micos<span class=\"ez-toc-section-end\"><\/span><\/h3>\n\n\n\n<p>Hacerlo conlleva claramente un <a href=\"https:\/\/www.generali.es\/blog\/tuasesorhogar\/como-ahorrar-factura-luz\/\">ahorro en tu factura de la luz<\/a>. Ten en cuenta que <strong>cada grado de temperatura que bajas para luchar contra el calor aumenta un 7%<\/strong> el gasto energ\u00e9tico. Si no lo usamos adecuadamente, el aire acondicionado puede ser el electrodom\u00e9stico con m\u00e1s consumo.<\/p>\n\n\n\n<p>Un sistema de aire acondicionado c<strong>onsume entre 3.000 y 3.500 vatios<\/strong> por hora. Se trata de un gasto a\u00f1adido al consumo total del resto de electrodom\u00e9sticos que no estaba previsto en tu factura.<\/p>\n\n\n\n<h3 class=\"wp-block-heading\"><span class=\"ez-toc-section\" id=\"Beneficios_ambientales\"><\/span>Beneficios ambientales<span class=\"ez-toc-section-end\"><\/span><\/h3>\n\n\n\n<p>Tampoco podemos olvidar el impacto ambiental que tiene el uso del aire acondicionado. No debemos encenderlo de forma indiscriminada. De hecho, deber\u00eda ser el \u00faltimo recurso con el objetivo de <strong>reducir el impacto de la huella de carbono<\/strong>.<\/p>\n\n\n\n<p><strong>\u25b7 Merece la pena: <\/strong><a href=\"https:\/\/www.generali.es\/blog\/tuasesorhogar\/ahorra-energia-con-tecnologia-inteligente\/\">Ahorra energ\u00eda con tecnolog\u00eda inteligente<\/a>.<\/p>\n\n\n\n<h2 class=\"wp-block-heading\"><span class=\"ez-toc-section\" id=\"%C2%BFCual_es_la_temperatura_ideal_del_aire_acondicionado_para_ahorrar_en_verano\"><\/span>\u00bfCu\u00e1l es la temperatura ideal del aire acondicionado para ahorrar en verano?<span class=\"ez-toc-section-end\"><\/span><\/h2>\n\n\n\n<p>La <strong>temperatura ideal del aire acondicionado para ahorrar <\/strong>en verano es entre <strong>24\u00baC y 26\u00baC<\/strong>. Se trata de un clima de confort con el que la mayor\u00eda de personas pueden hacer una vida c\u00f3moda.<\/p>\n\n\n\n<p>Adem\u00e1s, mantener la temperatura del aire acondicionado entre esos m\u00e1rgenes garantiza un uso eficiente. <strong>El aparato no tendr\u00e1 que hacer sobreesfuerzos<\/strong> para enfriar la estancia por lo que el consumo ser\u00e1 moderado.<\/p>\n\n\n\n<p><strong>\u25b7 Te interesa: <\/strong>10 Consejos para <a href=\"https:\/\/www.generali.es\/blog\/tuasesorhogar\/mantener-casa-fresca-calor-ahorrar-energia\/\">ahorrar energ\u00eda y mantener tu casa fresca<\/a>.<\/p>\n\n\n\n<h3 class=\"wp-block-heading\"><span class=\"ez-toc-section\" id=\"Consejos_para_mantener_la_casa_fresca_sin_gastar_de_mas\"><\/span>Consejos para mantener la casa fresca sin gastar de m\u00e1s<span class=\"ez-toc-section-end\"><\/span><\/h3>\n\n\n\n<p>Adem\u00e1s del aire acondicionado, existen otros trucos para enfriar la casa sin gastar energ\u00eda. Aqu\u00ed van algunas alternativas para este verano:&nbsp;<\/p>\n\n\n\n<ul>\n<li><strong>Baja las persianas <\/strong>de casa durante las horas de mayor radiaci\u00f3n. Evitar\u00e1s que los rayos de sol calienten la estancia m\u00e1s de la cuenta.<\/li>\n\n\n\n<li><strong>Coloca burletes <\/strong>para bloquear la entrada de calor por debajo de las puertas.<\/li>\n\n\n\n<li><strong>Ventila la casa<\/strong> por la ma\u00f1ana y por la noche. Conseguir\u00e1s liberar el calor acumulado.<\/li>\n\n\n\n<li><strong>Coloca plantas por la casa<\/strong>. Aportan humedad y sus hojas son capaces de absorber parte del calor en el ambiente.<\/li>\n\n\n\n<li>Usa <strong>s\u00e1banas de algod\u00f3n o lino<\/strong>. Son m\u00e1s frescas y fomentan la transpiraci\u00f3n.<\/li>\n\n\n\n<li>Usa un <strong>colch\u00f3n transpirable<\/strong>.<\/li>\n\n\n\n<li>Evita <strong>encender demasiado las luces<\/strong> de casa. Generan un calor residual.<\/li>\n\n\n\n<li><strong>Al\u00e9jate de los cargadores<\/strong> que emiten mucha temperatura. Tampoco se recomienda estar cerca de ordenadores port\u00e1tiles que se calientan demasiado.&nbsp;<\/li>\n<\/ul>\n\n\n\n<h2 class=\"wp-block-heading\"><span class=\"ez-toc-section\" id=\"Temperatura_ideal_del_aire_acondicionado_para_ahorrar_en_invierno\"><\/span>Temperatura ideal del aire acondicionado para ahorrar en invierno<span class=\"ez-toc-section-end\"><\/span><\/h2>\n\n\n\n<p>La <strong>temperatura ideal del aire acondicionado para ahorrar en invierno <\/strong>oscila entre los <strong>20\u00baC y los 22\u00baC<\/strong>. Una vez m\u00e1s, se trata de un ambiente de confort sin sensaci\u00f3n de fr\u00edo.<\/p>\n\n\n\n<p>Eso s\u00ed, debemos seguir vistiendo un pijama grueso y una sudadera en casa. El aire acondicionado es una ayuda para luchar contra el fr\u00edo, pero no puede ser la \u00fanica soluci\u00f3n si quieres ahorrar en tu factura.<\/p>\n\n\n\n<p><strong>\u25b7 \u00datil para ti: <\/strong><a href=\"https:\/\/www.generali.es\/blog\/tuasesorhogar\/calentar-casa-invierno-ahorrar-calefaccion\/\">\u00bfC\u00f3mo calentar tu casa con poca calefacci\u00f3n?<\/a><\/p>\n\n\n\n<h3 class=\"wp-block-heading\"><span class=\"ez-toc-section\" id=\"Consejos_para_mantener_la_casa_calida_de_manera_eficiente\"><\/span>Consejos para mantener la casa c\u00e1lida de manera eficiente<span class=\"ez-toc-section-end\"><\/span><\/h3>\n\n\n\n<p>Estos son algunos consejos para mantener la casa caldeada en invierno:&nbsp;<\/p>\n\n\n\n<ul>\n<li><strong>Cierra las puertas<\/strong> para que no se escape el fr\u00edo.<\/li>\n\n\n\n<li><strong>Abre las persianas y cortinas<\/strong> para permitir que entre la luz solar.<\/li>\n\n\n\n<li><strong>Seca la ropa en el exterior<\/strong>. La humedad aumentar\u00e1 a\u00fan m\u00e1s la sensaci\u00f3n de fr\u00edo.<\/li>\n\n\n\n<li><strong>Refuerza el aislamiento<\/strong> de las puertas y ventanas.<\/li>\n\n\n\n<li>Evita colocar muebles <strong>delante de los radiadores<\/strong>.<\/li>\n\n\n\n<li><strong>Usa decoraci\u00f3n de invierno<\/strong>. Coloca alfombras de lana, mantas y cojines para mantenerte a una buena temperatura.&nbsp;<\/li>\n<\/ul>\n\n\n\n<h2 class=\"wp-block-heading\"><span class=\"ez-toc-section\" id=\"Factores_que_influyen_en_la_temperatura_ideal\"><\/span>Factores que influyen en la temperatura ideal<span class=\"ez-toc-section-end\"><\/span><\/h2>\n\n\n\n<p>La forma en la que se ha construido la vivienda, el n\u00famero de ocupantes y la orientaci\u00f3n de la misma determinan en gran medida la temperatura que acumula.<\/p>\n\n\n\n<h3 class=\"wp-block-heading\"><span class=\"ez-toc-section\" id=\"Tamano_y_tipo_de_vivienda\"><\/span>Tama\u00f1o y tipo de vivienda<span class=\"ez-toc-section-end\"><\/span><\/h3>\n\n\n\n<p>Una vivienda peque\u00f1a adquiere una temperatura homog\u00e9nea m\u00e1s r\u00e1pidamente. Por este motivo es m\u00e1s dif\u00edcil luchar contra el calor y el fr\u00edo. Por el contrario, si la vivienda es m\u00e1s grande podr\u00e1s usar las puertas como una barrera.<\/p>\n\n\n\n<p>Adem\u00e1s, la <a href=\"https:\/\/www.generali.es\/blog\/tuasesorhogar\/mejor-orientacion-casa\/\">orientaci\u00f3n de la vivienda<\/a> marca la diferencia:&nbsp;<\/p>\n\n\n\n<ul>\n<li><strong>Orientaci\u00f3n norte<\/strong>: suelen ser viviendas m\u00e1s fr\u00edas en invierno.<\/li>\n\n\n\n<li><strong>Orientaci\u00f3n sur<\/strong>: absorbe mucha radiaci\u00f3n. Suelen ser m\u00e1s calurosas en verano.<\/li>\n\n\n\n<li><strong>Orientaci\u00f3n este<\/strong>: ofrece mucha eficiencia energ\u00e9tica. Se recomiendan para climas calurosos.<\/li>\n\n\n\n<li><strong>Orientaci\u00f3n oeste<\/strong>: recibe mucha luz por las tardes por lo que tendr\u00e1s que usar el aire acondicionado por las noches. Se recomiendan para climas fr\u00edos.&nbsp;<\/li>\n<\/ul>\n\n\n\n<h3 class=\"wp-block-heading\"><span class=\"ez-toc-section\" id=\"Numero_de_ocupantes\"><\/span>N\u00famero de ocupantes<span class=\"ez-toc-section-end\"><\/span><\/h3>\n\n\n\n<p>Se suele decir que nunca llueve a gusto de todos. Cuando se trata de la temperatura ideal del aire acondicionado, cada individuo tiene su propia percepci\u00f3n del clima de confort. Eso dificulta <strong>encontrar un consenso en la familia<\/strong>.<\/p>\n\n\n\n<h3 class=\"wp-block-heading\"><span class=\"ez-toc-section\" id=\"Aislamiento_de_la_casa\"><\/span>Aislamiento de la casa<span class=\"ez-toc-section-end\"><\/span><\/h3>\n\n\n\n<p>El aislamiento es determinante cuando hablamos de eficiencia energ\u00e9tica. Una vivienda bien aislada apenas tendr\u00e1 que usar calefacci\u00f3n en invierno. Y puntualmente aire acondicionado.<\/p>\n\n\n\n<p>El <strong>aislamiento m\u00e1s efectivo<\/strong> se suele colocar en las <strong>paredes, puertas, ventanas y fachadas<\/strong> de los edificios. Si resides en una vivienda antigua, considera realizar una peque\u00f1a reforma para mejorar el aislamiento.<\/p>\n\n\n\n<p><strong>\u25b7 \u00bfLo sab\u00edas? <\/strong><a href=\"https:\/\/www.generali.es\/blog\/tuasesorhogar\/ayudas-eficiencia-energetica\/\">Ayudas de eficiencia energ\u00e9tica<\/a>: \u00bfc\u00f3mo aprovecharlas?<\/p>\n\n\n\n<h3 class=\"wp-block-heading\"><span class=\"ez-toc-section\" id=\"Uso_de_otros_electrodomesticos_y_fuentes_de_calorfrio\"><\/span>Uso de otros electrodom\u00e9sticos y fuentes de calor\/fr\u00edo<span class=\"ez-toc-section-end\"><\/span><\/h3>\n\n\n\n<p>Algunos electrodom\u00e9sticos pueden influir en la temperatura ideal de una casa. Por ejemplo, el <strong>uso del horno en verano est\u00e1 desaconsejado<\/strong>. Este electrodom\u00e9stico supone una fuente de calor que har\u00e1 subir a\u00fan m\u00e1s la temperatura de casa.<\/p>\n\n\n\n<p>Lo mismo ocurre con el lavavajillas o algunos modelos de nevera. <strong>Tienden a sobrecalentarse <\/strong>aumentando a\u00fan m\u00e1s el calor en casa.<\/p>\n\n\n\n<h2 class=\"wp-block-heading\"><span class=\"ez-toc-section\" id=\"Consejos_para_maximizar_el_ahorro_con_el_aire_acondicionado\"><\/span>Consejos para maximizar el ahorro con el aire acondicionado<span class=\"ez-toc-section-end\"><\/span><\/h2>\n\n\n\n<p>Trata de combinar el uso del aire acondicionado con otras soluciones para conseguir una temperatura ideal del aire acondicionado.<\/p>\n\n\n\n<h3 class=\"wp-block-heading\"><span class=\"ez-toc-section\" id=\"Uso_de_termostatos_inteligentes\"><\/span>Uso de termostatos inteligentes<span class=\"ez-toc-section-end\"><\/span><\/h3>\n\n\n\n<p>Los mejores modelos permiten <strong>regular la temperatura incluso desde el tel\u00e9fono m\u00f3vil<\/strong>. La gran ventaja de los termostatos inteligentes es que puedes programarlos para asegurar que est\u00e1n encendidos solo cuando los necesitas. Adem\u00e1s, permiten mantener la temperatura de la casa constante, evitando esos picos de consumo tan costosos.<\/p>\n\n\n\n<p>\u25b7 <strong>\u00datil para ti: <\/strong><a href=\"https:\/\/www.generali.es\/blog\/tuasesorhogar\/como-ahorrar-energia-casa\/\">\u00bfC\u00f3mo ahorrar energ\u00eda en casa?<\/a> 10 trucos que funcionan<\/p>\n\n\n\n<h3 class=\"wp-block-heading\"><span class=\"ez-toc-section\" id=\"Mantenimiento_regular_del_aire_acondicionado\"><\/span>Mantenimiento regular del aire acondicionado<span class=\"ez-toc-section-end\"><\/span><\/h3>\n\n\n\n<p><strong>Limpiar los filtros del aire acondicionado<\/strong> es vital para maximizar su eficiencia. La acumulaci\u00f3n de polvo o suciedad en su interior provoca que las resistencias tengan que hacer un esfuerzo mayor para enfriar la casa.<\/p>\n\n\n\n<h3 class=\"wp-block-heading\"><span class=\"ez-toc-section\" id=\"Aprovechamiento_de_la_ventilacion_natural\"><\/span>Aprovechamiento de la ventilaci\u00f3n natural<span class=\"ez-toc-section-end\"><\/span><\/h3>\n\n\n\n<p>Un truco muy \u00fatil para luchar contra las altas temperaturas es <strong>generar corrientes de ventilaci\u00f3n natural <\/strong>en casa. Para ello, abre varias puertas y ventanas de la casa permitiendo que el aire circule por su interior. El calor concentrado se ir\u00e1 y conseguir\u00e1s una agradable brisa.<\/p>\n\n\n\n<h3 class=\"wp-block-heading\"><span class=\"ez-toc-section\" id=\"Uso_de_cortinas_y_persianas_para_controlar_la_temperatura_interior\"><\/span>Uso de cortinas y persianas para controlar la temperatura interior<span class=\"ez-toc-section-end\"><\/span><\/h3>\n\n\n\n<p><strong>Las persianas son un buen escudo<\/strong> para frenar los rayos de sol m\u00e1s calurosos. En el caso de las cortinas, se recomienda usar unas gruesas que impiden que la radiaci\u00f3n las atraviese.<\/p>\n\n\n\n<h2 class=\"wp-block-heading\"><span class=\"ez-toc-section\" id=\"Preguntas_frecuentes\"><\/span>Preguntas frecuentes<span class=\"ez-toc-section-end\"><\/span><\/h2>\n\n\n\n<h3 class=\"wp-block-heading\"><span class=\"ez-toc-section\" id=\"%C2%BFCual_es_la_temperatura_optima_para_ahorrar_con_el_aire_acondicionado\"><\/span>\u00bfCu\u00e1l es la temperatura \u00f3ptima para ahorrar con el aire acondicionado?<span class=\"ez-toc-section-end\"><\/span><\/h3>\n\n\n\n<p>La temperatura \u00f3ptima para ahorrar en aire acondicionado es entre <strong>24\u00baC-26\u00baC en verano<\/strong>, y <strong>20\u00baC-22\u00baC en invierno<\/strong>.<\/p>\n\n\n\n<h3 class=\"wp-block-heading\"><span class=\"ez-toc-section\" id=\"%C2%BFComo_hacer_para_que_el_aire_acondicionado_consuma_menos\"><\/span>\u00bfC\u00f3mo hacer para que el aire acondicionado consuma menos?<span class=\"ez-toc-section-end\"><\/span><\/h3>\n\n\n\n<p><strong>Limpiar bien los filtros<\/strong> y mantener el aire acondicionado a una <strong>temperatura moderada <\/strong>evitar\u00e1 que consuma tanto.<\/p>\n\n\n\n<h3 class=\"wp-block-heading\"><span class=\"ez-toc-section\" id=\"%C2%BFComo_afecta_la_humedad_a_la_temperatura_ideal_del_aire_acondicionado\"><\/span>\u00bfC\u00f3mo afecta la humedad a la temperatura ideal del aire acondicionado?<span class=\"ez-toc-section-end\"><\/span><\/h3>\n\n\n\n<p><strong>La humedad intensifica la sensaci\u00f3n t\u00e9rmica<\/strong> de una estancia. En invierno una mayor humedad har\u00e1 que la casa se sienta m\u00e1s fr\u00eda. En verano, har\u00e1 que sudes m\u00e1s.<\/p>\n\n\n\n<h3 class=\"wp-block-heading\"><span class=\"ez-toc-section\" id=\"%C2%BFA_cuantos_grados_es_aconsejable_poner_el_aire_acondicionado\"><\/span>\u00bfA cu\u00e1ntos grados es aconsejable poner el aire acondicionado?<span class=\"ez-toc-section-end\"><\/span><\/h3>\n\n\n\n<p>Se aconseja poner el aire acondicionado a <strong>24\u00baC-26\u00baC en verano<\/strong> y <strong>20\u00baC-22\u00baC en invierno<\/strong> para moderar tu consumo de luz.<\/p>\n\n\n\n<h3 class=\"wp-block-heading\"><span class=\"ez-toc-section\" id=\"%C2%BFQue_otros_metodos_existen_para_ahorrar_energia_en_casa\"><\/span>\u00bfQu\u00e9 otros m\u00e9todos existen para ahorrar energ\u00eda en casa?<span class=\"ez-toc-section-end\"><\/span><\/h3>\n\n\n\n<p>El <strong>aislamiento de puertas y ventanas<\/strong>, el uso de textiles de decoraci\u00f3n adecuados y saber cu\u00e1nto ventilar la casa har\u00e1n que ahorres energ\u00eda.<\/p>\n\n\n\n<p><strong>En GENERALI somos expertos en <\/strong><a href=\"https:\/\/www.generali.es\/seguros-particulares\/hogar\">seguros de hogar<\/a>. Protege lo que m\u00e1s te importa con un seguro que se adapte a tu estilo de vida. <a href=\"https:\/\/www.generali.es\/landings\/seguro-hogar.html\">Cons\u00faltanos<\/a> sin compromiso.<\/p>\n\n\n\n<script type=\"application\/ld+json\">{\"@context\":\"https:\/\/schema.org\",\"@type\":\"FAQPage\",\"mainEntity\":[{\"@type\":\"Question\",\"name\":\"\u00bfCu\u00e1l es la temperatura \u00f3ptima para ahorrar con el aire acondicionado? \",\"acceptedAnswer\":{\"@type\":\"Answer\",\"text\":\"La temperatura \u00f3ptima para ahorrar en aire acondicionado es entre 24\u00baC-26\u00baC en verano, y 20\u00baC-22\u00baC en invierno. \"}},{\"@type\":\"Question\",\"name\":\"\u00bfC\u00f3mo hacer para que el aire acondicionado consuma menos? \",\"acceptedAnswer\":{\"@type\":\"Answer\",\"text\":\"Limpiar bien los filtros y mantener el aire acondicionado a una temperatura moderada evitar\u00e1 que consuma tanto. \"}},{\"@type\":\"Question\",\"name\":\"\u00bfC\u00f3mo afecta la humedad a la temperatura ideal del aire acondicionado? \",\"acceptedAnswer\":{\"@type\":\"Answer\",\"text\":\"La humedad intensifica la sensaci\u00f3n t\u00e9rmica de una estancia. En invierno una mayor humedad har\u00e1 que la casa se sienta m\u00e1s fr\u00eda. En verano, har\u00e1 que sudes m\u00e1s. \"}},{\"@type\":\"Question\",\"name\":\"\u00bfA cu\u00e1ntos grados es aconsejable poner el aire acondicionado? \",\"acceptedAnswer\":{\"@type\":\"Answer\",\"text\":\"Se aconseja poner el aire acondicionado a 24\u00baC-26\u00baC en verano y 20\u00baC-22\u00baC en invierno para moderar tu consumo de luz. \"}},{\"@type\":\"Question\",\"name\":\"\u00bfQu\u00e9 otros m\u00e9todos existen para ahorrar energ\u00eda en casa? \",\"acceptedAnswer\":{\"@type\":\"Answer\",\"text\":\"El aislamiento de puertas y ventanas, el uso de textiles de decoraci\u00f3n adecuados y saber cu\u00e1nto ventilar la casa har\u00e1n que ahorres energ\u00eda. \"}}]}<\/script>\n","protected":false},"excerpt":{"rendered":"<p>Con la llegada de las altas temperaturas el aire acondicionado es un aparato imprescindible. Es la forma de luchar contra el calor abrasador, aunque debemos usarlo con cautela para no disparar la factura de la luz. De hecho, existe una temperatura ideal del aire acondicionado para ahorrar. Descubre todos los trucos para usarlo eficientemente. La [&hellip;]<\/p>\n","protected":false},"author":1,"featured_media":5530,"comment_status":"open","ping_status":"open","sticky":false,"template":"","format":"standard","meta":{"footnotes":""},"categories":[3],"tags":[],"yoast_head":"<!-- This site is optimized with the Yoast SEO plugin v21.6 - https:\/\/yoast.com\/wordpress\/plugins\/seo\/ -->\n<title>MEJOR Temperatura del Aire Acondicionado para AHORRAR<\/title>\n<meta name=\"description\" content=\"ESTA es la temperatura ideal \u261d del aire acondicionado para AHORRAR energ\u00eda en VERANO e INVIERNO \u27a1\ufe0f \u00a1Mejora la eficiencia en tu hogar!\" \/>\n<meta name=\"robots\" content=\"index, follow, max-snippet:-1, max-image-preview:large, max-video-preview:-1\" \/>\n<link rel=\"canonical\" href=\"https:\/\/www.generali.es\/blog\/tuasesorhogar\/temperatura-ideal-aire-acondicionado-ahorrar\/\" \/>\n<meta name=\"twitter:label1\" content=\"Escrito por\" \/>\n\t<meta name=\"twitter:data1\" content=\"Equipo GENERALI\" \/>\n\t<meta name=\"twitter:label2\" content=\"Tiempo de lectura\" \/>\n\t<meta name=\"twitter:data2\" content=\"7 minutos\" \/>\n<script type=\"application\/ld+json\" class=\"yoast-schema-graph\">{\"@context\":\"https:\/\/schema.org\",\"@graph\":[{\"@type\":\"Article\",\"@id\":\"https:\/\/www.generali.es\/blog\/tuasesorhogar\/temperatura-ideal-aire-acondicionado-ahorrar\/#article\",\"isPartOf\":{\"@id\":\"https:\/\/www.generali.es\/blog\/tuasesorhogar\/temperatura-ideal-aire-acondicionado-ahorrar\/\"},\"author\":{\"name\":\"Equipo GENERALI\",\"@id\":\"https:\/\/www.generali.es\/blog\/tuasesorhogar\/#\/schema\/person\/b3e3621e80b273ef3366c6dc945ab47e\"},\"headline\":\"Esta es la temperatura ideal del aire acondicionado para ahorrar en casa\",\"datePublished\":\"2024-09-16T11:22:51+00:00\",\"dateModified\":\"2024-09-16T11:22:53+00:00\",\"mainEntityOfPage\":{\"@id\":\"https:\/\/www.generali.es\/blog\/tuasesorhogar\/temperatura-ideal-aire-acondicionado-ahorrar\/\"},\"wordCount\":1512,\"commentCount\":0,\"publisher\":{\"@id\":\"https:\/\/www.generali.es\/blog\/tuasesorhogar\/#organization\"},\"articleSection\":[\"Ahorro\"],\"inLanguage\":\"es\",\"potentialAction\":[{\"@type\":\"CommentAction\",\"name\":\"Comment\",\"target\":[\"https:\/\/www.generali.es\/blog\/tuasesorhogar\/temperatura-ideal-aire-acondicionado-ahorrar\/#respond\"]}]},{\"@type\":\"WebPage\",\"@id\":\"https:\/\/www.generali.es\/blog\/tuasesorhogar\/temperatura-ideal-aire-acondicionado-ahorrar\/\",\"url\":\"https:\/\/www.generali.es\/blog\/tuasesorhogar\/temperatura-ideal-aire-acondicionado-ahorrar\/\",\"name\":\"MEJOR Temperatura del Aire Acondicionado para AHORRAR\",\"isPartOf\":{\"@id\":\"https:\/\/www.generali.es\/blog\/tuasesorhogar\/#website\"},\"datePublished\":\"2024-09-16T11:22:51+00:00\",\"dateModified\":\"2024-09-16T11:22:53+00:00\",\"description\":\"ESTA es la temperatura ideal \u261d del aire acondicionado para AHORRAR energ\u00eda en VERANO e INVIERNO \u27a1\ufe0f \u00a1Mejora la eficiencia en tu hogar!\",\"breadcrumb\":{\"@id\":\"https:\/\/www.generali.es\/blog\/tuasesorhogar\/temperatura-ideal-aire-acondicionado-ahorrar\/#breadcrumb\"},\"inLanguage\":\"es\",\"potentialAction\":[{\"@type\":\"ReadAction\",\"target\":[\"https:\/\/www.generali.es\/blog\/tuasesorhogar\/temperatura-ideal-aire-acondicionado-ahorrar\/\"]}]},{\"@type\":\"BreadcrumbList\",\"@id\":\"https:\/\/www.generali.es\/blog\/tuasesorhogar\/temperatura-ideal-aire-acondicionado-ahorrar\/#breadcrumb\",\"itemListElement\":[{\"@type\":\"ListItem\",\"position\":1,\"name\":\"Home\",\"item\":\"https:\/\/www.generali.es\/blog\/tuasesorhogar\/\"},{\"@type\":\"ListItem\",\"position\":2,\"name\":\"Ahorro\",\"item\":\"https:\/\/www.generali.es\/blog\/tuasesorhogar\/ahorro\/\"},{\"@type\":\"ListItem\",\"position\":3,\"name\":\"Esta es la temperatura ideal del aire acondicionado para ahorrar en casa\"}]},{\"@type\":\"WebSite\",\"@id\":\"https:\/\/www.generali.es\/blog\/tuasesorhogar\/#website\",\"url\":\"https:\/\/www.generali.es\/blog\/tuasesorhogar\/\",\"name\":\"Tu Asesor de Hogar\",\"description\":\"Blog de Hogar de GENERALI\",\"publisher\":{\"@id\":\"https:\/\/www.generali.es\/blog\/tuasesorhogar\/#organization\"},\"potentialAction\":[{\"@type\":\"SearchAction\",\"target\":{\"@type\":\"EntryPoint\",\"urlTemplate\":\"https:\/\/www.generali.es\/blog\/tuasesorhogar\/?s={search_term_string}\"},\"query-input\":\"required name=search_term_string\"}],\"inLanguage\":\"es\"},{\"@type\":\"Organization\",\"@id\":\"https:\/\/www.generali.es\/blog\/tuasesorhogar\/#organization\",\"name\":\"Tu Asesor de Hogar\",\"url\":\"https:\/\/www.generali.es\/blog\/tuasesorhogar\/\",\"logo\":{\"@type\":\"ImageObject\",\"inLanguage\":\"es\",\"@id\":\"https:\/\/www.generali.es\/blog\/tuasesorhogar\/#\/schema\/logo\/image\/\",\"url\":\"https:\/\/www.generali.es\/blog\/tuasesorhogar\/wp-content\/uploads\/2021\/04\/generali.png\",\"contentUrl\":\"https:\/\/www.generali.es\/blog\/tuasesorhogar\/wp-content\/uploads\/2021\/04\/generali.png\",\"width\":100,\"height\":81,\"caption\":\"Tu Asesor de Hogar\"},\"image\":{\"@id\":\"https:\/\/www.generali.es\/blog\/tuasesorhogar\/#\/schema\/logo\/image\/\"}},{\"@type\":\"Person\",\"@id\":\"https:\/\/www.generali.es\/blog\/tuasesorhogar\/#\/schema\/person\/b3e3621e80b273ef3366c6dc945ab47e\",\"name\":\"Equipo GENERALI\",\"image\":{\"@type\":\"ImageObject\",\"inLanguage\":\"es\",\"@id\":\"https:\/\/www.generali.es\/blog\/tuasesorhogar\/#\/schema\/person\/image\/\",\"url\":\"https:\/\/www.generali.es\/blog\/tuasesorhogar\/wp-content\/uploads\/2020\/11\/equipo_generali-150x150.jpg\",\"contentUrl\":\"https:\/\/www.generali.es\/blog\/tuasesorhogar\/wp-content\/uploads\/2020\/11\/equipo_generali-150x150.jpg\",\"caption\":\"Equipo GENERALI\"},\"description\":\"El equipo de Tu Asesor Hogar est\u00e1 compuesto por especialistas en la seguridad, el bricolaje y ahorro en el hogar, as\u00ed como profesionales t\u00e9cnicos de los seguros de hogar. Te ayudamos a que tengas una vida m\u00e1s segura y tranquila y te ofrecemos contenido \u00fatil para tu d\u00eda a d\u00eda.\",\"url\":\"https:\/\/www.generali.es\/blog\/tuasesorhogar\/author\/generali_asesor\/\"}]}<\/script>\n<!-- \/ Yoast SEO plugin. -->","yoast_head_json":{"title":"MEJOR Temperatura del Aire Acondicionado para AHORRAR","description":"ESTA es la temperatura ideal \u261d del aire acondicionado para AHORRAR energ\u00eda en VERANO e INVIERNO \u27a1\ufe0f \u00a1Mejora la eficiencia en tu hogar!","robots":{"index":"index","follow":"follow","max-snippet":"max-snippet:-1","max-image-preview":"max-image-preview:large","max-video-preview":"max-video-preview:-1"},"canonical":"https:\/\/www.generali.es\/blog\/tuasesorhogar\/temperatura-ideal-aire-acondicionado-ahorrar\/","twitter_misc":{"Escrito por":"Equipo GENERALI","Tiempo de lectura":"7 minutos"},"schema":{"@context":"https:\/\/schema.org","@graph":[{"@type":"Article","@id":"https:\/\/www.generali.es\/blog\/tuasesorhogar\/temperatura-ideal-aire-acondicionado-ahorrar\/#article","isPartOf":{"@id":"https:\/\/www.generali.es\/blog\/tuasesorhogar\/temperatura-ideal-aire-acondicionado-ahorrar\/"},"author":{"name":"Equipo GENERALI","@id":"https:\/\/www.generali.es\/blog\/tuasesorhogar\/#\/schema\/person\/b3e3621e80b273ef3366c6dc945ab47e"},"headline":"Esta es la temperatura ideal del aire acondicionado para ahorrar en casa","datePublished":"2024-09-16T11:22:51+00:00","dateModified":"2024-09-16T11:22:53+00:00","mainEntityOfPage":{"@id":"https:\/\/www.generali.es\/blog\/tuasesorhogar\/temperatura-ideal-aire-acondicionado-ahorrar\/"},"wordCount":1512,"commentCount":0,"publisher":{"@id":"https:\/\/www.generali.es\/blog\/tuasesorhogar\/#organization"},"articleSection":["Ahorro"],"inLanguage":"es","potentialAction":[{"@type":"CommentAction","name":"Comment","target":["https:\/\/www.generali.es\/blog\/tuasesorhogar\/temperatura-ideal-aire-acondicionado-ahorrar\/#respond"]}]},{"@type":"WebPage","@id":"https:\/\/www.generali.es\/blog\/tuasesorhogar\/temperatura-ideal-aire-acondicionado-ahorrar\/","url":"https:\/\/www.generali.es\/blog\/tuasesorhogar\/temperatura-ideal-aire-acondicionado-ahorrar\/","name":"MEJOR Temperatura del Aire Acondicionado para AHORRAR","isPartOf":{"@id":"https:\/\/www.generali.es\/blog\/tuasesorhogar\/#website"},"datePublished":"2024-09-16T11:22:51+00:00","dateModified":"2024-09-16T11:22:53+00:00","description":"ESTA es la temperatura ideal \u261d del aire acondicionado para AHORRAR energ\u00eda en VERANO e INVIERNO \u27a1\ufe0f \u00a1Mejora la eficiencia en tu hogar!","breadcrumb":{"@id":"https:\/\/www.generali.es\/blog\/tuasesorhogar\/temperatura-ideal-aire-acondicionado-ahorrar\/#breadcrumb"},"inLanguage":"es","potentialAction":[{"@type":"ReadAction","target":["https:\/\/www.generali.es\/blog\/tuasesorhogar\/temperatura-ideal-aire-acondicionado-ahorrar\/"]}]},{"@type":"BreadcrumbList","@id":"https:\/\/www.generali.es\/blog\/tuasesorhogar\/temperatura-ideal-aire-acondicionado-ahorrar\/#breadcrumb","itemListElement":[{"@type":"ListItem","position":1,"name":"Home","item":"https:\/\/www.generali.es\/blog\/tuasesorhogar\/"},{"@type":"ListItem","position":2,"name":"Ahorro","item":"https:\/\/www.generali.es\/blog\/tuasesorhogar\/ahorro\/"},{"@type":"ListItem","position":3,"name":"Esta es la temperatura ideal del aire acondicionado para ahorrar en casa"}]},{"@type":"WebSite","@id":"https:\/\/www.generali.es\/blog\/tuasesorhogar\/#website","url":"https:\/\/www.generali.es\/blog\/tuasesorhogar\/","name":"Tu Asesor de Hogar","description":"Blog de Hogar de GENERALI","publisher":{"@id":"https:\/\/www.generali.es\/blog\/tuasesorhogar\/#organization"},"potentialAction":[{"@type":"SearchAction","target":{"@type":"EntryPoint","urlTemplate":"https:\/\/www.generali.es\/blog\/tuasesorhogar\/?s={search_term_string}"},"query-input":"required name=search_term_string"}],"inLanguage":"es"},{"@type":"Organization","@id":"https:\/\/www.generali.es\/blog\/tuasesorhogar\/#organization","name":"Tu Asesor de Hogar","url":"https:\/\/www.generali.es\/blog\/tuasesorhogar\/","logo":{"@type":"ImageObject","inLanguage":"es","@id":"https:\/\/www.generali.es\/blog\/tuasesorhogar\/#\/schema\/logo\/image\/","url":"https:\/\/www.generali.es\/blog\/tuasesorhogar\/wp-content\/uploads\/2021\/04\/generali.png","contentUrl":"https:\/\/www.generali.es\/blog\/tuasesorhogar\/wp-content\/uploads\/2021\/04\/generali.png","width":100,"height":81,"caption":"Tu Asesor de Hogar"},"image":{"@id":"https:\/\/www.generali.es\/blog\/tuasesorhogar\/#\/schema\/logo\/image\/"}},{"@type":"Person","@id":"https:\/\/www.generali.es\/blog\/tuasesorhogar\/#\/schema\/person\/b3e3621e80b273ef3366c6dc945ab47e","name":"Equipo GENERALI","image":{"@type":"ImageObject","inLanguage":"es","@id":"https:\/\/www.generali.es\/blog\/tuasesorhogar\/#\/schema\/person\/image\/","url":"https:\/\/www.generali.es\/blog\/tuasesorhogar\/wp-content\/uploads\/2020\/11\/equipo_generali-150x150.jpg","contentUrl":"https:\/\/www.generali.es\/blog\/tuasesorhogar\/wp-content\/uploads\/2020\/11\/equipo_generali-150x150.jpg","caption":"Equipo GENERALI"},"description":"El equipo de Tu Asesor Hogar est\u00e1 compuesto por especialistas en la seguridad, el bricolaje y ahorro en el hogar, as\u00ed como profesionales t\u00e9cnicos de los seguros de hogar. Te ayudamos a que tengas una vida m\u00e1s segura y tranquila y te ofrecemos contenido \u00fatil para tu d\u00eda a d\u00eda.","url":"https:\/\/www.generali.es\/blog\/tuasesorhogar\/author\/generali_asesor\/"}]}},"_links":{"self":[{"href":"https:\/\/www.generali.es\/blog\/tuasesorhogar\/wp-json\/wp\/v2\/posts\/5529"}],"collection":[{"href":"https:\/\/www.generali.es\/blog\/tuasesorhogar\/wp-json\/wp\/v2\/posts"}],"about":[{"href":"https:\/\/www.generali.es\/blog\/tuasesorhogar\/wp-json\/wp\/v2\/types\/post"}],"author":[{"embeddable":true,"href":"https:\/\/www.generali.es\/blog\/tuasesorhogar\/wp-json\/wp\/v2\/users\/1"}],"replies":[{"embeddable":true,"href":"https:\/\/www.generali.es\/blog\/tuasesorhogar\/wp-json\/wp\/v2\/comments?post=5529"}],"version-history":[{"count":2,"href":"https:\/\/www.generali.es\/blog\/tuasesorhogar\/wp-json\/wp\/v2\/posts\/5529\/revisions"}],"predecessor-version":[{"id":5532,"href":"https:\/\/www.generali.es\/blog\/tuasesorhogar\/wp-json\/wp\/v2\/posts\/5529\/revisions\/5532"}],"wp:featuredmedia":[{"embeddable":true,"href":"https:\/\/www.generali.es\/blog\/tuasesorhogar\/wp-json\/wp\/v2\/media\/5530"}],"wp:attachment":[{"href":"https:\/\/www.generali.es\/blog\/tuasesorhogar\/wp-json\/wp\/v2\/media?parent=5529"}],"wp:term":[{"taxonomy":"category","embeddable":true,"href":"https:\/\/www.generali.es\/blog\/tuasesorhogar\/wp-json\/wp\/v2\/categories?post=5529"},{"taxonomy":"post_tag","embeddable":true,"href":"https:\/\/www.generali.es\/blog\/tuasesorhogar\/wp-json\/wp\/v2\/tags?post=5529"}],"curies":[{"name":"wp","href":"https:\/\/api.w.org\/{rel}","templated":true}]}}