{"id":3849,"date":"2017-07-24T07:59:00","date_gmt":"2017-07-24T05:59:00","guid":{"rendered":"https:\/\/generali.devhogarth.com\/blog\/tuasesorhogar\/?p=3849"},"modified":"2023-09-28T12:12:24","modified_gmt":"2023-09-28T10:12:24","slug":"consejos-veranear-alquiler-buen-precio","status":"publish","type":"post","link":"https:\/\/www.generali.es\/blog\/tuasesorhogar\/consejos-veranear-alquiler-buen-precio\/","title":{"rendered":"Consejos para veranear de alquiler a buen precio"},"content":{"rendered":"\n<p><strong><a href=\"https:\/\/www.generali.es\/seguros-particulares\/alquiler-vivienda\">Alquilar<\/a> un piso para irnos de vacaciones puede resultar m\u00e1s econ\u00f3mico que ir a un hotel, pero hay que tener en cuenta algunas cosas antes de decantarnos por el alquiler, sobre todo para no acabar pagando un precio de hotel de lujo por un cobertizo desastroso. Sigue leyendo si quieres algunos consejos sobre c\u00f3mo saborear el encanto local con estilo y sin pagar m\u00e1s de la cuenta este verano.<\/strong><\/p>\n\n\n\n<p>En lugar de ir directamente al centro de la ciudad, <strong>investiga un poco m\u00e1s sobre el destino<\/strong> de vacaciones. \u00bfHay alg\u00fan barrio de moda en auge donde los precios de los alquileres sean m\u00e1s bajos? Por lo general all\u00ed encontrar\u00e1s las mejores ofertas, adem\u00e1s de f\u00e1cil acceso a los bares y restaurantes de moda. Intenta obtener la m\u00e1xima informaci\u00f3n del lugar por parte del propietario: puedes pedirle por ejemplo consejo sobre los lugares menos tur\u00edsticos&nbsp;d\u00f3nde ver, hacer y comer en esa ciudad. \u00a1Seguro que le encantar\u00e1 compartir sus lugares preferidos!<\/p>\n\n\n\n<p>Al planificar tus vacaciones, <strong>intenta ser flexible con las fechas<\/strong>. Los precios de los vuelos y alquileres pueden ser hasta&nbsp;<a href=\"https:\/\/www.skyscanner.es\/bttb\/mejor-momento-reservar-vuelo\" target=\"_blank\" rel=\"nofollow noopener noreferrer\">nueve veces<\/a>&nbsp;m\u00e1s caros durante las vacaciones escolares. Por ello, si puedes, evita la temporada alta y viaja en junio antes de que acaben las clases, o a finales de septiembre despu\u00e9s de la vuelta al colegio. Si tienes que viajar entre julio y agosto, reserva el alojamiento con la m\u00e1xima anticipaci\u00f3n posible e intenta ser extremadamente flexible con las fechas para conseguir una superoferta.<br>Mantente al d\u00eda tambi\u00e9n de los <strong>grandes acontecimientos de tu destino de vacaciones<\/strong>, como finales deportivas, festivales y desfiles, ya que pueden disparar los precios. Y no solo eso, ya que puede que tengas que compartir los bares y restaurantes con multitudes de aficionados al f\u00fatbol y sus c\u00e1nticos.<\/p>\n\n\n\n<p>Una vez tengas las fechas adecuadas y afinada la zona de b\u00fasqueda, es el momento de dar caza a esos escurridizos <strong>costes ocultos<\/strong>. Desde los&nbsp;costes de gesti\u00f3n&nbsp;hasta los&nbsp;<a rel=\"nofollow noopener noreferrer\" href=\"https:\/\/www.skyscanner.es\/noticias\/tamano-y-peso-del-equipaje-de-mano-segun-la-compania-aerea\" target=\"_blank\">gastos por exceso de equipaje<\/a>, todo puede acumularse y convertir tu presupuesto ajustado en astron\u00f3mico. Evita los gastos reduciendo el equipaje (intenta adoptar un estilo minimalista), eligiendo un apartamento con lavadora y tomando el desayuno en casa para ahorrarte esos car\u00edsimos caf\u00e9s y cruasanes de la cafeter\u00eda.<img loading=\"lazy\" decoding=\"async\" width=\"1\" height=\"1\" class=\"nc_pixel\" src=\"https:\/\/pixel.newscred.com\/px.gif?key=YXJ0aWNsZT1mZDEyNzY2OWJmZjYwNTY4MDI2YWJhNWMwOTQ1ZGMzMQ==\" alt=\"\"><\/p>\n","protected":false},"excerpt":{"rendered":"<p>Alquilar un piso para irnos de vacaciones puede resultar m\u00e1s econ\u00f3mico que ir a un hotel, pero hay que tener en cuenta algunas cosas antes de decantarnos por el alquiler, sobre todo para no acabar pagando un precio de hotel de lujo por un cobertizo desastroso. Sigue leyendo si quieres algunos consejos sobre c\u00f3mo saborear [&hellip;]<\/p>\n","protected":false},"author":1,"featured_media":4317,"comment_status":"closed","ping_status":"closed","sticky":false,"template":"","format":"standard","meta":{"footnotes":""},"categories":[3],"tags":[],"yoast_head":"<!-- This site is optimized with the Yoast SEO plugin v21.6 - https:\/\/yoast.com\/wordpress\/plugins\/seo\/ -->\n<title>Consejos para veranear de alquiler a buen precio - Tu Asesor de Hogar<\/title>\n<meta name=\"robots\" content=\"index, follow, max-snippet:-1, max-image-preview:large, max-video-preview:-1\" \/>\n<link rel=\"canonical\" href=\"https:\/\/www.generali.es\/blog\/tuasesorhogar\/consejos-veranear-alquiler-buen-precio\/\" \/>\n<meta name=\"twitter:label1\" content=\"Escrito por\" \/>\n\t<meta name=\"twitter:data1\" content=\"Equipo GENERALI\" \/>\n\t<meta name=\"twitter:label2\" content=\"Tiempo de lectura\" \/>\n\t<meta name=\"twitter:data2\" content=\"2 minutos\" \/>\n<script type=\"application\/ld+json\" class=\"yoast-schema-graph\">{\"@context\":\"https:\/\/schema.org\",\"@graph\":[{\"@type\":\"Article\",\"@id\":\"https:\/\/www.generali.es\/blog\/tuasesorhogar\/consejos-veranear-alquiler-buen-precio\/#article\",\"isPartOf\":{\"@id\":\"https:\/\/www.generali.es\/blog\/tuasesorhogar\/consejos-veranear-alquiler-buen-precio\/\"},\"author\":{\"name\":\"Equipo GENERALI\",\"@id\":\"https:\/\/www.generali.es\/blog\/tuasesorhogar\/#\/schema\/person\/b3e3621e80b273ef3366c6dc945ab47e\"},\"headline\":\"Consejos para veranear de alquiler a buen precio\",\"datePublished\":\"2017-07-24T05:59:00+00:00\",\"dateModified\":\"2023-09-28T10:12:24+00:00\",\"mainEntityOfPage\":{\"@id\":\"https:\/\/www.generali.es\/blog\/tuasesorhogar\/consejos-veranear-alquiler-buen-precio\/\"},\"wordCount\":413,\"publisher\":{\"@id\":\"https:\/\/www.generali.es\/blog\/tuasesorhogar\/#organization\"},\"articleSection\":[\"Ahorro\"],\"inLanguage\":\"es\"},{\"@type\":\"WebPage\",\"@id\":\"https:\/\/www.generali.es\/blog\/tuasesorhogar\/consejos-veranear-alquiler-buen-precio\/\",\"url\":\"https:\/\/www.generali.es\/blog\/tuasesorhogar\/consejos-veranear-alquiler-buen-precio\/\",\"name\":\"Consejos para veranear de alquiler a buen precio - Tu Asesor de Hogar\",\"isPartOf\":{\"@id\":\"https:\/\/www.generali.es\/blog\/tuasesorhogar\/#website\"},\"datePublished\":\"2017-07-24T05:59:00+00:00\",\"dateModified\":\"2023-09-28T10:12:24+00:00\",\"breadcrumb\":{\"@id\":\"https:\/\/www.generali.es\/blog\/tuasesorhogar\/consejos-veranear-alquiler-buen-precio\/#breadcrumb\"},\"inLanguage\":\"es\",\"potentialAction\":[{\"@type\":\"ReadAction\",\"target\":[\"https:\/\/www.generali.es\/blog\/tuasesorhogar\/consejos-veranear-alquiler-buen-precio\/\"]}]},{\"@type\":\"BreadcrumbList\",\"@id\":\"https:\/\/www.generali.es\/blog\/tuasesorhogar\/consejos-veranear-alquiler-buen-precio\/#breadcrumb\",\"itemListElement\":[{\"@type\":\"ListItem\",\"position\":1,\"name\":\"Home\",\"item\":\"https:\/\/www.generali.es\/blog\/tuasesorhogar\/\"},{\"@type\":\"ListItem\",\"position\":2,\"name\":\"Ahorro\",\"item\":\"https:\/\/www.generali.es\/blog\/tuasesorhogar\/ahorro\/\"},{\"@type\":\"ListItem\",\"position\":3,\"name\":\"Consejos para veranear de alquiler a buen precio\"}]},{\"@type\":\"WebSite\",\"@id\":\"https:\/\/www.generali.es\/blog\/tuasesorhogar\/#website\",\"url\":\"https:\/\/www.generali.es\/blog\/tuasesorhogar\/\",\"name\":\"Tu Asesor de Hogar\",\"description\":\"Blog de Hogar de GENERALI\",\"publisher\":{\"@id\":\"https:\/\/www.generali.es\/blog\/tuasesorhogar\/#organization\"},\"potentialAction\":[{\"@type\":\"SearchAction\",\"target\":{\"@type\":\"EntryPoint\",\"urlTemplate\":\"https:\/\/www.generali.es\/blog\/tuasesorhogar\/?s={search_term_string}\"},\"query-input\":\"required name=search_term_string\"}],\"inLanguage\":\"es\"},{\"@type\":\"Organization\",\"@id\":\"https:\/\/www.generali.es\/blog\/tuasesorhogar\/#organization\",\"name\":\"Tu Asesor de Hogar\",\"url\":\"https:\/\/www.generali.es\/blog\/tuasesorhogar\/\",\"logo\":{\"@type\":\"ImageObject\",\"inLanguage\":\"es\",\"@id\":\"https:\/\/www.generali.es\/blog\/tuasesorhogar\/#\/schema\/logo\/image\/\",\"url\":\"https:\/\/www.generali.es\/blog\/tuasesorhogar\/wp-content\/uploads\/2021\/04\/generali.png\",\"contentUrl\":\"https:\/\/www.generali.es\/blog\/tuasesorhogar\/wp-content\/uploads\/2021\/04\/generali.png\",\"width\":100,\"height\":81,\"caption\":\"Tu Asesor de Hogar\"},\"image\":{\"@id\":\"https:\/\/www.generali.es\/blog\/tuasesorhogar\/#\/schema\/logo\/image\/\"}},{\"@type\":\"Person\",\"@id\":\"https:\/\/www.generali.es\/blog\/tuasesorhogar\/#\/schema\/person\/b3e3621e80b273ef3366c6dc945ab47e\",\"name\":\"Equipo GENERALI\",\"image\":{\"@type\":\"ImageObject\",\"inLanguage\":\"es\",\"@id\":\"https:\/\/www.generali.es\/blog\/tuasesorhogar\/#\/schema\/person\/image\/\",\"url\":\"https:\/\/www.generali.es\/blog\/tuasesorhogar\/wp-content\/uploads\/2020\/11\/equipo_generali-150x150.jpg\",\"contentUrl\":\"https:\/\/www.generali.es\/blog\/tuasesorhogar\/wp-content\/uploads\/2020\/11\/equipo_generali-150x150.jpg\",\"caption\":\"Equipo GENERALI\"},\"description\":\"El equipo de Tu Asesor Hogar est\u00e1 compuesto por especialistas en la seguridad, el bricolaje y ahorro en el hogar, as\u00ed como profesionales t\u00e9cnicos de los seguros de hogar. Te ayudamos a que tengas una vida m\u00e1s segura y tranquila y te ofrecemos contenido \u00fatil para tu d\u00eda a d\u00eda.\",\"url\":\"https:\/\/www.generali.es\/blog\/tuasesorhogar\/author\/generali_asesor\/\"}]}<\/script>\n<!-- \/ Yoast SEO plugin. -->","yoast_head_json":{"title":"Consejos para veranear de alquiler a buen precio - Tu Asesor de Hogar","robots":{"index":"index","follow":"follow","max-snippet":"max-snippet:-1","max-image-preview":"max-image-preview:large","max-video-preview":"max-video-preview:-1"},"canonical":"https:\/\/www.generali.es\/blog\/tuasesorhogar\/consejos-veranear-alquiler-buen-precio\/","twitter_misc":{"Escrito por":"Equipo GENERALI","Tiempo de lectura":"2 minutos"},"schema":{"@context":"https:\/\/schema.org","@graph":[{"@type":"Article","@id":"https:\/\/www.generali.es\/blog\/tuasesorhogar\/consejos-veranear-alquiler-buen-precio\/#article","isPartOf":{"@id":"https:\/\/www.generali.es\/blog\/tuasesorhogar\/consejos-veranear-alquiler-buen-precio\/"},"author":{"name":"Equipo GENERALI","@id":"https:\/\/www.generali.es\/blog\/tuasesorhogar\/#\/schema\/person\/b3e3621e80b273ef3366c6dc945ab47e"},"headline":"Consejos para veranear de alquiler a buen precio","datePublished":"2017-07-24T05:59:00+00:00","dateModified":"2023-09-28T10:12:24+00:00","mainEntityOfPage":{"@id":"https:\/\/www.generali.es\/blog\/tuasesorhogar\/consejos-veranear-alquiler-buen-precio\/"},"wordCount":413,"publisher":{"@id":"https:\/\/www.generali.es\/blog\/tuasesorhogar\/#organization"},"articleSection":["Ahorro"],"inLanguage":"es"},{"@type":"WebPage","@id":"https:\/\/www.generali.es\/blog\/tuasesorhogar\/consejos-veranear-alquiler-buen-precio\/","url":"https:\/\/www.generali.es\/blog\/tuasesorhogar\/consejos-veranear-alquiler-buen-precio\/","name":"Consejos para veranear de alquiler a buen precio - Tu Asesor de Hogar","isPartOf":{"@id":"https:\/\/www.generali.es\/blog\/tuasesorhogar\/#website"},"datePublished":"2017-07-24T05:59:00+00:00","dateModified":"2023-09-28T10:12:24+00:00","breadcrumb":{"@id":"https:\/\/www.generali.es\/blog\/tuasesorhogar\/consejos-veranear-alquiler-buen-precio\/#breadcrumb"},"inLanguage":"es","potentialAction":[{"@type":"ReadAction","target":["https:\/\/www.generali.es\/blog\/tuasesorhogar\/consejos-veranear-alquiler-buen-precio\/"]}]},{"@type":"BreadcrumbList","@id":"https:\/\/www.generali.es\/blog\/tuasesorhogar\/consejos-veranear-alquiler-buen-precio\/#breadcrumb","itemListElement":[{"@type":"ListItem","position":1,"name":"Home","item":"https:\/\/www.generali.es\/blog\/tuasesorhogar\/"},{"@type":"ListItem","position":2,"name":"Ahorro","item":"https:\/\/www.generali.es\/blog\/tuasesorhogar\/ahorro\/"},{"@type":"ListItem","position":3,"name":"Consejos para veranear de alquiler a buen precio"}]},{"@type":"WebSite","@id":"https:\/\/www.generali.es\/blog\/tuasesorhogar\/#website","url":"https:\/\/www.generali.es\/blog\/tuasesorhogar\/","name":"Tu Asesor de Hogar","description":"Blog de Hogar de GENERALI","publisher":{"@id":"https:\/\/www.generali.es\/blog\/tuasesorhogar\/#organization"},"potentialAction":[{"@type":"SearchAction","target":{"@type":"EntryPoint","urlTemplate":"https:\/\/www.generali.es\/blog\/tuasesorhogar\/?s={search_term_string}"},"query-input":"required name=search_term_string"}],"inLanguage":"es"},{"@type":"Organization","@id":"https:\/\/www.generali.es\/blog\/tuasesorhogar\/#organization","name":"Tu Asesor de Hogar","url":"https:\/\/www.generali.es\/blog\/tuasesorhogar\/","logo":{"@type":"ImageObject","inLanguage":"es","@id":"https:\/\/www.generali.es\/blog\/tuasesorhogar\/#\/schema\/logo\/image\/","url":"https:\/\/www.generali.es\/blog\/tuasesorhogar\/wp-content\/uploads\/2021\/04\/generali.png","contentUrl":"https:\/\/www.generali.es\/blog\/tuasesorhogar\/wp-content\/uploads\/2021\/04\/generali.png","width":100,"height":81,"caption":"Tu Asesor de Hogar"},"image":{"@id":"https:\/\/www.generali.es\/blog\/tuasesorhogar\/#\/schema\/logo\/image\/"}},{"@type":"Person","@id":"https:\/\/www.generali.es\/blog\/tuasesorhogar\/#\/schema\/person\/b3e3621e80b273ef3366c6dc945ab47e","name":"Equipo GENERALI","image":{"@type":"ImageObject","inLanguage":"es","@id":"https:\/\/www.generali.es\/blog\/tuasesorhogar\/#\/schema\/person\/image\/","url":"https:\/\/www.generali.es\/blog\/tuasesorhogar\/wp-content\/uploads\/2020\/11\/equipo_generali-150x150.jpg","contentUrl":"https:\/\/www.generali.es\/blog\/tuasesorhogar\/wp-content\/uploads\/2020\/11\/equipo_generali-150x150.jpg","caption":"Equipo GENERALI"},"description":"El equipo de Tu Asesor Hogar est\u00e1 compuesto por especialistas en la seguridad, el bricolaje y ahorro en el hogar, as\u00ed como profesionales t\u00e9cnicos de los seguros de hogar. Te ayudamos a que tengas una vida m\u00e1s segura y tranquila y te ofrecemos contenido \u00fatil para tu d\u00eda a d\u00eda.","url":"https:\/\/www.generali.es\/blog\/tuasesorhogar\/author\/generali_asesor\/"}]}},"_links":{"self":[{"href":"https:\/\/www.generali.es\/blog\/tuasesorhogar\/wp-json\/wp\/v2\/posts\/3849"}],"collection":[{"href":"https:\/\/www.generali.es\/blog\/tuasesorhogar\/wp-json\/wp\/v2\/posts"}],"about":[{"href":"https:\/\/www.generali.es\/blog\/tuasesorhogar\/wp-json\/wp\/v2\/types\/post"}],"author":[{"embeddable":true,"href":"https:\/\/www.generali.es\/blog\/tuasesorhogar\/wp-json\/wp\/v2\/users\/1"}],"replies":[{"embeddable":true,"href":"https:\/\/www.generali.es\/blog\/tuasesorhogar\/wp-json\/wp\/v2\/comments?post=3849"}],"version-history":[{"count":3,"href":"https:\/\/www.generali.es\/blog\/tuasesorhogar\/wp-json\/wp\/v2\/posts\/3849\/revisions"}],"predecessor-version":[{"id":5240,"href":"https:\/\/www.generali.es\/blog\/tuasesorhogar\/wp-json\/wp\/v2\/posts\/3849\/revisions\/5240"}],"wp:featuredmedia":[{"embeddable":true,"href":"https:\/\/www.generali.es\/blog\/tuasesorhogar\/wp-json\/wp\/v2\/media\/4317"}],"wp:attachment":[{"href":"https:\/\/www.generali.es\/blog\/tuasesorhogar\/wp-json\/wp\/v2\/media?parent=3849"}],"wp:term":[{"taxonomy":"category","embeddable":true,"href":"https:\/\/www.generali.es\/blog\/tuasesorhogar\/wp-json\/wp\/v2\/categories?post=3849"},{"taxonomy":"post_tag","embeddable":true,"href":"https:\/\/www.generali.es\/blog\/tuasesorhogar\/wp-json\/wp\/v2\/tags?post=3849"}],"curies":[{"name":"wp","href":"https:\/\/api.w.org\/{rel}","templated":true}]}}