{"id":3824,"date":"2018-01-16T10:01:00","date_gmt":"2018-01-16T09:01:00","guid":{"rendered":"https:\/\/generali.devhogarth.com\/blog\/tuasesorhogar\/?p=3824"},"modified":"2023-09-28T12:17:02","modified_gmt":"2023-09-28T10:17:02","slug":"prepara-tu-vivienda-de-alquiler-para-el-invierno","status":"publish","type":"post","link":"https:\/\/www.generali.es\/blog\/tuasesorhogar\/prepara-tu-vivienda-de-alquiler-para-el-invierno\/","title":{"rendered":"Prepara tu vivienda de alquiler para el invierno"},"content":{"rendered":"\n<p>El invierno est\u00e1 aqu\u00ed, y eso solo significa una cosa para los propietarios: la temida posibilidad de que las cosas vayan mal en la <a href=\"https:\/\/www.generali.es\/seguros-particulares\/alquiler-vivienda\">vivienda que alquilan<\/a>. Desde calderas averiadas hasta luces defectuosas: el fr\u00edo puede traer todo tipo de problemas que deber\u00e1n solucionar los propietarios.<\/p>\n\n\n\n<p>Pero hay muchas opciones para proteger tu vivienda durante el invierno, y todas pasan por un buen mantenimiento y una planificaci\u00f3n previa. Esto es lo que debes saber.<\/p>\n\n\n\n<div id=\"ez-toc-container\" class=\"ez-toc-v2_0_58 counter-hierarchy ez-toc-counter ez-toc-custom ez-toc-container-direction\">\n<p class=\"ez-toc-title\">&Iacute;ndice<\/p>\n<label for=\"ez-toc-cssicon-toggle-item-69efa96ecb751\" class=\"ez-toc-cssicon-toggle-label\"><span class=\"\"><span class=\"eztoc-hide\" style=\"display:none;\">Toggle<\/span><span class=\"ez-toc-icon-toggle-span\"><svg style=\"fill: #ffffff;color:#ffffff\" xmlns=\"http:\/\/www.w3.org\/2000\/svg\" class=\"list-377408\" width=\"20px\" height=\"20px\" viewBox=\"0 0 24 24\" fill=\"none\"><path d=\"M6 6H4v2h2V6zm14 0H8v2h12V6zM4 11h2v2H4v-2zm16 0H8v2h12v-2zM4 16h2v2H4v-2zm16 0H8v2h12v-2z\" fill=\"currentColor\"><\/path><\/svg><svg style=\"fill: #ffffff;color:#ffffff\" class=\"arrow-unsorted-368013\" xmlns=\"http:\/\/www.w3.org\/2000\/svg\" width=\"10px\" height=\"10px\" viewBox=\"0 0 24 24\" version=\"1.2\" baseProfile=\"tiny\"><path d=\"M18.2 9.3l-6.2-6.3-6.2 6.3c-.2.2-.3.4-.3.7s.1.5.3.7c.2.2.4.3.7.3h11c.3 0 .5-.1.7-.3.2-.2.3-.5.3-.7s-.1-.5-.3-.7zM5.8 14.7l6.2 6.3 6.2-6.3c.2-.2.3-.5.3-.7s-.1-.5-.3-.7c-.2-.2-.4-.3-.7-.3h-11c-.3 0-.5.1-.7.3-.2.2-.3.5-.3.7s.1.5.3.7z\"\/><\/svg><\/span><\/span><\/label><input type=\"checkbox\"  id=\"ez-toc-cssicon-toggle-item-69efa96ecb751\" checked aria-label=\"Toggle\" \/><nav><ul class='ez-toc-list ez-toc-list-level-1 ' ><li class='ez-toc-page-1 ez-toc-heading-level-2'><a class=\"ez-toc-link ez-toc-heading-1\" href=\"https:\/\/www.generali.es\/blog\/tuasesorhogar\/prepara-tu-vivienda-de-alquiler-para-el-invierno\/#Trabajar_del_exterior_hacia_el_interior\" title=\"Trabajar del exterior hacia el interior\">Trabajar del exterior hacia el interior<\/a><\/li><li class='ez-toc-page-1 ez-toc-heading-level-2'><a class=\"ez-toc-link ez-toc-heading-2\" href=\"https:\/\/www.generali.es\/blog\/tuasesorhogar\/prepara-tu-vivienda-de-alquiler-para-el-invierno\/#Mantener_el_calor\" title=\"Mantener el calor\">Mantener el calor<\/a><\/li><li class='ez-toc-page-1 ez-toc-heading-level-2'><a class=\"ez-toc-link ez-toc-heading-3\" href=\"https:\/\/www.generali.es\/blog\/tuasesorhogar\/prepara-tu-vivienda-de-alquiler-para-el-invierno\/#Ayudar_a_los_inquilinos_a_ayudarse_a_si_mismos\" title=\"Ayudar a los inquilinos a ayudarse a s\u00ed mismos\">Ayudar a los inquilinos a ayudarse a s\u00ed mismos<\/a><\/li><\/ul><\/nav><\/div>\n<h2 class=\"wp-block-heading\"><span class=\"ez-toc-section\" id=\"Trabajar_del_exterior_hacia_el_interior\"><\/span><strong>Trabajar del exterior hacia el interior<\/strong><span class=\"ez-toc-section-end\"><\/span><\/h2>\n\n\n\n<p>Lo primero es lo primero: examina bien el exterior de la vivienda. \u00bfEst\u00e1n los canalones limpios? \u00bfNecesitan alg\u00fan tipo de reparaci\u00f3n? \u00bfHay alguna teja rota? Si hay alg\u00fan problema, solo empeorar\u00e1 con el fr\u00edo, as\u00ed que saca tiempo para arreglarlos ahora. Todos los senderos, los caminos y las entradas tienen que estar despejados y bien iluminados, as\u00ed que puede que valga la pena invertir en algunas luces de exterior si a\u00fan no lo has hecho; esto crear\u00e1 un ambiente agradable y dar\u00e1 m\u00e1s seguridad a tus inquilinos.<\/p>\n\n\n\n<h2 class=\"wp-block-heading\"><span class=\"ez-toc-section\" id=\"Mantener_el_calor\"><\/span><strong>Mantener el calor<\/strong><span class=\"ez-toc-section-end\"><\/span><\/h2>\n\n\n\n<p>Quieres que tus inquilinos tengan una casa seca y acogedora, as\u00ed que hay algunos aspectos esenciales que debes comprobar para asegurarte de no recibir llamadas continuas de un inquilino congelado. \u00bfLa caldera funciona correctamente? Es importante programar una <strong>revisi\u00f3n anual<\/strong> de la instalaci\u00f3n para tener la tranquilidad de que todo est\u00e1 bien. Tambi\u00e9n debes tener en cuenta que de vez en cuando hay que purgar los radiadores.<\/p>\n\n\n\n<p>Otro punto clave es el <strong>aislamiento<\/strong>: el doble acristalamiento, los burletes en ventanas y puertas para que no se cuele el fr\u00edo, el aislamiento para paredes huecas y las cortinas pueden ayudar a mantener el calor en el interior de manera eficiente.<\/p>\n\n\n\n<p>La <strong>humedad<\/strong> puede ser un grave problema en invierno, pero un deshumidificador mantendr\u00e1 la propiedad lo bastante seca; asimismo, los extractores autom\u00e1ticos en el ba\u00f1o y la cocina pueden atrapar el vapor sin necesidad de que los inquilinos abran las ventanas.&nbsp;<\/p>\n\n\n\n<h2 class=\"wp-block-heading\"><span class=\"ez-toc-section\" id=\"Ayudar_a_los_inquilinos_a_ayudarse_a_si_mismos\"><\/span><strong>Ayudar a los inquilinos a ayudarse a s\u00ed mismos<\/strong><span class=\"ez-toc-section-end\"><\/span><\/h2>\n\n\n\n<p>\u00bfQu\u00e9 necesitan saber los inquilinos para mantener la propiedad en buen estado de funcionamiento? Deja <strong>instrucciones claras<\/strong> sobre c\u00f3mo mantener la calefacci\u00f3n encendida a baja temperatura para que las tuber\u00edas no se congelen, sobre todo si se marchan en Navidades o si estar\u00e1n fuera un per\u00edodo de tiempo m\u00e1s largo.<\/p>\n\n\n\n<p>Aseg\u00farate de que saben d\u00f3nde est\u00e1 la <strong>llave de paso<\/strong>, por si hay una fuga y tienen que cortar el suministro de agua. Lo mismo ocurre con el sistema el\u00e9ctrico: los inquilinos deben saber d\u00f3nde est\u00e1 el interruptor general en el peor de los casos.<\/p>\n\n\n\n<p>Por \u00faltimo, facilita un <strong>n\u00famero de tel\u00e9fono activo<\/strong> al que tus inquilinos puedan llamarte en cualquier momento; esto podr\u00eda marcar la diferencia en caso de emergencia.<\/p>\n\n\n\n<p>Planear tu vida financiera con antelaci\u00f3n te proporcionar\u00e1 beneficios en el futuro. Descubre m\u00e1s sobre c\u00f3mo gastar de manera inteligente con nuestras gu\u00edas espec\u00edficas:<\/p>\n\n\n\n<p><a href=\"https:\/\/www.generali.es\/blog\/generalimasqueseguros\/jubilate-por-todo-lo-alto\/\" target=\"_blank\" rel=\"noreferrer noopener\">Jub\u00edlate por todo lo alto<\/a><\/p>\n\n\n\n<p><a href=\"https:\/\/www.generali.es\/blog\/generalimasqueseguros\/elabora-tu-presupuesto-en-cinco-pasos\/\" target=\"_blank\" rel=\"noreferrer noopener\">Elabora tu presupuesto en cinco pasos&nbsp;<\/a><\/p>\n","protected":false},"excerpt":{"rendered":"<p>El invierno est\u00e1 aqu\u00ed, y eso solo significa una cosa para los propietarios: la temida posibilidad de que las cosas vayan mal en la vivienda que alquilan. Desde calderas averiadas hasta luces defectuosas: el fr\u00edo puede traer todo tipo de problemas que deber\u00e1n solucionar los propietarios. Pero hay muchas opciones para proteger tu vivienda durante [&hellip;]<\/p>\n","protected":false},"author":1,"featured_media":4297,"comment_status":"closed","ping_status":"closed","sticky":false,"template":"","format":"standard","meta":{"footnotes":""},"categories":[3],"tags":[],"yoast_head":"<!-- This site is optimized with the Yoast SEO plugin v21.6 - https:\/\/yoast.com\/wordpress\/plugins\/seo\/ -->\n<title>Prepara tu vivienda de alquiler para el invierno - Tu Asesor de Hogar<\/title>\n<meta name=\"robots\" content=\"index, follow, max-snippet:-1, max-image-preview:large, max-video-preview:-1\" \/>\n<link rel=\"canonical\" href=\"https:\/\/www.generali.es\/blog\/tuasesorhogar\/prepara-tu-vivienda-de-alquiler-para-el-invierno\/\" \/>\n<meta name=\"twitter:label1\" content=\"Escrito por\" \/>\n\t<meta name=\"twitter:data1\" content=\"Equipo GENERALI\" \/>\n\t<meta name=\"twitter:label2\" content=\"Tiempo de lectura\" \/>\n\t<meta name=\"twitter:data2\" content=\"3 minutos\" \/>\n<script type=\"application\/ld+json\" class=\"yoast-schema-graph\">{\"@context\":\"https:\/\/schema.org\",\"@graph\":[{\"@type\":\"Article\",\"@id\":\"https:\/\/www.generali.es\/blog\/tuasesorhogar\/prepara-tu-vivienda-de-alquiler-para-el-invierno\/#article\",\"isPartOf\":{\"@id\":\"https:\/\/www.generali.es\/blog\/tuasesorhogar\/prepara-tu-vivienda-de-alquiler-para-el-invierno\/\"},\"author\":{\"name\":\"Equipo GENERALI\",\"@id\":\"https:\/\/www.generali.es\/blog\/tuasesorhogar\/#\/schema\/person\/b3e3621e80b273ef3366c6dc945ab47e\"},\"headline\":\"Prepara tu vivienda de alquiler para el invierno\",\"datePublished\":\"2018-01-16T09:01:00+00:00\",\"dateModified\":\"2023-09-28T10:17:02+00:00\",\"mainEntityOfPage\":{\"@id\":\"https:\/\/www.generali.es\/blog\/tuasesorhogar\/prepara-tu-vivienda-de-alquiler-para-el-invierno\/\"},\"wordCount\":530,\"publisher\":{\"@id\":\"https:\/\/www.generali.es\/blog\/tuasesorhogar\/#organization\"},\"articleSection\":[\"Ahorro\"],\"inLanguage\":\"es\"},{\"@type\":\"WebPage\",\"@id\":\"https:\/\/www.generali.es\/blog\/tuasesorhogar\/prepara-tu-vivienda-de-alquiler-para-el-invierno\/\",\"url\":\"https:\/\/www.generali.es\/blog\/tuasesorhogar\/prepara-tu-vivienda-de-alquiler-para-el-invierno\/\",\"name\":\"Prepara tu vivienda de alquiler para el invierno - Tu Asesor de Hogar\",\"isPartOf\":{\"@id\":\"https:\/\/www.generali.es\/blog\/tuasesorhogar\/#website\"},\"datePublished\":\"2018-01-16T09:01:00+00:00\",\"dateModified\":\"2023-09-28T10:17:02+00:00\",\"breadcrumb\":{\"@id\":\"https:\/\/www.generali.es\/blog\/tuasesorhogar\/prepara-tu-vivienda-de-alquiler-para-el-invierno\/#breadcrumb\"},\"inLanguage\":\"es\",\"potentialAction\":[{\"@type\":\"ReadAction\",\"target\":[\"https:\/\/www.generali.es\/blog\/tuasesorhogar\/prepara-tu-vivienda-de-alquiler-para-el-invierno\/\"]}]},{\"@type\":\"BreadcrumbList\",\"@id\":\"https:\/\/www.generali.es\/blog\/tuasesorhogar\/prepara-tu-vivienda-de-alquiler-para-el-invierno\/#breadcrumb\",\"itemListElement\":[{\"@type\":\"ListItem\",\"position\":1,\"name\":\"Home\",\"item\":\"https:\/\/www.generali.es\/blog\/tuasesorhogar\/\"},{\"@type\":\"ListItem\",\"position\":2,\"name\":\"Ahorro\",\"item\":\"https:\/\/www.generali.es\/blog\/tuasesorhogar\/ahorro\/\"},{\"@type\":\"ListItem\",\"position\":3,\"name\":\"Prepara tu vivienda de alquiler para el invierno\"}]},{\"@type\":\"WebSite\",\"@id\":\"https:\/\/www.generali.es\/blog\/tuasesorhogar\/#website\",\"url\":\"https:\/\/www.generali.es\/blog\/tuasesorhogar\/\",\"name\":\"Tu Asesor de Hogar\",\"description\":\"Blog de Hogar de GENERALI\",\"publisher\":{\"@id\":\"https:\/\/www.generali.es\/blog\/tuasesorhogar\/#organization\"},\"potentialAction\":[{\"@type\":\"SearchAction\",\"target\":{\"@type\":\"EntryPoint\",\"urlTemplate\":\"https:\/\/www.generali.es\/blog\/tuasesorhogar\/?s={search_term_string}\"},\"query-input\":\"required name=search_term_string\"}],\"inLanguage\":\"es\"},{\"@type\":\"Organization\",\"@id\":\"https:\/\/www.generali.es\/blog\/tuasesorhogar\/#organization\",\"name\":\"Tu Asesor de Hogar\",\"url\":\"https:\/\/www.generali.es\/blog\/tuasesorhogar\/\",\"logo\":{\"@type\":\"ImageObject\",\"inLanguage\":\"es\",\"@id\":\"https:\/\/www.generali.es\/blog\/tuasesorhogar\/#\/schema\/logo\/image\/\",\"url\":\"https:\/\/www.generali.es\/blog\/tuasesorhogar\/wp-content\/uploads\/2021\/04\/generali.png\",\"contentUrl\":\"https:\/\/www.generali.es\/blog\/tuasesorhogar\/wp-content\/uploads\/2021\/04\/generali.png\",\"width\":100,\"height\":81,\"caption\":\"Tu Asesor de Hogar\"},\"image\":{\"@id\":\"https:\/\/www.generali.es\/blog\/tuasesorhogar\/#\/schema\/logo\/image\/\"}},{\"@type\":\"Person\",\"@id\":\"https:\/\/www.generali.es\/blog\/tuasesorhogar\/#\/schema\/person\/b3e3621e80b273ef3366c6dc945ab47e\",\"name\":\"Equipo GENERALI\",\"image\":{\"@type\":\"ImageObject\",\"inLanguage\":\"es\",\"@id\":\"https:\/\/www.generali.es\/blog\/tuasesorhogar\/#\/schema\/person\/image\/\",\"url\":\"https:\/\/www.generali.es\/blog\/tuasesorhogar\/wp-content\/uploads\/2020\/11\/equipo_generali-150x150.jpg\",\"contentUrl\":\"https:\/\/www.generali.es\/blog\/tuasesorhogar\/wp-content\/uploads\/2020\/11\/equipo_generali-150x150.jpg\",\"caption\":\"Equipo GENERALI\"},\"description\":\"El equipo de Tu Asesor Hogar est\u00e1 compuesto por especialistas en la seguridad, el bricolaje y ahorro en el hogar, as\u00ed como profesionales t\u00e9cnicos de los seguros de hogar. Te ayudamos a que tengas una vida m\u00e1s segura y tranquila y te ofrecemos contenido \u00fatil para tu d\u00eda a d\u00eda.\",\"url\":\"https:\/\/www.generali.es\/blog\/tuasesorhogar\/author\/generali_asesor\/\"}]}<\/script>\n<!-- \/ Yoast SEO plugin. -->","yoast_head_json":{"title":"Prepara tu vivienda de alquiler para el invierno - Tu Asesor de Hogar","robots":{"index":"index","follow":"follow","max-snippet":"max-snippet:-1","max-image-preview":"max-image-preview:large","max-video-preview":"max-video-preview:-1"},"canonical":"https:\/\/www.generali.es\/blog\/tuasesorhogar\/prepara-tu-vivienda-de-alquiler-para-el-invierno\/","twitter_misc":{"Escrito por":"Equipo GENERALI","Tiempo de lectura":"3 minutos"},"schema":{"@context":"https:\/\/schema.org","@graph":[{"@type":"Article","@id":"https:\/\/www.generali.es\/blog\/tuasesorhogar\/prepara-tu-vivienda-de-alquiler-para-el-invierno\/#article","isPartOf":{"@id":"https:\/\/www.generali.es\/blog\/tuasesorhogar\/prepara-tu-vivienda-de-alquiler-para-el-invierno\/"},"author":{"name":"Equipo GENERALI","@id":"https:\/\/www.generali.es\/blog\/tuasesorhogar\/#\/schema\/person\/b3e3621e80b273ef3366c6dc945ab47e"},"headline":"Prepara tu vivienda de alquiler para el invierno","datePublished":"2018-01-16T09:01:00+00:00","dateModified":"2023-09-28T10:17:02+00:00","mainEntityOfPage":{"@id":"https:\/\/www.generali.es\/blog\/tuasesorhogar\/prepara-tu-vivienda-de-alquiler-para-el-invierno\/"},"wordCount":530,"publisher":{"@id":"https:\/\/www.generali.es\/blog\/tuasesorhogar\/#organization"},"articleSection":["Ahorro"],"inLanguage":"es"},{"@type":"WebPage","@id":"https:\/\/www.generali.es\/blog\/tuasesorhogar\/prepara-tu-vivienda-de-alquiler-para-el-invierno\/","url":"https:\/\/www.generali.es\/blog\/tuasesorhogar\/prepara-tu-vivienda-de-alquiler-para-el-invierno\/","name":"Prepara tu vivienda de alquiler para el invierno - Tu Asesor de Hogar","isPartOf":{"@id":"https:\/\/www.generali.es\/blog\/tuasesorhogar\/#website"},"datePublished":"2018-01-16T09:01:00+00:00","dateModified":"2023-09-28T10:17:02+00:00","breadcrumb":{"@id":"https:\/\/www.generali.es\/blog\/tuasesorhogar\/prepara-tu-vivienda-de-alquiler-para-el-invierno\/#breadcrumb"},"inLanguage":"es","potentialAction":[{"@type":"ReadAction","target":["https:\/\/www.generali.es\/blog\/tuasesorhogar\/prepara-tu-vivienda-de-alquiler-para-el-invierno\/"]}]},{"@type":"BreadcrumbList","@id":"https:\/\/www.generali.es\/blog\/tuasesorhogar\/prepara-tu-vivienda-de-alquiler-para-el-invierno\/#breadcrumb","itemListElement":[{"@type":"ListItem","position":1,"name":"Home","item":"https:\/\/www.generali.es\/blog\/tuasesorhogar\/"},{"@type":"ListItem","position":2,"name":"Ahorro","item":"https:\/\/www.generali.es\/blog\/tuasesorhogar\/ahorro\/"},{"@type":"ListItem","position":3,"name":"Prepara tu vivienda de alquiler para el invierno"}]},{"@type":"WebSite","@id":"https:\/\/www.generali.es\/blog\/tuasesorhogar\/#website","url":"https:\/\/www.generali.es\/blog\/tuasesorhogar\/","name":"Tu Asesor de Hogar","description":"Blog de Hogar de GENERALI","publisher":{"@id":"https:\/\/www.generali.es\/blog\/tuasesorhogar\/#organization"},"potentialAction":[{"@type":"SearchAction","target":{"@type":"EntryPoint","urlTemplate":"https:\/\/www.generali.es\/blog\/tuasesorhogar\/?s={search_term_string}"},"query-input":"required name=search_term_string"}],"inLanguage":"es"},{"@type":"Organization","@id":"https:\/\/www.generali.es\/blog\/tuasesorhogar\/#organization","name":"Tu Asesor de Hogar","url":"https:\/\/www.generali.es\/blog\/tuasesorhogar\/","logo":{"@type":"ImageObject","inLanguage":"es","@id":"https:\/\/www.generali.es\/blog\/tuasesorhogar\/#\/schema\/logo\/image\/","url":"https:\/\/www.generali.es\/blog\/tuasesorhogar\/wp-content\/uploads\/2021\/04\/generali.png","contentUrl":"https:\/\/www.generali.es\/blog\/tuasesorhogar\/wp-content\/uploads\/2021\/04\/generali.png","width":100,"height":81,"caption":"Tu Asesor de Hogar"},"image":{"@id":"https:\/\/www.generali.es\/blog\/tuasesorhogar\/#\/schema\/logo\/image\/"}},{"@type":"Person","@id":"https:\/\/www.generali.es\/blog\/tuasesorhogar\/#\/schema\/person\/b3e3621e80b273ef3366c6dc945ab47e","name":"Equipo GENERALI","image":{"@type":"ImageObject","inLanguage":"es","@id":"https:\/\/www.generali.es\/blog\/tuasesorhogar\/#\/schema\/person\/image\/","url":"https:\/\/www.generali.es\/blog\/tuasesorhogar\/wp-content\/uploads\/2020\/11\/equipo_generali-150x150.jpg","contentUrl":"https:\/\/www.generali.es\/blog\/tuasesorhogar\/wp-content\/uploads\/2020\/11\/equipo_generali-150x150.jpg","caption":"Equipo GENERALI"},"description":"El equipo de Tu Asesor Hogar est\u00e1 compuesto por especialistas en la seguridad, el bricolaje y ahorro en el hogar, as\u00ed como profesionales t\u00e9cnicos de los seguros de hogar. Te ayudamos a que tengas una vida m\u00e1s segura y tranquila y te ofrecemos contenido \u00fatil para tu d\u00eda a d\u00eda.","url":"https:\/\/www.generali.es\/blog\/tuasesorhogar\/author\/generali_asesor\/"}]}},"_links":{"self":[{"href":"https:\/\/www.generali.es\/blog\/tuasesorhogar\/wp-json\/wp\/v2\/posts\/3824"}],"collection":[{"href":"https:\/\/www.generali.es\/blog\/tuasesorhogar\/wp-json\/wp\/v2\/posts"}],"about":[{"href":"https:\/\/www.generali.es\/blog\/tuasesorhogar\/wp-json\/wp\/v2\/types\/post"}],"author":[{"embeddable":true,"href":"https:\/\/www.generali.es\/blog\/tuasesorhogar\/wp-json\/wp\/v2\/users\/1"}],"replies":[{"embeddable":true,"href":"https:\/\/www.generali.es\/blog\/tuasesorhogar\/wp-json\/wp\/v2\/comments?post=3824"}],"version-history":[{"count":6,"href":"https:\/\/www.generali.es\/blog\/tuasesorhogar\/wp-json\/wp\/v2\/posts\/3824\/revisions"}],"predecessor-version":[{"id":5244,"href":"https:\/\/www.generali.es\/blog\/tuasesorhogar\/wp-json\/wp\/v2\/posts\/3824\/revisions\/5244"}],"wp:featuredmedia":[{"embeddable":true,"href":"https:\/\/www.generali.es\/blog\/tuasesorhogar\/wp-json\/wp\/v2\/media\/4297"}],"wp:attachment":[{"href":"https:\/\/www.generali.es\/blog\/tuasesorhogar\/wp-json\/wp\/v2\/media?parent=3824"}],"wp:term":[{"taxonomy":"category","embeddable":true,"href":"https:\/\/www.generali.es\/blog\/tuasesorhogar\/wp-json\/wp\/v2\/categories?post=3824"},{"taxonomy":"post_tag","embeddable":true,"href":"https:\/\/www.generali.es\/blog\/tuasesorhogar\/wp-json\/wp\/v2\/tags?post=3824"}],"curies":[{"name":"wp","href":"https:\/\/api.w.org\/{rel}","templated":true}]}}