{"id":3794,"date":"2019-02-08T09:20:00","date_gmt":"2019-02-08T08:20:00","guid":{"rendered":"https:\/\/generali.devhogarth.com\/blog\/tuasesorhogar\/?p=3794"},"modified":"2023-06-13T12:47:08","modified_gmt":"2023-06-13T10:47:08","slug":"como-mantener-a-raya-las-facturas-de-la-calefaccion-este-invierno","status":"publish","type":"post","link":"https:\/\/www.generali.es\/blog\/tuasesorhogar\/como-mantener-a-raya-las-facturas-de-la-calefaccion-este-invierno\/","title":{"rendered":"C\u00f3mo mantener a raya las facturas de la calefacci\u00f3n este invierno"},"content":{"rendered":"\n<p><span>A medida que el clima es m\u00e1s fr\u00edo, no nos queda m\u00e1s remedio que encender la calefacci\u00f3n en casa. A continuaci\u00f3n te damos algunos consejos <strong>M\u00e1s que Seguros<\/strong> para ahorrar y&nbsp;reducir el desperdicio energ\u00e9tico. Puedes hacer un mont\u00f3n de cosas para no pasar fr\u00edo y mantener a raya las facturas de la calefacci\u00f3n este invierno, adem\u00e1s de ayudar un poco al medioambiente.<\/span><\/p>\n\n\n\n<div id=\"ez-toc-container\" class=\"ez-toc-v2_0_58 counter-hierarchy ez-toc-counter ez-toc-custom ez-toc-container-direction\">\n<p class=\"ez-toc-title\">&Iacute;ndice<\/p>\n<label for=\"ez-toc-cssicon-toggle-item-69efd374cb425\" class=\"ez-toc-cssicon-toggle-label\"><span class=\"\"><span class=\"eztoc-hide\" style=\"display:none;\">Toggle<\/span><span class=\"ez-toc-icon-toggle-span\"><svg style=\"fill: #ffffff;color:#ffffff\" xmlns=\"http:\/\/www.w3.org\/2000\/svg\" class=\"list-377408\" width=\"20px\" height=\"20px\" viewBox=\"0 0 24 24\" fill=\"none\"><path d=\"M6 6H4v2h2V6zm14 0H8v2h12V6zM4 11h2v2H4v-2zm16 0H8v2h12v-2zM4 16h2v2H4v-2zm16 0H8v2h12v-2z\" fill=\"currentColor\"><\/path><\/svg><svg style=\"fill: #ffffff;color:#ffffff\" class=\"arrow-unsorted-368013\" xmlns=\"http:\/\/www.w3.org\/2000\/svg\" width=\"10px\" height=\"10px\" viewBox=\"0 0 24 24\" version=\"1.2\" baseProfile=\"tiny\"><path d=\"M18.2 9.3l-6.2-6.3-6.2 6.3c-.2.2-.3.4-.3.7s.1.5.3.7c.2.2.4.3.7.3h11c.3 0 .5-.1.7-.3.2-.2.3-.5.3-.7s-.1-.5-.3-.7zM5.8 14.7l6.2 6.3 6.2-6.3c.2-.2.3-.5.3-.7s-.1-.5-.3-.7c-.2-.2-.4-.3-.7-.3h-11c-.3 0-.5.1-.7.3-.2.2-.3.5-.3.7s.1.5.3.7z\"\/><\/svg><\/span><\/span><\/label><input type=\"checkbox\"  id=\"ez-toc-cssicon-toggle-item-69efd374cb425\" checked aria-label=\"Toggle\" \/><nav><ul class='ez-toc-list ez-toc-list-level-1 ' ><li class='ez-toc-page-1 ez-toc-heading-level-2'><a class=\"ez-toc-link ez-toc-heading-1\" href=\"https:\/\/www.generali.es\/blog\/tuasesorhogar\/como-mantener-a-raya-las-facturas-de-la-calefaccion-este-invierno\/#Manten_el_calor_dentro\" title=\"Mant\u00e9n el calor dentro\">Mant\u00e9n el calor dentro<\/a><\/li><li class='ez-toc-page-1 ez-toc-heading-level-2'><a class=\"ez-toc-link ez-toc-heading-2\" href=\"https:\/\/www.generali.es\/blog\/tuasesorhogar\/como-mantener-a-raya-las-facturas-de-la-calefaccion-este-invierno\/#Usa_menos_calor\" title=\"Usa menos calor\">Usa menos calor<\/a><\/li><li class='ez-toc-page-1 ez-toc-heading-level-2'><a class=\"ez-toc-link ez-toc-heading-3\" href=\"https:\/\/www.generali.es\/blog\/tuasesorhogar\/como-mantener-a-raya-las-facturas-de-la-calefaccion-este-invierno\/#Utiliza_el_termostato_de_manera_inteligente\" title=\"Utiliza el termostato de manera inteligente\">Utiliza el termostato de manera inteligente<\/a><\/li><\/ul><\/nav><\/div>\n<h2 class=\"wp-caption-text wp-block-heading\"><span class=\"ez-toc-section\" id=\"Manten_el_calor_dentro\"><\/span><span style=\"font-size: 14pt;\"><b>Mant\u00e9n el calor dentro<\/b><\/span><span class=\"ez-toc-section-end\"><\/span><\/h2>\n\n\n\n<p><span>Cuanto m\u00e1s calor retengas en casa, menos tendr\u00e1s que generar. Instala excluidores de corriente en las puertas y usa una vela para encontrar otras corrientes de aire m\u00e1s peque\u00f1as y taparlas; el humo se mover\u00e1 hacia ellas.<\/span><\/p>\n\n\n\n<p><span>Tambi\u00e9n te ayudar\u00e1 utilizar las cortinas de forma inteligente. D\u00e9jalas abiertas durante el d\u00eda para que la casa atrape los rayos del sol y ci\u00e9rralas cuando el sol se vaya para mantener el calor.<\/span><\/p>\n\n\n\n<p><span>El aislamiento es clave. Si puedes, plant\u00e9ate instalar ventanas de doble acristalamiento. Si no puedes, hay otras cosas que puedes hacer, como que un profesional compruebe el aislamiento de las paredes y lo mejore si es necesario. Y no te olvides del calentador de agua: un aislamiento correcto ayudar\u00e1 a que funcione a la perfecci\u00f3n.<\/span><\/p>\n\n\n\n<h2 class=\"wp-caption-text wp-block-heading\"><span class=\"ez-toc-section\" id=\"Usa_menos_calor\"><\/span><span style=\"font-size: 14pt;\"><b>Usa menos calor<\/b><\/span><span class=\"ez-toc-section-end\"><\/span><\/h2>\n\n\n\n<p><span>Si est\u00e1s acostumbrado a llevar camisetas y pantalones cortos, ahora ha llegado el momento de llevar capas gruesas y mantas calentitas. \u00a1El calor corporal es gratis! Y como tienes que cocinar y ducharte de todos modos, abre las puertas de la cocina o el ba\u00f1o para que el calor se expanda al resto de la casa.<\/span><\/p>\n\n\n\n<h2 class=\"wp-caption-text wp-block-heading\"><span class=\"ez-toc-section\" id=\"Utiliza_el_termostato_de_manera_inteligente\"><\/span><span style=\"font-size: 14pt;\"><b>Utiliza el termostato de manera inteligente<\/b><\/span><span class=\"ez-toc-section-end\"><\/span><\/h2>\n\n\n\n<p><span>Ahora ya est\u00e1s listo para bajar el termostato. Si has seguido nuestros consejos hasta ahora, no necesitar\u00e1s subirlo tanto. Despu\u00e9s, comprueba cu\u00e1nto calor necesita cada habitaci\u00f3n y durante cu\u00e1nto tiempo. Por ejemplo, una habitaci\u00f3n m\u00e1s fr\u00eda te ayudar\u00e1 a <\/span><span style=\"font-weight: 400;\">dormir mejor<\/span><span style=\"font-weight: 400;\">.&nbsp;Un termostato programable o aparatos de calefacci\u00f3n inteligentes como los compatibles con el <\/span><a href=\"https:\/\/www.apple.com\/es\/ios\/home\/\" target=\"_blank\" rel=\"nofollow noopener\"><span style=\"font-weight: 400;\">HomeKit de Apple<\/span><\/a><span style=\"font-weight: 400;\">&nbsp;ser\u00e1n \u00fatiles. Al cabo de un tiempo, se rentabilizan.<\/span><\/p>\n\n\n\n<p><span>Y como es obvio, no quieres que tus esfuerzos sean en vano por una calefacci\u00f3n que no funciona correctamente. As\u00ed que haz las revisiones con frecuencia.<\/span><\/p>\n\n\n\n<p><span>Por \u00faltimo, intenta comparar los diferentes proveedores de energ\u00eda: es probable que puedas pagar menos de lo que pagas.&nbsp;<\/span><\/p>\n\n\n\n<p><span>Desde proyectos que puedes hacer tu mismo hasta recetas sencillas incre\u00edbles, disponemos de todo el contenido que necesitas para llevar una vida divertida y creativa en tu hogar:<\/span><\/p>\n\n\n\n<p><a href=\"\/blog\/tuasesorhogar\/convierte-casa-hogar-seguro\/\" target=\"_blank\" rel=\"noopener\"><span>Convierte tu casa en hogar con nuestro seguro<\/span><\/a><\/p>\n\n\n\n<p><span><a rel=\"noopener\" href=\"\/blog\/tuasesorhogar\/renueva-tu-casa-con-un-poco-de-bricolaje\/\" target=\"_blank\">Renueva tu casa con un poco de bricolaje<\/a>&nbsp;<\/span><\/p>\n","protected":false},"excerpt":{"rendered":"<p>A medida que el clima es m\u00e1s fr\u00edo, no nos queda m\u00e1s remedio que encender la calefacci\u00f3n en casa. A continuaci\u00f3n te damos algunos consejos M\u00e1s que Seguros para ahorrar y&nbsp;reducir el desperdicio energ\u00e9tico. Puedes hacer un mont\u00f3n de cosas para no pasar fr\u00edo y mantener a raya las facturas de la calefacci\u00f3n este invierno, [&hellip;]<\/p>\n","protected":false},"author":1,"featured_media":4584,"comment_status":"closed","ping_status":"closed","sticky":false,"template":"","format":"standard","meta":{"footnotes":""},"categories":[3],"tags":[],"yoast_head":"<!-- This site is optimized with the Yoast SEO plugin v21.6 - https:\/\/yoast.com\/wordpress\/plugins\/seo\/ -->\n<title>C\u00f3mo mantener a raya las facturas de la calefacci\u00f3n este invierno - Tu Asesor de Hogar<\/title>\n<meta name=\"robots\" content=\"index, follow, max-snippet:-1, max-image-preview:large, max-video-preview:-1\" \/>\n<link rel=\"canonical\" href=\"https:\/\/www.generali.es\/blog\/tuasesorhogar\/como-mantener-a-raya-las-facturas-de-la-calefaccion-este-invierno\/\" \/>\n<meta name=\"twitter:label1\" content=\"Escrito por\" \/>\n\t<meta name=\"twitter:data1\" content=\"Equipo GENERALI\" \/>\n\t<meta name=\"twitter:label2\" content=\"Tiempo de lectura\" \/>\n\t<meta name=\"twitter:data2\" content=\"2 minutos\" \/>\n<script type=\"application\/ld+json\" class=\"yoast-schema-graph\">{\"@context\":\"https:\/\/schema.org\",\"@graph\":[{\"@type\":\"Article\",\"@id\":\"https:\/\/www.generali.es\/blog\/tuasesorhogar\/como-mantener-a-raya-las-facturas-de-la-calefaccion-este-invierno\/#article\",\"isPartOf\":{\"@id\":\"https:\/\/www.generali.es\/blog\/tuasesorhogar\/como-mantener-a-raya-las-facturas-de-la-calefaccion-este-invierno\/\"},\"author\":{\"name\":\"Equipo GENERALI\",\"@id\":\"https:\/\/www.generali.es\/blog\/tuasesorhogar\/#\/schema\/person\/b3e3621e80b273ef3366c6dc945ab47e\"},\"headline\":\"C\u00f3mo mantener a raya las facturas de la calefacci\u00f3n este invierno\",\"datePublished\":\"2019-02-08T08:20:00+00:00\",\"dateModified\":\"2023-06-13T10:47:08+00:00\",\"mainEntityOfPage\":{\"@id\":\"https:\/\/www.generali.es\/blog\/tuasesorhogar\/como-mantener-a-raya-las-facturas-de-la-calefaccion-este-invierno\/\"},\"wordCount\":469,\"publisher\":{\"@id\":\"https:\/\/www.generali.es\/blog\/tuasesorhogar\/#organization\"},\"articleSection\":[\"Ahorro\"],\"inLanguage\":\"es\"},{\"@type\":\"WebPage\",\"@id\":\"https:\/\/www.generali.es\/blog\/tuasesorhogar\/como-mantener-a-raya-las-facturas-de-la-calefaccion-este-invierno\/\",\"url\":\"https:\/\/www.generali.es\/blog\/tuasesorhogar\/como-mantener-a-raya-las-facturas-de-la-calefaccion-este-invierno\/\",\"name\":\"C\u00f3mo mantener a raya las facturas de la calefacci\u00f3n este invierno - Tu Asesor de Hogar\",\"isPartOf\":{\"@id\":\"https:\/\/www.generali.es\/blog\/tuasesorhogar\/#website\"},\"datePublished\":\"2019-02-08T08:20:00+00:00\",\"dateModified\":\"2023-06-13T10:47:08+00:00\",\"breadcrumb\":{\"@id\":\"https:\/\/www.generali.es\/blog\/tuasesorhogar\/como-mantener-a-raya-las-facturas-de-la-calefaccion-este-invierno\/#breadcrumb\"},\"inLanguage\":\"es\",\"potentialAction\":[{\"@type\":\"ReadAction\",\"target\":[\"https:\/\/www.generali.es\/blog\/tuasesorhogar\/como-mantener-a-raya-las-facturas-de-la-calefaccion-este-invierno\/\"]}]},{\"@type\":\"BreadcrumbList\",\"@id\":\"https:\/\/www.generali.es\/blog\/tuasesorhogar\/como-mantener-a-raya-las-facturas-de-la-calefaccion-este-invierno\/#breadcrumb\",\"itemListElement\":[{\"@type\":\"ListItem\",\"position\":1,\"name\":\"Home\",\"item\":\"https:\/\/www.generali.es\/blog\/tuasesorhogar\/\"},{\"@type\":\"ListItem\",\"position\":2,\"name\":\"Ahorro\",\"item\":\"https:\/\/www.generali.es\/blog\/tuasesorhogar\/ahorro\/\"},{\"@type\":\"ListItem\",\"position\":3,\"name\":\"C\u00f3mo mantener a raya las facturas de la calefacci\u00f3n este invierno\"}]},{\"@type\":\"WebSite\",\"@id\":\"https:\/\/www.generali.es\/blog\/tuasesorhogar\/#website\",\"url\":\"https:\/\/www.generali.es\/blog\/tuasesorhogar\/\",\"name\":\"Tu Asesor de Hogar\",\"description\":\"Blog de Hogar de GENERALI\",\"publisher\":{\"@id\":\"https:\/\/www.generali.es\/blog\/tuasesorhogar\/#organization\"},\"potentialAction\":[{\"@type\":\"SearchAction\",\"target\":{\"@type\":\"EntryPoint\",\"urlTemplate\":\"https:\/\/www.generali.es\/blog\/tuasesorhogar\/?s={search_term_string}\"},\"query-input\":\"required name=search_term_string\"}],\"inLanguage\":\"es\"},{\"@type\":\"Organization\",\"@id\":\"https:\/\/www.generali.es\/blog\/tuasesorhogar\/#organization\",\"name\":\"Tu Asesor de Hogar\",\"url\":\"https:\/\/www.generali.es\/blog\/tuasesorhogar\/\",\"logo\":{\"@type\":\"ImageObject\",\"inLanguage\":\"es\",\"@id\":\"https:\/\/www.generali.es\/blog\/tuasesorhogar\/#\/schema\/logo\/image\/\",\"url\":\"https:\/\/www.generali.es\/blog\/tuasesorhogar\/wp-content\/uploads\/2021\/04\/generali.png\",\"contentUrl\":\"https:\/\/www.generali.es\/blog\/tuasesorhogar\/wp-content\/uploads\/2021\/04\/generali.png\",\"width\":100,\"height\":81,\"caption\":\"Tu Asesor de Hogar\"},\"image\":{\"@id\":\"https:\/\/www.generali.es\/blog\/tuasesorhogar\/#\/schema\/logo\/image\/\"}},{\"@type\":\"Person\",\"@id\":\"https:\/\/www.generali.es\/blog\/tuasesorhogar\/#\/schema\/person\/b3e3621e80b273ef3366c6dc945ab47e\",\"name\":\"Equipo GENERALI\",\"image\":{\"@type\":\"ImageObject\",\"inLanguage\":\"es\",\"@id\":\"https:\/\/www.generali.es\/blog\/tuasesorhogar\/#\/schema\/person\/image\/\",\"url\":\"https:\/\/www.generali.es\/blog\/tuasesorhogar\/wp-content\/uploads\/2020\/11\/equipo_generali-150x150.jpg\",\"contentUrl\":\"https:\/\/www.generali.es\/blog\/tuasesorhogar\/wp-content\/uploads\/2020\/11\/equipo_generali-150x150.jpg\",\"caption\":\"Equipo GENERALI\"},\"description\":\"El equipo de Tu Asesor Hogar est\u00e1 compuesto por especialistas en la seguridad, el bricolaje y ahorro en el hogar, as\u00ed como profesionales t\u00e9cnicos de los seguros de hogar. Te ayudamos a que tengas una vida m\u00e1s segura y tranquila y te ofrecemos contenido \u00fatil para tu d\u00eda a d\u00eda.\",\"url\":\"https:\/\/www.generali.es\/blog\/tuasesorhogar\/author\/generali_asesor\/\"}]}<\/script>\n<!-- \/ Yoast SEO plugin. -->","yoast_head_json":{"title":"C\u00f3mo mantener a raya las facturas de la calefacci\u00f3n este invierno - Tu Asesor de Hogar","robots":{"index":"index","follow":"follow","max-snippet":"max-snippet:-1","max-image-preview":"max-image-preview:large","max-video-preview":"max-video-preview:-1"},"canonical":"https:\/\/www.generali.es\/blog\/tuasesorhogar\/como-mantener-a-raya-las-facturas-de-la-calefaccion-este-invierno\/","twitter_misc":{"Escrito por":"Equipo GENERALI","Tiempo de lectura":"2 minutos"},"schema":{"@context":"https:\/\/schema.org","@graph":[{"@type":"Article","@id":"https:\/\/www.generali.es\/blog\/tuasesorhogar\/como-mantener-a-raya-las-facturas-de-la-calefaccion-este-invierno\/#article","isPartOf":{"@id":"https:\/\/www.generali.es\/blog\/tuasesorhogar\/como-mantener-a-raya-las-facturas-de-la-calefaccion-este-invierno\/"},"author":{"name":"Equipo GENERALI","@id":"https:\/\/www.generali.es\/blog\/tuasesorhogar\/#\/schema\/person\/b3e3621e80b273ef3366c6dc945ab47e"},"headline":"C\u00f3mo mantener a raya las facturas de la calefacci\u00f3n este invierno","datePublished":"2019-02-08T08:20:00+00:00","dateModified":"2023-06-13T10:47:08+00:00","mainEntityOfPage":{"@id":"https:\/\/www.generali.es\/blog\/tuasesorhogar\/como-mantener-a-raya-las-facturas-de-la-calefaccion-este-invierno\/"},"wordCount":469,"publisher":{"@id":"https:\/\/www.generali.es\/blog\/tuasesorhogar\/#organization"},"articleSection":["Ahorro"],"inLanguage":"es"},{"@type":"WebPage","@id":"https:\/\/www.generali.es\/blog\/tuasesorhogar\/como-mantener-a-raya-las-facturas-de-la-calefaccion-este-invierno\/","url":"https:\/\/www.generali.es\/blog\/tuasesorhogar\/como-mantener-a-raya-las-facturas-de-la-calefaccion-este-invierno\/","name":"C\u00f3mo mantener a raya las facturas de la calefacci\u00f3n este invierno - Tu Asesor de Hogar","isPartOf":{"@id":"https:\/\/www.generali.es\/blog\/tuasesorhogar\/#website"},"datePublished":"2019-02-08T08:20:00+00:00","dateModified":"2023-06-13T10:47:08+00:00","breadcrumb":{"@id":"https:\/\/www.generali.es\/blog\/tuasesorhogar\/como-mantener-a-raya-las-facturas-de-la-calefaccion-este-invierno\/#breadcrumb"},"inLanguage":"es","potentialAction":[{"@type":"ReadAction","target":["https:\/\/www.generali.es\/blog\/tuasesorhogar\/como-mantener-a-raya-las-facturas-de-la-calefaccion-este-invierno\/"]}]},{"@type":"BreadcrumbList","@id":"https:\/\/www.generali.es\/blog\/tuasesorhogar\/como-mantener-a-raya-las-facturas-de-la-calefaccion-este-invierno\/#breadcrumb","itemListElement":[{"@type":"ListItem","position":1,"name":"Home","item":"https:\/\/www.generali.es\/blog\/tuasesorhogar\/"},{"@type":"ListItem","position":2,"name":"Ahorro","item":"https:\/\/www.generali.es\/blog\/tuasesorhogar\/ahorro\/"},{"@type":"ListItem","position":3,"name":"C\u00f3mo mantener a raya las facturas de la calefacci\u00f3n este invierno"}]},{"@type":"WebSite","@id":"https:\/\/www.generali.es\/blog\/tuasesorhogar\/#website","url":"https:\/\/www.generali.es\/blog\/tuasesorhogar\/","name":"Tu Asesor de Hogar","description":"Blog de Hogar de GENERALI","publisher":{"@id":"https:\/\/www.generali.es\/blog\/tuasesorhogar\/#organization"},"potentialAction":[{"@type":"SearchAction","target":{"@type":"EntryPoint","urlTemplate":"https:\/\/www.generali.es\/blog\/tuasesorhogar\/?s={search_term_string}"},"query-input":"required name=search_term_string"}],"inLanguage":"es"},{"@type":"Organization","@id":"https:\/\/www.generali.es\/blog\/tuasesorhogar\/#organization","name":"Tu Asesor de Hogar","url":"https:\/\/www.generali.es\/blog\/tuasesorhogar\/","logo":{"@type":"ImageObject","inLanguage":"es","@id":"https:\/\/www.generali.es\/blog\/tuasesorhogar\/#\/schema\/logo\/image\/","url":"https:\/\/www.generali.es\/blog\/tuasesorhogar\/wp-content\/uploads\/2021\/04\/generali.png","contentUrl":"https:\/\/www.generali.es\/blog\/tuasesorhogar\/wp-content\/uploads\/2021\/04\/generali.png","width":100,"height":81,"caption":"Tu Asesor de Hogar"},"image":{"@id":"https:\/\/www.generali.es\/blog\/tuasesorhogar\/#\/schema\/logo\/image\/"}},{"@type":"Person","@id":"https:\/\/www.generali.es\/blog\/tuasesorhogar\/#\/schema\/person\/b3e3621e80b273ef3366c6dc945ab47e","name":"Equipo GENERALI","image":{"@type":"ImageObject","inLanguage":"es","@id":"https:\/\/www.generali.es\/blog\/tuasesorhogar\/#\/schema\/person\/image\/","url":"https:\/\/www.generali.es\/blog\/tuasesorhogar\/wp-content\/uploads\/2020\/11\/equipo_generali-150x150.jpg","contentUrl":"https:\/\/www.generali.es\/blog\/tuasesorhogar\/wp-content\/uploads\/2020\/11\/equipo_generali-150x150.jpg","caption":"Equipo GENERALI"},"description":"El equipo de Tu Asesor Hogar est\u00e1 compuesto por especialistas en la seguridad, el bricolaje y ahorro en el hogar, as\u00ed como profesionales t\u00e9cnicos de los seguros de hogar. Te ayudamos a que tengas una vida m\u00e1s segura y tranquila y te ofrecemos contenido \u00fatil para tu d\u00eda a d\u00eda.","url":"https:\/\/www.generali.es\/blog\/tuasesorhogar\/author\/generali_asesor\/"}]}},"_links":{"self":[{"href":"https:\/\/www.generali.es\/blog\/tuasesorhogar\/wp-json\/wp\/v2\/posts\/3794"}],"collection":[{"href":"https:\/\/www.generali.es\/blog\/tuasesorhogar\/wp-json\/wp\/v2\/posts"}],"about":[{"href":"https:\/\/www.generali.es\/blog\/tuasesorhogar\/wp-json\/wp\/v2\/types\/post"}],"author":[{"embeddable":true,"href":"https:\/\/www.generali.es\/blog\/tuasesorhogar\/wp-json\/wp\/v2\/users\/1"}],"replies":[{"embeddable":true,"href":"https:\/\/www.generali.es\/blog\/tuasesorhogar\/wp-json\/wp\/v2\/comments?post=3794"}],"version-history":[{"count":5,"href":"https:\/\/www.generali.es\/blog\/tuasesorhogar\/wp-json\/wp\/v2\/posts\/3794\/revisions"}],"predecessor-version":[{"id":4862,"href":"https:\/\/www.generali.es\/blog\/tuasesorhogar\/wp-json\/wp\/v2\/posts\/3794\/revisions\/4862"}],"wp:featuredmedia":[{"embeddable":true,"href":"https:\/\/www.generali.es\/blog\/tuasesorhogar\/wp-json\/wp\/v2\/media\/4584"}],"wp:attachment":[{"href":"https:\/\/www.generali.es\/blog\/tuasesorhogar\/wp-json\/wp\/v2\/media?parent=3794"}],"wp:term":[{"taxonomy":"category","embeddable":true,"href":"https:\/\/www.generali.es\/blog\/tuasesorhogar\/wp-json\/wp\/v2\/categories?post=3794"},{"taxonomy":"post_tag","embeddable":true,"href":"https:\/\/www.generali.es\/blog\/tuasesorhogar\/wp-json\/wp\/v2\/tags?post=3794"}],"curies":[{"name":"wp","href":"https:\/\/api.w.org\/{rel}","templated":true}]}}