{"id":3666,"date":"2021-10-20T10:46:00","date_gmt":"2021-10-20T08:46:00","guid":{"rendered":"https:\/\/generali.devhogarth.com\/blog\/tuasesorhogar\/?p=3666"},"modified":"2023-06-12T17:27:03","modified_gmt":"2023-06-12T15:27:03","slug":"entender-factura-luz","status":"publish","type":"post","link":"https:\/\/www.generali.es\/blog\/tuasesorhogar\/entender-factura-luz\/","title":{"rendered":"Gu\u00eda pr\u00e1ctica para entender la factura de la luz"},"content":{"rendered":"\n<p>\u00a1El<strong> precio de la luz es hoy casi un 200 por ciento m\u00e1s caro<\/strong> que hace un a\u00f1o! Programar la hora de la lavadora, contratar una tarifa de luz m\u00e1s competitiva o hacer coincidir nuestro consumo el\u00e9ctrico con la hora valle para pagar menos luz&#8230; Cada vez son m\u00e1s los malabares que debemos hacer en nuestro d\u00eda a d\u00eda para que la <strong>factura de la luz no se dispare<\/strong>.<\/p>\n\n\n\n<p><strong>Entender la factura de la luz es fundamental para reducir nuestro consumo.<\/strong> Y, sin embargo, \u00a1solo un 11% de los consumidores entiende el desglose de sus recibos! Algunas compa\u00f1\u00edas el\u00e9ctricas no lo ponen nada f\u00e1cil, pero siempre es bueno conocer los detalles de lo que tienes contratado para <a href=\"\/blog\/tuasesorhogar\/como-mantener-a-raya-las-facturas-de-la-calefaccion-este-invierno\/\" target=\"_blank\" rel=\"noreferrer noopener\">ahorrar dinero todos los meses<\/a>.<\/p>\n\n\n\n<p>Antes de continuar, no te pierdas nuestros mejores <a href=\"\/blog\/tuasesorhogar\/calefaccion-alquiler-propietario-arrendaror-derechos-deberes\/\" target=\"_blank\" rel=\"noreferrer noopener\">trucos para ahorrar en calefacci\u00f3n este invierno<\/a>.<\/p>\n\n\n\n<p><strong>\u00bfDe qu\u00e9 depende el precio de la luz que pagamos? \u00bfQu\u00e9 potencia te conviene contratar? \u00bfC\u00f3mo ahorrar en la factura de la luz?<\/strong><\/p>\n\n\n\n<p>\u00a1Te traemos la GU\u00cdA definitiva para entender la factura de la luz y ayudarte a optimizar tu consumo mensual!<\/p>\n\n\n\n<div id=\"ez-toc-container\" class=\"ez-toc-v2_0_58 counter-hierarchy ez-toc-counter ez-toc-custom ez-toc-container-direction\">\n<p class=\"ez-toc-title\">&Iacute;ndice<\/p>\n<label for=\"ez-toc-cssicon-toggle-item-69efbde24b81b\" class=\"ez-toc-cssicon-toggle-label\"><span class=\"\"><span class=\"eztoc-hide\" style=\"display:none;\">Toggle<\/span><span class=\"ez-toc-icon-toggle-span\"><svg style=\"fill: #ffffff;color:#ffffff\" xmlns=\"http:\/\/www.w3.org\/2000\/svg\" class=\"list-377408\" width=\"20px\" height=\"20px\" viewBox=\"0 0 24 24\" fill=\"none\"><path d=\"M6 6H4v2h2V6zm14 0H8v2h12V6zM4 11h2v2H4v-2zm16 0H8v2h12v-2zM4 16h2v2H4v-2zm16 0H8v2h12v-2z\" fill=\"currentColor\"><\/path><\/svg><svg style=\"fill: #ffffff;color:#ffffff\" class=\"arrow-unsorted-368013\" xmlns=\"http:\/\/www.w3.org\/2000\/svg\" width=\"10px\" height=\"10px\" viewBox=\"0 0 24 24\" version=\"1.2\" baseProfile=\"tiny\"><path d=\"M18.2 9.3l-6.2-6.3-6.2 6.3c-.2.2-.3.4-.3.7s.1.5.3.7c.2.2.4.3.7.3h11c.3 0 .5-.1.7-.3.2-.2.3-.5.3-.7s-.1-.5-.3-.7zM5.8 14.7l6.2 6.3 6.2-6.3c.2-.2.3-.5.3-.7s-.1-.5-.3-.7c-.2-.2-.4-.3-.7-.3h-11c-.3 0-.5.1-.7.3-.2.2-.3.5-.3.7s.1.5.3.7z\"\/><\/svg><\/span><\/span><\/label><input type=\"checkbox\"  id=\"ez-toc-cssicon-toggle-item-69efbde24b81b\" checked aria-label=\"Toggle\" \/><nav><ul class='ez-toc-list ez-toc-list-level-1 ' ><li class='ez-toc-page-1 ez-toc-heading-level-2'><a class=\"ez-toc-link ez-toc-heading-1\" href=\"https:\/\/www.generali.es\/blog\/tuasesorhogar\/entender-factura-luz\/#La_nueva_factura_de_la_luz_%C2%BFque_cambia\" title=\"La nueva factura de la luz: \u00bfqu\u00e9 cambia?\">La nueva factura de la luz: \u00bfqu\u00e9 cambia?<\/a><\/li><li class='ez-toc-page-1 ez-toc-heading-level-2'><a class=\"ez-toc-link ez-toc-heading-2\" href=\"https:\/\/www.generali.es\/blog\/tuasesorhogar\/entender-factura-luz\/#Desglose_de_la_factura_de_la_luz_%C2%BFque_pagamos\" title=\"Desglose de la factura de la luz: \u00bfqu\u00e9 pagamos?\">Desglose de la factura de la luz: \u00bfqu\u00e9 pagamos?<\/a><ul class='ez-toc-list-level-3'><li class='ez-toc-heading-level-3'><a class=\"ez-toc-link ez-toc-heading-3\" href=\"https:\/\/www.generali.es\/blog\/tuasesorhogar\/entender-factura-luz\/#Termino_de_potencia\" title=\"T\u00e9rmino de potencia\">T\u00e9rmino de potencia<\/a><ul class='ez-toc-list-level-4'><li class='ez-toc-heading-level-4'><a class=\"ez-toc-link ez-toc-heading-4\" href=\"https:\/\/www.generali.es\/blog\/tuasesorhogar\/entender-factura-luz\/#%C2%BFQue_potencia_de_luz_contratar\" title=\"\u00bfQu\u00e9 potencia de luz contratar?\">\u00bfQu\u00e9 potencia de luz contratar?<\/a><\/li><\/ul><\/li><li class='ez-toc-page-1 ez-toc-heading-level-3'><a class=\"ez-toc-link ez-toc-heading-5\" href=\"https:\/\/www.generali.es\/blog\/tuasesorhogar\/entender-factura-luz\/#Termino_de_consumo\" title=\"T\u00e9rmino de consumo\">T\u00e9rmino de consumo<\/a><\/li><li class='ez-toc-page-1 ez-toc-heading-level-3'><a class=\"ez-toc-link ez-toc-heading-6\" href=\"https:\/\/www.generali.es\/blog\/tuasesorhogar\/entender-factura-luz\/#Alquiler_de_equipos\" title=\"Alquiler de equipos\">Alquiler de equipos<\/a><\/li><li class='ez-toc-page-1 ez-toc-heading-level-3'><a class=\"ez-toc-link ez-toc-heading-7\" href=\"https:\/\/www.generali.es\/blog\/tuasesorhogar\/entender-factura-luz\/#Impuestos_de_la_factura_de_la_luz\" title=\"Impuestos de la factura de la luz\">Impuestos de la factura de la luz<\/a><\/li><\/ul><\/li><li class='ez-toc-page-1 ez-toc-heading-level-2'><a class=\"ez-toc-link ez-toc-heading-8\" href=\"https:\/\/www.generali.es\/blog\/tuasesorhogar\/entender-factura-luz\/#Consejos_para_ahorrar_en_la_factura_de_la_luz\" title=\"Consejos para ahorrar en la factura de la luz\">Consejos para ahorrar en la factura de la luz<\/a><\/li><li class='ez-toc-page-1 ez-toc-heading-level-2'><a class=\"ez-toc-link ez-toc-heading-9\" href=\"https:\/\/www.generali.es\/blog\/tuasesorhogar\/entender-factura-luz\/#Preguntas_frecuentes_para_entender_la_factura_de_la_luz\" title=\"Preguntas frecuentes para entender la factura de la luz\">Preguntas frecuentes para entender la factura de la luz<\/a><ul class='ez-toc-list-level-3'><li class='ez-toc-heading-level-3'><a class=\"ez-toc-link ez-toc-heading-10\" href=\"https:\/\/www.generali.es\/blog\/tuasesorhogar\/entender-factura-luz\/#%C2%BFCada_cuanto_se_paga_la_luz\" title=\"\u00bfCada cu\u00e1nto se paga la luz?\">\u00bfCada cu\u00e1nto se paga la luz?<\/a><\/li><li class='ez-toc-page-1 ez-toc-heading-level-3'><a class=\"ez-toc-link ez-toc-heading-11\" href=\"https:\/\/www.generali.es\/blog\/tuasesorhogar\/entender-factura-luz\/#%C2%BFComo_ahorrar_en_la_factura_de_la_luz\" title=\"\u00bfC\u00f3mo ahorrar en la factura de la luz?\">\u00bfC\u00f3mo ahorrar en la factura de la luz?<\/a><\/li><li class='ez-toc-page-1 ez-toc-heading-level-3'><a class=\"ez-toc-link ez-toc-heading-12\" href=\"https:\/\/www.generali.es\/blog\/tuasesorhogar\/entender-factura-luz\/#%C2%BFComo_entender_la_factura_de_la_luz\" title=\"\u00bfC\u00f3mo entender la factura de la luz?\">\u00bfC\u00f3mo entender la factura de la luz?<\/a><\/li><li class='ez-toc-page-1 ez-toc-heading-level-3'><a class=\"ez-toc-link ez-toc-heading-13\" href=\"https:\/\/www.generali.es\/blog\/tuasesorhogar\/entender-factura-luz\/#%C2%BFA_quien_afecta_la_nueva_factura_de_la_luz\" title=\"\u00bfA qui\u00e9n afecta la nueva factura de la luz?\">\u00bfA qui\u00e9n afecta la nueva factura de la luz?<\/a><\/li><\/ul><\/li><\/ul><\/nav><\/div>\n<h2 class=\"wp-block-heading\"><span class=\"ez-toc-section\" id=\"La_nueva_factura_de_la_luz_%C2%BFque_cambia\"><\/span><strong>La nueva factura de la luz: \u00bfqu\u00e9 cambia?<\/strong><span class=\"ez-toc-section-end\"><\/span><\/h2>\n\n\n\n<p>Para comprender c\u00f3mo se desglosa tu recibo de electricidad, es importante conocer los <strong>cambios en la factura de la luz que entraron en vigor el 1 de junio de 2021<\/strong>. La nueva normativa afecta a todos los consumidores, aunque en especial a aquellos <strong>usuarios del mercado regulado con la tarifa PVPC<\/strong>.<\/p>\n\n\n\n<p>La nueva tarifa de la luz pasa a tener una<strong> discriminaci\u00f3n horaria si es PVPC<\/strong>. Esto supone que el precio var\u00eda en funci\u00f3n del momento del d\u00eda en el que hagas el consumo. Existen 3 tramos:<\/p>\n\n\n\n<ul>\n<li><strong>Periodo de punta<\/strong>. Se trata de la franja horaria donde el precio que pagaremos es m\u00e1s caro. Va de las <strong>10h a las 14h<\/strong>, y de las <strong>18h a las 22h<\/strong>.<\/li>\n\n\n\n<li><strong>Periodo llano<\/strong>. Oscila entre las <strong>8h y las 10h<\/strong>, y entre las <strong>14h y las 18h<\/strong>.<\/li>\n\n\n\n<li><strong>Periodo valle<\/strong>. Comprende las horas nocturnas, donde la tarifa es radicalmente m\u00e1s econ\u00f3mica. De hecho, el precio de la luz puede ser hasta un 95% m\u00e1s barato que en el periodo de punta. Eso s\u00ed, el consumo debe hacerse entre las<strong> 0h y las 8h<\/strong>.<\/li>\n<\/ul>\n\n\n\n<p><strong>\u00a1Importante! <\/strong>Durante los fines de semana y festivos nacionales tambi\u00e9n gozar\u00e1s del precio reducido del periodo de valle. Por ello, aprovechar para hacer tus grandes consumos durante el fin de semana como la lavadora, el horno o el lavavajillas te permitir\u00e1 ahorrar en la factura de la luz.<\/p>\n\n\n\n<p>Si tu factura est\u00e1 sujeta al mercado libre, la el\u00e9ctrica tambi\u00e9n deber\u00e1 adaptar el precio de tu contrato a los nuevos periodos de energ\u00eda y potencia, o bien mantener el acuerdo que tuvieras firmado y trasladar al precio la diferencia de costes. Eso s\u00ed, recuerda que tu comercializadora deber\u00e1 comunicarte siempre cualquier cambio con antelaci\u00f3n.<\/p>\n\n\n\n<figure class=\"wp-block-image\"><img decoding=\"async\" src=\"https:\/\/images-cdn.welcomesoftware.com\/Zz00MThmOWZkMjI1ZWExMWVjODFlNWJmZjhmMjA3OGVjNg==?token=eyJ0eXAiOiJKV1QiLCJhbGciOiJIUzI1NiJ9.eyJzdWIiOlsiNDE4ZjlmZDIyNWVhMTFlYzgxZTViZmY4ZjIwNzhlYzYiXSwiZXhwIjoxNjY4NTEyNjQ2fQ.-LB8P63jr5ZyeIWeOFT5nVjdueqpDDFbm8FlLQZn7Hk\" alt=\"Generali_Understanding the Electricity Bill_Mini Graphics_04.10.21.jpg\"\/><\/figure>\n\n\n\n<h2 class=\"wp-block-heading\"><span class=\"ez-toc-section\" id=\"Desglose_de_la_factura_de_la_luz_%C2%BFque_pagamos\"><\/span><strong>Desglose de la factura de la luz: \u00bfqu\u00e9 pagamos?<\/strong><span class=\"ez-toc-section-end\"><\/span><\/h2>\n\n\n\n<p>El importe total que pagamos mensualmente en la factura de la luz, en realidad, est\u00e1 formado por distintos componentes:<\/p>\n\n\n\n<ul>\n<li>El <strong>coste de la energ\u00eda<\/strong> que consumimos.<\/li>\n\n\n\n<li>La <strong>tarifa de acceso<\/strong>, que incluye aquellos costes de transporte y distribuci\u00f3n fundamentalmente.<\/li>\n\n\n\n<li>El <strong>margen de la empresa<\/strong> comercializadora del servicio prestado.<\/li>\n\n\n\n<li>El <strong>alquiler del equipo<\/strong> a medida.<\/li>\n\n\n\n<li>Los <strong>impuestos<\/strong>.<\/li>\n<\/ul>\n\n\n\n<p>Puede que te interese saber c\u00f3mo <a href=\"\/blog\/tuasesorhogar\/coliving-reducir-alquiler\/\" target=\"_blank\" rel=\"noreferrer noopener\">reducir los gastos mensuales optando por el coliving<\/a>.&nbsp;<\/p>\n\n\n\n<h3 class=\"wp-block-heading\"><span class=\"ez-toc-section\" id=\"Termino_de_potencia\"><\/span>T\u00e9rmino de potencia<span class=\"ez-toc-section-end\"><\/span><\/h3>\n\n\n\n<p>\u00a1Seguramente te sonar\u00e1 el concepto de la <strong>potencia contratada en la factura de la luz<\/strong>! Se mide en kilovatios (kW) y <strong>determina la cantidad de aparatos el\u00e9ctricos que se pueden encender al mismo tiempo<\/strong>. En tu recibo esta partida tambi\u00e9n la puedes encontrar como facturaci\u00f3n de potencia o potencia facturada. Adem\u00e1s, se trata de un importe fijo que pagas siempre, hayas o no consumido.<\/p>\n\n\n\n<p><strong>\u00a1Te interesa!<\/strong> La potencia el\u00e9ctrica media en Espa\u00f1a oscila entre los 3.45 kW y 4.6 kW. Sin embargo, muchos hogares tienen contratada una por encima de sus necesidades. Para ahorrar en tu factura de la luz, aseg\u00farate de tener la adecuada.<\/p>\n\n\n\n<p>Eligiendo la que mejor se adapte a tus necesidades evitar\u00e1s que se produzca un corte el\u00e9ctrico. No obstante, te damos algunos consejos \u00fatiles por <a href=\"\/blog\/tuasesorhogar\/corte-electrico-corriente-casa-que-hacer\/\">si sufres un corte el\u00e9ctrico en tu hogar<\/a>.&nbsp;<\/p>\n\n\n\n<h4 class=\"wp-block-heading\"><span class=\"ez-toc-section\" id=\"%C2%BFQue_potencia_de_luz_contratar\"><\/span><strong>\u00bfQu\u00e9 potencia de luz contratar?<\/strong><span class=\"ez-toc-section-end\"><\/span><\/h4>\n\n\n\n<p>La manera m\u00e1s fiable de calcular qu\u00e9 potencia de luz debes contratar es <strong>acudir a un electricista especializado<\/strong> para que elabore un peritaje. Sin embargo, este estudio te supondr\u00e1 un coste adicional. Puedes utilizar tambi\u00e9n este <a href=\"https:\/\/www.facua.org\/simuladores\/simulador.php?Id=3\" target=\"_blank\" rel=\"noreferrer noopener\">simulador de potencia<\/a> que estima cu\u00e1l es la adecuada en tu caso y as\u00ed te aseguras de no estar pagando m\u00e1s potencia en tu factura de la luz de la que necesitas.<\/p>\n\n\n\n<p>En esta tabla te mostramos los valores recomendados de potencia seg\u00fan el tama\u00f1o de tu vivienda o los miembros de tu familia:<\/p>\n\n\n\n<p><strong>\u00a1No lo olvides!<\/strong> Si decides cambiar la potencia en tu factura de la luz, deber\u00e1s mantenerla, al menos, durante 12 meses. No te lances a modificarla hasta que no lo tengas claro. Incluso a veces es muy dif\u00edcil que te vuelvan a dejar poner una potencia m\u00e1s baja.<\/p>\n\n\n\n<figure class=\"wp-block-image\"><img decoding=\"async\" src=\"https:\/\/images-cdn.welcomesoftware.com\/Zz02MGIzOWE0ZTJkYjUxMWVjOWE5ZTgyYzM1ZjQxZTgzNw==?token=eyJ0eXAiOiJKV1QiLCJhbGciOiJIUzI1NiJ9.eyJzdWIiOlsiNjBiMzlhNGUyZGI1MTFlYzlhOWU4MmMzNWY0MWU4MzciXSwiZXhwIjoxNjY4NTEyNjQ2fQ.Yjt1Q_2HuTohiH_F1iviLqkBt7YSTTcXP8nrEEXFgFM\" alt=\"Zz1hMTAwNjZjZTI3NDYxMWVjYjlhY2Y2ODNlNmJjN2Y4OA==.png\"\/><\/figure>\n\n\n\n<h3 class=\"wp-block-heading\"><span class=\"ez-toc-section\" id=\"Termino_de_consumo\"><\/span>T\u00e9rmino de consumo<span class=\"ez-toc-section-end\"><\/span><\/h3>\n\n\n\n<p>El <strong>t\u00e9rmino de consumo es el precio que se paga por kilovatio hora<\/strong><strong> (kwh) que consumimos<\/strong>. Se calcula multiplicando esa tarifa por el consumo que tenga cada vivienda. Ahora bien, en funci\u00f3n del mercado al que est\u00e9s adscrito, el t\u00e9rmino de consumo var\u00eda:<\/p>\n\n\n\n<ul>\n<li>Los <strong>usuarios del mercado libre<\/strong> pueden, o bien escoger tener un precio estable, o que este var\u00ede seg\u00fan los tramos horarios. Las opciones depender\u00e1n de su compa\u00f1\u00eda el\u00e9ctrica y las ofertas disponibles.<\/li>\n\n\n\n<li>Los <strong>usuarios del <\/strong><strong>mercado regulado obligatoriamente se regir\u00e1n por la discriminaci\u00f3n horaria <\/strong>de los tres tramos. Esto se debe a que el Gobierno fija una tarifa a las comercializadoras para evitar la especulaci\u00f3n sobre la electricidad.<\/li>\n<\/ul>\n\n\n\n<p><strong>Te interesa<\/strong>: <a href=\"\/blog\/tuasesorhogar\/ahorrar-agua-casa-consejos\/\" target=\"_blank\" rel=\"noreferrer noopener\">\u00bfC\u00f3mo ahorrar agua en casa? Consejos pr\u00e1cticos<\/a><\/p>\n\n\n\n<h3 class=\"wp-block-heading\"><span class=\"ez-toc-section\" id=\"Alquiler_de_equipos\"><\/span>Alquiler de equipos<span class=\"ez-toc-section-end\"><\/span><\/h3>\n\n\n\n<p>Si tu factura de la luz incluye una partida denominada \u201calquiler de equipos\u201d quiere decir que no eres propietario de un contador de luz. Esto supone que la comercializadora te cobrar\u00e1 un canon extra pues es qui\u00e9n posee el contador.<\/p>\n\n\n\n<p><strong>\u00a1No te preocupes! <\/strong>El precio del alquiler de equipos fijado por el Gobierno oscila entre los 0,81\u20ac y 1,36\u20ac al mes solamente.<\/p>\n\n\n\n<h3 class=\"wp-block-heading\"><span class=\"ez-toc-section\" id=\"Impuestos_de_la_factura_de_la_luz\"><\/span>Impuestos de la factura de la luz<span class=\"ez-toc-section-end\"><\/span><\/h3>\n\n\n\n<p>Con independencia de encontrarte en el mercado libre o regulado, todos los consumidores deben pagar una serie de <strong>impuestos incluidos en su factura de la luz<\/strong>.<\/p>\n\n\n\n<ul>\n<li><strong>Impuesto sobre la electricidad.<\/strong> Supone un <strong>5,11%<\/strong> sobre la suma de la potencia y consumo que tengas, aunque el Gobierno recientemente lo ha reducido al 0,5% hasta el 31 diciembre de 2021 para abaratar el recibo.<\/li>\n\n\n\n<li><strong>IVA de la factura de la luz.<\/strong> Asciende al <strong>21%<\/strong>, salvo para aquellos consumidores cuya potencia sea inferior a 10 kW. Para estos \u00faltimos, el Gobierno lo ha reducido al 10% durante el 2021 para contrarrestar las subidas de la luz.<\/li>\n<\/ul>\n\n\n\n<h2 class=\"wp-block-heading\"><span class=\"ez-toc-section\" id=\"Consejos_para_ahorrar_en_la_factura_de_la_luz\"><\/span><strong>Consejos para ahorrar en la factura de la luz<\/strong><span class=\"ez-toc-section-end\"><\/span><\/h2>\n\n\n\n<p>Aunque no podemos controlar el precio de la luz, existen una serie de <strong>gestos cotidianos que te ayudar\u00e1n a ahorrar en la factura de la luz <\/strong>mes a mes:<\/p>\n\n\n\n<ul>\n<li><strong>Adec\u00faa la potencia contratada<\/strong> a las necesidades que tienes en tu vivienda.<\/li>\n\n\n\n<li><strong>Evita conectar simult\u00e1neamente demasiados aparatos<\/strong>. De hecho, tratar de no concentrar tu consumo en el mismo momento te permitir\u00e1 ajustar tu potencia y, por tanto, ahorrar en la factura de la luz.<\/li>\n\n\n\n<li>Pero, \u00bfqu\u00e9 ocurre si tu d\u00eda a d\u00eda te obliga a tener muchos aparatos encendidos al mismo tiempo? Algunas <strong>compa\u00f1\u00edas energ\u00e9ticas ofrecen ofertas<\/strong> donde puedes escoger una franja de tiempo gratuita. Estima a qu\u00e9 hora sueles tener mayor consumo, y aprovecha ese momento para realizar todas tus tareas del hogar.<\/li>\n\n\n\n<li><strong>Instala bombillas LED<\/strong> o de <strong>bajo consumo<\/strong> por toda la casa. \u00a1Suponen hasta un 80% de ahorro en el consumo de electricidad!<\/li>\n\n\n\n<li>Si tu factura de la luz se rige por la discriminaci\u00f3n horaria, <strong>programa la lavadora<\/strong> o el lavavajillas para que se encienda durante el periodo valle.<\/li>\n\n\n\n<li><strong>Apaga por completo los aparatos el\u00e9ctricos<\/strong> cuando no los uses. El modo <em>stand-by<\/em> seguir\u00e1 consumiendo, incluso si est\u00e1 apagado. Adem\u00e1s, no olvides desenchufar el cargador de tu port\u00e1til o m\u00f3vil cuando la bater\u00eda est\u00e9 llena.<\/li>\n<\/ul>\n\n\n\n<p>Te recomendamos que eches un vistazo a <a href=\"\/blog\/tuasesorhogar\/ahorra-energia-con-tecnologia-inteligente\/\" target=\"_blank\" rel=\"noreferrer noopener\">c\u00f3mo ahorrar energ\u00eda con la mejor tecnolog\u00eda<\/a>.<\/p>\n\n\n\n<h2 class=\"wp-block-heading\"><span class=\"ez-toc-section\" id=\"Preguntas_frecuentes_para_entender_la_factura_de_la_luz\"><\/span><strong>Preguntas frecuentes para entender la factura de la luz<\/strong><span class=\"ez-toc-section-end\"><\/span><\/h2>\n\n\n\n<h3 class=\"wp-block-heading\"><span class=\"ez-toc-section\" id=\"%C2%BFCada_cuanto_se_paga_la_luz\"><\/span>\u00bfCada cu\u00e1nto se paga la luz?<span class=\"ez-toc-section-end\"><\/span><\/h3>\n\n\n\n<p>El periodo para pagar el recibo de la luz depende de la comercializadora, aunque normalmente la <strong>factura de la luz suele ser mensual<\/strong>&nbsp;(cada 30 d\u00edas) <strong>o bimensual <\/strong>(cada 60).<\/p>\n\n\n\n<h3 class=\"wp-block-heading\"><span class=\"ez-toc-section\" id=\"%C2%BFComo_ahorrar_en_la_factura_de_la_luz\"><\/span>\u00bfC\u00f3mo ahorrar en la factura de la luz?<span class=\"ez-toc-section-end\"><\/span><\/h3>\n\n\n\n<p><strong>Ajustar la potencia contratada<\/strong> a aquella que realmente necesitas te ayudar\u00e1 a ahorrar en la factura de la luz. Adem\u00e1s, tus recibos se reducir\u00e1n si consumes electricidad<strong>&nbsp;fuera del periodo de hora punta<\/strong> y usas <strong>electrodom\u00e9sticos eficientes<\/strong> y <strong>bombillas de bajo consumo<\/strong>.<\/p>\n\n\n\n<h3 class=\"wp-block-heading\"><span class=\"ez-toc-section\" id=\"%C2%BFComo_entender_la_factura_de_la_luz\"><\/span>\u00bfC\u00f3mo entender la factura de la luz?<span class=\"ez-toc-section-end\"><\/span><\/h3>\n\n\n\n<p>Para entender la factura de la luz es importante identificar: tu<strong> potencia contratada<\/strong>, el <strong>precio del kilovatio hora <\/strong>que est\u00e1s pagando, los <strong>impuestos <\/strong>y el canon que se te aplica por el <strong>alquiler de tu contador<\/strong> si no eres el propietario.<\/p>\n\n\n\n<h3 class=\"wp-block-heading\"><span class=\"ez-toc-section\" id=\"%C2%BFA_quien_afecta_la_nueva_factura_de_la_luz\"><\/span>\u00bfA qui\u00e9n afecta la nueva factura de la luz?<span class=\"ez-toc-section-end\"><\/span><\/h3>\n\n\n\n<p>La <strong>nueva factura de la luz afecta a todos los consumidores<\/strong>, aunque en especial a aquellos que tienen contratado el suministro a trav\u00e9s del mercado regulado.<\/p>\n\n\n\n<p>Ahorrar tambi\u00e9n significa proteger lo que m\u00e1s te importa. En <strong>GENERALI <\/strong>ofrecemos las coberturas m\u00e1s completas para que adaptes <strong>nuestros <\/strong><a href=\"https:\/\/www.generali.es\/seguros-particulares\/hogar\"><strong>Seguros de Hogar<\/strong><\/a><strong> a tus necesidades<\/strong>, \u00a1y no al rev\u00e9s! <strong>Calcula tu presupuesto sin compromiso.<\/strong><\/p>\n\n\n\n<p>Si\u00e9ntete el rey o la reina de tu castillo con el seguro adecuado: as\u00ed es como GENERALI puede ayudarte a proteger tu hogar.<\/p>\n\n\n\n<p><a href=\"\/blog\/tuasesorhogar\/comodidad-hogar-domotica-inteligente-digital\/\" target=\"_blank\" rel=\"noreferrer noopener\">5 elementos que mejorar\u00e1n la comodidad de tu hogar<\/a><\/p>\n\n\n\n<p><a href=\"\/blog\/tuasesorhogar\/sistema-seguridad-casa\/\" target=\"_blank\" rel=\"noreferrer noopener\">C\u00f3mo instalar tu propio sistema de seguridad en casa<\/a><\/p>\n\n\n\n<p><a href=\"\/blog\/tuasesorhogar\/vicios-ocultos-alquier-compraventa-vivienda\/\" target=\"_blank\" rel=\"noreferrer noopener\">\u00bfQu\u00e9 hacer ante vicios ocultos en una vivienda comprada o alquilada?<\/a><\/p>\n\n\n\n<p><a href=\"\/blog\/tuasesorhogar\/como-utilizar-los-dispositivos-domesticos-inteligentes-de-forma-segura\/\" target=\"_blank\" rel=\"noreferrer noopener\">C\u00f3mo utilizar los dispositivos dom\u00e9sticos inteligentes de forma segura<\/a><\/p>\n\n\n\n<p><a href=\"\/blog\/tuasesorhogar\/corte-electrico-corriente-casa-que-hacer\/\" target=\"_blank\" rel=\"noreferrer noopener\">\u00bfQu\u00e9 hacer en caso de corte el\u00e9ctrico?<\/a><\/p>\n\n\n\n<p><a href=\"\/blog\/tuasesorhogar\/como-proteger-tu-hogar-de-los-terremotos\/\" target=\"_blank\" rel=\"noreferrer noopener\">C\u00f3mo proteger tu hogar de los terremotos<\/a><\/p>\n","protected":false},"excerpt":{"rendered":"<p>\u00a1El precio de la luz es hoy casi un 200 por ciento m\u00e1s caro que hace un a\u00f1o! Programar la hora de la lavadora, contratar una tarifa de luz m\u00e1s competitiva o hacer coincidir nuestro consumo el\u00e9ctrico con la hora valle para pagar menos luz&#8230; Cada vez son m\u00e1s los malabares que debemos hacer en [&hellip;]<\/p>\n","protected":false},"author":1,"featured_media":4217,"comment_status":"closed","ping_status":"closed","sticky":false,"template":"","format":"standard","meta":{"footnotes":""},"categories":[3],"tags":[],"yoast_head":"<!-- This site is optimized with the Yoast SEO plugin v21.6 - https:\/\/yoast.com\/wordpress\/plugins\/seo\/ -->\n<title>Gu\u00eda pr\u00e1ctica para entender la factura de la luz - Tu Asesor de Hogar<\/title>\n<meta name=\"robots\" content=\"index, follow, max-snippet:-1, max-image-preview:large, max-video-preview:-1\" \/>\n<link rel=\"canonical\" href=\"https:\/\/www.generali.es\/blog\/tuasesorhogar\/entender-factura-luz\/\" \/>\n<meta name=\"twitter:label1\" content=\"Escrito por\" \/>\n\t<meta name=\"twitter:data1\" content=\"Equipo GENERALI\" \/>\n\t<meta name=\"twitter:label2\" content=\"Tiempo de lectura\" \/>\n\t<meta name=\"twitter:data2\" content=\"8 minutos\" \/>\n<script type=\"application\/ld+json\" class=\"yoast-schema-graph\">{\"@context\":\"https:\/\/schema.org\",\"@graph\":[{\"@type\":\"Article\",\"@id\":\"https:\/\/www.generali.es\/blog\/tuasesorhogar\/entender-factura-luz\/#article\",\"isPartOf\":{\"@id\":\"https:\/\/www.generali.es\/blog\/tuasesorhogar\/entender-factura-luz\/\"},\"author\":{\"name\":\"Equipo GENERALI\",\"@id\":\"https:\/\/www.generali.es\/blog\/tuasesorhogar\/#\/schema\/person\/b3e3621e80b273ef3366c6dc945ab47e\"},\"headline\":\"Gu\u00eda pr\u00e1ctica para entender la factura de la luz\",\"datePublished\":\"2021-10-20T08:46:00+00:00\",\"dateModified\":\"2023-06-12T15:27:03+00:00\",\"mainEntityOfPage\":{\"@id\":\"https:\/\/www.generali.es\/blog\/tuasesorhogar\/entender-factura-luz\/\"},\"wordCount\":1743,\"publisher\":{\"@id\":\"https:\/\/www.generali.es\/blog\/tuasesorhogar\/#organization\"},\"articleSection\":[\"Ahorro\"],\"inLanguage\":\"es\"},{\"@type\":\"WebPage\",\"@id\":\"https:\/\/www.generali.es\/blog\/tuasesorhogar\/entender-factura-luz\/\",\"url\":\"https:\/\/www.generali.es\/blog\/tuasesorhogar\/entender-factura-luz\/\",\"name\":\"Gu\u00eda pr\u00e1ctica para entender la factura de la luz - Tu Asesor de Hogar\",\"isPartOf\":{\"@id\":\"https:\/\/www.generali.es\/blog\/tuasesorhogar\/#website\"},\"datePublished\":\"2021-10-20T08:46:00+00:00\",\"dateModified\":\"2023-06-12T15:27:03+00:00\",\"breadcrumb\":{\"@id\":\"https:\/\/www.generali.es\/blog\/tuasesorhogar\/entender-factura-luz\/#breadcrumb\"},\"inLanguage\":\"es\",\"potentialAction\":[{\"@type\":\"ReadAction\",\"target\":[\"https:\/\/www.generali.es\/blog\/tuasesorhogar\/entender-factura-luz\/\"]}]},{\"@type\":\"BreadcrumbList\",\"@id\":\"https:\/\/www.generali.es\/blog\/tuasesorhogar\/entender-factura-luz\/#breadcrumb\",\"itemListElement\":[{\"@type\":\"ListItem\",\"position\":1,\"name\":\"Home\",\"item\":\"https:\/\/www.generali.es\/blog\/tuasesorhogar\/\"},{\"@type\":\"ListItem\",\"position\":2,\"name\":\"Ahorro\",\"item\":\"https:\/\/www.generali.es\/blog\/tuasesorhogar\/ahorro\/\"},{\"@type\":\"ListItem\",\"position\":3,\"name\":\"Gu\u00eda pr\u00e1ctica para entender la factura de la luz\"}]},{\"@type\":\"WebSite\",\"@id\":\"https:\/\/www.generali.es\/blog\/tuasesorhogar\/#website\",\"url\":\"https:\/\/www.generali.es\/blog\/tuasesorhogar\/\",\"name\":\"Tu Asesor de Hogar\",\"description\":\"Blog de Hogar de GENERALI\",\"publisher\":{\"@id\":\"https:\/\/www.generali.es\/blog\/tuasesorhogar\/#organization\"},\"potentialAction\":[{\"@type\":\"SearchAction\",\"target\":{\"@type\":\"EntryPoint\",\"urlTemplate\":\"https:\/\/www.generali.es\/blog\/tuasesorhogar\/?s={search_term_string}\"},\"query-input\":\"required name=search_term_string\"}],\"inLanguage\":\"es\"},{\"@type\":\"Organization\",\"@id\":\"https:\/\/www.generali.es\/blog\/tuasesorhogar\/#organization\",\"name\":\"Tu Asesor de Hogar\",\"url\":\"https:\/\/www.generali.es\/blog\/tuasesorhogar\/\",\"logo\":{\"@type\":\"ImageObject\",\"inLanguage\":\"es\",\"@id\":\"https:\/\/www.generali.es\/blog\/tuasesorhogar\/#\/schema\/logo\/image\/\",\"url\":\"https:\/\/www.generali.es\/blog\/tuasesorhogar\/wp-content\/uploads\/2021\/04\/generali.png\",\"contentUrl\":\"https:\/\/www.generali.es\/blog\/tuasesorhogar\/wp-content\/uploads\/2021\/04\/generali.png\",\"width\":100,\"height\":81,\"caption\":\"Tu Asesor de Hogar\"},\"image\":{\"@id\":\"https:\/\/www.generali.es\/blog\/tuasesorhogar\/#\/schema\/logo\/image\/\"}},{\"@type\":\"Person\",\"@id\":\"https:\/\/www.generali.es\/blog\/tuasesorhogar\/#\/schema\/person\/b3e3621e80b273ef3366c6dc945ab47e\",\"name\":\"Equipo GENERALI\",\"image\":{\"@type\":\"ImageObject\",\"inLanguage\":\"es\",\"@id\":\"https:\/\/www.generali.es\/blog\/tuasesorhogar\/#\/schema\/person\/image\/\",\"url\":\"https:\/\/www.generali.es\/blog\/tuasesorhogar\/wp-content\/uploads\/2020\/11\/equipo_generali-150x150.jpg\",\"contentUrl\":\"https:\/\/www.generali.es\/blog\/tuasesorhogar\/wp-content\/uploads\/2020\/11\/equipo_generali-150x150.jpg\",\"caption\":\"Equipo GENERALI\"},\"description\":\"El equipo de Tu Asesor Hogar est\u00e1 compuesto por especialistas en la seguridad, el bricolaje y ahorro en el hogar, as\u00ed como profesionales t\u00e9cnicos de los seguros de hogar. Te ayudamos a que tengas una vida m\u00e1s segura y tranquila y te ofrecemos contenido \u00fatil para tu d\u00eda a d\u00eda.\",\"url\":\"https:\/\/www.generali.es\/blog\/tuasesorhogar\/author\/generali_asesor\/\"}]}<\/script>\n<!-- \/ Yoast SEO plugin. -->","yoast_head_json":{"title":"Gu\u00eda pr\u00e1ctica para entender la factura de la luz - Tu Asesor de Hogar","robots":{"index":"index","follow":"follow","max-snippet":"max-snippet:-1","max-image-preview":"max-image-preview:large","max-video-preview":"max-video-preview:-1"},"canonical":"https:\/\/www.generali.es\/blog\/tuasesorhogar\/entender-factura-luz\/","twitter_misc":{"Escrito por":"Equipo GENERALI","Tiempo de lectura":"8 minutos"},"schema":{"@context":"https:\/\/schema.org","@graph":[{"@type":"Article","@id":"https:\/\/www.generali.es\/blog\/tuasesorhogar\/entender-factura-luz\/#article","isPartOf":{"@id":"https:\/\/www.generali.es\/blog\/tuasesorhogar\/entender-factura-luz\/"},"author":{"name":"Equipo GENERALI","@id":"https:\/\/www.generali.es\/blog\/tuasesorhogar\/#\/schema\/person\/b3e3621e80b273ef3366c6dc945ab47e"},"headline":"Gu\u00eda pr\u00e1ctica para entender la factura de la luz","datePublished":"2021-10-20T08:46:00+00:00","dateModified":"2023-06-12T15:27:03+00:00","mainEntityOfPage":{"@id":"https:\/\/www.generali.es\/blog\/tuasesorhogar\/entender-factura-luz\/"},"wordCount":1743,"publisher":{"@id":"https:\/\/www.generali.es\/blog\/tuasesorhogar\/#organization"},"articleSection":["Ahorro"],"inLanguage":"es"},{"@type":"WebPage","@id":"https:\/\/www.generali.es\/blog\/tuasesorhogar\/entender-factura-luz\/","url":"https:\/\/www.generali.es\/blog\/tuasesorhogar\/entender-factura-luz\/","name":"Gu\u00eda pr\u00e1ctica para entender la factura de la luz - Tu Asesor de Hogar","isPartOf":{"@id":"https:\/\/www.generali.es\/blog\/tuasesorhogar\/#website"},"datePublished":"2021-10-20T08:46:00+00:00","dateModified":"2023-06-12T15:27:03+00:00","breadcrumb":{"@id":"https:\/\/www.generali.es\/blog\/tuasesorhogar\/entender-factura-luz\/#breadcrumb"},"inLanguage":"es","potentialAction":[{"@type":"ReadAction","target":["https:\/\/www.generali.es\/blog\/tuasesorhogar\/entender-factura-luz\/"]}]},{"@type":"BreadcrumbList","@id":"https:\/\/www.generali.es\/blog\/tuasesorhogar\/entender-factura-luz\/#breadcrumb","itemListElement":[{"@type":"ListItem","position":1,"name":"Home","item":"https:\/\/www.generali.es\/blog\/tuasesorhogar\/"},{"@type":"ListItem","position":2,"name":"Ahorro","item":"https:\/\/www.generali.es\/blog\/tuasesorhogar\/ahorro\/"},{"@type":"ListItem","position":3,"name":"Gu\u00eda pr\u00e1ctica para entender la factura de la luz"}]},{"@type":"WebSite","@id":"https:\/\/www.generali.es\/blog\/tuasesorhogar\/#website","url":"https:\/\/www.generali.es\/blog\/tuasesorhogar\/","name":"Tu Asesor de Hogar","description":"Blog de Hogar de GENERALI","publisher":{"@id":"https:\/\/www.generali.es\/blog\/tuasesorhogar\/#organization"},"potentialAction":[{"@type":"SearchAction","target":{"@type":"EntryPoint","urlTemplate":"https:\/\/www.generali.es\/blog\/tuasesorhogar\/?s={search_term_string}"},"query-input":"required name=search_term_string"}],"inLanguage":"es"},{"@type":"Organization","@id":"https:\/\/www.generali.es\/blog\/tuasesorhogar\/#organization","name":"Tu Asesor de Hogar","url":"https:\/\/www.generali.es\/blog\/tuasesorhogar\/","logo":{"@type":"ImageObject","inLanguage":"es","@id":"https:\/\/www.generali.es\/blog\/tuasesorhogar\/#\/schema\/logo\/image\/","url":"https:\/\/www.generali.es\/blog\/tuasesorhogar\/wp-content\/uploads\/2021\/04\/generali.png","contentUrl":"https:\/\/www.generali.es\/blog\/tuasesorhogar\/wp-content\/uploads\/2021\/04\/generali.png","width":100,"height":81,"caption":"Tu Asesor de Hogar"},"image":{"@id":"https:\/\/www.generali.es\/blog\/tuasesorhogar\/#\/schema\/logo\/image\/"}},{"@type":"Person","@id":"https:\/\/www.generali.es\/blog\/tuasesorhogar\/#\/schema\/person\/b3e3621e80b273ef3366c6dc945ab47e","name":"Equipo GENERALI","image":{"@type":"ImageObject","inLanguage":"es","@id":"https:\/\/www.generali.es\/blog\/tuasesorhogar\/#\/schema\/person\/image\/","url":"https:\/\/www.generali.es\/blog\/tuasesorhogar\/wp-content\/uploads\/2020\/11\/equipo_generali-150x150.jpg","contentUrl":"https:\/\/www.generali.es\/blog\/tuasesorhogar\/wp-content\/uploads\/2020\/11\/equipo_generali-150x150.jpg","caption":"Equipo GENERALI"},"description":"El equipo de Tu Asesor Hogar est\u00e1 compuesto por especialistas en la seguridad, el bricolaje y ahorro en el hogar, as\u00ed como profesionales t\u00e9cnicos de los seguros de hogar. Te ayudamos a que tengas una vida m\u00e1s segura y tranquila y te ofrecemos contenido \u00fatil para tu d\u00eda a d\u00eda.","url":"https:\/\/www.generali.es\/blog\/tuasesorhogar\/author\/generali_asesor\/"}]}},"_links":{"self":[{"href":"https:\/\/www.generali.es\/blog\/tuasesorhogar\/wp-json\/wp\/v2\/posts\/3666"}],"collection":[{"href":"https:\/\/www.generali.es\/blog\/tuasesorhogar\/wp-json\/wp\/v2\/posts"}],"about":[{"href":"https:\/\/www.generali.es\/blog\/tuasesorhogar\/wp-json\/wp\/v2\/types\/post"}],"author":[{"embeddable":true,"href":"https:\/\/www.generali.es\/blog\/tuasesorhogar\/wp-json\/wp\/v2\/users\/1"}],"replies":[{"embeddable":true,"href":"https:\/\/www.generali.es\/blog\/tuasesorhogar\/wp-json\/wp\/v2\/comments?post=3666"}],"version-history":[{"count":3,"href":"https:\/\/www.generali.es\/blog\/tuasesorhogar\/wp-json\/wp\/v2\/posts\/3666\/revisions"}],"predecessor-version":[{"id":4678,"href":"https:\/\/www.generali.es\/blog\/tuasesorhogar\/wp-json\/wp\/v2\/posts\/3666\/revisions\/4678"}],"wp:featuredmedia":[{"embeddable":true,"href":"https:\/\/www.generali.es\/blog\/tuasesorhogar\/wp-json\/wp\/v2\/media\/4217"}],"wp:attachment":[{"href":"https:\/\/www.generali.es\/blog\/tuasesorhogar\/wp-json\/wp\/v2\/media?parent=3666"}],"wp:term":[{"taxonomy":"category","embeddable":true,"href":"https:\/\/www.generali.es\/blog\/tuasesorhogar\/wp-json\/wp\/v2\/categories?post=3666"},{"taxonomy":"post_tag","embeddable":true,"href":"https:\/\/www.generali.es\/blog\/tuasesorhogar\/wp-json\/wp\/v2\/tags?post=3666"}],"curies":[{"name":"wp","href":"https:\/\/api.w.org\/{rel}","templated":true}]}}