{"id":3660,"date":"2021-11-17T09:24:00","date_gmt":"2021-11-17T08:24:00","guid":{"rendered":"https:\/\/generali.devhogarth.com\/blog\/tuasesorhogar\/?p=3660"},"modified":"2025-12-09T12:26:23","modified_gmt":"2025-12-09T11:26:23","slug":"acondicionar-terraza-invierno","status":"publish","type":"post","link":"https:\/\/www.generali.es\/blog\/tuasesorhogar\/acondicionar-terraza-invierno\/","title":{"rendered":"C\u00f3mo acondicionar tu terraza para el invierno"},"content":{"rendered":"\n<p><strong>\u00a1Si tienes una terraza en casa es para aprovecharla durante todo el a\u00f1o! <\/strong>Las terrazas se han convertido en espacios exteriores en los que encontrar inspiraci\u00f3n, relajarse con tu familia y organizar divertidos planes caseros. Aun as\u00ed, no todos los climas en Espa\u00f1a permiten disfrutar de la terraza durante todo el a\u00f1o.<\/p>\n\n\n\n<p><strong>\u00bfY si te dij\u00e9ramos que no es tan dif\u00edcil preparar tu terraza para el invierno? <\/strong>Te contamos c\u00f3mo aislarla del fr\u00edo y la lluvia. Ya tengas <a href=\"\/blog\/tuasesorhogar\/comprar-piso-atico-duplex-ventajas-inconvenientes\/\">un \u00e1tico, porche, balconcito o terraza<\/a>, \u00a1no te pierdas estos <strong>consejos para<\/strong> <strong>acondicionar (con y sin obras) tu terraza para el invierno<\/strong>!<\/p>\n\n\n\n<div id=\"ez-toc-container\" class=\"ez-toc-v2_0_58 counter-hierarchy ez-toc-counter ez-toc-custom ez-toc-container-direction\">\n<p class=\"ez-toc-title\">&Iacute;ndice<\/p>\n<label for=\"ez-toc-cssicon-toggle-item-69f574fd2e9ad\" class=\"ez-toc-cssicon-toggle-label\"><span class=\"\"><span class=\"eztoc-hide\" style=\"display:none;\">Toggle<\/span><span class=\"ez-toc-icon-toggle-span\"><svg style=\"fill: #ffffff;color:#ffffff\" xmlns=\"http:\/\/www.w3.org\/2000\/svg\" class=\"list-377408\" width=\"20px\" height=\"20px\" viewBox=\"0 0 24 24\" fill=\"none\"><path d=\"M6 6H4v2h2V6zm14 0H8v2h12V6zM4 11h2v2H4v-2zm16 0H8v2h12v-2zM4 16h2v2H4v-2zm16 0H8v2h12v-2z\" fill=\"currentColor\"><\/path><\/svg><svg style=\"fill: #ffffff;color:#ffffff\" class=\"arrow-unsorted-368013\" xmlns=\"http:\/\/www.w3.org\/2000\/svg\" width=\"10px\" height=\"10px\" viewBox=\"0 0 24 24\" version=\"1.2\" baseProfile=\"tiny\"><path d=\"M18.2 9.3l-6.2-6.3-6.2 6.3c-.2.2-.3.4-.3.7s.1.5.3.7c.2.2.4.3.7.3h11c.3 0 .5-.1.7-.3.2-.2.3-.5.3-.7s-.1-.5-.3-.7zM5.8 14.7l6.2 6.3 6.2-6.3c.2-.2.3-.5.3-.7s-.1-.5-.3-.7c-.2-.2-.4-.3-.7-.3h-11c-.3 0-.5.1-.7.3-.2.2-.3.5-.3.7s.1.5.3.7z\"\/><\/svg><\/span><\/span><\/label><input type=\"checkbox\"  id=\"ez-toc-cssicon-toggle-item-69f574fd2e9ad\" checked aria-label=\"Toggle\" \/><nav><ul class='ez-toc-list ez-toc-list-level-1 ' ><li class='ez-toc-page-1 ez-toc-heading-level-2'><a class=\"ez-toc-link ez-toc-heading-1\" href=\"https:\/\/www.generali.es\/blog\/tuasesorhogar\/acondicionar-terraza-invierno\/#Consejos_para_acondicionar_con_obras_la_terraza_para_el_invierno\" title=\"Consejos para acondicionar (con obras) la terraza para el invierno&nbsp;\">Consejos para acondicionar (con obras) la terraza para el invierno&nbsp;<\/a><ul class='ez-toc-list-level-3'><li class='ez-toc-heading-level-3'><a class=\"ez-toc-link ez-toc-heading-2\" href=\"https:\/\/www.generali.es\/blog\/tuasesorhogar\/acondicionar-terraza-invierno\/#1_Instala_un_cerramiento_en_la_terraza_para_el_invierno\" title=\"1. Instala un cerramiento en la terraza para el invierno\">1. Instala un cerramiento en la terraza para el invierno<\/a><ul class='ez-toc-list-level-4'><li class='ez-toc-heading-level-4'><a class=\"ez-toc-link ez-toc-heading-3\" href=\"https:\/\/www.generali.es\/blog\/tuasesorhogar\/acondicionar-terraza-invierno\/#Tipos_de_cerramientos_de_terraza\" title=\"Tipos de cerramientos de terraza\">Tipos de cerramientos de terraza<\/a><\/li><\/ul><\/li><li class='ez-toc-page-1 ez-toc-heading-level-3'><a class=\"ez-toc-link ez-toc-heading-4\" href=\"https:\/\/www.generali.es\/blog\/tuasesorhogar\/acondicionar-terraza-invierno\/#2_Coloca_tarima_calefactable\" title=\"2. Coloca tarima calefactable\">2. Coloca tarima calefactable<\/a><\/li><li class='ez-toc-page-1 ez-toc-heading-level-3'><a class=\"ez-toc-link ez-toc-heading-5\" href=\"https:\/\/www.generali.es\/blog\/tuasesorhogar\/acondicionar-terraza-invierno\/#3_Instala_una_chimenea_o_estufa_de_exterior\" title=\"3. Instala una chimenea o estufa de exterior\">3. Instala una chimenea o estufa de exterior<\/a><\/li><li class='ez-toc-page-1 ez-toc-heading-level-3'><a class=\"ez-toc-link ez-toc-heading-6\" href=\"https:\/\/www.generali.es\/blog\/tuasesorhogar\/acondicionar-terraza-invierno\/#4_Equipa_tu_terraza_para_el_invierno_con_materiales_aislantes\" title=\"4. Equipa tu terraza para el invierno con materiales aislantes\">4. Equipa tu terraza para el invierno con materiales aislantes<\/a><\/li><li class='ez-toc-page-1 ez-toc-heading-level-3'><a class=\"ez-toc-link ez-toc-heading-7\" href=\"https:\/\/www.generali.es\/blog\/tuasesorhogar\/acondicionar-terraza-invierno\/#5_Aplica_tratamientos_para_sellar_la_terraza_para_el_invierno\" title=\"5. Aplica tratamientos para sellar la terraza para el invierno\">5. Aplica tratamientos para sellar la terraza para el invierno<\/a><\/li><\/ul><\/li><li class='ez-toc-page-1 ez-toc-heading-level-2'><a class=\"ez-toc-link ez-toc-heading-8\" href=\"https:\/\/www.generali.es\/blog\/tuasesorhogar\/acondicionar-terraza-invierno\/#Trucos_para_preparar_tu_terraza_para_el_invierno_sin_necesidad_de_hacer_obras\" title=\"Trucos para preparar tu terraza para el invierno (sin necesidad de hacer obras)\">Trucos para preparar tu terraza para el invierno (sin necesidad de hacer obras)<\/a><ul class='ez-toc-list-level-3'><li class='ez-toc-heading-level-3'><a class=\"ez-toc-link ez-toc-heading-9\" href=\"https:\/\/www.generali.es\/blog\/tuasesorhogar\/acondicionar-terraza-invierno\/#1_Hazte_con_mobiliario_de_madera\" title=\"1. Hazte con mobiliario de madera\">1. Hazte con mobiliario de madera<\/a><\/li><li class='ez-toc-page-1 ez-toc-heading-level-3'><a class=\"ez-toc-link ez-toc-heading-10\" href=\"https:\/\/www.generali.es\/blog\/tuasesorhogar\/acondicionar-terraza-invierno\/#2_Planteate_cambiar_la_orientacion_de_los_elementos\" title=\"2. Plant\u00e9ate cambiar la orientaci\u00f3n de los elementos\">2. Plant\u00e9ate cambiar la orientaci\u00f3n de los elementos<\/a><\/li><li class='ez-toc-page-1 ez-toc-heading-level-3'><a class=\"ez-toc-link ez-toc-heading-11\" href=\"https:\/\/www.generali.es\/blog\/tuasesorhogar\/acondicionar-terraza-invierno\/#3_Compra_lonas_para_proteger_el_mobiliario\" title=\"3. Compra lonas para proteger el mobiliario\">3. Compra lonas para proteger el mobiliario<\/a><\/li><\/ul><\/li><li class='ez-toc-page-1 ez-toc-heading-level-2'><a class=\"ez-toc-link ez-toc-heading-12\" href=\"https:\/\/www.generali.es\/blog\/tuasesorhogar\/acondicionar-terraza-invierno\/#%C2%BFComo_decorar_una_terraza_para_el_invierno\" title=\"\u00bfC\u00f3mo decorar una terraza para el invierno?\">\u00bfC\u00f3mo decorar una terraza para el invierno?<\/a><\/li><\/ul><\/nav><\/div>\n<h2 class=\"wp-block-heading\"><span class=\"ez-toc-section\" id=\"Consejos_para_acondicionar_con_obras_la_terraza_para_el_invierno\"><\/span><strong>Consejos para acondicionar <\/strong><strong>(con obras) <\/strong><strong>la terraza para el invierno&nbsp;<\/strong><span class=\"ez-toc-section-end\"><\/span><\/h2>\n\n\n\n<p>La llegada del invierno supone condiciones climatol\u00f3gicas m\u00e1s dif\u00edciles de combatir. Protegerse de la lluvia, aislarse del fr\u00edo o incluso de la nieve no siempre es f\u00e1cil. Por lo que llevar a cabo una <strong>peque\u00f1a obra durante el oto\u00f1o<\/strong> se convierte en la opci\u00f3n perfecta si quieres tener tu terraza preparada para el invierno.<\/p>\n\n\n\n<h3 class=\"wp-block-heading\"><span class=\"ez-toc-section\" id=\"1_Instala_un_cerramiento_en_la_terraza_para_el_invierno\"><\/span>1. Instala un cerramiento en la terraza para el invierno<span class=\"ez-toc-section-end\"><\/span><\/h3>\n\n\n\n<p>Los <strong>cerramientos de terrazas son<\/strong>, sin duda, las soluciones m\u00e1s <strong>eficaces para luchar contra el fr\u00edo<\/strong> sin tener que renunciar a tu espacio exterior durante el invierno.&nbsp;Eso s\u00ed, \u00a1es vital escoger aquel que mejor se adapte a tu estilo de vida!<\/p>\n\n\n\n<h4 class=\"wp-block-heading\"><span class=\"ez-toc-section\" id=\"Tipos_de_cerramientos_de_terraza\"><\/span><strong>Tipos de cerramientos de terraza<\/strong><span class=\"ez-toc-section-end\"><\/span><\/h4>\n\n\n\n<p>En funci\u00f3n del tama\u00f1o y las necesidades que busques en una terraza para el invierno, deber\u00e1s escoger un tipo de cerramiento diferente.<\/p>\n\n\n\n<ul>\n<li><strong>Cerramiento de terraza fijo.<\/strong> Se trata de una obra de bastante inversi\u00f3n, pero el que m\u00e1s aislamiento ofrece. Es recomendable para aquellas viviendas que cuentan con una terraza muy grande donde una parte se destine para ganar metros \u00fatiles.<\/li>\n\n\n\n<li><strong>Cerramiento de terraza abatible o correderas.<\/strong> Si cuentas con una peque\u00f1a terraza o \u00e1tico, un cerramiento abatible o de puertas correderas ser\u00e1 ideal. Te permitir\u00e1 transformar el espacio exterior en una terraza al aire libre durante el verano, y cerrarlo con la llegada del fr\u00edo.<\/li>\n\n\n\n<li><strong>P\u00e9rgola o porche.<\/strong> Para aquellas personas que no quieran invertir mucho dinero en una obra, una p\u00e9rgola o peque\u00f1o porche es la mejor soluci\u00f3n. Las m\u00e1s modernas son f\u00e1ciles de instalar, \u00a1incluso por uno mismo! Su ventaja es que te protege de la lluvia y ciertas inclemencias. Sin embargo, no es el mejor aislante t\u00e9rmico y tampoco te proteger\u00e1 del viento.<\/li>\n<\/ul>\n\n\n\n<p>Te interesa: <a href=\"\/blog\/tuasesorhogar\/consejos-elegir-caja-fuerte\/\" target=\"_blank\" rel=\"noreferrer noopener\">C\u00f3mo elegir una caja fuerte para tu hogar<\/a><\/p>\n\n\n\n<figure class=\"wp-block-image\"><img decoding=\"async\" src=\"https:\/\/images-cdn.welcomesoftware.com\/Zz0yMWM5Y2RhZTQ2ZDcxMWVjOGYwODNhNTMwNjYyNjFiNA==?token=eyJ0eXAiOiJKV1QiLCJhbGciOiJIUzI1NiJ9.eyJzdWIiOlsiMjFjOWNkYWU0NmQ3MTFlYzhmMDgzYTUzMDY2MjYxYjQiXSwiZXhwIjoxNjM3MDg3MTMzfQ.jucO30tH8bRCqhbifJd3oIvnepvTr_fdV7J_NaT6zUg\" alt=\"Generali_Winterizing Terrace_Mini Graphic_12.11.21.jpg\"\/><\/figure>\n\n\n\n<h3 class=\"wp-block-heading\"><span class=\"ez-toc-section\" id=\"2_Coloca_tarima_calefactable\"><\/span>2. Coloca tarima calefactable<span class=\"ez-toc-section-end\"><\/span><\/h3>\n\n\n\n<p>\u00bfSab\u00edas que existen<strong> tarimas de exterior calefactables<\/strong>? Esta nueva tecnolog\u00eda es ideal para acondicionar una terraza para el invierno. Gracias a su tecnolog\u00eda, el propio suelo act\u00faa como fuente de calor,<strong> y conseguir\u00e1s una temperatura ambiente perfecta<\/strong>. Adem\u00e1s, existen tarifas de materiales, texturas y colores para todos los estilos de decoraci\u00f3n.<\/p>\n\n\n\n<h3 class=\"wp-block-heading\"><span class=\"ez-toc-section\" id=\"3_Instala_una_chimenea_o_estufa_de_exterior\"><\/span>3. Instala una chimenea o estufa de exterior<span class=\"ez-toc-section-end\"><\/span><\/h3>\n\n\n\n<p>Otra manera de acondicionar tu terraza para el invierno es gracias a una chimenea o estufa. Las posibilidades son muchas: <strong>chimeneas de le\u00f1a<\/strong>,<strong> estufas de exterior<\/strong>, <strong>calefactores el\u00e9ctricos<\/strong>&#8230; En funci\u00f3n de tus gustos, podr\u00e1s optar por modelos 100% el\u00e9ctricos o por una combusti\u00f3n de madera.<\/p>\n\n\n\n<p>De hecho, las <strong>estufas de pellet son la gran novedad<\/strong> en el mercado para aquellos que quieren acondicionar su terraza para el invierno sin grandes instalaciones. Permiten <strong>regular la intensidad, distribuir el calor, y \u00a1son sostenibles! <\/strong>Eso s\u00ed, solo las podr\u00e1s colocar en zonas parcialmente cerradas.<\/p>\n\n\n\n<h3 class=\"wp-block-heading\"><span class=\"ez-toc-section\" id=\"4_Equipa_tu_terraza_para_el_invierno_con_materiales_aislantes\"><\/span>4. Equipa tu terraza para el invierno con materiales aislantes<span class=\"ez-toc-section-end\"><\/span><\/h3>\n\n\n\n<p>Existen algunos materiales para paredes y suelos que conseguir\u00e1n aumentar el aislamiento t\u00e9rmico de tu terraza. Opta por materiales como la <strong>fibra de vidrio<\/strong>, la <strong>lana de roca<\/strong>, el <strong>corcho<\/strong>, o el <strong>poliestireno expandido<\/strong> para reforzar paredes, suelos, techos y fachadas.<\/p>\n\n\n\n<h3 class=\"wp-block-heading\"><span class=\"ez-toc-section\" id=\"5_Aplica_tratamientos_para_sellar_la_terraza_para_el_invierno\"><\/span>5. Aplica tratamientos para sellar la terraza para el invierno<span class=\"ez-toc-section-end\"><\/span><\/h3>\n\n\n\n<p>Algunos productos como el <strong>poliuretano transparente o la pintura de exterior <\/strong>son ideales para <strong>impermeabilizar tu terraza para el invierno<\/strong>. Adem\u00e1s, act\u00faan como sellador para evitar que el agua y las humedades de la lluvia acaben penetrando en el interior de la vivienda.<\/p>\n\n\n\n<p>Te recomendamos: <a href=\"\/blog\/tuasesorhogar\/transformar-jardin-casa\/\">C\u00f3mo sacar el m\u00e1ximo partido al jard\u00edn de tu casa<\/a><\/p>\n\n\n\n<h2 class=\"wp-block-heading\"><span class=\"ez-toc-section\" id=\"Trucos_para_preparar_tu_terraza_para_el_invierno_sin_necesidad_de_hacer_obras\"><\/span><strong>Trucos para preparar tu terraza para el invierno (sin necesidad de hacer obras)<\/strong><span class=\"ez-toc-section-end\"><\/span><\/h2>\n\n\n\n<p>\u00bfTe gustar\u00eda preparar tu terraza para el invierno, pero no quieres invertir mucho tiempo ni dinero? \u00a1Existen trucos muy econ\u00f3micos para aprovecharla, a\u00fan con la llegada del fr\u00edo!<\/p>\n\n\n\n<h3 class=\"wp-block-heading\"><span class=\"ez-toc-section\" id=\"1_Hazte_con_mobiliario_de_madera\"><\/span>1. Hazte con mobiliario de madera<span class=\"ez-toc-section-end\"><\/span><\/h3>\n\n\n\n<p>Por mucho que te esfuerces en calentar tu terraza para el invierno, una mesa y sillas met\u00e1licas provocar\u00e1n una sensaci\u00f3n t\u00e9rmica inferior durante toda la velada. Por ello, \u00a1opta por <strong>mobiliario de jard\u00edn fabricado en madera<\/strong>!<\/p>\n\n\n\n<p>La <strong>acacia<\/strong>, por ejemplo, es un tipo de madera muy vers\u00e1til que se adapta a los fuertes cambios de temperatura y la humedad tan caracter\u00edstica del invierno. Si prefieres algo m\u00e1s sofisticado, tambi\u00e9n puedes probar con <strong>mobiliario fabricado en teca<\/strong>. Esta madera de alta calidad resulta impermeable y resistente a hongos, <a href=\"\/blog\/tuasesorhogar\/las-plagas-mas-comunes-y-como-combatirlas\/\">plagas<\/a> y termitas.<\/p>\n\n\n\n<h3 class=\"wp-block-heading\"><span class=\"ez-toc-section\" id=\"2_Planteate_cambiar_la_orientacion_de_los_elementos\"><\/span>2. Plant\u00e9ate cambiar la orientaci\u00f3n de los elementos<span class=\"ez-toc-section-end\"><\/span><\/h3>\n\n\n\n<p>\u00bfNunca te has planteado <strong>redistribuir la orientaci\u00f3n de los elementos de tu terraza<\/strong>? En funci\u00f3n de la <strong>posici\u00f3n del sol<\/strong> o el impacto del aire y la lluvia, tu terraza podr\u00eda pasar de ser un espacio c\u00f3modo en el que disfrutar de un desayuno en familia a un lugar fr\u00edo y oscuro. Estudia el punto m\u00e1s soleado de tu terraza y recoloca el mobiliario para aprovechar hasta el \u00faltimo rayo de luz.<\/p>\n\n\n\n<h3 class=\"wp-block-heading\"><span class=\"ez-toc-section\" id=\"3_Compra_lonas_para_proteger_el_mobiliario\"><\/span>3. Compra lonas para proteger el mobiliario<span class=\"ez-toc-section-end\"><\/span><\/h3>\n\n\n\n<p>Es importante que protejas tu terraza de las inclemencias del verano. Hazte con unas <strong>lonas para cubrir las mesas, sillas, chimenea o barbacoa,<\/strong> y as\u00ed evitar que se deterioren. Aseg\u00farate de que la lona sea de pl\u00e1stico especial para exterior.<\/p>\n\n\n\n<h2 class=\"wp-block-heading\"><strong><\/strong><\/h2>\n\n\n\n<h2 class=\"wp-block-heading\"><span class=\"ez-toc-section\" id=\"%C2%BFComo_decorar_una_terraza_para_el_invierno\"><\/span><strong>\u00bfC\u00f3mo decorar una terraza para el invierno?<\/strong><span class=\"ez-toc-section-end\"><\/span><\/h2>\n\n\n\n<p>\u00a1No todo debe ser acondicionamiento de la terraza para el invierno! Una <a href=\"\/blog\/tuasesorhogar\/tendencias-decoracion-hogar\/\">buena decoraci\u00f3n<\/a> otorgar\u00e1 una sensaci\u00f3n de calidez a\u00f1adida perfecta para los d\u00edas m\u00e1s fr\u00edos. Te traemos las mejores recomendaciones para decorar tu terraza para el invierno.<\/p>\n\n\n\n<ul>\n<li><strong>Farolillos<\/strong>. Dotar\u00e1n a tu terraza de una mayor calidez para disfrutar de las largas veladas en familia o amigos. Dependiendo del tipo de iluminaci\u00f3n que busques, encontrar\u00e1s farolillos de tonos m\u00e1s c\u00e1lidos o luces blancas. Adem\u00e1s, algunos modelos cuentan con tecnolog\u00eda led de <a href=\"\/blog\/tuasesorhogar\/entender-factura-luz\/\">bajo consumo<\/a> y otros se recargan con energ\u00eda solar.<\/li>\n\n\n\n<li><strong>Velas<\/strong>. \u00bfQu\u00e9 mejor manera de construir una atm\u00f3sfera rom\u00e1ntica? Disfruta de una cena inolvidable con unas cuantas velas arom\u00e1ticas. Vigila que siempre est\u00e9n dentro de un soporte para <a href=\"\/blog\/tuasesorhogar\/incendio-domestico-consejos\/\">evitar incendios dom\u00e9sticos<\/a>.<\/li>\n\n\n\n<li><strong>Plantas<\/strong>. Algunas especies de <a href=\"\/blog\/tuasesorhogar\/humedad-ideal-casa\/\">plantas<\/a> act\u00faan como pantalla t\u00e9rmica, \u00a1al mismo tiempo que decoran tu terraza! Dale un toque de estilo a tu terraza para el invierno con flores resistentes al fr\u00edo como el jazm\u00edn, los narcisos, el acebo, la pr\u00edmula o los crisantemos.<\/li>\n\n\n\n<li><strong>Tejidos de invierno<\/strong>. Usa cojines y mantas de tejidos aislantes como <strong>felpa,<\/strong> <strong>lana, cuero o algod\u00f3n <\/strong>para acondicionar tu terraza para el invierno y luchar contra el fr\u00edo. \u00a1Incluso puedes usar alfombras para aislar tambi\u00e9n el suelo de las bajas temperaturas!<\/li>\n<\/ul>\n\n\n\n<p>Tu casa es un lugar de confort donde sentirte a gusto y sin preocupaciones. En <strong>GENERALI <\/strong>ofrecemos las coberturas m\u00e1s completas para que adaptes <strong>nuestros <\/strong><a href=\"https:\/\/www.generali.es\/seguros-particulares\/hogar\"><strong>Seguros de Hogar<\/strong><\/a><strong> a tus necesidades<\/strong>, \u00a1y no al rev\u00e9s! <strong>Calcula tu presupuesto sin compromiso.<\/strong><\/p>\n\n\n\n<p>Desde proyectos que puedes hacer tu mismo hasta recetas sencillas incre\u00edbles, disponemos de todo el contenido que necesitas para llevar una vida divertida y creativa en tu hogar:<\/p>\n\n\n\n<p><a href=\"\/blog\/tuasesorhogar\/comodidad-hogar-domotica-inteligente-digital\/\" target=\"_blank\" rel=\"noreferrer noopener\">5 elementos que mejorar\u00e1n la comodidad de tu hogar<\/a><\/p>\n\n\n\n<p><a href=\"\/blog\/tuasesorhogar\/sistema-seguridad-casa\/\" target=\"_blank\" rel=\"noreferrer noopener\">C\u00f3mo instalar tu propio sistema de seguridad en casa<\/a><\/p>\n\n\n\n<p><a href=\"\/blog\/tuasesorhogar\/vicios-ocultos-alquier-compraventa-vivienda\/\" target=\"_blank\" rel=\"noreferrer noopener\">\u00bfQu\u00e9 hacer ante vicios ocultos en una vivienda comprada o alquilada?<\/a><\/p>\n\n\n\n<p><a href=\"\/blog\/tuasesorhogar\/como-utilizar-los-dispositivos-domesticos-inteligentes-de-forma-segura\/\" target=\"_blank\" rel=\"noreferrer noopener\">C\u00f3mo utilizar los dispositivos dom\u00e9sticos inteligentes de forma segura<\/a><\/p>\n\n\n\n<p><a href=\"\/blog\/tuasesorhogar\/corte-electrico-corriente-casa-que-hacer\/\" target=\"_blank\" rel=\"noreferrer noopener\">\u00bfQu\u00e9 hacer en caso de corte el\u00e9ctrico?<\/a><\/p>\n\n\n\n<p><a href=\"\/blog\/tuasesorhogar\/como-proteger-tu-hogar-de-los-terremotos\/\" target=\"_blank\" rel=\"noreferrer noopener\">C\u00f3mo proteger tu hogar de los terremotos<\/a><\/p>\n","protected":false},"excerpt":{"rendered":"<p>\u00a1Si tienes una terraza en casa es para aprovecharla durante todo el a\u00f1o! Las terrazas se han convertido en espacios exteriores en los que encontrar inspiraci\u00f3n, relajarse con tu familia y organizar divertidos planes caseros. Aun as\u00ed, no todos los climas en Espa\u00f1a permiten disfrutar de la terraza durante todo el a\u00f1o. \u00bfY si te [&hellip;]<\/p>\n","protected":false},"author":1,"featured_media":4210,"comment_status":"closed","ping_status":"closed","sticky":false,"template":"","format":"standard","meta":{"footnotes":""},"categories":[4],"tags":[],"yoast_head":"<!-- This site is optimized with the Yoast SEO plugin v21.6 - https:\/\/yoast.com\/wordpress\/plugins\/seo\/ -->\n<title>C\u00f3mo acondicionar tu terraza para el invierno - Tu Asesor de Hogar<\/title>\n<meta name=\"robots\" content=\"index, follow, max-snippet:-1, max-image-preview:large, max-video-preview:-1\" \/>\n<link rel=\"canonical\" href=\"https:\/\/www.generali.es\/blog\/tuasesorhogar\/acondicionar-terraza-invierno\/\" \/>\n<meta name=\"twitter:label1\" content=\"Escrito por\" \/>\n\t<meta name=\"twitter:data1\" content=\"Equipo GENERALI\" \/>\n\t<meta name=\"twitter:label2\" content=\"Tiempo de lectura\" \/>\n\t<meta name=\"twitter:data2\" content=\"7 minutos\" \/>\n<script type=\"application\/ld+json\" class=\"yoast-schema-graph\">{\"@context\":\"https:\/\/schema.org\",\"@graph\":[{\"@type\":\"Article\",\"@id\":\"https:\/\/www.generali.es\/blog\/tuasesorhogar\/acondicionar-terraza-invierno\/#article\",\"isPartOf\":{\"@id\":\"https:\/\/www.generali.es\/blog\/tuasesorhogar\/acondicionar-terraza-invierno\/\"},\"author\":{\"name\":\"Equipo GENERALI\",\"@id\":\"https:\/\/www.generali.es\/blog\/tuasesorhogar\/#\/schema\/person\/b3e3621e80b273ef3366c6dc945ab47e\"},\"headline\":\"C\u00f3mo acondicionar tu terraza para el invierno\",\"datePublished\":\"2021-11-17T08:24:00+00:00\",\"dateModified\":\"2025-12-09T11:26:23+00:00\",\"mainEntityOfPage\":{\"@id\":\"https:\/\/www.generali.es\/blog\/tuasesorhogar\/acondicionar-terraza-invierno\/\"},\"wordCount\":1380,\"publisher\":{\"@id\":\"https:\/\/www.generali.es\/blog\/tuasesorhogar\/#organization\"},\"articleSection\":[\"Bricolaje\"],\"inLanguage\":\"es\"},{\"@type\":\"WebPage\",\"@id\":\"https:\/\/www.generali.es\/blog\/tuasesorhogar\/acondicionar-terraza-invierno\/\",\"url\":\"https:\/\/www.generali.es\/blog\/tuasesorhogar\/acondicionar-terraza-invierno\/\",\"name\":\"C\u00f3mo acondicionar tu terraza para el invierno - Tu Asesor de Hogar\",\"isPartOf\":{\"@id\":\"https:\/\/www.generali.es\/blog\/tuasesorhogar\/#website\"},\"datePublished\":\"2021-11-17T08:24:00+00:00\",\"dateModified\":\"2025-12-09T11:26:23+00:00\",\"breadcrumb\":{\"@id\":\"https:\/\/www.generali.es\/blog\/tuasesorhogar\/acondicionar-terraza-invierno\/#breadcrumb\"},\"inLanguage\":\"es\",\"potentialAction\":[{\"@type\":\"ReadAction\",\"target\":[\"https:\/\/www.generali.es\/blog\/tuasesorhogar\/acondicionar-terraza-invierno\/\"]}]},{\"@type\":\"BreadcrumbList\",\"@id\":\"https:\/\/www.generali.es\/blog\/tuasesorhogar\/acondicionar-terraza-invierno\/#breadcrumb\",\"itemListElement\":[{\"@type\":\"ListItem\",\"position\":1,\"name\":\"Home\",\"item\":\"https:\/\/www.generali.es\/blog\/tuasesorhogar\/\"},{\"@type\":\"ListItem\",\"position\":2,\"name\":\"Bricolaje\",\"item\":\"https:\/\/www.generali.es\/blog\/tuasesorhogar\/bricolaje\/\"},{\"@type\":\"ListItem\",\"position\":3,\"name\":\"C\u00f3mo acondicionar tu terraza para el invierno\"}]},{\"@type\":\"WebSite\",\"@id\":\"https:\/\/www.generali.es\/blog\/tuasesorhogar\/#website\",\"url\":\"https:\/\/www.generali.es\/blog\/tuasesorhogar\/\",\"name\":\"Tu Asesor de Hogar\",\"description\":\"Blog de Hogar de GENERALI\",\"publisher\":{\"@id\":\"https:\/\/www.generali.es\/blog\/tuasesorhogar\/#organization\"},\"potentialAction\":[{\"@type\":\"SearchAction\",\"target\":{\"@type\":\"EntryPoint\",\"urlTemplate\":\"https:\/\/www.generali.es\/blog\/tuasesorhogar\/?s={search_term_string}\"},\"query-input\":\"required name=search_term_string\"}],\"inLanguage\":\"es\"},{\"@type\":\"Organization\",\"@id\":\"https:\/\/www.generali.es\/blog\/tuasesorhogar\/#organization\",\"name\":\"Tu Asesor de Hogar\",\"url\":\"https:\/\/www.generali.es\/blog\/tuasesorhogar\/\",\"logo\":{\"@type\":\"ImageObject\",\"inLanguage\":\"es\",\"@id\":\"https:\/\/www.generali.es\/blog\/tuasesorhogar\/#\/schema\/logo\/image\/\",\"url\":\"https:\/\/www.generali.es\/blog\/tuasesorhogar\/wp-content\/uploads\/2021\/04\/generali.png\",\"contentUrl\":\"https:\/\/www.generali.es\/blog\/tuasesorhogar\/wp-content\/uploads\/2021\/04\/generali.png\",\"width\":100,\"height\":81,\"caption\":\"Tu Asesor de Hogar\"},\"image\":{\"@id\":\"https:\/\/www.generali.es\/blog\/tuasesorhogar\/#\/schema\/logo\/image\/\"}},{\"@type\":\"Person\",\"@id\":\"https:\/\/www.generali.es\/blog\/tuasesorhogar\/#\/schema\/person\/b3e3621e80b273ef3366c6dc945ab47e\",\"name\":\"Equipo GENERALI\",\"image\":{\"@type\":\"ImageObject\",\"inLanguage\":\"es\",\"@id\":\"https:\/\/www.generali.es\/blog\/tuasesorhogar\/#\/schema\/person\/image\/\",\"url\":\"https:\/\/www.generali.es\/blog\/tuasesorhogar\/wp-content\/uploads\/2020\/11\/equipo_generali-150x150.jpg\",\"contentUrl\":\"https:\/\/www.generali.es\/blog\/tuasesorhogar\/wp-content\/uploads\/2020\/11\/equipo_generali-150x150.jpg\",\"caption\":\"Equipo GENERALI\"},\"description\":\"El equipo de Tu Asesor Hogar est\u00e1 compuesto por especialistas en la seguridad, el bricolaje y ahorro en el hogar, as\u00ed como profesionales t\u00e9cnicos de los seguros de hogar. Te ayudamos a que tengas una vida m\u00e1s segura y tranquila y te ofrecemos contenido \u00fatil para tu d\u00eda a d\u00eda.\",\"url\":\"https:\/\/www.generali.es\/blog\/tuasesorhogar\/author\/generali_asesor\/\"}]}<\/script>\n<!-- \/ Yoast SEO plugin. -->","yoast_head_json":{"title":"C\u00f3mo acondicionar tu terraza para el invierno - Tu Asesor de Hogar","robots":{"index":"index","follow":"follow","max-snippet":"max-snippet:-1","max-image-preview":"max-image-preview:large","max-video-preview":"max-video-preview:-1"},"canonical":"https:\/\/www.generali.es\/blog\/tuasesorhogar\/acondicionar-terraza-invierno\/","twitter_misc":{"Escrito por":"Equipo GENERALI","Tiempo de lectura":"7 minutos"},"schema":{"@context":"https:\/\/schema.org","@graph":[{"@type":"Article","@id":"https:\/\/www.generali.es\/blog\/tuasesorhogar\/acondicionar-terraza-invierno\/#article","isPartOf":{"@id":"https:\/\/www.generali.es\/blog\/tuasesorhogar\/acondicionar-terraza-invierno\/"},"author":{"name":"Equipo GENERALI","@id":"https:\/\/www.generali.es\/blog\/tuasesorhogar\/#\/schema\/person\/b3e3621e80b273ef3366c6dc945ab47e"},"headline":"C\u00f3mo acondicionar tu terraza para el invierno","datePublished":"2021-11-17T08:24:00+00:00","dateModified":"2025-12-09T11:26:23+00:00","mainEntityOfPage":{"@id":"https:\/\/www.generali.es\/blog\/tuasesorhogar\/acondicionar-terraza-invierno\/"},"wordCount":1380,"publisher":{"@id":"https:\/\/www.generali.es\/blog\/tuasesorhogar\/#organization"},"articleSection":["Bricolaje"],"inLanguage":"es"},{"@type":"WebPage","@id":"https:\/\/www.generali.es\/blog\/tuasesorhogar\/acondicionar-terraza-invierno\/","url":"https:\/\/www.generali.es\/blog\/tuasesorhogar\/acondicionar-terraza-invierno\/","name":"C\u00f3mo acondicionar tu terraza para el invierno - Tu Asesor de Hogar","isPartOf":{"@id":"https:\/\/www.generali.es\/blog\/tuasesorhogar\/#website"},"datePublished":"2021-11-17T08:24:00+00:00","dateModified":"2025-12-09T11:26:23+00:00","breadcrumb":{"@id":"https:\/\/www.generali.es\/blog\/tuasesorhogar\/acondicionar-terraza-invierno\/#breadcrumb"},"inLanguage":"es","potentialAction":[{"@type":"ReadAction","target":["https:\/\/www.generali.es\/blog\/tuasesorhogar\/acondicionar-terraza-invierno\/"]}]},{"@type":"BreadcrumbList","@id":"https:\/\/www.generali.es\/blog\/tuasesorhogar\/acondicionar-terraza-invierno\/#breadcrumb","itemListElement":[{"@type":"ListItem","position":1,"name":"Home","item":"https:\/\/www.generali.es\/blog\/tuasesorhogar\/"},{"@type":"ListItem","position":2,"name":"Bricolaje","item":"https:\/\/www.generali.es\/blog\/tuasesorhogar\/bricolaje\/"},{"@type":"ListItem","position":3,"name":"C\u00f3mo acondicionar tu terraza para el invierno"}]},{"@type":"WebSite","@id":"https:\/\/www.generali.es\/blog\/tuasesorhogar\/#website","url":"https:\/\/www.generali.es\/blog\/tuasesorhogar\/","name":"Tu Asesor de Hogar","description":"Blog de Hogar de GENERALI","publisher":{"@id":"https:\/\/www.generali.es\/blog\/tuasesorhogar\/#organization"},"potentialAction":[{"@type":"SearchAction","target":{"@type":"EntryPoint","urlTemplate":"https:\/\/www.generali.es\/blog\/tuasesorhogar\/?s={search_term_string}"},"query-input":"required name=search_term_string"}],"inLanguage":"es"},{"@type":"Organization","@id":"https:\/\/www.generali.es\/blog\/tuasesorhogar\/#organization","name":"Tu Asesor de Hogar","url":"https:\/\/www.generali.es\/blog\/tuasesorhogar\/","logo":{"@type":"ImageObject","inLanguage":"es","@id":"https:\/\/www.generali.es\/blog\/tuasesorhogar\/#\/schema\/logo\/image\/","url":"https:\/\/www.generali.es\/blog\/tuasesorhogar\/wp-content\/uploads\/2021\/04\/generali.png","contentUrl":"https:\/\/www.generali.es\/blog\/tuasesorhogar\/wp-content\/uploads\/2021\/04\/generali.png","width":100,"height":81,"caption":"Tu Asesor de Hogar"},"image":{"@id":"https:\/\/www.generali.es\/blog\/tuasesorhogar\/#\/schema\/logo\/image\/"}},{"@type":"Person","@id":"https:\/\/www.generali.es\/blog\/tuasesorhogar\/#\/schema\/person\/b3e3621e80b273ef3366c6dc945ab47e","name":"Equipo GENERALI","image":{"@type":"ImageObject","inLanguage":"es","@id":"https:\/\/www.generali.es\/blog\/tuasesorhogar\/#\/schema\/person\/image\/","url":"https:\/\/www.generali.es\/blog\/tuasesorhogar\/wp-content\/uploads\/2020\/11\/equipo_generali-150x150.jpg","contentUrl":"https:\/\/www.generali.es\/blog\/tuasesorhogar\/wp-content\/uploads\/2020\/11\/equipo_generali-150x150.jpg","caption":"Equipo GENERALI"},"description":"El equipo de Tu Asesor Hogar est\u00e1 compuesto por especialistas en la seguridad, el bricolaje y ahorro en el hogar, as\u00ed como profesionales t\u00e9cnicos de los seguros de hogar. Te ayudamos a que tengas una vida m\u00e1s segura y tranquila y te ofrecemos contenido \u00fatil para tu d\u00eda a d\u00eda.","url":"https:\/\/www.generali.es\/blog\/tuasesorhogar\/author\/generali_asesor\/"}]}},"_links":{"self":[{"href":"https:\/\/www.generali.es\/blog\/tuasesorhogar\/wp-json\/wp\/v2\/posts\/3660"}],"collection":[{"href":"https:\/\/www.generali.es\/blog\/tuasesorhogar\/wp-json\/wp\/v2\/posts"}],"about":[{"href":"https:\/\/www.generali.es\/blog\/tuasesorhogar\/wp-json\/wp\/v2\/types\/post"}],"author":[{"embeddable":true,"href":"https:\/\/www.generali.es\/blog\/tuasesorhogar\/wp-json\/wp\/v2\/users\/1"}],"replies":[{"embeddable":true,"href":"https:\/\/www.generali.es\/blog\/tuasesorhogar\/wp-json\/wp\/v2\/comments?post=3660"}],"version-history":[{"count":3,"href":"https:\/\/www.generali.es\/blog\/tuasesorhogar\/wp-json\/wp\/v2\/posts\/3660\/revisions"}],"predecessor-version":[{"id":4675,"href":"https:\/\/www.generali.es\/blog\/tuasesorhogar\/wp-json\/wp\/v2\/posts\/3660\/revisions\/4675"}],"wp:featuredmedia":[{"embeddable":true,"href":"https:\/\/www.generali.es\/blog\/tuasesorhogar\/wp-json\/wp\/v2\/media\/4210"}],"wp:attachment":[{"href":"https:\/\/www.generali.es\/blog\/tuasesorhogar\/wp-json\/wp\/v2\/media?parent=3660"}],"wp:term":[{"taxonomy":"category","embeddable":true,"href":"https:\/\/www.generali.es\/blog\/tuasesorhogar\/wp-json\/wp\/v2\/categories?post=3660"},{"taxonomy":"post_tag","embeddable":true,"href":"https:\/\/www.generali.es\/blog\/tuasesorhogar\/wp-json\/wp\/v2\/tags?post=3660"}],"curies":[{"name":"wp","href":"https:\/\/api.w.org\/{rel}","templated":true}]}}