{"id":3613,"date":"2022-07-25T10:43:00","date_gmt":"2022-07-25T08:43:00","guid":{"rendered":"https:\/\/generali.devhogarth.com\/blog\/tuasesorhogar\/?p=3613"},"modified":"2023-07-21T14:19:27","modified_gmt":"2023-07-21T12:19:27","slug":"organizar-armario-verano","status":"publish","type":"post","link":"https:\/\/www.generali.es\/blog\/tuasesorhogar\/organizar-armario-verano\/","title":{"rendered":"Claves para organizar tu armario este verano"},"content":{"rendered":"\n<p>Con la llegada del calor muchas de las prendas de nuestro armario pasan de ser imprescindibles a suponer todo un estorbo. Esa chaqueta tan abrigada, los vaqueros que te pones al menos una vez por semana o tu jersey de lana favorito. \u00a1Ha llegado el momento de <strong>organizar el armario y hacer hueco al cambio de temporada de verano<\/strong>!<\/p>\n\n\n\n<p>Aunque no lo creas, un cambio de armario conlleva una planificaci\u00f3n precisa. Algunas t\u00e9cnicas te ayudar\u00e1n incluso a <strong>optimizar el espacio para convertir tu armario en un espacio lo m\u00e1s funcional posible<\/strong>. De hecho, no hacerlo bien desde el principio provocar\u00e1 que te cueste m\u00e1s encontrar la prenda que buscas o que acabe todo patas arriba al cabo de pocas semanas.<\/p>\n\n\n\n<p><strong>\u00bfC\u00f3mo hacer un cambio de ropa de temporada? <\/strong>\u00bfCon qu\u00e9 criterio debes determinar la ropa que no merece la pena conservar? <strong>\u00bfC\u00f3mo organizar un armario peque\u00f1o? <\/strong>Descubre <strong>c\u00f3mo organizar un armario para el cambio de temporada de verano<\/strong>.<\/p>\n\n\n\n<div id=\"ez-toc-container\" class=\"ez-toc-v2_0_58 counter-hierarchy ez-toc-counter ez-toc-custom ez-toc-container-direction\">\n<p class=\"ez-toc-title\">&Iacute;ndice<\/p>\n<label for=\"ez-toc-cssicon-toggle-item-69f487bfa7107\" class=\"ez-toc-cssicon-toggle-label\"><span class=\"\"><span class=\"eztoc-hide\" style=\"display:none;\">Toggle<\/span><span class=\"ez-toc-icon-toggle-span\"><svg style=\"fill: #ffffff;color:#ffffff\" xmlns=\"http:\/\/www.w3.org\/2000\/svg\" class=\"list-377408\" width=\"20px\" height=\"20px\" viewBox=\"0 0 24 24\" fill=\"none\"><path d=\"M6 6H4v2h2V6zm14 0H8v2h12V6zM4 11h2v2H4v-2zm16 0H8v2h12v-2zM4 16h2v2H4v-2zm16 0H8v2h12v-2z\" fill=\"currentColor\"><\/path><\/svg><svg style=\"fill: #ffffff;color:#ffffff\" class=\"arrow-unsorted-368013\" xmlns=\"http:\/\/www.w3.org\/2000\/svg\" width=\"10px\" height=\"10px\" viewBox=\"0 0 24 24\" version=\"1.2\" baseProfile=\"tiny\"><path d=\"M18.2 9.3l-6.2-6.3-6.2 6.3c-.2.2-.3.4-.3.7s.1.5.3.7c.2.2.4.3.7.3h11c.3 0 .5-.1.7-.3.2-.2.3-.5.3-.7s-.1-.5-.3-.7zM5.8 14.7l6.2 6.3 6.2-6.3c.2-.2.3-.5.3-.7s-.1-.5-.3-.7c-.2-.2-.4-.3-.7-.3h-11c-.3 0-.5.1-.7.3-.2.2-.3.5-.3.7s.1.5.3.7z\"\/><\/svg><\/span><\/span><\/label><input type=\"checkbox\"  id=\"ez-toc-cssicon-toggle-item-69f487bfa7107\" checked aria-label=\"Toggle\" \/><nav><ul class='ez-toc-list ez-toc-list-level-1 ' ><li class='ez-toc-page-1 ez-toc-heading-level-2'><a class=\"ez-toc-link ez-toc-heading-1\" href=\"https:\/\/www.generali.es\/blog\/tuasesorhogar\/organizar-armario-verano\/#Como_organizar_el_armario_para_el_cambio_de_temporada_de_verano_paso_a_paso\" title=\"C\u00f3mo organizar el armario para el cambio de temporada de verano paso a paso\">C\u00f3mo organizar el armario para el cambio de temporada de verano paso a paso<\/a><ul class='ez-toc-list-level-3'><li class='ez-toc-heading-level-3'><a class=\"ez-toc-link ez-toc-heading-2\" href=\"https:\/\/www.generali.es\/blog\/tuasesorhogar\/organizar-armario-verano\/#%C2%A1Organizalo_con_tiempo\" title=\"\u00a1Organ\u00edzalo con tiempo!\">\u00a1Organ\u00edzalo con tiempo!<\/a><\/li><li class='ez-toc-page-1 ez-toc-heading-level-3'><a class=\"ez-toc-link ez-toc-heading-3\" href=\"https:\/\/www.generali.es\/blog\/tuasesorhogar\/organizar-armario-verano\/#Vacia_el_armario_al_completo_y_limpialo\" title=\"Vac\u00eda el armario al completo y l\u00edmpialo\">Vac\u00eda el armario al completo y l\u00edmpialo<\/a><\/li><li class='ez-toc-page-1 ez-toc-heading-level-3'><a class=\"ez-toc-link ez-toc-heading-4\" href=\"https:\/\/www.generali.es\/blog\/tuasesorhogar\/organizar-armario-verano\/#Separa_la_ropa_por_categorias\" title=\"Separa la ropa por categor\u00edas\">Separa la ropa por categor\u00edas<\/a><\/li><li class='ez-toc-page-1 ez-toc-heading-level-3'><a class=\"ez-toc-link ez-toc-heading-5\" href=\"https:\/\/www.generali.es\/blog\/tuasesorhogar\/organizar-armario-verano\/#Prioriza_el_uso_de_las_prendas_que_mas_te_pones\" title=\"Prioriza el uso de las prendas que m\u00e1s te pones&nbsp;\">Prioriza el uso de las prendas que m\u00e1s te pones&nbsp;<\/a><\/li><li class='ez-toc-page-1 ez-toc-heading-level-3'><a class=\"ez-toc-link ez-toc-heading-6\" href=\"https:\/\/www.generali.es\/blog\/tuasesorhogar\/organizar-armario-verano\/#Asigna_un_lugar_a_los_complementos_para_organizar_el_armario\" title=\"Asigna un lugar a los complementos para organizar el armario\">Asigna un lugar a los complementos para organizar el armario<\/a><\/li><li class='ez-toc-page-1 ez-toc-heading-level-3'><a class=\"ez-toc-link ez-toc-heading-7\" href=\"https:\/\/www.generali.es\/blog\/tuasesorhogar\/organizar-armario-verano\/#%C2%BFY_que_hago_con_los_zapatos\" title=\"\u00bfY qu\u00e9 hago con los zapatos?\">\u00bfY qu\u00e9 hago con los zapatos?<\/a><\/li><li class='ez-toc-page-1 ez-toc-heading-level-3'><a class=\"ez-toc-link ez-toc-heading-8\" href=\"https:\/\/www.generali.es\/blog\/tuasesorhogar\/organizar-armario-verano\/#%C2%A1Dale_un_toque_personal\" title=\"\u00a1Dale un toque personal!\">\u00a1Dale un toque personal!<\/a><\/li><\/ul><\/li><li class='ez-toc-page-1 ez-toc-heading-level-2'><a class=\"ez-toc-link ez-toc-heading-9\" href=\"https:\/\/www.generali.es\/blog\/tuasesorhogar\/organizar-armario-verano\/#Trucos_para_optimizar_el_espacio_con_las_prendas_de_invierno_voluminosas\" title=\"Trucos para optimizar el espacio con las prendas de invierno voluminosas\">Trucos para optimizar el espacio con las prendas de invierno voluminosas<\/a><\/li><li class='ez-toc-page-1 ez-toc-heading-level-2'><a class=\"ez-toc-link ez-toc-heading-10\" href=\"https:\/\/www.generali.es\/blog\/tuasesorhogar\/organizar-armario-verano\/#Preguntas_frecuentes\" title=\"Preguntas frecuentes\">Preguntas frecuentes<\/a><ul class='ez-toc-list-level-3'><li class='ez-toc-heading-level-3'><a class=\"ez-toc-link ez-toc-heading-11\" href=\"https:\/\/www.generali.es\/blog\/tuasesorhogar\/organizar-armario-verano\/#%C2%BFComo_organizar_un_armario_pequeno\" title=\"\u00bfC\u00f3mo organizar un armario peque\u00f1o?\">\u00bfC\u00f3mo organizar un armario peque\u00f1o?<\/a><\/li><li class='ez-toc-page-1 ez-toc-heading-level-3'><a class=\"ez-toc-link ez-toc-heading-12\" href=\"https:\/\/www.generali.es\/blog\/tuasesorhogar\/organizar-armario-verano\/#%C2%BFEs_preferible_organizar_el_armario_con_las_prendas_en_horizontal_o_en_vertical\" title=\"\u00bfEs preferible organizar el armario con las prendas en horizontal o en vertical?\">\u00bfEs preferible organizar el armario con las prendas en horizontal o en vertical?<\/a><\/li><li class='ez-toc-page-1 ez-toc-heading-level-3'><a class=\"ez-toc-link ez-toc-heading-13\" href=\"https:\/\/www.generali.es\/blog\/tuasesorhogar\/organizar-armario-verano\/#%C2%BFCuantas_veces_debes_hacer_el_cambio_de_temporada\" title=\"\u00bfCu\u00e1ntas veces debes hacer el cambio de temporada?\">\u00bfCu\u00e1ntas veces debes hacer el cambio de temporada?<\/a><\/li><\/ul><\/li><\/ul><\/nav><\/div>\n<h2 class=\"wp-block-heading\"><span class=\"ez-toc-section\" id=\"Como_organizar_el_armario_para_el_cambio_de_temporada_de_verano_paso_a_paso\"><\/span><strong>C\u00f3mo organizar el armario para el cambio de temporada de verano paso a paso<\/strong><span class=\"ez-toc-section-end\"><\/span><\/h2>\n\n\n\n<p>\u00a1Ha llegado el momento! Tu armario ya no puede esperar m\u00e1s tiempo. Debes tomar la decisi\u00f3n de guardar definitivamente la ropa de invierno y hacer hueco a las prendas m\u00e1s fresquitas para afrontar los meses de calor. Sigue estos <strong>consejos para organizar el armario para el cambio de temporada paso a paso<\/strong>.<\/p>\n\n\n\n<h3 class=\"wp-block-heading\"><span class=\"ez-toc-section\" id=\"%C2%A1Organizalo_con_tiempo\"><\/span>\u00a1Organ\u00edzalo con tiempo!<span class=\"ez-toc-section-end\"><\/span><\/h3>\n\n\n\n<p>Realizar un cambio de armario es un evento que debes planificar con tiempo. Tanto es as\u00ed que se recomienda <strong>escoger el d\u00eda adecuado para hacerlo sin prisas<\/strong>. Como m\u00ednimo, trata de bloquearte una ma\u00f1ana. No es descabellado incluso emplear un d\u00eda entero para organizar el armario con tranquilidad.<\/p>\n\n\n\n<p>Adem\u00e1s, no olvides pensar en todo lo que necesitar\u00e1s para llevar a cabo este cambio de temporada. Desde un aspirador, algunos pa\u00f1os, un producto de limpieza, cajas para organizar armarios, fundas de ropa, \u00a1o incluso compa\u00f1\u00eda! Si vas a contar con ayuda, aseg\u00farate de <strong>definir bien las tareas de las que os encargar\u00e9is cada uno<\/strong>.<\/p>\n\n\n\n<p>\u2705<strong>\u00a1No te olvides de esto! <\/strong>Es posible que tengas pensado lavar algunas prendas de invierno antes de almacenarlas durante los pr\u00f3ximos meses. Si es el caso, calcula bien el tiempo que te llevar\u00e1.<\/p>\n\n\n\n<h3 class=\"wp-block-heading\"><span class=\"ez-toc-section\" id=\"Vacia_el_armario_al_completo_y_limpialo\"><\/span>Vac\u00eda el armario al completo y l\u00edmpialo<span class=\"ez-toc-section-end\"><\/span><\/h3>\n\n\n\n<p>El primer paso es <strong>vaciar por completo el interior del armario<\/strong>. Esto te ofrecer\u00e1 gran visibilidad sobre toda la ropa a la que debes reasignar un espacio. Una vez esto, limpia a fondo su interior. Es importante que <strong>desinfectes bien todos los huecos<\/strong> y te deshagas del <strong>polvo, \u00e1caros, suciedad y malos olores<\/strong>.<\/p>\n\n\n\n<p>Tan solo necesitar\u00e1s un pa\u00f1o humedecido con jab\u00f3n neutro o un producto de limpieza com\u00fan. Si el interior de tu armario es de madera noble, opta por una bayeta de microfibras.<\/p>\n\n\n\n<p>? <strong>\u00a1No te pierdas este art\u00edculo!<\/strong> <a href=\"\/blog\/tuasesorhogar\/trucos-iluminacion-casa\/\">10 trucos para mejorar la iluminaci\u00f3n de tu hogar<\/a><\/p>\n\n\n\n<h3 class=\"wp-block-heading\"><span class=\"ez-toc-section\" id=\"Separa_la_ropa_por_categorias\"><\/span>Separa la ropa por categor\u00edas<span class=\"ez-toc-section-end\"><\/span><\/h3>\n\n\n\n<p>Es probable que, llegados a este punto, tu dormitorio est\u00e9 repleto de prendas. No dejes que este caos te genere ansiedad. <strong>Separa toda la ropa en 3 categor\u00edas<\/strong> para facilitar la toma de decisi\u00f3n:<\/p>\n\n\n\n<ul>\n<li>En un primer mont\u00f3n, coloca las <strong>prendas que nunca m\u00e1s te pondr\u00e1s<\/strong>. Salvo que su estado sea malo, aprovecha para donarlas a un organismo solidario. Que no las quieres t\u00fa no quiere decir que otra persona no pueda darles una segunda vida. Tambi\u00e9n puedes optar por vender todo aquello que no necesites a trav\u00e9s de apps de venta online&nbsp;y sacarte un dinero extra.<\/li>\n\n\n\n<li>Recopila toda la <strong>ropa de invierno <\/strong>que quieres conservar en un segundo mont\u00f3n. Desde abrigos, edredones, jerseys, vaqueros o bufandas.<\/li>\n\n\n\n<li>La tercera categor\u00eda la emplearemos para ubicar todas las <strong>prendas veraniegas que si quieres conservar<\/strong> en el armario.<\/li>\n<\/ul>\n\n\n\n<p>? <strong>Esto te interesa<\/strong>: <a href=\"\/blog\/tuasesorhogar\/ideas-ordenar-casa\/\">Ideas para ordenar la casa de forma sencilla<\/a><\/p>\n\n\n\n<h3 class=\"wp-block-heading\"><span class=\"ez-toc-section\" id=\"Prioriza_el_uso_de_las_prendas_que_mas_te_pones\"><\/span>Prioriza el uso de las prendas que m\u00e1s te pones&nbsp;<span class=\"ez-toc-section-end\"><\/span><\/h3>\n\n\n\n<p>Es importante que tengas claro el objetivo de un cambio del fondo de armario de verano: <strong>deja solo aquello que realmente te vas a poner<\/strong>. Es mejor pecar de dr\u00e1stico en vez de mantener demasiados <em>por si acasos<\/em> que acabar\u00e1n por estorbarte.<\/p>\n\n\n\n<p>A la hora de asignar un nuevo espacio a las prendas de verano, piensa en la frecuencia con la que las usar\u00e1s. <strong>Otorga el lugar m\u00e1s accesible a todas aquellas que te pondr\u00e1s cada semana<\/strong>. Por el contrario, relega las prendas de uso puntual o chaquetillas por si una noche refresca a un hueco m\u00e1s profundo donde no molesten.<\/p>\n\n\n\n<h3 class=\"wp-block-heading\"><span class=\"ez-toc-section\" id=\"Asigna_un_lugar_a_los_complementos_para_organizar_el_armario\"><\/span>Asigna un lugar a los complementos para organizar el armario<span class=\"ez-toc-section-end\"><\/span><\/h3>\n\n\n\n<p>\u00bfY qu\u00e9 ocurre con los complementos? Sombreros, gafas o cinturones&#8230; As\u00edgnales un hueco espec\u00edfico donde mantenerlos organizados. Puedes <strong>hacerte con un organizador de armario o alguna peque\u00f1a cajonera<\/strong> que te facilite su orden.<\/p>\n\n\n\n<h3 class=\"wp-block-heading\"><span class=\"ez-toc-section\" id=\"%C2%BFY_que_hago_con_los_zapatos\"><\/span>\u00bfY qu\u00e9 hago con los zapatos?<span class=\"ez-toc-section-end\"><\/span><\/h3>\n\n\n\n<p>Si eres una persona que tiende a acumular muchos pares de zapatos, \u00a1esta cuesti\u00f3n te preocupa! Opta por <strong>guardar aquellos zapatos de invierno en una caja<\/strong> para mantenerlos organizados y que ocupen el menor espacio posible. Tambi\u00e9n puedes hacerte con una funda de pl\u00e1stico compartimentada donde colocar todos los pares.<\/p>\n\n\n\n<p>Para aquellos zapatos de verano que quieras tener a mano, existen algunas soluciones como <strong>organizadores de zapatos para el armario<\/strong> o <strong>peque\u00f1os zapateros de interior<\/strong>. Lo m\u00e1s importante es encontrarles un espacio. De lo contrario, acabar\u00e1n todos tirados sin orden ninguno.<\/p>\n\n\n\n<h3 class=\"wp-block-heading\"><span class=\"ez-toc-section\" id=\"%C2%A1Dale_un_toque_personal\"><\/span>\u00a1Dale un toque personal!<span class=\"ez-toc-section-end\"><\/span><\/h3>\n\n\n\n<p>\u00bfEst\u00e1s satisfecho con el resultado final? \u00bfCrees que has encontrado la forma ideal de sacar el mayor partido posible al espacio de tu armario? Pon la guinda a tu armario colocando una <strong>bolsita arom\u00e1tica de lavanda o vainilla para mantener tu ropa siempre con buen olor<\/strong>.<\/p>\n\n\n\n<h2 class=\"wp-block-heading\"><span class=\"ez-toc-section\" id=\"Trucos_para_optimizar_el_espacio_con_las_prendas_de_invierno_voluminosas\"><\/span><strong>Trucos para optimizar el espacio con las prendas de invierno voluminosas<\/strong><span class=\"ez-toc-section-end\"><\/span><\/h2>\n\n\n\n<p>Excluir la ropa de invierno no evitar\u00e1 que tengas que asignarle un hueco para guardarla. Muchas veces, se trata de prendas muy voluminosas que te obligar\u00e1n a jugar con el espacio. \u00a1Aprende a optimizarlo con estos trucos!<\/p>\n\n\n\n<ul>\n<li>Hazte con <strong>cajas para organizar armarios de pl\u00e1stico<\/strong> donde guardar edredones, mantas o ropa de abrigo. Idealmente, opta por aquellas con tapa y cierre con clip.<\/li>\n\n\n\n<li>Otra alternativa son las <strong>bolsas de ropa para guardar al vac\u00edo<\/strong>. Las podr\u00e1s encontrar en cualquier tienda de bricolaje o acondicionamiento del hogar. Con una simple aspiradora conseguir\u00e1s extraer el aire y compactar su interior.<\/li>\n\n\n\n<li>Tambi\u00e9n existen <strong>organizadores de armario de tela <\/strong>ideales para mantener la ropa de invierno ordenada por categor\u00edas. Algunos modelos incluso permiten colgarlos de una barra del armario.<\/li>\n<\/ul>\n\n\n\n<p>? <strong>\u00bfLos conoc\u00edas?<\/strong> <a href=\"\/blog\/tuasesorhogar\/gana-espacio-con-estos-grandes-consejos-para-casas-pequenas\/\">Gana espacio con estos grandes consejos para casas peque\u00f1as<\/a><\/p>\n\n\n\n<h2 class=\"wp-block-heading\"><span class=\"ez-toc-section\" id=\"Preguntas_frecuentes\"><\/span><strong>Preguntas frecuentes<\/strong><span class=\"ez-toc-section-end\"><\/span><\/h2>\n\n\n\n<h3 class=\"wp-block-heading\"><span class=\"ez-toc-section\" id=\"%C2%BFComo_organizar_un_armario_pequeno\"><\/span>\u00bfC\u00f3mo organizar un armario peque\u00f1o?<span class=\"ez-toc-section-end\"><\/span><\/h3>\n\n\n\n<p>A la hora de organizar un armario peque\u00f1o, cada espacio cuenta. Opta por <strong>doblar las prendas en vez de colgarlas<\/strong> de una percha para que ocupen menos espacio. Tambi\u00e9n puedes hacerte con organizadores para colocar la ropa interior y los calcetines. Por \u00faltimo, emplea <strong>perchas m\u00faltiples para colgar m\u00e1s de un pantal\u00f3n<\/strong>, y as\u00ed ganar espacio.<\/p>\n\n\n\n<h3 class=\"wp-block-heading\"><span class=\"ez-toc-section\" id=\"%C2%BFEs_preferible_organizar_el_armario_con_las_prendas_en_horizontal_o_en_vertical\"><\/span>\u00bfEs preferible organizar el armario con las prendas en horizontal o en vertical?<span class=\"ez-toc-section-end\"><\/span><\/h3>\n\n\n\n<p>Depende de la prenda que quieras organizar el armario. Si se trata de <strong>camisetas o jerseys<\/strong> finos, es preferible <strong>emplear una organizaci\u00f3n horizontal<\/strong> ya que sobre una percha podr\u00edan deformarse. Para <strong>pantalones o prendas m\u00e1s r\u00edgidas<\/strong>, lo ideal es usar perchas para <strong>colgarlos verticalmente<\/strong>.<\/p>\n\n\n\n<p>? <strong>\u00a1Te resultar\u00e1 \u00fatil! <\/strong><a href=\"\/blog\/tuasesorhogar\/comodidad-hogar-domotica-inteligente-digital\/\">Cinco elementos para mejorar la comodidad de tu hogar<\/a><\/p>\n\n\n\n<h3 class=\"wp-block-heading\"><span class=\"ez-toc-section\" id=\"%C2%BFCuantas_veces_debes_hacer_el_cambio_de_temporada\"><\/span>\u00bfCu\u00e1ntas veces debes hacer el cambio de temporada?<span class=\"ez-toc-section-end\"><\/span><\/h3>\n\n\n\n<p>Aunque depende mucho de cada persona, lo normal es hacer <strong>dos cambios de fondo de armario al a\u00f1o<\/strong>: uno con la llegada del buen tiempo para la ropa m\u00e1s veraniega, o otro, en oto\u00f1o, para incorporar las prendas de invierno.<\/p>\n\n\n\n<p>Tu casa es un lugar de confort donde sentirte a gusto y sin preocupaciones. En <strong>GENERALI<\/strong> ofrecemos las <strong>coberturas m\u00e1s completas para que adaptes nuestros <\/strong><a href=\"https:\/\/www.generali.es\/seguros-particulares\/hogar\"><strong>Seguros de Hogar<\/strong><\/a> a tus necesidades, \u00a1y no al rev\u00e9s! Calcula tu presupuesto sin compromiso.<\/p>\n\n\n\n<p>Desde proyectos que puedes hacer tu mismo hasta recetas sencillas incre\u00edbles, disponemos de todo el contenido que necesitas para llevar una vida divertida y creativa en tu hogar:<\/p>\n\n\n\n<p><a href=\"https:\/\/www.generali.es\/blog\/tuasesorhogar\/transformar-jardin-casa\/\" target=\"_blank\" rel=\"noreferrer noopener\">C\u00f3mo sacar el m\u00e1ximo partido al jard\u00edn de tu casa<\/a><\/p>\n\n\n\n<p><a href=\"https:\/\/www.generali.es\/blog\/generalimasqueseguros\/como-hacer-un-huerto-casa\/\">C\u00f3mo hacer un huerto urbano en casa<\/a><\/p>\n\n\n\n<p><a href=\"\/blog\/tuasesorhogar\/ahorrar-agua-casa-consejos\/\" target=\"_blank\" rel=\"noreferrer noopener\">C\u00f3mo ahorrar agua en casa<\/a><\/p>\n\n\n\n<p><a href=\"\/blog\/tuasesorhogar\/que-es-la-cocina-de-aprovechamiento\/#:~:text=La%20cocina%20de%20aprovechamiento%20es,ingredientes%20y%20no%20desperdiciar%20nada.\">Qu\u00e9 es la cocina de aprovechamiento<\/a><\/p>\n\n\n\n<p><a href=\"\/blog\/tuasesorhogar\/restaurar-para-decorar-creatividad-y-sostenibilidad\/\" target=\"_blank\" rel=\"noreferrer noopener\">Restaurar para decorar: creatividad y sostenibilidad<\/a><\/p>\n\n\n\n<p><a href=\"\/blog\/tuasesorhogar\/reutilizar-plastico-casa-reciclar\/\" target=\"_blank\" rel=\"noreferrer noopener\">10 maneras creativas de reutilizar el pl\u00e1stico en casa<\/a><\/p>\n","protected":false},"excerpt":{"rendered":"<p>Con la llegada del calor muchas de las prendas de nuestro armario pasan de ser imprescindibles a suponer todo un estorbo. Esa chaqueta tan abrigada, los vaqueros que te pones al menos una vez por semana o tu jersey de lana favorito. \u00a1Ha llegado el momento de organizar el armario y hacer hueco al cambio [&hellip;]<\/p>\n","protected":false},"author":1,"featured_media":4093,"comment_status":"closed","ping_status":"closed","sticky":false,"template":"","format":"standard","meta":{"footnotes":""},"categories":[3],"tags":[],"yoast_head":"<!-- This site is optimized with the Yoast SEO plugin v21.6 - https:\/\/yoast.com\/wordpress\/plugins\/seo\/ -->\n<title>Claves para organizar tu armario este verano - Tu Asesor de Hogar<\/title>\n<meta name=\"robots\" content=\"index, follow, max-snippet:-1, max-image-preview:large, max-video-preview:-1\" \/>\n<link rel=\"canonical\" href=\"https:\/\/www.generali.es\/blog\/tuasesorhogar\/organizar-armario-verano\/\" \/>\n<meta name=\"twitter:label1\" content=\"Escrito por\" \/>\n\t<meta name=\"twitter:data1\" content=\"Equipo GENERALI\" \/>\n\t<meta name=\"twitter:label2\" content=\"Tiempo de lectura\" \/>\n\t<meta name=\"twitter:data2\" content=\"7 minutos\" \/>\n<script type=\"application\/ld+json\" class=\"yoast-schema-graph\">{\"@context\":\"https:\/\/schema.org\",\"@graph\":[{\"@type\":\"Article\",\"@id\":\"https:\/\/www.generali.es\/blog\/tuasesorhogar\/organizar-armario-verano\/#article\",\"isPartOf\":{\"@id\":\"https:\/\/www.generali.es\/blog\/tuasesorhogar\/organizar-armario-verano\/\"},\"author\":{\"name\":\"Equipo GENERALI\",\"@id\":\"https:\/\/www.generali.es\/blog\/tuasesorhogar\/#\/schema\/person\/b3e3621e80b273ef3366c6dc945ab47e\"},\"headline\":\"Claves para organizar tu armario este verano\",\"datePublished\":\"2022-07-25T08:43:00+00:00\",\"dateModified\":\"2023-07-21T12:19:27+00:00\",\"mainEntityOfPage\":{\"@id\":\"https:\/\/www.generali.es\/blog\/tuasesorhogar\/organizar-armario-verano\/\"},\"wordCount\":1459,\"publisher\":{\"@id\":\"https:\/\/www.generali.es\/blog\/tuasesorhogar\/#organization\"},\"articleSection\":[\"Ahorro\"],\"inLanguage\":\"es\"},{\"@type\":\"WebPage\",\"@id\":\"https:\/\/www.generali.es\/blog\/tuasesorhogar\/organizar-armario-verano\/\",\"url\":\"https:\/\/www.generali.es\/blog\/tuasesorhogar\/organizar-armario-verano\/\",\"name\":\"Claves para organizar tu armario este verano - Tu Asesor de Hogar\",\"isPartOf\":{\"@id\":\"https:\/\/www.generali.es\/blog\/tuasesorhogar\/#website\"},\"datePublished\":\"2022-07-25T08:43:00+00:00\",\"dateModified\":\"2023-07-21T12:19:27+00:00\",\"breadcrumb\":{\"@id\":\"https:\/\/www.generali.es\/blog\/tuasesorhogar\/organizar-armario-verano\/#breadcrumb\"},\"inLanguage\":\"es\",\"potentialAction\":[{\"@type\":\"ReadAction\",\"target\":[\"https:\/\/www.generali.es\/blog\/tuasesorhogar\/organizar-armario-verano\/\"]}]},{\"@type\":\"BreadcrumbList\",\"@id\":\"https:\/\/www.generali.es\/blog\/tuasesorhogar\/organizar-armario-verano\/#breadcrumb\",\"itemListElement\":[{\"@type\":\"ListItem\",\"position\":1,\"name\":\"Home\",\"item\":\"https:\/\/www.generali.es\/blog\/tuasesorhogar\/\"},{\"@type\":\"ListItem\",\"position\":2,\"name\":\"Ahorro\",\"item\":\"https:\/\/www.generali.es\/blog\/tuasesorhogar\/ahorro\/\"},{\"@type\":\"ListItem\",\"position\":3,\"name\":\"Claves para organizar tu armario este verano\"}]},{\"@type\":\"WebSite\",\"@id\":\"https:\/\/www.generali.es\/blog\/tuasesorhogar\/#website\",\"url\":\"https:\/\/www.generali.es\/blog\/tuasesorhogar\/\",\"name\":\"Tu Asesor de Hogar\",\"description\":\"Blog de Hogar de GENERALI\",\"publisher\":{\"@id\":\"https:\/\/www.generali.es\/blog\/tuasesorhogar\/#organization\"},\"potentialAction\":[{\"@type\":\"SearchAction\",\"target\":{\"@type\":\"EntryPoint\",\"urlTemplate\":\"https:\/\/www.generali.es\/blog\/tuasesorhogar\/?s={search_term_string}\"},\"query-input\":\"required name=search_term_string\"}],\"inLanguage\":\"es\"},{\"@type\":\"Organization\",\"@id\":\"https:\/\/www.generali.es\/blog\/tuasesorhogar\/#organization\",\"name\":\"Tu Asesor de Hogar\",\"url\":\"https:\/\/www.generali.es\/blog\/tuasesorhogar\/\",\"logo\":{\"@type\":\"ImageObject\",\"inLanguage\":\"es\",\"@id\":\"https:\/\/www.generali.es\/blog\/tuasesorhogar\/#\/schema\/logo\/image\/\",\"url\":\"https:\/\/www.generali.es\/blog\/tuasesorhogar\/wp-content\/uploads\/2021\/04\/generali.png\",\"contentUrl\":\"https:\/\/www.generali.es\/blog\/tuasesorhogar\/wp-content\/uploads\/2021\/04\/generali.png\",\"width\":100,\"height\":81,\"caption\":\"Tu Asesor de Hogar\"},\"image\":{\"@id\":\"https:\/\/www.generali.es\/blog\/tuasesorhogar\/#\/schema\/logo\/image\/\"}},{\"@type\":\"Person\",\"@id\":\"https:\/\/www.generali.es\/blog\/tuasesorhogar\/#\/schema\/person\/b3e3621e80b273ef3366c6dc945ab47e\",\"name\":\"Equipo GENERALI\",\"image\":{\"@type\":\"ImageObject\",\"inLanguage\":\"es\",\"@id\":\"https:\/\/www.generali.es\/blog\/tuasesorhogar\/#\/schema\/person\/image\/\",\"url\":\"https:\/\/www.generali.es\/blog\/tuasesorhogar\/wp-content\/uploads\/2020\/11\/equipo_generali-150x150.jpg\",\"contentUrl\":\"https:\/\/www.generali.es\/blog\/tuasesorhogar\/wp-content\/uploads\/2020\/11\/equipo_generali-150x150.jpg\",\"caption\":\"Equipo GENERALI\"},\"description\":\"El equipo de Tu Asesor Hogar est\u00e1 compuesto por especialistas en la seguridad, el bricolaje y ahorro en el hogar, as\u00ed como profesionales t\u00e9cnicos de los seguros de hogar. Te ayudamos a que tengas una vida m\u00e1s segura y tranquila y te ofrecemos contenido \u00fatil para tu d\u00eda a d\u00eda.\",\"url\":\"https:\/\/www.generali.es\/blog\/tuasesorhogar\/author\/generali_asesor\/\"}]}<\/script>\n<!-- \/ Yoast SEO plugin. -->","yoast_head_json":{"title":"Claves para organizar tu armario este verano - Tu Asesor de Hogar","robots":{"index":"index","follow":"follow","max-snippet":"max-snippet:-1","max-image-preview":"max-image-preview:large","max-video-preview":"max-video-preview:-1"},"canonical":"https:\/\/www.generali.es\/blog\/tuasesorhogar\/organizar-armario-verano\/","twitter_misc":{"Escrito por":"Equipo GENERALI","Tiempo de lectura":"7 minutos"},"schema":{"@context":"https:\/\/schema.org","@graph":[{"@type":"Article","@id":"https:\/\/www.generali.es\/blog\/tuasesorhogar\/organizar-armario-verano\/#article","isPartOf":{"@id":"https:\/\/www.generali.es\/blog\/tuasesorhogar\/organizar-armario-verano\/"},"author":{"name":"Equipo GENERALI","@id":"https:\/\/www.generali.es\/blog\/tuasesorhogar\/#\/schema\/person\/b3e3621e80b273ef3366c6dc945ab47e"},"headline":"Claves para organizar tu armario este verano","datePublished":"2022-07-25T08:43:00+00:00","dateModified":"2023-07-21T12:19:27+00:00","mainEntityOfPage":{"@id":"https:\/\/www.generali.es\/blog\/tuasesorhogar\/organizar-armario-verano\/"},"wordCount":1459,"publisher":{"@id":"https:\/\/www.generali.es\/blog\/tuasesorhogar\/#organization"},"articleSection":["Ahorro"],"inLanguage":"es"},{"@type":"WebPage","@id":"https:\/\/www.generali.es\/blog\/tuasesorhogar\/organizar-armario-verano\/","url":"https:\/\/www.generali.es\/blog\/tuasesorhogar\/organizar-armario-verano\/","name":"Claves para organizar tu armario este verano - Tu Asesor de Hogar","isPartOf":{"@id":"https:\/\/www.generali.es\/blog\/tuasesorhogar\/#website"},"datePublished":"2022-07-25T08:43:00+00:00","dateModified":"2023-07-21T12:19:27+00:00","breadcrumb":{"@id":"https:\/\/www.generali.es\/blog\/tuasesorhogar\/organizar-armario-verano\/#breadcrumb"},"inLanguage":"es","potentialAction":[{"@type":"ReadAction","target":["https:\/\/www.generali.es\/blog\/tuasesorhogar\/organizar-armario-verano\/"]}]},{"@type":"BreadcrumbList","@id":"https:\/\/www.generali.es\/blog\/tuasesorhogar\/organizar-armario-verano\/#breadcrumb","itemListElement":[{"@type":"ListItem","position":1,"name":"Home","item":"https:\/\/www.generali.es\/blog\/tuasesorhogar\/"},{"@type":"ListItem","position":2,"name":"Ahorro","item":"https:\/\/www.generali.es\/blog\/tuasesorhogar\/ahorro\/"},{"@type":"ListItem","position":3,"name":"Claves para organizar tu armario este verano"}]},{"@type":"WebSite","@id":"https:\/\/www.generali.es\/blog\/tuasesorhogar\/#website","url":"https:\/\/www.generali.es\/blog\/tuasesorhogar\/","name":"Tu Asesor de Hogar","description":"Blog de Hogar de GENERALI","publisher":{"@id":"https:\/\/www.generali.es\/blog\/tuasesorhogar\/#organization"},"potentialAction":[{"@type":"SearchAction","target":{"@type":"EntryPoint","urlTemplate":"https:\/\/www.generali.es\/blog\/tuasesorhogar\/?s={search_term_string}"},"query-input":"required name=search_term_string"}],"inLanguage":"es"},{"@type":"Organization","@id":"https:\/\/www.generali.es\/blog\/tuasesorhogar\/#organization","name":"Tu Asesor de Hogar","url":"https:\/\/www.generali.es\/blog\/tuasesorhogar\/","logo":{"@type":"ImageObject","inLanguage":"es","@id":"https:\/\/www.generali.es\/blog\/tuasesorhogar\/#\/schema\/logo\/image\/","url":"https:\/\/www.generali.es\/blog\/tuasesorhogar\/wp-content\/uploads\/2021\/04\/generali.png","contentUrl":"https:\/\/www.generali.es\/blog\/tuasesorhogar\/wp-content\/uploads\/2021\/04\/generali.png","width":100,"height":81,"caption":"Tu Asesor de Hogar"},"image":{"@id":"https:\/\/www.generali.es\/blog\/tuasesorhogar\/#\/schema\/logo\/image\/"}},{"@type":"Person","@id":"https:\/\/www.generali.es\/blog\/tuasesorhogar\/#\/schema\/person\/b3e3621e80b273ef3366c6dc945ab47e","name":"Equipo GENERALI","image":{"@type":"ImageObject","inLanguage":"es","@id":"https:\/\/www.generali.es\/blog\/tuasesorhogar\/#\/schema\/person\/image\/","url":"https:\/\/www.generali.es\/blog\/tuasesorhogar\/wp-content\/uploads\/2020\/11\/equipo_generali-150x150.jpg","contentUrl":"https:\/\/www.generali.es\/blog\/tuasesorhogar\/wp-content\/uploads\/2020\/11\/equipo_generali-150x150.jpg","caption":"Equipo GENERALI"},"description":"El equipo de Tu Asesor Hogar est\u00e1 compuesto por especialistas en la seguridad, el bricolaje y ahorro en el hogar, as\u00ed como profesionales t\u00e9cnicos de los seguros de hogar. Te ayudamos a que tengas una vida m\u00e1s segura y tranquila y te ofrecemos contenido \u00fatil para tu d\u00eda a d\u00eda.","url":"https:\/\/www.generali.es\/blog\/tuasesorhogar\/author\/generali_asesor\/"}]}},"_links":{"self":[{"href":"https:\/\/www.generali.es\/blog\/tuasesorhogar\/wp-json\/wp\/v2\/posts\/3613"}],"collection":[{"href":"https:\/\/www.generali.es\/blog\/tuasesorhogar\/wp-json\/wp\/v2\/posts"}],"about":[{"href":"https:\/\/www.generali.es\/blog\/tuasesorhogar\/wp-json\/wp\/v2\/types\/post"}],"author":[{"embeddable":true,"href":"https:\/\/www.generali.es\/blog\/tuasesorhogar\/wp-json\/wp\/v2\/users\/1"}],"replies":[{"embeddable":true,"href":"https:\/\/www.generali.es\/blog\/tuasesorhogar\/wp-json\/wp\/v2\/comments?post=3613"}],"version-history":[{"count":4,"href":"https:\/\/www.generali.es\/blog\/tuasesorhogar\/wp-json\/wp\/v2\/posts\/3613\/revisions"}],"predecessor-version":[{"id":5075,"href":"https:\/\/www.generali.es\/blog\/tuasesorhogar\/wp-json\/wp\/v2\/posts\/3613\/revisions\/5075"}],"wp:featuredmedia":[{"embeddable":true,"href":"https:\/\/www.generali.es\/blog\/tuasesorhogar\/wp-json\/wp\/v2\/media\/4093"}],"wp:attachment":[{"href":"https:\/\/www.generali.es\/blog\/tuasesorhogar\/wp-json\/wp\/v2\/media?parent=3613"}],"wp:term":[{"taxonomy":"category","embeddable":true,"href":"https:\/\/www.generali.es\/blog\/tuasesorhogar\/wp-json\/wp\/v2\/categories?post=3613"},{"taxonomy":"post_tag","embeddable":true,"href":"https:\/\/www.generali.es\/blog\/tuasesorhogar\/wp-json\/wp\/v2\/tags?post=3613"}],"curies":[{"name":"wp","href":"https:\/\/api.w.org\/{rel}","templated":true}]}}