{"id":3578,"date":"2023-02-21T07:04:00","date_gmt":"2023-02-21T06:04:00","guid":{"rendered":"https:\/\/generali.devhogarth.com\/blog\/tuasesorhogar\/?p=3578"},"modified":"2023-07-24T16:03:37","modified_gmt":"2023-07-24T14:03:37","slug":"adaptar-casa-alzheimer","status":"publish","type":"post","link":"https:\/\/www.generali.es\/blog\/tuasesorhogar\/adaptar-casa-alzheimer\/","title":{"rendered":"C\u00f3mo adaptar la casa para una persona con alzheimer"},"content":{"rendered":"\n<p>Si cuidas a una persona que padece Alzheimer o demencia, te resultar\u00e1 \u00fatil saber c\u00f3mo algunos de los s\u00edntomas mentales y f\u00edsicos asociados a estas enfermedades pueden suponer un problema de seguridad.<\/p>\n\n\n\n<p>Ser consciente de ello te ayudar\u00e1 a mantener la independencia y calidad de vida de las personas que padecen estas patolog\u00edas, haciendo adem\u00e1s que su entorno sea lo m\u00e1s seguro y c\u00f3modo posible.<\/p>\n\n\n\n<p><strong>Descubre c\u00f3mo adaptar la casa para una persona con Alzheimer o demencia<\/strong>.<\/p>\n\n\n\n<div id=\"ez-toc-container\" class=\"ez-toc-v2_0_58 counter-hierarchy ez-toc-counter ez-toc-custom ez-toc-container-direction\">\n<p class=\"ez-toc-title\">&Iacute;ndice<\/p>\n<label for=\"ez-toc-cssicon-toggle-item-69f3a89769480\" class=\"ez-toc-cssicon-toggle-label\"><span class=\"\"><span class=\"eztoc-hide\" style=\"display:none;\">Toggle<\/span><span class=\"ez-toc-icon-toggle-span\"><svg style=\"fill: #ffffff;color:#ffffff\" xmlns=\"http:\/\/www.w3.org\/2000\/svg\" class=\"list-377408\" width=\"20px\" height=\"20px\" viewBox=\"0 0 24 24\" fill=\"none\"><path d=\"M6 6H4v2h2V6zm14 0H8v2h12V6zM4 11h2v2H4v-2zm16 0H8v2h12v-2zM4 16h2v2H4v-2zm16 0H8v2h12v-2z\" fill=\"currentColor\"><\/path><\/svg><svg style=\"fill: #ffffff;color:#ffffff\" class=\"arrow-unsorted-368013\" xmlns=\"http:\/\/www.w3.org\/2000\/svg\" width=\"10px\" height=\"10px\" viewBox=\"0 0 24 24\" version=\"1.2\" baseProfile=\"tiny\"><path d=\"M18.2 9.3l-6.2-6.3-6.2 6.3c-.2.2-.3.4-.3.7s.1.5.3.7c.2.2.4.3.7.3h11c.3 0 .5-.1.7-.3.2-.2.3-.5.3-.7s-.1-.5-.3-.7zM5.8 14.7l6.2 6.3 6.2-6.3c.2-.2.3-.5.3-.7s-.1-.5-.3-.7c-.2-.2-.4-.3-.7-.3h-11c-.3 0-.5.1-.7.3-.2.2-.3.5-.3.7s.1.5.3.7z\"\/><\/svg><\/span><\/span><\/label><input type=\"checkbox\"  id=\"ez-toc-cssicon-toggle-item-69f3a89769480\" checked aria-label=\"Toggle\" \/><nav><ul class='ez-toc-list ez-toc-list-level-1 ' ><li class='ez-toc-page-1 ez-toc-heading-level-2'><a class=\"ez-toc-link ez-toc-heading-1\" href=\"https:\/\/www.generali.es\/blog\/tuasesorhogar\/adaptar-casa-alzheimer\/#Principales_riesgos_asociados_al_Alzheimer_o_la_demencia\" title=\"Principales riesgos asociados al Alzheimer o la demencia\">Principales riesgos asociados al Alzheimer o la demencia<\/a><\/li><li class='ez-toc-page-1 ez-toc-heading-level-2'><a class=\"ez-toc-link ez-toc-heading-2\" href=\"https:\/\/www.generali.es\/blog\/tuasesorhogar\/adaptar-casa-alzheimer\/#Consejos_de_seguridad_en_el_hogar_para_cuidar_a_una_persona_con_Alzheimer_o_demencia\" title=\"Consejos de seguridad en el hogar para cuidar a una persona con Alzheimer o demencia\">Consejos de seguridad en el hogar para cuidar a una persona con Alzheimer o demencia<\/a><\/li><\/ul><\/nav><\/div>\n<h2 class=\"wp-block-heading\"><span class=\"ez-toc-section\" id=\"Principales_riesgos_asociados_al_Alzheimer_o_la_demencia\"><\/span><strong>Principales riesgos asociados al Alzheimer o la demencia<\/strong><span class=\"ez-toc-section-end\"><\/span><\/h2>\n\n\n\n<p>El Alzheimer afecta a la memoria, al pensamiento y otras capacidades mentales de <a href=\"https:\/\/www.sen.es\/saladeprensa\/pdf\/Link280.pdf\" target=\"_blank\" rel=\"noreferrer noopener\">alrededor de 40.000 personas al a\u00f1o en Espa\u00f1a<\/a>. Una persona con sus capacidades mermadas puede <strong>tener dificultades para recordar el nombre de alguien<\/strong> o tambi\u00e9n verse expuesta a ciertos peligros en el hogar, por ejemplo, si empieza a calentar algo en la cocina y luego se olvida de ello. &nbsp;<\/p>\n\n\n\n<p>Por otra parte, la demencia puede tener un impacto f\u00edsico en las personas que la padecen en fase avanzada <strong>causando debilidad muscular y reduciendo su capacidad para caminar o levantarse<\/strong> de una silla o de la cama. Esto significa que alguien con Alzheimer o demencia probablemente necesitar\u00e1 ayuda para realizar tareas cotidianas como ba\u00f1arse, vestirse y preparar las comidas.<\/p>\n\n\n\n<p>Cuando los s\u00edntomas implican riesgo de ca\u00eddas, hay varias cosas que puedes hacer para facilitar el movimiento y reducir los posibles riesgos de tropiezo de la persona afectada.&nbsp;<\/p>\n\n\n\n<p>?&nbsp;<strong>\u00a1Te resultar\u00e1 \u00fatil! <\/strong><a href=\"\/blog\/tuasesorhogar\/botiquin-primeros-auxilios-casa\/\" target=\"_blank\" rel=\"noreferrer noopener\">Botiqu\u00edn de primeros auxilios para casa: \u00bfqu\u00e9 debe contener?<\/a><\/p>\n\n\n\n<h2 class=\"wp-block-heading\"><span class=\"ez-toc-section\" id=\"Consejos_de_seguridad_en_el_hogar_para_cuidar_a_una_persona_con_Alzheimer_o_demencia\"><\/span><strong>Consejos de seguridad en el hogar para cuidar a una persona con Alzheimer o demencia<\/strong><span class=\"ez-toc-section-end\"><\/span><\/h2>\n\n\n\n<p>Hemos <strong>creado una infograf\u00eda \u00fatil que con algunos consejos de seguridad en el hogar<\/strong> a la hora de aprender a c\u00f3mo cuidar a una persona con Alzheimer. Recuerda que estas sencillas modificaciones no tienen por qu\u00e9 ser caras ni molestas, e incluso algunos peque\u00f1os cambios pueden suponer una gran diferencia.&nbsp;<\/p>\n\n\n\n<p>Aparte de abordar \u00e1reas espec\u00edficas, hay una serie de cambios generales que pueden hacerse en el hogar. Por ejemplo, si tienes que redecorar, <strong>opta por suelos y paredes mates<\/strong>, ya que las superficies brillantes pueden parecer h\u00famedas o resbaladizas. <strong>Elige colores lisos en lugar de estampados<\/strong> e intenta <strong>utilizar un solo tipo de alfombra o suelo<\/strong>, ya que un cambio de color puede parecer un obst\u00e1culo o un escal\u00f3n. &nbsp;<\/p>\n\n\n\n<p>Adem\u00e1s, <strong>un entorno bien iluminado puede reducir el riesgo de ca\u00eddas<\/strong>. Por ello,&nbsp; hay que dejar que entre la luz natural durante el d\u00eda y ayudar a la persona a orientarse con seguridad por la noche <strong>instalando bombillas de alta potencia<\/strong> en las luces principales y utilizando luces de baja intensidad, l\u00e1mparas de noche enchufables o sensores de luz autom\u00e1ticos en pasillos y descansillos.<\/p>\n\n\n\n<figure class=\"wp-block-image\"><img decoding=\"async\" src=\"https:\/\/images-cdn.welcomesoftware.com\/Zz01ZDYyN2UwOGIxNTUxMWVkODlmYmIyOWY2NGIxYzRiMg==?token=eyJ0eXAiOiJKV1QiLCJhbGciOiJIUzI1NiJ9.eyJzdWIiOlsiNWQ2MjdlMDhiMTU1MTFlZDg5ZmJiMjlmNjRiMWM0YjIiXSwiZXhwIjoxNjc2OTczOTYwfQ.78-5vcap--hoAswvvca5VbYFJ3Eix7z42HWNPJmK8Kg\" alt=\"Generali_IG_HomeSafetyTipsDementia_Spanish-01 (1).png\"\/><\/figure>\n\n\n\n<p>__________<\/p>\n\n\n\n<p>Si cuidas de familiares o amigos mayores, hay muchas formas de ofrecerles ayuda: desde organizar la asistencia dom\u00e9stica que permite que una persona mayor pueda seguir viviendo en su propia casa, hasta la asistencia sanitaria inteligente, que puede proteger a las personas en todas las etapas de la vida y les da orientaci\u00f3n para que aprovechen al m\u00e1ximo su pr\u00f3xima cita m\u00e9dica virtual.<\/p>\n\n\n\n<p>Ante cualquier imprevisto dom\u00e9stico, \u00a1est\u00e1te tranquilo! En <strong>GENERALI&nbsp;<\/strong>ofrecemos las coberturas m\u00e1s completas para que adaptes&nbsp;<strong>nuestros&nbsp;<\/strong><a href=\"https:\/\/www.generali.es\/seguros-particulares\/salud\" target=\"_blank\" rel=\"noreferrer noopener\"><strong>Seguros de Hogar<\/strong><\/a><strong>&nbsp;a tus necesidades<\/strong>, \u00a1y no al rev\u00e9s!&nbsp;<strong>Calcula tu presupuesto sin compromiso.<\/strong><\/p>\n","protected":false},"excerpt":{"rendered":"<p>Si cuidas a una persona que padece Alzheimer o demencia, te resultar\u00e1 \u00fatil saber c\u00f3mo algunos de los s\u00edntomas mentales y f\u00edsicos asociados a estas enfermedades pueden suponer un problema de seguridad. Ser consciente de ello te ayudar\u00e1 a mantener la independencia y calidad de vida de las personas que padecen estas patolog\u00edas, haciendo adem\u00e1s [&hellip;]<\/p>\n","protected":false},"author":1,"featured_media":4075,"comment_status":"closed","ping_status":"closed","sticky":false,"template":"","format":"standard","meta":{"footnotes":""},"categories":[5],"tags":[],"yoast_head":"<!-- This site is optimized with the Yoast SEO plugin v21.6 - https:\/\/yoast.com\/wordpress\/plugins\/seo\/ -->\n<title>C\u00f3mo adaptar la casa para una persona con alzheimer - Tu Asesor de Hogar<\/title>\n<meta name=\"robots\" content=\"index, follow, max-snippet:-1, max-image-preview:large, max-video-preview:-1\" \/>\n<link rel=\"canonical\" href=\"https:\/\/www.generali.es\/blog\/tuasesorhogar\/adaptar-casa-alzheimer\/\" \/>\n<meta name=\"twitter:label1\" content=\"Escrito por\" \/>\n\t<meta name=\"twitter:data1\" content=\"Equipo GENERALI\" \/>\n\t<meta name=\"twitter:label2\" content=\"Tiempo de lectura\" \/>\n\t<meta name=\"twitter:data2\" content=\"3 minutos\" \/>\n<script type=\"application\/ld+json\" class=\"yoast-schema-graph\">{\"@context\":\"https:\/\/schema.org\",\"@graph\":[{\"@type\":\"Article\",\"@id\":\"https:\/\/www.generali.es\/blog\/tuasesorhogar\/adaptar-casa-alzheimer\/#article\",\"isPartOf\":{\"@id\":\"https:\/\/www.generali.es\/blog\/tuasesorhogar\/adaptar-casa-alzheimer\/\"},\"author\":{\"name\":\"Equipo GENERALI\",\"@id\":\"https:\/\/www.generali.es\/blog\/tuasesorhogar\/#\/schema\/person\/b3e3621e80b273ef3366c6dc945ab47e\"},\"headline\":\"C\u00f3mo adaptar la casa para una persona con alzheimer\",\"datePublished\":\"2023-02-21T06:04:00+00:00\",\"dateModified\":\"2023-07-24T14:03:37+00:00\",\"mainEntityOfPage\":{\"@id\":\"https:\/\/www.generali.es\/blog\/tuasesorhogar\/adaptar-casa-alzheimer\/\"},\"wordCount\":596,\"publisher\":{\"@id\":\"https:\/\/www.generali.es\/blog\/tuasesorhogar\/#organization\"},\"articleSection\":[\"Seguridad\"],\"inLanguage\":\"es\"},{\"@type\":\"WebPage\",\"@id\":\"https:\/\/www.generali.es\/blog\/tuasesorhogar\/adaptar-casa-alzheimer\/\",\"url\":\"https:\/\/www.generali.es\/blog\/tuasesorhogar\/adaptar-casa-alzheimer\/\",\"name\":\"C\u00f3mo adaptar la casa para una persona con alzheimer - Tu Asesor de Hogar\",\"isPartOf\":{\"@id\":\"https:\/\/www.generali.es\/blog\/tuasesorhogar\/#website\"},\"datePublished\":\"2023-02-21T06:04:00+00:00\",\"dateModified\":\"2023-07-24T14:03:37+00:00\",\"breadcrumb\":{\"@id\":\"https:\/\/www.generali.es\/blog\/tuasesorhogar\/adaptar-casa-alzheimer\/#breadcrumb\"},\"inLanguage\":\"es\",\"potentialAction\":[{\"@type\":\"ReadAction\",\"target\":[\"https:\/\/www.generali.es\/blog\/tuasesorhogar\/adaptar-casa-alzheimer\/\"]}]},{\"@type\":\"BreadcrumbList\",\"@id\":\"https:\/\/www.generali.es\/blog\/tuasesorhogar\/adaptar-casa-alzheimer\/#breadcrumb\",\"itemListElement\":[{\"@type\":\"ListItem\",\"position\":1,\"name\":\"Home\",\"item\":\"https:\/\/www.generali.es\/blog\/tuasesorhogar\/\"},{\"@type\":\"ListItem\",\"position\":2,\"name\":\"Seguridad\",\"item\":\"https:\/\/www.generali.es\/blog\/tuasesorhogar\/seguridad\/\"},{\"@type\":\"ListItem\",\"position\":3,\"name\":\"C\u00f3mo adaptar la casa para una persona con alzheimer\"}]},{\"@type\":\"WebSite\",\"@id\":\"https:\/\/www.generali.es\/blog\/tuasesorhogar\/#website\",\"url\":\"https:\/\/www.generali.es\/blog\/tuasesorhogar\/\",\"name\":\"Tu Asesor de Hogar\",\"description\":\"Blog de Hogar de GENERALI\",\"publisher\":{\"@id\":\"https:\/\/www.generali.es\/blog\/tuasesorhogar\/#organization\"},\"potentialAction\":[{\"@type\":\"SearchAction\",\"target\":{\"@type\":\"EntryPoint\",\"urlTemplate\":\"https:\/\/www.generali.es\/blog\/tuasesorhogar\/?s={search_term_string}\"},\"query-input\":\"required name=search_term_string\"}],\"inLanguage\":\"es\"},{\"@type\":\"Organization\",\"@id\":\"https:\/\/www.generali.es\/blog\/tuasesorhogar\/#organization\",\"name\":\"Tu Asesor de Hogar\",\"url\":\"https:\/\/www.generali.es\/blog\/tuasesorhogar\/\",\"logo\":{\"@type\":\"ImageObject\",\"inLanguage\":\"es\",\"@id\":\"https:\/\/www.generali.es\/blog\/tuasesorhogar\/#\/schema\/logo\/image\/\",\"url\":\"https:\/\/www.generali.es\/blog\/tuasesorhogar\/wp-content\/uploads\/2021\/04\/generali.png\",\"contentUrl\":\"https:\/\/www.generali.es\/blog\/tuasesorhogar\/wp-content\/uploads\/2021\/04\/generali.png\",\"width\":100,\"height\":81,\"caption\":\"Tu Asesor de Hogar\"},\"image\":{\"@id\":\"https:\/\/www.generali.es\/blog\/tuasesorhogar\/#\/schema\/logo\/image\/\"}},{\"@type\":\"Person\",\"@id\":\"https:\/\/www.generali.es\/blog\/tuasesorhogar\/#\/schema\/person\/b3e3621e80b273ef3366c6dc945ab47e\",\"name\":\"Equipo GENERALI\",\"image\":{\"@type\":\"ImageObject\",\"inLanguage\":\"es\",\"@id\":\"https:\/\/www.generali.es\/blog\/tuasesorhogar\/#\/schema\/person\/image\/\",\"url\":\"https:\/\/www.generali.es\/blog\/tuasesorhogar\/wp-content\/uploads\/2020\/11\/equipo_generali-150x150.jpg\",\"contentUrl\":\"https:\/\/www.generali.es\/blog\/tuasesorhogar\/wp-content\/uploads\/2020\/11\/equipo_generali-150x150.jpg\",\"caption\":\"Equipo GENERALI\"},\"description\":\"El equipo de Tu Asesor Hogar est\u00e1 compuesto por especialistas en la seguridad, el bricolaje y ahorro en el hogar, as\u00ed como profesionales t\u00e9cnicos de los seguros de hogar. Te ayudamos a que tengas una vida m\u00e1s segura y tranquila y te ofrecemos contenido \u00fatil para tu d\u00eda a d\u00eda.\",\"url\":\"https:\/\/www.generali.es\/blog\/tuasesorhogar\/author\/generali_asesor\/\"}]}<\/script>\n<!-- \/ Yoast SEO plugin. -->","yoast_head_json":{"title":"C\u00f3mo adaptar la casa para una persona con alzheimer - Tu Asesor de Hogar","robots":{"index":"index","follow":"follow","max-snippet":"max-snippet:-1","max-image-preview":"max-image-preview:large","max-video-preview":"max-video-preview:-1"},"canonical":"https:\/\/www.generali.es\/blog\/tuasesorhogar\/adaptar-casa-alzheimer\/","twitter_misc":{"Escrito por":"Equipo GENERALI","Tiempo de lectura":"3 minutos"},"schema":{"@context":"https:\/\/schema.org","@graph":[{"@type":"Article","@id":"https:\/\/www.generali.es\/blog\/tuasesorhogar\/adaptar-casa-alzheimer\/#article","isPartOf":{"@id":"https:\/\/www.generali.es\/blog\/tuasesorhogar\/adaptar-casa-alzheimer\/"},"author":{"name":"Equipo GENERALI","@id":"https:\/\/www.generali.es\/blog\/tuasesorhogar\/#\/schema\/person\/b3e3621e80b273ef3366c6dc945ab47e"},"headline":"C\u00f3mo adaptar la casa para una persona con alzheimer","datePublished":"2023-02-21T06:04:00+00:00","dateModified":"2023-07-24T14:03:37+00:00","mainEntityOfPage":{"@id":"https:\/\/www.generali.es\/blog\/tuasesorhogar\/adaptar-casa-alzheimer\/"},"wordCount":596,"publisher":{"@id":"https:\/\/www.generali.es\/blog\/tuasesorhogar\/#organization"},"articleSection":["Seguridad"],"inLanguage":"es"},{"@type":"WebPage","@id":"https:\/\/www.generali.es\/blog\/tuasesorhogar\/adaptar-casa-alzheimer\/","url":"https:\/\/www.generali.es\/blog\/tuasesorhogar\/adaptar-casa-alzheimer\/","name":"C\u00f3mo adaptar la casa para una persona con alzheimer - Tu Asesor de Hogar","isPartOf":{"@id":"https:\/\/www.generali.es\/blog\/tuasesorhogar\/#website"},"datePublished":"2023-02-21T06:04:00+00:00","dateModified":"2023-07-24T14:03:37+00:00","breadcrumb":{"@id":"https:\/\/www.generali.es\/blog\/tuasesorhogar\/adaptar-casa-alzheimer\/#breadcrumb"},"inLanguage":"es","potentialAction":[{"@type":"ReadAction","target":["https:\/\/www.generali.es\/blog\/tuasesorhogar\/adaptar-casa-alzheimer\/"]}]},{"@type":"BreadcrumbList","@id":"https:\/\/www.generali.es\/blog\/tuasesorhogar\/adaptar-casa-alzheimer\/#breadcrumb","itemListElement":[{"@type":"ListItem","position":1,"name":"Home","item":"https:\/\/www.generali.es\/blog\/tuasesorhogar\/"},{"@type":"ListItem","position":2,"name":"Seguridad","item":"https:\/\/www.generali.es\/blog\/tuasesorhogar\/seguridad\/"},{"@type":"ListItem","position":3,"name":"C\u00f3mo adaptar la casa para una persona con alzheimer"}]},{"@type":"WebSite","@id":"https:\/\/www.generali.es\/blog\/tuasesorhogar\/#website","url":"https:\/\/www.generali.es\/blog\/tuasesorhogar\/","name":"Tu Asesor de Hogar","description":"Blog de Hogar de GENERALI","publisher":{"@id":"https:\/\/www.generali.es\/blog\/tuasesorhogar\/#organization"},"potentialAction":[{"@type":"SearchAction","target":{"@type":"EntryPoint","urlTemplate":"https:\/\/www.generali.es\/blog\/tuasesorhogar\/?s={search_term_string}"},"query-input":"required name=search_term_string"}],"inLanguage":"es"},{"@type":"Organization","@id":"https:\/\/www.generali.es\/blog\/tuasesorhogar\/#organization","name":"Tu Asesor de Hogar","url":"https:\/\/www.generali.es\/blog\/tuasesorhogar\/","logo":{"@type":"ImageObject","inLanguage":"es","@id":"https:\/\/www.generali.es\/blog\/tuasesorhogar\/#\/schema\/logo\/image\/","url":"https:\/\/www.generali.es\/blog\/tuasesorhogar\/wp-content\/uploads\/2021\/04\/generali.png","contentUrl":"https:\/\/www.generali.es\/blog\/tuasesorhogar\/wp-content\/uploads\/2021\/04\/generali.png","width":100,"height":81,"caption":"Tu Asesor de Hogar"},"image":{"@id":"https:\/\/www.generali.es\/blog\/tuasesorhogar\/#\/schema\/logo\/image\/"}},{"@type":"Person","@id":"https:\/\/www.generali.es\/blog\/tuasesorhogar\/#\/schema\/person\/b3e3621e80b273ef3366c6dc945ab47e","name":"Equipo GENERALI","image":{"@type":"ImageObject","inLanguage":"es","@id":"https:\/\/www.generali.es\/blog\/tuasesorhogar\/#\/schema\/person\/image\/","url":"https:\/\/www.generali.es\/blog\/tuasesorhogar\/wp-content\/uploads\/2020\/11\/equipo_generali-150x150.jpg","contentUrl":"https:\/\/www.generali.es\/blog\/tuasesorhogar\/wp-content\/uploads\/2020\/11\/equipo_generali-150x150.jpg","caption":"Equipo GENERALI"},"description":"El equipo de Tu Asesor Hogar est\u00e1 compuesto por especialistas en la seguridad, el bricolaje y ahorro en el hogar, as\u00ed como profesionales t\u00e9cnicos de los seguros de hogar. Te ayudamos a que tengas una vida m\u00e1s segura y tranquila y te ofrecemos contenido \u00fatil para tu d\u00eda a d\u00eda.","url":"https:\/\/www.generali.es\/blog\/tuasesorhogar\/author\/generali_asesor\/"}]}},"_links":{"self":[{"href":"https:\/\/www.generali.es\/blog\/tuasesorhogar\/wp-json\/wp\/v2\/posts\/3578"}],"collection":[{"href":"https:\/\/www.generali.es\/blog\/tuasesorhogar\/wp-json\/wp\/v2\/posts"}],"about":[{"href":"https:\/\/www.generali.es\/blog\/tuasesorhogar\/wp-json\/wp\/v2\/types\/post"}],"author":[{"embeddable":true,"href":"https:\/\/www.generali.es\/blog\/tuasesorhogar\/wp-json\/wp\/v2\/users\/1"}],"replies":[{"embeddable":true,"href":"https:\/\/www.generali.es\/blog\/tuasesorhogar\/wp-json\/wp\/v2\/comments?post=3578"}],"version-history":[{"count":4,"href":"https:\/\/www.generali.es\/blog\/tuasesorhogar\/wp-json\/wp\/v2\/posts\/3578\/revisions"}],"predecessor-version":[{"id":5160,"href":"https:\/\/www.generali.es\/blog\/tuasesorhogar\/wp-json\/wp\/v2\/posts\/3578\/revisions\/5160"}],"wp:featuredmedia":[{"embeddable":true,"href":"https:\/\/www.generali.es\/blog\/tuasesorhogar\/wp-json\/wp\/v2\/media\/4075"}],"wp:attachment":[{"href":"https:\/\/www.generali.es\/blog\/tuasesorhogar\/wp-json\/wp\/v2\/media?parent=3578"}],"wp:term":[{"taxonomy":"category","embeddable":true,"href":"https:\/\/www.generali.es\/blog\/tuasesorhogar\/wp-json\/wp\/v2\/categories?post=3578"},{"taxonomy":"post_tag","embeddable":true,"href":"https:\/\/www.generali.es\/blog\/tuasesorhogar\/wp-json\/wp\/v2\/tags?post=3578"}],"curies":[{"name":"wp","href":"https:\/\/api.w.org\/{rel}","templated":true}]}}