{"id":8086,"date":"2024-05-14T14:44:40","date_gmt":"2024-05-14T14:44:40","guid":{"rendered":"https:\/\/www.generali.es\/blog\/infosobreseguros\/?p=8086"},"modified":"2025-07-07T11:52:09","modified_gmt":"2025-07-07T11:52:09","slug":"diferencias-y-semejanzas-entre-discapacidad-incapacidad-invalidez-y-dependencia","status":"publish","type":"post","link":"https:\/\/www.generali.es\/blog\/infosobreseguros\/diferencias-y-semejanzas-entre-discapacidad-incapacidad-invalidez-y-dependencia\/","title":{"rendered":"Diferencias y semejanzas entre discapacidad, incapacidad, invalidez y dependencia"},"content":{"rendered":"\n<p>La <strong>incapacidad<\/strong>, la <strong>invalidez<\/strong>, la <strong>discapacidad<\/strong> y la <strong>dependencia<\/strong> son cuatro t\u00e9rminos muy comunes y frecuentes cuando hablamos de <strong>seguros de vida riesgo<\/strong>, pues su raz\u00f3n de ser est\u00e1 en gran parte relacionada con cubrir esas situaciones en las que por un motivo u otro la persona no puede desenvolverse, total o parcialmente, por s\u00ed misma.<\/p>\n\n\n\n<p>Quiz\u00e1s no teng\u00e1is claro al 100% <strong>qu\u00e9 es la invalidez<\/strong> o <strong>qu\u00e9 es la dependencia<\/strong>. O la incapacidad, o la discapacidad\u2026 Y es que aunque no son sin\u00f3nimos estos conceptos tienen bastante en com\u00fan, tanto que a muchos les pueden llevar a confusi\u00f3n.<\/p>\n\n\n\n<p>Por eso nos hemos planteado arrojar luz sobre ellos, pues conviene distinguirlos (especialmente si entramos en materia aseguradora). Por ejemplo, si queremos contratar un seguro de vida riesgo, como los de <strong>GENERALI<\/strong>, y nos gustar\u00eda tener claro en qu\u00e9 consisten las coberturas que tiene y qu\u00e9 situaciones cubre; o a la hora de solicitar una subvenci\u00f3n o una ayuda, en caso de que la podamos necesitar nosotros o alguna persona cercana.<\/p>\n\n\n\n<p>Quiz\u00e1s os est\u00e9is preguntando <strong>cu\u00e1l es la diferencia entre dependencia e invalidez<\/strong>, si <strong>es lo mismo incapacidad que discapacidad <\/strong>o <strong>en qu\u00e9 se diferencia la incapacidad de la dependencia<\/strong>. As\u00ed que, sin m\u00e1s espera, vamos a aclarar cada uno de estos cuatro conceptos.<\/p>\n\n\n\n<div style=\"height:20px\" aria-hidden=\"true\" class=\"wp-block-spacer\"><\/div>\n\n\n\n<h2 class=\"wp-block-heading\"><strong>Incapacidad<\/strong><\/h2>\n\n\n\n<div style=\"height:20px\" aria-hidden=\"true\" class=\"wp-block-spacer\"><\/div>\n\n\n\n<p><strong>\u00bf<\/strong><strong>Qu\u00e9 es la incapacidad<\/strong>? Es una situaci\u00f3n que impide a una persona realizar su profesi\u00f3n habitual e incluso cualquier trabajo, dependiendo del grado que se tenga de ella. La incapacidad puede deberse a una enfermedad como a un accidente, independientemente de si ha surgido en el entorno laboral o no.<\/p>\n\n\n\n<p>Una situaci\u00f3n de incapacidad da derecho a prestaciones de la seguridad social, siempre que lo determine un equipo de valoraci\u00f3n formado por m\u00e9dicos especializados en esta materia.<\/p>\n\n\n\n<p>Existen cuatro <strong>grados de incapacidad<\/strong>: la permanente parcial para la profesi\u00f3n habitual, que ocasiona al trabajador una disminuci\u00f3n del 33% o m\u00e1s en su rendimiento normal, aunque puede permitirle realizar las tareas fundamentales; la incapacidad permanente total, que le inhabilita para esa labor, pero no para realizar otras; la incapacidad permanente absoluta para cualquier trabajo; y la gran invalidez, que explicaremos en el siguiente apartado.<\/p>\n\n\n\n<div style=\"height:20px\" aria-hidden=\"true\" class=\"wp-block-spacer\"><\/div>\n\n\n\n<h2 class=\"wp-block-heading\"><strong>Invalidez<\/strong><\/h2>\n\n\n\n<div style=\"height:20px\" aria-hidden=\"true\" class=\"wp-block-spacer\"><\/div>\n\n\n\n<p>Se considera como <strong>gran invalidez<\/strong> la situaci\u00f3n de una persona que, m\u00e1s all\u00e1 de tener incapacidad permanente (lo que le impide para trabajar) necesite la asistencia de otra persona para las acciones esenciales de la vida, del d\u00eda a d\u00eda: comer, vestirse, ir al servicio o desplazarse.<\/p>\n\n\n\n<p>Es un concepto clave para distinguir la incapacidad de la invalidez, que es un t\u00e9rmino m\u00e9dico que se refiere a la p\u00e9rdida de funciones de una parte del cuerpo; la incapacidad es m\u00e1s bien la consecuencia que puede originar esa p\u00e9rdida de funciones a la hora de realizar un trabajo.<\/p>\n\n\n\n<div style=\"height:20px\" aria-hidden=\"true\" class=\"wp-block-spacer\"><\/div>\n\n\n\n<h2 class=\"wp-block-heading\"><strong>Discapacidad<\/strong><\/h2>\n\n\n\n<div style=\"height:20px\" aria-hidden=\"true\" class=\"wp-block-spacer\"><\/div>\n\n\n\n<p>En cuanto a <strong>qu\u00e9 es la discapacidad<\/strong>, es un t\u00e9rmino que alude a las personas que tienen menos posibilidades de integraci\u00f3n educativa, laboral o social a consecuencia de una deficiencia en sus capacidades f\u00edsicas, ps\u00edquicas o sensoriales, bien sea de nacimiento o no.<\/p>\n\n\n\n<p>Independientemente de que trabaje o no lo haga, cualquier persona puede solicitar tambi\u00e9n el reconocimiento de una discapacidad, siempre que cumpla los requisitos marcados por el IMSERSO o el \u00f3rgano de la comunidad aut\u00f3noma al que corresponda valorar la situaci\u00f3n. A partir de un grado de discapacidad del 65% se puede acceder a la pensi\u00f3n de nivel no contributivo de invalidez.<\/p>\n\n\n\n<div style=\"height:20px\" aria-hidden=\"true\" class=\"wp-block-spacer\"><\/div>\n\n\n\n<h2 class=\"wp-block-heading\"><strong>Dependencia<\/strong><\/h2>\n\n\n\n<div style=\"height:20px\" aria-hidden=\"true\" class=\"wp-block-spacer\"><\/div>\n\n\n\n<p>Por \u00faltimo, la dependencia es una situaci\u00f3n permanente en la que una persona necesita de la ayuda de otra para hacer las actividades b\u00e1sicas de la vida diaria o de otros apoyos. Puede deberse a la edad, a una enfermedad o a una discapacidad, y le hace perder su autonom\u00eda f\u00edsica, intelectual, mental o sensorial o por lo menos una parte de ella.<\/p>\n\n\n\n<p>Este tipo de casos est\u00e1n recogidos en la ley de dependencia, que distingue tres grados: moderada (la que precisa de ayuda una vez al d\u00eda), severa (se necesita asistencia dos o tres veces&nbsp; al d\u00eda) y <strong>gran dependencia<\/strong>, que requiere la atenci\u00f3n pr\u00e1cticamente constante de un cuidador. A las comunidades aut\u00f3nomas corresponde de nuevo la valoraci\u00f3n de cada caso y la prestaci\u00f3n de ayuda en el supuesto de que corresponda.<\/p>\n\n\n\n<div style=\"height:20px\" aria-hidden=\"true\" class=\"wp-block-spacer\"><\/div>\n\n\n\n<h2 class=\"wp-block-heading\"><strong>Resolviendo dudas<\/strong><\/h2>\n\n\n\n<div style=\"height:20px\" aria-hidden=\"true\" class=\"wp-block-spacer\"><\/div>\n\n\n\n<p>Por si tras estas definiciones ha quedado alguna duda, resolvemos algunas posibles confusiones.<\/p>\n\n\n\n<p>&#8211; La dependencia y la gran invalidez son conceptos emparentados, pues ese grado de invalidez genera la dependencia de otra persona en el d\u00eda a d\u00eda. Eso s\u00ed, existen grados menores de invalidez que no requieren de la ayuda de otros, por lo menos de manera constante.<\/p>\n\n\n\n<p>&#8211; El concepto de discapacidad tambi\u00e9n es distinto al de dependencia, pues una persona que tenga alguna discapacidad no tiene por qu\u00e9 estar en una situaci\u00f3n de dependencia, pues podr\u00eda manejarse por s\u00ed misma en muchas situaciones.<\/p>\n\n\n\n<p>&#8211; Por \u00faltimo, una persona incapacitada, aunque se haya determinado que tiene una incapacidad absoluta permanente, podr\u00eda no ser apta para desarrollar ninguna labor profesional pero s\u00ed manejarse de manera aut\u00f3noma y sin ayuda de nadie en el d\u00eda a d\u00eda.<\/p>\n","protected":false},"excerpt":{"rendered":"<p>La incapacidad, la invalidez, la discapacidad y la dependencia son cuatro t\u00e9rminos muy comunes y frecuentes cuando hablamos de seguros de vida riesgo, pues su raz\u00f3n de ser est\u00e1 en gran parte relacionada con cubrir esas situaciones en las que por un motivo u otro la persona no puede desenvolverse, total o parcialmente, por s\u00ed<span class=\"entry-more-link\"><a href=\"https:\/\/www.generali.es\/blog\/infosobreseguros\/diferencias-y-semejanzas-entre-discapacidad-incapacidad-invalidez-y-dependencia\/#more-8086\"> Seguir leyendo<\/a><\/span><\/p>\n","protected":false},"author":12,"featured_media":8087,"comment_status":"closed","ping_status":"open","sticky":false,"template":"","format":"standard","meta":{"footnotes":""},"categories":[945],"tags":[],"acf":[],"_links":{"self":[{"href":"https:\/\/www.generali.es\/blog\/infosobreseguros\/wp-json\/wp\/v2\/posts\/8086"}],"collection":[{"href":"https:\/\/www.generali.es\/blog\/infosobreseguros\/wp-json\/wp\/v2\/posts"}],"about":[{"href":"https:\/\/www.generali.es\/blog\/infosobreseguros\/wp-json\/wp\/v2\/types\/post"}],"author":[{"embeddable":true,"href":"https:\/\/www.generali.es\/blog\/infosobreseguros\/wp-json\/wp\/v2\/users\/12"}],"replies":[{"embeddable":true,"href":"https:\/\/www.generali.es\/blog\/infosobreseguros\/wp-json\/wp\/v2\/comments?post=8086"}],"version-history":[{"count":2,"href":"https:\/\/www.generali.es\/blog\/infosobreseguros\/wp-json\/wp\/v2\/posts\/8086\/revisions"}],"predecessor-version":[{"id":8089,"href":"https:\/\/www.generali.es\/blog\/infosobreseguros\/wp-json\/wp\/v2\/posts\/8086\/revisions\/8089"}],"wp:featuredmedia":[{"embeddable":true,"href":"https:\/\/www.generali.es\/blog\/infosobreseguros\/wp-json\/wp\/v2\/media\/8087"}],"wp:attachment":[{"href":"https:\/\/www.generali.es\/blog\/infosobreseguros\/wp-json\/wp\/v2\/media?parent=8086"}],"wp:term":[{"taxonomy":"category","embeddable":true,"href":"https:\/\/www.generali.es\/blog\/infosobreseguros\/wp-json\/wp\/v2\/categories?post=8086"},{"taxonomy":"post_tag","embeddable":true,"href":"https:\/\/www.generali.es\/blog\/infosobreseguros\/wp-json\/wp\/v2\/tags?post=8086"}],"curies":[{"name":"wp","href":"https:\/\/api.w.org\/{rel}","templated":true}]}}