{"id":7992,"date":"2023-11-14T09:18:27","date_gmt":"2023-11-14T09:18:27","guid":{"rendered":"https:\/\/www.generali.es\/blog\/infosobreseguros\/?p=7992"},"modified":"2025-07-07T11:52:11","modified_gmt":"2025-07-07T11:52:11","slug":"asistencia-pedagogica-y-seguros-de-decesos","status":"publish","type":"post","link":"https:\/\/www.generali.es\/blog\/infosobreseguros\/asistencia-pedagogica-y-seguros-de-decesos\/","title":{"rendered":"\u00bfQu\u00e9 tiene que ver la asistencia pedag\u00f3gica con los seguros de decesos?"},"content":{"rendered":"\n<p>Pedro era uno de estos adolescentes de los que sus padres pod\u00edan sentirse muy orgullosos. Buen chaval, gran estudiante y adem\u00e1s un estupendo jugador de baloncesto, compaginaba los estudios -reci\u00e9n empezado su \u00faltimo curso en la escuela secundaria- con el deporte, pues entrenaba y jugaba en el mejor equipo de categor\u00eda cadete de su ciudad.<\/p>\n\n\n\n<p>La vida parec\u00eda sonre\u00edrle, hasta que un accidente trunc\u00f3 ese instante maravilloso por el que estaba pasando. Un coche le arroll\u00f3 cuando atravesaba un paso de cebra, fractur\u00e1ndole la tibia y el peron\u00e9 de la pierna derecha, as\u00ed como provoc\u00e1ndole una rotura de ligamentos en el gemelo.<\/p>\n\n\n\n<p>As\u00ed comenzaba un periodo oscuro para el chaval, que tendr\u00eda por delante, tras la operaci\u00f3n, un curso completo de rehabilitaci\u00f3n. Con el tiempo podr\u00eda llevar una vida normal, pero deber\u00eda emplear un a\u00f1o de su vida en recuperarse, con trabajo y esfuerzo, para volver a andar, luego correr y finalmente jugar al baloncesto.<\/p>\n\n\n\n<p>Adem\u00e1s, el accidente pod\u00eda provocar que pasara un a\u00f1o escolar en blanco, pues durante los dos primeros meses deb\u00eda pasar la vida entera entre las cuatro paredes de su casa, lo que le imped\u00eda seguir el ritmo de sus compa\u00f1eros de clase y complicaba su curso previo al bachillerato.<\/p>\n\n\n\n<p>\u00bfUn a\u00f1o perdido? Por fortuna no, pues no s\u00f3lo emple\u00f3 toda su fuerza de voluntad y paciencia en recuperarse f\u00edsicamente para volver a jugar al baloncesto sino que acab\u00f3 completando, y con buena nota, su \u00faltimo a\u00f1o en la secundaria.<\/p>\n\n\n\n<p>\u00bfC\u00f3mo fue posible? Gracias al <strong>seguro de decesos<\/strong> <strong>familiar <\/strong>que hab\u00edan contratado sus padres con una de las <strong>mejores compa\u00f1\u00edas de seguros<\/strong>. Ya sab\u00e9is de cu\u00e1l estamos hablando: de <strong>GENERALI<\/strong>.<\/p>\n\n\n\n<div style=\"height:20px\" aria-hidden=\"true\" class=\"wp-block-spacer\"><\/div>\n\n\n\n<h2 class=\"wp-block-heading\"><strong>Cobertura de asistencia pedag\u00f3gica<\/strong><\/h2>\n\n\n\n<div style=\"height:20px\" aria-hidden=\"true\" class=\"wp-block-spacer\"><\/div>\n\n\n\n<p>Si no entend\u00e9is <em>que tiene que ver el tocino con la velocidad<\/em> (es decir, la formaci\u00f3n acad\u00e9mica del chaval con el <strong>seguro de decesos<\/strong> contratado por sus padres), os diremos que los productos aseguradores de este ramo cuentan, entre sus <strong>coberturas b\u00e1sicas<\/strong> y las <strong>coberturas opcionales<\/strong>, con la de <strong>asistencia familiar<\/strong>, que incluye una garant\u00eda que a Pedro le vino maravillosamente: la de <strong>asistencia pedag\u00f3gica<\/strong>.<\/p>\n\n\n\n<div style=\"height:20px\" aria-hidden=\"true\" class=\"wp-block-spacer\"><\/div>\n\n\n\n<h3 class=\"wp-block-heading\"><strong>\u00bfPara qu\u00e9 sirve esta garant\u00eda?<\/strong><\/h3>\n\n\n\n<div style=\"height:20px\" aria-hidden=\"true\" class=\"wp-block-spacer\"><\/div>\n\n\n\n<p>Si os pregunt\u00e1is <strong>para qu\u00e9 sirve la garant\u00eda de asistencia pedag\u00f3gica<\/strong> incluida en algunos de los <strong>mejores seguros de decesos<\/strong>, como es el caso del nuestro, os lo contamos ahora mismo, mostr\u00e1ndoos de qu\u00e9 manera ayud\u00f3 a Pedro a no perder curso y a continuar su formaci\u00f3n acad\u00e9mica.<\/p>\n\n\n\n<p>Esta cobertura sirve para asegurar a la persona afectada -en este caso, el chaval protagonista- la prestaci\u00f3n de un servicio de asistencia pedag\u00f3gica en caso de una enfermedad o un accidente que le inmovilice en su domicilio durante m\u00e1s de 15 d\u00edas consecutivos.<\/p>\n\n\n\n<p>Despu\u00e9s de ese tiempo tras el accidente (y despu\u00e9s de que su familia hubiera puesto al corriente a la aseguradora de lo sucedido y realizado los tr\u00e1mites pertinentes), la compa\u00f1\u00eda de seguros envi\u00f3 durante un par de meses a un profesor particular al domicilio del chico, haci\u00e9ndose cargo adem\u00e1s de los gastos por los honorarios profesionales del maestro. Por su parte, \u00e9ste se dedic\u00f3 durante dos horas cada d\u00eda a impartir a domicilio las clases principales del curso, lo que sirvi\u00f3 para que el joven <em>no perdiera comba<\/em> y pudiera reincorporarse posteriormente a la escuela sin mayores problemas.<\/p>\n\n\n\n<div style=\"height:20px\" aria-hidden=\"true\" class=\"wp-block-spacer\"><\/div>\n\n\n\n<h3 class=\"wp-block-heading\"><strong>Tr\u00e1mites necesarios<\/strong><\/h3>\n\n\n\n<div style=\"height:20px\" aria-hidden=\"true\" class=\"wp-block-spacer\"><\/div>\n\n\n\n<p>Antes os contamos que la familia del chaval hab\u00eda realizado los tr\u00e1mites pertinentes. \u00bfEn qu\u00e9 consisten estos tr\u00e1mites? En primer lugar, en ponerse en contacto telef\u00f3nicamente con la compa\u00f1\u00eda de seguros para contar lo sucedido y solicitar el derecho a esta cobertura.<\/p>\n\n\n\n<p>Esta solicitud debe apoyarse en un certificado m\u00e9dico que demuestre que la persona no puede asistir a su centro escolar a causa de la enfermedad o lesi\u00f3n sufrida.<\/p>\n\n\n\n<p>Despu\u00e9s es el turno de la aseguradora, que est\u00e1 en su derecho de verificar el certificado para (en caso de que d\u00e9 su aprobaci\u00f3n a la concesi\u00f3n del derecho de la cobertura) realizar las gestiones necesarias de cara a que el profesor elegido pueda prestar el servicio lo antes que sea posible.<\/p>\n\n\n\n<div style=\"height:20px\" aria-hidden=\"true\" class=\"wp-block-spacer\"><\/div>\n\n\n\n<h3 class=\"wp-block-heading\"><strong>Exclusiones de esta cobertura<\/strong><\/h3>\n\n\n\n<div style=\"height:20px\" aria-hidden=\"true\" class=\"wp-block-spacer\"><\/div>\n\n\n\n<p>Como casi siempre, hay <strong>exclusiones <\/strong>en el caso de la cobertura de asistencia pedag\u00f3gica.&nbsp; No se contemplan los casos de enfermedades o accidentes que sucedieran antes de la fecha de alta de la garant\u00eda de asistencia familiar -es decir, las <strong>preexistencias<\/strong>-, as\u00ed como las enfermedades cong\u00e9nitas. Tampoco se cubrir\u00e1n los gastos que se hayan hecho a iniciativa propia del asegurado, sus familiares o representantes (como, por ejemplo, la contrataci\u00f3n de un profesor particular por su cuenta).<\/p>\n\n\n\n<p>Y, por \u00faltimo, si se detecta alg\u00fan tipo de <strong>fraude al seguro<\/strong> mediante cualquier enga\u00f1o, falsificaci\u00f3n o mentira por parte de la persona interesada o de sus allegados, como es totalmente l\u00f3gico, tampoco se conceder\u00e1 la cobertura. Y el infractor puede arriesgarse no s\u00f3lo a que la compa\u00f1\u00eda de <strong>seguros <\/strong>rescinda el contrato, sino a posibles sanciones econ\u00f3micas e incluso a que la aseguradora emprenda acciones legales contra \u00e9l.<\/p>\n","protected":false},"excerpt":{"rendered":"<p>Pedro era uno de estos adolescentes de los que sus padres pod\u00edan sentirse muy orgullosos. Buen chaval, gran estudiante y adem\u00e1s un estupendo jugador de baloncesto, compaginaba los estudios -reci\u00e9n empezado su \u00faltimo curso en la escuela secundaria- con el deporte, pues entrenaba y jugaba en el mejor equipo de categor\u00eda cadete de su ciudad.<span class=\"entry-more-link\"><a href=\"https:\/\/www.generali.es\/blog\/infosobreseguros\/asistencia-pedagogica-y-seguros-de-decesos\/#more-7992\"> Seguir leyendo<\/a><\/span><\/p>\n","protected":false},"author":12,"featured_media":7993,"comment_status":"closed","ping_status":"open","sticky":false,"template":"","format":"standard","meta":{"footnotes":""},"categories":[16],"tags":[],"acf":[],"_links":{"self":[{"href":"https:\/\/www.generali.es\/blog\/infosobreseguros\/wp-json\/wp\/v2\/posts\/7992"}],"collection":[{"href":"https:\/\/www.generali.es\/blog\/infosobreseguros\/wp-json\/wp\/v2\/posts"}],"about":[{"href":"https:\/\/www.generali.es\/blog\/infosobreseguros\/wp-json\/wp\/v2\/types\/post"}],"author":[{"embeddable":true,"href":"https:\/\/www.generali.es\/blog\/infosobreseguros\/wp-json\/wp\/v2\/users\/12"}],"replies":[{"embeddable":true,"href":"https:\/\/www.generali.es\/blog\/infosobreseguros\/wp-json\/wp\/v2\/comments?post=7992"}],"version-history":[{"count":6,"href":"https:\/\/www.generali.es\/blog\/infosobreseguros\/wp-json\/wp\/v2\/posts\/7992\/revisions"}],"predecessor-version":[{"id":8527,"href":"https:\/\/www.generali.es\/blog\/infosobreseguros\/wp-json\/wp\/v2\/posts\/7992\/revisions\/8527"}],"wp:featuredmedia":[{"embeddable":true,"href":"https:\/\/www.generali.es\/blog\/infosobreseguros\/wp-json\/wp\/v2\/media\/7993"}],"wp:attachment":[{"href":"https:\/\/www.generali.es\/blog\/infosobreseguros\/wp-json\/wp\/v2\/media?parent=7992"}],"wp:term":[{"taxonomy":"category","embeddable":true,"href":"https:\/\/www.generali.es\/blog\/infosobreseguros\/wp-json\/wp\/v2\/categories?post=7992"},{"taxonomy":"post_tag","embeddable":true,"href":"https:\/\/www.generali.es\/blog\/infosobreseguros\/wp-json\/wp\/v2\/tags?post=7992"}],"curies":[{"name":"wp","href":"https:\/\/api.w.org\/{rel}","templated":true}]}}