{"id":7657,"date":"2022-12-02T10:12:50","date_gmt":"2022-12-02T10:12:50","guid":{"rendered":"https:\/\/www.generali.es\/blog\/infosobreseguros\/?p=7657"},"modified":"2025-07-07T11:52:21","modified_gmt":"2025-07-07T11:52:21","slug":"cobertura-defensa-infracciones-administrativas-trafico","status":"publish","type":"post","link":"https:\/\/www.generali.es\/blog\/infosobreseguros\/cobertura-defensa-infracciones-administrativas-trafico\/","title":{"rendered":"Para qu\u00e9 sirve contratar la cobertura de defensa en infracciones administrativas de tr\u00e1fico"},"content":{"rendered":"\n<p>Muy lejos estamos de animaros a cometer infracciones al volante.<\/p>\n\n\n\n<p>Por supuesto, abogamos por la seguridad vial, la sensatez conduciendo y el cumplimiento de las normas de circulaci\u00f3n, m\u00e1s all\u00e1 de que algunas de \u00e9stas puedan parecernos m\u00e1s o menos efectivas o adecuadas, como a todo el mundo.<\/p>\n\n\n\n<p>Dicho esto, por supuesto que no est\u00e1 de m\u00e1s <strong>defender los derechos del asegurado en situaciones relativas a su actuaci\u00f3n como conductor<\/strong>. As\u00ed que hemos decidido dedicar nuestro post de hoy a una de las coberturas opcionales del seguro de coche.<\/p>\n\n\n\n<p>Porque puede sernos de utilidad <strong>en caso de que la administraci\u00f3n nos sancione<\/strong> tras alguna situaci\u00f3n de tr\u00e1fico, y queramos defender nuestro derecho de reclamaci\u00f3n por considerar la sanci\u00f3n <strong>improcedente, incorrecta o desproporcionada<\/strong>.<\/p>\n\n\n\n<p>Hablamos de la cobertura de <strong>defensa en infracciones administrativas de tr\u00e1fico<\/strong>, que a su vez forma parte de la gama de garant\u00edas que componen la cobertura ampliada de defensa jur\u00eddica y reclamaci\u00f3n de da\u00f1os en uno de los <a href=\"https:\/\/www.generali.es\/seguros-particulares\/seguros-para-coche\"><strong>mejores seguros de auto<\/strong><\/a>, como es el caso del de <strong>GENERALI<\/strong>.<\/p>\n\n\n\n<p>&nbsp;\u00bfEn qu\u00e9 consiste esta garant\u00eda?<\/p>\n\n\n\n<p>\u00bfC\u00f3mo se hace efectiva y en qu\u00e9 casos puede ser de ayuda al cliente?<\/p>\n\n\n\n<p>Seguid leyendo y lo conocer\u00e9is.<\/p>\n\n\n\n<h2 class=\"wp-block-heading\">La importancia de la defensa jur\u00eddica en el seguro de coche<\/h2>\n\n\n\n<p>Pero antes, empezamos destacando la importancia de una de las coberturas b\u00e1sicas del seguro de coche, la de <strong>defensa jur\u00eddica<\/strong> y <strong>reclamaci\u00f3n de da\u00f1os<\/strong>.<\/p>\n\n\n\n<p>Por un lado garantiza (dentro de los l\u00edmites que determinen tanto la ley como el contrato de seguro firmado) el <strong>pago de los gastos<\/strong> que precise la persona asegurada <strong>para su defensa y representaci\u00f3n en un procedimiento administrativo, judicial o arbitral a consecuencia de un accidente<\/strong> de circulaci\u00f3n en el que haya estado involucrado el veh\u00edculo asegurado.<\/p>\n\n\n\n<p>Por otra parte, cubre los gastos que deban realizar tanto la persona asegurada como el conductor autorizado y los ocupantes del veh\u00edculo para obtener el <strong>resarcimiento de los gastos, da\u00f1os y perjuicios<\/strong> que estos hayan sufrido por un accidente en el que su coche se haya visto inmerso.<\/p>\n\n\n\n<p>Adem\u00e1s, podr\u00eda proporcionarse la <strong>cobertura adicional del dep\u00f3sito de las fianzas penales<\/strong> que se exigieran en procedimientos de mayor gravedad, los que implicasen responsabilidad penal.<\/p>\n\n\n\n<h3 class=\"wp-block-heading\">Garant\u00edas de la cobertura ampliada de defensa jur\u00eddica y declaraci\u00f3n de da\u00f1os<\/h3>\n\n\n\n<p>Sin embargo, esta cobertura b\u00e1sica podr\u00eda ser ampliada de manera opcional por parte de la persona asegurada.<\/p>\n\n\n\n<p>De esta manera, podr\u00eda extenderse la garant\u00eda de <strong>reclamaci\u00f3n de da\u00f1os<\/strong>, e incluirse la de reclamaci\u00f3n por <strong>reparaciones defectuosas<\/strong>, disponer de <strong>asesoramiento y consulta jur\u00eddica telef\u00f3nica<\/strong> o de defensa en infracciones administrativas de tr\u00e1fico, cobertura que desgranamos <em>ipso facto<\/em>.<\/p>\n\n\n\n<p>\u00a1Vamos all\u00e1!<strong><\/strong><\/p>\n\n\n\n<h2 class=\"wp-block-heading\">Coberturas de la defensa en infracciones administrativas de tr\u00e1fico<\/h2>\n\n\n\n<h3 class=\"wp-block-heading\">\u00bfQu\u00e9 es y en qu\u00e9 consiste?<\/h3>\n\n\n\n<p>Mediante esta garant\u00eda, la compa\u00f1\u00eda aseguradora <strong>cubre la defensa frente a las sanciones que hayan sido impuestas al asegurado o al conductor<\/strong> autorizado del veh\u00edculo asegurado por causa de infracciones administrativas de tr\u00e1fico.<\/p>\n\n\n\n<p>Estas pueden ser s\u00f3lo de <strong>car\u00e1cter econ\u00f3mico (multas), suponer una p\u00e9rdida de puntos o incluso la retirada temporal del permiso<\/strong> y licencia de conducci\u00f3n.<\/p>\n\n\n\n<h3 class=\"wp-block-heading\">\u00bfDe qu\u00e9 se encarga?<\/h3>\n\n\n\n<p>La cobertura comprende la <strong>gesti\u00f3n y tramitaci\u00f3n de los pliegos<\/strong> de descargos de los recursos de orden exclusivamente administrativo contra sanciones por infracciones del c\u00f3digo de circulaci\u00f3n y otras disposiciones reguladoras de Tr\u00e1fico.<\/p>\n\n\n\n<p>Tambi\u00e9n se encarga de la <strong>tramitaci\u00f3n de la identificaci\u00f3n del conductor<\/strong> en los veh\u00edculos asegurados propiedad del cliente e incluso ofrece la posibilidad de utilizar, en condiciones especiales, los servicios de la red nacional de despachos de abogados concertados de la compa\u00f1\u00eda de seguros.<\/p>\n\n\n\n<p>Adem\u00e1s, mediante esta cobertura (y siempre con los l\u00edmites establecidos en el contrato de seguro) <strong>se garantiza el pago de los gastos derivados de la presentaci\u00f3n de los procedimientos contencioso administrativos<\/strong> necesarios para la defensa del permiso y licencia de conducci\u00f3n por puntos del asegurado o el conductor que haya sido autorizado.<\/p>\n\n\n\n<p>Tambi\u00e9n cubre los <strong>costes de los honorarios profesionales<\/strong> de abogados, procuradores y notariales en procedimientos judiciales para la defensa en la jurisdicci\u00f3n penal y los delitos o faltas sancionados con <a href=\"https:\/\/www.generali.es\/blog\/infosobreseguros\/cobertura-por-retirada-del-carnet-de-conducir\/\">retirada de permiso de conducci\u00f3n<\/a> o p\u00e9rdida de puntos.<\/p>\n\n\n\n<h3 class=\"wp-block-heading\">Costes de examen de reeducaci\u00f3n vial<\/h3>\n\n\n\n<p>La compa\u00f1\u00eda de seguros tambi\u00e9n puede hacerse cargo (dependiendo de cada caso particular) del <strong>pago de los costes y tasas de examen para la asistencia a los cursos de sensibilizaci\u00f3n y reeducaci\u00f3n vial<\/strong> para la recuperaci\u00f3n parcial de puntos o del permiso de conducci\u00f3n si \u00e9ste ha sido retirado por la p\u00e9rdida de todos los puntos.<\/p>\n\n\n\n<h3 class=\"wp-block-heading\">Fraccionar o aplazar la retirada del carnet<\/h3>\n\n\n\n<p>Por otro lado, el asegurador tambi\u00e9n puede responsabilizarse de realizar la <strong>solicitud de fraccionamiento o aplazamiento del periodo de suspensi\u00f3n<\/strong> ante la administraci\u00f3n p\u00fablica en caso de suspensi\u00f3n temporal del permiso o licencia de conducci\u00f3n del conductor autorizado del veh\u00edculo asegurado.<\/p>\n\n\n\n<p>A trav\u00e9s de esta garant\u00eda, la aseguradora tiene tambi\u00e9n la facultad de elaborar y <strong>presentar la solicitud a la DGT de una convocatoria de examen<\/strong> tras la asistencia del conductor autorizado del veh\u00edculo asegurado al curso de recuperaci\u00f3n del permiso o licencia de conducci\u00f3n por puntos.&nbsp;<\/p>\n\n\n\n<p>Adem\u00e1s, puede encargarse de gestionar la elaboraci\u00f3n y presentaci\u00f3n de escritos para la defensa frente a procedimientos administrativos sancionadores.<\/p>\n\n\n\n<p>Por \u00faltimo, un servicio m\u00e1s: la compa\u00f1\u00eda tambi\u00e9n puede ocuparse de la b\u00fasqueda (en los boletines oficiales que dispongan de la posibilidad de realizar consultas por medios inform\u00e1ticos) de los <strong>expedientes sancionadores que supongan p\u00e9rdida de puntos<\/strong> y que aparezcan publicados a nombre del conductor autorizado del veh\u00edculo asegurado para que puedan ser atendidos en tiempo y forma.<\/p>\n\n\n\n<h2 class=\"wp-block-heading\">Excepci\u00f3n: veh\u00edculos no autopropulsados<\/h2>\n\n\n\n<p>Por \u00faltimo, os informamos de que esta garant\u00eda de los <strong>seguros de auto de GENERALI<\/strong> no sirve para asegurar veh\u00edculos no autopropulsados -tipo remolque, semirremolque o <a href=\"https:\/\/www.generali.es\/blog\/infosobreseguros\/seguros-para-caravanas-y-autocaravanas\/\">caravana<\/a>&#8211; y que por tanto carecen de conductor propio. Tampoco en los seguros de veh\u00edculos que carecen de matr\u00edcula propia.<\/p>\n\n\n\n<p>Como ves, la cobertura de defensa en infracciones administrativas de tr\u00e1fico del seguro de coche puede ser muy \u00fatil en variedad de situaciones. Si te ha quedado alguna duda, d\u00e9jala en los comentarios y te ayudaremos a resolverla.<\/p>\n\n\n\n<script type=\"application\/ld+json\">{\"@context\":\"https:\/\/schema.org\",\"@type\":\"FAQPage\",\"mainEntity\":[{\"@type\":\"Question\",\"name\":\"\u00bfQu\u00e9 es y en qu\u00e9 consiste?\",\"acceptedAnswer\":{\"@type\":\"Answer\",\"text\":\"Mediante esta garant\u00eda, la compa\u00f1\u00eda aseguradora cubre la defensa frente a las sanciones que hayan sido impuestas al asegurado o al conductor autorizado del veh\u00edculo asegurado por causa de infracciones administrativas de tr\u00e1fico. \\n\\nEstas pueden ser s\u00f3lo de car\u00e1cter econ\u00f3mico (multas), suponer una p\u00e9rdida de puntos o incluso la retirada temporal del permiso y licencia de conducci\u00f3n.\"}},{\"@type\":\"Question\",\"name\":\"\u00bfDe qu\u00e9 se encarga?\",\"acceptedAnswer\":{\"@type\":\"Answer\",\"text\":\"La cobertura comprende la gesti\u00f3n y tramitaci\u00f3n de los pliegos de descargos de los recursos de orden exclusivamente administrativo contra sanciones por infracciones del c\u00f3digo de circulaci\u00f3n y otras disposiciones reguladoras de Tr\u00e1fico. \"}}]}<\/script>\n","protected":false},"excerpt":{"rendered":"<p>Muy lejos estamos de animaros a cometer infracciones al volante. Por supuesto, abogamos por la seguridad vial, la sensatez conduciendo y el cumplimiento de las normas de circulaci\u00f3n, m\u00e1s all\u00e1 de que algunas de \u00e9stas puedan parecernos m\u00e1s o menos efectivas o adecuadas, como a todo el mundo. Dicho esto, por supuesto que no est\u00e1<span class=\"entry-more-link\"><a href=\"https:\/\/www.generali.es\/blog\/infosobreseguros\/cobertura-defensa-infracciones-administrativas-trafico\/#more-7657\"> Seguir leyendo<\/a><\/span><\/p>\n","protected":false},"author":12,"featured_media":7658,"comment_status":"closed","ping_status":"open","sticky":false,"template":"","format":"standard","meta":{"footnotes":""},"categories":[14],"tags":[],"acf":[],"_links":{"self":[{"href":"https:\/\/www.generali.es\/blog\/infosobreseguros\/wp-json\/wp\/v2\/posts\/7657"}],"collection":[{"href":"https:\/\/www.generali.es\/blog\/infosobreseguros\/wp-json\/wp\/v2\/posts"}],"about":[{"href":"https:\/\/www.generali.es\/blog\/infosobreseguros\/wp-json\/wp\/v2\/types\/post"}],"author":[{"embeddable":true,"href":"https:\/\/www.generali.es\/blog\/infosobreseguros\/wp-json\/wp\/v2\/users\/12"}],"replies":[{"embeddable":true,"href":"https:\/\/www.generali.es\/blog\/infosobreseguros\/wp-json\/wp\/v2\/comments?post=7657"}],"version-history":[{"count":2,"href":"https:\/\/www.generali.es\/blog\/infosobreseguros\/wp-json\/wp\/v2\/posts\/7657\/revisions"}],"predecessor-version":[{"id":7682,"href":"https:\/\/www.generali.es\/blog\/infosobreseguros\/wp-json\/wp\/v2\/posts\/7657\/revisions\/7682"}],"wp:featuredmedia":[{"embeddable":true,"href":"https:\/\/www.generali.es\/blog\/infosobreseguros\/wp-json\/wp\/v2\/media\/7658"}],"wp:attachment":[{"href":"https:\/\/www.generali.es\/blog\/infosobreseguros\/wp-json\/wp\/v2\/media?parent=7657"}],"wp:term":[{"taxonomy":"category","embeddable":true,"href":"https:\/\/www.generali.es\/blog\/infosobreseguros\/wp-json\/wp\/v2\/categories?post=7657"},{"taxonomy":"post_tag","embeddable":true,"href":"https:\/\/www.generali.es\/blog\/infosobreseguros\/wp-json\/wp\/v2\/tags?post=7657"}],"curies":[{"name":"wp","href":"https:\/\/api.w.org\/{rel}","templated":true}]}}