{"id":7607,"date":"2022-12-27T08:13:45","date_gmt":"2022-12-27T08:13:45","guid":{"rendered":"https:\/\/www.generali.es\/blog\/infosobreseguros\/?p=7607"},"modified":"2026-01-29T10:28:10","modified_gmt":"2026-01-29T10:28:10","slug":"seguro-accidentes-complet-generali","status":"publish","type":"post","link":"https:\/\/www.generali.es\/blog\/infosobreseguros\/seguro-accidentes-complet-generali\/","title":{"rendered":"Seguro de accidentes Complet: el producto asegurador m\u00e1s completo de GENERALI"},"content":{"rendered":"\n<p>Ya sabemos <strong>para qu\u00e9 sirve un seguro de accidentes<\/strong>: dar respuesta a las necesidades que pueden surgir si se sufre un percance de gravedad, tanto en el aspecto econ\u00f3mico como en el asistencial.<\/p>\n\n\n\n<p>Pero esta vez nos centraremos en las <strong>caracter\u00edsticas del seguro <\/strong><strong>\u201cAccidentes Complet\u201d<\/strong><strong> <\/strong>de <strong>GENERALI<\/strong>. Para intuir la principal no hace falta tener demasiada imaginaci\u00f3n: es un producto asegurador muy completo, que dispone de una ampl\u00edsima gama de coberturas.<\/p>\n\n\n\n<p>\u00bf<strong>Cu\u00e1les son las coberturas de un seguro <\/strong><strong>como Accidentes Complet<\/strong>? Muchas, tanto en caso de <strong>fallecimiento<\/strong> como de <strong>invalidez permanente por accidente<\/strong>, adem\u00e1s de un gran n\u00famero de garant\u00edas que el cliente puede contratar de manera opcional: desde Cirug\u00eda Est\u00e9tica a Asistencia Personal o durante un viaje. Las repasamos aqu\u00ed:<\/p>\n\n\n\n<div style=\"height:20px\" aria-hidden=\"true\" class=\"wp-block-spacer\"><\/div>\n\n\n\n<h2 class=\"wp-block-heading\">Coberturas b\u00e1sicas del Seguro de Accidentes Complet<\/h2>\n\n\n\n<div style=\"height:20px\" aria-hidden=\"true\" class=\"wp-block-spacer\"><\/div>\n\n\n\n<p>Estas son las <strong>coberturas b\u00e1sicas del seguro \u201cAccidentes Complet\u201d <\/strong>de GENERALI:<\/p>\n\n\n\n<div style=\"height:20px\" aria-hidden=\"true\" class=\"wp-block-spacer\"><\/div>\n\n\n\n<h3 class=\"wp-block-heading\">Fallecimiento<\/h3>\n\n\n\n<div style=\"height:20px\" aria-hidden=\"true\" class=\"wp-block-spacer\"><\/div>\n\n\n\n<p>Mediante esta garant\u00eda se asegura el <strong>pago de un capital a los beneficiarios<\/strong> en caso de que la persona asegurada fallezca a causa de un accidente.<\/p>\n\n\n\n<p>Esta cobertura ofrece una <strong>prestaci\u00f3n al c\u00f3nyuge superviviente<\/strong>, quien queda asegurado por el mismo capital hasta el siguiente vencimiento anual del seguro. Si ambos c\u00f3nyuges mueren en el mismo accidente, se incrementa el importe de las prestaciones a los beneficiarios menores de 18 a\u00f1os que sean hijos de ambos o que est\u00e9n afectados por una invalidez absoluta y permanente para cualquier actividad profesional.<\/p>\n\n\n\n<p>Pero la cobertura de fallecimiento incluye muchos servicios m\u00e1s, como el de <strong>gestor\u00eda<\/strong>, que se ocupa de la realizaci\u00f3n de los tr\u00e1mites necesarios que el beneficiario tenga que efectuar; <strong>una prestaci\u00f3n adicional<\/strong> en caso de fallecimiento del asegurado a causa de una agresi\u00f3n por parte de terceros; o un <strong>anticipo<\/strong> para hacer frente a los gastos de sepelio.<\/p>\n\n\n\n<div style=\"height:20px\" aria-hidden=\"true\" class=\"wp-block-spacer\"><\/div>\n\n\n\n<h3 class=\"wp-block-heading\">Invalidez Permanente Parcial y Absoluta<\/h3>\n\n\n\n<div style=\"height:20px\" aria-hidden=\"true\" class=\"wp-block-spacer\"><\/div>\n\n\n\n<p>Principalmente garantiza el <strong>pago de un capital en caso de invalidez permanente absoluta o parcial de la persona asegurada<\/strong>. Facilita una prestaci\u00f3n al c\u00f3nyuge del afectado desde que se determina la invalidez de su pareja hasta el siguiente vencimiento del seguro. Si a consecuencia de un mismo Accidente se determinara la Invalidez Permanente en grado del 100% para el Asegurado y su c\u00f3nyuge, se incrementar\u00e1n en un 100% el importe de las prestaciones debidas siempre que existan hijos de ambos c\u00f3nyuges menores de 18 a\u00f1os o bien est\u00e9n afectados por una Invalidez Absoluta Permanente.<\/p>\n\n\n\n<p>Al igual que suced\u00eda en la garant\u00eda anterior, en esta se abarcan otros muchos servicios: <strong>prestaci\u00f3n extra<\/strong> en caso de que el asegurado quede inv\u00e1lido permanente a causa de una agresi\u00f3n por parte de terceros; <strong>abono de un capital para gastos de implantaci\u00f3n<\/strong> de ciertas pr\u00f3tesis ortop\u00e9dicas si se ha sufrido un accidente; o <strong>habilitaci\u00f3n tanto de la vivienda como del autom\u00f3vil <\/strong>del asegurado que ha quedado inv\u00e1lido.<\/p>\n\n\n\n<div style=\"height:20px\" aria-hidden=\"true\" class=\"wp-block-spacer\"><\/div>\n\n\n\n<h3 class=\"wp-block-heading\">Coberturas complementarias<\/h3>\n\n\n\n<div style=\"height:20px\" aria-hidden=\"true\" class=\"wp-block-spacer\"><\/div>\n\n\n\n<p>Si te preguntas <strong>cu\u00e1les son las coberturas complementarias de un seguro de accidentes<\/strong> como el nuestro, aqu\u00ed tienes las que ofrece la posibilidad de <a href=\"https:\/\/www.generali.es\/seguros-particulares\/accidentes-complet\">contratar <strong>GENERALI<\/strong>&nbsp;<strong>Accidentes Complet<\/strong><\/a>:<\/p>\n\n\n\n<div style=\"height:20px\" aria-hidden=\"true\" class=\"wp-block-spacer\"><\/div>\n\n\n\n<p><strong>Fallecimiento e invalidez permanente por infarto de miocardio o accidente cerebro-vascular<\/strong><\/p>\n\n\n\n<div style=\"height:20px\" aria-hidden=\"true\" class=\"wp-block-spacer\"><\/div>\n\n\n\n<p>Ambas afecciones quedan incluidas en la cobertura por parte del seguro como causa de fallecimiento o invalidez permanente absoluta.<\/p>\n\n\n\n<div style=\"height:20px\" aria-hidden=\"true\" class=\"wp-block-spacer\"><\/div>\n\n\n\n<p><strong>Ampliaci\u00f3n de la cobertura por Accidente de Circulaci\u00f3n<\/strong><\/p>\n\n\n\n<div style=\"height:20px\" aria-hidden=\"true\" class=\"wp-block-spacer\"><\/div>\n\n\n\n<p>Garantiza un capital adicional para el caso de fallecimiento o invalidez permanente absoluta por accidente de tr\u00e1fico.<\/p>\n\n\n\n<div style=\"height:20px\" aria-hidden=\"true\" class=\"wp-block-spacer\"><\/div>\n\n\n\n<p><strong>Capitales adicionales por Invalidez Permanente Absoluta<\/strong><\/p>\n\n\n\n<div style=\"height:20px\" aria-hidden=\"true\" class=\"wp-block-spacer\"><\/div>\n\n\n\n<p>Proporciona una indemnizaci\u00f3n de <strong>hasta un 400 % adicional<\/strong> al capital base de invalidez.<\/p>\n\n\n\n<div style=\"height:20px\" aria-hidden=\"true\" class=\"wp-block-spacer\"><\/div>\n\n\n\n<p><strong>Capital adicional en caso de Invalidez Permanente Total<\/strong><\/p>\n\n\n\n<div style=\"height:20px\" aria-hidden=\"true\" class=\"wp-block-spacer\"><\/div>\n\n\n\n<p>Asegura un capital adicional independiente al que corresponda seg\u00fan el baremo de invalideces parciales contemplado en el seguro en el caso de que se determine que el afectado tiene una invalidez permanente total, lo que le inhabilita totalmente para el desempe\u00f1o de su profesi\u00f3n.<strong><\/strong><\/p>\n\n\n\n<div style=\"height:20px\" aria-hidden=\"true\" class=\"wp-block-spacer\"><\/div>\n\n\n\n<p><strong>Gran Invalidez<\/strong><strong><\/strong><\/p>\n\n\n\n<div style=\"height:20px\" aria-hidden=\"true\" class=\"wp-block-spacer\"><\/div>\n\n\n\n<p>Mediante esta garant\u00eda se abona, en caso de gran invalidez por accidente, un <strong>capital adicional equivalente al 50 % del capital de invalidez <\/strong>permanente contratado.<\/p>\n\n\n\n<ul>\n<li><strong>Descubre<\/strong>: <a href=\"https:\/\/www.generali.es\/blog\/infosobreseguros\/coberturas-menos-conocidas-del-seguro-de-accidentes\/\">Las coberturas menos conocidas del seguro de accidentes<\/a><\/li>\n<\/ul>\n\n\n\n<div style=\"height:20px\" aria-hidden=\"true\" class=\"wp-block-spacer\"><\/div>\n\n\n\n<h3 class=\"wp-block-heading\">Coberturas opcionales<\/h3>\n\n\n\n<div style=\"height:20px\" aria-hidden=\"true\" class=\"wp-block-spacer\"><\/div>\n\n\n\n<p>Las <strong>coberturas opcionales del seguro \u201cAccidentes <\/strong><strong>Complet\u201d<\/strong> son numerosas. \u00a1Vamos con ellas!<\/p>\n\n\n\n<div style=\"height:20px\" aria-hidden=\"true\" class=\"wp-block-spacer\"><\/div>\n\n\n\n<h4 class=\"wp-block-heading\">Incapacidad Temporal<\/h4>\n\n\n\n<p>Esta garant\u00eda proporciona el pago de un <strong>capital diario<\/strong> en caso de que el asegurado no pueda ejercer su profesi\u00f3n temporalmente por causa de un accidente. Este puede recibir la indemnizaci\u00f3n desde el primer d\u00eda o establecer franquicias de 7, 14 \u00f3 30 d\u00edas. A m\u00e1s alta la franquicia, menor ser\u00e1 el precio de la prima.<\/p>\n\n\n\n<div style=\"height:20px\" aria-hidden=\"true\" class=\"wp-block-spacer\"><\/div>\n\n\n\n<h4 class=\"wp-block-heading\">Asistencia Sanitaria por Accidente<\/h4>\n\n\n\n<p>Esta cobertura garantiza al asegurado el <strong>pago <\/strong><strong>de los gastos de asistencia m\u00e9dica<\/strong>, <strong>farmac\u00e9utica, hospitalizaci\u00f3n, traslado, tratamientos y rehabilitaci\u00f3n<\/strong> que precise a consecuencia de un accidente. Adem\u00e1s, se cubren los gastos debidos a las primeras pr\u00f3tesis dentarias, aparatos ac\u00fasticos, ortop\u00e9dicos, gafas y lentes de contacto que sean indispensables tras un accidente cubierto por la p\u00f3liza.<\/p>\n\n\n\n<p>Hay <strong>dos modalidades<\/strong> de esta garant\u00eda: una ofrece la asistencia en <strong>centros m\u00e9dicos recomendados&nbsp;por GENERALI<\/strong> hasta una cuant\u00eda ilimitada; la otra la proporciona en <strong>centros elegidos libremente por el asegurado<\/strong>&nbsp;hasta la cuant\u00eda que se haya contratado (con un m\u00e1ximo de 12.000 euros).<\/p>\n\n\n\n<div style=\"height:20px\" aria-hidden=\"true\" class=\"wp-block-spacer\"><\/div>\n\n\n\n<h4 class=\"wp-block-heading\">Hospitalizaci\u00f3n Por Accidente o Enfermedad<\/h4>\n\n\n\n<p>Asegura el pago de un capital diario desde el primer d\u00eda para el caso de <strong>internamiento del asegurado en un hospital<\/strong> por causa de un accidente o enfermedad. La indemnizaci\u00f3n ser\u00e1 el doble de la contratada durante la estancia en UVI o UCI.<\/p>\n\n\n\n<div style=\"height:20px\" aria-hidden=\"true\" class=\"wp-block-spacer\"><\/div>\n\n\n\n<h4 class=\"wp-block-heading\">Cirug\u00eda Est\u00e9tica<\/h4>\n\n\n\n<p>Ofrece la cobertura de los gastos m\u00e9dicos, honorarios profesionales, estancia y manutenci\u00f3n originados por la cirug\u00eda est\u00e9tica para corregir la superficie corporal da\u00f1ada o deformada como consecuencia de un accidente.<\/p>\n\n\n\n<div style=\"height:20px\" aria-hidden=\"true\" class=\"wp-block-spacer\"><\/div>\n\n\n\n<h4 class=\"wp-block-heading\">Asistencia Personal<\/h4>\n\n\n\n<p>Si a consecuencia de un accidente ocurrido en Espa\u00f1a y cubierto por la p\u00f3liza la persona afectada debiera permanecer hospitalizada un m\u00ednimo de 24 horas se garantizan los siguientes gastos (en caso de que este fallezca o sufra alg\u00fan da\u00f1o cubierto en la p\u00f3liza): <strong>transporte o repatriaci\u00f3n del asegurado y familiares, estancia en el hospital u hotel del acompa\u00f1ante y salvamento<\/strong>.<\/p>\n\n\n\n<p>Adem\u00e1s, <strong>si el asegurado debe estar convaleciente tras el periodo de hospitalizaci\u00f3n, GENERALI se hace cargo de facilitar numerosos servicios<\/strong>: personal de limpieza y profesionales sanitarios a domicilio; cuidado de hijos menores de diez a\u00f1os, minusv\u00e1lidos o ascendientes mayores de 70 a\u00f1os con dependencia de la persona asegurada; farmacia de guardia; asesoramiento jur\u00eddico; e incluso asistencia veterinaria en caso de accidente del animal dom\u00e9stico de la familia.<\/p>\n\n\n\n<ul>\n<li><strong>Quiz\u00e1s te interese<\/strong>: <a href=\"https:\/\/www.generali.es\/blog\/infosobreseguros\/seguro-de-accidentes-para-jovenes\/\">Seguro de accidentes para j\u00f3venes<\/a><\/li>\n<\/ul>\n\n\n\n<div style=\"height:20px\" aria-hidden=\"true\" class=\"wp-block-spacer\"><\/div>\n\n\n\n<h4 class=\"wp-block-heading\">Asistencia En Viaje<\/h4>\n\n\n\n<p>Adem\u00e1s de las prestaciones incluidas en cuanto a la asistencia personal, <strong>en el extranjero se garantiza todo esto:<\/strong><\/p>\n\n\n\n<p>&#8211;<strong>Transporte o repatriaci\u00f3n sanitaria<\/strong> de heridos y enfermos, de la persona asegurada, de fallecidos y de los asegurados acompa\u00f1antes.<\/p>\n\n\n\n<p>&#8211; <strong>Regreso anticipado de la persona asegurada<\/strong> por fallecimiento de un familiar.<\/p>\n\n\n\n<p>&#8211; <strong>Gastos m\u00e9dicos, quir\u00fargicos, farmac\u00e9uticos<\/strong>, para tratamientos odontol\u00f3gicos de urgencia y de hospitalizaci\u00f3n, as\u00ed como los de prolongaci\u00f3n de estancia en un hotel.<\/p>\n\n\n\n<p>&#8211; <strong>B\u00fasqueda y transporte de equipajes y efectos personales<\/strong>.<\/p>\n\n\n\n<p>&#8211; <strong>Env\u00edo de medicamentos, documentos y objetos<\/strong> personales al extranjero, as\u00ed como transmisi\u00f3n de mensajes urgentes.<\/p>\n\n\n\n<p>&#8211; <strong>Servicios de informaci\u00f3n<\/strong> sobre salud, ocio o relacionados con el autom\u00f3vil, adem\u00e1s de <strong>servicios de asesoramiento jur\u00eddico y traducci\u00f3n<\/strong>.<\/p>\n\n\n\n<div style=\"height:20px\" aria-hidden=\"true\" class=\"wp-block-spacer\"><\/div>\n\n\n\n<h4 class=\"wp-block-heading\">Ayuda al pago de la cuota de aut\u00f3nomo<\/h4>\n\n\n\n<p>Garantiza al cliente el pago de una cantidad mensual para que pueda efectuar los pagos por ese concepto a la Seguridad Social.<strong><\/strong><\/p>\n\n\n\n<h2 class=\"wp-block-heading\">&nbsp;<\/h2>\n\n\n\n<h2 class=\"wp-block-heading\">Ventajas del seguro de Accidentes Complet<\/h2>\n\n\n\n<div style=\"height:20px\" aria-hidden=\"true\" class=\"wp-block-spacer\"><\/div>\n\n\n\n<p>Si te preguntas <strong>cu\u00e1les son las ventajas de contratar un seguro de accidentes<\/strong> como el nuestro, m\u00e1s all\u00e1 de las coberturas, son muchas: las numerosas garant\u00edas gratuitas, muchos beneficios fiscales, la opci\u00f3n de cobrar la indemnizaci\u00f3n por fallecimiento o invalidez en forma de renta, la flexibilidad en lo que respecta a garant\u00edas, capitales, modalidades o franquicias\u2026<\/p>\n\n\n\n<div style=\"height:20px\" aria-hidden=\"true\" class=\"wp-block-spacer\"><\/div>\n\n\n\n<h2 class=\"wp-block-heading\">Resolvemos tus dudas<\/h2>\n\n\n\n<div style=\"height:20px\" aria-hidden=\"true\" class=\"wp-block-spacer\"><\/div>\n\n\n\n<h3 class=\"wp-block-heading\">\u00bfQui\u00e9n puede asegurarse?<\/h3>\n\n\n\n<div style=\"height:20px\" aria-hidden=\"true\" class=\"wp-block-spacer\"><\/div>\n\n\n\n<p>Personas con edades <strong>hasta los 60 a\u00f1os<\/strong> en el momento de la contrataci\u00f3n, aunque la garant\u00eda de Fallecimiento no es contratable para menores de 14. El asegurado puede quedar cubierto por fallecimiento e invalidez permanente por accidente hasta los 70.<\/p>\n\n\n\n<div style=\"height:20px\" aria-hidden=\"true\" class=\"wp-block-spacer\"><\/div>\n\n\n\n<h3 class=\"wp-block-heading\">\u00bfPueden cobrarse las prestaciones en forma de renta?<\/h3>\n\n\n\n<div style=\"height:20px\" aria-hidden=\"true\" class=\"wp-block-spacer\"><\/div>\n\n\n\n<p>Las prestaciones de fallecimiento e invalidez permanente pueden ser cobradas en forma de capital o renta mensual una vez determinada la indemnizaci\u00f3n.<\/p>\n\n\n\n<div style=\"height:20px\" aria-hidden=\"true\" class=\"wp-block-spacer\"><\/div>\n\n\n\n<h3 class=\"wp-block-heading\">\u00bfQu\u00e9 tipos de cobertura ofrece \u201cAccidentes Complet\u201d?<\/h3>\n\n\n\n<div style=\"height:20px\" aria-hidden=\"true\" class=\"wp-block-spacer\"><\/div>\n\n\n\n<p>Puedes elegir entre dos clases de cobertura: 24 horas, que ampara al asegurado de manera continua, y profesional.<\/p>\n\n\n\n<div style=\"height:20px\" aria-hidden=\"true\" class=\"wp-block-spacer\"><\/div>\n\n\n\n<h3 class=\"wp-block-heading\">\u00bfC\u00f3mo evolucionan las primas?<\/h3>\n\n\n\n<div style=\"height:20px\" aria-hidden=\"true\" class=\"wp-block-spacer\"><\/div>\n\n\n\n<p>Los capitales contratados pueden quedar fijos durante la duraci\u00f3n del contrato o ir creciendo anualmente en funci\u00f3n de un porcentaje elegido por el asegurado. <a href=\"https:\/\/www.generali.es\/landings\/calculadora-seguro-accidentes.html\" target=\"_blank\" rel=\"noreferrer noopener\">Calculadora de prima de seguro de accidentes<\/a>.<\/p>\n\n\n\n<div style=\"height:20px\" aria-hidden=\"true\" class=\"wp-block-spacer\"><\/div>\n\n\n\n<h3 class=\"wp-block-heading\">\u00bfQu\u00e9 hacer en caso de accidente?<\/h3>\n\n\n\n<div style=\"height:20px\" aria-hidden=\"true\" class=\"wp-block-spacer\"><\/div>\n\n\n\n<p>Por \u00faltimo, \u00bf<strong>qu\u00e9 hacer en caso de accidente<\/strong> <strong>si se tiene un <a href=\"https:\/\/www.generali.es\/seguros-particulares\/accidentes\">seguro de accidentes<\/a><\/strong>? Comunicar a GENERALI la ocurrencia del mismo lo m\u00e1s r\u00e1pidamente posible y en todo caso dentro de un plazo m\u00e1ximo de siete d\u00edas.<\/p>\n","protected":false},"excerpt":{"rendered":"<p>Ya sabemos para qu\u00e9 sirve un seguro de accidentes: dar respuesta a las necesidades que pueden surgir si se sufre un percance de gravedad, tanto en el aspecto econ\u00f3mico como en el asistencial. Pero esta vez nos centraremos en las caracter\u00edsticas del seguro \u201cAccidentes Complet\u201d de GENERALI. Para intuir la principal no hace falta tener<span class=\"entry-more-link\"><a href=\"https:\/\/www.generali.es\/blog\/infosobreseguros\/seguro-accidentes-complet-generali\/#more-7607\"> Seguir leyendo<\/a><\/span><\/p>\n","protected":false},"author":12,"featured_media":7608,"comment_status":"closed","ping_status":"open","sticky":false,"template":"","format":"standard","meta":{"footnotes":""},"categories":[13],"tags":[],"acf":[],"_links":{"self":[{"href":"https:\/\/www.generali.es\/blog\/infosobreseguros\/wp-json\/wp\/v2\/posts\/7607"}],"collection":[{"href":"https:\/\/www.generali.es\/blog\/infosobreseguros\/wp-json\/wp\/v2\/posts"}],"about":[{"href":"https:\/\/www.generali.es\/blog\/infosobreseguros\/wp-json\/wp\/v2\/types\/post"}],"author":[{"embeddable":true,"href":"https:\/\/www.generali.es\/blog\/infosobreseguros\/wp-json\/wp\/v2\/users\/12"}],"replies":[{"embeddable":true,"href":"https:\/\/www.generali.es\/blog\/infosobreseguros\/wp-json\/wp\/v2\/comments?post=7607"}],"version-history":[{"count":6,"href":"https:\/\/www.generali.es\/blog\/infosobreseguros\/wp-json\/wp\/v2\/posts\/7607\/revisions"}],"predecessor-version":[{"id":9073,"href":"https:\/\/www.generali.es\/blog\/infosobreseguros\/wp-json\/wp\/v2\/posts\/7607\/revisions\/9073"}],"wp:featuredmedia":[{"embeddable":true,"href":"https:\/\/www.generali.es\/blog\/infosobreseguros\/wp-json\/wp\/v2\/media\/7608"}],"wp:attachment":[{"href":"https:\/\/www.generali.es\/blog\/infosobreseguros\/wp-json\/wp\/v2\/media?parent=7607"}],"wp:term":[{"taxonomy":"category","embeddable":true,"href":"https:\/\/www.generali.es\/blog\/infosobreseguros\/wp-json\/wp\/v2\/categories?post=7607"},{"taxonomy":"post_tag","embeddable":true,"href":"https:\/\/www.generali.es\/blog\/infosobreseguros\/wp-json\/wp\/v2\/tags?post=7607"}],"curies":[{"name":"wp","href":"https:\/\/api.w.org\/{rel}","templated":true}]}}