{"id":6994,"date":"2021-11-29T11:04:00","date_gmt":"2021-11-29T11:04:00","guid":{"rendered":"https:\/\/www.generali.es\/blog\/infosobreseguros\/?p=6994"},"modified":"2025-07-07T11:52:28","modified_gmt":"2025-07-07T11:52:28","slug":"pension-maxima-jubilacion","status":"publish","type":"post","link":"https:\/\/www.generali.es\/blog\/infosobreseguros\/pension-maxima-jubilacion\/","title":{"rendered":"\u00bfCu\u00e1l es la pensi\u00f3n m\u00e1xima de jubilaci\u00f3n para trabajadores y aut\u00f3nomos?"},"content":{"rendered":"\n<p>\u00bfQuieres saber cu\u00e1nto te quedar\u00e1 de pensi\u00f3n cuando te jubiles?<\/p>\n\n\n\n<p>En este post te explicamos <strong>c\u00f3mo se calcula la pensi\u00f3n m\u00e1xima para trabajadores y aut\u00f3nomos<\/strong>.<\/p>\n\n\n\n<p>Seguro que quieres saber m\u00e1s, as\u00ed que \u00a1sigue con nosotros!<\/p>\n\n\n\n<div style=\"height:24px\" aria-hidden=\"true\" class=\"wp-block-spacer\"><\/div>\n\n\n\n<h2 class=\"wp-block-heading\">\u00bfC\u00f3mo se calcula la pensi\u00f3n m\u00e1xima por jubilaci\u00f3n?<\/h2>\n\n\n\n<div style=\"height:24px\" aria-hidden=\"true\" class=\"wp-block-spacer\"><\/div>\n\n\n\n<p>En el momento presente, para calcular la cuant\u00eda de la pensi\u00f3n es necesario dividir las 288 bases de cotizaci\u00f3n de los \u00faltimos 24 a\u00f1os entre 336. Un c\u00e1lculo que cambiar\u00e1 muy pronto, pues <strong>a partir del 2022 se dividir\u00e1n las bases de cotizaci\u00f3n de los \u00faltimos 25 a\u00f1os entre 350<\/strong>.<\/p>\n\n\n\n<p>El resultado que salga de este c\u00e1lculo determinar\u00e1 la cuant\u00eda bruta de la pensi\u00f3n a percibir por el interesado.<strong><\/strong><\/p>\n\n\n\n<div style=\"height:24px\" aria-hidden=\"true\" class=\"wp-block-spacer\"><\/div>\n\n\n\n<h3 class=\"wp-block-heading\">La pensi\u00f3n m\u00e1xima de jubilaci\u00f3n para un trabajador en Espa\u00f1a<\/h3>\n\n\n\n<div style=\"height:24px\" aria-hidden=\"true\" class=\"wp-block-spacer\"><\/div>\n\n\n\n<p>En este a\u00f1o 2021 el m\u00e1ximo a cobrar por la pensi\u00f3n de jubilaci\u00f3n ha ascendido un poco, alcanzando los <strong>2.707,49 euros al mes<\/strong>. Todo esto sin perjuicio de las pagas extraordinarias que se reciban, puesto que la cuant\u00eda tambi\u00e9n entrar\u00e1 dentro de ese l\u00edmite.<\/p>\n\n\n\n<p><strong>Anualmente<\/strong>, la pensi\u00f3n m\u00e1xima de jubilaci\u00f3n permite un ingreso de <strong>37.904,86 euros<\/strong>, despu\u00e9s de haber sido revalorizada en un 0,9% (338,10 euros).<\/p>\n\n\n\n<div style=\"height:24px\" aria-hidden=\"true\" class=\"wp-block-spacer\"><\/div>\n\n\n\n<h3 class=\"wp-block-heading\">Cu\u00e1l es el m\u00e1ximo de jubilaci\u00f3n para un aut\u00f3nomo<\/h3>\n\n\n\n<div style=\"height:24px\" aria-hidden=\"true\" class=\"wp-block-spacer\"><\/div>\n\n\n\n<p>Diferente es el caso de los aut\u00f3nomos, cuyo baremo para calcular el importe de su pensi\u00f3n es la <strong>base de cotizaci\u00f3n<\/strong>, cuyo m\u00e1ximo se sit\u00faa en <strong>4.070,10 euros<\/strong> y cuyo m\u00ednimo est\u00e1 en 944,40.<\/p>\n\n\n\n<p>La pensi\u00f3n m\u00e1xima de jubilaci\u00f3n 2021, o dicho de otra manera, el tope que ahora mismo puede cobrar un trabajador aut\u00f3nomo a trav\u00e9s de su pensi\u00f3n de jubilaci\u00f3n est\u00e1 en <strong>2.683 euros al mes<\/strong>.<\/p>\n\n\n\n<p>Sin embargo, la <strong>reforma de pensiones<\/strong>, que se espera entre en vigor en 2022 tras su paso por las Cortes, establece una cotizaci\u00f3n intermedia por tramos para los aut\u00f3nomos, lo que cambiar\u00e1 las reglas del juego.<strong><\/strong><\/p>\n\n\n\n<div style=\"height:24px\" aria-hidden=\"true\" class=\"wp-block-spacer\"><\/div>\n\n\n\n<h3 class=\"wp-block-heading\">\u00bfQu\u00e9 cantidad m\u00ednima cobrar\u00e1 un aut\u00f3nomo?<\/h3>\n\n\n\n<div style=\"height:24px\" aria-hidden=\"true\" class=\"wp-block-spacer\"><\/div>\n\n\n\n<p>La <strong>pensi\u00f3n m\u00ednima de un aut\u00f3nomo<\/strong> queda a\u00fan bastante lejos de los 1.000 euros mensuales, situ\u00e1ndose en <strong>851,50 en 2021 y en 876,50 en 2022<\/strong>.<\/p>\n\n\n\n<p>Sin embargo, como apuntamos antes, estas cifras est\u00e1n sujetas a modificaci\u00f3n permanente, sobre todo teniendo en cuenta que seguramente se producir\u00e1 pronto un cambio en la legislaci\u00f3n y, en consecuencia, en la manera de calcular las pensiones de los trabajadores por cuenta propia.<\/p>\n\n\n\n<p>Hay que destacar que <strong>los aut\u00f3nomos pueden decidir cu\u00e1nto quieren cotizar a la seguridad social<\/strong>, pudiendo elegir entre el m\u00ednimo (944,40 euros mensuales) y el m\u00e1ximo (4.070,10). Eso s\u00ed, al alcanzar los 47 a\u00f1os el aut\u00f3nomo ya no puede elevar su base de cotizaci\u00f3n salvo en unas pocas excepciones.<\/p>\n\n\n\n<p>Pero\u2026 \u00bf<strong>cu\u00e1nto hay que cotizar para tener pensi\u00f3n<\/strong> en lo que respecta a este tipo de trabajadores? &nbsp;<\/p>\n\n\n\n<p>El periodo m\u00ednimo que se exige para que un aut\u00f3nomo pueda beneficiarse de la jubilaci\u00f3n es de <strong>20 a\u00f1os<\/strong>, tiempo que seguramente ascienda <strong>hasta los 25 a\u00f1os en 2025<\/strong>.<\/p>\n\n\n\n<p>Con ese m\u00ednimo cotizado \u00fanicamente se puede <strong>percibir el 50% de la base reguladora<\/strong>.<strong><\/strong><\/p>\n\n\n\n<div style=\"height:24px\" aria-hidden=\"true\" class=\"wp-block-spacer\"><\/div>\n\n\n\n<h3 class=\"wp-block-heading\">C\u00f3mo cobrar el m\u00e1ximo si soy aut\u00f3nomo<\/h3>\n\n\n\n<div style=\"height:24px\" aria-hidden=\"true\" class=\"wp-block-spacer\"><\/div>\n\n\n\n<p>En cuanto a <strong>cu\u00e1l es la pensi\u00f3n m\u00e1xima de un aut\u00f3nomo<\/strong>, se conseguir\u00e1 en funci\u00f3n de dos aspectos: que haya trabajado muchos a\u00f1os y con la base de cotizaci\u00f3n m\u00e1s alta -el m\u00e1ximo antes referido de 4.070,10 euros-.<\/p>\n\n\n\n<p>Para tener el 100% de la jubilaci\u00f3n hay que cotizar nada m\u00e1s y nada menos que durante <strong>36 a\u00f1os, que subir\u00e1n a 37 en el 2027<\/strong>.<\/p>\n\n\n\n<p>Otro matiz importante es el hecho de que <strong>la base de cotizaci\u00f3n<\/strong> no s\u00f3lo tiene una influencia directa en la cantidad de la pensi\u00f3n de jubilaci\u00f3n de un aut\u00f3nomo, sino tambi\u00e9n a la <strong>cuant\u00eda de las pensiones por invalidez o las bajas por enfermedad<\/strong>.<\/p>\n\n\n\n<div style=\"height:24px\" aria-hidden=\"true\" class=\"wp-block-spacer\"><\/div>\n\n\n\n<h2 class=\"wp-block-heading\">\u00bfQu\u00e9 es la jubilaci\u00f3n demorada y para qui\u00e9n sirve?<\/h2>\n\n\n\n<div style=\"height:24px\" aria-hidden=\"true\" class=\"wp-block-spacer\"><\/div>\n\n\n\n<p>B\u00e1sicamente, <strong>alargar la carrera profesional m\u00e1s all\u00e1 de la edad de retiro profesional<\/strong>.<\/p>\n\n\n\n<p>Acogerse a la jubilaci\u00f3n demorada supone <strong>una buena opci\u00f3n para aumentar la cuant\u00eda de la pensi\u00f3n y poder incrementarla en el tramo final de la carrera laboral<\/strong>.<\/p>\n\n\n\n<p>Sirve para otorgar aumentos a la base reguladora por cada a\u00f1o extra que se haya cotizado a partir de la edad ordinaria de jubilaci\u00f3n, que ahora se sit\u00faa en 65 a\u00f1os para quien haya cotizado 37 primaveras y tres meses, y en 66 a\u00f1os para el resto de trabajadores.<\/p>\n\n\n\n<p>Ahora mismo, el <strong>aumento a la base reguladora es de un 2% anual<\/strong> para trabajadores con menos de 25 a\u00f1os cotizados, de un 2,75% para los que hayan trabajado entre 25 y 37 a\u00f1os, y de un 4% para quienes superen los 37 a\u00f1os laborando.<\/p>\n\n\n\n<div style=\"height:24px\" aria-hidden=\"true\" class=\"wp-block-spacer\"><\/div>\n\n\n\n<h2 class=\"wp-block-heading\">C\u00f3mo te puede ayudar el plan de pensiones individual<\/h2>\n\n\n\n<div style=\"height:24px\" aria-hidden=\"true\" class=\"wp-block-spacer\"><\/div>\n\n\n\n<p>En l\u00edneas generales la pensi\u00f3n de los aut\u00f3nomos es reducida, pues su n\u00f3mina es de media hasta un 41% m\u00e1s reducida que las de los empleados por cuenta ajena. La mayor\u00eda de los trabajadores por cuenta propia cotiza a la seguridad social por la base m\u00ednima y eso se traslada a lo que cobra de pensi\u00f3n, muy lejos de la so\u00f1ada <strong>pensi\u00f3n m\u00e1xima<\/strong>.<\/p>\n\n\n\n<p>Una buena opci\u00f3n para no verse desprotegido econ\u00f3micamente a la que llegue la jubilaci\u00f3n puede ser la <a href=\"https:\/\/www.generali.es\/seguros-particulares\/planes-de-pensiones\">contrataci\u00f3n de un plan de pensiones individual<\/a>, que sirva como complemento a tus ingresos como extrabajador aut\u00f3nomo.<\/p>\n\n\n\n<p>\u00bfNo sabes cu\u00e1l ser\u00eda el adecuado para ti? Entonces consulta nuestro art\u00edculo sobre los <a href=\"https:\/\/www.generali.es\/blog\/infosobreseguros\/mejores-planes-pensiones\/\">mejores planes de pensiones<\/a> para salir de dudas.<\/p>\n","protected":false},"excerpt":{"rendered":"<p>\u00bfQuieres saber cu\u00e1nto te quedar\u00e1 de pensi\u00f3n cuando te jubiles? En este post te explicamos c\u00f3mo se calcula la pensi\u00f3n m\u00e1xima para trabajadores y aut\u00f3nomos. Seguro que quieres saber m\u00e1s, as\u00ed que \u00a1sigue con nosotros! \u00bfC\u00f3mo se calcula la pensi\u00f3n m\u00e1xima por jubilaci\u00f3n? En el momento presente, para calcular la cuant\u00eda de la pensi\u00f3n es<span class=\"entry-more-link\"><a href=\"https:\/\/www.generali.es\/blog\/infosobreseguros\/pension-maxima-jubilacion\/#more-6994\"> Seguir leyendo<\/a><\/span><\/p>\n","protected":false},"author":12,"featured_media":6997,"comment_status":"closed","ping_status":"open","sticky":false,"template":"","format":"standard","meta":{"footnotes":""},"categories":[17],"tags":[],"acf":[],"_links":{"self":[{"href":"https:\/\/www.generali.es\/blog\/infosobreseguros\/wp-json\/wp\/v2\/posts\/6994"}],"collection":[{"href":"https:\/\/www.generali.es\/blog\/infosobreseguros\/wp-json\/wp\/v2\/posts"}],"about":[{"href":"https:\/\/www.generali.es\/blog\/infosobreseguros\/wp-json\/wp\/v2\/types\/post"}],"author":[{"embeddable":true,"href":"https:\/\/www.generali.es\/blog\/infosobreseguros\/wp-json\/wp\/v2\/users\/12"}],"replies":[{"embeddable":true,"href":"https:\/\/www.generali.es\/blog\/infosobreseguros\/wp-json\/wp\/v2\/comments?post=6994"}],"version-history":[{"count":7,"href":"https:\/\/www.generali.es\/blog\/infosobreseguros\/wp-json\/wp\/v2\/posts\/6994\/revisions"}],"predecessor-version":[{"id":7229,"href":"https:\/\/www.generali.es\/blog\/infosobreseguros\/wp-json\/wp\/v2\/posts\/6994\/revisions\/7229"}],"wp:featuredmedia":[{"embeddable":true,"href":"https:\/\/www.generali.es\/blog\/infosobreseguros\/wp-json\/wp\/v2\/media\/6997"}],"wp:attachment":[{"href":"https:\/\/www.generali.es\/blog\/infosobreseguros\/wp-json\/wp\/v2\/media?parent=6994"}],"wp:term":[{"taxonomy":"category","embeddable":true,"href":"https:\/\/www.generali.es\/blog\/infosobreseguros\/wp-json\/wp\/v2\/categories?post=6994"},{"taxonomy":"post_tag","embeddable":true,"href":"https:\/\/www.generali.es\/blog\/infosobreseguros\/wp-json\/wp\/v2\/tags?post=6994"}],"curies":[{"name":"wp","href":"https:\/\/api.w.org\/{rel}","templated":true}]}}