{"id":6748,"date":"2022-05-27T15:27:00","date_gmt":"2022-05-27T15:27:00","guid":{"rendered":"https:\/\/www.generali.es\/blog\/infosobreseguros\/?p=6748"},"modified":"2025-07-07T11:52:26","modified_gmt":"2025-07-07T11:52:26","slug":"jubilacion-autonomos","status":"publish","type":"post","link":"https:\/\/www.generali.es\/blog\/infosobreseguros\/jubilacion-autonomos\/","title":{"rendered":"Todo lo que necesitas saber sobre la jubilaci\u00f3n para aut\u00f3nomos"},"content":{"rendered":"\n<div style=\"height:24px\" aria-hidden=\"true\" class=\"wp-block-spacer\"><\/div>\n\n\n\n<p><strong>Para poder acceder a la jubilaci\u00f3n anticipada de aut\u00f3nomos puedes hacerlo dos a\u00f1os antes de la edad legal para retirarte y con una serie de requisitos, que te detallamos en este post. Lee aqu\u00ed y conocer\u00e1s informaci\u00f3n fundamental acerca de la jubilaci\u00f3n anticipada para los profesionales por cuenta propia.<\/strong><\/p>\n\n\n\n<div style=\"height:24px\" aria-hidden=\"true\" class=\"wp-block-spacer\"><\/div>\n\n\n\n<h2 class=\"wp-block-heading\">Tipos de jubilaci\u00f3n anticipada<\/h2>\n\n\n\n<div style=\"height:24px\" aria-hidden=\"true\" class=\"wp-block-spacer\"><\/div>\n\n\n\n<p>Si eres un profesional por cuenta propia y est\u00e1s pensando en retirarte, debes saber que existen diversos tipos de jubilaci\u00f3n anticipada, que aqu\u00ed te detallamos:<\/p>\n\n\n\n<div style=\"height:24px\" aria-hidden=\"true\" class=\"wp-block-spacer\"><\/div>\n\n\n\n<h3 class=\"wp-block-heading\">La jubilaci\u00f3n anticipada de aut\u00f3nomos por cese de actividad<\/h3>\n\n\n\n<div style=\"height:24px\" aria-hidden=\"true\" class=\"wp-block-spacer\"><\/div>\n\n\n\n<p>En primer lugar, hay que se\u00f1alar que los aut\u00f3nomos, al contrario que los trabajadores por cuenta ajena, no tienen derecho a una jubilaci\u00f3n anticipada forzosa (la debida a despidos o casos similares) o por situaci\u00f3n de crisis. As\u00ed que la&nbsp;<strong>jubilaci\u00f3n anticipada de aut\u00f3nomos por cese de actividad<\/strong>&nbsp;no existe.<\/p>\n\n\n\n<div style=\"height:24px\" aria-hidden=\"true\" class=\"wp-block-spacer\"><\/div>\n\n\n\n<h3 class=\"wp-block-heading\">La jubilaci\u00f3n anticipada de aut\u00f3nomos por enfermedad<\/h3>\n\n\n\n<div style=\"height:24px\" aria-hidden=\"true\" class=\"wp-block-spacer\"><\/div>\n\n\n\n<p>Por contra, la <strong>jubilaci\u00f3n anticipada de aut\u00f3nomos por enfermedad<\/strong> est\u00e1 regulada por ley, aunque s\u00f3lo ampara a las personas que hayan sufrido enfermedades especialmente graves que dificulten seriamente su labor. Seg\u00fan la legislaci\u00f3n&nbsp;<em>los trabajadores que acrediten una discapacidad igual o superior al 45% pueden jubilarse de forma anticipada siempre que hayan cotizado al menos 15 a\u00f1os con esa discapacidad y tengan como m\u00ednimo 56 a\u00f1os. Si el grado llega o supera el 65%, la edad de jubilaci\u00f3n puede adelantarse hasta los 52. <\/em><em>As\u00ed que la <strong>jubilaci\u00f3n anticipada de aut\u00f3nomos por discapacidad<\/strong> tambi\u00e9n se concede en algunos casos.<\/em><\/p>\n\n\n\n<div style=\"height:24px\" aria-hidden=\"true\" class=\"wp-block-spacer\"><\/div>\n\n\n\n<h3 class=\"wp-block-heading\">La jubilaci\u00f3n de aut\u00f3nomos a los 55 a\u00f1os<\/h3>\n\n\n\n<div style=\"height:24px\" aria-hidden=\"true\" class=\"wp-block-spacer\"><\/div>\n\n\n\n<p>La ley no permite la <strong>jubilaci\u00f3n de aut\u00f3nomos a los 55 a\u00f1os<\/strong> pues no la concede hasta los 63, pero los que hayan cumplido 55 s\u00ed que pueden acceder al subsidio de mayores siempre que cumplan una serie de requisitos: estar inscritos en el desempleo desde que se agot\u00f3 la prestaci\u00f3n y no haber rechazado ofertas de empleo ni de formaci\u00f3n profesional; haber cotizado entre 90 y 359 d\u00edas por desempleo; y que el c\u00f3mputo de las rentas no haya superado en un 75% el salario m\u00ednimo interprofesional.<strong><\/strong><\/p>\n\n\n\n<div style=\"height:24px\" aria-hidden=\"true\" class=\"wp-block-spacer\"><\/div>\n\n\n\n<h3 class=\"wp-block-heading\">La jubilaci\u00f3n de aut\u00f3nomo a los 63 a\u00f1os<\/h3>\n\n\n\n<div style=\"height:24px\" aria-hidden=\"true\" class=\"wp-block-spacer\"><\/div>\n\n\n\n<p>La <strong>jubilaci\u00f3n de aut\u00f3nomo a los 63 a\u00f1os <\/strong>s\u00ed est\u00e1 permitida. Los profesionales por cuenta propia que as\u00ed lo deseen podr\u00e1n jubilarse anticipadamente a esa edad, aunque estar\u00e1n sujetos a varios requisitos, que veremos a continuaci\u00f3n.<strong><\/strong><\/p>\n\n\n\n<div style=\"height:24px\" aria-hidden=\"true\" class=\"wp-block-spacer\"><\/div>\n\n\n\n<h2 class=\"wp-block-heading\">Requisitos para solicitar la jubilaci\u00f3n anticipada del aut\u00f3nomo<\/h2>\n\n\n\n<div style=\"height:24px\" aria-hidden=\"true\" class=\"wp-block-spacer\"><\/div>\n\n\n\n<p>Uno de los principales requisitos es el referido a los a\u00f1os: hay que haber cumplido una edad que como <strong>m\u00e1ximo sea inferior en dos a\u00f1os a la edad de jubilaci\u00f3n<\/strong> que corresponda. Como ahora se sit\u00faa en los 65 a\u00f1os, los aut\u00f3nomos que deseen solicitar la jubilaci\u00f3n anticipada podr\u00e1n hacerlo a partir de que cumplan 63.<strong><\/strong><\/p>\n\n\n\n<div style=\"height:24px\" aria-hidden=\"true\" class=\"wp-block-spacer\"><\/div>\n\n\n\n<h3 class=\"wp-block-heading\">Cotizaci\u00f3n<\/h3>\n\n\n\n<div style=\"height:24px\" aria-hidden=\"true\" class=\"wp-block-spacer\"><\/div>\n\n\n\n<p>Los aut\u00f3nomos deber\u00e1n adem\u00e1s haber cotizado durante 35 a\u00f1os -y por lo menos dos de los \u00faltimos 15- y tendr\u00e1n una penalizaci\u00f3n m\u00e1xima del 8% anual, porcentaje que decrece progresivamente en caso de que se haya cotizado durante m\u00e1s tiempo. De cualquier manera, cobrar\u00e1n una prestaci\u00f3n menor que quienes se jubilen m\u00e1s adelante.<\/p>\n\n\n\n<p>Una vez acreditados estos requisitos <strong>la ley exige que el importe de la pensi\u00f3n a percibir resulte <\/strong><strong>superior a la cuant\u00eda de la pensi\u00f3n m\u00ednima<\/strong>&nbsp;que corresponder\u00eda al interesado por su situaci\u00f3n familiar&nbsp;<strong>al cumplir 65 a\u00f1os.<\/strong>&nbsp;Si no es as\u00ed no se podr\u00e1 acceder a esta f\u00f3rmula de jubilaci\u00f3n anticipada<strong><\/strong><\/p>\n\n\n\n<div style=\"height:24px\" aria-hidden=\"true\" class=\"wp-block-spacer\"><\/div>\n\n\n\n<h4 class=\"wp-block-heading\">\u00b7&nbsp;&nbsp;&nbsp;&nbsp; Te puede interesar: <a href=\"https:\/\/www.generali.es\/blog\/infosobreseguros\/pension-maxima-jubilacion\/\">\u00bfCu\u00e1l es la pensi\u00f3n m\u00e1xima de jubilaci\u00f3n para trabajadores y aut\u00f3nomos?<\/a><\/h4>\n\n\n\n<div style=\"height:24px\" aria-hidden=\"true\" class=\"wp-block-spacer\"><\/div>\n\n\n\n<h2 class=\"wp-block-heading\">Cuant\u00eda de la jubilaci\u00f3n anticipada del aut\u00f3nomo<\/h2>\n\n\n\n<div style=\"height:24px\" aria-hidden=\"true\" class=\"wp-block-spacer\"><\/div>\n\n\n\n<p>La cuant\u00eda de la <strong>jubilaci\u00f3n anticipada del aut\u00f3nomo<\/strong> depender\u00e1 de cada caso, aunque siempre con los mismos factores en juego: la base reguladora y los porcentajes aplicables a esta \u00faltima. La base reguladora determina la pensi\u00f3n que va a recibir el profesional durante el resto de su vida, y su manera de calcularla es dividiendo la base de cotizaci\u00f3n del aut\u00f3nomo durante un periodo de tiempo cotizado que cambia todos los a\u00f1os.<\/p>\n\n\n\n<p>Si el aut\u00f3nomo ha cumplido el periodo m\u00ednimo de cotizaci\u00f3n vigente, que ahora est\u00e1 en 36 a\u00f1os, cobrar\u00e1 toda su pensi\u00f3n; de no ser as\u00ed tendr\u00e1 que descontar de esta cantidad un determinado porcentaje, que se establecer\u00e1 en funci\u00f3n de los baremos que fije la legislaci\u00f3n. Unas cifras que var\u00edan a\u00f1o a a\u00f1o.<\/p>\n\n\n\n<div style=\"height:24px\" aria-hidden=\"true\" class=\"wp-block-spacer\"><\/div>\n\n\n\n<h2 class=\"wp-block-heading\">Procedimiento para solicitar la jubilaci\u00f3n anticipada del aut\u00f3nomo<\/h2>\n\n\n\n<div style=\"height:24px\" aria-hidden=\"true\" class=\"wp-block-spacer\"><\/div>\n\n\n\n<p>Vamos ahora con <strong>c\u00f3mo solicitar la jubilaci\u00f3n anticipada<\/strong>. Para ello hay que cumplimentar el modelo de solicitud, adem\u00e1s de presentar en cualquier centro de atenci\u00f3n e informaci\u00f3n de la seguridad social la siguiente documentaci\u00f3n personal: DNI, Libro de familia, afiliaci\u00f3n a la seguridad social y certificado de cotizaciones o justificante de pago de los \u00faltimos meses.<\/p>\n\n\n\n<p>Despu\u00e9s, la seguridad social ser\u00e1 quien valore la solicitud y reconozca o no el derecho a cobrar la pensi\u00f3n, algo que debe resolver en un m\u00e1ximo de 90 d\u00edas. Por su parte, el demandante deber\u00e1 cumplimentar la solicitud en los tres meses anteriores o posteriores al cese de actividad. Si se realiza antes del mismo se cobrar\u00e1 a partir del d\u00eda siguiente a la fecha de cese; si se hace despu\u00e9s, los efectos de cobro tendr\u00e1n car\u00e1cter retroactivo<\/p>\n\n\n\n<div style=\"height:24px\" aria-hidden=\"true\" class=\"wp-block-spacer\"><\/div>\n\n\n\n<h2 class=\"wp-block-heading\">\u00bfCompensa este tipo de jubilaci\u00f3n?<\/h2>\n\n\n\n<p>Depender\u00e1 de cada caso y del punto de vista personal. Adelantar la jubilaci\u00f3n supone cobrar antes por ese concepto y adem\u00e1s el trabajador aut\u00f3nomo puede ahorrarse las bases de cotizaci\u00f3n por ese periodo, pero por el contrario se obtendr\u00e1 una pensi\u00f3n menor que si se hubiese jubilado a la edad que le correspondiera. Por lo tanto, habr\u00e1 a quien le compense y a quien no, pero lo bueno es tener esa opci\u00f3n para decidir la mejor opci\u00f3n particular.<\/p>\n\n\n\n<p><\/p>\n","protected":false},"excerpt":{"rendered":"<p>Para poder acceder a la jubilaci\u00f3n anticipada de aut\u00f3nomos puedes hacerlo dos a\u00f1os antes de la edad legal para retirarte y con una serie de requisitos, que te detallamos en este post. Lee aqu\u00ed y conocer\u00e1s informaci\u00f3n fundamental acerca de la jubilaci\u00f3n anticipada para los profesionales por cuenta propia. Tipos de jubilaci\u00f3n anticipada Si eres<span class=\"entry-more-link\"><a href=\"https:\/\/www.generali.es\/blog\/infosobreseguros\/jubilacion-autonomos\/#more-6748\"> Seguir leyendo<\/a><\/span><\/p>\n","protected":false},"author":12,"featured_media":7193,"comment_status":"closed","ping_status":"closed","sticky":false,"template":"","format":"standard","meta":{"footnotes":""},"categories":[17],"tags":[],"acf":[],"_links":{"self":[{"href":"https:\/\/www.generali.es\/blog\/infosobreseguros\/wp-json\/wp\/v2\/posts\/6748"}],"collection":[{"href":"https:\/\/www.generali.es\/blog\/infosobreseguros\/wp-json\/wp\/v2\/posts"}],"about":[{"href":"https:\/\/www.generali.es\/blog\/infosobreseguros\/wp-json\/wp\/v2\/types\/post"}],"author":[{"embeddable":true,"href":"https:\/\/www.generali.es\/blog\/infosobreseguros\/wp-json\/wp\/v2\/users\/12"}],"replies":[{"embeddable":true,"href":"https:\/\/www.generali.es\/blog\/infosobreseguros\/wp-json\/wp\/v2\/comments?post=6748"}],"version-history":[{"count":4,"href":"https:\/\/www.generali.es\/blog\/infosobreseguros\/wp-json\/wp\/v2\/posts\/6748\/revisions"}],"predecessor-version":[{"id":7196,"href":"https:\/\/www.generali.es\/blog\/infosobreseguros\/wp-json\/wp\/v2\/posts\/6748\/revisions\/7196"}],"wp:featuredmedia":[{"embeddable":true,"href":"https:\/\/www.generali.es\/blog\/infosobreseguros\/wp-json\/wp\/v2\/media\/7193"}],"wp:attachment":[{"href":"https:\/\/www.generali.es\/blog\/infosobreseguros\/wp-json\/wp\/v2\/media?parent=6748"}],"wp:term":[{"taxonomy":"category","embeddable":true,"href":"https:\/\/www.generali.es\/blog\/infosobreseguros\/wp-json\/wp\/v2\/categories?post=6748"},{"taxonomy":"post_tag","embeddable":true,"href":"https:\/\/www.generali.es\/blog\/infosobreseguros\/wp-json\/wp\/v2\/tags?post=6748"}],"curies":[{"name":"wp","href":"https:\/\/api.w.org\/{rel}","templated":true}]}}