{"id":6428,"date":"2020-05-28T15:11:38","date_gmt":"2020-05-28T15:11:38","guid":{"rendered":"https:\/\/infosobreseguros.generali.es\/?p=6428"},"modified":"2025-07-07T11:52:41","modified_gmt":"2025-07-07T11:52:41","slug":"como-protegen-los-seguros-si-vamos-en-bicicleta","status":"publish","type":"post","link":"https:\/\/www.generali.es\/blog\/infosobreseguros\/como-protegen-los-seguros-si-vamos-en-bicicleta\/","title":{"rendered":"As\u00ed protegen los distintos tipos de seguros a la bicicleta, el transporte del futuro"},"content":{"rendered":"<p><span style=\"font-weight: 400;\">En este art\u00edculo vamos a hablar de <strong>c\u00f3mo nos protegen los distintos tipos de seguros si vamos en bicicleta.<\/strong>\u00a0<\/span><\/p>\n<p><span style=\"font-weight: 400;\">El nuevo escenario al que nos estamos acostumbrando a marchas forzadas supone una gran cantidad de modificaciones en nuestro modo de vida habitual. En muchos aspectos fundamentales -higiene, relaciones sociales, trabajo, realizaci\u00f3n de actividades cotidianas y responsabilidades, manera de disfrutar el tiempo de ocio\u2026-. Como son muchos aspectos, hemos decidido centrarnos en uno de estos \u00e1mbitos, un aspecto crucial que tambi\u00e9n est\u00e1 abocado a un importante cambio de escenario: el de la <\/span>movilidad<b>.<\/b><span style=\"font-weight: 400;\">\u00a0<\/span><\/p>\n<p><span style=\"font-weight: 400;\">En ese sentido nos encontramos ante un panorama complejo, marcado por la influencia de dos fuerzas poderosas: por un lado, la degradaci\u00f3n del <\/span><b>medio ambiente<\/b><span style=\"font-weight: 400;\"> en el planeta por la creciente contaminaci\u00f3n; por el otro, el impacto brutal del <\/span>coronavirus<span style=\"font-weight: 400;\"> en la salud humana a nivel mundial.\u00a0<\/span><\/p>\n<p><span style=\"font-weight: 400;\">Y ambos problemas presentan soluciones antag\u00f3nicas: el primero aconseja la prevalencia del uso del transporte p\u00fablico con el fin de minimizar la creciente contaminaci\u00f3n; el segundo sugiere el empleo del privado para evitar que el virus pueda propagarse con mayor virulencia y celeridad.\u00a0<\/span><\/p>\n<p><span style=\"font-weight: 400;\">Entonces, \u00bfqu\u00e9 hacemos? Siempre que nos sea posible, explorar la tercera v\u00eda, el uso de un transporte privado no contaminante. En ese sentido la <\/span><b>bicicleta<\/b><span style=\"font-weight: 400;\">, que lentamente iba haci\u00e9ndose con un hueco en las ciudades espa\u00f1olas en los \u00faltimos tiempos, puede convertirse en una gran soluci\u00f3n.\u00a0<\/span><\/p>\n<p><span style=\"font-weight: 400;\">De hecho, la bici cada vez gana un mayor protagonismo en la nueva movilidad, y numerosos datos lo demuestran: por ejemplo, durante el primer fin de semana de desconfinamiento la ocupaci\u00f3n del carril bici aument\u00f3 en un 300% en algunos municipios espa\u00f1oles; la b\u00fasqueda de bicicletas en <\/span>Google<span style=\"font-weight: 400;\"> en nuestro pa\u00eds se ha disparado un 138% desde el inicio del estado de alarma; los ayuntamientos optan cada vez m\u00e1s por construir m\u00e1s carriles espec\u00edficos para estos veh\u00edculos, instalar <\/span><i><span style=\"font-weight: 400;\">aparca bicis<\/span><\/i><span style=\"font-weight: 400;\"> e incluso ayudar a financiar la compra de bicicletas.\u00a0<\/span><\/p>\n<p><span style=\"font-weight: 400;\">Poco a poco vamos hacia un esperanzador escenario en el que cada vez m\u00e1s personas usan la bicicleta no s\u00f3lo para hacer deporte, sino incluso para ir a realizar gestiones, quedar con los amigos o acudir a trabajar.\u00a0<\/span><\/p>\n<p>&nbsp;<\/p>\n<h2>\u00bfCu\u00e1les son los riesgos de ir en bici?<\/h2>\n<p>&nbsp;<\/p>\n<p><span style=\"font-weight: 400;\">Sin embargo, este medio de transporte c\u00f3modo, pr\u00e1ctico, sano y ecol\u00f3gico (y \u00fatil en la estrategia anti Covid-19) tambi\u00e9n supone, como cualquier otro, verse expuesto a <strong>numerosos riesgos<\/strong>: desde poder sufrir un robo -debido a su ligereza y facilidad para el transporte es un <\/span>veh\u00edculo<span style=\"font-weight: 400;\">, pese al uso de un buen candado, bastante sencillo de robar- hasta caerse y tener una herida o lesi\u00f3n (por no ponerse en supuestos m\u00e1s graves), pasando por causar da\u00f1o involuntario a los dem\u00e1s, tanto a otras personas como a otros veh\u00edculos o mobiliario urbano. Y adem\u00e1s es probable que en algunas de estas situaciones necesitemos ayuda o asistencia de profesionales mec\u00e1nicos o de los servicios m\u00e9dicos, con el econ\u00f3mico que puede suponer.<\/span><\/p>\n<p>&nbsp;<\/p>\n<h2>La importancia de contar con un seguro que nos proteja cuando vamos en bicicleta<\/h2>\n<p>&nbsp;<\/p>\n<p><span style=\"font-weight: 400;\">Por eso resulta una decisi\u00f3n acertada la contrataci\u00f3n de un <\/span><b>s<\/b><strong>eguro<\/strong><span style=\"font-weight: 400;\"><strong> que integre coberturas que protejan a los due\u00f1os de bicicletas<\/strong>, garant\u00edas que el sector asegurador ha creado y perfeccionado en los \u00faltimos a\u00f1os seg\u00fan la bici ha ganado un mayor peso como medio de transporte habitual.\u00a0<\/span><\/p>\n<p><span style=\"font-weight: 400;\">Por ejemplo, los <a href=\"https:\/\/www.generali.es\/seguros-particulares\/hogar\">seguros de hogar m\u00e1s completos<\/a>, como el de GENERALI,\u00a0 incluye a las bicicletas como parte del contenido de la casa de su asegurado, cubriendo econ\u00f3micamente a su due\u00f1o en caso de que sufra un robo dentro de la vivienda o sus anexos. Adem\u00e1s, un producto de este ramo tambi\u00e9n cubre la <\/span><b>responsabilidad civil<\/b><span style=\"font-weight: 400;\"> por da\u00f1os a terceros que se hayan cometido como propietario o usuario de una bici.<\/span><\/p>\n<p><span style=\"font-weight: 400;\">Los <\/span><b>seguros de coche<\/b><span style=\"font-weight: 400;\"> tambi\u00e9n incluyen garant\u00edas a este respecto como extensi\u00f3n del seguro del autom\u00f3vil, ofreciendo <\/span><b>coberturas<\/b><span style=\"font-weight: 400;\"> como RC a terceros si hemos causado alg\u00fan da\u00f1o mientras montamos en bicicleta; defensa jur\u00eddica y reclamaci\u00f3n de da\u00f1os tras cualquier incidente del que hayamos sido parte como ciclistas; y accidentes corporales, si hemos sufrido alg\u00fan mal al manejarnos con la bici. El seguro de coche de GENERALI tambi\u00e9n lo incluye.<\/span><\/p>\n<p><span style=\"font-weight: 400;\">Adem\u00e1s, en los \u00faltimos tiempos incluso se han creado <\/span><b>productos espec\u00edficos para las bicis y patinetes el\u00e9ctricos<\/b><span style=\"font-weight: 400;\">, como el <a href=\"https:\/\/www.generali.es\/seguros-particulares\/patinete-electrico\">seguro Patinete &amp; Go de GENERALI<\/a>, seguros de RC que incluyen la cobertura de da\u00f1os personales y materiales causados involuntariamente a terceros y ayudan a prevenir los riesgos derivados de la conducci\u00f3n de estos veh\u00edculos en entornos urbanos. Algunos de estos seguros tienen adem\u00e1s la ventaja de abarcar, gracias a una sola p\u00f3liza, la protecci\u00f3n de todos los componentes de la familia como usuarios de la bicicleta.<\/span><\/p>\n<p>&nbsp;<\/p>\n<h2>Respetar la normativa y ser prudentes<\/h2>\n<p>&nbsp;<\/p>\n<p><span style=\"font-weight: 400;\">Pero no vale s\u00f3lo con la protecci\u00f3n del seguro, sino que debemos ser nosotros los que como ciclistas nos encarguemos de tomar las precauciones necesarias: circular por las v\u00edas habilitadas, respetar las <\/span><b>normas de circulaci\u00f3n<\/b><span style=\"font-weight: 400;\">, se\u00f1alizar adecuadamente los giros y movimientos que realicemos y, por supuesto, no circular bajo los efectos del alcohol o drogas. Adem\u00e1s, deberemos tener en cuenta la normativa espec\u00edfica sobre el uso de la bicicleta en ciudades y de cuidarnos de utilizar el <\/span><b>material <\/b><span style=\"font-weight: 400;\">necesario y<\/span> <span style=\"font-weight: 400;\">en condiciones como el imprescindible casco, el timbre y las luces de la bici. Un chaleco reflectante es tambi\u00e9n recomendable, especialmente si circulamos de noche.\u00a0<\/span><\/p>\n<p><span style=\"font-weight: 400;\">Lo principal, por tanto, es una buena pr\u00e1ctica y responsabilidad como ciclista, y si a eso se le integra la protecci\u00f3n adicional que ofrece un buen seguro, mejor que mejor.<\/span><\/p>\n","protected":false},"excerpt":{"rendered":"<p>En este art\u00edculo vamos a hablar de c\u00f3mo nos protegen los distintos tipos de seguros si vamos en bicicleta.\u00a0 El nuevo escenario al que nos estamos acostumbrando a marchas forzadas supone una gran cantidad de modificaciones en nuestro modo de vida habitual. En muchos aspectos fundamentales -higiene, relaciones sociales, trabajo, realizaci\u00f3n de actividades cotidianas y<span class=\"entry-more-link\"><a href=\"https:\/\/www.generali.es\/blog\/infosobreseguros\/como-protegen-los-seguros-si-vamos-en-bicicleta\/#more-6428\"> Seguir leyendo<\/a><\/span><\/p>\n","protected":false},"author":12,"featured_media":6429,"comment_status":"closed","ping_status":"closed","sticky":false,"template":"","format":"standard","meta":{"footnotes":""},"categories":[945],"tags":[],"acf":[],"_links":{"self":[{"href":"https:\/\/www.generali.es\/blog\/infosobreseguros\/wp-json\/wp\/v2\/posts\/6428"}],"collection":[{"href":"https:\/\/www.generali.es\/blog\/infosobreseguros\/wp-json\/wp\/v2\/posts"}],"about":[{"href":"https:\/\/www.generali.es\/blog\/infosobreseguros\/wp-json\/wp\/v2\/types\/post"}],"author":[{"embeddable":true,"href":"https:\/\/www.generali.es\/blog\/infosobreseguros\/wp-json\/wp\/v2\/users\/12"}],"replies":[{"embeddable":true,"href":"https:\/\/www.generali.es\/blog\/infosobreseguros\/wp-json\/wp\/v2\/comments?post=6428"}],"version-history":[{"count":1,"href":"https:\/\/www.generali.es\/blog\/infosobreseguros\/wp-json\/wp\/v2\/posts\/6428\/revisions"}],"predecessor-version":[{"id":8658,"href":"https:\/\/www.generali.es\/blog\/infosobreseguros\/wp-json\/wp\/v2\/posts\/6428\/revisions\/8658"}],"wp:featuredmedia":[{"embeddable":true,"href":"https:\/\/www.generali.es\/blog\/infosobreseguros\/wp-json\/wp\/v2\/media\/6429"}],"wp:attachment":[{"href":"https:\/\/www.generali.es\/blog\/infosobreseguros\/wp-json\/wp\/v2\/media?parent=6428"}],"wp:term":[{"taxonomy":"category","embeddable":true,"href":"https:\/\/www.generali.es\/blog\/infosobreseguros\/wp-json\/wp\/v2\/categories?post=6428"},{"taxonomy":"post_tag","embeddable":true,"href":"https:\/\/www.generali.es\/blog\/infosobreseguros\/wp-json\/wp\/v2\/tags?post=6428"}],"curies":[{"name":"wp","href":"https:\/\/api.w.org\/{rel}","templated":true}]}}