{"id":4768,"date":"2017-04-03T07:43:41","date_gmt":"2017-04-03T07:43:41","guid":{"rendered":"https:\/\/infosobreseguros.generali.es\/?p=4768"},"modified":"2025-07-07T11:53:11","modified_gmt":"2025-07-07T11:53:11","slug":"crece-el-numero-de-vehiculos-asegurados","status":"publish","type":"post","link":"https:\/\/www.generali.es\/blog\/infosobreseguros\/crece-el-numero-de-vehiculos-asegurados\/","title":{"rendered":"Crece el n\u00famero de veh\u00edculos asegurados"},"content":{"rendered":"<p>Al cierre del mes de febrero, en Espa\u00f1a hab\u00eda 29,9 millones de <strong>veh\u00edculos asegurados<\/strong>, lo que supone un 2,16% m\u00e1s que en el periodo anterior.<\/p>\n<p><!--more--><\/p>\n<p>El <a href=\"https:\/\/www.generali.es\/seguros-particulares\/seguro-de-coche\"><b>seguro de autos<\/b><\/a> creci\u00f3 un 2,18% en 2016. Al mismo tiempo el\u00a0<b>precio del seguro<\/b> para los m\u00e1s j\u00f3venes se redujo en un 0,6%. Los veh\u00edculos que circulan <b>sin seguro<\/b> est\u00e1n estimados en unos dos millones de unidades; entre los m\u00e1s de 29,9 millones de los veh\u00edculos que si est\u00e1n asegurados, <a href=\"https:\/\/www.generali.es\/seguros-particulares\/seguros-para-coche-terceros-ampliado\"><b>terceros ampliado<\/b><\/a> es la modalidad m\u00e1s contratada.<\/p>\n<p><img loading=\"lazy\" decoding=\"async\" class=\"alignnone wp-image-4769\" src=\"https:\/\/infosobreseguros.generali.es\/wp-content\/uploads\/2017\/03\/Seguro-de-autos_JPG.jpg\" alt=\"Crece el n\u00famero de veh\u00edculos asegurados\" width=\"669\" height=\"1291\" srcset=\"https:\/\/www.generali.es\/blog\/infosobreseguros\/wp-content\/uploads\/2017\/03\/Seguro-de-autos_JPG.jpg 1685w, https:\/\/www.generali.es\/blog\/infosobreseguros\/wp-content\/uploads\/2017\/03\/Seguro-de-autos_JPG-155x300.jpg 155w, https:\/\/www.generali.es\/blog\/infosobreseguros\/wp-content\/uploads\/2017\/03\/Seguro-de-autos_JPG-530x1024.jpg 530w, https:\/\/www.generali.es\/blog\/infosobreseguros\/wp-content\/uploads\/2017\/03\/Seguro-de-autos_JPG-482x930.jpg 482w\" sizes=\"(max-width: 669px) 100vw, 669px\" \/><\/p>\n","protected":false},"excerpt":{"rendered":"<p>Al cierre del mes de febrero, en Espa\u00f1a hab\u00eda 29,9 millones de veh\u00edculos asegurados, lo que supone un 2,16% m\u00e1s que en el periodo anterior.<\/p>\n","protected":false},"author":12,"featured_media":4771,"comment_status":"closed","ping_status":"closed","sticky":false,"template":"","format":"standard","meta":{"footnotes":""},"categories":[14],"tags":[],"acf":[],"_links":{"self":[{"href":"https:\/\/www.generali.es\/blog\/infosobreseguros\/wp-json\/wp\/v2\/posts\/4768"}],"collection":[{"href":"https:\/\/www.generali.es\/blog\/infosobreseguros\/wp-json\/wp\/v2\/posts"}],"about":[{"href":"https:\/\/www.generali.es\/blog\/infosobreseguros\/wp-json\/wp\/v2\/types\/post"}],"author":[{"embeddable":true,"href":"https:\/\/www.generali.es\/blog\/infosobreseguros\/wp-json\/wp\/v2\/users\/12"}],"replies":[{"embeddable":true,"href":"https:\/\/www.generali.es\/blog\/infosobreseguros\/wp-json\/wp\/v2\/comments?post=4768"}],"version-history":[{"count":1,"href":"https:\/\/www.generali.es\/blog\/infosobreseguros\/wp-json\/wp\/v2\/posts\/4768\/revisions"}],"predecessor-version":[{"id":7418,"href":"https:\/\/www.generali.es\/blog\/infosobreseguros\/wp-json\/wp\/v2\/posts\/4768\/revisions\/7418"}],"wp:featuredmedia":[{"embeddable":true,"href":"https:\/\/www.generali.es\/blog\/infosobreseguros\/wp-json\/wp\/v2\/media\/4771"}],"wp:attachment":[{"href":"https:\/\/www.generali.es\/blog\/infosobreseguros\/wp-json\/wp\/v2\/media?parent=4768"}],"wp:term":[{"taxonomy":"category","embeddable":true,"href":"https:\/\/www.generali.es\/blog\/infosobreseguros\/wp-json\/wp\/v2\/categories?post=4768"},{"taxonomy":"post_tag","embeddable":true,"href":"https:\/\/www.generali.es\/blog\/infosobreseguros\/wp-json\/wp\/v2\/tags?post=4768"}],"curies":[{"name":"wp","href":"https:\/\/api.w.org\/{rel}","templated":true}]}}