{"id":4261,"date":"2014-12-10T12:03:56","date_gmt":"2014-12-10T12:03:56","guid":{"rendered":"https:\/\/infosobreseguros.generali.es\/?p=4261"},"modified":"2025-07-07T11:53:43","modified_gmt":"2025-07-07T11:53:43","slug":"que-me-aporta-un-plan-de-pensiones","status":"publish","type":"post","link":"https:\/\/www.generali.es\/blog\/infosobreseguros\/que-me-aporta-un-plan-de-pensiones\/","title":{"rendered":"Plan de pensiones, \u00bfQu\u00e9 me aporta?"},"content":{"rendered":"<p>Contratar un <a href=\"https:\/\/www.generali.es\/seguros-particulares\/planes-de-pensiones\"><strong>plan de jubilaci\u00f3n<\/strong><\/a> supone pensar en realizar un ahorro a largo plazo. El objetivo de ello es complementar lo que en el futuro vayas a cobrar en el momento de tu jubilaci\u00f3n. Se trata de <strong>sumar y completar<\/strong> la pensi\u00f3n de jubilaci\u00f3n.<!--more Leer el art\u00edculo completo --><\/p>\n<p>En los \u00faltimos tiempos se ha hablado, y se est\u00e1 hablando, mucho de la jubilaci\u00f3n. La pregunta es si, a largo plazo, estar\u00e1 asegurada cuando te jubiles dentro de un tiempo. Se est\u00e1 hablado sobre el <strong>futuro de las pensiones<\/strong>.<\/p>\n<p>Es un futuro que nadie puede predecir, pero se torna incierto. A la <strong>crisis<\/strong> econ\u00f3mica que est\u00e1 viviendo Espa\u00f1a, se le suma el <strong>envejecimiento<\/strong> de la poblaci\u00f3n. Y aspectos negativos como la <strong>destrucci\u00f3n de puestos de trabajo<\/strong> junto a las pre-jubilaciones. Unos dejan de aportar al sistema de la Seguridad Social y los otros empiezan a depender antes de lo previsto del sistema, al que anteriormente aportaron.<\/p>\n<p>Seg\u00fan informaba el diario <a href=\"https:\/\/www.expansion.com\/2014\/05\/12\/economia\/1399923070.html\">Expansi\u00f3n<\/a> en su web, las estimaciones del Gobierno enviadas a la Comisi\u00f3n Europea calculan para 2017 la recuperaci\u00f3n, si para entonces el PIB (Producto Interior Bruto) llega al 3%. Las estimaciones del PIB para 2013 son negativas. Y se\u00f1alan que las cotizaciones sociales representan s\u00f3lo el 78% de los ingresos de la Seguridad Social. Mientras que el de pensiones p\u00fablicas supone el 10,7% del PIB.<\/p>\n<p>&nbsp;<\/p>\n<h2>Cosas a tener en cuenta del plan de pensiones<\/h2>\n<p><strong>Encarar el futuro<\/strong><\/p>\n<p>Los expertos cada vez m\u00e1s aconsejan empezar a pensar en un <strong>plan de jubilaci\u00f3n<\/strong>. Depender del Estado y de la salud de las arcas p\u00fablicas llevar\u00e1 asociado cada vez mayor incertidumbre.<\/p>\n<p>Adem\u00e1s, cada vez son m\u00e1s las voces que piden transparencia e informaci\u00f3n al ciudadano por parte de la Administraci\u00f3n p\u00fablica. El sector asegurador pide que se informe a los mayores de 50 a\u00f1os, futuros jubilados, sobre la pensi\u00f3n de jubilaci\u00f3n a percibir.<\/p>\n<p>Lo que en definitiva se pide es tener informaci\u00f3n sobre cu\u00e1l ser\u00eda la pensi\u00f3n que recibir\u00edas por parte del Estado en el momento de tu jubilaci\u00f3n. El objetivo es que puedas calcular cu\u00e1nto podr\u00edas o estar\u00edas dispuesto a aportar a un plan de pensiones privado para poder prever tu nivel de ingresos (y de vida) una vez te jubiles.<\/p>\n<p>&nbsp;<\/p>\n<p><strong>Mientras tanto<\/strong><\/p>\n<p>Mientras llega tu jubilaci\u00f3n, el hecho de tener uno o varios <strong>planes privados de jubilaci\u00f3n<\/strong> o <a href=\"https:\/\/www.generali.es\/seguros-particulares\/planes-de-pensiones\/generali-ppa\">Planes de Previsi\u00f3n Asegurados<\/a> (PPA) te permitir\u00e1 deducirte lo que has aportado a tu plan de jubilaci\u00f3n privado en tu declaraci\u00f3n de la renta. Seg\u00fan tus aportaciones y en funci\u00f3n de la edad hay unos varemos m\u00e1ximos.<\/p>\n<p>Lo importante es comenzar a cambiar la mentalidad. Valorar m\u00e1s lo que puede ofrecernos tener contratado un <strong>Plan de pensiones<\/strong>. Al margen de ventajas fiscales que cambian cada cierto tiempo, lo que te aporta es tranquilidad.<\/p>\n<p>Encontrar el plan que m\u00e1s te convenga o diversificar en distintos tipos <strong>de planes de jubilaci\u00f3n<\/strong>. Al final de lo que se trata es de sumar para el futuro. Asegurarte una parte de tu jubilaci\u00f3n.<\/p>\n","protected":false},"excerpt":{"rendered":"<p>Contratar un plan de jubilaci\u00f3n supone pensar en realizar un ahorro a largo plazo. El objetivo de ello es complementar lo que en el futuro vayas a cobrar en el momento de tu jubilaci\u00f3n. Se trata de sumar y completar la pensi\u00f3n de jubilaci\u00f3n.<\/p>\n","protected":false},"author":12,"featured_media":4290,"comment_status":"closed","ping_status":"open","sticky":false,"template":"","format":"standard","meta":{"footnotes":""},"categories":[17],"tags":[],"acf":[],"_links":{"self":[{"href":"https:\/\/www.generali.es\/blog\/infosobreseguros\/wp-json\/wp\/v2\/posts\/4261"}],"collection":[{"href":"https:\/\/www.generali.es\/blog\/infosobreseguros\/wp-json\/wp\/v2\/posts"}],"about":[{"href":"https:\/\/www.generali.es\/blog\/infosobreseguros\/wp-json\/wp\/v2\/types\/post"}],"author":[{"embeddable":true,"href":"https:\/\/www.generali.es\/blog\/infosobreseguros\/wp-json\/wp\/v2\/users\/12"}],"replies":[{"embeddable":true,"href":"https:\/\/www.generali.es\/blog\/infosobreseguros\/wp-json\/wp\/v2\/comments?post=4261"}],"version-history":[{"count":1,"href":"https:\/\/www.generali.es\/blog\/infosobreseguros\/wp-json\/wp\/v2\/posts\/4261\/revisions"}],"predecessor-version":[{"id":8748,"href":"https:\/\/www.generali.es\/blog\/infosobreseguros\/wp-json\/wp\/v2\/posts\/4261\/revisions\/8748"}],"wp:featuredmedia":[{"embeddable":true,"href":"https:\/\/www.generali.es\/blog\/infosobreseguros\/wp-json\/wp\/v2\/media\/4290"}],"wp:attachment":[{"href":"https:\/\/www.generali.es\/blog\/infosobreseguros\/wp-json\/wp\/v2\/media?parent=4261"}],"wp:term":[{"taxonomy":"category","embeddable":true,"href":"https:\/\/www.generali.es\/blog\/infosobreseguros\/wp-json\/wp\/v2\/categories?post=4261"},{"taxonomy":"post_tag","embeddable":true,"href":"https:\/\/www.generali.es\/blog\/infosobreseguros\/wp-json\/wp\/v2\/tags?post=4261"}],"curies":[{"name":"wp","href":"https:\/\/api.w.org\/{rel}","templated":true}]}}