{"id":8456,"date":"2025-07-21T18:59:00","date_gmt":"2025-07-21T16:59:00","guid":{"rendered":"https:\/\/www.generali.es\/blog\/generalimasqueseguros\/?p=8456"},"modified":"2025-07-21T18:59:01","modified_gmt":"2025-07-21T16:59:01","slug":"fp-con-mas-salidas-formacion-profesional","status":"publish","type":"post","link":"https:\/\/www.generali.es\/blog\/generalimasqueseguros\/fp-con-mas-salidas-formacion-profesional\/","title":{"rendered":"Estudios de Formaci\u00f3n Profesional (FP) con m\u00e1s salidas"},"content":{"rendered":"<p>Los estudios de formaci\u00f3n profesional (FP) en Espa\u00f1a se est\u00e1n convirtiendo en un gran atractivo para las empresas. La especializaci\u00f3n en la materia que ofrecen y una duraci\u00f3n del curso acad\u00e9mico m\u00e1s corta que los grados universitarios facilitan las salidas laborales. \u00bfEst\u00e1s considerando matricularte? Estos son los <strong>Grados Medios y Grados Superiores de FP con m\u00e1s salidas<\/strong>.<\/p>\n<h2><strong>Ventajas de la Formaci\u00f3n Profesional<\/strong><\/h2>\n<p>Seg\u00fan el informe \u201c<a href=\"https:\/\/www.randstadresearch.es\/formacion-profesional-y-empleabilidad\/\" rel=\"noopener\" target=\"_blank\" title=\"Formaci\u00f3n Profesional y Empleabilidad\"><em>Formaci\u00f3n Profesional y Empleabilidad<\/em><\/a>\u201d de la consultora de Recursos Humanos Randstad, la <strong>tasa de empleabilidad de las FP ha alcanzado el 73%<\/strong> en Espa\u00f1a. Esto significa que casi 3 de cada 4 alumnos que cursan una formaci\u00f3n profesional logran encontrar trabajo.<\/p>\n<p>Los sectores donde existe una mayor demanda de perfiles con formaci\u00f3n profesional son aquellos que ofrecen <strong>servicios a empresas<\/strong> (por ejemplo, la administraci\u00f3n o la atenci\u00f3n al cliente), as\u00ed como las <strong>actividades sanitarias<\/strong>.<\/p>\n<p>El sector de los <strong>servicios socioculturales <\/strong>y <strong>servicios prestados a la comunidad<\/strong> (como la integraci\u00f3n social o la educaci\u00f3n) tambi\u00e9n ha visto un incremento en las salidas que ofrecen al mercado.<\/p>\n<h2><strong>FP con m\u00e1s salidas (Grado Medio)<\/strong><\/h2>\n<p>El ciclo formativo de Grado Medio permite la obtenci\u00f3n de una titulaci\u00f3n como \u201c<strong>T\u00e9cnico<\/strong>\u201d. Los requisitos para acceder a una FP de Grado Medio es haber <strong>finalizado los estudios de ESO<\/strong>. Adem\u00e1s, esta titulaci\u00f3n permite el acceso posterior a una formaci\u00f3n de Grado Superior.<\/p>\n<p>Estas son las FP de Grado Medio con m\u00e1s salidas:<\/p>\n<h3>1. Gesti\u00f3n Administrativa<\/h3>\n<p>En el a\u00f1o 2024 en Espa\u00f1a se firmaron casi 125.000 nuevos contratos para t\u00e9cnicos titulados en administraci\u00f3n. Gesti\u00f3n Administrativa es, de hecho, el <strong>Grado Medio con una mayor tasa de empleabilidad<\/strong>.<\/p>\n<p>Entre las principales funciones que tiene esta formaci\u00f3n profesional destaca la <strong>tramitaci\u00f3n de n\u00f3minas, facturas o documentos<\/strong>. El mercado tambi\u00e9n demanda perfiles capaces de realizar un <strong>seguimiento de pedidos<\/strong>, reclamaciones y especialistas en <strong>gestiones postventa<\/strong>.<\/p>\n<p><strong>\u25b7<\/strong><strong> \u00bfLo sab\u00edas? <\/strong>Las <a href=\"https:\/\/www.generali.es\/blog\/generalimasqueseguros\/carreras-universitarias-populares\/\" rel=\"noopener\" target=\"_blank\" title=\"carreras universitarias con m\u00e1s salidas\">carreras universitarias con m\u00e1s salidas<\/a> en Espa\u00f1a<\/p>\n<h3>2. Cuidados Auxiliares en Enfermer\u00eda<\/h3>\n<p>El sector sanitario ha visto incrementadas sus necesidades de contrataci\u00f3n de t\u00e9cnicos especializados. Seg\u00fan datos del SEPE, en 2024 se firmaron m\u00e1s de 100.000 contratos con T\u00e9cnicos en Cuidados Auxiliares en Enfermer\u00eda.<\/p>\n<p>Las principales labores de estos perfiles son los cuidados b\u00e1sicos a pacientes con necesidades de higiene, movilidad o alimentaci\u00f3n. Muchas empresas contratan a estos perfiles para <strong>preparar las habitaciones de centros m\u00e9dicos<\/strong> acorde a las necesidades de cada paciente.<\/p>\n<h3>3. Atenci\u00f3n a Personas con Dependencia<\/h3>\n<p>Si cuentas con una vocaci\u00f3n en la ayuda a personas en situaci\u00f3n de dependencia, debes saber que esta FP es una de las que m\u00e1s salidas ofrece. En concreto se han registrado en 2024 casi 25.000 nuevas contrataciones.<\/p>\n<p>A estos titulados se les incorpora a las plantillas para colaborar en las <strong>tareas que mejoran la calidad de vida<\/strong> de personas con necesidades especiales. Adem\u00e1s, son especialistas en adaptar planes individuales seg\u00fan las condiciones de cada paciente.<\/p>\n<h3>4. Est\u00e9tica y Belleza<\/h3>\n<p>El sector de la est\u00e9tica est\u00e1 en auge. Y esto se traduce necesariamente en una mayor demanda en el mercado laboral. M\u00e1s de 23.000 t\u00e9cnicos especialistas en Peluquer\u00eda y Cosm\u00e9tica consiguieron trabajo durante el 2024.<\/p>\n<p>Ahora bien, ya no solo se buscan perfiles especialistas en peluquer\u00eda. Servicios como los <strong>tratamientos capilares<\/strong>, <strong>maquillaje<\/strong>, <strong>cuidado de u\u00f1as o la piel<\/strong> tambi\u00e9n forman parte de las posibles salidas en el mercado laboral.<\/p>\n<h3>5. Grado medio en actividades comerciales<\/h3>\n<p>El sector terciario tambi\u00e9n est\u00e1 activamente en b\u00fasqueda de nuestros t\u00e9cnicos en Actividades Comerciales. En el 2024 se incorporaron m\u00e1s de 20.000 nuevos perfiles al mercado laboral. Esta titulaci\u00f3n es la quinta FP con m\u00e1s salidas.<\/p>\n<p>Entre las principales tareas que desempe\u00f1an estos perfiles se encuentra la <strong>venta y distribuci\u00f3n de productos<\/strong>, la <strong>atenci\u00f3n al cliente<\/strong>, los procesos de fidelizaci\u00f3n y el desarrollo de <strong>nuevas oportunidades de negocio<\/strong>.<\/p>\n<p><strong>\u25b7<\/strong><strong> Tips \u00fatiles: <\/strong>5 consejos para <a href=\"https:\/\/www.generali.es\/blog\/generalimasqueseguros\/aprender-nuevo-idioma-proposito\/\" rel=\"noopener\" target=\"_blank\" title=\"aprender un nuevo idioma\">aprender un nuevo idioma<\/a><\/p>\n<h2><strong>FP con m\u00e1s salidas (Grado Superior)<\/strong><\/h2>\n<p>\u00bfY qu\u00e9 ocurre con los Grados Superiores? A diferencia de las anteriores, esta titulaci\u00f3n exige contar con el Bachillerato o una titulaci\u00f3n de grado medio. Adem\u00e1s, concede el estatus laboral de \u201c<strong>T\u00e9cnico Superior<\/strong>\u201d, con una mayor cualificaci\u00f3n y rangos salariales.<\/p>\n<p>Estos son los Grados Superiores de FPs con m\u00e1s salidas en Espa\u00f1a.<\/p>\n<h3>1. Grado Superior en Administraci\u00f3n y Finanzas<\/h3>\n<p>La incorporaci\u00f3n por parte de las empresas de perfiles <strong>expertos en contabilidad<\/strong>, <strong>gestores administrativos<\/strong> y <strong>analistas financieros<\/strong> se incrementa. Existe demanda tanto en el sector p\u00fablico como privado.<\/p>\n<h3>2. Grado Superior en Obra Civil<\/h3>\n<p>Estos estudios son perfectos para perfiles con una gran capacidad anal\u00edtica. Entre las salidas m\u00e1s habituales del mercado se encuentra la participaci\u00f3n en proyectos de ingenier\u00eda para el desarrollo de obras civiles como puentes, carreteras o rotondas.<\/p>\n<p><strong>\u25b7<\/strong><strong> \u00datil para ti:<\/strong> <a href=\"https:\/\/www.generali.es\/blog\/generalimasqueseguros\/estudiar-fuera-extranjero-ayudas-becas\/\" rel=\"noopener\" target=\"_blank\" title=\"\u00bfEstudiar en el extranjero?\">\u00bfEstudiar en el extranjero?<\/a> Estas son las ayudas que existen<\/p>\n<h3>3. Grado Superior en Desarrollo de Aplicaciones Web<\/h3>\n<p>Cada vez m\u00e1s empresas buscan digitalizar sus procesos y aplicaciones. Es por ello que actualmente existe casi plena empleabilidad para los <strong>programadores<\/strong> y <strong>desarrolladores <em>front<\/em> y <em>back-end<\/em><\/strong>. Por este motivo este grado superior es de las FP con m\u00e1s salidas en la actualidad.<\/p>\n<p>\u2705 <strong>Recuerda<\/strong>: este sector est\u00e1 en auge. Se espera que la empleabilidad de este tipo de t\u00e9cnicos superiores no pare de crecer. Sin duda, es una de las opciones que debes considerar si te apasiona el mundo de la inform\u00e1tica.<\/p>\n<h3>4. Grado Superior en Desarrollo de aplicaciones multiplataforma<\/h3>\n<p>De la misma forma, el sector de las apps m\u00f3viles tampoco se detiene. Al contrario, cada vez son necesarios m\u00e1s expertos en el<strong> desarrollo de aplicaciones multiplataforma<\/strong>. Esta FP te dotar\u00e1 de los conocimientos suficientes para encarar un proyecto de estas caracter\u00edsticas.<\/p>\n<h3>5. Grado Superior en Marketing y Publicidad<\/h3>\n<p>A las titulaciones universitarias les ha salido un gran competidor: el Grado Superior en M\u00e1rketing y Publicidad. Cada vez m\u00e1s empresas ven en estos perfiles un mayor valor por el grado de especializaci\u00f3n que tiene el contenido de la formaci\u00f3n.<\/p>\n<p>Destacan funciones tales como <strong>Community Manager<\/strong>, <strong>analista de datos <\/strong>orientados al m\u00e1rketing o <strong>creadores de contenido<\/strong>. Es una de las FP con m\u00e1s salidas dentro de los Grados Superiores.<\/p>\n<p><strong>\u25b7<\/strong><strong> Te interesa: <\/strong>Consejos para <a href=\"https:\/\/www.generali.es\/blog\/generalimasqueseguros\/redactar-curriculum-vitae-perfecto-consejos\/\" rel=\"noopener\" target=\"_blank\" title=\"redactar tu curr\u00edculum vitae\">redactar tu <em>curr\u00edculum vitae<\/em><\/a><\/p>\n<h2><strong>Ranking ciclos formativos mejor pagados<\/strong><\/h2>\n<p>Pero, m\u00e1s all\u00e1 de las salidas, \u00bfcu\u00e1les son las FP mejor pagadas? Este es el ranking de los mejores sueldos para t\u00e9cnicos y t\u00e9cnicos superiores en Espa\u00f1a:<\/p>\n<ol>\n<li>T\u00e9cnico superior en <strong>qu\u00edmica industrial y productos farmac\u00e9uticos<\/strong>: <strong>30.000<\/strong> euros brutos anuales, de media.<\/li>\n<li>T\u00e9cnico superior de<strong> laboratorio<\/strong>: entre <strong>25.000 y 30.000<\/strong> euros de media.<\/li>\n<li>T\u00e9cnico superior en<strong> desarrollo de apps<\/strong>: entre <strong>20.000 y 40.000<\/strong> euros, de media.<\/li>\n<li>T\u00e9cnico superior en <strong>mecatr\u00f3nica industrial<\/strong>: a partir de los <strong>24.000<\/strong> euros.<\/li>\n<li>T\u00e9cnico en <strong>cuidados auxiliares de enfermer\u00eda<\/strong>: entre <strong>18.000 y 24.000<\/strong> euros.<\/li>\n<\/ol>\n<h2><strong>Consejos para elegir bien la formaci\u00f3n profesional<\/strong><\/h2>\n<p>\u00bfEst\u00e1s considerando apuntarte a una FP, pero no sabes c\u00f3mo elegir? Estas son algunas recomendaciones que te ayudar\u00e1n a tomar una decisi\u00f3n m\u00e1s informada.<\/p>\n<ul>\n<li><strong>Reflexiona sobre las habilidades<\/strong> que genuinamente posees. \u00bfEres un perfil m\u00e1s anal\u00edtico? \u00bfTe consideras creativo? \u00bfCuentas con una vocaci\u00f3n para la ayuda a personas?<\/li>\n<li>Ten en cuenta <strong>tu actual titulaci\u00f3n acad\u00e9mica<\/strong>. Contar solo con la ESO te impedir\u00e1 acceder a los Grados Superiores.<\/li>\n<li><strong>Identifica las FPs con m\u00e1s salidas profesionales<\/strong>. Aunque tu decisi\u00f3n no deber\u00eda depender \u00fanicamente de esto, identificar las mejores opciones siempre es una ventaja.<\/li>\n<li>Determina si quieres cursar una formaci\u00f3n <strong>100% presencial<\/strong>, <strong>dual<\/strong> o en su modalidad <strong>online<\/strong>.<\/li>\n<li><strong>Completa tu formaci\u00f3n curioseando<\/strong> sobre la materia en tu tiempo libre. Cada vez son m\u00e1s las empresas que valoran los perfiles que han emprendido o realizado proyectos fuera del \u00e1mbito acad\u00e9mico.<\/li>\n<\/ul>\n<p>No hay nada m\u00e1s importante que las personas a las que quieres. Con los <a href=\"https:\/\/www.generali.es\/seguros-particulares\/vida-proteccion\" rel=\"noopener\" target=\"_blank\" title=\"seguros de Vida de GENERALI\">seguros de Vida de GENERALI<\/a> podr\u00e1n mantener el nivel de vida en caso de que faltes, sufras una invalidez o enfermedad grave.\u00a0<\/p>\n<p>Adem\u00e1s, nuestros seguros de Vida te dan acceso a servicios que te har\u00e1n la vida m\u00e1s sencilla y placentera: teleasistencia, segunda opini\u00f3n m\u00e9dica, acceso a spas, fisioterapeutas&#8230; \u00a1Y a precios m\u00e1s econ\u00f3micos! <a href=\"https:\/\/www.generali.es\/landings\/seguro-vida\" rel=\"noopener\" target=\"_blank\" title=\"\u00a1Cons\u00faltanos sin compromiso!\">\u00a1Cons\u00faltanos sin compromiso!<\/a><\/p>\n<p><img loading=\"lazy\" decoding=\"async\" alt=\"\" class=\"nc_pixel\" height=\"1\" src=\"https:\/\/pixel.welcomesoftware.com\/px.gif?key=YXJ0aWNsZT1hMzgwYWMzMjU2NDYxMWYwOGY4NmEyNGE1ZGViMGU2NQ==\" width=\"1\"\/><\/p>\n","protected":false},"excerpt":{"rendered":"<p>Los estudios de formaci\u00f3n profesional (FP) en Espa\u00f1a se est\u00e1n convirtiendo en un gran atractivo para las empresas. La especializaci\u00f3n en la materia que ofrecen y una duraci\u00f3n del curso acad\u00e9mico m\u00e1s corta que los grados universitarios facilitan las salidas laborales. \u00bfEst\u00e1s considerando matricularte? Estos son los Grados Medios y Grados Superiores de FP con [&hellip;]<\/p>\n","protected":false},"author":6,"featured_media":8455,"comment_status":"closed","ping_status":"open","sticky":false,"template":"","format":"standard","meta":{"footnotes":""},"categories":[1],"tags":[6174,6173,6171,6172,6170],"yst_prominent_words":[],"acf":[],"_links":{"self":[{"href":"https:\/\/www.generali.es\/blog\/generalimasqueseguros\/wp-json\/wp\/v2\/posts\/8456"}],"collection":[{"href":"https:\/\/www.generali.es\/blog\/generalimasqueseguros\/wp-json\/wp\/v2\/posts"}],"about":[{"href":"https:\/\/www.generali.es\/blog\/generalimasqueseguros\/wp-json\/wp\/v2\/types\/post"}],"author":[{"embeddable":true,"href":"https:\/\/www.generali.es\/blog\/generalimasqueseguros\/wp-json\/wp\/v2\/users\/6"}],"replies":[{"embeddable":true,"href":"https:\/\/www.generali.es\/blog\/generalimasqueseguros\/wp-json\/wp\/v2\/comments?post=8456"}],"version-history":[{"count":1,"href":"https:\/\/www.generali.es\/blog\/generalimasqueseguros\/wp-json\/wp\/v2\/posts\/8456\/revisions"}],"predecessor-version":[{"id":8457,"href":"https:\/\/www.generali.es\/blog\/generalimasqueseguros\/wp-json\/wp\/v2\/posts\/8456\/revisions\/8457"}],"wp:featuredmedia":[{"embeddable":true,"href":"https:\/\/www.generali.es\/blog\/generalimasqueseguros\/wp-json\/wp\/v2\/media\/8455"}],"wp:attachment":[{"href":"https:\/\/www.generali.es\/blog\/generalimasqueseguros\/wp-json\/wp\/v2\/media?parent=8456"}],"wp:term":[{"taxonomy":"category","embeddable":true,"href":"https:\/\/www.generali.es\/blog\/generalimasqueseguros\/wp-json\/wp\/v2\/categories?post=8456"},{"taxonomy":"post_tag","embeddable":true,"href":"https:\/\/www.generali.es\/blog\/generalimasqueseguros\/wp-json\/wp\/v2\/tags?post=8456"},{"taxonomy":"yst_prominent_words","embeddable":true,"href":"https:\/\/www.generali.es\/blog\/generalimasqueseguros\/wp-json\/wp\/v2\/yst_prominent_words?post=8456"}],"curies":[{"name":"wp","href":"https:\/\/api.w.org\/{rel}","templated":true}]}}