{"id":8450,"date":"2025-07-16T18:51:00","date_gmt":"2025-07-16T16:51:00","guid":{"rendered":"https:\/\/www.generali.es\/blog\/generalimasqueseguros\/?p=8450"},"modified":"2025-07-16T18:51:00","modified_gmt":"2025-07-16T16:51:00","slug":"tdah-y-altas-capacidades-que-relacion-tienen","status":"publish","type":"post","link":"https:\/\/www.generali.es\/blog\/generalimasqueseguros\/tdah-y-altas-capacidades-que-relacion-tienen\/","title":{"rendered":"TDAH y Altas Capacidades, \u00bfqu\u00e9 relaci\u00f3n tienen?"},"content":{"rendered":"<p>La <strong>relaci\u00f3n entre el TDAH y las altas capacidades<\/strong> puede resultar <strong>compleja de identificar<\/strong>, incluso en ocasiones contradictoria. Ambas condiciones pueden presentarse en una misma persona dando lugar a la denominada <strong>doble excepcionalidad<\/strong>. Su diagn\u00f3stico no es evidente ya que algunos rasgos comunes en una condici\u00f3n pueden enmascarar o compensar los rasgos de la otra.<\/p>\n<h2><strong>Qu\u00e9 es TDAH<\/strong><\/h2>\n<p>Empecemos por el principio. El TDAH (o trastorno por d\u00e9ficit de atenci\u00f3n e hiperactividad) es un trastorno que aparece durante la infancia y llega hasta la edad adulta en la mitad de los casos. Se caracteriza por la <strong>falta de foco o atenci\u00f3n<\/strong>, la <strong>hiperactividad<\/strong>, <strong>conductas impulsivas<\/strong> y la <strong>inestabilidad emocional<\/strong>.<\/p>\n<p>La principal consecuencia suele ser que <strong>los ni\u00f1os se distraen en las aulas<\/strong> con mucha facilidad. Suelen mostrarse inquietos y reactivos a las rabietas espont\u00e1neas. Muchos de los ni\u00f1os con TDAH presentan un <strong>bajo rendimiento acad\u00e9mico<\/strong>.<\/p>\n<h2><strong>Qu\u00e9 son las altas capacidades<\/strong><\/h2>\n<p>Por el contrario, las <a href=\"https:\/\/www.generali.es\/blog\/generalimasqueseguros\/ninos-altas-capacidades\/\" rel=\"noopener\" target=\"_blank\" title=\"altas capacidades\">altas capacidades<\/a> son capacidades cognitivas que permiten un aprendizaje m\u00e1s r\u00e1pido. Podemos decir que se trata de un talento acad\u00e9mico en el que suelen concurrir mayor creatividad, curiosidad y esfuerzo en aquellas personas que las presentan.<\/p>\n<h2><strong>Doble excepcionalidad: la relaci\u00f3n entre ambas<\/strong><\/h2>\n<p>El experto en educaci\u00f3n especial James J. Gallagher acu\u00f1\u00f3 el t\u00e9rmino \u201c<strong>doble excepcionalidad<\/strong>\u201d en los a\u00f1os 80 para describir aquellas conductas en las que <strong>confluyen simult\u00e1neamente unas capacidades intelectuales altas con alg\u00fan otro trastorno<\/strong>. Su objetivo era demostrar la paradoja de una inteligencia por encima de la media que, a su vez, presenta alg\u00fan problema de aprendizaje o trastorno del neurodesarrollo.<\/p>\n<p>La doble excepcionalidad es compleja de diagnosticar porque algunos de los rasgos t\u00edpicos de cada condici\u00f3n (TDAH y altas capacidades) son incluso contradictorios entre s\u00ed. Es frecuente que los ni\u00f1os que presentan <strong>altas capacidades se vean enmascaradas<\/strong> por otros s\u00edntomas asociados al TDAH.<\/p>\n<p>Desde el punto de vista te\u00f3rico, por un lado se podr\u00eda esperar de una persona con altas capacidades su facilidad del hiperfoco o atenci\u00f3n selectiva. Una caracter\u00edstica para elevar la concentraci\u00f3n de forma extrema en un asunto que le resulta estimulante. Sin embargo, al mismo tiempo podr\u00eda presentar d\u00e9ficit de atenci\u00f3n que le lleva a buscar est\u00edmulos de un lado al otro, sin poner la atenci\u00f3n durante demasiado tiempo en ninguno. En la doble excepcionalidad cohabitan los <strong>rasgos del TDAH y las altas capacidades para compensarse, complementarse e incluso contradecirse<\/strong>.<\/p>\n<p><strong>\u25b7<\/strong><strong> Te interesa<\/strong>: <a href=\"https:\/\/www.generali.es\/blog\/generalimasqueseguros\/que-son-adaptaciones-curriculares-tipos-ejemplos\/\" rel=\"noopener\" target=\"_blank\" title=\"Adaptaciones curriculares en ni\u00f1os\">Adaptaciones curriculares en ni\u00f1os<\/a>, Tipos y Ejemplos<\/p>\n<h3>Dificultades de las personas con TDAH y altas capacidades<\/h3>\n<p>Las dificultades de las personas con la doble condici\u00f3n en el entorno acad\u00e9mico pueden ser retadoras. Es com\u00fan que los ni\u00f1os que presentan esta doble excepcionalidad tiendan a un <strong>rendimiento acad\u00e9mico m\u00e1s bajo<\/strong>. Esto no significa que presenten una inteligencia menor; al contrario. Sin embargo su condici\u00f3n no les permite maximizar sus habilidades.<\/p>\n<p>En ocasiones esta falta de est\u00edmulo y la p\u00e9rdida de foco puede<strong> repercutir en el desarrollo de su inteligencia <\/strong>al no estar usando toda su capacidad intelectual.<\/p>\n<p><strong>\u25b7<\/strong><strong> \u00datil para ti: <\/strong>C\u00f3mo fomentar la <a href=\"https:\/\/www.generali.es\/blog\/generalimasqueseguros\/autoestima-ninos-ejercicios-actividades-adolecentes\/\" rel=\"noopener\" target=\"_blank\" title=\"autoestima en ni\u00f1os\">autoestima en ni\u00f1os<\/a> con estos ejercicios<\/p>\n<h2><strong>S\u00edntomas de TDAH y altas capacidades<\/strong><\/h2>\n<p>Existen algunos s\u00edntomas que dejan entrever la posibilidad de presentar TDAH y altas capacidades de forma simult\u00e1nea. Aun as\u00ed, dada la complejidad para diagnosticar la doble excepcionalidad es siempre recomendable que el examen lo realice un especialista.<\/p>\n<p>La doble excepcionalidad se expresa a trav\u00e9s de los siguientes s\u00edntomas:<\/p>\n<ul>\n<li><strong>Impulsividad<\/strong>.<\/li>\n<li><strong>Baja tolerancia a la frustraci\u00f3n<\/strong>.<\/li>\n<li><strong>Desinter\u00e9s<\/strong> ante las tareas repetitivas o poco estimulantes.<\/li>\n<li>Manifestaciones f\u00edsicas de <strong>inquietud<\/strong>.<\/li>\n<li>Dificultad para <strong>acatar las normas <\/strong>impuestas.<\/li>\n<li>Problemas para <strong>autorregularse<\/strong> emocionalmente.<\/li>\n<\/ul>\n<p><strong>\u25b7<\/strong><strong> <\/strong><strong>\u00bfLo est\u00e1s haciendo bien?<\/strong> 7 consejos para <a href=\"https:\/\/www.generali.es\/blog\/generalimasqueseguros\/ayudar-estudiar-hijo\/\" rel=\"noopener\" target=\"_blank\" title=\"ayudar a estudiar a tu hijo\">ayudar a estudiar a tu hijo<\/a><\/p>\n<h2><strong>Diferencias entre las AACC y la doble excepcionalidad<\/strong><\/h2>\n<p>Con el objetivo de distinguir qu\u00e9 condici\u00f3n presenta una persona, tambi\u00e9n debemos prestar atenci\u00f3n a aquellas caracter\u00edsticas que presentan las personas con TDAH y altas capacidades (es decir, la doble excepcionalidad) y que <strong>NO<\/strong> tienen las personas solo con altas capacidades:<\/p>\n<ul>\n<li>M\u00e1s probabilidad de <strong>desarrollar trastornos com\u00f3rbidos<\/strong>, como problemas de \u00e1nimo, conductas disruptivas o trastornos en el aprendizaje.<\/li>\n<li>Dificultades en las <strong>tareas matem\u00e1ticas o de escritura<\/strong>.<\/li>\n<li>Menor capacidad de <strong>memoria<\/strong>.<\/li>\n<li>Dificultades en las <strong>relaciones sociales<\/strong>.<\/li>\n<li>Mayor necesidad de <strong>apoyo escolar<\/strong>.<\/li>\n<\/ul>\n<p>Es com\u00fan en las personas con TDAH y altas capacidades la tendencia a la frustraci\u00f3n y desmotivaci\u00f3n cuando su potencial intelectual no se ve reflejado en resultados. Esto puede derivar en trastornos de <a href=\"https:\/\/www.generali.es\/blog\/tuasesorsalud\/como-detectar-las-senales-de-depresion\/\" rel=\"noopener\" target=\"_blank\" title=\"depresi\u00f3n\">depresi\u00f3n<\/a> o <a href=\"https:\/\/www.generali.es\/blog\/tuasesorsalud\/ansiedad-ninos\/\" rel=\"noopener\" target=\"_blank\" title=\"ansiedad\">ansiedad<\/a>.<\/p>\n<p>Aquellas personas con doble excepcionalidad suelen destacar en el entorno acad\u00e9mico o laboral hasta que una tarea les exige un mayor esfuerzo de concentraci\u00f3n. Y es ah\u00ed donde aparecen las limitaciones del trastorno.<\/p>\n<p><strong>\u25b7<\/strong><strong> Le ayudar\u00e1:<\/strong><strong> <\/strong>Gu\u00eda de <a href=\"https:\/\/www.generali.es\/blog\/tuasesorsalud\/deportes-para-ninos\/\" rel=\"noopener\" target=\"_blank\" title=\"deportes recomendados para ni\u00f1os\">deportes recomendados para ni\u00f1os<\/a> por edades<\/p>\n<h2><strong>\u00bfC\u00f3mo actuar ante las altas capacidades y TDAH?<\/strong><\/h2>\n<p>Para aquellas personas con TDAH y altas capacidades resulta elemental diagnosticar las condiciones de doble excepcionalidad lo antes posible a trav\u00e9s de un especialista.<\/p>\n<p>Adem\u00e1s, <strong>el entorno familiar desempe\u00f1a un papel muy relevante <\/strong>a la hora de mantener la motivaci\u00f3n del ni\u00f1o y reconducir los desaf\u00edos conductuales que presente. Por este motivo resulta imprescindible que los padres sean conscientes del reto que enfrenta el ni\u00f1o y le puedan dotar de las herramientas y apoyo que necesita.<\/p>\n<p>De la misma forma <strong>el profesorado tambi\u00e9n debe ser conocedor<\/strong> de dicha condici\u00f3n para actuar o adaptar la metodolog\u00eda a las necesidades de un ni\u00f1o con TDAH y altas capacidades.<\/p>\n<p>Por \u00faltimo se recomienda acompa\u00f1ar el apoyo familiar y acad\u00e9mico con un <strong>seguimiento psicol\u00f3gico y psicopedag\u00f3gico<\/strong> cuando sea necesario. Existen especialistas m\u00e9dicos capaces de mejorar las capacidades cognitivas y la gesti\u00f3n emocional del ni\u00f1o a trav\u00e9s de la terapia.<\/p>\n<p>No hay nada m\u00e1s importante que las personas a las que quieres. Con los <a href=\"https:\/\/www.generali.es\/seguros-particulares\/vida-proteccion\" rel=\"noopener\" target=\"_blank\" title=\"seguros de Vida de GENERALI\">seguros de Vida de GENERALI<\/a> podr\u00e1n mantener el nivel de vida en caso de que faltes, sufras una invalidez o enfermedad grave.\u00a0<\/p>\n<p>Adem\u00e1s, nuestros seguros de Vida te dan acceso a servicios que te har\u00e1n la vida m\u00e1s sencilla y placentera: teleasistencia, segunda opini\u00f3n m\u00e9dica, acceso a spas, fisioterapeutas&#8230; \u00a1Y a precios m\u00e1s econ\u00f3micos! <a href=\"https:\/\/www.generali.es\/landings\/seguro-vida\" rel=\"noopener\" target=\"_blank\" title=\"\u00a1Cons\u00faltanos sin compromiso!\">\u00a1Cons\u00faltanos sin compromiso!<\/a><\/p>\n<p><img loading=\"lazy\" decoding=\"async\" alt=\"\" class=\"nc_pixel\" height=\"1\" src=\"https:\/\/pixel.welcomesoftware.com\/px.gif?key=YXJ0aWNsZT00NzllNDllYzU2NDYxMWYwOTI0MjUyZTc5YjU1NzQyMA==\" width=\"1\"\/><\/p>\n","protected":false},"excerpt":{"rendered":"<p>La relaci\u00f3n entre el TDAH y las altas capacidades puede resultar compleja de identificar, incluso en ocasiones contradictoria. Ambas condiciones pueden presentarse en una misma persona dando lugar a la denominada doble excepcionalidad. Su diagn\u00f3stico no es evidente ya que algunos rasgos comunes en una condici\u00f3n pueden enmascarar o compensar los rasgos de la otra. [&hellip;]<\/p>\n","protected":false},"author":6,"featured_media":8449,"comment_status":"closed","ping_status":"open","sticky":false,"template":"","format":"standard","meta":{"footnotes":""},"categories":[1],"tags":[5654,6166,6165,6164],"yst_prominent_words":[],"acf":[],"_links":{"self":[{"href":"https:\/\/www.generali.es\/blog\/generalimasqueseguros\/wp-json\/wp\/v2\/posts\/8450"}],"collection":[{"href":"https:\/\/www.generali.es\/blog\/generalimasqueseguros\/wp-json\/wp\/v2\/posts"}],"about":[{"href":"https:\/\/www.generali.es\/blog\/generalimasqueseguros\/wp-json\/wp\/v2\/types\/post"}],"author":[{"embeddable":true,"href":"https:\/\/www.generali.es\/blog\/generalimasqueseguros\/wp-json\/wp\/v2\/users\/6"}],"replies":[{"embeddable":true,"href":"https:\/\/www.generali.es\/blog\/generalimasqueseguros\/wp-json\/wp\/v2\/comments?post=8450"}],"version-history":[{"count":1,"href":"https:\/\/www.generali.es\/blog\/generalimasqueseguros\/wp-json\/wp\/v2\/posts\/8450\/revisions"}],"predecessor-version":[{"id":8451,"href":"https:\/\/www.generali.es\/blog\/generalimasqueseguros\/wp-json\/wp\/v2\/posts\/8450\/revisions\/8451"}],"wp:featuredmedia":[{"embeddable":true,"href":"https:\/\/www.generali.es\/blog\/generalimasqueseguros\/wp-json\/wp\/v2\/media\/8449"}],"wp:attachment":[{"href":"https:\/\/www.generali.es\/blog\/generalimasqueseguros\/wp-json\/wp\/v2\/media?parent=8450"}],"wp:term":[{"taxonomy":"category","embeddable":true,"href":"https:\/\/www.generali.es\/blog\/generalimasqueseguros\/wp-json\/wp\/v2\/categories?post=8450"},{"taxonomy":"post_tag","embeddable":true,"href":"https:\/\/www.generali.es\/blog\/generalimasqueseguros\/wp-json\/wp\/v2\/tags?post=8450"},{"taxonomy":"yst_prominent_words","embeddable":true,"href":"https:\/\/www.generali.es\/blog\/generalimasqueseguros\/wp-json\/wp\/v2\/yst_prominent_words?post=8450"}],"curies":[{"name":"wp","href":"https:\/\/api.w.org\/{rel}","templated":true}]}}