{"id":8018,"date":"2024-10-02T17:44:10","date_gmt":"2024-10-02T15:44:10","guid":{"rendered":"https:\/\/www.generali.es\/blog\/generalimasqueseguros\/?p=8018"},"modified":"2024-10-02T17:47:43","modified_gmt":"2024-10-02T15:47:43","slug":"vuelta-al-trabajo-vacaciones-humor-frases","status":"publish","type":"post","link":"https:\/\/www.generali.es\/blog\/generalimasqueseguros\/vuelta-al-trabajo-vacaciones-humor-frases\/","title":{"rendered":"10 consejos para una vuelta al trabajo sin estr\u00e9s"},"content":{"rendered":"<p>Sustituir la arena de la playa, el ba\u00f1ador y la tranquilidad por los atascos y el estr\u00e9s diario no es nada f\u00e1cil. La <strong>vuelta al trabajo puede hacerse muy cuesta arriba<\/strong>. Llevas semanas sin escuchar el sonido del despertador y te aterra la idea de regresar a la rutina. \u00a1Debes encararlo con otra actitud! Consigue una <strong>vuelta al trabajo con humor y positividad<\/strong> siguiendo estos consejos.<\/p>\n<h2>Consecuencias de la vuelta al trabajo<\/h2>\n<p>Saber que el fin de las vacaciones est\u00e1 a la vuelta de la esquina produce infelicidad y cierta angustia. Para algunos es una fase traum\u00e1tica. Las consecuencias m\u00e1s comunes suelen ser <strong>falta de energ\u00eda, irritabilidad, estr\u00e9s e insomnio<\/strong>. Se suele hablar com\u00fanmente del <a href=\"https:\/\/www.generali.es\/blog\/generalimasqueseguros\/sindrome-postvacacional-depresion-vuelta-al-trabajo\/\">s\u00edndrome postvacacional<\/a>.<\/p>\n<p>Los expertos que han estudiado este cambio dr\u00e1stico en la rutina distinguen dos actitudes. Cuando la <strong>motivaci\u00f3n es interior<\/strong> predomina la<strong> ilusi\u00f3n, la vocaci\u00f3n o la autorrealizaci\u00f3n<\/strong>. En esos casos las consecuencias ser\u00e1n leves y forman parte de la normalidad.<\/p>\n<p>Sin embargo, muchas personas tienen una <strong>motivaci\u00f3n exterior<\/strong>: aquella que nace de la <strong>necesidad de trabajar <\/strong>para generar dinero. Es la m\u00e1s habitual entre los trabajadores, y puede desencadenar cuadros m\u00e1s severos como el <strong>rechazo a la rutina<\/strong>, la ansiedad o incluso la depresi\u00f3n.<\/p>\n<p>La mayor\u00eda de personas se resiste a su vuelta al trabajo. No se recomienda encarar la nueva normalidad de forma abrupta. Al contrario, existen formas de <strong>preparar la mente y el cuerpo<\/strong> para encarar el cambio de forma m\u00e1s saludable.<\/p>\n<h2>10 consejos para afrontar la vuelta al trabajo<\/h2>\n<p>Nuestra mente no debe jugarnos una mala pasada. Estas son 10 recomendaciones para volver al trabajo con m\u00e1s \u00e1nimo.<\/p>\n<h3>Anticipa un poco tu regreso<\/h3>\n<p>La peor decisi\u00f3n que puedes llevar a cabo es <strong>pasar de la desconexi\u00f3n absoluta a la angustia laboral<\/strong>. No conviene planificar tu operaci\u00f3n retorno un d\u00eda antes de la incorporaci\u00f3n. Regresa de tus vacaciones uno o dos d\u00edas antes para aclimatarte.<\/p>\n<h3>Retoma tus h\u00e1bitos de sue\u00f1o<\/h3>\n<p>Es probable que hayas descuidado tus h\u00e1bitos de sue\u00f1o durante tus vacaciones. Acostarte un poco m\u00e1s tarde o no madrugar trastocar\u00e1n tu estado de \u00e1nimo durante tu vuelta al trabajo. Se recomienda que unos d\u00edas antes del regreso <strong>vayas retomando progresivamente tu rutina de descanso<\/strong>.<\/p>\n<h3>Cuida tu alimentaci\u00f3n<\/h3>\n<p>De la misma forma que el descanso, la <strong>alimentaci\u00f3n saludable te ayudar\u00e1 a sobrellevar tu regreso<\/strong>. Ap\u00f3yate en una dieta saludable rica en frutas y verduras. Merece la pena que inicies una dieta detox para <strong>eliminar todas las toxinas<\/strong> que has ingerido durante las vacaciones.<\/p>\n<p>Productos como el <strong>apio<\/strong>, el <strong>br\u00f3coli<\/strong>, las <strong>espinacas<\/strong>, los <strong>c\u00edtricos<\/strong> o la <strong>pi\u00f1a purifican el organismo<\/strong>. Incorpora <a href=\"https:\/\/www.generali.es\/blog\/tuasesorsalud\/dale-un-impulso-a-tu-dieta-con-los-superalimentos\/\">superalimentos<\/a> como el <strong>ajo<\/strong>, el <strong>jengibre<\/strong> o el <strong>kale<\/strong> en tu dieta para contar con un extra de energ\u00eda. Adem\u00e1s, el <strong>cacao<\/strong> sin az\u00facares a\u00f1adidos es un <strong>potente regulador del estado de \u00e1nimo<\/strong>.<\/p>\n<h3>Planifica tus primeros d\u00edas<\/h3>\n<p><strong>Elabora un plan de readaptaci\u00f3n<\/strong>. Los primeros d\u00edas pueden resultar abrumadores y el trabajo pendiente podr\u00eda provocarte ansiedad. Trata de organizar tu primera semana. Conc\u00e9dete varias horas para revisar el correo electr\u00f3nico con calma y ponerte al d\u00eda.<\/p>\n<p>Tambi\u00e9n merece la pena que <strong>planifiques aquellas tareas que vas a abordar<\/strong> durante tus primeros d\u00edas. Hacerlo te conceder\u00e1 cierta perspectiva y sentir\u00e1s que tu regreso es menos irregular.<\/p>\n<h3>Mant\u00e9n una actitud optimista<\/h3>\n<p>El poder de la mente es capaz de cambiar radicalmente tu actitud. Aunque sientas una cierta desmoralizaci\u00f3n, <strong>mantener una actitud positiva<\/strong> te ayudar\u00e1 a sobrellevar el cambio. Trata de plantearte una <strong>vuelta al trabajo con \u00e1nimo<\/strong>.<\/p>\n<h3>No renuncies a tu ocio<\/h3>\n<p>La vuelta al trabajo no deber\u00eda hacerte renunciar a tus <em>hobbies<\/em>. <strong>Retoma aquellas actividades que te hacen feliz <\/strong>desde el primer d\u00eda. Ya sea ir al gimnasio, unas clases de baile o la lectura\u2026 Ref\u00fagiate en tus pasiones, especialmente durante los primeros d\u00edas, que ser\u00e1n los m\u00e1s complicados.<\/p>\n<h3>Retoma el contacto con tus compa\u00f1eros d\u00edas antes<\/h3>\n<p>Otra forma de evitar que el cambio sea tan abrupto es <strong>retomar peque\u00f1os contactos con algunos de tus compa\u00f1eros<\/strong>. Comparte con ellos c\u00f3mo han sido tus vacaciones un d\u00eda antes de tu incorporaci\u00f3n. El objetivo no es retomar el lado profesional, sino comenzar con la parte m\u00e1s humana de tu trabajo.<\/p>\n<h3>Practica la meditaci\u00f3n<\/h3>\n<p><strong>\u00bfConoces la disciplina <\/strong><a href=\"https:\/\/www.generali.es\/blog\/tuasesorsalud\/que-es-mindfulness-ejercicios-beneficios\/\">mindfulness<\/a><strong>? <\/strong>Consiste en potenciar el momento presente; el <em>aqu\u00ed y ahora<\/em>. Existen distintas t\u00e9cnicas de relajaci\u00f3n que pueden ayudarte a encontrar un equilibrio mental saludable. Los <strong>ejercicios de respiraci\u00f3n<\/strong> reducen los niveles de ansiedad y son una manera de mejorar tu bienestar.<\/p>\n<h3>Delega durante tus primeros d\u00edas<\/h3>\n<p>Si tu posici\u00f3n profesional te lo permite, delega ciertas tareas durante los primeros d\u00edas tras tu vuelta al trabajo. Compartir con tus compa\u00f1eros que quieres <strong>enfocar tu regreso de manera progresiva <\/strong>te ayudar\u00e1 a encontrar su respaldo. S\u00e9 paciente y no trates de alcanzar tu m\u00e1ximo de productividad en tu primera semana.<\/p>\n<h3>Plant\u00e9ate un cambio<\/h3>\n<p>\u00bfLos s\u00edntomas del s\u00edndrome postvacacional se alargan? \u00bfTe sientes m\u00e1s desmoralizado de lo normal? Si pasada la primera semana sigues sinti\u00e9ndote abrumado quiz\u00e1s sea un buen momento para plantearse un cambio. Es posible que <strong>encarar un nuevo reto te permita recuperar la motivaci\u00f3n<\/strong>.<\/p>\n<h2>Vuelve al trabajo con humor<\/h2>\n<p>Se suele decir que el humor lo cura todo. Intenta no centrarte en aquello que no puedes controlar (como es tu fecha de vuelta al trabajo despu\u00e9s de vacaciones), sino en<strong> lo que s\u00ed puedes cambiar (tu actitud)<\/strong>. Plantea una <strong>vuelta al trabajo con humor<\/strong>.<\/p>\n<p><strong>Rememora aquellas situaciones graciosas en el trabajo<\/strong>. Recuerda esos momentos graciosos, que seguro que los habr\u00e1s vivido.<\/p>\n<h3>Frases de vuelta al trabajo graciosas<\/h3>\n<p>Para ayudarte a encontrar cierta inspiraci\u00f3n te traemos algunas frases de vuelta al trabajo graciosas:<\/p>\n<ul>\n<li><em>\u201cHe descubierto que mi estado ideal es estar de vacaciones\u201d.<\/em><\/li>\n<li><em>\u201cTodo el exceso es malo, menos las vacaciones\u201d.<\/em><\/li>\n<li><em>\u201cMi mes preferido es agusto\u201d.<\/em><\/li>\n<li><em>\u201cSi has disfrutado de tus vacaciones, recuerda que las pr\u00f3ximas pueden ser mejores\u201d.<\/em><\/li>\n<li><em>\u201cNo llores porque se termin\u00f3. Sonr\u00ede porque sucedi\u00f3\u201d.<\/em><\/li>\n<li><em>\u201cSi todo el a\u00f1o fuese fiesta, divertirse ser\u00eda m\u00e1s aburrido que trabajar\u201d.<\/em><\/li>\n<li><em>\u201cSi t\u00fa sabes lo que vales, ve y consigue lo que mereces\u201d.<\/em><\/li>\n<li><em>\u201cLa mejor forma de comenzar el d\u00eda es con una sonrisa\u2026 \u00a1y un caf\u00e9 bien cargado!\u201d.<\/em><\/li>\n<li><em>\u00abEl lunes es ese d\u00eda de la semana que, aunque lo intentemos ignorar, siempre termina encontr\u00e1ndonos\u201d.<\/em><\/li>\n<\/ul>\n<p>En GENERALI nos preocupamos por tu bienestar en todos los momentos de tu vida, tambi\u00e9n en los m\u00e1s complicados. Los <a href=\"https:\/\/www.generali.es\/seguros-particulares\/decesos\">seguros de Decesos de GENERALI<\/a> te permiten disfrutar de la vida con m\u00e1s tranquilidad porque en caso de fallecimiento tendr\u00e1s cubierto todo lo necesario. As\u00ed los tuyos no tendr\u00e1n que preocuparse de nada.<\/p>\n<p>Adem\u00e1s, te dan acceso a una gran cantidad de servicios de asistencia y bienestar que te permitir\u00e1n disfrutar de una mejor calidad de vida. <a href=\"https:\/\/www.generali.es\/landings\/seguro-decesos\">\u00a1Cons\u00faltanos sin compromiso!<\/a><\/p>\n","protected":false},"excerpt":{"rendered":"<p>Sustituir la arena de la playa, el ba\u00f1ador y la tranquilidad por los atascos y el estr\u00e9s diario no es nada f\u00e1cil. La vuelta al trabajo puede hacerse muy cuesta arriba. Llevas semanas sin escuchar el sonido del despertador y te aterra la idea de regresar a la rutina. \u00a1Debes encararlo con otra actitud! Consigue [&hellip;]<\/p>\n","protected":false},"author":2,"featured_media":8019,"comment_status":"open","ping_status":"open","sticky":false,"template":"","format":"standard","meta":{"footnotes":""},"categories":[1],"tags":[],"yst_prominent_words":[],"acf":[],"_links":{"self":[{"href":"https:\/\/www.generali.es\/blog\/generalimasqueseguros\/wp-json\/wp\/v2\/posts\/8018"}],"collection":[{"href":"https:\/\/www.generali.es\/blog\/generalimasqueseguros\/wp-json\/wp\/v2\/posts"}],"about":[{"href":"https:\/\/www.generali.es\/blog\/generalimasqueseguros\/wp-json\/wp\/v2\/types\/post"}],"author":[{"embeddable":true,"href":"https:\/\/www.generali.es\/blog\/generalimasqueseguros\/wp-json\/wp\/v2\/users\/2"}],"replies":[{"embeddable":true,"href":"https:\/\/www.generali.es\/blog\/generalimasqueseguros\/wp-json\/wp\/v2\/comments?post=8018"}],"version-history":[{"count":2,"href":"https:\/\/www.generali.es\/blog\/generalimasqueseguros\/wp-json\/wp\/v2\/posts\/8018\/revisions"}],"predecessor-version":[{"id":8022,"href":"https:\/\/www.generali.es\/blog\/generalimasqueseguros\/wp-json\/wp\/v2\/posts\/8018\/revisions\/8022"}],"wp:featuredmedia":[{"embeddable":true,"href":"https:\/\/www.generali.es\/blog\/generalimasqueseguros\/wp-json\/wp\/v2\/media\/8019"}],"wp:attachment":[{"href":"https:\/\/www.generali.es\/blog\/generalimasqueseguros\/wp-json\/wp\/v2\/media?parent=8018"}],"wp:term":[{"taxonomy":"category","embeddable":true,"href":"https:\/\/www.generali.es\/blog\/generalimasqueseguros\/wp-json\/wp\/v2\/categories?post=8018"},{"taxonomy":"post_tag","embeddable":true,"href":"https:\/\/www.generali.es\/blog\/generalimasqueseguros\/wp-json\/wp\/v2\/tags?post=8018"},{"taxonomy":"yst_prominent_words","embeddable":true,"href":"https:\/\/www.generali.es\/blog\/generalimasqueseguros\/wp-json\/wp\/v2\/yst_prominent_words?post=8018"}],"curies":[{"name":"wp","href":"https:\/\/api.w.org\/{rel}","templated":true}]}}