{"id":7684,"date":"2024-05-23T13:37:05","date_gmt":"2024-05-23T11:37:05","guid":{"rendered":"https:\/\/www.generali.es\/blog\/generalimasqueseguros\/?p=7684"},"modified":"2024-06-13T10:28:25","modified_gmt":"2024-06-13T08:28:25","slug":"historias-por-las-que-merece-la-pena-pararse","status":"publish","type":"post","link":"https:\/\/www.generali.es\/blog\/generalimasqueseguros\/historias-por-las-que-merece-la-pena-pararse\/","title":{"rendered":"HISTORIAS POR LAS QUE MERECE LA PENA PARARSE"},"content":{"rendered":"\n<p><style>#video-vitality-post-yt{z-index:9999} .wp-block-columns{justify-content: space-between} .wp-block-column{max-width: 500px;} .module-image-single{display:none !important;} .single-meta-post {display:none} .overlay-single { background: none; } .module-wysiwyg { background-color: rgba(191,13,9, 1); } .module-wysiwyg .inner { text-align: center; color: #000; } .module-wysiwyg .inner .single-meta-post { border-bottom: 1px solid #ffffff; } .module-image-single .single-inner .single-image .slide-content .slide-content-inner .slide-content-title { dis1play:none; } .single-meta-post ul.social1 {display:none} .module-share1 {display:none} .enlace-descubrir {background-color: white;color: #bf0d09 !important;padding: 0px 20px;height: 34px;line-height: 40px;display: inline-block;} #video-vitality-post{ text-align:center}.module-relational,.module-navigation-posts{display:none} .module-wysiwyg .inner .bloque-2{justify-content:center;} .module-wysiwyg .inner .bloque-2 .bloque-salud-ahorro{max-width: 240px} #n2-ss-5 .n2-font-88e1be25825a1dfb3233e5b9c3e9c68a-simple{font-size: 15px !important;} #n2-ss-5 .n2-thumbnail-dot-type{top: 30% !important;} #n2-ss-5 .n2-ss-layer .n2-ss-section-main-content > .n2-ss-layer .n2_ss_video_player{ border: 3px solid #fff;} @media (max-width: 1199px) {#n2-ss-5 .n2-font-88e1be25825a1dfb3233e5b9c3e9c68a-simple{font-size: 10px !important;} #n2-ss-5 .n2-thumbnail-dot-type{top: 23% !important;}} @media (max-width: 768px) { #video-vitality-post .nextend-thumbnail-scroller.n2-align-content-center{display: flex; flex-flow: row wrap; margin: 0 auto; max-width: 460px !important; width: 100% !important;  min-width: initial !important;} .wp-block-columns{justify-content: center} #n2-ss-5 .n2-style-040167bcd537ddb2be18a11a329dcc0a-simple{max-width: 108px}}<\/style><\/p>\n\n\n\n<h2 style=\"font-size: 38px !important; line-height: 1; color: #fff !important; text-transform: uppercase;\">Historias por las que merece la pena pararse<\/h2>\n\n\n\n<div style=\"height:20px\" aria-hidden=\"true\" class=\"wp-block-spacer\"><\/div>\n\n\n\n<p style=\"color: #fff;\">Vuelve \u201cHistorias por las que merece la pena pararse\u201d, la serie de contenido de GENERALI en la que un grupo de clientes cuentan an\u00e9cdotas en lo que dura un sem\u00e1foro en rojo. Durante los cuatro cap\u00edtulos veremos representadas diferentes situaciones en las que los protagonistas nos contar\u00e1n o har\u00e1n frente a alg\u00fan imprevisto y c\u00f3mo las coberturas de los seguros de GENERALI les ayudan a solucionarlos. Una oportunidad para comunicar de forma cercana y entretenida que GENERALI se anticipa a los posibles problemas a los que se pueden enfrentar sus clientes y c\u00f3mo sus seguros se ajustan a sus necesidades de manera personalizada.<\/p>\n\n\n\n<div style=\"height:0px\" aria-hidden=\"true\" class=\"wp-block-spacer\"><\/div>\n\n\n\n<div id=\"video-vitality-post\">\n\n<\/div>\n\n\n\n<div style=\"height:100px\" aria-hidden=\"true\" class=\"wp-block-spacer\"><\/div>\n\n\n\n<div class=\"wp-block-columns is-layout-flex wp-container-core-columns-layout-1 wp-block-columns-is-layout-flex\">\n<div class=\"wp-block-column is-layout-flow wp-block-column-is-layout-flow\" style=\"flex-basis:100%\">\n<figure class=\"wp-block-image size-full is-resized\"><img loading=\"lazy\" decoding=\"async\" width=\"315\" height=\"315\" src=\"https:\/\/www.generali.es\/blog\/generalimasqueseguros\/wp-content\/uploads\/2023\/06\/ico_salud@2x.png\" alt=\"Seguro de Salud\" class=\"wp-image-7073\" style=\"width:79px;height:79px\" srcset=\"https:\/\/www.generali.es\/blog\/generalimasqueseguros\/wp-content\/uploads\/2023\/06\/ico_salud@2x.png 315w, https:\/\/www.generali.es\/blog\/generalimasqueseguros\/wp-content\/uploads\/2023\/06\/ico_salud@2x-300x300.png 300w, https:\/\/www.generali.es\/blog\/generalimasqueseguros\/wp-content\/uploads\/2023\/06\/ico_salud@2x-226x226.png 226w\" sizes=\"(max-width: 315px) 100vw, 315px\" \/><\/figure>\n\n\n\n<a href=\"https:\/\/www.generali.es\/seguros-particulares\/salud\" target=\"_blank\" rel=\"noopener\"><h3 style=\"text-align: center; color: #fff;\">Seguro de Salud<\/h3><\/a>\n<p style=\"font-weight: 300; text-align: center; color: #fff;\">Como te gusta explorar sin fronteras y no te pierdes una aventura, necesitas un seguro de salud que est\u00e9 siempre contigo para ayudarte en caso de imprevisto. <\/p>\n<\/div>\n\n\n\n<div class=\"wp-block-column is-layout-flow wp-block-column-is-layout-flow\">\n<figure class=\"wp-block-image size-full is-resized\"><img decoding=\"async\" src=\"https:\/\/www.generali.es\/blog\/generalimasqueseguros\/wp-content\/uploads\/2024\/05\/ico_coche@2x.png\" alt=\"Seguro de Coches\" class=\"wp-image-7072\" style=\"width:79px;height:79px\"\/><\/figure>\n\n\n\n<a href=\"https:\/\/www.generali.es\/seguros-particulares\/seguros-para-coche\" target=\"_blank\" rel=\"noopener\"><h3 style=\"text-align: center; color: #fff;\">Seguro de Coche<\/h3><\/a>\n<p style=\"font-weight: 300; text-align: center; color: #fff;\">Quedarte tirado con el coche en medio de la nada, sin nadie cerca al que pedir ayuda, no es un problema con nuestro\nseguro de coche gracias a la geolocalizaci\u00f3n en tiempo real a trav\u00e9s de la app.<\/p>\n<\/div>\n<\/div>\n\n\n\n<div style=\"height:20px\" aria-hidden=\"true\" class=\"wp-block-spacer\"><\/div>\n\n\n\n<div class=\"wp-block-columns is-layout-flex wp-container-core-columns-layout-2 wp-block-columns-is-layout-flex\">\n<div class=\"wp-block-column is-layout-flow wp-block-column-is-layout-flow\" style=\"flex-basis:100%\">\n<figure class=\"wp-block-image size-full is-resized\"><img loading=\"lazy\" decoding=\"async\" width=\"315\" height=\"315\" src=\"https:\/\/www.generali.es\/blog\/generalimasqueseguros\/wp-content\/uploads\/2023\/06\/ico_hogar@2x.png\" alt=\"\" class=\"wp-image-7072\" style=\"width:79px;height:79px\" srcset=\"https:\/\/www.generali.es\/blog\/generalimasqueseguros\/wp-content\/uploads\/2023\/06\/ico_hogar@2x.png 315w, https:\/\/www.generali.es\/blog\/generalimasqueseguros\/wp-content\/uploads\/2023\/06\/ico_hogar@2x-300x300.png 300w, https:\/\/www.generali.es\/blog\/generalimasqueseguros\/wp-content\/uploads\/2023\/06\/ico_hogar@2x-226x226.png 226w\" sizes=\"(max-width: 315px) 100vw, 315px\" \/><\/figure>\n\n\n\n<a href=\"https:\/\/www.generali.es\/seguros-particulares\/hogar\" target=\"_blank\" rel=\"noopener\"><h3 style=\"text-align: center; color: #fff;\">Seguro de Hogar <\/h3><\/a>\n<p style=\"font-weight: 300; text-align: center; color: #fff;\">Protege tu hogar ante un posible allanamiento con un seguro que est\u00e1 contigo en caso de que ocupen tu vivienda.<\/p>\n<\/div>\n\n\n\n<div class=\"wp-block-column is-layout-flow wp-block-column-is-layout-flow\" style=\"flex-basis:100%\">\n<figure class=\"wp-block-image size-full is-resized\"><img decoding=\"async\" src=\"https:\/\/www.generali.es\/blog\/generalimasqueseguros\/wp-content\/uploads\/2024\/05\/ico_familia@2x.png\" alt=\"\" class=\"wp-image-7074\" style=\"width:79px;height:79px\"\/><\/figure>\n\n\n\n<a href=\"https:\/\/www.generali.es\/seguros-particulares\/vida\" target=\"_blank\" rel=\"noopener\"><h3 style=\"text-align: center; color: #fff;\">Seguro de Protecci\u00f3n Familiar<\/h3><\/a>\n<p style=\"font-weight: 300; text-align: center; color: #fff;\">La vida va muy r\u00e1pido, por eso necesitas asegurarte que tu familia est\u00e9 siempre protegida por lo que pueda pasar.<\/p>\n<\/div>\n<\/div>\n","protected":false},"excerpt":{"rendered":"<p>La serie de contenido de GENERALI en la que un grupo de clientes cuentan an\u00e9cdotas en lo que dura un sem\u00e1foro en rojo. Durante los cuatro cap\u00edtulos veremos representadas diferentes situaciones en las que los protagonistas nos contar\u00e1n o har\u00e1n frente a alg\u00fan imprevisto y c\u00f3mo las coberturas de los seguros de GENERALI les ayuda a solucionarlos. Una oportunidad para comunicar de forma cercana y entretenida que GENERALI se anticipa a los posibles problemas a los que se pueden enfrentar sus clientes y c\u00f3mo sus seguros se ajustan a sus necesidades de manera personalizada.<\/p>\n","protected":false},"author":2,"featured_media":7715,"comment_status":"open","ping_status":"open","sticky":false,"template":"","format":"standard","meta":{"footnotes":""},"categories":[73,8],"tags":[],"yst_prominent_words":[],"acf":[],"_links":{"self":[{"href":"https:\/\/www.generali.es\/blog\/generalimasqueseguros\/wp-json\/wp\/v2\/posts\/7684"}],"collection":[{"href":"https:\/\/www.generali.es\/blog\/generalimasqueseguros\/wp-json\/wp\/v2\/posts"}],"about":[{"href":"https:\/\/www.generali.es\/blog\/generalimasqueseguros\/wp-json\/wp\/v2\/types\/post"}],"author":[{"embeddable":true,"href":"https:\/\/www.generali.es\/blog\/generalimasqueseguros\/wp-json\/wp\/v2\/users\/2"}],"replies":[{"embeddable":true,"href":"https:\/\/www.generali.es\/blog\/generalimasqueseguros\/wp-json\/wp\/v2\/comments?post=7684"}],"version-history":[{"count":15,"href":"https:\/\/www.generali.es\/blog\/generalimasqueseguros\/wp-json\/wp\/v2\/posts\/7684\/revisions"}],"predecessor-version":[{"id":8164,"href":"https:\/\/www.generali.es\/blog\/generalimasqueseguros\/wp-json\/wp\/v2\/posts\/7684\/revisions\/8164"}],"wp:featuredmedia":[{"embeddable":true,"href":"https:\/\/www.generali.es\/blog\/generalimasqueseguros\/wp-json\/wp\/v2\/media\/7715"}],"wp:attachment":[{"href":"https:\/\/www.generali.es\/blog\/generalimasqueseguros\/wp-json\/wp\/v2\/media?parent=7684"}],"wp:term":[{"taxonomy":"category","embeddable":true,"href":"https:\/\/www.generali.es\/blog\/generalimasqueseguros\/wp-json\/wp\/v2\/categories?post=7684"},{"taxonomy":"post_tag","embeddable":true,"href":"https:\/\/www.generali.es\/blog\/generalimasqueseguros\/wp-json\/wp\/v2\/tags?post=7684"},{"taxonomy":"yst_prominent_words","embeddable":true,"href":"https:\/\/www.generali.es\/blog\/generalimasqueseguros\/wp-json\/wp\/v2\/yst_prominent_words?post=7684"}],"curies":[{"name":"wp","href":"https:\/\/api.w.org\/{rel}","templated":true}]}}