{"id":7476,"date":"2024-01-02T18:05:00","date_gmt":"2024-01-02T17:05:00","guid":{"rendered":"https:\/\/www.generali.es\/blog\/generalimasqueseguros\/?p=7476"},"modified":"2026-01-15T12:48:41","modified_gmt":"2026-01-15T11:48:41","slug":"incineracion-entierro-cuanto-cuesta-sin-seguro","status":"publish","type":"post","link":"https:\/\/www.generali.es\/blog\/generalimasqueseguros\/incineracion-entierro-cuanto-cuesta-sin-seguro\/","title":{"rendered":"INCINERACI\u00d3N O ENTIERRO \u00bfQU\u00c9 ES M\u00c1S BARATO?"},"content":{"rendered":"<p><strong><em>\u00bfCu\u00e1nto cuesta una incineraci\u00f3n sin seguro?<\/em><\/strong><em> \u00bfY un entierro?. Estas son algunas de las preguntas m\u00e1s frecuentes cuando un ser querido fallece. <\/em><\/p>\n<p>Escoger la modalidad f\u00fanebre tiene para muchos un componente espiritual. Para otros, es una forma de despedir a un ser querido con el m\u00e1ximo respeto.<\/p>\n<p>Eso s\u00ed, el presupuesto se reduce radicalmente cuando se tiene un seguro de vida o decesos contratado. Te contamos <strong>cu\u00e1nto cuesta incinerar a una persona y enterrarla en Espa\u00f1a<\/strong>.<\/p>\n<h2><strong>Incineraci\u00f3n o cremaci\u00f3n<\/strong><\/h2>\n<p>Antes de entrar en materia, conviene explicar bien la <strong>diferencia entre cremaci\u00f3n e incineraci\u00f3n<\/strong>. Normalmente se habla de <strong><em>incinerar<\/em> cuando se queman restos org\u00e1nicos<\/strong> en el sector industrial.<\/p>\n<p>El t\u00e9rmino m\u00e1s adecuado cuando <strong>se habla de un cad\u00e1ver es el de cremaci\u00f3n<\/strong>. Aun as\u00ed, <strong>ambos son correctos<\/strong> y se pueden usar para explicar el proceso f\u00fanebre.<\/p>\n<h3>Ventajas de la incineraci\u00f3n o cremaci\u00f3n<\/h3>\n<ul>\n<li>Es un proceso m\u00e1s amable con el medio ambiente.<\/li>\n<li>No ocupa espacio ni tampoco implica costes de mantenimiento.<\/li>\n<li>La incineraci\u00f3n no excluye necesariamente el entierro. De hecho, se puede proceder a la cremaci\u00f3n del cuerpo y honrar al ser querido enterrando las cenizas mediante un entierro tradicional.<\/li>\n<li>En algunos casos puede ser m\u00e1s barato que un entierro porque no hay que invertir en ata\u00fades, l\u00e1pidas o sepultura.<\/li>\n<\/ul>\n<p>\u25b7 <strong>Te interesa: <\/strong><a title=\"Las etapas del duelo\" href=\"https:\/\/www.generali.es\/blog\/generalimasqueseguros\/fases-duelo-etapas-muerte-pareja-sintomas-no-superar\/\" target=\"_blank\" rel=\"noopener\">Las etapas del duelo<\/a>, \u00bfcu\u00e1les son y cu\u00e1nto dura el proceso?<\/p>\n<h3>\u00bfCu\u00e1nto cuesta una incineraci\u00f3n sin seguro?<\/h3>\n<p>Llevar a cabo una <strong>incineraci\u00f3n en Espa\u00f1a sin seguro cuesta, de media, 3.617 euros<\/strong>. Es ligeramente m\u00e1s econ\u00f3mico que un entierro tradicional y el 40% de las defunciones en Espa\u00f1a optan por el servicio de cremaci\u00f3n.<\/p>\n<p>A\u00fan as\u00ed, existen grandes diferencias de precios entre unas ciudades y otras. Seg\u00fan la OCU, <strong>Vigo<\/strong> (5.760 euros), <strong>Alicante<\/strong> (5.533 euros) y <strong>Santander<\/strong> (5.081 euros) son las <strong>ciudades m\u00e1s caras para incinerar<\/strong> a un ser querido. Por el contrario, <strong>Albacete<\/strong> (2.694 euros), <strong>Logro\u00f1o<\/strong> (2.856 euros) y <strong>M\u00e1laga<\/strong> (2.860 euros) son las <strong>m\u00e1s baratas<\/strong>.<\/p>\n<p>\u2705<strong> \u00a1Importante!<\/strong> En nuestro pa\u00eds, muchas personas optan por contratar seguro que sufraga los gastos. En <strong>GENERALI<\/strong>, por ejemplo, nuestro <a title=\"Seguro de Decesos\" href=\"https:\/\/www.generali.es\/seguros-particulares\/decesos\" target=\"_blank\" rel=\"noopener\">Seguro de Decesos<\/a> incluye los gastos de sepelio y se encarga de todas las gestiones.<\/p>\n<h3>\u00bfPor qu\u00e9 se incinera con ata\u00fad?<\/h3>\n<p>La legislaci\u00f3n espa\u00f1ola obliga a que el cuerpo que se va a incinerar <strong>se encuentre en alg\u00fan tipo de recipiente <\/strong>durante el proceso de cremaci\u00f3n. Por lo que siempre se quema el ata\u00fad y se convierte en cenizas junto con el cuerpo.<\/p>\n<p>\u25b7 <strong>\u00a1\u00datil para ti! <\/strong><a title=\"\u00bfCu\u00e1l es el mejor lugar de Espa\u00f1a para vivir jubilado?\" href=\"https:\/\/www.generali.es\/blog\/generalimasqueseguros\/mejores-destinos-espana-jubilacion\/\" target=\"_blank\" rel=\"noopener\">\u00bfCu\u00e1l es el mejor lugar de Espa\u00f1a para vivir jubilado?<\/a><\/p>\n<h2><strong>Entierros en Espa\u00f1a<\/strong><\/h2>\n<p>Entonces, \u00bfconviene organizar una sepultura tradicional para un ser querido? Te contamos las ventajas y cu\u00e1nto cuesta un entierro en Espa\u00f1a.<\/p>\n<h3>Ventajas de un entierro<\/h3>\n<ul>\n<li>Para muchas familias, el entierro es una ceremonia espiritual que honra a su ser querido seg\u00fan las creencias religiosas y culturales.<\/li>\n<li>Permite mantener un espacio f\u00edsico de visita para recordar al fallecido.<\/li>\n<li>Posibilita ornamentar el espacio f\u00fanebre con monumentos y epitafios que honren el nombre del difunto.<\/li>\n<li>En algunos casos, merece la pena enterrar los restos en lugar de cremarlos si posteriormente es necesario llevar a cabo alg\u00fan an\u00e1lisis forense.<\/li>\n<\/ul>\n<p>\u25b7 <strong>\u00a1Te interesa! <\/strong><a title=\"\u00bfQu\u00e9 es el testamento vital?\" href=\"https:\/\/www.generali.es\/blog\/generalimasqueseguros\/testamento-vital\/\" target=\"_blank\" rel=\"noopener\">\u00bfQu\u00e9 es el testamento vital?<\/a> \u00bfY para qu\u00e9 sirve?<\/p>\n<h3>\u00bfCu\u00e1nto cuesta un entierro sin seguro en Espa\u00f1a?<\/h3>\n<p>Un <strong>entierro celebrado en Espa\u00f1a cuesta 3.739 euros de media<\/strong>, aunque existen modalidades funerarias m\u00e1s caras seg\u00fan el f\u00e9retro, la tumba o el espacio en el cementerio que se elija.<\/p>\n<p>Seg\u00fan la OCU, estos son los costes totales de un entierro en Espa\u00f1a<\/p>\n<ul>\n<li><strong>F\u00e9retro<\/strong>: unos 1.200 euros de media.<\/li>\n<li><strong>Inhumaci\u00f3n<\/strong> y costes del cementerio: 650 euros.<\/li>\n<li><strong>Tanatorio<\/strong>: 550 euros.<\/li>\n<li><strong>Esquelas<\/strong>: 320 euros.<\/li>\n<li><strong>Personal y servicio<\/strong>: 290 euros.<\/li>\n<li><strong>Coche f\u00fanebre<\/strong>: 210 de media en Espa\u00f1a.<\/li>\n<li><strong>Tr\u00e1mites<\/strong> y gestiones administrativas: 210 euros.<\/li>\n<li><strong>Flores<\/strong>: 190 euros.<\/li>\n<li><strong>Otros gastos<\/strong>: 130 euros.<\/li>\n<\/ul>\n<h2><strong>Entonces, \u00bfes mejor incineraci\u00f3n o entierro?<\/strong><\/h2>\n<p>La respuesta a esta pregunta depende de las creencias y costumbres de cada familia. <strong>La incineraci\u00f3n suele ser m\u00e1s econ\u00f3mica que un entierro<\/strong>. Sin embargo, para muchas personas contar con un espacio f\u00edsico donde honrar y hacer memoria a su ser querido es esencial.<\/p>\n<p>Si prefieres optar por una ceremonia menos tradicional en la que despedir a tu ser querido, la incineraci\u00f3n es una buena opci\u00f3n. Si, por el contrario, deseas organizar un funeral convencional y la familia profesa una fe religiosa fuerte, posiblemente merezca la pena organizar un entierro.<\/p>\n<p>Adem\u00e1s, un <strong>entierro sencillo con los servicios b\u00e1sicos <\/strong>oscila entre <strong>650 y 1.600 euros<\/strong>. Por su lado, una <strong>incineraci\u00f3n modesta <\/strong>asciende a los <strong>550 euros<\/strong>. Ahora bien, las tarifas var\u00edan seg\u00fan la provincia en la que se organice.<\/p>\n<table style=\"width: 100%; border-collapse: collapse; border: 1px solid #d2d2d2; border-radius: 2px; height: 651px;\" border=\"1\">\n<tbody>\n<tr style=\"height: 24px;\">\n<td style=\"width: 37.048%; text-align: center; height: 24px;\"><strong>Ciudad<\/strong><\/td>\n<td style=\"width: 32.5948%; text-align: center; height: 24px;\"><strong>Coste incineraci\u00f3n<\/strong><\/td>\n<td style=\"width: 30.3571%; text-align: center; height: 24px;\"><strong>Coste inhumaci\u00f3n<\/strong><\/td>\n<\/tr>\n<tr style=\"height: 24px;\">\n<td style=\"width: 37.048%; text-align: center; height: 24px;\">Albacete<\/td>\n<td style=\"width: 32.5948%; text-align: center; height: 24px;\">2.694\u20ac<\/td>\n<td style=\"width: 30.3571%; text-align: center; height: 24px;\">2.780\u20ac<\/td>\n<\/tr>\n<tr style=\"height: 24px;\">\n<td style=\"width: 37.048%; text-align: center; height: 24px;\">Logro\u00f1o<\/td>\n<td style=\"width: 32.5948%; text-align: center; height: 24px;\">2.856\u20ac<\/td>\n<td style=\"width: 30.3571%; text-align: center; height: 24px;\">2.825\u20ac<\/td>\n<\/tr>\n<tr style=\"height: 24px;\">\n<td style=\"width: 37.048%; text-align: center; height: 24px;\">M\u00e1laga<\/td>\n<td style=\"width: 32.5948%; text-align: center; height: 24px;\">2.860\u20ac<\/td>\n<td style=\"width: 30.3571%; text-align: center; height: 24px;\">2.969\u20ac<\/td>\n<\/tr>\n<tr style=\"height: 24px;\">\n<td style=\"width: 37.048%; text-align: center; height: 24px;\">Zaragoza<\/td>\n<td style=\"width: 32.5948%; text-align: center; height: 24px;\">2.872\u20ac<\/td>\n<td style=\"width: 30.3571%; text-align: center; height: 24px;\">2.539\u20ac<\/td>\n<\/tr>\n<tr style=\"height: 24px;\">\n<td style=\"width: 37.048%; text-align: center; height: 24px;\">Palma de Mallorca<\/td>\n<td style=\"width: 32.5948%; text-align: center; height: 24px;\">3.002\u20ac<\/td>\n<td style=\"width: 30.3571%; text-align: center; height: 24px;\">3.636\u20ac<\/td>\n<\/tr>\n<tr style=\"height: 24px;\">\n<td style=\"width: 37.048%; text-align: center; height: 24px;\">Cuenca<\/td>\n<td style=\"width: 32.5948%; text-align: center; height: 24px;\">3.061\u20ac<\/td>\n<td style=\"width: 30.3571%; text-align: center; height: 24px;\">3.057\u20ac<\/td>\n<\/tr>\n<tr style=\"height: 24px;\">\n<td style=\"width: 37.048%; text-align: center; height: 24px;\">Granada<\/td>\n<td style=\"width: 32.5948%; text-align: center; height: 24px;\">3.063\u20ac<\/td>\n<td style=\"width: 30.3571%; text-align: center; height: 24px;\">3.857\u20ac<\/td>\n<\/tr>\n<tr style=\"height: 24px;\">\n<td style=\"width: 37.048%; text-align: center; height: 24px;\">Santa Cruz de Tenerife<\/td>\n<td style=\"width: 32.5948%; text-align: center; height: 24px;\">3.079\u20ac<\/td>\n<td style=\"width: 30.3571%; text-align: center; height: 24px;\">2.975\u20ac<\/td>\n<\/tr>\n<tr style=\"height: 24px;\">\n<td style=\"width: 37.048%; text-align: center; height: 24px;\">Salamanca<\/td>\n<td style=\"width: 32.5948%; text-align: center; height: 24px;\">3.092\u20ac<\/td>\n<td style=\"width: 30.3571%; text-align: center; height: 24px;\">3.271\u20ac<\/td>\n<\/tr>\n<tr style=\"height: 24px;\">\n<td style=\"width: 37.048%; text-align: center; height: 24px;\">Lugo<\/td>\n<td style=\"width: 32.5948%; text-align: center; height: 24px;\">3.166\u20ac<\/td>\n<td style=\"width: 30.3571%; text-align: center; height: 24px;\">3.596\u20ac<\/td>\n<\/tr>\n<tr style=\"height: 24px;\">\n<td style=\"width: 37.048%; text-align: center; height: 24px;\">C\u00e1diz<\/td>\n<td style=\"width: 32.5948%; text-align: center; height: 24px;\">3.284\u20ac<\/td>\n<td style=\"width: 30.3571%; text-align: center; height: 24px;\">2.551\u20ac<\/td>\n<\/tr>\n<tr style=\"height: 24px;\">\n<td style=\"width: 37.048%; text-align: center; height: 24px;\">Badajoz<\/td>\n<td style=\"width: 32.5948%; text-align: center; height: 24px;\">3.286\u20ac<\/td>\n<td style=\"width: 30.3571%; text-align: center; height: 24px;\">3.333\u20ac<\/td>\n<\/tr>\n<tr style=\"height: 24px;\">\n<td style=\"width: 37.048%; text-align: center; height: 24px;\">Murcia<\/td>\n<td style=\"width: 32.5948%; text-align: center; height: 24px;\">3.454\u20ac<\/td>\n<td style=\"width: 30.3571%; text-align: center; height: 24px;\">3.051\u20ac<\/td>\n<\/tr>\n<tr style=\"height: 24px;\">\n<td style=\"width: 37.048%; text-align: center; height: 24px;\">Toledo<\/td>\n<td style=\"width: 32.5948%; text-align: center; height: 24px;\">3.556\u20ac<\/td>\n<td style=\"width: 30.3571%; text-align: center; height: 24px;\">3.559\u20ac<\/td>\n<\/tr>\n<tr style=\"height: 24px;\">\n<td style=\"width: 37.048%; text-align: center; height: 24px;\">Madrid<\/td>\n<td style=\"width: 32.5948%; text-align: center; height: 24px;\">3.565\u20ac<\/td>\n<td style=\"width: 30.3571%; text-align: center; height: 24px;\">5.196\u20ac<\/td>\n<\/tr>\n<tr style=\"height: 24px;\">\n<td style=\"width: 37.048%; text-align: center; height: 24px;\">Valencia<\/td>\n<td style=\"width: 32.5948%; text-align: center; height: 24px;\">3.583\u20ac<\/td>\n<td style=\"width: 30.3571%; text-align: center; height: 24px;\">3.368\u20ac<\/td>\n<\/tr>\n<tr style=\"height: 24px;\">\n<td style=\"width: 37.048%; text-align: center; height: 24px;\">Le\u00f3n<\/td>\n<td style=\"width: 32.5948%; text-align: center; height: 24px;\">3.586\u20ac<\/td>\n<td style=\"width: 30.3571%; text-align: center; height: 24px;\">3.706\u20ac<\/td>\n<\/tr>\n<tr style=\"height: 24px;\">\n<td style=\"width: 37.048%; text-align: center; height: 24px;\">La Coru\u00f1a<\/td>\n<td style=\"width: 32.5948%; text-align: center; height: 24px;\">3.646\u20ac<\/td>\n<td style=\"width: 30.3571%; text-align: center; height: 24px;\">3.898\u20ac<\/td>\n<\/tr>\n<tr style=\"height: 24px;\">\n<td style=\"width: 37.048%; text-align: center; height: 24px;\">Bilbao<\/td>\n<td style=\"width: 32.5948%; text-align: center; height: 24px;\">3.802\u20ac<\/td>\n<td style=\"width: 30.3571%; text-align: center; height: 24px;\">3.955\u20ac<\/td>\n<\/tr>\n<tr style=\"height: 24px;\">\n<td style=\"width: 37.048%; text-align: center; height: 24px;\">Sevilla<\/td>\n<td style=\"width: 32.5948%; text-align: center; height: 24px;\">3.804\u20ac<\/td>\n<td style=\"width: 30.3571%; text-align: center; height: 24px;\">3.768\u20ac<\/td>\n<\/tr>\n<tr style=\"height: 24px;\">\n<td style=\"width: 37.048%; text-align: center; height: 24px;\">Oviedo<\/td>\n<td style=\"width: 32.5948%; text-align: center; height: 24px;\">3.931\u20ac<\/td>\n<td style=\"width: 30.3571%; text-align: center; height: 24px;\">3.789\u20ac<\/td>\n<\/tr>\n<tr style=\"height: 24px;\">\n<td style=\"width: 37.048%; text-align: center; height: 24px;\">Valladolid<\/td>\n<td style=\"width: 32.5948%; text-align: center; height: 24px;\">3.963\u20ac<\/td>\n<td style=\"width: 30.3571%; text-align: center; height: 24px;\">4.586\u20ac<\/td>\n<\/tr>\n<tr style=\"height: 24px;\">\n<td style=\"width: 37.048%; text-align: center; height: 24px;\">San Sebasti\u00e1n<\/td>\n<td style=\"width: 32.5948%; text-align: center; height: 24px;\">4.049\u20ac<\/td>\n<td style=\"width: 30.3571%; text-align: center; height: 24px;\">4.155\u20ac<\/td>\n<\/tr>\n<tr style=\"height: 24px;\">\n<td style=\"width: 37.048%; text-align: center; height: 24px;\">Barcelona<\/td>\n<td style=\"width: 32.5948%; text-align: center; height: 24px;\">4.052\u20ac<\/td>\n<td style=\"width: 30.3571%; text-align: center; height: 24px;\">3.863\u20ac<\/td>\n<\/tr>\n<tr>\n<td style=\"width: 37.048%; text-align: center;\">Pamplona<\/td>\n<td style=\"width: 32.5948%; text-align: center;\">4.371\u20ac<\/td>\n<td style=\"width: 30.3571%; text-align: center;\">4.982\u20ac<\/td>\n<\/tr>\n<tr>\n<td style=\"width: 37.048%; text-align: center;\">Santander<\/td>\n<td style=\"width: 32.5948%; text-align: center;\">5.081\u20ac<\/td>\n<td style=\"width: 30.3571%; text-align: center;\">5.205\u20ac<\/td>\n<\/tr>\n<tr>\n<td style=\"width: 37.048%; text-align: center;\">Alicante<\/td>\n<td style=\"width: 32.5948%; text-align: center;\">5.533\u20ac<\/td>\n<td style=\"width: 30.3571%; text-align: center;\">5.455\u20ac<\/td>\n<\/tr>\n<tr>\n<td style=\"width: 37.048%; text-align: center;\">Vigo<\/td>\n<td style=\"width: 32.5948%; text-align: center;\">5.760\u20ac<\/td>\n<td style=\"width: 30.3571%; text-align: center;\">6.165\u20ac<\/td>\n<\/tr>\n<\/tbody>\n<\/table>\n<p>En <strong>GENERALI<\/strong> sabemos que superar momentos dif\u00edciles puede ser un proceso largo y traum\u00e1tico. Aspectos como la <strong>asistencia m\u00e9dica y psicol\u00f3gica de expertos en duelo<\/strong> pueden contribuir a la mejor\u00eda. Nuestro <strong>Seguro de <a title=\"Protecci\u00f3n Familiar y Decesos\" href=\"https:\/\/www.generali.es\/seguros-particulares\/proteccion-familiar\" target=\"_blank\" rel=\"noopener\">Protecci\u00f3n Familiar y Decesos<\/a><\/strong> est\u00e1 dise\u00f1ado para dotarte de <strong>todo el acompa\u00f1amiento que necesites<\/strong>, en el momento que lo necesites. \u00a1<a title=\"Cons\u00faltanos\" href=\"https:\/\/www.generali.es\/static\/MKT\/seguro-decesos\/\" target=\"_blank\" rel=\"noopener\">Cons\u00faltanos<\/a> sin compromiso!<\/p>\n<p>Prueba nuestra <a href=\"https:\/\/www.generali.es\/landings\/calculadora-seguro-decesos.html\">calculadora de seguros de decesos<\/a>.<\/p>\n<p><img loading=\"lazy\" decoding=\"async\" class=\"nc_pixel\" src=\"https:\/\/pixel.welcomesoftware.com\/px.gif?key=YXJ0aWNsZT1lNDI2MjI3MDc0NzExMWVlODY2ZDg2ZjczYTUxMTRlZQ==\" alt=\"\" width=\"1\" height=\"1\" \/><\/p>\n","protected":false},"excerpt":{"rendered":"<p>\u00bfCu\u00e1nto cuesta una incineraci\u00f3n sin seguro? \u00bfY un entierro?. Estas son algunas de las preguntas m\u00e1s frecuentes cuando un ser querido fallece. Escoger la modalidad f\u00fanebre tiene para muchos un componente espiritual. Para otros, es una forma de despedir a un ser querido con el m\u00e1ximo respeto. Eso s\u00ed, el presupuesto se reduce radicalmente cuando [&hellip;]<\/p>\n","protected":false},"author":6,"featured_media":7475,"comment_status":"closed","ping_status":"open","sticky":false,"template":"","format":"standard","meta":{"footnotes":""},"categories":[1],"tags":[5728,5727,5174],"yst_prominent_words":[],"acf":[],"_links":{"self":[{"href":"https:\/\/www.generali.es\/blog\/generalimasqueseguros\/wp-json\/wp\/v2\/posts\/7476"}],"collection":[{"href":"https:\/\/www.generali.es\/blog\/generalimasqueseguros\/wp-json\/wp\/v2\/posts"}],"about":[{"href":"https:\/\/www.generali.es\/blog\/generalimasqueseguros\/wp-json\/wp\/v2\/types\/post"}],"author":[{"embeddable":true,"href":"https:\/\/www.generali.es\/blog\/generalimasqueseguros\/wp-json\/wp\/v2\/users\/6"}],"replies":[{"embeddable":true,"href":"https:\/\/www.generali.es\/blog\/generalimasqueseguros\/wp-json\/wp\/v2\/comments?post=7476"}],"version-history":[{"count":2,"href":"https:\/\/www.generali.es\/blog\/generalimasqueseguros\/wp-json\/wp\/v2\/posts\/7476\/revisions"}],"predecessor-version":[{"id":8654,"href":"https:\/\/www.generali.es\/blog\/generalimasqueseguros\/wp-json\/wp\/v2\/posts\/7476\/revisions\/8654"}],"wp:featuredmedia":[{"embeddable":true,"href":"https:\/\/www.generali.es\/blog\/generalimasqueseguros\/wp-json\/wp\/v2\/media\/7475"}],"wp:attachment":[{"href":"https:\/\/www.generali.es\/blog\/generalimasqueseguros\/wp-json\/wp\/v2\/media?parent=7476"}],"wp:term":[{"taxonomy":"category","embeddable":true,"href":"https:\/\/www.generali.es\/blog\/generalimasqueseguros\/wp-json\/wp\/v2\/categories?post=7476"},{"taxonomy":"post_tag","embeddable":true,"href":"https:\/\/www.generali.es\/blog\/generalimasqueseguros\/wp-json\/wp\/v2\/tags?post=7476"},{"taxonomy":"yst_prominent_words","embeddable":true,"href":"https:\/\/www.generali.es\/blog\/generalimasqueseguros\/wp-json\/wp\/v2\/yst_prominent_words?post=7476"}],"curies":[{"name":"wp","href":"https:\/\/api.w.org\/{rel}","templated":true}]}}