{"id":7296,"date":"2023-09-05T15:55:20","date_gmt":"2023-09-05T13:55:20","guid":{"rendered":"https:\/\/www.generali.es\/blog\/generalimasqueseguros\/?p=7296"},"modified":"2023-09-05T15:55:22","modified_gmt":"2023-09-05T13:55:22","slug":"hay-experiencias-que-nos-hacen-sentir-vivos","status":"publish","type":"post","link":"https:\/\/www.generali.es\/blog\/generalimasqueseguros\/hay-experiencias-que-nos-hacen-sentir-vivos\/","title":{"rendered":"Experiencias \u00danicas: Viaje en helic\u00f3ptero con Jes\u00fas Calleja"},"content":{"rendered":"\n<p>Fue un d\u00eda nublado y con un poco de viento, pero llegaron con una sonrisa en la cara al helipuerto de Le\u00f3n. Nuestra invitada especial Coti, merecedora ganadora del concurso #VuelaconCalleja entre tant\u00edsimos clientes participantes y su pareja, \u00c1ngel.<\/p>\n\n\n\n<p>Coti llegaba tranquila, lo que ya nos hac\u00eda intuir su esp\u00edritu aventurero, y all\u00ed estaba esper\u00e1ndoles Jes\u00fas Calleja.<\/p>\n\n\n\n<p>Subieron al helic\u00f3ptero, nuestra aventurera se sent\u00f3 en el asiento de copiloto para vivir la experiencia completa, Jes\u00fas y \u00c1ngel, la acompa\u00f1aron de cerca desde el asiento trasero. Tras recibir una breve explicaci\u00f3n y abrocharse bien los cinturones de seguridad, todos, junto con el piloto, se elevaron para ver el precioso panorama a vista de p\u00e1jaro y disfrutar de lo impresionante que es ver y sentir las monta\u00f1as, r\u00edos, prados, ver los animales y la naturaleza en su m\u00e1xima extensi\u00f3n.<\/p>\n\n\n\n<p>El plus lo a\u00f1adi\u00f3 Jes\u00fas, ya que, al ser de Le\u00f3n, conoc\u00eda perfectamente la zona y adem\u00e1s a esto le sum\u00f3 sus m\u00faltiples an\u00e9cdotas, porque hay pocas personas con m\u00e1s experiencia aventurera que \u201cCalleja\u201d.<\/p>\n\n\n\n<p>Coti comparti\u00f3 con nosotros todas sus vivencias, como se hab\u00eda apuntado al concurso, como hab\u00eda presentido que lo iba a ganar y lo que supuso para ella este premio.<\/p>\n\n\n\n<p>Hab\u00eda visto el llamamiento de Jes\u00fas en nombre de Generali en Instagram <a href=\"https:\/\/www.instagram.com\/p\/Cjcqc3BjRET\/\" target=\"_blank\" rel=\"noopener\">ver video<\/a> y no lo dud\u00f3 un momento. Nos envi\u00f3 un video grabado desde su cocina, explic\u00e1ndonos cual hab\u00eda sido la experiencia que hab\u00eda tenido hasta el momento que le hab\u00eda hecho sentir \u201cm\u00e1s viva\u201d, y dicho y hecho, mand\u00f3 su video y un jurado compuesto por empleados de Generali y Jes\u00fas Calleja, la elegimos ganadora.<\/p>\n\n\n\n<p>\ud83d\udc49 <a class=\"btn-social-network\" href=\"https:\/\/www.instagram.com\/p\/Cj3WR8lDFqF\/\" target=\"_blank\" rel=\"noopener\"><strong>\u00bfQuieres descubrir su historia?<\/strong><\/a><\/p>\n\n\n<div class=\"vive-container last\">\n<div class=\"aventura-container\">\n<div class=\"video-description-container\">\n<div class=\"video-container_b\">\n<div class=\"embed-responsive embed-responsive-1by1\"><div class=\"videoWrapperContainer\"><div class=\"videoWrapper\"><iframe class=\"embed-responsive-item video\" src=\"https:\/\/www.youtube.com\/embed\/K0cs8818umo\" allowfullscreen=\"allowfullscreen\"><\/iframe><\/div><\/div><\/div>\n<\/div>\n<div class=\"description-container\">\n<p class=\"description\">Como una imagen vale m\u00e1s que mil palabras te invitamos a que disfrutes con ella de esta maravillosa aventura<\/p>\n<div class=\"btn-container-youtube\"><a class=\"btn-youtube\" href=\"https:\/\/www.youtube.com\/watch?v=K0cs8818umo\">ver experiencias<\/a><\/div>\n<\/div>\n<\/div>\n<\/div>\n<\/div>\n\n\n<p>\ud83d\udc49 S\u00edguenos porque habr\u00e1 m\u00e1s, <strong>pero eso s\u00ed, esto es exclusivo<\/strong> para los clientes de GENERALI \ud83d\ude0a<\/p>\n","protected":false},"excerpt":{"rendered":"<p>Fue un d\u00eda nublado y con un poco de viento, pero llegaron con una sonrisa en la cara al helipuerto de Le\u00f3n. Nuestra invitada especial Coti, merecedora ganadora del concurso #VuelaconCalleja entre tant\u00edsimos clientes participantes y su pareja, \u00c1ngel. Coti llegaba tranquila, lo que ya nos hac\u00eda intuir su esp\u00edritu aventurero, y all\u00ed estaba esper\u00e1ndoles [&hellip;]<\/p>\n","protected":false},"author":2,"featured_media":7298,"comment_status":"open","ping_status":"open","sticky":false,"template":"","format":"standard","meta":{"footnotes":""},"categories":[73],"tags":[],"yst_prominent_words":[],"acf":[],"_links":{"self":[{"href":"https:\/\/www.generali.es\/blog\/generalimasqueseguros\/wp-json\/wp\/v2\/posts\/7296"}],"collection":[{"href":"https:\/\/www.generali.es\/blog\/generalimasqueseguros\/wp-json\/wp\/v2\/posts"}],"about":[{"href":"https:\/\/www.generali.es\/blog\/generalimasqueseguros\/wp-json\/wp\/v2\/types\/post"}],"author":[{"embeddable":true,"href":"https:\/\/www.generali.es\/blog\/generalimasqueseguros\/wp-json\/wp\/v2\/users\/2"}],"replies":[{"embeddable":true,"href":"https:\/\/www.generali.es\/blog\/generalimasqueseguros\/wp-json\/wp\/v2\/comments?post=7296"}],"version-history":[{"count":2,"href":"https:\/\/www.generali.es\/blog\/generalimasqueseguros\/wp-json\/wp\/v2\/posts\/7296\/revisions"}],"predecessor-version":[{"id":7299,"href":"https:\/\/www.generali.es\/blog\/generalimasqueseguros\/wp-json\/wp\/v2\/posts\/7296\/revisions\/7299"}],"wp:featuredmedia":[{"embeddable":true,"href":"https:\/\/www.generali.es\/blog\/generalimasqueseguros\/wp-json\/wp\/v2\/media\/7298"}],"wp:attachment":[{"href":"https:\/\/www.generali.es\/blog\/generalimasqueseguros\/wp-json\/wp\/v2\/media?parent=7296"}],"wp:term":[{"taxonomy":"category","embeddable":true,"href":"https:\/\/www.generali.es\/blog\/generalimasqueseguros\/wp-json\/wp\/v2\/categories?post=7296"},{"taxonomy":"post_tag","embeddable":true,"href":"https:\/\/www.generali.es\/blog\/generalimasqueseguros\/wp-json\/wp\/v2\/tags?post=7296"},{"taxonomy":"yst_prominent_words","embeddable":true,"href":"https:\/\/www.generali.es\/blog\/generalimasqueseguros\/wp-json\/wp\/v2\/yst_prominent_words?post=7296"}],"curies":[{"name":"wp","href":"https:\/\/api.w.org\/{rel}","templated":true}]}}