{"id":4679,"date":"2021-04-28T12:08:00","date_gmt":"2021-04-28T10:08:00","guid":{"rendered":"https:\/\/www.generali.es\/blog\/generalimasqueseguros\/?p=4679"},"modified":"2022-05-17T15:50:06","modified_gmt":"2022-05-17T13:50:06","slug":"alquiler-oficina-trabajar-autonomos-emprendedores-startups","status":"publish","type":"post","link":"https:\/\/www.generali.es\/blog\/generalimasqueseguros\/alquiler-oficina-trabajar-autonomos-emprendedores-startups\/","title":{"rendered":"5 VENTAJAS DE ALQUILAR UNA OFICINA PARA TU NEGOCIO"},"content":{"rendered":"\n<p>Si eres emprendedor, llegar\u00e1 un momento en el que tendr\u00e1s que enfrentarte a una de las decisiones m\u00e1s importantes de tu vida profesional: <b>d\u00f3nde instalar tu lugar de trabajo<\/b>. Muchos emprendedores piensan en iniciar su actividad desde su propia casa, pero esto solo se trata de una soluci\u00f3n a corto plazo hasta que su negocio despegue.<\/p>\n\n\n\n<p>Adem\u00e1s, <b>trabajar desde casa no siempre es lo m\u00e1s c\u00f3modo<\/b>. Implica disponer de un espacio totalmente dedicado a ser tu oficina o despacho, saber separar el tiempo de trabajo del tiempo libre, organizar tus horarios y adaptarlos al resto de personas con las que convivas (en caso de que vivas en familia o compartas piso con otras personas). Por no hablar de lo mon\u00f3tono que puede resultar <strong>no <\/strong><b>cambiar de ambiente al terminar la jornada laboral<\/b>, como bien hemos podido experimentar durante los numerosos confinamientos por la pandemia.<\/p>\n\n\n\n<h2 class=\"wp-block-heading\"><span style=\"color: #c21b00;\"><strong><span style=\"font-size: 16pt;\">El alquiler de oficinas para aut\u00f3nomos en Espa\u00f1a<\/span><\/strong><\/span><\/h2>\n\n\n\n<p>A pesar de que son muchos los emprendedores que comienzan su aventura empresarial desde su propia casa, <b>ocho de cada diez aut\u00f3nomos prefieren trabajar en una oficina fija<\/b>.<\/p>\n\n\n\n<p>Level UP, la escuela de negocios de referencia para aut\u00f3nomos y pymes en el territorio espa\u00f1ol, realiz\u00f3 una investigaci\u00f3n con el objetivo de conocer las preferencias y la forma de trabajar de aut\u00f3nomos y peque\u00f1os empresarios. \u00c9sta revel\u00f3 que el <a href=\"https:\/\/diariodeemprendedores.com\/emprendedores-emprender\/el-80-de-los-autonomos-espanoles-prefiere-trabajar-en-una-oficina-y-no-desde-casa.html\" rel=\"nofollow\">80% de los aut\u00f3nomos espa\u00f1oles<\/a> prefiere trabajar en una oficina y no desde casa.<\/p>\n\n\n\n<p>En cualquier caso, si te decides por buscar una oficina para instalarte laboralmente, tambi\u00e9n tendr\u00e1s que tener en cuenta diversos factores como la ubicaci\u00f3n de la oficina, el entorno empresarial, los recursos econ\u00f3micos que tengas disponibles, etc. Aventurarse a <b>comprar un espacio puede suponer un gran <\/b><strong>riesgo <\/strong>para un aut\u00f3nomo o una peque\u00f1a empresa que est\u00e9 iniciando su actividad. Por ello, una excelente alternativa al trabajo en casa y a la compra de una oficina es el alquiler. A continuaci\u00f3n te explicamos algunas de las principales ventajas que presenta el alquiler de una oficina.<\/p>\n\n\n\n<p><strong>Te puede interesar<\/strong>: <a href=\"https:\/\/www.generali.es\/blog\/generalimasqueseguros\/como-superar-el-miedo-a-hablar-en-publico\/\" target=\"_blank\" rel=\"noopener\">C\u00f3mo superar el miedo a hablar en p\u00fablico<\/a><\/p>\n\n\n\n<figure class=\"wp-block-image\"><img decoding=\"async\" src=\"https:\/\/images-cdn.welcomesoftware.com\/Zz00YzM3OTkzYmE2OTcxMWViOTE5OTgzNmZhYmZmZjg3Mg==\" alt=\"Generali_Renting an office_Mini Graphics_27.04.21.png\"\/><\/figure>\n\n\n\n<h2 class=\"wp-block-heading\"><span style=\"color: #c21b00;\"><strong><span style=\"font-size: 16pt;\">5 ventajas de alquilar una oficina<\/span><\/strong><\/span><\/h2>\n\n\n\n<h3 class=\"wp-caption-text wp-block-heading\"><span style=\"color: #c21b00;\"><strong><span style=\"font-size: 14pt;\">Una garant\u00eda de flexibilidad<\/span><\/strong><\/span><\/h3>\n\n\n\n<p>En comparaci\u00f3n con la compra, que es cara y m\u00e1s a largo plazo, el alquiler te permite <b>encontrar un local adecuado a tus necesidades, presupuesto y crecimiento<\/b>. Adem\u00e1s, muchos de ellos ya tienen servicios incluidos, como aparcamiento, salas de reuniones, equipos, etc. Si tienes determinadas limitaciones financieras para tu negocio, el alquiler es una alternativa que no supone un compromiso por tu parte. Por otro lado, si tu negocio crece, tambi\u00e9n puedes trasladarte f\u00e1cilmente a un local m\u00e1s adecuado o incluso puede que ya est\u00e9s preparado para comprar, tras haber tenido una experiencia de alquiler exitosa.<\/p>\n\n\n\n<h3 class=\"wp-block-heading\"><span style=\"color: #c21b00;\"><strong><span style=\"font-size: 14pt;\">Una ventaja fiscal considerable<\/span><\/strong><\/span><\/h3>\n\n\n\n<p>Un alquiler puede resultar bastante ventajoso desde el punto de vista fiscal. De hecho, es posible que puedas <strong>deducir los gastos de explotaci\u00f3n relacionados con el precio del alquiler para <\/strong><b>reducir el beneficio imponible<\/b> de tu empresa. Esto incluye, por supuesto, el precio del alquiler, el seguro profesional e, incluso, los gastos de funcionamiento.<\/p>\n\n\n\n<h3 class=\"wp-block-heading\"><span style=\"color: #c21b00;\"><strong><span style=\"font-size: 14pt;\">Una opci\u00f3n adaptada a tu actividad<\/span><\/strong><\/span><\/h3>\n\n\n\n<p>En general, a la hora de alquilar un local, se ofrecen dos tipos de arrendamiento dependiendo de la actividad empresarial: el comercial y el profesional.<\/p>\n\n\n\n<ul><li>El <b>arrendamiento comercial<\/b>, que suele ser de larga duraci\u00f3n, est\u00e1 <b>destinado a actividades comerciales y artesanales<\/b>, aunque tampoco excluye categ\u00f3ricamente a las empresas de otros sectores.<\/li><li>El <b>arrendamiento profesional<\/b>, en cambio, es m\u00e1s adecuado para las empresas que ofrecen servicios.<\/li><\/ul>\n\n\n\n<h3 class=\"wp-block-heading\"><span style=\"color: #c21b00;\"><strong><span style=\"font-size: 14pt;\">Una amplia variedad de servicios incluidos<\/span><\/strong><\/span><\/h3>\n\n\n\n<p>El alquiler de oficinas en centros de negocios u organizaciones similares, como los viveros de empresas, puede ofrecerte instalaciones y servicios muy pr\u00e1cticos para tu negocio, empezando por la recepci\u00f3n o el parking.<\/p>\n\n\n\n<p>Dependiendo de los servicios que ofrezca el administrador de la propiedad, y pagando una cuota, puedes beneficiarte del <b>servicio de entrega, m\u00e1quinas de caf\u00e9, impresoras <\/b>y mucho m\u00e1s.<\/p>\n\n\n\n<p><br><\/p>\n\n\n\n<h2 class=\"wp-block-heading\"><span style=\"color: #c21b00;\"><strong><span style=\"font-size: 16pt;\">Opciones de <em>coworking <\/em>en Espa\u00f1a<\/span><\/strong><\/span><\/h2>\n\n\n\n<p>El <em>coworking <\/em>permite alquilar una o varias oficinas cerradas o reservar un lugar en un espacio abierto. Todo ello mientras te beneficias de diferentes servicios y trabajas en un <b>entorno din\u00e1mico junto a otros muchos emprendedores<\/b>.<\/p>\n\n\n\n<p>Los <b>espacios de <i>coworking<\/i><\/b> pueden presentar muchas ventajas para tu negocio y son especialmente <strong>adecuados para <em>start ups <\/em>y plantillas peque\u00f1as<\/strong>. Adem\u00e1s, la oferta de estas oficinas compartidas por otros emprendedores es cada vez m\u00e1s amplia en Espa\u00f1a. De hecho, existen m\u00e1s de 1.550 espacios de coworking y a continuaci\u00f3n te mostramos algunos de ellos.<\/p>\n\n\n\n<figure class=\"wp-block-image\"><img decoding=\"async\" src=\"https:\/\/images-cdn.welcomesoftware.com\/Zz02MjFmOGY4Y2E2OTcxMWViYjRkMjBmMzFmZjFmZDVhZg==\" alt=\"Generali_Renting an office_Mini Graphics_27.04.212.png\"\/><\/figure>\n\n\n\n<p><strong><a href=\"https:\/\/www.utopicus.es\/\" target=\"_blank\" rel=\"noopener nofollow\">Utopicus <\/a><\/strong>es una opci\u00f3n muy interesante si realizas tu actividad en <strong>Madrid o Barcelona.<\/strong>&nbsp;Su decoraci\u00f3n di\u00e1fana y sencilla <strong>fomenta una mayor concentraci\u00f3n<\/strong>. Si te dedicas al alg\u00fan sector relacionado con la <strong>creatividad <\/strong>como el dise\u00f1o, el arte, la fotograf\u00eda o la m\u00fasica, \u00a1este <em>coworking <\/em>est\u00e1 hecho para ti!<\/p>\n\n\n\n<p>\u00bf<strong>Trabajas en Barcelona <\/strong>o alrededores? <strong><a href=\"https:\/\/www.pipoca.es\/\" target=\"_blank\" rel=\"nofollow noopener\">Pipoca <\/a><\/strong>es un espacio de <em>coworking<\/em> caracterizado por <strong>la inspiraci\u00f3n y el ambiente positivo.<\/strong> Saca provecho a sus mesas de ping-pong o a su zona <em>lounge <\/em>para tomarte un descanso despu\u00e9s de varias horas trabajando.<\/p>\n\n\n\n<p>En <strong>Valencia se ubica <a href=\"https:\/\/wayco.es\/\" target=\"_blank\" rel=\"nofollow noopener\">Wayco<\/a>,<\/strong> un complejo a las orillas del r\u00edo Turia. \u00bfPrimas la <strong>tranquilidad y el silencio para trabajar<\/strong>? Echa un vistazo a este <em>coworking <\/em>y aprovecha el <strong>jard\u00edn interior del edificio<\/strong> para tomar un caf\u00e9 o charlar con otros emprendedores. \u00a1Quiz\u00e1s acabes colaborando con otras pymes para expandir tu negocio!<\/p>\n\n\n\n<p>Si eres un emprendedor y <strong>vives en Granada<\/strong>, echa un vistazo a las <strong>oficinas de <a href=\"https:\/\/coworkingspain.es\/espacios\/coworking\/granada\/anda-cowork\" target=\"_blank\" rel=\"nofollow noopener\">ANDA Cowork<\/a><\/strong>. Destacan por su buena <strong>conexi\u00f3n&nbsp;con la estaci\u00f3n de tren y autob\u00fas<\/strong>. Son perfectas si buscas establecer sinergias con otros emprendedores de la zona dentro de un espacio con todas las comodidades.<\/p>\n\n\n\n<p>En el mismo <strong>centro de Bilbao<\/strong> se encuentra <a href=\"https:\/\/biworking.com\/\" target=\"_blank\" rel=\"nofollow noopener\">BiWorking<\/a>, un amplio y di\u00e1fano complejo con multitud de salas disponibles y espacios donde trabajar c\u00f3modamente. Disfruta de los <strong>eventos de networking<\/strong> que organizan y utiliza sus <strong>salas de reuniones <\/strong>para sorprender a tus clientes.<\/p>\n\n\n\n<p>Por \u00faltimo, te recomendamos las oficinas de <a href=\"https:\/\/www.doutroxeito.gal\/\" target=\"_blank\" rel=\"nofollow noopener\">Doutroxeito<\/a>, en pleno <strong>centro hist\u00f3rico de Santiago de Compostela<\/strong>. \u00a1Arranca ese proyecto de emprendimiento con el que siempre so\u00f1aste!<\/p>\n\n\n\n<p>&nbsp;<\/p>\n\n\n\n<p><span data-sheets-value=\"{&quot;1&quot;:2,&quot;2&quot;:&quot;Mant\u00e9nte al d\u00eda con los nuevos negocios m\u00e1s importantes y noticias tecnol\u00f3gicas gracias a nuestro contenido experto&quot;}\">Mant\u00e9nte al d\u00eda con los nuevos negocios m\u00e1s importantes y noticias tecnol\u00f3gicas gracias a nuestro contenido experto:<\/span><\/p>\n\n\n\n<p><a href=\"https:\/\/www.generali.es\/blog\/generalimasqueseguros\/como-crear-una-startup\/\" target=\"_blank\" rel=\"noopener\"><span data-sheets-value=\"{&quot;1&quot;:2,&quot;2&quot;:&quot;Mant\u00e9nte al d\u00eda con los nuevos negocios m\u00e1s importantes y noticias tecnol\u00f3gicas gracias a nuestro contenido experto&quot;}\">C\u00f3mo crear un startup<\/span><\/a><\/p>\n\n\n\n<p><a href=\"https:\/\/www.generali.es\/blog\/generalimasqueseguros\/teletrabajo-como-unir-equipo-dinamicas\/\" target=\"_blank\" rel=\"noopener\"><span data-sheets-value=\"{&quot;1&quot;:2,&quot;2&quot;:&quot;Mant\u00e9nte al d\u00eda con los nuevos negocios m\u00e1s importantes y noticias tecnol\u00f3gicas gracias a nuestro contenido experto&quot;}\">Consejos para mantener unido un equipo de trabajo en remoto<\/span><\/a><\/p>\n\n\n\n<p><a href=\"https:\/\/www.generali.es\/blog\/generalimasqueseguros\/una-introduccion-a-las-finanzas-de-las-pequenas-empresas\/\" target=\"_blank\" rel=\"noopener\">Un introducci\u00f3n a las finanzas de las peque\u00f1as empresas<\/a><\/p>\n\n\n\n<p><a href=\"https:\/\/www.generali.es\/blog\/generalimasqueseguros\/tres-aspectos-clave-para-prevenir-robos-en-tu-oficina\/\" target=\"_blank\" rel=\"noopener\">Tres aspectos clave para evitar un robo en la oficina<\/a><\/p>\n\n\n\n<p><a href=\"https:\/\/www.generali.es\/blog\/generalimasqueseguros\/como-hacer-que-tu-negocio-sea-socialmente-responsable\/\" target=\"_blank\" rel=\"noopener\">C\u00f3mo hacer que tu negocio sea socialmente responsable<\/a><\/p>\n\n\n\n<figure class=\"wp-block-image\"><img decoding=\"async\" src=\"https:\/\/pixel.welcomesoftware.com\/px.gif?key=YXJ0aWNsZT00ODFiYzkxMjk3OTMxMWViODhlYWM1MDM1ZTI1M2VhMw==\" alt=\"\"\/><\/figure>\n","protected":false},"excerpt":{"rendered":"<p>Si eres emprendedor, llegar\u00e1 un momento en el que tendr\u00e1s que enfrentarte a una de las decisiones m\u00e1s importantes de tu vida profesional: d\u00f3nde instalar tu lugar de trabajo. Muchos emprendedores piensan en iniciar su actividad desde su propia casa, pero esto solo se trata de una soluci\u00f3n a corto plazo hasta que su negocio [&hellip;]<\/p>\n","protected":false},"author":6,"featured_media":4678,"comment_status":"closed","ping_status":"open","sticky":false,"template":"","format":"standard","meta":{"footnotes":""},"categories":[1],"tags":[3981,1747,14,3983,2031,3874,3984,104,3982,2465,3985,1265,3659,3980],"yst_prominent_words":[],"acf":[],"_links":{"self":[{"href":"https:\/\/www.generali.es\/blog\/generalimasqueseguros\/wp-json\/wp\/v2\/posts\/4679"}],"collection":[{"href":"https:\/\/www.generali.es\/blog\/generalimasqueseguros\/wp-json\/wp\/v2\/posts"}],"about":[{"href":"https:\/\/www.generali.es\/blog\/generalimasqueseguros\/wp-json\/wp\/v2\/types\/post"}],"author":[{"embeddable":true,"href":"https:\/\/www.generali.es\/blog\/generalimasqueseguros\/wp-json\/wp\/v2\/users\/6"}],"replies":[{"embeddable":true,"href":"https:\/\/www.generali.es\/blog\/generalimasqueseguros\/wp-json\/wp\/v2\/comments?post=4679"}],"version-history":[{"count":0,"href":"https:\/\/www.generali.es\/blog\/generalimasqueseguros\/wp-json\/wp\/v2\/posts\/4679\/revisions"}],"wp:featuredmedia":[{"embeddable":true,"href":"https:\/\/www.generali.es\/blog\/generalimasqueseguros\/wp-json\/wp\/v2\/media\/4678"}],"wp:attachment":[{"href":"https:\/\/www.generali.es\/blog\/generalimasqueseguros\/wp-json\/wp\/v2\/media?parent=4679"}],"wp:term":[{"taxonomy":"category","embeddable":true,"href":"https:\/\/www.generali.es\/blog\/generalimasqueseguros\/wp-json\/wp\/v2\/categories?post=4679"},{"taxonomy":"post_tag","embeddable":true,"href":"https:\/\/www.generali.es\/blog\/generalimasqueseguros\/wp-json\/wp\/v2\/tags?post=4679"},{"taxonomy":"yst_prominent_words","embeddable":true,"href":"https:\/\/www.generali.es\/blog\/generalimasqueseguros\/wp-json\/wp\/v2\/yst_prominent_words?post=4679"}],"curies":[{"name":"wp","href":"https:\/\/api.w.org\/{rel}","templated":true}]}}