{"id":4489,"date":"2021-02-19T10:43:00","date_gmt":"2021-02-19T09:43:00","guid":{"rendered":"https:\/\/www.generali.es\/blog\/generalimasqueseguros\/?p=4489"},"modified":"2022-05-17T13:20:32","modified_gmt":"2022-05-17T11:20:32","slug":"teletrabajo-derechos-obligaciones-legislacion","status":"publish","type":"post","link":"https:\/\/www.generali.es\/blog\/generalimasqueseguros\/teletrabajo-derechos-obligaciones-legislacion\/","title":{"rendered":"DERECHOS Y OBLIGACIONES EN TELETRABAJO"},"content":{"rendered":"\n<p>Poco a poco el teletrabajo se ha convertido en una realidad muy extendida en Espa\u00f1a debido a las restricciones provocadas por la pandemia. Adem\u00e1s, es probable que esta flexibilizaci\u00f3n laboral se acabe <strong>incorporando de manera parcial o total en el d\u00eda a d\u00eda <\/strong>de muchas empresas.<\/p>\n\n\n\n<p>Aunque los contratiempos m\u00e1s habituales del teletrabajo normalmente implican hacer <strong>malabarismos con el cuidado de los hijos<\/strong> o mantener videollamadas demasiado largas, en ocasiones pueden surgir problemas m\u00e1s graves.<\/p>\n\n\n\n<figure class=\"wp-block-image\"><img decoding=\"async\" src=\"https:\/\/images-cdn.newscred.com\/Zz1jM2U0MTU5NDY2YzMxMWViYjA3YTFkZWMwMmVjY2Q3YQ==\" alt=\"Generali_Working_From_Home_Rights_Mini_Infographics_02.02.21-1.png\"\/><\/figure>\n\n\n\n<p>Por eso es esencial saber exactamente <strong>cu\u00e1les son tus derechos<\/strong> y el <strong>nivel de protecci\u00f3n legal<\/strong> al que te puedes acoger. \u00bfEs la empresa la que debe pagar los gastos asociados al teletrabajo? \u00bfPueden obligar al trabajador a teletrabajar? Resolvemos todas tus dudas sobre el teletrabajo de acuerdo a la <strong>legislaci\u00f3n vigente en Espa\u00f1a<\/strong>.<\/p>\n\n\n\n<p>&nbsp;<\/p>\n<h2 class=\"wp-caption-text\"><span style=\"color: #c21b00;\"><strong><span style=\"font-size: 16pt;\">Normativa legal del teletrabajo en Espa\u00f1a<\/span><\/strong><\/span><\/h2>\n<p>&nbsp;<\/p>\n\n\n\n<p>En Espa\u00f1a, la reci\u00e9n aprobada <a href=\"https:\/\/boe.es\/buscar\/pdf\/2020\/BOE-A-2020-11043-consolidado.pdf\">Ley 28\/2020 de Trabajo a Distancia<\/a> rige los <strong>derechos y deberes tanto del empleado como del empresario<\/strong>. Para poder acogerse a esta normativa, el empleado debe llevar a cabo actividades \u00abque se desarrollen a distancia con car\u00e1cter regular\u00bb.<\/p>\n\n\n\n<p>Pero \u00bfqu\u00e9 entra en esta categor\u00eda? El trabajo <strong>fuera de las instalaciones de la empresa<\/strong>, sea en el domicilio particular del trabajador o en un espacio com\u00fan como un <i>coworking <\/i>o cafeter\u00eda<i>.<\/i> Adem\u00e1s, es imprescindible que este trabajo se prolongue <strong>durante al menos 3 meses<\/strong> y como m\u00ednimo un <strong>30% de la jornada laboral<\/strong> se realice a distancia, para as\u00ed poder tener disfrutar de los derechos al teletrabajo.<\/p>\n\n\n\n<p>&nbsp;<\/p>\n<h2 class=\"wp-caption-text\"><span style=\"color: #c21b00;\"><strong><span style=\"font-size: 16pt;\">\u00bfDe qu\u00e9 es responsable la empresa?<\/span><\/strong><\/span><\/h2>\n<p>&nbsp;<\/p>\n\n\n\n<p>La empresa est\u00e1 obligada a <strong>facilitar <\/strong>a sus empleados los <strong>medios, equipos y herramientas<\/strong> que requiere el trabajo a distancia, como un ordenador port\u00e1til.<\/p>\n\n\n\n<p>Adem\u00e1s, tambi\u00e9n deben garantizar su mantenimiento. Es decir, la compa\u00f1\u00eda no solo debe poner a disposici\u00f3n del trabajador un ordenador y dem\u00e1s herramientas para realizar su funci\u00f3n, sino que tambi\u00e9n debe <strong>hacerse cargo del deterioro <\/strong>de este material.<\/p>\n\n\n\n<p>Por otro lado, la empresa debe <strong>establecer por escrito las condiciones del trabajo a distancia antes de que se inicie esta modalidad de trabajo, <\/strong>una vez finalice la situaci\u00f3n de trabajo a distancia vinculada a la emergencia sanitaria. Todos los empleados deber\u00e1n recibir una copia del acuerdo al que se ha llegado para informar a sus trabajadores.<\/p>\n\n\n\n<figure class=\"wp-block-image\"><img decoding=\"async\" src=\"https:\/\/images-cdn.newscred.com\/Zz1iNTkzZmIwNjY5NjMxMWViYjEyMDAzODU0NmRjZTI3MA==\" alt=\"Generali_Working_From_Home_Rights_Mini_Infographics_02.02.21-2 (1).png\"\/><\/figure>\n\n\n\n<p>&nbsp;<\/p>\n<h2 class=\"wp-caption-text\"><span style=\"color: #c21b00;\"><strong><span style=\"font-size: 16pt;\">\u00bfQui\u00e9n debe costear los gastos asociados al teletrabajo?<\/span><\/strong><\/span><\/h2>\n<p>&nbsp;<\/p>\n\n\n\n<p>Existe un gran debate al respecto, pues la <strong>ley no es muy concreta en este aspecto<\/strong>. La legislaci\u00f3n dice literalmente que el trabajador tiene \u00ab<strong>derecho al abono y compensaci\u00f3n de gastos<\/strong>\u00bb derivados del teletrabajo. Sin embargo, no especifica cu\u00e1les son esos gastos. Eso s\u00ed, llama constantemente a un <strong>acuerdo<\/strong> entre el trabajador y la empresa.<\/p>\n\n\n\n<p>Por lo tanto, no se especifica qui\u00e9n debe <strong>costear la luz, la conexi\u00f3n a Internet o el material de oficina<\/strong> para teletrabajar, pero s\u00ed se obliga a que la empresa acuerde las condiciones con sus empleados mediante el convenio colectivo.&nbsp;<\/p>\n\n\n\n<p>Aun as\u00ed, si est\u00e1s utilizando un ordenador port\u00e1til de trabajo u otro equipo costoso, no est\u00e1 de m\u00e1s comprobar si la empresa sigue siendo responsable del seguro o si lo tendr\u00e1s que cubrir con un plan personal.<\/p>\n\n\n\n<p>&nbsp;<\/p>\n<h2 class=\"wp-caption-text\"><span style=\"color: #c21b00;\"><strong><span style=\"font-size: 16pt;\">\u00bfExiste alg\u00fan requisito en materia de salud y seguridad?<\/span><\/strong><\/span><\/h2>\n<p>&nbsp;<\/p>\n\n\n\n<p>Aunque es poco probable que la empresa pueda hacer una evaluaci\u00f3n de riesgos en la habitaci\u00f3n donde trabajas, debe seguir asegur\u00e1ndose de que tu <strong>trabajo se pueda realizar de manera segura<\/strong>, y esto implica tener en cuenta tanto la <strong>salud f\u00edsica como mental<\/strong>.&nbsp;<\/p>\n\n\n\n<p>La empresa est\u00e1 obligada a facilitar informaci\u00f3n a sus empleados sobre los <strong>riesgos y las medidas de prevenci\u00f3n del teletrabajo<\/strong>. Aun as\u00ed, si tu empresa no te ha proporcionado una evaluaci\u00f3n de riesgos, puedes echar un vistazo a las <a href=\"https:\/\/ayudaleyprotecciondatos.es\/2020\/03\/23\/autoevaluacion-teletrabajo-prl\/\" target=\"_blank\" rel=\"noopener noreferrer nofollow\">preguntas que deber\u00eda incluir<\/a> y <strong>hacer tu propia autoevaluaci\u00f3n<\/strong> sobre tus condiciones de teletrabajo.<\/p>\n\n\n\n<p>La salud mental es m\u00e1s dif\u00edcil de evaluar, pero debes protegerte del estr\u00e9s o presi\u00f3n indebidos, y tu supervisor deber\u00e1 <strong>mantener un contacto regular contigo<\/strong> para ayudarte a no sentirte aislado o abandonado.<\/p>\n\n\n\n<p>&nbsp;<\/p>\n<h2 class=\"wp-caption-text\"><span style=\"color: #c21b00;\"><strong><span style=\"font-size: 16pt;\">El derecho a la desconexi\u00f3n digital: \u00bfrealidad o utop\u00eda?<\/span><\/strong><\/span><\/h2>\n<p>&nbsp;<\/p>\n\n\n\n<p>La Ley Org\u00e1nica 3\/2018 establece expl\u00edcitamente el <strong>derecho a la desconexi\u00f3n digital de los trabajadores<\/strong>. Es decir, que debe existir un <strong>respeto a la duraci\u00f3n m\u00e1xima de la jornada<\/strong> por parte de la empresa y se deben garantizar los <strong>descansos del trabajador<\/strong>. Un ejemplo son las pausas para la comida o la del caf\u00e9, si la hubiera.<\/p>\n\n\n\n<p>Esto se hace con el fin de evitar problemas cada vez m\u00e1s frecuentes, como la fatiga inform\u00e1tica o el tecnoestr\u00e9s que sufren los trabajadores. Para ello, el convenio colectivo de tu empresa tendr\u00e1 que <strong>definir las modalidades de ejercicio del derecho<\/strong> <strong>a la desconexi\u00f3n.<\/strong><\/p>\n\n\n\n<p>&nbsp;<\/p>\n<h2 class=\"wp-caption-text\"><span style=\"color: #c21b00;\"><strong><span style=\"font-size: 16pt;\">\u00bfLa empresa puede obligarme a teletrabajar?<\/span><\/strong><\/span><\/h2>\n<p>&nbsp;<\/p>\n\n\n\n<p>La ley que regula el teletrabajo en Espa\u00f1a <strong>no establece la obligatoriedad del trabajo a la distancia<\/strong>. Debe haber acuerdo entre las dos partes, ya que es opcional. Es decir, el <strong>trabajador no puede reclamar<\/strong> el derecho a trabajar desde casa, pero la <strong>empresa tampoco puede imponer <\/strong>esta modalidad si el empleado no quiere.<\/p>\n\n\n\n<p>Adem\u00e1s, <strong>negarse a trabajar a distancia<\/strong>, solicitar a la empresa que se revierta el teletrabajo o exponer las dificultades para adaptarse a esta modalidad no pueden ser causas justificativas de despido. De lo contrario, tu empresa estar\u00eda incurriendo en un <strong>despido improcedente<\/strong>.<\/p>\n\n\n\n<p>&nbsp;<\/p>\n<h2 class=\"wp-caption-text\"><span style=\"color: #c21b00;\"><strong><span style=\"font-size: 16pt;\">Derechos del trabajador a distancia<\/span><\/strong><\/span><\/h2>\n<p>&nbsp;<\/p>\n\n\n\n<p>Si te preocupa que pueda haber una <strong>infracci\u00f3n de tus derechos<\/strong>, intenta obtener un acuerdo por escrito de la empresa sobre lo que esperan y no esperan de ti durante este per\u00edodo. Deber\u00e1 incluir las <strong>horas en las que estar\u00e1s disponible<\/strong>, el horario de trabajo y las tareas que se espera que completes.<\/p>\n\n\n\n<p>Procura mantener un di\u00e1logo abierto con tu supervisor o tu jefe y plantea cualquier problema potencial con antelaci\u00f3n. La productividad de muchos empleados se puede ver afectada por otras responsabilidades o problemas de salud, as\u00ed que abordar la situaci\u00f3n de frente permite <strong>encontrar una buena soluci\u00f3n juntos<\/strong>.<\/p>\n\n\n\n<p>Tambi\u00e9n te ser\u00e1 \u00fatil <strong>consultar tus derechos y la legislaci\u00f3n vigente<\/strong>&nbsp;sobre a qu\u00e9 baja por enfermedad tienes derecho, regulaciones sobre el trabajo flexible debido al cuidado de los ni\u00f1os, cualquier gasto derivado del teletrabajo y posibles beneficios fiscales. Tampoco olvides asegurarte de que tu <strong>seguro de hogar tambi\u00e9n cubra que trabaje desde casa<\/strong>.\u00bfLa empresa puede suspender el teletrabajo y obligarme a regresar a la oficina?<\/p>\n\n\n\n<p>Siempre que garantice las medidas de seguridad en sus instalaciones, la empresa puede <strong>reinstaurar el trabajo presencial<\/strong>. Aun as\u00ed, todas las autoridades sanitarias recomiendan que se implemente el teletrabajo en todos los puestos donde se pueda efectuar.<\/p>\n\n\n\n<p>&nbsp;<\/p>\n<p><span data-sheets-value=\"{&quot;1&quot;:2,&quot;2&quot;:&quot;Mejora tu bienestar f\u00edsico y psicol\u00f3gico con la ayuda de Generali.&quot;}\" data-sheets-userformat=\"{&quot;2&quot;:6529,&quot;3&quot;:{&quot;1&quot;:0,&quot;3&quot;:1},&quot;10&quot;:2,&quot;11&quot;:4,&quot;14&quot;:{&quot;1&quot;:2,&quot;2&quot;:0},&quot;15&quot;:&quot;Arial&quot;}\">Mejora tu bienestar f\u00edsico y psicol\u00f3gico con la <a href=\"https:\/\/www.generali.es\/seguros-particulares\/salud-opcion-family\" target=\"_blank\" rel=\"noopener noreferrer\">ayuda de GENERALI<\/a>.<\/span><\/p>\n\n\n\n<p><span data-sheets-value=\"{&quot;1&quot;:2,&quot;2&quot;:&quot;Mejora tu bienestar f\u00edsico y psicol\u00f3gico con la ayuda de Generali.&quot;}\" data-sheets-userformat=\"{&quot;2&quot;:6529,&quot;3&quot;:{&quot;1&quot;:0,&quot;3&quot;:1},&quot;10&quot;:2,&quot;11&quot;:4,&quot;14&quot;:{&quot;1&quot;:2,&quot;2&quot;:0},&quot;15&quot;:&quot;Arial&quot;}\">\u00bfQuieres trabajar en las mejores condiciones posibles? Aqu\u00ed tienes algunos consejos:<\/span><\/p>\n\n\n\n<div>\n<article id=\"post-2040\"><a href=\"https:\/\/www.generali.es\/blog\/generalimasqueseguros\/tecnologia-para-trabajar-desde-casa\/\" target=\"_blank\" rel=\"noopener noreferrer\">Tecnolog\u00eda para trabajar desde casa<\/a><\/article>\n<article><a href=\"https:\/\/www.generali.es\/blog\/generalimasqueseguros\/las-ventajas-del-teletrabajo\/\" target=\"_blank\" rel=\"noopener noreferrer\">Las ventajas del teletrabajo<\/a><\/article>\n<article><a href=\"https:\/\/www.generali.es\/blog\/generalimasqueseguros\/como-teletrabajar-con-ninos-en-casa-sin-perder-la-productividad\/\" target=\"_blank\" rel=\"noopener noreferrer\">C\u00f3mo teletrabajar con ni\u00f1os en casa sin perder la productividad<\/a><\/article>\n<article><a href=\"https:\/\/www.generali.es\/blog\/generalimasqueseguros\/horario-flexible-es-posible\/\" target=\"_blank\" rel=\"noopener noreferrer\">Horario flexible: \u00bfes posible?<\/a><\/article>\n<article><a href=\"https:\/\/www.generali.es\/blog\/generalimasqueseguros\/llamadas-trabajo-consejos-videollamadas-call\/\" target=\"_blank\" rel=\"noopener noreferrer\">C\u00f3mo sacar el m\u00e1ximo partido a las llamadas de trabajo<\/a><\/article>\n<\/div>\n\n\n\n<figure class=\"wp-block-image\"><img decoding=\"async\" src=\"https:\/\/pixel.newscred.com\/px.gif?key=YXJ0aWNsZT02YzMxYjZlOTViZjQxMWViYmRjYmY5ZTRjODU2MDE2NA==\" alt=\"\"\/><\/figure>\n","protected":false},"excerpt":{"rendered":"<p>Poco a poco el teletrabajo se ha convertido en una realidad muy extendida en Espa\u00f1a debido a las restricciones provocadas por la pandemia. Adem\u00e1s, es probable que esta flexibilizaci\u00f3n laboral se acabe incorporando de manera parcial o total en el d\u00eda a d\u00eda de muchas empresas. Aunque los contratiempos m\u00e1s habituales del teletrabajo normalmente implican [&hellip;]<\/p>\n","protected":false},"author":6,"featured_media":4494,"comment_status":"closed","ping_status":"open","sticky":false,"template":"","format":"standard","meta":{"footnotes":""},"categories":[1],"tags":[3670,14,3859,3861,3860,1513,3862,2465,1265,32,28],"yst_prominent_words":[],"acf":[],"_links":{"self":[{"href":"https:\/\/www.generali.es\/blog\/generalimasqueseguros\/wp-json\/wp\/v2\/posts\/4489"}],"collection":[{"href":"https:\/\/www.generali.es\/blog\/generalimasqueseguros\/wp-json\/wp\/v2\/posts"}],"about":[{"href":"https:\/\/www.generali.es\/blog\/generalimasqueseguros\/wp-json\/wp\/v2\/types\/post"}],"author":[{"embeddable":true,"href":"https:\/\/www.generali.es\/blog\/generalimasqueseguros\/wp-json\/wp\/v2\/users\/6"}],"replies":[{"embeddable":true,"href":"https:\/\/www.generali.es\/blog\/generalimasqueseguros\/wp-json\/wp\/v2\/comments?post=4489"}],"version-history":[{"count":0,"href":"https:\/\/www.generali.es\/blog\/generalimasqueseguros\/wp-json\/wp\/v2\/posts\/4489\/revisions"}],"wp:featuredmedia":[{"embeddable":true,"href":"https:\/\/www.generali.es\/blog\/generalimasqueseguros\/wp-json\/wp\/v2\/media\/4494"}],"wp:attachment":[{"href":"https:\/\/www.generali.es\/blog\/generalimasqueseguros\/wp-json\/wp\/v2\/media?parent=4489"}],"wp:term":[{"taxonomy":"category","embeddable":true,"href":"https:\/\/www.generali.es\/blog\/generalimasqueseguros\/wp-json\/wp\/v2\/categories?post=4489"},{"taxonomy":"post_tag","embeddable":true,"href":"https:\/\/www.generali.es\/blog\/generalimasqueseguros\/wp-json\/wp\/v2\/tags?post=4489"},{"taxonomy":"yst_prominent_words","embeddable":true,"href":"https:\/\/www.generali.es\/blog\/generalimasqueseguros\/wp-json\/wp\/v2\/yst_prominent_words?post=4489"}],"curies":[{"name":"wp","href":"https:\/\/api.w.org\/{rel}","templated":true}]}}